{"id":12026,"date":"2024-06-03T14:25:40","date_gmt":"2024-06-03T14:25:40","guid":{"rendered":"https:\/\/noti-america.com\/site\/mexico\/?p=12026"},"modified":"2024-06-03T14:25:40","modified_gmt":"2024-06-03T14:25:40","slug":"sheinbaum-arrasa-sera-la-primera-presidenta-de-mexico","status":"publish","type":"post","link":"https:\/\/noti-america.com\/site\/mexico\/2024\/06\/03\/sheinbaum-arrasa-sera-la-primera-presidenta-de-mexico\/","title":{"rendered":"Sheinbaum arrasa; ser\u00e1 la primera presidenta de M\u00e9xico"},"content":{"rendered":"<p><strong>NOTI-AMERICA.COM | M\u00c9XICO\u00a0<\/strong><\/p>\n<p style=\"text-align: justify\">\u00abM\u00e9xico tendr\u00e1, eventualmente, a su primera mujer presidenta tras dos siglos de vida independiente, luego de una jornada electoral en la que se jugaron m\u00e1s de 20 mil cargos en los 32 estados del pa\u00eds.<\/p>\n<p style=\"text-align: justify\">A las 11:40 de la noche, Guadalupe Taddei Zavala, consejera presidenta del INE, dijo que Claudia Sheinbaum Pardo aventajaba con un m\u00e1ximo de 60.7 y un m\u00ednimo de 58.3 por ciento de los votos en la elecci\u00f3n presidencial, de acuerdo con los datos del conteo r\u00e1pido.<\/p>\n<p style=\"text-align: justify\">X\u00f3chitl G\u00e1lvez, abanderada de Fuerza y Coraz\u00f3n por M\u00e9xico, obtuvo entre 26.6 y 28 por ciento de los votos y Jorge \u00c1lvarez M\u00e1ynez, de Movimiento Ciudadano (MC), logr\u00f3 entre 9.9 y 10.8 por ciento de los sufragios en la elecci\u00f3n presidencial.<\/p>\n<p style=\"text-align: justify\">La participaci\u00f3n ciudadana, de acuerdo con Taddei, fue de entre 60 y 61.5 por ciento, casi cuatro puntos porcentuales menos que en la elecci\u00f3n presidencial de 2018.<\/p>\n<p style=\"text-align: justify\">Al conocer los resultados, Sheinbaum dio un mensaje donde festej\u00f3 el triunfo, agradeci\u00f3 a los mexicanos haber salido a votar y anunci\u00f3 que sus contrincantes ya la hab\u00edan felicitado.<\/p>\n<p style=\"text-align: justify\">\u00abQuiero agradecer a millones de mexicanos que decidieron votar por nosotros en esta hist\u00f3rica jornada para avanzar en la vida p\u00fablica\u00bb, dijo Claudia Sheinbaum.<\/p>\n<p style=\"text-align: justify\">\u00abNo llego sola, llegamos todas con nuestras hero\u00ednas que nos dieron patria y con nuestras ancestras\u00bb, agreg\u00f3.<\/p>\n<p style=\"text-align: justify\">Asimismo, la morenista asegur\u00f3 que de ser oficial que ella gane la presidencia de M\u00e9xico: \u00abVamos a ampliar el acceso a los derechos del pueblo de M\u00e9xico; a la educaci\u00f3n, la salud, la vivienda, la cultura, vamos a seguir construyendo un verdadero estado de bienestar\u00bb.<\/p>\n<p style=\"text-align: justify\">\u00abFelicito a todos los candidatos participantes, al candidato de Movimiento Ciudadano, a la candidata del PRI PAN PRD y desde luego, con todo mi afecto y respeto felicito a Clauda Sheinbaum quien result\u00f3 triunfadora en esta contienda con amplio margen. Va a ser la primera presidenta de M\u00e9xico en 200 a\u00f1os\u00bb, dijo.<\/p>\n<p><img decoding=\"async\" src=\"https:\/\/www.elsoldemexico.com.mx\/elecciones-2024\/9bb7h8-claudia-sheinbaum\/alternates\/FREE_720\/Claudia%20Sheinbaum\" \/><\/p>\n<h2>Una tarde calurosa para votar<\/h2>\n<p style=\"text-align: justify\">Millones de mexicanos desbordaron los centros de votaci\u00f3n en todo el territorio nacional desde la apertura de las casillas, a las ocho de la ma\u00f1ana de ayer, y diversas mesas de escrutinio extendieron el cierre de urnas hasta despu\u00e9s de las seis de la tarde porque ciudadanos todav\u00eda se encontraban formados para emitir su sufragio.<\/p>\n<p style=\"text-align: justify\">Las altas temperaturas que se registraron este domingo, en algunos estados de hasta m\u00e1s de 40 grados cent\u00edgrados, no fueron impedimento para la participaci\u00f3n de la ciudadan\u00eda.<\/p>\n<p><img decoding=\"async\" src=\"https:\/\/www.elsoldeorizaba.com.mx\/elecciones-2024\/cisl9w-casilla-de-voto-anticipado-abre-mesa-de-escrutinio-y-computo-preliminar-en-distrito-electoral-15\/alternates\/FREE_720\/Casilla%20de%20voto%20anticipado%20abre%20mesa%20de%20escrutinio%20y%20c%C3%B3mputo%20preliminar%20en%20Distrito%20Electoral%2015\" \/><\/p>\n<p style=\"text-align: justify\">Para la consejera del INE, Norma de la Cruz, la ciudadan\u00eda se apropi\u00f3 de las elecciones, ya que salieron a votar en gran n\u00famero. \u201cHa sido una jornada que ha tenido una participaci\u00f3n muy alta desde muy temprano. Desde hace a\u00f1os no ve\u00edamos cosas como gente formada en las casillas antes de que abrieran. Eso habla del inter\u00e9s que hay\u201d, dijo.<\/p>\n<p style=\"text-align: justify\">La consejera Carla Humphrey coincidi\u00f3 en ese punto, ya que 99 por ciento de las casillas se instalaron, adem\u00e1s de que hubo una gran participaci\u00f3n de los mexicanos.<\/p>\n<p style=\"text-align: justify\">Ocurri\u00f3 lo mismo en los consulados de M\u00e9xico en el extranjero, donde miles de connacionales abarrotaron las sedes diplom\u00e1ticas de nuestro pa\u00eds para ejercer su derecho al voto.<\/p>\n<p><img decoding=\"async\" src=\"https:\/\/www.elsoldemexico.com.mx\/elecciones-2024\/dn2q28-sheinbaum\/alternates\/FREE_720\/Sheinbaum\" \/><\/p>\n<h2>Gran cantidad de mexicanos en el extranjero salieron a votar<\/h2>\n<p style=\"text-align: justify\">El consejero Arturo Castillo,\u00a0presidente de la Comisi\u00f3n temporal del Voto de las y los mexicanos residentes en el extranjero,\u00a0inform\u00f3 que hasta la tarde del domingo se hab\u00edan recibido cerca de 180 mil 676 sufragios de connacionales que viven en diversas partes del mundo, cifra que ya supera en 37 mil sufragios a la registrada en 2018.<\/p>\n<p style=\"text-align: justify\">En conferencia de prensa desde el Tecnol\u00f3gico de Monterrey, campus Ciudad de M\u00e9xico,\u00a0el consejero detall\u00f3 que se registraron 39 mil 590 votos por la v\u00eda postal, 135 mil 331 votos electr\u00f3nicos por internet, lo que se traduce en una participaci\u00f3n de\u00a0casi 90 por ciento de connacionales.<\/p>\n<p style=\"text-align: justify\">El\u00a0voto presencial en sedes las consulares de Madrid, Espa\u00f1a, y Par\u00eds, Francia, alcanz\u00f3 cinco mil 755 sufragios, dando un total de\u00a0180 mil 676 votos recibidos de connacionales para renovar la Presidencia, el Congreso de la Uni\u00f3n y algunas gubernaturas.<\/p>\n","protected":false},"excerpt":{"rendered":"<p>NOTI-AMERICA.COM | M\u00c9XICO\u00a0 \u00abM\u00e9xico tendr\u00e1, eventualmente, a su primera mujer presidenta tras dos siglos de vida independiente, luego de una jornada electoral en la que se jugaron m\u00e1s de 20 mil cargos en los&#46;&#46;&#46;<\/p>\n","protected":false},"author":133,"featured_media":12027,"comment_status":"open","ping_status":"open","sticky":false,"template":"","format":"image","meta":{"_acf_changed":false,"om_disable_all_campaigns":false,"rop_custom_images_group":[],"rop_custom_messages_group":[],"rop_publish_now":"initial","rop_publish_now_accounts":{"twitter_242054905_242054905":""},"rop_publish_now_history":[],"rop_publish_now_status":"pending","_uf_show_specific_survey":0,"_uf_disable_surveys":false,"footnotes":""},"categories":[722],"tags":[],"class_list":["post-12026","post","type-post","status-publish","format-image","has-post-thumbnail","hentry","category-actualidad","post_format-post-format-image"],"acf":[],"aioseo_notices":[],"yoast_head":"<!-- This site is optimized with the Yoast SEO Premium plugin v24.9 (Yoast SEO v27.2) - https:\/\/yoast.com\/product\/yoast-seo-premium-wordpress\/ -->\n<title>Sheinbaum arrasa; ser\u00e1 la primera presidenta de M\u00e9xico - M\u00e9xico<\/title>\n<meta name=\"robots\" content=\"index, follow, max-snippet:-1, max-image-preview:large, max-video-preview:-1\" \/>\n<link rel=\"canonical\" href=\"https:\/\/noti-america.com\/site\/mexico\/2024\/06\/03\/sheinbaum-arrasa-sera-la-primera-presidenta-de-mexico\/\" \/>\n<meta property=\"og:locale\" content=\"es_ES\" \/>\n<meta property=\"og:type\" content=\"article\" \/>\n<meta property=\"og:title\" content=\"Sheinbaum arrasa; ser\u00e1 la primera presidenta de M\u00e9xico\" \/>\n<meta property=\"og:description\" content=\"NOTI-AMERICA.COM | M\u00c9XICO\u00a0 \u00abM\u00e9xico tendr\u00e1, eventualmente, a su primera mujer presidenta tras dos siglos de vida independiente, luego de una jornada electoral en la que se jugaron m\u00e1s de 20 mil cargos en los&#046;&#046;&#046;\" \/>\n<meta property=\"og:url\" content=\"https:\/\/noti-america.com\/site\/mexico\/2024\/06\/03\/sheinbaum-arrasa-sera-la-primera-presidenta-de-mexico\/\" \/>\n<meta property=\"og:site_name\" content=\"M\u00e9xico\" \/>\n<meta property=\"article:author\" content=\"Mar\u00eda Valentina Noguera\" \/>\n<meta property=\"article:published_time\" content=\"2024-06-03T14:25:40+00:00\" \/>\n<meta property=\"og:image\" content=\"https:\/\/noti-america.com\/site\/mexico\/wp-content\/uploads\/sites\/13\/2024\/06\/Claudia-Sheinbaum.jpg\" \/>\n\t<meta property=\"og:image:width\" content=\"768\" \/>\n\t<meta property=\"og:image:height\" content=\"479\" \/>\n\t<meta property=\"og:image:type\" content=\"image\/jpeg\" \/>\n<meta name=\"author\" content=\"Maria Valentina Noguera Medina\" \/>\n<meta name=\"twitter:card\" content=\"summary_large_image\" \/>\n<meta name=\"twitter:label1\" content=\"Escrito por\" \/>\n\t<meta name=\"twitter:data1\" content=\"Maria Valentina Noguera Medina\" \/>\n\t<meta name=\"twitter:label2\" content=\"Tiempo estimado de lectura\" \/>\n\t<meta name=\"twitter:data2\" content=\"4 minutos\" \/>\n<script type=\"application\/ld+json\" class=\"yoast-schema-graph\">{\"@context\":\"https:\/\/schema.org\",\"@graph\":[{\"@type\":\"Article\",\"@id\":\"https:\/\/noti-america.com\/site\/mexico\/2024\/06\/03\/sheinbaum-arrasa-sera-la-primera-presidenta-de-mexico\/#article\",\"isPartOf\":{\"@id\":\"https:\/\/noti-america.com\/site\/mexico\/2024\/06\/03\/sheinbaum-arrasa-sera-la-primera-presidenta-de-mexico\/\"},\"author\":{\"name\":\"Maria Valentina Noguera Medina\",\"@id\":\"https:\/\/noti-america.com\/site\/mexico\/#\/schema\/person\/22806efcc2cfc4b45efb0e17be210ea8\"},\"headline\":\"Sheinbaum arrasa; ser\u00e1 la primera presidenta de M\u00e9xico\",\"datePublished\":\"2024-06-03T14:25:40+00:00\",\"mainEntityOfPage\":{\"@id\":\"https:\/\/noti-america.com\/site\/mexico\/2024\/06\/03\/sheinbaum-arrasa-sera-la-primera-presidenta-de-mexico\/\"},\"wordCount\":716,\"commentCount\":0,\"publisher\":{\"@id\":\"https:\/\/noti-america.com\/site\/mexico\/#organization\"},\"image\":{\"@id\":\"https:\/\/noti-america.com\/site\/mexico\/2024\/06\/03\/sheinbaum-arrasa-sera-la-primera-presidenta-de-mexico\/#primaryimage\"},\"thumbnailUrl\":\"https:\/\/noti-america.com\/site\/mexico\/wp-content\/uploads\/sites\/13\/2024\/06\/Claudia-Sheinbaum.jpg\",\"articleSection\":[\"Actualidad\"],\"inLanguage\":\"es\",\"potentialAction\":[{\"@type\":\"CommentAction\",\"name\":\"Comment\",\"target\":[\"https:\/\/noti-america.com\/site\/mexico\/2024\/06\/03\/sheinbaum-arrasa-sera-la-primera-presidenta-de-mexico\/#respond\"]}]},{\"@type\":\"WebPage\",\"@id\":\"https:\/\/noti-america.com\/site\/mexico\/2024\/06\/03\/sheinbaum-arrasa-sera-la-primera-presidenta-de-mexico\/\",\"url\":\"https:\/\/noti-america.com\/site\/mexico\/2024\/06\/03\/sheinbaum-arrasa-sera-la-primera-presidenta-de-mexico\/\",\"name\":\"Sheinbaum arrasa; ser\u00e1 la primera presidenta de M\u00e9xico - M\u00e9xico\",\"isPartOf\":{\"@id\":\"https:\/\/noti-america.com\/site\/mexico\/#website\"},\"primaryImageOfPage\":{\"@id\":\"https:\/\/noti-america.com\/site\/mexico\/2024\/06\/03\/sheinbaum-arrasa-sera-la-primera-presidenta-de-mexico\/#primaryimage\"},\"image\":{\"@id\":\"https:\/\/noti-america.com\/site\/mexico\/2024\/06\/03\/sheinbaum-arrasa-sera-la-primera-presidenta-de-mexico\/#primaryimage\"},\"thumbnailUrl\":\"https:\/\/noti-america.com\/site\/mexico\/wp-content\/uploads\/sites\/13\/2024\/06\/Claudia-Sheinbaum.jpg\",\"datePublished\":\"2024-06-03T14:25:40+00:00\",\"breadcrumb\":{\"@id\":\"https:\/\/noti-america.com\/site\/mexico\/2024\/06\/03\/sheinbaum-arrasa-sera-la-primera-presidenta-de-mexico\/#breadcrumb\"},\"inLanguage\":\"es\",\"potentialAction\":[{\"@type\":\"ReadAction\",\"target\":[\"https:\/\/noti-america.com\/site\/mexico\/2024\/06\/03\/sheinbaum-arrasa-sera-la-primera-presidenta-de-mexico\/\"]}]},{\"@type\":\"ImageObject\",\"inLanguage\":\"es\",\"@id\":\"https:\/\/noti-america.com\/site\/mexico\/2024\/06\/03\/sheinbaum-arrasa-sera-la-primera-presidenta-de-mexico\/#primaryimage\",\"url\":\"https:\/\/noti-america.com\/site\/mexico\/wp-content\/uploads\/sites\/13\/2024\/06\/Claudia-Sheinbaum.jpg\",\"contentUrl\":\"https:\/\/noti-america.com\/site\/mexico\/wp-content\/uploads\/sites\/13\/2024\/06\/Claudia-Sheinbaum.jpg\",\"width\":768,\"height\":479},{\"@type\":\"BreadcrumbList\",\"@id\":\"https:\/\/noti-america.com\/site\/mexico\/2024\/06\/03\/sheinbaum-arrasa-sera-la-primera-presidenta-de-mexico\/#breadcrumb\",\"itemListElement\":[{\"@type\":\"ListItem\",\"position\":1,\"name\":\"Portada\",\"item\":\"https:\/\/noti-america.com\/site\/mexico\/\"},{\"@type\":\"ListItem\",\"position\":2,\"name\":\"Sheinbaum arrasa; ser\u00e1 la primera presidenta de M\u00e9xico\"}]},{\"@type\":\"WebSite\",\"@id\":\"https:\/\/noti-america.com\/site\/mexico\/#website\",\"url\":\"https:\/\/noti-america.com\/site\/mexico\/\",\"name\":\"M\u00e9xico | Noti-America.com\",\"description\":\"\",\"publisher\":{\"@id\":\"https:\/\/noti-america.com\/site\/mexico\/#organization\"},\"potentialAction\":[{\"@type\":\"SearchAction\",\"target\":{\"@type\":\"EntryPoint\",\"urlTemplate\":\"https:\/\/noti-america.com\/site\/mexico\/?s={search_term_string}\"},\"query-input\":{\"@type\":\"PropertyValueSpecification\",\"valueRequired\":true,\"valueName\":\"search_term_string\"}}],\"inLanguage\":\"es\"},{\"@type\":\"Organization\",\"@id\":\"https:\/\/noti-america.com\/site\/mexico\/#organization\",\"name\":\"Noti-America LLC | M\u00e9xico\",\"url\":\"https:\/\/noti-america.com\/site\/mexico\/\",\"logo\":{\"@type\":\"ImageObject\",\"inLanguage\":\"es\",\"@id\":\"https:\/\/noti-america.com\/site\/mexico\/#\/schema\/logo\/image\/\",\"url\":\"https:\/\/noti-america.com\/site\/mexico\/wp-content\/uploads\/sites\/13\/2020\/07\/LogoNA-4x3-1.jpg\",\"contentUrl\":\"https:\/\/noti-america.com\/site\/mexico\/wp-content\/uploads\/sites\/13\/2020\/07\/LogoNA-4x3-1.jpg\",\"width\":1236,\"height\":1080,\"caption\":\"Noti-America LLC | M\u00e9xico\"},\"image\":{\"@id\":\"https:\/\/noti-america.com\/site\/mexico\/#\/schema\/logo\/image\/\"}},{\"@type\":\"Person\",\"@id\":\"https:\/\/noti-america.com\/site\/mexico\/#\/schema\/person\/22806efcc2cfc4b45efb0e17be210ea8\",\"name\":\"Maria Valentina Noguera Medina\",\"image\":{\"@type\":\"ImageObject\",\"inLanguage\":\"es\",\"@id\":\"https:\/\/secure.gravatar.com\/avatar\/4ec5eb9d099f2608a49c9df6f7341f66f04f819cdffa09d56a7a0e91d2819d56?s=96&d=mm&r=g\",\"url\":\"https:\/\/secure.gravatar.com\/avatar\/4ec5eb9d099f2608a49c9df6f7341f66f04f819cdffa09d56a7a0e91d2819d56?s=96&d=mm&r=g\",\"contentUrl\":\"https:\/\/secure.gravatar.com\/avatar\/4ec5eb9d099f2608a49c9df6f7341f66f04f819cdffa09d56a7a0e91d2819d56?s=96&d=mm&r=g\",\"caption\":\"Maria Valentina Noguera Medina\"},\"description\":\"Periodista - noti-america - Promar Community Manager - Talento Plus Dise\u00f1adora\/ creadora de contenido...\",\"sameAs\":[\"Mar\u00eda Valentina Noguera\",\"https:\/\/www.facebook.com\/mariavalentina.noguera\",\"https:\/\/www.linkedin.com\/in\/mara-valentina-noguera-medina-373075165\/\",\"https:\/\/www.pinterest.es\/valentinanoguera95\/\",\"https:\/\/www.youtube.com\/channel\/UCdek6mbUZ-Tqqw0I63i4nmQ\"],\"url\":\"https:\/\/noti-america.com\/site\/mexico\/author\/mnoguera\/\"}]}<\/script>\n<!-- \/ Yoast SEO Premium plugin. -->","yoast_head_json":{"title":"Sheinbaum arrasa; ser\u00e1 la primera presidenta de M\u00e9xico - M\u00e9xico","robots":{"index":"index","follow":"follow","max-snippet":"max-snippet:-1","max-image-preview":"max-image-preview:large","max-video-preview":"max-video-preview:-1"},"canonical":"https:\/\/noti-america.com\/site\/mexico\/2024\/06\/03\/sheinbaum-arrasa-sera-la-primera-presidenta-de-mexico\/","og_locale":"es_ES","og_type":"article","og_title":"Sheinbaum arrasa; ser\u00e1 la primera presidenta de M\u00e9xico","og_description":"NOTI-AMERICA.COM | M\u00c9XICO\u00a0 \u00abM\u00e9xico tendr\u00e1, eventualmente, a su primera mujer presidenta tras dos siglos de vida independiente, luego de una jornada electoral en la que se jugaron m\u00e1s de 20 mil cargos en los&#46;&#46;&#46;","og_url":"https:\/\/noti-america.com\/site\/mexico\/2024\/06\/03\/sheinbaum-arrasa-sera-la-primera-presidenta-de-mexico\/","og_site_name":"M\u00e9xico","article_author":"Mar\u00eda Valentina Noguera","article_published_time":"2024-06-03T14:25:40+00:00","og_image":[{"width":768,"height":479,"url":"https:\/\/noti-america.com\/site\/mexico\/wp-content\/uploads\/sites\/13\/2024\/06\/Claudia-Sheinbaum.jpg","type":"image\/jpeg"}],"author":"Maria Valentina Noguera Medina","twitter_card":"summary_large_image","twitter_misc":{"Escrito por":"Maria Valentina Noguera Medina","Tiempo estimado de lectura":"4 minutos"},"schema":{"@context":"https:\/\/schema.org","@graph":[{"@type":"Article","@id":"https:\/\/noti-america.com\/site\/mexico\/2024\/06\/03\/sheinbaum-arrasa-sera-la-primera-presidenta-de-mexico\/#article","isPartOf":{"@id":"https:\/\/noti-america.com\/site\/mexico\/2024\/06\/03\/sheinbaum-arrasa-sera-la-primera-presidenta-de-mexico\/"},"author":{"name":"Maria Valentina Noguera Medina","@id":"https:\/\/noti-america.com\/site\/mexico\/#\/schema\/person\/22806efcc2cfc4b45efb0e17be210ea8"},"headline":"Sheinbaum arrasa; ser\u00e1 la primera presidenta de M\u00e9xico","datePublished":"2024-06-03T14:25:40+00:00","mainEntityOfPage":{"@id":"https:\/\/noti-america.com\/site\/mexico\/2024\/06\/03\/sheinbaum-arrasa-sera-la-primera-presidenta-de-mexico\/"},"wordCount":716,"commentCount":0,"publisher":{"@id":"https:\/\/noti-america.com\/site\/mexico\/#organization"},"image":{"@id":"https:\/\/noti-america.com\/site\/mexico\/2024\/06\/03\/sheinbaum-arrasa-sera-la-primera-presidenta-de-mexico\/#primaryimage"},"thumbnailUrl":"https:\/\/noti-america.com\/site\/mexico\/wp-content\/uploads\/sites\/13\/2024\/06\/Claudia-Sheinbaum.jpg","articleSection":["Actualidad"],"inLanguage":"es","potentialAction":[{"@type":"CommentAction","name":"Comment","target":["https:\/\/noti-america.com\/site\/mexico\/2024\/06\/03\/sheinbaum-arrasa-sera-la-primera-presidenta-de-mexico\/#respond"]}]},{"@type":"WebPage","@id":"https:\/\/noti-america.com\/site\/mexico\/2024\/06\/03\/sheinbaum-arrasa-sera-la-primera-presidenta-de-mexico\/","url":"https:\/\/noti-america.com\/site\/mexico\/2024\/06\/03\/sheinbaum-arrasa-sera-la-primera-presidenta-de-mexico\/","name":"Sheinbaum arrasa; ser\u00e1 la primera presidenta de M\u00e9xico - M\u00e9xico","isPartOf":{"@id":"https:\/\/noti-america.com\/site\/mexico\/#website"},"primaryImageOfPage":{"@id":"https:\/\/noti-america.com\/site\/mexico\/2024\/06\/03\/sheinbaum-arrasa-sera-la-primera-presidenta-de-mexico\/#primaryimage"},"image":{"@id":"https:\/\/noti-america.com\/site\/mexico\/2024\/06\/03\/sheinbaum-arrasa-sera-la-primera-presidenta-de-mexico\/#primaryimage"},"thumbnailUrl":"https:\/\/noti-america.com\/site\/mexico\/wp-content\/uploads\/sites\/13\/2024\/06\/Claudia-Sheinbaum.jpg","datePublished":"2024-06-03T14:25:40+00:00","breadcrumb":{"@id":"https:\/\/noti-america.com\/site\/mexico\/2024\/06\/03\/sheinbaum-arrasa-sera-la-primera-presidenta-de-mexico\/#breadcrumb"},"inLanguage":"es","potentialAction":[{"@type":"ReadAction","target":["https:\/\/noti-america.com\/site\/mexico\/2024\/06\/03\/sheinbaum-arrasa-sera-la-primera-presidenta-de-mexico\/"]}]},{"@type":"ImageObject","inLanguage":"es","@id":"https:\/\/noti-america.com\/site\/mexico\/2024\/06\/03\/sheinbaum-arrasa-sera-la-primera-presidenta-de-mexico\/#primaryimage","url":"https:\/\/noti-america.com\/site\/mexico\/wp-content\/uploads\/sites\/13\/2024\/06\/Claudia-Sheinbaum.jpg","contentUrl":"https:\/\/noti-america.com\/site\/mexico\/wp-content\/uploads\/sites\/13\/2024\/06\/Claudia-Sheinbaum.jpg","width":768,"height":479},{"@type":"BreadcrumbList","@id":"https:\/\/noti-america.com\/site\/mexico\/2024\/06\/03\/sheinbaum-arrasa-sera-la-primera-presidenta-de-mexico\/#breadcrumb","itemListElement":[{"@type":"ListItem","position":1,"name":"Portada","item":"https:\/\/noti-america.com\/site\/mexico\/"},{"@type":"ListItem","position":2,"name":"Sheinbaum arrasa; ser\u00e1 la primera presidenta de M\u00e9xico"}]},{"@type":"WebSite","@id":"https:\/\/noti-america.com\/site\/mexico\/#website","url":"https:\/\/noti-america.com\/site\/mexico\/","name":"M\u00e9xico | Noti-America.com","description":"","publisher":{"@id":"https:\/\/noti-america.com\/site\/mexico\/#organization"},"potentialAction":[{"@type":"SearchAction","target":{"@type":"EntryPoint","urlTemplate":"https:\/\/noti-america.com\/site\/mexico\/?s={search_term_string}"},"query-input":{"@type":"PropertyValueSpecification","valueRequired":true,"valueName":"search_term_string"}}],"inLanguage":"es"},{"@type":"Organization","@id":"https:\/\/noti-america.com\/site\/mexico\/#organization","name":"Noti-America LLC | M\u00e9xico","url":"https:\/\/noti-america.com\/site\/mexico\/","logo":{"@type":"ImageObject","inLanguage":"es","@id":"https:\/\/noti-america.com\/site\/mexico\/#\/schema\/logo\/image\/","url":"https:\/\/noti-america.com\/site\/mexico\/wp-content\/uploads\/sites\/13\/2020\/07\/LogoNA-4x3-1.jpg","contentUrl":"https:\/\/noti-america.com\/site\/mexico\/wp-content\/uploads\/sites\/13\/2020\/07\/LogoNA-4x3-1.jpg","width":1236,"height":1080,"caption":"Noti-America LLC | M\u00e9xico"},"image":{"@id":"https:\/\/noti-america.com\/site\/mexico\/#\/schema\/logo\/image\/"}},{"@type":"Person","@id":"https:\/\/noti-america.com\/site\/mexico\/#\/schema\/person\/22806efcc2cfc4b45efb0e17be210ea8","name":"Maria Valentina Noguera Medina","image":{"@type":"ImageObject","inLanguage":"es","@id":"https:\/\/secure.gravatar.com\/avatar\/4ec5eb9d099f2608a49c9df6f7341f66f04f819cdffa09d56a7a0e91d2819d56?s=96&d=mm&r=g","url":"https:\/\/secure.gravatar.com\/avatar\/4ec5eb9d099f2608a49c9df6f7341f66f04f819cdffa09d56a7a0e91d2819d56?s=96&d=mm&r=g","contentUrl":"https:\/\/secure.gravatar.com\/avatar\/4ec5eb9d099f2608a49c9df6f7341f66f04f819cdffa09d56a7a0e91d2819d56?s=96&d=mm&r=g","caption":"Maria Valentina Noguera Medina"},"description":"Periodista - noti-america - Promar Community Manager - Talento Plus Dise\u00f1adora\/ creadora de contenido...","sameAs":["Mar\u00eda Valentina Noguera","https:\/\/www.facebook.com\/mariavalentina.noguera","https:\/\/www.linkedin.com\/in\/mara-valentina-noguera-medina-373075165\/","https:\/\/www.pinterest.es\/valentinanoguera95\/","https:\/\/www.youtube.com\/channel\/UCdek6mbUZ-Tqqw0I63i4nmQ"],"url":"https:\/\/noti-america.com\/site\/mexico\/author\/mnoguera\/"}]}},"_links":{"self":[{"href":"https:\/\/noti-america.com\/site\/mexico\/wp-json\/wp\/v2\/posts\/12026","targetHints":{"allow":["GET"]}}],"collection":[{"href":"https:\/\/noti-america.com\/site\/mexico\/wp-json\/wp\/v2\/posts"}],"about":[{"href":"https:\/\/noti-america.com\/site\/mexico\/wp-json\/wp\/v2\/types\/post"}],"author":[{"embeddable":true,"href":"https:\/\/noti-america.com\/site\/mexico\/wp-json\/wp\/v2\/users\/133"}],"replies":[{"embeddable":true,"href":"https:\/\/noti-america.com\/site\/mexico\/wp-json\/wp\/v2\/comments?post=12026"}],"version-history":[{"count":1,"href":"https:\/\/noti-america.com\/site\/mexico\/wp-json\/wp\/v2\/posts\/12026\/revisions"}],"predecessor-version":[{"id":12028,"href":"https:\/\/noti-america.com\/site\/mexico\/wp-json\/wp\/v2\/posts\/12026\/revisions\/12028"}],"wp:featuredmedia":[{"embeddable":true,"href":"https:\/\/noti-america.com\/site\/mexico\/wp-json\/wp\/v2\/media\/12027"}],"wp:attachment":[{"href":"https:\/\/noti-america.com\/site\/mexico\/wp-json\/wp\/v2\/media?parent=12026"}],"wp:term":[{"taxonomy":"category","embeddable":true,"href":"https:\/\/noti-america.com\/site\/mexico\/wp-json\/wp\/v2\/categories?post=12026"},{"taxonomy":"post_tag","embeddable":true,"href":"https:\/\/noti-america.com\/site\/mexico\/wp-json\/wp\/v2\/tags?post=12026"}],"curies":[{"name":"wp","href":"https:\/\/api.w.org\/{rel}","templated":true}]}}