{"id":11975,"date":"2024-05-28T16:08:56","date_gmt":"2024-05-28T16:08:56","guid":{"rendered":"https:\/\/noti-america.com\/site\/mexico\/?p=11975"},"modified":"2024-05-28T16:08:56","modified_gmt":"2024-05-28T16:08:56","slug":"elecciones-2024-mexico-en-la-encrucijada-democratica","status":"publish","type":"post","link":"https:\/\/noti-america.com\/site\/mexico\/2024\/05\/28\/elecciones-2024-mexico-en-la-encrucijada-democratica\/","title":{"rendered":"\u00abElecciones 2024: M\u00e9xico en la Encrucijada Democr\u00e1tica\u00bb"},"content":{"rendered":"<p><span style=\"color: #008000\"><strong>NOTI-AMERICA.COM | M\u00c9XICO<\/strong><\/span><\/p>\n<p style=\"text-align: justify\">A medida que M\u00e9xico se acerca a las elecciones m\u00e1s grandes de su historia, el pa\u00eds se encuentra en un momento crucial de su trayectoria democr\u00e1tica. Con m\u00e1s de 97 millones de mexicanos listos para votar, la naci\u00f3n se prepara para un evento que podr\u00eda redefinir su futuro pol\u00edtico y social.<\/p>\n<p style=\"text-align: justify\">Los expertos sugieren que el voto nulo, una forma de protesta en el sistema electoral, no tendr\u00eda consecuencias significativas en los resultados, pero podr\u00eda beneficiar indirectamente a los partidos dominantes.<\/p>\n<p style=\"text-align: justify\">Mientras tanto, figuras prominentes como Claudia Sheinbaum han expresado su apoyo al actual presidente, Andr\u00e9s Manuel L\u00f3pez Obrador, reconoci\u00e9ndolo como uno de los mejores l\u00edderes en la historia moderna de M\u00e9xico. Este respaldo llega en un momento en que el pa\u00eds se sumerge en debates intensos sobre su identidad nacional y su lugar en el escenario mundial.<\/p>\n<p style=\"text-align: justify\">La campa\u00f1a electoral ha estado marcada por eventos dram\u00e1ticos, incluyendo un tr\u00e1gico accidente en Nuevo Le\u00f3n donde un fen\u00f3meno meteorol\u00f3gico conocido como \u00abmicrorr\u00e1faga de viento\u00bb caus\u00f3 el colapso de un escenario durante un mitin, resultando en la p\u00e9rdida de vidas y numerosos heridos. Este suceso ha puesto de relieve la importancia de la seguridad en eventos masivos y ha generado un di\u00e1logo nacional sobre la responsabilidad y la preparaci\u00f3n ante desastres naturales.<\/p>\n<p style=\"text-align: justify\">En el \u00e1mbito internacional, M\u00e9xico ha enfrentado desaf\u00edos significativos, como la presi\u00f3n de Estados Unidos respecto al uso compartido de las aguas del R\u00edo Bravo. Adem\u00e1s, el pa\u00eds ha sido testigo de un aumento en la violencia armada que afecta a la poblaci\u00f3n, incluyendo a los ni\u00f1os, lo que ha llevado a llamados urgentes para abordar estas preocupaciones de seguridad.<\/p>\n<p style=\"text-align: justify\">Sin embargo, no todo son sombras en el panorama mexicano. El pa\u00eds ha registrado avances notables en la lucha contra la pobreza, con m\u00e1s de cinco millones de mexicanos saliendo de esta condici\u00f3n en los \u00faltimos a\u00f1os, aunque persisten desaf\u00edos en la calidad de los servicios de salud y educaci\u00f3n. Adem\u00e1s, la elecci\u00f3n de una presidenta podr\u00eda romper el hist\u00f3rico \u00abtecho de cristal\u00bb, marcando un hito en la representaci\u00f3n de g\u00e9nero en la pol\u00edtica mexicana.<\/p>\n<p style=\"text-align: justify\">Con la mirada puesta en el futuro, M\u00e9xico contin\u00faa su camino hacia un proceso electoral que no solo decidir\u00e1 sus l\u00edderes sino que tambi\u00e9n servir\u00e1 como un refer\u00e9ndum sobre el proyecto de naci\u00f3n que los ciudadanos desean construir. Es un momento de reflexi\u00f3n, de decisi\u00f3n y de esperanza para una naci\u00f3n que se encuentra en la encrucijada de su propia historia democr\u00e1tica.<\/p>\n","protected":false},"excerpt":{"rendered":"<p>NOTI-AMERICA.COM | M\u00c9XICO A medida que M\u00e9xico se acerca a las elecciones m\u00e1s grandes de su historia, el pa\u00eds se encuentra en un momento crucial de su trayectoria democr\u00e1tica. Con m\u00e1s de 97 millones&#46;&#46;&#46;<\/p>\n","protected":false},"author":133,"featured_media":11976,"comment_status":"open","ping_status":"open","sticky":false,"template":"","format":"image","meta":{"_acf_changed":false,"om_disable_all_campaigns":false,"rop_custom_images_group":[],"rop_custom_messages_group":[],"rop_publish_now":"initial","rop_publish_now_accounts":{"twitter_242054905_242054905":""},"rop_publish_now_history":[],"rop_publish_now_status":"pending","_uf_show_specific_survey":0,"_uf_disable_surveys":false,"footnotes":""},"categories":[722],"tags":[],"class_list":["post-11975","post","type-post","status-publish","format-image","has-post-thumbnail","hentry","category-actualidad","post_format-post-format-image"],"acf":[],"aioseo_notices":[],"yoast_head":"<!-- This site is optimized with the Yoast SEO Premium plugin v24.9 (Yoast SEO v27.2) - https:\/\/yoast.com\/product\/yoast-seo-premium-wordpress\/ -->\n<title>&quot;Elecciones 2024: M\u00e9xico en la Encrucijada Democr\u00e1tica&quot; - M\u00e9xico<\/title>\n<meta name=\"robots\" content=\"index, follow, max-snippet:-1, max-image-preview:large, max-video-preview:-1\" \/>\n<link rel=\"canonical\" href=\"https:\/\/noti-america.com\/site\/mexico\/2024\/05\/28\/elecciones-2024-mexico-en-la-encrucijada-democratica\/\" \/>\n<meta property=\"og:locale\" content=\"es_ES\" \/>\n<meta property=\"og:type\" content=\"article\" \/>\n<meta property=\"og:title\" content=\"&quot;Elecciones 2024: M\u00e9xico en la Encrucijada Democr\u00e1tica&quot;\" \/>\n<meta property=\"og:description\" content=\"NOTI-AMERICA.COM | M\u00c9XICO A medida que M\u00e9xico se acerca a las elecciones m\u00e1s grandes de su historia, el pa\u00eds se encuentra en un momento crucial de su trayectoria democr\u00e1tica. Con m\u00e1s de 97 millones&#046;&#046;&#046;\" \/>\n<meta property=\"og:url\" content=\"https:\/\/noti-america.com\/site\/mexico\/2024\/05\/28\/elecciones-2024-mexico-en-la-encrucijada-democratica\/\" \/>\n<meta property=\"og:site_name\" content=\"M\u00e9xico\" \/>\n<meta property=\"article:author\" content=\"Mar\u00eda Valentina Noguera\" \/>\n<meta property=\"article:published_time\" content=\"2024-05-28T16:08:56+00:00\" \/>\n<meta property=\"og:image\" content=\"https:\/\/noti-america.com\/site\/mexico\/wp-content\/uploads\/sites\/13\/2024\/05\/candidatos.jpg\" \/>\n\t<meta property=\"og:image:width\" content=\"1200\" \/>\n\t<meta property=\"og:image:height\" content=\"600\" \/>\n\t<meta property=\"og:image:type\" content=\"image\/jpeg\" \/>\n<meta name=\"author\" content=\"Maria Valentina Noguera Medina\" \/>\n<meta name=\"twitter:card\" content=\"summary_large_image\" \/>\n<meta name=\"twitter:label1\" content=\"Escrito por\" \/>\n\t<meta name=\"twitter:data1\" content=\"Maria Valentina Noguera Medina\" \/>\n\t<meta name=\"twitter:label2\" content=\"Tiempo estimado de lectura\" \/>\n\t<meta name=\"twitter:data2\" content=\"3 minutos\" \/>\n<script type=\"application\/ld+json\" class=\"yoast-schema-graph\">{\"@context\":\"https:\/\/schema.org\",\"@graph\":[{\"@type\":\"Article\",\"@id\":\"https:\/\/noti-america.com\/site\/mexico\/2024\/05\/28\/elecciones-2024-mexico-en-la-encrucijada-democratica\/#article\",\"isPartOf\":{\"@id\":\"https:\/\/noti-america.com\/site\/mexico\/2024\/05\/28\/elecciones-2024-mexico-en-la-encrucijada-democratica\/\"},\"author\":{\"name\":\"Maria Valentina Noguera Medina\",\"@id\":\"https:\/\/noti-america.com\/site\/mexico\/#\/schema\/person\/22806efcc2cfc4b45efb0e17be210ea8\"},\"headline\":\"\u00abElecciones 2024: M\u00e9xico en la Encrucijada Democr\u00e1tica\u00bb\",\"datePublished\":\"2024-05-28T16:08:56+00:00\",\"mainEntityOfPage\":{\"@id\":\"https:\/\/noti-america.com\/site\/mexico\/2024\/05\/28\/elecciones-2024-mexico-en-la-encrucijada-democratica\/\"},\"wordCount\":475,\"commentCount\":0,\"publisher\":{\"@id\":\"https:\/\/noti-america.com\/site\/mexico\/#organization\"},\"image\":{\"@id\":\"https:\/\/noti-america.com\/site\/mexico\/2024\/05\/28\/elecciones-2024-mexico-en-la-encrucijada-democratica\/#primaryimage\"},\"thumbnailUrl\":\"https:\/\/noti-america.com\/site\/mexico\/wp-content\/uploads\/sites\/13\/2024\/05\/candidatos.jpg\",\"articleSection\":[\"Actualidad\"],\"inLanguage\":\"es\",\"potentialAction\":[{\"@type\":\"CommentAction\",\"name\":\"Comment\",\"target\":[\"https:\/\/noti-america.com\/site\/mexico\/2024\/05\/28\/elecciones-2024-mexico-en-la-encrucijada-democratica\/#respond\"]}]},{\"@type\":\"WebPage\",\"@id\":\"https:\/\/noti-america.com\/site\/mexico\/2024\/05\/28\/elecciones-2024-mexico-en-la-encrucijada-democratica\/\",\"url\":\"https:\/\/noti-america.com\/site\/mexico\/2024\/05\/28\/elecciones-2024-mexico-en-la-encrucijada-democratica\/\",\"name\":\"\\\"Elecciones 2024: M\u00e9xico en la Encrucijada Democr\u00e1tica\\\" - M\u00e9xico\",\"isPartOf\":{\"@id\":\"https:\/\/noti-america.com\/site\/mexico\/#website\"},\"primaryImageOfPage\":{\"@id\":\"https:\/\/noti-america.com\/site\/mexico\/2024\/05\/28\/elecciones-2024-mexico-en-la-encrucijada-democratica\/#primaryimage\"},\"image\":{\"@id\":\"https:\/\/noti-america.com\/site\/mexico\/2024\/05\/28\/elecciones-2024-mexico-en-la-encrucijada-democratica\/#primaryimage\"},\"thumbnailUrl\":\"https:\/\/noti-america.com\/site\/mexico\/wp-content\/uploads\/sites\/13\/2024\/05\/candidatos.jpg\",\"datePublished\":\"2024-05-28T16:08:56+00:00\",\"breadcrumb\":{\"@id\":\"https:\/\/noti-america.com\/site\/mexico\/2024\/05\/28\/elecciones-2024-mexico-en-la-encrucijada-democratica\/#breadcrumb\"},\"inLanguage\":\"es\",\"potentialAction\":[{\"@type\":\"ReadAction\",\"target\":[\"https:\/\/noti-america.com\/site\/mexico\/2024\/05\/28\/elecciones-2024-mexico-en-la-encrucijada-democratica\/\"]}]},{\"@type\":\"ImageObject\",\"inLanguage\":\"es\",\"@id\":\"https:\/\/noti-america.com\/site\/mexico\/2024\/05\/28\/elecciones-2024-mexico-en-la-encrucijada-democratica\/#primaryimage\",\"url\":\"https:\/\/noti-america.com\/site\/mexico\/wp-content\/uploads\/sites\/13\/2024\/05\/candidatos.jpg\",\"contentUrl\":\"https:\/\/noti-america.com\/site\/mexico\/wp-content\/uploads\/sites\/13\/2024\/05\/candidatos.jpg\",\"width\":1200,\"height\":600},{\"@type\":\"BreadcrumbList\",\"@id\":\"https:\/\/noti-america.com\/site\/mexico\/2024\/05\/28\/elecciones-2024-mexico-en-la-encrucijada-democratica\/#breadcrumb\",\"itemListElement\":[{\"@type\":\"ListItem\",\"position\":1,\"name\":\"Portada\",\"item\":\"https:\/\/noti-america.com\/site\/mexico\/\"},{\"@type\":\"ListItem\",\"position\":2,\"name\":\"&#8220;Elecciones 2024: M\u00e9xico en la Encrucijada Democr\u00e1tica&#8221;\"}]},{\"@type\":\"WebSite\",\"@id\":\"https:\/\/noti-america.com\/site\/mexico\/#website\",\"url\":\"https:\/\/noti-america.com\/site\/mexico\/\",\"name\":\"M\u00e9xico | Noti-America.com\",\"description\":\"\",\"publisher\":{\"@id\":\"https:\/\/noti-america.com\/site\/mexico\/#organization\"},\"potentialAction\":[{\"@type\":\"SearchAction\",\"target\":{\"@type\":\"EntryPoint\",\"urlTemplate\":\"https:\/\/noti-america.com\/site\/mexico\/?s={search_term_string}\"},\"query-input\":{\"@type\":\"PropertyValueSpecification\",\"valueRequired\":true,\"valueName\":\"search_term_string\"}}],\"inLanguage\":\"es\"},{\"@type\":\"Organization\",\"@id\":\"https:\/\/noti-america.com\/site\/mexico\/#organization\",\"name\":\"Noti-America LLC | M\u00e9xico\",\"url\":\"https:\/\/noti-america.com\/site\/mexico\/\",\"logo\":{\"@type\":\"ImageObject\",\"inLanguage\":\"es\",\"@id\":\"https:\/\/noti-america.com\/site\/mexico\/#\/schema\/logo\/image\/\",\"url\":\"https:\/\/noti-america.com\/site\/mexico\/wp-content\/uploads\/sites\/13\/2020\/07\/LogoNA-4x3-1.jpg\",\"contentUrl\":\"https:\/\/noti-america.com\/site\/mexico\/wp-content\/uploads\/sites\/13\/2020\/07\/LogoNA-4x3-1.jpg\",\"width\":1236,\"height\":1080,\"caption\":\"Noti-America LLC | M\u00e9xico\"},\"image\":{\"@id\":\"https:\/\/noti-america.com\/site\/mexico\/#\/schema\/logo\/image\/\"}},{\"@type\":\"Person\",\"@id\":\"https:\/\/noti-america.com\/site\/mexico\/#\/schema\/person\/22806efcc2cfc4b45efb0e17be210ea8\",\"name\":\"Maria Valentina Noguera Medina\",\"image\":{\"@type\":\"ImageObject\",\"inLanguage\":\"es\",\"@id\":\"https:\/\/secure.gravatar.com\/avatar\/4ec5eb9d099f2608a49c9df6f7341f66f04f819cdffa09d56a7a0e91d2819d56?s=96&d=mm&r=g\",\"url\":\"https:\/\/secure.gravatar.com\/avatar\/4ec5eb9d099f2608a49c9df6f7341f66f04f819cdffa09d56a7a0e91d2819d56?s=96&d=mm&r=g\",\"contentUrl\":\"https:\/\/secure.gravatar.com\/avatar\/4ec5eb9d099f2608a49c9df6f7341f66f04f819cdffa09d56a7a0e91d2819d56?s=96&d=mm&r=g\",\"caption\":\"Maria Valentina Noguera Medina\"},\"description\":\"Periodista - noti-america - Promar Community Manager - Talento Plus Dise\u00f1adora\/ creadora de contenido...\",\"sameAs\":[\"Mar\u00eda Valentina Noguera\",\"https:\/\/www.facebook.com\/mariavalentina.noguera\",\"https:\/\/www.linkedin.com\/in\/mara-valentina-noguera-medina-373075165\/\",\"https:\/\/www.pinterest.es\/valentinanoguera95\/\",\"https:\/\/www.youtube.com\/channel\/UCdek6mbUZ-Tqqw0I63i4nmQ\"],\"url\":\"https:\/\/noti-america.com\/site\/mexico\/author\/mnoguera\/\"}]}<\/script>\n<!-- \/ Yoast SEO Premium plugin. -->","yoast_head_json":{"title":"\"Elecciones 2024: M\u00e9xico en la Encrucijada Democr\u00e1tica\" - M\u00e9xico","robots":{"index":"index","follow":"follow","max-snippet":"max-snippet:-1","max-image-preview":"max-image-preview:large","max-video-preview":"max-video-preview:-1"},"canonical":"https:\/\/noti-america.com\/site\/mexico\/2024\/05\/28\/elecciones-2024-mexico-en-la-encrucijada-democratica\/","og_locale":"es_ES","og_type":"article","og_title":"\"Elecciones 2024: M\u00e9xico en la Encrucijada Democr\u00e1tica\"","og_description":"NOTI-AMERICA.COM | M\u00c9XICO A medida que M\u00e9xico se acerca a las elecciones m\u00e1s grandes de su historia, el pa\u00eds se encuentra en un momento crucial de su trayectoria democr\u00e1tica. Con m\u00e1s de 97 millones&#46;&#46;&#46;","og_url":"https:\/\/noti-america.com\/site\/mexico\/2024\/05\/28\/elecciones-2024-mexico-en-la-encrucijada-democratica\/","og_site_name":"M\u00e9xico","article_author":"Mar\u00eda Valentina Noguera","article_published_time":"2024-05-28T16:08:56+00:00","og_image":[{"width":1200,"height":600,"url":"https:\/\/noti-america.com\/site\/mexico\/wp-content\/uploads\/sites\/13\/2024\/05\/candidatos.jpg","type":"image\/jpeg"}],"author":"Maria Valentina Noguera Medina","twitter_card":"summary_large_image","twitter_misc":{"Escrito por":"Maria Valentina Noguera Medina","Tiempo estimado de lectura":"3 minutos"},"schema":{"@context":"https:\/\/schema.org","@graph":[{"@type":"Article","@id":"https:\/\/noti-america.com\/site\/mexico\/2024\/05\/28\/elecciones-2024-mexico-en-la-encrucijada-democratica\/#article","isPartOf":{"@id":"https:\/\/noti-america.com\/site\/mexico\/2024\/05\/28\/elecciones-2024-mexico-en-la-encrucijada-democratica\/"},"author":{"name":"Maria Valentina Noguera Medina","@id":"https:\/\/noti-america.com\/site\/mexico\/#\/schema\/person\/22806efcc2cfc4b45efb0e17be210ea8"},"headline":"\u00abElecciones 2024: M\u00e9xico en la Encrucijada Democr\u00e1tica\u00bb","datePublished":"2024-05-28T16:08:56+00:00","mainEntityOfPage":{"@id":"https:\/\/noti-america.com\/site\/mexico\/2024\/05\/28\/elecciones-2024-mexico-en-la-encrucijada-democratica\/"},"wordCount":475,"commentCount":0,"publisher":{"@id":"https:\/\/noti-america.com\/site\/mexico\/#organization"},"image":{"@id":"https:\/\/noti-america.com\/site\/mexico\/2024\/05\/28\/elecciones-2024-mexico-en-la-encrucijada-democratica\/#primaryimage"},"thumbnailUrl":"https:\/\/noti-america.com\/site\/mexico\/wp-content\/uploads\/sites\/13\/2024\/05\/candidatos.jpg","articleSection":["Actualidad"],"inLanguage":"es","potentialAction":[{"@type":"CommentAction","name":"Comment","target":["https:\/\/noti-america.com\/site\/mexico\/2024\/05\/28\/elecciones-2024-mexico-en-la-encrucijada-democratica\/#respond"]}]},{"@type":"WebPage","@id":"https:\/\/noti-america.com\/site\/mexico\/2024\/05\/28\/elecciones-2024-mexico-en-la-encrucijada-democratica\/","url":"https:\/\/noti-america.com\/site\/mexico\/2024\/05\/28\/elecciones-2024-mexico-en-la-encrucijada-democratica\/","name":"\"Elecciones 2024: M\u00e9xico en la Encrucijada Democr\u00e1tica\" - M\u00e9xico","isPartOf":{"@id":"https:\/\/noti-america.com\/site\/mexico\/#website"},"primaryImageOfPage":{"@id":"https:\/\/noti-america.com\/site\/mexico\/2024\/05\/28\/elecciones-2024-mexico-en-la-encrucijada-democratica\/#primaryimage"},"image":{"@id":"https:\/\/noti-america.com\/site\/mexico\/2024\/05\/28\/elecciones-2024-mexico-en-la-encrucijada-democratica\/#primaryimage"},"thumbnailUrl":"https:\/\/noti-america.com\/site\/mexico\/wp-content\/uploads\/sites\/13\/2024\/05\/candidatos.jpg","datePublished":"2024-05-28T16:08:56+00:00","breadcrumb":{"@id":"https:\/\/noti-america.com\/site\/mexico\/2024\/05\/28\/elecciones-2024-mexico-en-la-encrucijada-democratica\/#breadcrumb"},"inLanguage":"es","potentialAction":[{"@type":"ReadAction","target":["https:\/\/noti-america.com\/site\/mexico\/2024\/05\/28\/elecciones-2024-mexico-en-la-encrucijada-democratica\/"]}]},{"@type":"ImageObject","inLanguage":"es","@id":"https:\/\/noti-america.com\/site\/mexico\/2024\/05\/28\/elecciones-2024-mexico-en-la-encrucijada-democratica\/#primaryimage","url":"https:\/\/noti-america.com\/site\/mexico\/wp-content\/uploads\/sites\/13\/2024\/05\/candidatos.jpg","contentUrl":"https:\/\/noti-america.com\/site\/mexico\/wp-content\/uploads\/sites\/13\/2024\/05\/candidatos.jpg","width":1200,"height":600},{"@type":"BreadcrumbList","@id":"https:\/\/noti-america.com\/site\/mexico\/2024\/05\/28\/elecciones-2024-mexico-en-la-encrucijada-democratica\/#breadcrumb","itemListElement":[{"@type":"ListItem","position":1,"name":"Portada","item":"https:\/\/noti-america.com\/site\/mexico\/"},{"@type":"ListItem","position":2,"name":"&#8220;Elecciones 2024: M\u00e9xico en la Encrucijada Democr\u00e1tica&#8221;"}]},{"@type":"WebSite","@id":"https:\/\/noti-america.com\/site\/mexico\/#website","url":"https:\/\/noti-america.com\/site\/mexico\/","name":"M\u00e9xico | Noti-America.com","description":"","publisher":{"@id":"https:\/\/noti-america.com\/site\/mexico\/#organization"},"potentialAction":[{"@type":"SearchAction","target":{"@type":"EntryPoint","urlTemplate":"https:\/\/noti-america.com\/site\/mexico\/?s={search_term_string}"},"query-input":{"@type":"PropertyValueSpecification","valueRequired":true,"valueName":"search_term_string"}}],"inLanguage":"es"},{"@type":"Organization","@id":"https:\/\/noti-america.com\/site\/mexico\/#organization","name":"Noti-America LLC | M\u00e9xico","url":"https:\/\/noti-america.com\/site\/mexico\/","logo":{"@type":"ImageObject","inLanguage":"es","@id":"https:\/\/noti-america.com\/site\/mexico\/#\/schema\/logo\/image\/","url":"https:\/\/noti-america.com\/site\/mexico\/wp-content\/uploads\/sites\/13\/2020\/07\/LogoNA-4x3-1.jpg","contentUrl":"https:\/\/noti-america.com\/site\/mexico\/wp-content\/uploads\/sites\/13\/2020\/07\/LogoNA-4x3-1.jpg","width":1236,"height":1080,"caption":"Noti-America LLC | M\u00e9xico"},"image":{"@id":"https:\/\/noti-america.com\/site\/mexico\/#\/schema\/logo\/image\/"}},{"@type":"Person","@id":"https:\/\/noti-america.com\/site\/mexico\/#\/schema\/person\/22806efcc2cfc4b45efb0e17be210ea8","name":"Maria Valentina Noguera Medina","image":{"@type":"ImageObject","inLanguage":"es","@id":"https:\/\/secure.gravatar.com\/avatar\/4ec5eb9d099f2608a49c9df6f7341f66f04f819cdffa09d56a7a0e91d2819d56?s=96&d=mm&r=g","url":"https:\/\/secure.gravatar.com\/avatar\/4ec5eb9d099f2608a49c9df6f7341f66f04f819cdffa09d56a7a0e91d2819d56?s=96&d=mm&r=g","contentUrl":"https:\/\/secure.gravatar.com\/avatar\/4ec5eb9d099f2608a49c9df6f7341f66f04f819cdffa09d56a7a0e91d2819d56?s=96&d=mm&r=g","caption":"Maria Valentina Noguera Medina"},"description":"Periodista - noti-america - Promar Community Manager - Talento Plus Dise\u00f1adora\/ creadora de contenido...","sameAs":["Mar\u00eda Valentina Noguera","https:\/\/www.facebook.com\/mariavalentina.noguera","https:\/\/www.linkedin.com\/in\/mara-valentina-noguera-medina-373075165\/","https:\/\/www.pinterest.es\/valentinanoguera95\/","https:\/\/www.youtube.com\/channel\/UCdek6mbUZ-Tqqw0I63i4nmQ"],"url":"https:\/\/noti-america.com\/site\/mexico\/author\/mnoguera\/"}]}},"_links":{"self":[{"href":"https:\/\/noti-america.com\/site\/mexico\/wp-json\/wp\/v2\/posts\/11975","targetHints":{"allow":["GET"]}}],"collection":[{"href":"https:\/\/noti-america.com\/site\/mexico\/wp-json\/wp\/v2\/posts"}],"about":[{"href":"https:\/\/noti-america.com\/site\/mexico\/wp-json\/wp\/v2\/types\/post"}],"author":[{"embeddable":true,"href":"https:\/\/noti-america.com\/site\/mexico\/wp-json\/wp\/v2\/users\/133"}],"replies":[{"embeddable":true,"href":"https:\/\/noti-america.com\/site\/mexico\/wp-json\/wp\/v2\/comments?post=11975"}],"version-history":[{"count":1,"href":"https:\/\/noti-america.com\/site\/mexico\/wp-json\/wp\/v2\/posts\/11975\/revisions"}],"predecessor-version":[{"id":11977,"href":"https:\/\/noti-america.com\/site\/mexico\/wp-json\/wp\/v2\/posts\/11975\/revisions\/11977"}],"wp:featuredmedia":[{"embeddable":true,"href":"https:\/\/noti-america.com\/site\/mexico\/wp-json\/wp\/v2\/media\/11976"}],"wp:attachment":[{"href":"https:\/\/noti-america.com\/site\/mexico\/wp-json\/wp\/v2\/media?parent=11975"}],"wp:term":[{"taxonomy":"category","embeddable":true,"href":"https:\/\/noti-america.com\/site\/mexico\/wp-json\/wp\/v2\/categories?post=11975"},{"taxonomy":"post_tag","embeddable":true,"href":"https:\/\/noti-america.com\/site\/mexico\/wp-json\/wp\/v2\/tags?post=11975"}],"curies":[{"name":"wp","href":"https:\/\/api.w.org\/{rel}","templated":true}]}}