{"id":11751,"date":"2024-05-15T18:56:49","date_gmt":"2024-05-15T18:56:49","guid":{"rendered":"https:\/\/noti-america.com\/site\/mexico\/?p=11751"},"modified":"2024-05-15T18:56:49","modified_gmt":"2024-05-15T18:56:49","slug":"continua-fase-1-de-contingencia-ambiental-en-el-valle-de-mexico-suma-48-horas-activa","status":"publish","type":"post","link":"https:\/\/noti-america.com\/site\/mexico\/2024\/05\/15\/continua-fase-1-de-contingencia-ambiental-en-el-valle-de-mexico-suma-48-horas-activa\/","title":{"rendered":"Contin\u00faa Fase 1 de contingencia ambiental en el Valle de M\u00e9xico: suma 48 horas activa"},"content":{"rendered":"<p>NOTI-AMERICA.COM | M\u00c9XICO \u2013 La contingencia ambiental en el Valle de M\u00e9xico declarada desde el lunes alcanz\u00f3 las 48 horas activa, luego de que la la Comisi\u00f3n Ambiental de la Megal\u00f3polis (CAMe) decidiera extenderla este mi\u00e9rcoles.<\/p>\n<p style=\"text-align: justify\">En su reporte de las 10:00 horas, la CAMe detall\u00f3 se registraron concentraciones m\u00e1ximas de ozono de 181 ppb en la estaci\u00f3n de monitoreo de Cuautitl\u00e1n y de 180 ppb en la estaci\u00f3n de Tlalnepantla.<\/p>\n<p style=\"text-align: justify\">Por ello, dicha entidad insta a la poblaci\u00f3n a evitar hacer actividades c\u00edvicas, culturales y de recreo, as\u00ed como ejercicio en exteriores entre las 13:00 y 19:00 horas.<\/p>\n<h2 style=\"text-align: justify\">\u00bfC\u00f3mo cuidarse durante la contingencia ambiental?<\/h2>\n<p style=\"text-align: justify\">De acuerdo con el<b>\u00a0comunicado de la CAMe,<\/b>\u00a0puedes seguir las siguientes medidas para evitar riesgos en la salud:<\/p>\n<ul style=\"text-align: justify\">\n<li><b>Evitar actividades\u00a0<\/b>al\u00a0<b>aire libre<\/b>\u00a0entre las 13:00 y 19:00 horas.<\/li>\n<li><b>Suspender\u00a0<\/b>cualquier\u00a0<b>actividad\u00a0<\/b>al<b>\u00a0aire libre<\/b>\u00a0entre las 13:00 y las 19:00 horas.<\/li>\n<li>No\u00a0<b>fumar<\/b>, especialmente en espacios cerrados.<\/li>\n<li>Evitar el uso de aerosoles, aromatizantes, pinturas y cualquier producto que contenga solventes.<\/li>\n<\/ul>\n<p style=\"text-align: justify\">Adem\u00e1s, con la finalidad de reducir emisiones de Ozono, la CAMe recomienda:<\/p>\n<ul>\n<li style=\"text-align: justify\">Recargar gasolina despu\u00e9s de las 18:00 horas y antes de las 10:00 horas.<\/li>\n<li style=\"text-align: justify\"><b>Revisar y reparar fugas<\/b>\u00a0en instalaciones de gas dom\u00e9stico.<\/li>\n<li style=\"text-align: justify\">Reducir el uso de combustibles: ba\u00f1arse en cinco minutos y al cocinar, utilizar recipientes con tapa.<\/li>\n<\/ul>\n<p>&nbsp;<\/p>\n","protected":false},"excerpt":{"rendered":"<p>NOTI-AMERICA.COM | M\u00c9XICO \u2013 La contingencia ambiental en el Valle de M\u00e9xico declarada desde el lunes alcanz\u00f3 las 48 horas activa, luego de que la la Comisi\u00f3n Ambiental de la Megal\u00f3polis (CAMe) decidiera extenderla&#46;&#46;&#46;<\/p>\n","protected":false},"author":133,"featured_media":11752,"comment_status":"open","ping_status":"open","sticky":false,"template":"","format":"image","meta":{"_acf_changed":false,"om_disable_all_campaigns":false,"rop_custom_images_group":[],"rop_custom_messages_group":[],"rop_publish_now":"initial","rop_publish_now_accounts":{"twitter_242054905_242054905":""},"rop_publish_now_history":[],"rop_publish_now_status":"pending","_uf_show_specific_survey":0,"_uf_disable_surveys":false,"footnotes":""},"categories":[722],"tags":[],"class_list":["post-11751","post","type-post","status-publish","format-image","has-post-thumbnail","hentry","category-actualidad","post_format-post-format-image"],"acf":[],"aioseo_notices":[],"yoast_head":"<!-- This site is optimized with the Yoast SEO Premium plugin v24.9 (Yoast SEO v27.2) - https:\/\/yoast.com\/product\/yoast-seo-premium-wordpress\/ -->\n<title>Contin\u00faa Fase 1 de contingencia ambiental en el Valle de M\u00e9xico: suma 48 horas activa - M\u00e9xico<\/title>\n<meta name=\"robots\" content=\"index, follow, max-snippet:-1, max-image-preview:large, max-video-preview:-1\" \/>\n<link rel=\"canonical\" href=\"https:\/\/noti-america.com\/site\/mexico\/2024\/05\/15\/continua-fase-1-de-contingencia-ambiental-en-el-valle-de-mexico-suma-48-horas-activa\/\" \/>\n<meta property=\"og:locale\" content=\"es_ES\" \/>\n<meta property=\"og:type\" content=\"article\" \/>\n<meta property=\"og:title\" content=\"Contin\u00faa Fase 1 de contingencia ambiental en el Valle de M\u00e9xico: suma 48 horas activa\" \/>\n<meta property=\"og:description\" content=\"NOTI-AMERICA.COM | M\u00c9XICO \u2013 La contingencia ambiental en el Valle de M\u00e9xico declarada desde el lunes alcanz\u00f3 las 48 horas activa, luego de que la la Comisi\u00f3n Ambiental de la Megal\u00f3polis (CAMe) decidiera extenderla&#046;&#046;&#046;\" \/>\n<meta property=\"og:url\" content=\"https:\/\/noti-america.com\/site\/mexico\/2024\/05\/15\/continua-fase-1-de-contingencia-ambiental-en-el-valle-de-mexico-suma-48-horas-activa\/\" \/>\n<meta property=\"og:site_name\" content=\"M\u00e9xico\" \/>\n<meta property=\"article:author\" content=\"Mar\u00eda Valentina Noguera\" \/>\n<meta property=\"article:published_time\" content=\"2024-05-15T18:56:49+00:00\" \/>\n<meta property=\"og:image\" content=\"https:\/\/noti-america.com\/site\/mexico\/wp-content\/uploads\/sites\/13\/2024\/05\/Contingencia-ambiental.png\" \/>\n\t<meta property=\"og:image:width\" content=\"768\" \/>\n\t<meta property=\"og:image:height\" content=\"479\" \/>\n\t<meta property=\"og:image:type\" content=\"image\/png\" \/>\n<meta name=\"author\" content=\"Maria Valentina Noguera Medina\" \/>\n<meta name=\"twitter:card\" content=\"summary_large_image\" \/>\n<meta name=\"twitter:label1\" content=\"Escrito por\" \/>\n\t<meta name=\"twitter:data1\" content=\"Maria Valentina Noguera Medina\" \/>\n\t<meta name=\"twitter:label2\" content=\"Tiempo estimado de lectura\" \/>\n\t<meta name=\"twitter:data2\" content=\"2 minutos\" \/>\n<script type=\"application\/ld+json\" class=\"yoast-schema-graph\">{\"@context\":\"https:\/\/schema.org\",\"@graph\":[{\"@type\":\"Article\",\"@id\":\"https:\/\/noti-america.com\/site\/mexico\/2024\/05\/15\/continua-fase-1-de-contingencia-ambiental-en-el-valle-de-mexico-suma-48-horas-activa\/#article\",\"isPartOf\":{\"@id\":\"https:\/\/noti-america.com\/site\/mexico\/2024\/05\/15\/continua-fase-1-de-contingencia-ambiental-en-el-valle-de-mexico-suma-48-horas-activa\/\"},\"author\":{\"name\":\"Maria Valentina Noguera Medina\",\"@id\":\"https:\/\/noti-america.com\/site\/mexico\/#\/schema\/person\/22806efcc2cfc4b45efb0e17be210ea8\"},\"headline\":\"Contin\u00faa Fase 1 de contingencia ambiental en el Valle de M\u00e9xico: suma 48 horas activa\",\"datePublished\":\"2024-05-15T18:56:49+00:00\",\"mainEntityOfPage\":{\"@id\":\"https:\/\/noti-america.com\/site\/mexico\/2024\/05\/15\/continua-fase-1-de-contingencia-ambiental-en-el-valle-de-mexico-suma-48-horas-activa\/\"},\"wordCount\":236,\"commentCount\":0,\"publisher\":{\"@id\":\"https:\/\/noti-america.com\/site\/mexico\/#organization\"},\"image\":{\"@id\":\"https:\/\/noti-america.com\/site\/mexico\/2024\/05\/15\/continua-fase-1-de-contingencia-ambiental-en-el-valle-de-mexico-suma-48-horas-activa\/#primaryimage\"},\"thumbnailUrl\":\"https:\/\/noti-america.com\/site\/mexico\/wp-content\/uploads\/sites\/13\/2024\/05\/Contingencia-ambiental.png\",\"articleSection\":[\"Actualidad\"],\"inLanguage\":\"es\",\"potentialAction\":[{\"@type\":\"CommentAction\",\"name\":\"Comment\",\"target\":[\"https:\/\/noti-america.com\/site\/mexico\/2024\/05\/15\/continua-fase-1-de-contingencia-ambiental-en-el-valle-de-mexico-suma-48-horas-activa\/#respond\"]}]},{\"@type\":\"WebPage\",\"@id\":\"https:\/\/noti-america.com\/site\/mexico\/2024\/05\/15\/continua-fase-1-de-contingencia-ambiental-en-el-valle-de-mexico-suma-48-horas-activa\/\",\"url\":\"https:\/\/noti-america.com\/site\/mexico\/2024\/05\/15\/continua-fase-1-de-contingencia-ambiental-en-el-valle-de-mexico-suma-48-horas-activa\/\",\"name\":\"Contin\u00faa Fase 1 de contingencia ambiental en el Valle de M\u00e9xico: suma 48 horas activa - M\u00e9xico\",\"isPartOf\":{\"@id\":\"https:\/\/noti-america.com\/site\/mexico\/#website\"},\"primaryImageOfPage\":{\"@id\":\"https:\/\/noti-america.com\/site\/mexico\/2024\/05\/15\/continua-fase-1-de-contingencia-ambiental-en-el-valle-de-mexico-suma-48-horas-activa\/#primaryimage\"},\"image\":{\"@id\":\"https:\/\/noti-america.com\/site\/mexico\/2024\/05\/15\/continua-fase-1-de-contingencia-ambiental-en-el-valle-de-mexico-suma-48-horas-activa\/#primaryimage\"},\"thumbnailUrl\":\"https:\/\/noti-america.com\/site\/mexico\/wp-content\/uploads\/sites\/13\/2024\/05\/Contingencia-ambiental.png\",\"datePublished\":\"2024-05-15T18:56:49+00:00\",\"breadcrumb\":{\"@id\":\"https:\/\/noti-america.com\/site\/mexico\/2024\/05\/15\/continua-fase-1-de-contingencia-ambiental-en-el-valle-de-mexico-suma-48-horas-activa\/#breadcrumb\"},\"inLanguage\":\"es\",\"potentialAction\":[{\"@type\":\"ReadAction\",\"target\":[\"https:\/\/noti-america.com\/site\/mexico\/2024\/05\/15\/continua-fase-1-de-contingencia-ambiental-en-el-valle-de-mexico-suma-48-horas-activa\/\"]}]},{\"@type\":\"ImageObject\",\"inLanguage\":\"es\",\"@id\":\"https:\/\/noti-america.com\/site\/mexico\/2024\/05\/15\/continua-fase-1-de-contingencia-ambiental-en-el-valle-de-mexico-suma-48-horas-activa\/#primaryimage\",\"url\":\"https:\/\/noti-america.com\/site\/mexico\/wp-content\/uploads\/sites\/13\/2024\/05\/Contingencia-ambiental.png\",\"contentUrl\":\"https:\/\/noti-america.com\/site\/mexico\/wp-content\/uploads\/sites\/13\/2024\/05\/Contingencia-ambiental.png\",\"width\":768,\"height\":479},{\"@type\":\"BreadcrumbList\",\"@id\":\"https:\/\/noti-america.com\/site\/mexico\/2024\/05\/15\/continua-fase-1-de-contingencia-ambiental-en-el-valle-de-mexico-suma-48-horas-activa\/#breadcrumb\",\"itemListElement\":[{\"@type\":\"ListItem\",\"position\":1,\"name\":\"Portada\",\"item\":\"https:\/\/noti-america.com\/site\/mexico\/\"},{\"@type\":\"ListItem\",\"position\":2,\"name\":\"Contin\u00faa Fase 1 de contingencia ambiental en el Valle de M\u00e9xico: suma 48 horas activa\"}]},{\"@type\":\"WebSite\",\"@id\":\"https:\/\/noti-america.com\/site\/mexico\/#website\",\"url\":\"https:\/\/noti-america.com\/site\/mexico\/\",\"name\":\"M\u00e9xico | Noti-America.com\",\"description\":\"\",\"publisher\":{\"@id\":\"https:\/\/noti-america.com\/site\/mexico\/#organization\"},\"potentialAction\":[{\"@type\":\"SearchAction\",\"target\":{\"@type\":\"EntryPoint\",\"urlTemplate\":\"https:\/\/noti-america.com\/site\/mexico\/?s={search_term_string}\"},\"query-input\":{\"@type\":\"PropertyValueSpecification\",\"valueRequired\":true,\"valueName\":\"search_term_string\"}}],\"inLanguage\":\"es\"},{\"@type\":\"Organization\",\"@id\":\"https:\/\/noti-america.com\/site\/mexico\/#organization\",\"name\":\"Noti-America LLC | M\u00e9xico\",\"url\":\"https:\/\/noti-america.com\/site\/mexico\/\",\"logo\":{\"@type\":\"ImageObject\",\"inLanguage\":\"es\",\"@id\":\"https:\/\/noti-america.com\/site\/mexico\/#\/schema\/logo\/image\/\",\"url\":\"https:\/\/noti-america.com\/site\/mexico\/wp-content\/uploads\/sites\/13\/2020\/07\/LogoNA-4x3-1.jpg\",\"contentUrl\":\"https:\/\/noti-america.com\/site\/mexico\/wp-content\/uploads\/sites\/13\/2020\/07\/LogoNA-4x3-1.jpg\",\"width\":1236,\"height\":1080,\"caption\":\"Noti-America LLC | M\u00e9xico\"},\"image\":{\"@id\":\"https:\/\/noti-america.com\/site\/mexico\/#\/schema\/logo\/image\/\"}},{\"@type\":\"Person\",\"@id\":\"https:\/\/noti-america.com\/site\/mexico\/#\/schema\/person\/22806efcc2cfc4b45efb0e17be210ea8\",\"name\":\"Maria Valentina Noguera Medina\",\"image\":{\"@type\":\"ImageObject\",\"inLanguage\":\"es\",\"@id\":\"https:\/\/secure.gravatar.com\/avatar\/4ec5eb9d099f2608a49c9df6f7341f66f04f819cdffa09d56a7a0e91d2819d56?s=96&d=mm&r=g\",\"url\":\"https:\/\/secure.gravatar.com\/avatar\/4ec5eb9d099f2608a49c9df6f7341f66f04f819cdffa09d56a7a0e91d2819d56?s=96&d=mm&r=g\",\"contentUrl\":\"https:\/\/secure.gravatar.com\/avatar\/4ec5eb9d099f2608a49c9df6f7341f66f04f819cdffa09d56a7a0e91d2819d56?s=96&d=mm&r=g\",\"caption\":\"Maria Valentina Noguera Medina\"},\"description\":\"Periodista - noti-america - Promar Community Manager - Talento Plus Dise\u00f1adora\/ creadora de contenido...\",\"sameAs\":[\"Mar\u00eda Valentina Noguera\",\"https:\/\/www.facebook.com\/mariavalentina.noguera\",\"https:\/\/www.linkedin.com\/in\/mara-valentina-noguera-medina-373075165\/\",\"https:\/\/www.pinterest.es\/valentinanoguera95\/\",\"https:\/\/www.youtube.com\/channel\/UCdek6mbUZ-Tqqw0I63i4nmQ\"],\"url\":\"https:\/\/noti-america.com\/site\/mexico\/author\/mnoguera\/\"}]}<\/script>\n<!-- \/ Yoast SEO Premium plugin. -->","yoast_head_json":{"title":"Contin\u00faa Fase 1 de contingencia ambiental en el Valle de M\u00e9xico: suma 48 horas activa - M\u00e9xico","robots":{"index":"index","follow":"follow","max-snippet":"max-snippet:-1","max-image-preview":"max-image-preview:large","max-video-preview":"max-video-preview:-1"},"canonical":"https:\/\/noti-america.com\/site\/mexico\/2024\/05\/15\/continua-fase-1-de-contingencia-ambiental-en-el-valle-de-mexico-suma-48-horas-activa\/","og_locale":"es_ES","og_type":"article","og_title":"Contin\u00faa Fase 1 de contingencia ambiental en el Valle de M\u00e9xico: suma 48 horas activa","og_description":"NOTI-AMERICA.COM | M\u00c9XICO \u2013 La contingencia ambiental en el Valle de M\u00e9xico declarada desde el lunes alcanz\u00f3 las 48 horas activa, luego de que la la Comisi\u00f3n Ambiental de la Megal\u00f3polis (CAMe) decidiera extenderla&#46;&#46;&#46;","og_url":"https:\/\/noti-america.com\/site\/mexico\/2024\/05\/15\/continua-fase-1-de-contingencia-ambiental-en-el-valle-de-mexico-suma-48-horas-activa\/","og_site_name":"M\u00e9xico","article_author":"Mar\u00eda Valentina Noguera","article_published_time":"2024-05-15T18:56:49+00:00","og_image":[{"width":768,"height":479,"url":"https:\/\/noti-america.com\/site\/mexico\/wp-content\/uploads\/sites\/13\/2024\/05\/Contingencia-ambiental.png","type":"image\/png"}],"author":"Maria Valentina Noguera Medina","twitter_card":"summary_large_image","twitter_misc":{"Escrito por":"Maria Valentina Noguera Medina","Tiempo estimado de lectura":"2 minutos"},"schema":{"@context":"https:\/\/schema.org","@graph":[{"@type":"Article","@id":"https:\/\/noti-america.com\/site\/mexico\/2024\/05\/15\/continua-fase-1-de-contingencia-ambiental-en-el-valle-de-mexico-suma-48-horas-activa\/#article","isPartOf":{"@id":"https:\/\/noti-america.com\/site\/mexico\/2024\/05\/15\/continua-fase-1-de-contingencia-ambiental-en-el-valle-de-mexico-suma-48-horas-activa\/"},"author":{"name":"Maria Valentina Noguera Medina","@id":"https:\/\/noti-america.com\/site\/mexico\/#\/schema\/person\/22806efcc2cfc4b45efb0e17be210ea8"},"headline":"Contin\u00faa Fase 1 de contingencia ambiental en el Valle de M\u00e9xico: suma 48 horas activa","datePublished":"2024-05-15T18:56:49+00:00","mainEntityOfPage":{"@id":"https:\/\/noti-america.com\/site\/mexico\/2024\/05\/15\/continua-fase-1-de-contingencia-ambiental-en-el-valle-de-mexico-suma-48-horas-activa\/"},"wordCount":236,"commentCount":0,"publisher":{"@id":"https:\/\/noti-america.com\/site\/mexico\/#organization"},"image":{"@id":"https:\/\/noti-america.com\/site\/mexico\/2024\/05\/15\/continua-fase-1-de-contingencia-ambiental-en-el-valle-de-mexico-suma-48-horas-activa\/#primaryimage"},"thumbnailUrl":"https:\/\/noti-america.com\/site\/mexico\/wp-content\/uploads\/sites\/13\/2024\/05\/Contingencia-ambiental.png","articleSection":["Actualidad"],"inLanguage":"es","potentialAction":[{"@type":"CommentAction","name":"Comment","target":["https:\/\/noti-america.com\/site\/mexico\/2024\/05\/15\/continua-fase-1-de-contingencia-ambiental-en-el-valle-de-mexico-suma-48-horas-activa\/#respond"]}]},{"@type":"WebPage","@id":"https:\/\/noti-america.com\/site\/mexico\/2024\/05\/15\/continua-fase-1-de-contingencia-ambiental-en-el-valle-de-mexico-suma-48-horas-activa\/","url":"https:\/\/noti-america.com\/site\/mexico\/2024\/05\/15\/continua-fase-1-de-contingencia-ambiental-en-el-valle-de-mexico-suma-48-horas-activa\/","name":"Contin\u00faa Fase 1 de contingencia ambiental en el Valle de M\u00e9xico: suma 48 horas activa - M\u00e9xico","isPartOf":{"@id":"https:\/\/noti-america.com\/site\/mexico\/#website"},"primaryImageOfPage":{"@id":"https:\/\/noti-america.com\/site\/mexico\/2024\/05\/15\/continua-fase-1-de-contingencia-ambiental-en-el-valle-de-mexico-suma-48-horas-activa\/#primaryimage"},"image":{"@id":"https:\/\/noti-america.com\/site\/mexico\/2024\/05\/15\/continua-fase-1-de-contingencia-ambiental-en-el-valle-de-mexico-suma-48-horas-activa\/#primaryimage"},"thumbnailUrl":"https:\/\/noti-america.com\/site\/mexico\/wp-content\/uploads\/sites\/13\/2024\/05\/Contingencia-ambiental.png","datePublished":"2024-05-15T18:56:49+00:00","breadcrumb":{"@id":"https:\/\/noti-america.com\/site\/mexico\/2024\/05\/15\/continua-fase-1-de-contingencia-ambiental-en-el-valle-de-mexico-suma-48-horas-activa\/#breadcrumb"},"inLanguage":"es","potentialAction":[{"@type":"ReadAction","target":["https:\/\/noti-america.com\/site\/mexico\/2024\/05\/15\/continua-fase-1-de-contingencia-ambiental-en-el-valle-de-mexico-suma-48-horas-activa\/"]}]},{"@type":"ImageObject","inLanguage":"es","@id":"https:\/\/noti-america.com\/site\/mexico\/2024\/05\/15\/continua-fase-1-de-contingencia-ambiental-en-el-valle-de-mexico-suma-48-horas-activa\/#primaryimage","url":"https:\/\/noti-america.com\/site\/mexico\/wp-content\/uploads\/sites\/13\/2024\/05\/Contingencia-ambiental.png","contentUrl":"https:\/\/noti-america.com\/site\/mexico\/wp-content\/uploads\/sites\/13\/2024\/05\/Contingencia-ambiental.png","width":768,"height":479},{"@type":"BreadcrumbList","@id":"https:\/\/noti-america.com\/site\/mexico\/2024\/05\/15\/continua-fase-1-de-contingencia-ambiental-en-el-valle-de-mexico-suma-48-horas-activa\/#breadcrumb","itemListElement":[{"@type":"ListItem","position":1,"name":"Portada","item":"https:\/\/noti-america.com\/site\/mexico\/"},{"@type":"ListItem","position":2,"name":"Contin\u00faa Fase 1 de contingencia ambiental en el Valle de M\u00e9xico: suma 48 horas activa"}]},{"@type":"WebSite","@id":"https:\/\/noti-america.com\/site\/mexico\/#website","url":"https:\/\/noti-america.com\/site\/mexico\/","name":"M\u00e9xico | Noti-America.com","description":"","publisher":{"@id":"https:\/\/noti-america.com\/site\/mexico\/#organization"},"potentialAction":[{"@type":"SearchAction","target":{"@type":"EntryPoint","urlTemplate":"https:\/\/noti-america.com\/site\/mexico\/?s={search_term_string}"},"query-input":{"@type":"PropertyValueSpecification","valueRequired":true,"valueName":"search_term_string"}}],"inLanguage":"es"},{"@type":"Organization","@id":"https:\/\/noti-america.com\/site\/mexico\/#organization","name":"Noti-America LLC | M\u00e9xico","url":"https:\/\/noti-america.com\/site\/mexico\/","logo":{"@type":"ImageObject","inLanguage":"es","@id":"https:\/\/noti-america.com\/site\/mexico\/#\/schema\/logo\/image\/","url":"https:\/\/noti-america.com\/site\/mexico\/wp-content\/uploads\/sites\/13\/2020\/07\/LogoNA-4x3-1.jpg","contentUrl":"https:\/\/noti-america.com\/site\/mexico\/wp-content\/uploads\/sites\/13\/2020\/07\/LogoNA-4x3-1.jpg","width":1236,"height":1080,"caption":"Noti-America LLC | M\u00e9xico"},"image":{"@id":"https:\/\/noti-america.com\/site\/mexico\/#\/schema\/logo\/image\/"}},{"@type":"Person","@id":"https:\/\/noti-america.com\/site\/mexico\/#\/schema\/person\/22806efcc2cfc4b45efb0e17be210ea8","name":"Maria Valentina Noguera Medina","image":{"@type":"ImageObject","inLanguage":"es","@id":"https:\/\/secure.gravatar.com\/avatar\/4ec5eb9d099f2608a49c9df6f7341f66f04f819cdffa09d56a7a0e91d2819d56?s=96&d=mm&r=g","url":"https:\/\/secure.gravatar.com\/avatar\/4ec5eb9d099f2608a49c9df6f7341f66f04f819cdffa09d56a7a0e91d2819d56?s=96&d=mm&r=g","contentUrl":"https:\/\/secure.gravatar.com\/avatar\/4ec5eb9d099f2608a49c9df6f7341f66f04f819cdffa09d56a7a0e91d2819d56?s=96&d=mm&r=g","caption":"Maria Valentina Noguera Medina"},"description":"Periodista - noti-america - Promar Community Manager - Talento Plus Dise\u00f1adora\/ creadora de contenido...","sameAs":["Mar\u00eda Valentina Noguera","https:\/\/www.facebook.com\/mariavalentina.noguera","https:\/\/www.linkedin.com\/in\/mara-valentina-noguera-medina-373075165\/","https:\/\/www.pinterest.es\/valentinanoguera95\/","https:\/\/www.youtube.com\/channel\/UCdek6mbUZ-Tqqw0I63i4nmQ"],"url":"https:\/\/noti-america.com\/site\/mexico\/author\/mnoguera\/"}]}},"_links":{"self":[{"href":"https:\/\/noti-america.com\/site\/mexico\/wp-json\/wp\/v2\/posts\/11751","targetHints":{"allow":["GET"]}}],"collection":[{"href":"https:\/\/noti-america.com\/site\/mexico\/wp-json\/wp\/v2\/posts"}],"about":[{"href":"https:\/\/noti-america.com\/site\/mexico\/wp-json\/wp\/v2\/types\/post"}],"author":[{"embeddable":true,"href":"https:\/\/noti-america.com\/site\/mexico\/wp-json\/wp\/v2\/users\/133"}],"replies":[{"embeddable":true,"href":"https:\/\/noti-america.com\/site\/mexico\/wp-json\/wp\/v2\/comments?post=11751"}],"version-history":[{"count":1,"href":"https:\/\/noti-america.com\/site\/mexico\/wp-json\/wp\/v2\/posts\/11751\/revisions"}],"predecessor-version":[{"id":11753,"href":"https:\/\/noti-america.com\/site\/mexico\/wp-json\/wp\/v2\/posts\/11751\/revisions\/11753"}],"wp:featuredmedia":[{"embeddable":true,"href":"https:\/\/noti-america.com\/site\/mexico\/wp-json\/wp\/v2\/media\/11752"}],"wp:attachment":[{"href":"https:\/\/noti-america.com\/site\/mexico\/wp-json\/wp\/v2\/media?parent=11751"}],"wp:term":[{"taxonomy":"category","embeddable":true,"href":"https:\/\/noti-america.com\/site\/mexico\/wp-json\/wp\/v2\/categories?post=11751"},{"taxonomy":"post_tag","embeddable":true,"href":"https:\/\/noti-america.com\/site\/mexico\/wp-json\/wp\/v2\/tags?post=11751"}],"curies":[{"name":"wp","href":"https:\/\/api.w.org\/{rel}","templated":true}]}}