{"id":11704,"date":"2024-05-10T15:42:23","date_gmt":"2024-05-10T15:42:23","guid":{"rendered":"https:\/\/noti-america.com\/site\/mexico\/?p=11704"},"modified":"2024-05-10T15:42:23","modified_gmt":"2024-05-10T15:42:23","slug":"el-turismo-internacional-en-mexico-crece-un-106-en-marzo","status":"publish","type":"post","link":"https:\/\/noti-america.com\/site\/mexico\/2024\/05\/10\/el-turismo-internacional-en-mexico-crece-un-106-en-marzo\/","title":{"rendered":"El turismo internacional en M\u00e9xico crece un 10,6 % en marzo"},"content":{"rendered":"<p>NOTI-AMERICA.COM | M\u00c9XICO \u2013 M\u00e9xico recibi\u00f3 en marzo pasado un 10,6 por ciento m\u00e1s de turistas internacionales que en el mismo mes de 2023, inform\u00f3 este viernes el Instituto Nacional de Estad\u00edstica y Geograf\u00eda (Inegi).<\/p>\n<p>Al pa\u00eds llegaron 4,12 millones de turistas extranjeros en el tercer mes de 2024, comparado con los 3,73 millones del mismo lapso del a\u00f1o anterior, seg\u00fan el informe del organismo aut\u00f3nomo.<\/p>\n<p>El principal repunte anual sucedi\u00f3 en los turistas que llegaron por v\u00eda a\u00e9rea, que en marzo crecieron un 9,8 por ciento interanual hasta superar las 2,47 millones de personas.<\/p>\n<p>Mientras que los fronterizos aumentaron un 19,8 por ciento hasta los 1,34 millones.<\/p>\n<p>Por otro lado, en marzo pasado, el gasto total de los turistas internacionales se dispar\u00f3 un 11,2 por ciento interanual al pasar a 3.257 millones de d\u00f3lares desde una cifra previa de 2.929 millones de d\u00f3lares.<\/p>\n<p>Asimismo, el gasto medio de cada turista subi\u00f3 un 0,5 por ciento hasta los 788.96 d\u00f3lares en marzo pasado comparado con los 784,77 d\u00f3lares del tercer mes de 2023.<\/p>\n<p>Los datos reflejan una estabilizaci\u00f3n de la tendencia al alza del turismo en M\u00e9xico, que tuvo 42,15 millones de turistas internacionales durante 2023, un 10 por ciento m\u00e1s que en 2022.<\/p>\n<p>El ingreso de divisas por visitantes internacionales en 2023 fue de 28.682,6 millones de d\u00f3lares, casi un 9 por ciento m\u00e1s que el a\u00f1o anterior.<\/p>\n<p>La econom\u00eda relacionada con el turismo, que el Inegi llama producto interior bruto (PIB) tur\u00edstico, creci\u00f3 un 7,8 por ciento anual en el tercer trimestre de 2023, impulsada en particular por los servicios.<\/p>\n<p>M\u00e9xico fue el sexto pa\u00eds m\u00e1s visitado en el mundo en 2022, un fen\u00f3meno que se atribuye, en parte, a las medidas sanitarias flexibles en las zonas tur\u00edsticas del pa\u00eds durante la pandemia de covid-19.<\/p>\n","protected":false},"excerpt":{"rendered":"<p>NOTI-AMERICA.COM | M\u00c9XICO \u2013 M\u00e9xico recibi\u00f3 en marzo pasado un 10,6 por ciento m\u00e1s de turistas internacionales que en el mismo mes de 2023, inform\u00f3 este viernes el Instituto Nacional de Estad\u00edstica y Geograf\u00eda&#46;&#46;&#46;<\/p>\n","protected":false},"author":133,"featured_media":11705,"comment_status":"open","ping_status":"open","sticky":false,"template":"","format":"image","meta":{"_acf_changed":false,"om_disable_all_campaigns":false,"rop_custom_images_group":[],"rop_custom_messages_group":[],"rop_publish_now":"initial","rop_publish_now_accounts":{"twitter_242054905_242054905":""},"rop_publish_now_history":[],"rop_publish_now_status":"pending","_uf_show_specific_survey":0,"_uf_disable_surveys":false,"footnotes":""},"categories":[722],"tags":[],"class_list":["post-11704","post","type-post","status-publish","format-image","has-post-thumbnail","hentry","category-actualidad","post_format-post-format-image"],"acf":[],"aioseo_notices":[],"yoast_head":"<!-- This site is optimized with the Yoast SEO Premium plugin v24.9 (Yoast SEO v27.2) - https:\/\/yoast.com\/product\/yoast-seo-premium-wordpress\/ -->\n<title>El turismo internacional en M\u00e9xico crece un 10,6 % en marzo - M\u00e9xico<\/title>\n<meta name=\"robots\" content=\"index, follow, max-snippet:-1, max-image-preview:large, max-video-preview:-1\" \/>\n<link rel=\"canonical\" href=\"https:\/\/noti-america.com\/site\/mexico\/2024\/05\/10\/el-turismo-internacional-en-mexico-crece-un-106-en-marzo\/\" \/>\n<meta property=\"og:locale\" content=\"es_ES\" \/>\n<meta property=\"og:type\" content=\"article\" \/>\n<meta property=\"og:title\" content=\"El turismo internacional en M\u00e9xico crece un 10,6 % en marzo\" \/>\n<meta property=\"og:description\" content=\"NOTI-AMERICA.COM | M\u00c9XICO \u2013 M\u00e9xico recibi\u00f3 en marzo pasado un 10,6 por ciento m\u00e1s de turistas internacionales que en el mismo mes de 2023, inform\u00f3 este viernes el Instituto Nacional de Estad\u00edstica y Geograf\u00eda&#046;&#046;&#046;\" \/>\n<meta property=\"og:url\" content=\"https:\/\/noti-america.com\/site\/mexico\/2024\/05\/10\/el-turismo-internacional-en-mexico-crece-un-106-en-marzo\/\" \/>\n<meta property=\"og:site_name\" content=\"M\u00e9xico\" \/>\n<meta property=\"article:author\" content=\"Mar\u00eda Valentina Noguera\" \/>\n<meta property=\"article:published_time\" content=\"2024-05-10T15:42:23+00:00\" \/>\n<meta property=\"og:image\" content=\"https:\/\/noti-america.com\/site\/mexico\/wp-content\/uploads\/sites\/13\/2024\/05\/tsize_600x400_Mexico-CDMX.jpg\" \/>\n\t<meta property=\"og:image:width\" content=\"600\" \/>\n\t<meta property=\"og:image:height\" content=\"400\" \/>\n\t<meta property=\"og:image:type\" content=\"image\/jpeg\" \/>\n<meta name=\"author\" content=\"Maria Valentina Noguera Medina\" \/>\n<meta name=\"twitter:card\" content=\"summary_large_image\" \/>\n<meta name=\"twitter:label1\" content=\"Escrito por\" \/>\n\t<meta name=\"twitter:data1\" content=\"Maria Valentina Noguera Medina\" \/>\n\t<meta name=\"twitter:label2\" content=\"Tiempo estimado de lectura\" \/>\n\t<meta name=\"twitter:data2\" content=\"2 minutos\" \/>\n<script type=\"application\/ld+json\" class=\"yoast-schema-graph\">{\"@context\":\"https:\/\/schema.org\",\"@graph\":[{\"@type\":\"Article\",\"@id\":\"https:\/\/noti-america.com\/site\/mexico\/2024\/05\/10\/el-turismo-internacional-en-mexico-crece-un-106-en-marzo\/#article\",\"isPartOf\":{\"@id\":\"https:\/\/noti-america.com\/site\/mexico\/2024\/05\/10\/el-turismo-internacional-en-mexico-crece-un-106-en-marzo\/\"},\"author\":{\"name\":\"Maria Valentina Noguera Medina\",\"@id\":\"https:\/\/noti-america.com\/site\/mexico\/#\/schema\/person\/22806efcc2cfc4b45efb0e17be210ea8\"},\"headline\":\"El turismo internacional en M\u00e9xico crece un 10,6 % en marzo\",\"datePublished\":\"2024-05-10T15:42:23+00:00\",\"mainEntityOfPage\":{\"@id\":\"https:\/\/noti-america.com\/site\/mexico\/2024\/05\/10\/el-turismo-internacional-en-mexico-crece-un-106-en-marzo\/\"},\"wordCount\":309,\"commentCount\":0,\"publisher\":{\"@id\":\"https:\/\/noti-america.com\/site\/mexico\/#organization\"},\"image\":{\"@id\":\"https:\/\/noti-america.com\/site\/mexico\/2024\/05\/10\/el-turismo-internacional-en-mexico-crece-un-106-en-marzo\/#primaryimage\"},\"thumbnailUrl\":\"https:\/\/noti-america.com\/site\/mexico\/wp-content\/uploads\/sites\/13\/2024\/05\/tsize_600x400_Mexico-CDMX.jpg\",\"articleSection\":[\"Actualidad\"],\"inLanguage\":\"es\",\"potentialAction\":[{\"@type\":\"CommentAction\",\"name\":\"Comment\",\"target\":[\"https:\/\/noti-america.com\/site\/mexico\/2024\/05\/10\/el-turismo-internacional-en-mexico-crece-un-106-en-marzo\/#respond\"]}]},{\"@type\":\"WebPage\",\"@id\":\"https:\/\/noti-america.com\/site\/mexico\/2024\/05\/10\/el-turismo-internacional-en-mexico-crece-un-106-en-marzo\/\",\"url\":\"https:\/\/noti-america.com\/site\/mexico\/2024\/05\/10\/el-turismo-internacional-en-mexico-crece-un-106-en-marzo\/\",\"name\":\"El turismo internacional en M\u00e9xico crece un 10,6 % en marzo - M\u00e9xico\",\"isPartOf\":{\"@id\":\"https:\/\/noti-america.com\/site\/mexico\/#website\"},\"primaryImageOfPage\":{\"@id\":\"https:\/\/noti-america.com\/site\/mexico\/2024\/05\/10\/el-turismo-internacional-en-mexico-crece-un-106-en-marzo\/#primaryimage\"},\"image\":{\"@id\":\"https:\/\/noti-america.com\/site\/mexico\/2024\/05\/10\/el-turismo-internacional-en-mexico-crece-un-106-en-marzo\/#primaryimage\"},\"thumbnailUrl\":\"https:\/\/noti-america.com\/site\/mexico\/wp-content\/uploads\/sites\/13\/2024\/05\/tsize_600x400_Mexico-CDMX.jpg\",\"datePublished\":\"2024-05-10T15:42:23+00:00\",\"breadcrumb\":{\"@id\":\"https:\/\/noti-america.com\/site\/mexico\/2024\/05\/10\/el-turismo-internacional-en-mexico-crece-un-106-en-marzo\/#breadcrumb\"},\"inLanguage\":\"es\",\"potentialAction\":[{\"@type\":\"ReadAction\",\"target\":[\"https:\/\/noti-america.com\/site\/mexico\/2024\/05\/10\/el-turismo-internacional-en-mexico-crece-un-106-en-marzo\/\"]}]},{\"@type\":\"ImageObject\",\"inLanguage\":\"es\",\"@id\":\"https:\/\/noti-america.com\/site\/mexico\/2024\/05\/10\/el-turismo-internacional-en-mexico-crece-un-106-en-marzo\/#primaryimage\",\"url\":\"https:\/\/noti-america.com\/site\/mexico\/wp-content\/uploads\/sites\/13\/2024\/05\/tsize_600x400_Mexico-CDMX.jpg\",\"contentUrl\":\"https:\/\/noti-america.com\/site\/mexico\/wp-content\/uploads\/sites\/13\/2024\/05\/tsize_600x400_Mexico-CDMX.jpg\",\"width\":600,\"height\":400},{\"@type\":\"BreadcrumbList\",\"@id\":\"https:\/\/noti-america.com\/site\/mexico\/2024\/05\/10\/el-turismo-internacional-en-mexico-crece-un-106-en-marzo\/#breadcrumb\",\"itemListElement\":[{\"@type\":\"ListItem\",\"position\":1,\"name\":\"Portada\",\"item\":\"https:\/\/noti-america.com\/site\/mexico\/\"},{\"@type\":\"ListItem\",\"position\":2,\"name\":\"El turismo internacional en M\u00e9xico crece un 10,6 % en marzo\"}]},{\"@type\":\"WebSite\",\"@id\":\"https:\/\/noti-america.com\/site\/mexico\/#website\",\"url\":\"https:\/\/noti-america.com\/site\/mexico\/\",\"name\":\"M\u00e9xico | Noti-America.com\",\"description\":\"\",\"publisher\":{\"@id\":\"https:\/\/noti-america.com\/site\/mexico\/#organization\"},\"potentialAction\":[{\"@type\":\"SearchAction\",\"target\":{\"@type\":\"EntryPoint\",\"urlTemplate\":\"https:\/\/noti-america.com\/site\/mexico\/?s={search_term_string}\"},\"query-input\":{\"@type\":\"PropertyValueSpecification\",\"valueRequired\":true,\"valueName\":\"search_term_string\"}}],\"inLanguage\":\"es\"},{\"@type\":\"Organization\",\"@id\":\"https:\/\/noti-america.com\/site\/mexico\/#organization\",\"name\":\"Noti-America LLC | M\u00e9xico\",\"url\":\"https:\/\/noti-america.com\/site\/mexico\/\",\"logo\":{\"@type\":\"ImageObject\",\"inLanguage\":\"es\",\"@id\":\"https:\/\/noti-america.com\/site\/mexico\/#\/schema\/logo\/image\/\",\"url\":\"https:\/\/noti-america.com\/site\/mexico\/wp-content\/uploads\/sites\/13\/2020\/07\/LogoNA-4x3-1.jpg\",\"contentUrl\":\"https:\/\/noti-america.com\/site\/mexico\/wp-content\/uploads\/sites\/13\/2020\/07\/LogoNA-4x3-1.jpg\",\"width\":1236,\"height\":1080,\"caption\":\"Noti-America LLC | M\u00e9xico\"},\"image\":{\"@id\":\"https:\/\/noti-america.com\/site\/mexico\/#\/schema\/logo\/image\/\"}},{\"@type\":\"Person\",\"@id\":\"https:\/\/noti-america.com\/site\/mexico\/#\/schema\/person\/22806efcc2cfc4b45efb0e17be210ea8\",\"name\":\"Maria Valentina Noguera Medina\",\"image\":{\"@type\":\"ImageObject\",\"inLanguage\":\"es\",\"@id\":\"https:\/\/secure.gravatar.com\/avatar\/4ec5eb9d099f2608a49c9df6f7341f66f04f819cdffa09d56a7a0e91d2819d56?s=96&d=mm&r=g\",\"url\":\"https:\/\/secure.gravatar.com\/avatar\/4ec5eb9d099f2608a49c9df6f7341f66f04f819cdffa09d56a7a0e91d2819d56?s=96&d=mm&r=g\",\"contentUrl\":\"https:\/\/secure.gravatar.com\/avatar\/4ec5eb9d099f2608a49c9df6f7341f66f04f819cdffa09d56a7a0e91d2819d56?s=96&d=mm&r=g\",\"caption\":\"Maria Valentina Noguera Medina\"},\"description\":\"Periodista - noti-america - Promar Community Manager - Talento Plus Dise\u00f1adora\/ creadora de contenido...\",\"sameAs\":[\"Mar\u00eda Valentina Noguera\",\"https:\/\/www.facebook.com\/mariavalentina.noguera\",\"https:\/\/www.linkedin.com\/in\/mara-valentina-noguera-medina-373075165\/\",\"https:\/\/www.pinterest.es\/valentinanoguera95\/\",\"https:\/\/www.youtube.com\/channel\/UCdek6mbUZ-Tqqw0I63i4nmQ\"],\"url\":\"https:\/\/noti-america.com\/site\/mexico\/author\/mnoguera\/\"}]}<\/script>\n<!-- \/ Yoast SEO Premium plugin. -->","yoast_head_json":{"title":"El turismo internacional en M\u00e9xico crece un 10,6 % en marzo - M\u00e9xico","robots":{"index":"index","follow":"follow","max-snippet":"max-snippet:-1","max-image-preview":"max-image-preview:large","max-video-preview":"max-video-preview:-1"},"canonical":"https:\/\/noti-america.com\/site\/mexico\/2024\/05\/10\/el-turismo-internacional-en-mexico-crece-un-106-en-marzo\/","og_locale":"es_ES","og_type":"article","og_title":"El turismo internacional en M\u00e9xico crece un 10,6 % en marzo","og_description":"NOTI-AMERICA.COM | M\u00c9XICO \u2013 M\u00e9xico recibi\u00f3 en marzo pasado un 10,6 por ciento m\u00e1s de turistas internacionales que en el mismo mes de 2023, inform\u00f3 este viernes el Instituto Nacional de Estad\u00edstica y Geograf\u00eda&#46;&#46;&#46;","og_url":"https:\/\/noti-america.com\/site\/mexico\/2024\/05\/10\/el-turismo-internacional-en-mexico-crece-un-106-en-marzo\/","og_site_name":"M\u00e9xico","article_author":"Mar\u00eda Valentina Noguera","article_published_time":"2024-05-10T15:42:23+00:00","og_image":[{"width":600,"height":400,"url":"https:\/\/noti-america.com\/site\/mexico\/wp-content\/uploads\/sites\/13\/2024\/05\/tsize_600x400_Mexico-CDMX.jpg","type":"image\/jpeg"}],"author":"Maria Valentina Noguera Medina","twitter_card":"summary_large_image","twitter_misc":{"Escrito por":"Maria Valentina Noguera Medina","Tiempo estimado de lectura":"2 minutos"},"schema":{"@context":"https:\/\/schema.org","@graph":[{"@type":"Article","@id":"https:\/\/noti-america.com\/site\/mexico\/2024\/05\/10\/el-turismo-internacional-en-mexico-crece-un-106-en-marzo\/#article","isPartOf":{"@id":"https:\/\/noti-america.com\/site\/mexico\/2024\/05\/10\/el-turismo-internacional-en-mexico-crece-un-106-en-marzo\/"},"author":{"name":"Maria Valentina Noguera Medina","@id":"https:\/\/noti-america.com\/site\/mexico\/#\/schema\/person\/22806efcc2cfc4b45efb0e17be210ea8"},"headline":"El turismo internacional en M\u00e9xico crece un 10,6 % en marzo","datePublished":"2024-05-10T15:42:23+00:00","mainEntityOfPage":{"@id":"https:\/\/noti-america.com\/site\/mexico\/2024\/05\/10\/el-turismo-internacional-en-mexico-crece-un-106-en-marzo\/"},"wordCount":309,"commentCount":0,"publisher":{"@id":"https:\/\/noti-america.com\/site\/mexico\/#organization"},"image":{"@id":"https:\/\/noti-america.com\/site\/mexico\/2024\/05\/10\/el-turismo-internacional-en-mexico-crece-un-106-en-marzo\/#primaryimage"},"thumbnailUrl":"https:\/\/noti-america.com\/site\/mexico\/wp-content\/uploads\/sites\/13\/2024\/05\/tsize_600x400_Mexico-CDMX.jpg","articleSection":["Actualidad"],"inLanguage":"es","potentialAction":[{"@type":"CommentAction","name":"Comment","target":["https:\/\/noti-america.com\/site\/mexico\/2024\/05\/10\/el-turismo-internacional-en-mexico-crece-un-106-en-marzo\/#respond"]}]},{"@type":"WebPage","@id":"https:\/\/noti-america.com\/site\/mexico\/2024\/05\/10\/el-turismo-internacional-en-mexico-crece-un-106-en-marzo\/","url":"https:\/\/noti-america.com\/site\/mexico\/2024\/05\/10\/el-turismo-internacional-en-mexico-crece-un-106-en-marzo\/","name":"El turismo internacional en M\u00e9xico crece un 10,6 % en marzo - M\u00e9xico","isPartOf":{"@id":"https:\/\/noti-america.com\/site\/mexico\/#website"},"primaryImageOfPage":{"@id":"https:\/\/noti-america.com\/site\/mexico\/2024\/05\/10\/el-turismo-internacional-en-mexico-crece-un-106-en-marzo\/#primaryimage"},"image":{"@id":"https:\/\/noti-america.com\/site\/mexico\/2024\/05\/10\/el-turismo-internacional-en-mexico-crece-un-106-en-marzo\/#primaryimage"},"thumbnailUrl":"https:\/\/noti-america.com\/site\/mexico\/wp-content\/uploads\/sites\/13\/2024\/05\/tsize_600x400_Mexico-CDMX.jpg","datePublished":"2024-05-10T15:42:23+00:00","breadcrumb":{"@id":"https:\/\/noti-america.com\/site\/mexico\/2024\/05\/10\/el-turismo-internacional-en-mexico-crece-un-106-en-marzo\/#breadcrumb"},"inLanguage":"es","potentialAction":[{"@type":"ReadAction","target":["https:\/\/noti-america.com\/site\/mexico\/2024\/05\/10\/el-turismo-internacional-en-mexico-crece-un-106-en-marzo\/"]}]},{"@type":"ImageObject","inLanguage":"es","@id":"https:\/\/noti-america.com\/site\/mexico\/2024\/05\/10\/el-turismo-internacional-en-mexico-crece-un-106-en-marzo\/#primaryimage","url":"https:\/\/noti-america.com\/site\/mexico\/wp-content\/uploads\/sites\/13\/2024\/05\/tsize_600x400_Mexico-CDMX.jpg","contentUrl":"https:\/\/noti-america.com\/site\/mexico\/wp-content\/uploads\/sites\/13\/2024\/05\/tsize_600x400_Mexico-CDMX.jpg","width":600,"height":400},{"@type":"BreadcrumbList","@id":"https:\/\/noti-america.com\/site\/mexico\/2024\/05\/10\/el-turismo-internacional-en-mexico-crece-un-106-en-marzo\/#breadcrumb","itemListElement":[{"@type":"ListItem","position":1,"name":"Portada","item":"https:\/\/noti-america.com\/site\/mexico\/"},{"@type":"ListItem","position":2,"name":"El turismo internacional en M\u00e9xico crece un 10,6 % en marzo"}]},{"@type":"WebSite","@id":"https:\/\/noti-america.com\/site\/mexico\/#website","url":"https:\/\/noti-america.com\/site\/mexico\/","name":"M\u00e9xico | Noti-America.com","description":"","publisher":{"@id":"https:\/\/noti-america.com\/site\/mexico\/#organization"},"potentialAction":[{"@type":"SearchAction","target":{"@type":"EntryPoint","urlTemplate":"https:\/\/noti-america.com\/site\/mexico\/?s={search_term_string}"},"query-input":{"@type":"PropertyValueSpecification","valueRequired":true,"valueName":"search_term_string"}}],"inLanguage":"es"},{"@type":"Organization","@id":"https:\/\/noti-america.com\/site\/mexico\/#organization","name":"Noti-America LLC | M\u00e9xico","url":"https:\/\/noti-america.com\/site\/mexico\/","logo":{"@type":"ImageObject","inLanguage":"es","@id":"https:\/\/noti-america.com\/site\/mexico\/#\/schema\/logo\/image\/","url":"https:\/\/noti-america.com\/site\/mexico\/wp-content\/uploads\/sites\/13\/2020\/07\/LogoNA-4x3-1.jpg","contentUrl":"https:\/\/noti-america.com\/site\/mexico\/wp-content\/uploads\/sites\/13\/2020\/07\/LogoNA-4x3-1.jpg","width":1236,"height":1080,"caption":"Noti-America LLC | M\u00e9xico"},"image":{"@id":"https:\/\/noti-america.com\/site\/mexico\/#\/schema\/logo\/image\/"}},{"@type":"Person","@id":"https:\/\/noti-america.com\/site\/mexico\/#\/schema\/person\/22806efcc2cfc4b45efb0e17be210ea8","name":"Maria Valentina Noguera Medina","image":{"@type":"ImageObject","inLanguage":"es","@id":"https:\/\/secure.gravatar.com\/avatar\/4ec5eb9d099f2608a49c9df6f7341f66f04f819cdffa09d56a7a0e91d2819d56?s=96&d=mm&r=g","url":"https:\/\/secure.gravatar.com\/avatar\/4ec5eb9d099f2608a49c9df6f7341f66f04f819cdffa09d56a7a0e91d2819d56?s=96&d=mm&r=g","contentUrl":"https:\/\/secure.gravatar.com\/avatar\/4ec5eb9d099f2608a49c9df6f7341f66f04f819cdffa09d56a7a0e91d2819d56?s=96&d=mm&r=g","caption":"Maria Valentina Noguera Medina"},"description":"Periodista - noti-america - Promar Community Manager - Talento Plus Dise\u00f1adora\/ creadora de contenido...","sameAs":["Mar\u00eda Valentina Noguera","https:\/\/www.facebook.com\/mariavalentina.noguera","https:\/\/www.linkedin.com\/in\/mara-valentina-noguera-medina-373075165\/","https:\/\/www.pinterest.es\/valentinanoguera95\/","https:\/\/www.youtube.com\/channel\/UCdek6mbUZ-Tqqw0I63i4nmQ"],"url":"https:\/\/noti-america.com\/site\/mexico\/author\/mnoguera\/"}]}},"_links":{"self":[{"href":"https:\/\/noti-america.com\/site\/mexico\/wp-json\/wp\/v2\/posts\/11704","targetHints":{"allow":["GET"]}}],"collection":[{"href":"https:\/\/noti-america.com\/site\/mexico\/wp-json\/wp\/v2\/posts"}],"about":[{"href":"https:\/\/noti-america.com\/site\/mexico\/wp-json\/wp\/v2\/types\/post"}],"author":[{"embeddable":true,"href":"https:\/\/noti-america.com\/site\/mexico\/wp-json\/wp\/v2\/users\/133"}],"replies":[{"embeddable":true,"href":"https:\/\/noti-america.com\/site\/mexico\/wp-json\/wp\/v2\/comments?post=11704"}],"version-history":[{"count":1,"href":"https:\/\/noti-america.com\/site\/mexico\/wp-json\/wp\/v2\/posts\/11704\/revisions"}],"predecessor-version":[{"id":11706,"href":"https:\/\/noti-america.com\/site\/mexico\/wp-json\/wp\/v2\/posts\/11704\/revisions\/11706"}],"wp:featuredmedia":[{"embeddable":true,"href":"https:\/\/noti-america.com\/site\/mexico\/wp-json\/wp\/v2\/media\/11705"}],"wp:attachment":[{"href":"https:\/\/noti-america.com\/site\/mexico\/wp-json\/wp\/v2\/media?parent=11704"}],"wp:term":[{"taxonomy":"category","embeddable":true,"href":"https:\/\/noti-america.com\/site\/mexico\/wp-json\/wp\/v2\/categories?post=11704"},{"taxonomy":"post_tag","embeddable":true,"href":"https:\/\/noti-america.com\/site\/mexico\/wp-json\/wp\/v2\/tags?post=11704"}],"curies":[{"name":"wp","href":"https:\/\/api.w.org\/{rel}","templated":true}]}}