{"id":11564,"date":"2024-05-04T15:18:49","date_gmt":"2024-05-04T15:18:49","guid":{"rendered":"https:\/\/noti-america.com\/site\/mexico\/?p=11564"},"modified":"2024-05-04T15:18:49","modified_gmt":"2024-05-04T15:18:49","slug":"mexico-impulsa-a-mercado-libre","status":"publish","type":"post","link":"https:\/\/noti-america.com\/site\/mexico\/2024\/05\/04\/mexico-impulsa-a-mercado-libre\/","title":{"rendered":"M\u00e9xico impulsa a Mercado Libre"},"content":{"rendered":"<p>NOTI-AMERICA.COM | M\u00c9XICO \u2013 La cadena de comercio electr\u00f3nico, Mercado Libre, mostr\u00f3 un buen desempe\u00f1o durante el primer trimestre de 2024, siendo M\u00e9xico y Brasil los pa\u00edses que le ayudaron a superar el complicado panorama que present\u00f3 Argentina con la devaluaci\u00f3n de su moneda y debilitamiento macroecon\u00f3mico.<\/p>\n<p>De acuerdo con su reporte financiero, la tambi\u00e9n compa\u00f1\u00eda de servicios financieros gener\u00f3 ingresos por 4.3 mil millones de d\u00f3lares en ingresos netos, lo que signific\u00f3 un alza anual de 36 por ciento.<\/p>\n<p>De este total de ingresos, M\u00e9xico destac\u00f3 con el mayor crecimiento dentro de la regi\u00f3n latinoamericana con 59.2 por ciento anual, superando a Brasil que report\u00f3 un alza de 56.9 por ciento.<\/p>\n<p>Con estos logros, la empresa super\u00f3 la ca\u00edda en ingresos de su pa\u00eds de origen de 21.9 por ciento, la cual se explica por \u201cla debilidad macroecon\u00f3mica y el impacto de la devaluaci\u00f3n de la moneda argentina\u201d.<\/p>\n<p>\u00abEl primer trimestre es un ejemplo de nuestro \u00e9xito continuo a la hora de aprovechar estas oportunidades de manera rentable, con un aumento de 71 por ciento interanual de los beneficios netos, que alcanzaron los 344 millones de d\u00f3lares gracias a excelentes resultados en Brasil y M\u00e9xico\u201d, apunt\u00f3 Mart\u00edn de los Santos, director financiero de Mercado Libre en un comunicado.<\/p>\n<p>Hoy en d\u00eda, el gran ecosistema tecnol\u00f3gico de Mercado Libre comprende dos vertientes principales: Mercado Shops para el comercio electr\u00f3nico y Mercado Pago, que comprende los servicios financieros.<\/p>\n<p>Ambas vertientes operan en 18 pa\u00edses, desde M\u00e9xico hasta Argentina. En cuanto a su unidad fintech, de acuerdo con el reporte trimestral, Mercado Pago aument\u00f3 su cartera de cr\u00e9ditos en m\u00e1s de 600 millones de d\u00f3lares respecto al trimestre anterior, la mayor cifra desde principios de 2022, que en aquel entonces fue de 4.4 millones de d\u00f3lares.<\/p>\n<p>En M\u00e9xico, Mercado Pago alcanz\u00f3 el mill\u00f3n de tarjetas de cr\u00e9dito a menos de 10 meses del lanzamiento de este producto para sus usuarios.<\/p>\n<p>Recientemente, Mercado Libre anunci\u00f3 una inversi\u00f3n de dos mil 450 millones de d\u00f3lares en M\u00e9xico para este a\u00f1o. Se trata de la inversi\u00f3n m\u00e1s alta que hace la compa\u00f1\u00eda desde que opera en el pa\u00eds. La empresa fundada en 1999 es una de las m\u00e1s grandes de Latinoam\u00e9rica con cerca de 60 mil empleados, se\u00f1al\u00f3 en su informe.<\/p>\n<p>De acuerdo con la empresa, los recursos de inversi\u00f3n ser\u00e1n para el desarrollo log\u00edstico e innovaci\u00f3n tecnol\u00f3gica, as\u00ed como para la atracci\u00f3n de talento humano. Tambi\u00e9n se enfocar\u00e1n en consolidar su oferta de servicios financieros digitales y aumentar el alcance de sus cr\u00e9ditos a usuarios en general.<\/p>\n","protected":false},"excerpt":{"rendered":"<p>NOTI-AMERICA.COM | M\u00c9XICO \u2013 La cadena de comercio electr\u00f3nico, Mercado Libre, mostr\u00f3 un buen desempe\u00f1o durante el primer trimestre de 2024, siendo M\u00e9xico y Brasil los pa\u00edses que le ayudaron a superar el complicado&#46;&#46;&#46;<\/p>\n","protected":false},"author":133,"featured_media":11565,"comment_status":"open","ping_status":"open","sticky":false,"template":"","format":"image","meta":{"_acf_changed":false,"om_disable_all_campaigns":false,"rop_custom_images_group":[],"rop_custom_messages_group":[],"rop_publish_now":"initial","rop_publish_now_accounts":{"twitter_242054905_242054905":""},"rop_publish_now_history":[],"rop_publish_now_status":"pending","_uf_show_specific_survey":0,"_uf_disable_surveys":false,"footnotes":""},"categories":[722],"tags":[],"class_list":["post-11564","post","type-post","status-publish","format-image","has-post-thumbnail","hentry","category-actualidad","post_format-post-format-image"],"acf":[],"aioseo_notices":[],"yoast_head":"<!-- This site is optimized with the Yoast SEO Premium plugin v24.9 (Yoast SEO v27.2) - https:\/\/yoast.com\/product\/yoast-seo-premium-wordpress\/ -->\n<title>M\u00e9xico impulsa a Mercado Libre - M\u00e9xico<\/title>\n<meta name=\"robots\" content=\"index, follow, max-snippet:-1, max-image-preview:large, max-video-preview:-1\" \/>\n<link rel=\"canonical\" href=\"https:\/\/noti-america.com\/site\/mexico\/2024\/05\/04\/mexico-impulsa-a-mercado-libre\/\" \/>\n<meta property=\"og:locale\" content=\"es_ES\" \/>\n<meta property=\"og:type\" content=\"article\" \/>\n<meta property=\"og:title\" content=\"M\u00e9xico impulsa a Mercado Libre\" \/>\n<meta property=\"og:description\" content=\"NOTI-AMERICA.COM | M\u00c9XICO \u2013 La cadena de comercio electr\u00f3nico, Mercado Libre, mostr\u00f3 un buen desempe\u00f1o durante el primer trimestre de 2024, siendo M\u00e9xico y Brasil los pa\u00edses que le ayudaron a superar el complicado&#046;&#046;&#046;\" \/>\n<meta property=\"og:url\" content=\"https:\/\/noti-america.com\/site\/mexico\/2024\/05\/04\/mexico-impulsa-a-mercado-libre\/\" \/>\n<meta property=\"og:site_name\" content=\"M\u00e9xico\" \/>\n<meta property=\"article:author\" content=\"Mar\u00eda Valentina Noguera\" \/>\n<meta property=\"article:published_time\" content=\"2024-05-04T15:18:49+00:00\" \/>\n<meta property=\"og:image\" content=\"https:\/\/noti-america.com\/site\/mexico\/wp-content\/uploads\/sites\/13\/2024\/05\/Mercado-Libre-Portada_20221116_102751.jpg\" \/>\n\t<meta property=\"og:image:width\" content=\"1280\" \/>\n\t<meta property=\"og:image:height\" content=\"720\" \/>\n\t<meta property=\"og:image:type\" content=\"image\/jpeg\" \/>\n<meta name=\"author\" content=\"Maria Valentina Noguera Medina\" \/>\n<meta name=\"twitter:card\" content=\"summary_large_image\" \/>\n<meta name=\"twitter:label1\" content=\"Escrito por\" \/>\n\t<meta name=\"twitter:data1\" content=\"Maria Valentina Noguera Medina\" \/>\n\t<meta name=\"twitter:label2\" content=\"Tiempo estimado de lectura\" \/>\n\t<meta name=\"twitter:data2\" content=\"3 minutos\" \/>\n<script type=\"application\/ld+json\" class=\"yoast-schema-graph\">{\"@context\":\"https:\/\/schema.org\",\"@graph\":[{\"@type\":\"Article\",\"@id\":\"https:\/\/noti-america.com\/site\/mexico\/2024\/05\/04\/mexico-impulsa-a-mercado-libre\/#article\",\"isPartOf\":{\"@id\":\"https:\/\/noti-america.com\/site\/mexico\/2024\/05\/04\/mexico-impulsa-a-mercado-libre\/\"},\"author\":{\"name\":\"Maria Valentina Noguera Medina\",\"@id\":\"https:\/\/noti-america.com\/site\/mexico\/#\/schema\/person\/22806efcc2cfc4b45efb0e17be210ea8\"},\"headline\":\"M\u00e9xico impulsa a Mercado Libre\",\"datePublished\":\"2024-05-04T15:18:49+00:00\",\"mainEntityOfPage\":{\"@id\":\"https:\/\/noti-america.com\/site\/mexico\/2024\/05\/04\/mexico-impulsa-a-mercado-libre\/\"},\"wordCount\":463,\"commentCount\":0,\"publisher\":{\"@id\":\"https:\/\/noti-america.com\/site\/mexico\/#organization\"},\"image\":{\"@id\":\"https:\/\/noti-america.com\/site\/mexico\/2024\/05\/04\/mexico-impulsa-a-mercado-libre\/#primaryimage\"},\"thumbnailUrl\":\"https:\/\/noti-america.com\/site\/mexico\/wp-content\/uploads\/sites\/13\/2024\/05\/Mercado-Libre-Portada_20221116_102751.jpg\",\"articleSection\":[\"Actualidad\"],\"inLanguage\":\"es\",\"potentialAction\":[{\"@type\":\"CommentAction\",\"name\":\"Comment\",\"target\":[\"https:\/\/noti-america.com\/site\/mexico\/2024\/05\/04\/mexico-impulsa-a-mercado-libre\/#respond\"]}]},{\"@type\":\"WebPage\",\"@id\":\"https:\/\/noti-america.com\/site\/mexico\/2024\/05\/04\/mexico-impulsa-a-mercado-libre\/\",\"url\":\"https:\/\/noti-america.com\/site\/mexico\/2024\/05\/04\/mexico-impulsa-a-mercado-libre\/\",\"name\":\"M\u00e9xico impulsa a Mercado Libre - M\u00e9xico\",\"isPartOf\":{\"@id\":\"https:\/\/noti-america.com\/site\/mexico\/#website\"},\"primaryImageOfPage\":{\"@id\":\"https:\/\/noti-america.com\/site\/mexico\/2024\/05\/04\/mexico-impulsa-a-mercado-libre\/#primaryimage\"},\"image\":{\"@id\":\"https:\/\/noti-america.com\/site\/mexico\/2024\/05\/04\/mexico-impulsa-a-mercado-libre\/#primaryimage\"},\"thumbnailUrl\":\"https:\/\/noti-america.com\/site\/mexico\/wp-content\/uploads\/sites\/13\/2024\/05\/Mercado-Libre-Portada_20221116_102751.jpg\",\"datePublished\":\"2024-05-04T15:18:49+00:00\",\"breadcrumb\":{\"@id\":\"https:\/\/noti-america.com\/site\/mexico\/2024\/05\/04\/mexico-impulsa-a-mercado-libre\/#breadcrumb\"},\"inLanguage\":\"es\",\"potentialAction\":[{\"@type\":\"ReadAction\",\"target\":[\"https:\/\/noti-america.com\/site\/mexico\/2024\/05\/04\/mexico-impulsa-a-mercado-libre\/\"]}]},{\"@type\":\"ImageObject\",\"inLanguage\":\"es\",\"@id\":\"https:\/\/noti-america.com\/site\/mexico\/2024\/05\/04\/mexico-impulsa-a-mercado-libre\/#primaryimage\",\"url\":\"https:\/\/noti-america.com\/site\/mexico\/wp-content\/uploads\/sites\/13\/2024\/05\/Mercado-Libre-Portada_20221116_102751.jpg\",\"contentUrl\":\"https:\/\/noti-america.com\/site\/mexico\/wp-content\/uploads\/sites\/13\/2024\/05\/Mercado-Libre-Portada_20221116_102751.jpg\",\"width\":1280,\"height\":720},{\"@type\":\"BreadcrumbList\",\"@id\":\"https:\/\/noti-america.com\/site\/mexico\/2024\/05\/04\/mexico-impulsa-a-mercado-libre\/#breadcrumb\",\"itemListElement\":[{\"@type\":\"ListItem\",\"position\":1,\"name\":\"Portada\",\"item\":\"https:\/\/noti-america.com\/site\/mexico\/\"},{\"@type\":\"ListItem\",\"position\":2,\"name\":\"M\u00e9xico impulsa a Mercado Libre\"}]},{\"@type\":\"WebSite\",\"@id\":\"https:\/\/noti-america.com\/site\/mexico\/#website\",\"url\":\"https:\/\/noti-america.com\/site\/mexico\/\",\"name\":\"M\u00e9xico | Noti-America.com\",\"description\":\"\",\"publisher\":{\"@id\":\"https:\/\/noti-america.com\/site\/mexico\/#organization\"},\"potentialAction\":[{\"@type\":\"SearchAction\",\"target\":{\"@type\":\"EntryPoint\",\"urlTemplate\":\"https:\/\/noti-america.com\/site\/mexico\/?s={search_term_string}\"},\"query-input\":{\"@type\":\"PropertyValueSpecification\",\"valueRequired\":true,\"valueName\":\"search_term_string\"}}],\"inLanguage\":\"es\"},{\"@type\":\"Organization\",\"@id\":\"https:\/\/noti-america.com\/site\/mexico\/#organization\",\"name\":\"Noti-America LLC | M\u00e9xico\",\"url\":\"https:\/\/noti-america.com\/site\/mexico\/\",\"logo\":{\"@type\":\"ImageObject\",\"inLanguage\":\"es\",\"@id\":\"https:\/\/noti-america.com\/site\/mexico\/#\/schema\/logo\/image\/\",\"url\":\"https:\/\/noti-america.com\/site\/mexico\/wp-content\/uploads\/sites\/13\/2020\/07\/LogoNA-4x3-1.jpg\",\"contentUrl\":\"https:\/\/noti-america.com\/site\/mexico\/wp-content\/uploads\/sites\/13\/2020\/07\/LogoNA-4x3-1.jpg\",\"width\":1236,\"height\":1080,\"caption\":\"Noti-America LLC | M\u00e9xico\"},\"image\":{\"@id\":\"https:\/\/noti-america.com\/site\/mexico\/#\/schema\/logo\/image\/\"}},{\"@type\":\"Person\",\"@id\":\"https:\/\/noti-america.com\/site\/mexico\/#\/schema\/person\/22806efcc2cfc4b45efb0e17be210ea8\",\"name\":\"Maria Valentina Noguera Medina\",\"image\":{\"@type\":\"ImageObject\",\"inLanguage\":\"es\",\"@id\":\"https:\/\/secure.gravatar.com\/avatar\/4ec5eb9d099f2608a49c9df6f7341f66f04f819cdffa09d56a7a0e91d2819d56?s=96&d=mm&r=g\",\"url\":\"https:\/\/secure.gravatar.com\/avatar\/4ec5eb9d099f2608a49c9df6f7341f66f04f819cdffa09d56a7a0e91d2819d56?s=96&d=mm&r=g\",\"contentUrl\":\"https:\/\/secure.gravatar.com\/avatar\/4ec5eb9d099f2608a49c9df6f7341f66f04f819cdffa09d56a7a0e91d2819d56?s=96&d=mm&r=g\",\"caption\":\"Maria Valentina Noguera Medina\"},\"description\":\"Periodista - noti-america - Promar Community Manager - Talento Plus Dise\u00f1adora\/ creadora de contenido...\",\"sameAs\":[\"Mar\u00eda Valentina Noguera\",\"https:\/\/www.facebook.com\/mariavalentina.noguera\",\"https:\/\/www.linkedin.com\/in\/mara-valentina-noguera-medina-373075165\/\",\"https:\/\/www.pinterest.es\/valentinanoguera95\/\",\"https:\/\/www.youtube.com\/channel\/UCdek6mbUZ-Tqqw0I63i4nmQ\"],\"url\":\"https:\/\/noti-america.com\/site\/mexico\/author\/mnoguera\/\"}]}<\/script>\n<!-- \/ Yoast SEO Premium plugin. -->","yoast_head_json":{"title":"M\u00e9xico impulsa a Mercado Libre - M\u00e9xico","robots":{"index":"index","follow":"follow","max-snippet":"max-snippet:-1","max-image-preview":"max-image-preview:large","max-video-preview":"max-video-preview:-1"},"canonical":"https:\/\/noti-america.com\/site\/mexico\/2024\/05\/04\/mexico-impulsa-a-mercado-libre\/","og_locale":"es_ES","og_type":"article","og_title":"M\u00e9xico impulsa a Mercado Libre","og_description":"NOTI-AMERICA.COM | M\u00c9XICO \u2013 La cadena de comercio electr\u00f3nico, Mercado Libre, mostr\u00f3 un buen desempe\u00f1o durante el primer trimestre de 2024, siendo M\u00e9xico y Brasil los pa\u00edses que le ayudaron a superar el complicado&#46;&#46;&#46;","og_url":"https:\/\/noti-america.com\/site\/mexico\/2024\/05\/04\/mexico-impulsa-a-mercado-libre\/","og_site_name":"M\u00e9xico","article_author":"Mar\u00eda Valentina Noguera","article_published_time":"2024-05-04T15:18:49+00:00","og_image":[{"width":1280,"height":720,"url":"https:\/\/noti-america.com\/site\/mexico\/wp-content\/uploads\/sites\/13\/2024\/05\/Mercado-Libre-Portada_20221116_102751.jpg","type":"image\/jpeg"}],"author":"Maria Valentina Noguera Medina","twitter_card":"summary_large_image","twitter_misc":{"Escrito por":"Maria Valentina Noguera Medina","Tiempo estimado de lectura":"3 minutos"},"schema":{"@context":"https:\/\/schema.org","@graph":[{"@type":"Article","@id":"https:\/\/noti-america.com\/site\/mexico\/2024\/05\/04\/mexico-impulsa-a-mercado-libre\/#article","isPartOf":{"@id":"https:\/\/noti-america.com\/site\/mexico\/2024\/05\/04\/mexico-impulsa-a-mercado-libre\/"},"author":{"name":"Maria Valentina Noguera Medina","@id":"https:\/\/noti-america.com\/site\/mexico\/#\/schema\/person\/22806efcc2cfc4b45efb0e17be210ea8"},"headline":"M\u00e9xico impulsa a Mercado Libre","datePublished":"2024-05-04T15:18:49+00:00","mainEntityOfPage":{"@id":"https:\/\/noti-america.com\/site\/mexico\/2024\/05\/04\/mexico-impulsa-a-mercado-libre\/"},"wordCount":463,"commentCount":0,"publisher":{"@id":"https:\/\/noti-america.com\/site\/mexico\/#organization"},"image":{"@id":"https:\/\/noti-america.com\/site\/mexico\/2024\/05\/04\/mexico-impulsa-a-mercado-libre\/#primaryimage"},"thumbnailUrl":"https:\/\/noti-america.com\/site\/mexico\/wp-content\/uploads\/sites\/13\/2024\/05\/Mercado-Libre-Portada_20221116_102751.jpg","articleSection":["Actualidad"],"inLanguage":"es","potentialAction":[{"@type":"CommentAction","name":"Comment","target":["https:\/\/noti-america.com\/site\/mexico\/2024\/05\/04\/mexico-impulsa-a-mercado-libre\/#respond"]}]},{"@type":"WebPage","@id":"https:\/\/noti-america.com\/site\/mexico\/2024\/05\/04\/mexico-impulsa-a-mercado-libre\/","url":"https:\/\/noti-america.com\/site\/mexico\/2024\/05\/04\/mexico-impulsa-a-mercado-libre\/","name":"M\u00e9xico impulsa a Mercado Libre - M\u00e9xico","isPartOf":{"@id":"https:\/\/noti-america.com\/site\/mexico\/#website"},"primaryImageOfPage":{"@id":"https:\/\/noti-america.com\/site\/mexico\/2024\/05\/04\/mexico-impulsa-a-mercado-libre\/#primaryimage"},"image":{"@id":"https:\/\/noti-america.com\/site\/mexico\/2024\/05\/04\/mexico-impulsa-a-mercado-libre\/#primaryimage"},"thumbnailUrl":"https:\/\/noti-america.com\/site\/mexico\/wp-content\/uploads\/sites\/13\/2024\/05\/Mercado-Libre-Portada_20221116_102751.jpg","datePublished":"2024-05-04T15:18:49+00:00","breadcrumb":{"@id":"https:\/\/noti-america.com\/site\/mexico\/2024\/05\/04\/mexico-impulsa-a-mercado-libre\/#breadcrumb"},"inLanguage":"es","potentialAction":[{"@type":"ReadAction","target":["https:\/\/noti-america.com\/site\/mexico\/2024\/05\/04\/mexico-impulsa-a-mercado-libre\/"]}]},{"@type":"ImageObject","inLanguage":"es","@id":"https:\/\/noti-america.com\/site\/mexico\/2024\/05\/04\/mexico-impulsa-a-mercado-libre\/#primaryimage","url":"https:\/\/noti-america.com\/site\/mexico\/wp-content\/uploads\/sites\/13\/2024\/05\/Mercado-Libre-Portada_20221116_102751.jpg","contentUrl":"https:\/\/noti-america.com\/site\/mexico\/wp-content\/uploads\/sites\/13\/2024\/05\/Mercado-Libre-Portada_20221116_102751.jpg","width":1280,"height":720},{"@type":"BreadcrumbList","@id":"https:\/\/noti-america.com\/site\/mexico\/2024\/05\/04\/mexico-impulsa-a-mercado-libre\/#breadcrumb","itemListElement":[{"@type":"ListItem","position":1,"name":"Portada","item":"https:\/\/noti-america.com\/site\/mexico\/"},{"@type":"ListItem","position":2,"name":"M\u00e9xico impulsa a Mercado Libre"}]},{"@type":"WebSite","@id":"https:\/\/noti-america.com\/site\/mexico\/#website","url":"https:\/\/noti-america.com\/site\/mexico\/","name":"M\u00e9xico | Noti-America.com","description":"","publisher":{"@id":"https:\/\/noti-america.com\/site\/mexico\/#organization"},"potentialAction":[{"@type":"SearchAction","target":{"@type":"EntryPoint","urlTemplate":"https:\/\/noti-america.com\/site\/mexico\/?s={search_term_string}"},"query-input":{"@type":"PropertyValueSpecification","valueRequired":true,"valueName":"search_term_string"}}],"inLanguage":"es"},{"@type":"Organization","@id":"https:\/\/noti-america.com\/site\/mexico\/#organization","name":"Noti-America LLC | M\u00e9xico","url":"https:\/\/noti-america.com\/site\/mexico\/","logo":{"@type":"ImageObject","inLanguage":"es","@id":"https:\/\/noti-america.com\/site\/mexico\/#\/schema\/logo\/image\/","url":"https:\/\/noti-america.com\/site\/mexico\/wp-content\/uploads\/sites\/13\/2020\/07\/LogoNA-4x3-1.jpg","contentUrl":"https:\/\/noti-america.com\/site\/mexico\/wp-content\/uploads\/sites\/13\/2020\/07\/LogoNA-4x3-1.jpg","width":1236,"height":1080,"caption":"Noti-America LLC | M\u00e9xico"},"image":{"@id":"https:\/\/noti-america.com\/site\/mexico\/#\/schema\/logo\/image\/"}},{"@type":"Person","@id":"https:\/\/noti-america.com\/site\/mexico\/#\/schema\/person\/22806efcc2cfc4b45efb0e17be210ea8","name":"Maria Valentina Noguera Medina","image":{"@type":"ImageObject","inLanguage":"es","@id":"https:\/\/secure.gravatar.com\/avatar\/4ec5eb9d099f2608a49c9df6f7341f66f04f819cdffa09d56a7a0e91d2819d56?s=96&d=mm&r=g","url":"https:\/\/secure.gravatar.com\/avatar\/4ec5eb9d099f2608a49c9df6f7341f66f04f819cdffa09d56a7a0e91d2819d56?s=96&d=mm&r=g","contentUrl":"https:\/\/secure.gravatar.com\/avatar\/4ec5eb9d099f2608a49c9df6f7341f66f04f819cdffa09d56a7a0e91d2819d56?s=96&d=mm&r=g","caption":"Maria Valentina Noguera Medina"},"description":"Periodista - noti-america - Promar Community Manager - Talento Plus Dise\u00f1adora\/ creadora de contenido...","sameAs":["Mar\u00eda Valentina Noguera","https:\/\/www.facebook.com\/mariavalentina.noguera","https:\/\/www.linkedin.com\/in\/mara-valentina-noguera-medina-373075165\/","https:\/\/www.pinterest.es\/valentinanoguera95\/","https:\/\/www.youtube.com\/channel\/UCdek6mbUZ-Tqqw0I63i4nmQ"],"url":"https:\/\/noti-america.com\/site\/mexico\/author\/mnoguera\/"}]}},"_links":{"self":[{"href":"https:\/\/noti-america.com\/site\/mexico\/wp-json\/wp\/v2\/posts\/11564","targetHints":{"allow":["GET"]}}],"collection":[{"href":"https:\/\/noti-america.com\/site\/mexico\/wp-json\/wp\/v2\/posts"}],"about":[{"href":"https:\/\/noti-america.com\/site\/mexico\/wp-json\/wp\/v2\/types\/post"}],"author":[{"embeddable":true,"href":"https:\/\/noti-america.com\/site\/mexico\/wp-json\/wp\/v2\/users\/133"}],"replies":[{"embeddable":true,"href":"https:\/\/noti-america.com\/site\/mexico\/wp-json\/wp\/v2\/comments?post=11564"}],"version-history":[{"count":1,"href":"https:\/\/noti-america.com\/site\/mexico\/wp-json\/wp\/v2\/posts\/11564\/revisions"}],"predecessor-version":[{"id":11566,"href":"https:\/\/noti-america.com\/site\/mexico\/wp-json\/wp\/v2\/posts\/11564\/revisions\/11566"}],"wp:featuredmedia":[{"embeddable":true,"href":"https:\/\/noti-america.com\/site\/mexico\/wp-json\/wp\/v2\/media\/11565"}],"wp:attachment":[{"href":"https:\/\/noti-america.com\/site\/mexico\/wp-json\/wp\/v2\/media?parent=11564"}],"wp:term":[{"taxonomy":"category","embeddable":true,"href":"https:\/\/noti-america.com\/site\/mexico\/wp-json\/wp\/v2\/categories?post=11564"},{"taxonomy":"post_tag","embeddable":true,"href":"https:\/\/noti-america.com\/site\/mexico\/wp-json\/wp\/v2\/tags?post=11564"}],"curies":[{"name":"wp","href":"https:\/\/api.w.org\/{rel}","templated":true}]}}