{"id":11287,"date":"2024-04-12T15:01:36","date_gmt":"2024-04-12T15:01:36","guid":{"rendered":"https:\/\/noti-america.com\/site\/mexico\/?p=11287"},"modified":"2024-04-12T15:01:36","modified_gmt":"2024-04-12T15:01:36","slug":"aerolinea-estelar-anuncia-nueva-frecuencia-en-el-airbus-350-900-con-destino-caracas","status":"publish","type":"post","link":"https:\/\/noti-america.com\/site\/mexico\/2024\/04\/12\/aerolinea-estelar-anuncia-nueva-frecuencia-en-el-airbus-350-900-con-destino-caracas\/","title":{"rendered":"Aerol\u00ednea Estelar anuncia nueva frecuencia en el Airbus 350-900 con destino Caracas"},"content":{"rendered":"<div><strong>Aerol\u00ednea Estelar,<\/strong>\u00a0una de las principales aerol\u00edneas de Venezuela, anunci\u00f3 una actualizaci\u00f3n en su flota con la introducci\u00f3n del A350-900. Esta nueva adici\u00f3n a la flota permitir\u00e1 que los vuelos m\u00e1s largos sean a\u00fan m\u00e1s c\u00f3modos y placenteros para los pasajeros.<\/p>\n<\/div>\n<div>La nueva frecuencia en el\u00a0<strong>Airbus 350-900<\/strong>\u00a0comenzar\u00e1 a operar a partir del 1 de mayo, ofreciendo una experiencia de vuelo mejorada para aquellos que viajan entre Caracas y Madrid. Los vuelos operar\u00e1n los d\u00edas mi\u00e9rcoles y viernes, proporcionando a los pasajeros una mayor flexibilidad y conveniencia en sus viajes.<\/p>\n<\/div>\n<div>Con el\u00a0<strong>A350-900,<\/strong>\u00a0los pasajeros de Aerol\u00ednea Estelar podr\u00e1n disfrutar de una serie de comodidades y caracter\u00edsticas innovadoras dise\u00f1adas para mejorar su experiencia de vuelo.<\/p>\n<\/div>\n<div>Con esta actualizaci\u00f3n en su flota, la aerol\u00ednea contin\u00faa brindando a los viajeros las mejores opciones para sus desplazamientos a\u00e9reos.<\/div>\n","protected":false},"excerpt":{"rendered":"<p>Aerol\u00ednea Estelar,\u00a0una de las principales aerol\u00edneas de Venezuela, anunci\u00f3 una actualizaci\u00f3n en su flota con la introducci\u00f3n del A350-900. Esta nueva adici\u00f3n a la flota permitir\u00e1 que los vuelos m\u00e1s largos sean a\u00fan m\u00e1s&#46;&#46;&#46;<\/p>\n","protected":false},"author":127,"featured_media":0,"comment_status":"open","ping_status":"open","sticky":false,"template":"","format":"image","meta":{"_acf_changed":false,"om_disable_all_campaigns":false,"rop_custom_images_group":[],"rop_custom_messages_group":[],"rop_publish_now":"initial","rop_publish_now_accounts":{"twitter_242054905_242054905":""},"rop_publish_now_history":[],"rop_publish_now_status":"pending","_uf_show_specific_survey":0,"_uf_disable_surveys":false,"footnotes":""},"categories":[5],"tags":[],"class_list":["post-11287","post","type-post","status-publish","format-image","hentry","category-economia","post_format-post-format-image"],"acf":[],"aioseo_notices":[],"yoast_head":"<!-- This site is optimized with the Yoast SEO Premium plugin v24.9 (Yoast SEO v27.2) - https:\/\/yoast.com\/product\/yoast-seo-premium-wordpress\/ -->\n<title>Aerol\u00ednea Estelar anuncia nueva frecuencia en el Airbus 350-900 con destino Caracas - M\u00e9xico<\/title>\n<meta name=\"robots\" content=\"index, follow, max-snippet:-1, max-image-preview:large, max-video-preview:-1\" \/>\n<link rel=\"canonical\" href=\"https:\/\/noti-america.com\/site\/mexico\/2024\/04\/12\/aerolinea-estelar-anuncia-nueva-frecuencia-en-el-airbus-350-900-con-destino-caracas\/\" \/>\n<meta property=\"og:locale\" content=\"es_ES\" \/>\n<meta property=\"og:type\" content=\"article\" \/>\n<meta property=\"og:title\" content=\"Aerol\u00ednea Estelar anuncia nueva frecuencia en el Airbus 350-900 con destino Caracas\" \/>\n<meta property=\"og:description\" content=\"Aerol\u00ednea Estelar,\u00a0una de las principales aerol\u00edneas de Venezuela, anunci\u00f3 una actualizaci\u00f3n en su flota con la introducci\u00f3n del A350-900. Esta nueva adici\u00f3n a la flota permitir\u00e1 que los vuelos m\u00e1s largos sean a\u00fan m\u00e1s&#046;&#046;&#046;\" \/>\n<meta property=\"og:url\" content=\"https:\/\/noti-america.com\/site\/mexico\/2024\/04\/12\/aerolinea-estelar-anuncia-nueva-frecuencia-en-el-airbus-350-900-con-destino-caracas\/\" \/>\n<meta property=\"og:site_name\" content=\"M\u00e9xico\" \/>\n<meta property=\"article:published_time\" content=\"2024-04-12T15:01:36+00:00\" \/>\n<meta name=\"author\" content=\"Yoelvzla\" \/>\n<meta name=\"twitter:card\" content=\"summary_large_image\" \/>\n<meta name=\"twitter:label1\" content=\"Escrito por\" \/>\n\t<meta name=\"twitter:data1\" content=\"Yoelvzla\" \/>\n\t<meta name=\"twitter:label2\" content=\"Tiempo estimado de lectura\" \/>\n\t<meta name=\"twitter:data2\" content=\"1 minuto\" \/>\n<script type=\"application\/ld+json\" class=\"yoast-schema-graph\">{\"@context\":\"https:\/\/schema.org\",\"@graph\":[{\"@type\":\"Article\",\"@id\":\"https:\/\/noti-america.com\/site\/mexico\/2024\/04\/12\/aerolinea-estelar-anuncia-nueva-frecuencia-en-el-airbus-350-900-con-destino-caracas\/#article\",\"isPartOf\":{\"@id\":\"https:\/\/noti-america.com\/site\/mexico\/2024\/04\/12\/aerolinea-estelar-anuncia-nueva-frecuencia-en-el-airbus-350-900-con-destino-caracas\/\"},\"author\":{\"name\":\"Yoelvzla\",\"@id\":\"https:\/\/noti-america.com\/site\/mexico\/#\/schema\/person\/376ccc7b3cc7a8d5a43c3ece07a43857\"},\"headline\":\"Aerol\u00ednea Estelar anuncia nueva frecuencia en el Airbus 350-900 con destino Caracas\",\"datePublished\":\"2024-04-12T15:01:36+00:00\",\"mainEntityOfPage\":{\"@id\":\"https:\/\/noti-america.com\/site\/mexico\/2024\/04\/12\/aerolinea-estelar-anuncia-nueva-frecuencia-en-el-airbus-350-900-con-destino-caracas\/\"},\"wordCount\":170,\"commentCount\":0,\"publisher\":{\"@id\":\"https:\/\/noti-america.com\/site\/mexico\/#organization\"},\"articleSection\":[\"Econom\u00eda\"],\"inLanguage\":\"es\",\"potentialAction\":[{\"@type\":\"CommentAction\",\"name\":\"Comment\",\"target\":[\"https:\/\/noti-america.com\/site\/mexico\/2024\/04\/12\/aerolinea-estelar-anuncia-nueva-frecuencia-en-el-airbus-350-900-con-destino-caracas\/#respond\"]}]},{\"@type\":\"WebPage\",\"@id\":\"https:\/\/noti-america.com\/site\/mexico\/2024\/04\/12\/aerolinea-estelar-anuncia-nueva-frecuencia-en-el-airbus-350-900-con-destino-caracas\/\",\"url\":\"https:\/\/noti-america.com\/site\/mexico\/2024\/04\/12\/aerolinea-estelar-anuncia-nueva-frecuencia-en-el-airbus-350-900-con-destino-caracas\/\",\"name\":\"Aerol\u00ednea Estelar anuncia nueva frecuencia en el Airbus 350-900 con destino Caracas - M\u00e9xico\",\"isPartOf\":{\"@id\":\"https:\/\/noti-america.com\/site\/mexico\/#website\"},\"datePublished\":\"2024-04-12T15:01:36+00:00\",\"breadcrumb\":{\"@id\":\"https:\/\/noti-america.com\/site\/mexico\/2024\/04\/12\/aerolinea-estelar-anuncia-nueva-frecuencia-en-el-airbus-350-900-con-destino-caracas\/#breadcrumb\"},\"inLanguage\":\"es\",\"potentialAction\":[{\"@type\":\"ReadAction\",\"target\":[\"https:\/\/noti-america.com\/site\/mexico\/2024\/04\/12\/aerolinea-estelar-anuncia-nueva-frecuencia-en-el-airbus-350-900-con-destino-caracas\/\"]}]},{\"@type\":\"BreadcrumbList\",\"@id\":\"https:\/\/noti-america.com\/site\/mexico\/2024\/04\/12\/aerolinea-estelar-anuncia-nueva-frecuencia-en-el-airbus-350-900-con-destino-caracas\/#breadcrumb\",\"itemListElement\":[{\"@type\":\"ListItem\",\"position\":1,\"name\":\"Portada\",\"item\":\"https:\/\/noti-america.com\/site\/mexico\/\"},{\"@type\":\"ListItem\",\"position\":2,\"name\":\"Aerol\u00ednea Estelar anuncia nueva frecuencia en el Airbus 350-900 con destino Caracas\"}]},{\"@type\":\"WebSite\",\"@id\":\"https:\/\/noti-america.com\/site\/mexico\/#website\",\"url\":\"https:\/\/noti-america.com\/site\/mexico\/\",\"name\":\"M\u00e9xico | Noti-America.com\",\"description\":\"\",\"publisher\":{\"@id\":\"https:\/\/noti-america.com\/site\/mexico\/#organization\"},\"potentialAction\":[{\"@type\":\"SearchAction\",\"target\":{\"@type\":\"EntryPoint\",\"urlTemplate\":\"https:\/\/noti-america.com\/site\/mexico\/?s={search_term_string}\"},\"query-input\":{\"@type\":\"PropertyValueSpecification\",\"valueRequired\":true,\"valueName\":\"search_term_string\"}}],\"inLanguage\":\"es\"},{\"@type\":\"Organization\",\"@id\":\"https:\/\/noti-america.com\/site\/mexico\/#organization\",\"name\":\"Noti-America LLC | M\u00e9xico\",\"url\":\"https:\/\/noti-america.com\/site\/mexico\/\",\"logo\":{\"@type\":\"ImageObject\",\"inLanguage\":\"es\",\"@id\":\"https:\/\/noti-america.com\/site\/mexico\/#\/schema\/logo\/image\/\",\"url\":\"https:\/\/noti-america.com\/site\/mexico\/wp-content\/uploads\/sites\/13\/2020\/07\/LogoNA-4x3-1.jpg\",\"contentUrl\":\"https:\/\/noti-america.com\/site\/mexico\/wp-content\/uploads\/sites\/13\/2020\/07\/LogoNA-4x3-1.jpg\",\"width\":1236,\"height\":1080,\"caption\":\"Noti-America LLC | M\u00e9xico\"},\"image\":{\"@id\":\"https:\/\/noti-america.com\/site\/mexico\/#\/schema\/logo\/image\/\"}},{\"@type\":\"Person\",\"@id\":\"https:\/\/noti-america.com\/site\/mexico\/#\/schema\/person\/376ccc7b3cc7a8d5a43c3ece07a43857\",\"name\":\"Yoelvzla\",\"image\":{\"@type\":\"ImageObject\",\"inLanguage\":\"es\",\"@id\":\"https:\/\/secure.gravatar.com\/avatar\/13a96a72123e0e9aa76fe82e8847f726c63a1c5ef6a8d0fadd844c1a5a83b212?s=96&d=mm&r=g\",\"url\":\"https:\/\/secure.gravatar.com\/avatar\/13a96a72123e0e9aa76fe82e8847f726c63a1c5ef6a8d0fadd844c1a5a83b212?s=96&d=mm&r=g\",\"contentUrl\":\"https:\/\/secure.gravatar.com\/avatar\/13a96a72123e0e9aa76fe82e8847f726c63a1c5ef6a8d0fadd844c1a5a83b212?s=96&d=mm&r=g\",\"caption\":\"Yoelvzla\"},\"url\":\"https:\/\/noti-america.com\/site\/mexico\/author\/ydiaz\/\"}]}<\/script>\n<!-- \/ Yoast SEO Premium plugin. -->","yoast_head_json":{"title":"Aerol\u00ednea Estelar anuncia nueva frecuencia en el Airbus 350-900 con destino Caracas - M\u00e9xico","robots":{"index":"index","follow":"follow","max-snippet":"max-snippet:-1","max-image-preview":"max-image-preview:large","max-video-preview":"max-video-preview:-1"},"canonical":"https:\/\/noti-america.com\/site\/mexico\/2024\/04\/12\/aerolinea-estelar-anuncia-nueva-frecuencia-en-el-airbus-350-900-con-destino-caracas\/","og_locale":"es_ES","og_type":"article","og_title":"Aerol\u00ednea Estelar anuncia nueva frecuencia en el Airbus 350-900 con destino Caracas","og_description":"Aerol\u00ednea Estelar,\u00a0una de las principales aerol\u00edneas de Venezuela, anunci\u00f3 una actualizaci\u00f3n en su flota con la introducci\u00f3n del A350-900. Esta nueva adici\u00f3n a la flota permitir\u00e1 que los vuelos m\u00e1s largos sean a\u00fan m\u00e1s&#46;&#46;&#46;","og_url":"https:\/\/noti-america.com\/site\/mexico\/2024\/04\/12\/aerolinea-estelar-anuncia-nueva-frecuencia-en-el-airbus-350-900-con-destino-caracas\/","og_site_name":"M\u00e9xico","article_published_time":"2024-04-12T15:01:36+00:00","author":"Yoelvzla","twitter_card":"summary_large_image","twitter_misc":{"Escrito por":"Yoelvzla","Tiempo estimado de lectura":"1 minuto"},"schema":{"@context":"https:\/\/schema.org","@graph":[{"@type":"Article","@id":"https:\/\/noti-america.com\/site\/mexico\/2024\/04\/12\/aerolinea-estelar-anuncia-nueva-frecuencia-en-el-airbus-350-900-con-destino-caracas\/#article","isPartOf":{"@id":"https:\/\/noti-america.com\/site\/mexico\/2024\/04\/12\/aerolinea-estelar-anuncia-nueva-frecuencia-en-el-airbus-350-900-con-destino-caracas\/"},"author":{"name":"Yoelvzla","@id":"https:\/\/noti-america.com\/site\/mexico\/#\/schema\/person\/376ccc7b3cc7a8d5a43c3ece07a43857"},"headline":"Aerol\u00ednea Estelar anuncia nueva frecuencia en el Airbus 350-900 con destino Caracas","datePublished":"2024-04-12T15:01:36+00:00","mainEntityOfPage":{"@id":"https:\/\/noti-america.com\/site\/mexico\/2024\/04\/12\/aerolinea-estelar-anuncia-nueva-frecuencia-en-el-airbus-350-900-con-destino-caracas\/"},"wordCount":170,"commentCount":0,"publisher":{"@id":"https:\/\/noti-america.com\/site\/mexico\/#organization"},"articleSection":["Econom\u00eda"],"inLanguage":"es","potentialAction":[{"@type":"CommentAction","name":"Comment","target":["https:\/\/noti-america.com\/site\/mexico\/2024\/04\/12\/aerolinea-estelar-anuncia-nueva-frecuencia-en-el-airbus-350-900-con-destino-caracas\/#respond"]}]},{"@type":"WebPage","@id":"https:\/\/noti-america.com\/site\/mexico\/2024\/04\/12\/aerolinea-estelar-anuncia-nueva-frecuencia-en-el-airbus-350-900-con-destino-caracas\/","url":"https:\/\/noti-america.com\/site\/mexico\/2024\/04\/12\/aerolinea-estelar-anuncia-nueva-frecuencia-en-el-airbus-350-900-con-destino-caracas\/","name":"Aerol\u00ednea Estelar anuncia nueva frecuencia en el Airbus 350-900 con destino Caracas - M\u00e9xico","isPartOf":{"@id":"https:\/\/noti-america.com\/site\/mexico\/#website"},"datePublished":"2024-04-12T15:01:36+00:00","breadcrumb":{"@id":"https:\/\/noti-america.com\/site\/mexico\/2024\/04\/12\/aerolinea-estelar-anuncia-nueva-frecuencia-en-el-airbus-350-900-con-destino-caracas\/#breadcrumb"},"inLanguage":"es","potentialAction":[{"@type":"ReadAction","target":["https:\/\/noti-america.com\/site\/mexico\/2024\/04\/12\/aerolinea-estelar-anuncia-nueva-frecuencia-en-el-airbus-350-900-con-destino-caracas\/"]}]},{"@type":"BreadcrumbList","@id":"https:\/\/noti-america.com\/site\/mexico\/2024\/04\/12\/aerolinea-estelar-anuncia-nueva-frecuencia-en-el-airbus-350-900-con-destino-caracas\/#breadcrumb","itemListElement":[{"@type":"ListItem","position":1,"name":"Portada","item":"https:\/\/noti-america.com\/site\/mexico\/"},{"@type":"ListItem","position":2,"name":"Aerol\u00ednea Estelar anuncia nueva frecuencia en el Airbus 350-900 con destino Caracas"}]},{"@type":"WebSite","@id":"https:\/\/noti-america.com\/site\/mexico\/#website","url":"https:\/\/noti-america.com\/site\/mexico\/","name":"M\u00e9xico | Noti-America.com","description":"","publisher":{"@id":"https:\/\/noti-america.com\/site\/mexico\/#organization"},"potentialAction":[{"@type":"SearchAction","target":{"@type":"EntryPoint","urlTemplate":"https:\/\/noti-america.com\/site\/mexico\/?s={search_term_string}"},"query-input":{"@type":"PropertyValueSpecification","valueRequired":true,"valueName":"search_term_string"}}],"inLanguage":"es"},{"@type":"Organization","@id":"https:\/\/noti-america.com\/site\/mexico\/#organization","name":"Noti-America LLC | M\u00e9xico","url":"https:\/\/noti-america.com\/site\/mexico\/","logo":{"@type":"ImageObject","inLanguage":"es","@id":"https:\/\/noti-america.com\/site\/mexico\/#\/schema\/logo\/image\/","url":"https:\/\/noti-america.com\/site\/mexico\/wp-content\/uploads\/sites\/13\/2020\/07\/LogoNA-4x3-1.jpg","contentUrl":"https:\/\/noti-america.com\/site\/mexico\/wp-content\/uploads\/sites\/13\/2020\/07\/LogoNA-4x3-1.jpg","width":1236,"height":1080,"caption":"Noti-America LLC | M\u00e9xico"},"image":{"@id":"https:\/\/noti-america.com\/site\/mexico\/#\/schema\/logo\/image\/"}},{"@type":"Person","@id":"https:\/\/noti-america.com\/site\/mexico\/#\/schema\/person\/376ccc7b3cc7a8d5a43c3ece07a43857","name":"Yoelvzla","image":{"@type":"ImageObject","inLanguage":"es","@id":"https:\/\/secure.gravatar.com\/avatar\/13a96a72123e0e9aa76fe82e8847f726c63a1c5ef6a8d0fadd844c1a5a83b212?s=96&d=mm&r=g","url":"https:\/\/secure.gravatar.com\/avatar\/13a96a72123e0e9aa76fe82e8847f726c63a1c5ef6a8d0fadd844c1a5a83b212?s=96&d=mm&r=g","contentUrl":"https:\/\/secure.gravatar.com\/avatar\/13a96a72123e0e9aa76fe82e8847f726c63a1c5ef6a8d0fadd844c1a5a83b212?s=96&d=mm&r=g","caption":"Yoelvzla"},"url":"https:\/\/noti-america.com\/site\/mexico\/author\/ydiaz\/"}]}},"_links":{"self":[{"href":"https:\/\/noti-america.com\/site\/mexico\/wp-json\/wp\/v2\/posts\/11287","targetHints":{"allow":["GET"]}}],"collection":[{"href":"https:\/\/noti-america.com\/site\/mexico\/wp-json\/wp\/v2\/posts"}],"about":[{"href":"https:\/\/noti-america.com\/site\/mexico\/wp-json\/wp\/v2\/types\/post"}],"author":[{"embeddable":true,"href":"https:\/\/noti-america.com\/site\/mexico\/wp-json\/wp\/v2\/users\/127"}],"replies":[{"embeddable":true,"href":"https:\/\/noti-america.com\/site\/mexico\/wp-json\/wp\/v2\/comments?post=11287"}],"version-history":[{"count":1,"href":"https:\/\/noti-america.com\/site\/mexico\/wp-json\/wp\/v2\/posts\/11287\/revisions"}],"predecessor-version":[{"id":11289,"href":"https:\/\/noti-america.com\/site\/mexico\/wp-json\/wp\/v2\/posts\/11287\/revisions\/11289"}],"wp:attachment":[{"href":"https:\/\/noti-america.com\/site\/mexico\/wp-json\/wp\/v2\/media?parent=11287"}],"wp:term":[{"taxonomy":"category","embeddable":true,"href":"https:\/\/noti-america.com\/site\/mexico\/wp-json\/wp\/v2\/categories?post=11287"},{"taxonomy":"post_tag","embeddable":true,"href":"https:\/\/noti-america.com\/site\/mexico\/wp-json\/wp\/v2\/tags?post=11287"}],"curies":[{"name":"wp","href":"https:\/\/api.w.org\/{rel}","templated":true}]}}