{"id":11265,"date":"2024-04-10T15:41:55","date_gmt":"2024-04-10T15:41:55","guid":{"rendered":"https:\/\/noti-america.com\/site\/mexico\/?p=11265"},"modified":"2024-04-10T15:41:55","modified_gmt":"2024-04-10T15:41:55","slug":"salud-emite-nuevo-aviso-epidemiologico-por-sarampion","status":"publish","type":"post","link":"https:\/\/noti-america.com\/site\/mexico\/2024\/04\/10\/salud-emite-nuevo-aviso-epidemiologico-por-sarampion\/","title":{"rendered":"Salud emite nuevo aviso epidemiol\u00f3gico por sarampi\u00f3n"},"content":{"rendered":"<p>NOTI-AMERICA.COM | M\u00c9XICO \u2013 La Secretar\u00eda de Salud federal emiti\u00f3 un nuevo aviso epidemiol\u00f3gico por sarampi\u00f3n debido a la detecci\u00f3n de casos importados de la enfermedad. Este es el segundo aviso en lo que va del a\u00f1o, el primero fue el 8 de febrero.<\/p>\n<p>\u201cEn M\u00e9xico, en el 2024 y hasta la semana 13, se han notificado un total de 859 casos probables de sarampi\u00f3n o rub\u00e9ola, es decir, sospechosos y sujetos a an\u00e1lisis, de los cuales se han confirmado cuatro de sarampi\u00f3n; de estos cuatro, uno es importado y tres probablemente relacionados a importaci\u00f3n\u201d, inform\u00f3 la dependencia a trav\u00e9s de un comunicado.<\/p>\n<p>El aviso es para las unidades de los tres niveles, sean p\u00fablicas o privadas, y da cuenta de la situaci\u00f3n actual del sarampi\u00f3n en el mundo.<\/p>\n<p>\u201cEste nuevo aviso epidemiol\u00f3gico contiene recomendaciones espec\u00edficas para las unidades m\u00e9dicas sobre las acciones a realizar ante la ocurrencia de casos probables de sarampi\u00f3n o rub\u00e9ola; las medidas ante la confirmaci\u00f3n de un caso mediante la difusi\u00f3n del aviso epidemiol\u00f3gico entre todas las unidades, los comit\u00e9s estatales y jurisdiccionales o distritales\u201d, a\u00f1ade el bolet\u00edn.<\/p>\n<p>Seg\u00fan el Bolet\u00edn Epidemiol\u00f3gico de la semana 13 de este a\u00f1o, desde 2019 en nuestro pa\u00eds han habido 14 mil 487 casos sospechosos de sarampi\u00f3n o rub\u00e9ola, de los cuales se confirmaron 220. El a\u00f1o en el que hubo m\u00e1s casos confirmados fue 2020 con 196, mientras que en 2021 y 2022 no se registr\u00f3 ninguno.<\/p>\n<p>Los \u00faltimos casos los confirm\u00f3 la Secretar\u00eda de Salud federal el s\u00e1bado, al informar que son cuatro importados de sarampi\u00f3n; el primero fue detectado en marzo en un peque\u00f1o de un a\u00f1o ocho meses, procedente de Europa, y tres adicionales que est\u00e1n asociados con el primero. Se trata de una persona adulta mexicana, otra de origen extranjero y un beb\u00e9 de seis meses de origen ingl\u00e9s.<\/p>\n<p>La Secretar\u00eda de Salud llam\u00f3 a los padres de familia a vacunar a sus hijos para evitar que la enfermedad se propague por el pa\u00eds.<\/p>\n<p>\u201cLos centros de salud de las 32 entidades federativas cuentan con vacunas triple viral contra sarampi\u00f3n, rub\u00e9ola y paperas (SRP) para aplicarse a ni\u00f1as y ni\u00f1os de uno a nueve a\u00f1os, y doble viral contra sarampi\u00f3n y rub\u00e9ola (SR) para adolescentes de 10 a 19 a\u00f1os. Estas vacunas s\u00f3lo se suministran a la poblaci\u00f3n de las edades referidas para iniciar o completar su esquema de inmunizaci\u00f3n\u201d, a\u00f1adi\u00f3 la Secretar\u00eda de Salud.<\/p>\n","protected":false},"excerpt":{"rendered":"<p>NOTI-AMERICA.COM | M\u00c9XICO \u2013 La Secretar\u00eda de Salud federal emiti\u00f3 un nuevo aviso epidemiol\u00f3gico por sarampi\u00f3n debido a la detecci\u00f3n de casos importados de la enfermedad. Este es el segundo aviso en lo que&#46;&#46;&#46;<\/p>\n","protected":false},"author":133,"featured_media":11266,"comment_status":"open","ping_status":"open","sticky":false,"template":"","format":"image","meta":{"_acf_changed":false,"om_disable_all_campaigns":false,"rop_custom_images_group":[],"rop_custom_messages_group":[],"rop_publish_now":"initial","rop_publish_now_accounts":{"twitter_242054905_242054905":""},"rop_publish_now_history":[],"rop_publish_now_status":"pending","_uf_show_specific_survey":0,"_uf_disable_surveys":false,"footnotes":""},"categories":[722],"tags":[],"class_list":["post-11265","post","type-post","status-publish","format-image","has-post-thumbnail","hentry","category-actualidad","post_format-post-format-image"],"acf":[],"aioseo_notices":[],"yoast_head":"<!-- This site is optimized with the Yoast SEO Premium plugin v24.9 (Yoast SEO v27.2) - https:\/\/yoast.com\/product\/yoast-seo-premium-wordpress\/ -->\n<title>Salud emite nuevo aviso epidemiol\u00f3gico por sarampi\u00f3n - M\u00e9xico<\/title>\n<meta name=\"robots\" content=\"index, follow, max-snippet:-1, max-image-preview:large, max-video-preview:-1\" \/>\n<link rel=\"canonical\" href=\"https:\/\/noti-america.com\/site\/mexico\/2024\/04\/10\/salud-emite-nuevo-aviso-epidemiologico-por-sarampion\/\" \/>\n<meta property=\"og:locale\" content=\"es_ES\" \/>\n<meta property=\"og:type\" content=\"article\" \/>\n<meta property=\"og:title\" content=\"Salud emite nuevo aviso epidemiol\u00f3gico por sarampi\u00f3n\" \/>\n<meta property=\"og:description\" content=\"NOTI-AMERICA.COM | M\u00c9XICO \u2013 La Secretar\u00eda de Salud federal emiti\u00f3 un nuevo aviso epidemiol\u00f3gico por sarampi\u00f3n debido a la detecci\u00f3n de casos importados de la enfermedad. Este es el segundo aviso en lo que&#046;&#046;&#046;\" \/>\n<meta property=\"og:url\" content=\"https:\/\/noti-america.com\/site\/mexico\/2024\/04\/10\/salud-emite-nuevo-aviso-epidemiologico-por-sarampion\/\" \/>\n<meta property=\"og:site_name\" content=\"M\u00e9xico\" \/>\n<meta property=\"article:author\" content=\"Mar\u00eda Valentina Noguera\" \/>\n<meta property=\"article:published_time\" content=\"2024-04-10T15:41:55+00:00\" \/>\n<meta property=\"og:image\" content=\"https:\/\/noti-america.com\/site\/mexico\/wp-content\/uploads\/sites\/13\/2024\/04\/Salud-sarampion.jpg\" \/>\n\t<meta property=\"og:image:width\" content=\"768\" \/>\n\t<meta property=\"og:image:height\" content=\"479\" \/>\n\t<meta property=\"og:image:type\" content=\"image\/jpeg\" \/>\n<meta name=\"author\" content=\"Maria Valentina Noguera Medina\" \/>\n<meta name=\"twitter:card\" content=\"summary_large_image\" \/>\n<meta name=\"twitter:label1\" content=\"Escrito por\" \/>\n\t<meta name=\"twitter:data1\" content=\"Maria Valentina Noguera Medina\" \/>\n\t<meta name=\"twitter:label2\" content=\"Tiempo estimado de lectura\" \/>\n\t<meta name=\"twitter:data2\" content=\"3 minutos\" \/>\n<script type=\"application\/ld+json\" class=\"yoast-schema-graph\">{\"@context\":\"https:\/\/schema.org\",\"@graph\":[{\"@type\":\"Article\",\"@id\":\"https:\/\/noti-america.com\/site\/mexico\/2024\/04\/10\/salud-emite-nuevo-aviso-epidemiologico-por-sarampion\/#article\",\"isPartOf\":{\"@id\":\"https:\/\/noti-america.com\/site\/mexico\/2024\/04\/10\/salud-emite-nuevo-aviso-epidemiologico-por-sarampion\/\"},\"author\":{\"name\":\"Maria Valentina Noguera Medina\",\"@id\":\"https:\/\/noti-america.com\/site\/mexico\/#\/schema\/person\/22806efcc2cfc4b45efb0e17be210ea8\"},\"headline\":\"Salud emite nuevo aviso epidemiol\u00f3gico por sarampi\u00f3n\",\"datePublished\":\"2024-04-10T15:41:55+00:00\",\"mainEntityOfPage\":{\"@id\":\"https:\/\/noti-america.com\/site\/mexico\/2024\/04\/10\/salud-emite-nuevo-aviso-epidemiologico-por-sarampion\/\"},\"wordCount\":451,\"commentCount\":0,\"publisher\":{\"@id\":\"https:\/\/noti-america.com\/site\/mexico\/#organization\"},\"image\":{\"@id\":\"https:\/\/noti-america.com\/site\/mexico\/2024\/04\/10\/salud-emite-nuevo-aviso-epidemiologico-por-sarampion\/#primaryimage\"},\"thumbnailUrl\":\"https:\/\/noti-america.com\/site\/mexico\/wp-content\/uploads\/sites\/13\/2024\/04\/Salud-sarampion.jpg\",\"articleSection\":[\"Actualidad\"],\"inLanguage\":\"es\",\"potentialAction\":[{\"@type\":\"CommentAction\",\"name\":\"Comment\",\"target\":[\"https:\/\/noti-america.com\/site\/mexico\/2024\/04\/10\/salud-emite-nuevo-aviso-epidemiologico-por-sarampion\/#respond\"]}]},{\"@type\":\"WebPage\",\"@id\":\"https:\/\/noti-america.com\/site\/mexico\/2024\/04\/10\/salud-emite-nuevo-aviso-epidemiologico-por-sarampion\/\",\"url\":\"https:\/\/noti-america.com\/site\/mexico\/2024\/04\/10\/salud-emite-nuevo-aviso-epidemiologico-por-sarampion\/\",\"name\":\"Salud emite nuevo aviso epidemiol\u00f3gico por sarampi\u00f3n - M\u00e9xico\",\"isPartOf\":{\"@id\":\"https:\/\/noti-america.com\/site\/mexico\/#website\"},\"primaryImageOfPage\":{\"@id\":\"https:\/\/noti-america.com\/site\/mexico\/2024\/04\/10\/salud-emite-nuevo-aviso-epidemiologico-por-sarampion\/#primaryimage\"},\"image\":{\"@id\":\"https:\/\/noti-america.com\/site\/mexico\/2024\/04\/10\/salud-emite-nuevo-aviso-epidemiologico-por-sarampion\/#primaryimage\"},\"thumbnailUrl\":\"https:\/\/noti-america.com\/site\/mexico\/wp-content\/uploads\/sites\/13\/2024\/04\/Salud-sarampion.jpg\",\"datePublished\":\"2024-04-10T15:41:55+00:00\",\"breadcrumb\":{\"@id\":\"https:\/\/noti-america.com\/site\/mexico\/2024\/04\/10\/salud-emite-nuevo-aviso-epidemiologico-por-sarampion\/#breadcrumb\"},\"inLanguage\":\"es\",\"potentialAction\":[{\"@type\":\"ReadAction\",\"target\":[\"https:\/\/noti-america.com\/site\/mexico\/2024\/04\/10\/salud-emite-nuevo-aviso-epidemiologico-por-sarampion\/\"]}]},{\"@type\":\"ImageObject\",\"inLanguage\":\"es\",\"@id\":\"https:\/\/noti-america.com\/site\/mexico\/2024\/04\/10\/salud-emite-nuevo-aviso-epidemiologico-por-sarampion\/#primaryimage\",\"url\":\"https:\/\/noti-america.com\/site\/mexico\/wp-content\/uploads\/sites\/13\/2024\/04\/Salud-sarampion.jpg\",\"contentUrl\":\"https:\/\/noti-america.com\/site\/mexico\/wp-content\/uploads\/sites\/13\/2024\/04\/Salud-sarampion.jpg\",\"width\":768,\"height\":479},{\"@type\":\"BreadcrumbList\",\"@id\":\"https:\/\/noti-america.com\/site\/mexico\/2024\/04\/10\/salud-emite-nuevo-aviso-epidemiologico-por-sarampion\/#breadcrumb\",\"itemListElement\":[{\"@type\":\"ListItem\",\"position\":1,\"name\":\"Portada\",\"item\":\"https:\/\/noti-america.com\/site\/mexico\/\"},{\"@type\":\"ListItem\",\"position\":2,\"name\":\"Salud emite nuevo aviso epidemiol\u00f3gico por sarampi\u00f3n\"}]},{\"@type\":\"WebSite\",\"@id\":\"https:\/\/noti-america.com\/site\/mexico\/#website\",\"url\":\"https:\/\/noti-america.com\/site\/mexico\/\",\"name\":\"M\u00e9xico | Noti-America.com\",\"description\":\"\",\"publisher\":{\"@id\":\"https:\/\/noti-america.com\/site\/mexico\/#organization\"},\"potentialAction\":[{\"@type\":\"SearchAction\",\"target\":{\"@type\":\"EntryPoint\",\"urlTemplate\":\"https:\/\/noti-america.com\/site\/mexico\/?s={search_term_string}\"},\"query-input\":{\"@type\":\"PropertyValueSpecification\",\"valueRequired\":true,\"valueName\":\"search_term_string\"}}],\"inLanguage\":\"es\"},{\"@type\":\"Organization\",\"@id\":\"https:\/\/noti-america.com\/site\/mexico\/#organization\",\"name\":\"Noti-America LLC | M\u00e9xico\",\"url\":\"https:\/\/noti-america.com\/site\/mexico\/\",\"logo\":{\"@type\":\"ImageObject\",\"inLanguage\":\"es\",\"@id\":\"https:\/\/noti-america.com\/site\/mexico\/#\/schema\/logo\/image\/\",\"url\":\"https:\/\/noti-america.com\/site\/mexico\/wp-content\/uploads\/sites\/13\/2020\/07\/LogoNA-4x3-1.jpg\",\"contentUrl\":\"https:\/\/noti-america.com\/site\/mexico\/wp-content\/uploads\/sites\/13\/2020\/07\/LogoNA-4x3-1.jpg\",\"width\":1236,\"height\":1080,\"caption\":\"Noti-America LLC | M\u00e9xico\"},\"image\":{\"@id\":\"https:\/\/noti-america.com\/site\/mexico\/#\/schema\/logo\/image\/\"}},{\"@type\":\"Person\",\"@id\":\"https:\/\/noti-america.com\/site\/mexico\/#\/schema\/person\/22806efcc2cfc4b45efb0e17be210ea8\",\"name\":\"Maria Valentina Noguera Medina\",\"image\":{\"@type\":\"ImageObject\",\"inLanguage\":\"es\",\"@id\":\"https:\/\/secure.gravatar.com\/avatar\/4ec5eb9d099f2608a49c9df6f7341f66f04f819cdffa09d56a7a0e91d2819d56?s=96&d=mm&r=g\",\"url\":\"https:\/\/secure.gravatar.com\/avatar\/4ec5eb9d099f2608a49c9df6f7341f66f04f819cdffa09d56a7a0e91d2819d56?s=96&d=mm&r=g\",\"contentUrl\":\"https:\/\/secure.gravatar.com\/avatar\/4ec5eb9d099f2608a49c9df6f7341f66f04f819cdffa09d56a7a0e91d2819d56?s=96&d=mm&r=g\",\"caption\":\"Maria Valentina Noguera Medina\"},\"description\":\"Periodista - noti-america - Promar Community Manager - Talento Plus Dise\u00f1adora\/ creadora de contenido...\",\"sameAs\":[\"Mar\u00eda Valentina Noguera\",\"https:\/\/www.facebook.com\/mariavalentina.noguera\",\"https:\/\/www.linkedin.com\/in\/mara-valentina-noguera-medina-373075165\/\",\"https:\/\/www.pinterest.es\/valentinanoguera95\/\",\"https:\/\/www.youtube.com\/channel\/UCdek6mbUZ-Tqqw0I63i4nmQ\"],\"url\":\"https:\/\/noti-america.com\/site\/mexico\/author\/mnoguera\/\"}]}<\/script>\n<!-- \/ Yoast SEO Premium plugin. -->","yoast_head_json":{"title":"Salud emite nuevo aviso epidemiol\u00f3gico por sarampi\u00f3n - M\u00e9xico","robots":{"index":"index","follow":"follow","max-snippet":"max-snippet:-1","max-image-preview":"max-image-preview:large","max-video-preview":"max-video-preview:-1"},"canonical":"https:\/\/noti-america.com\/site\/mexico\/2024\/04\/10\/salud-emite-nuevo-aviso-epidemiologico-por-sarampion\/","og_locale":"es_ES","og_type":"article","og_title":"Salud emite nuevo aviso epidemiol\u00f3gico por sarampi\u00f3n","og_description":"NOTI-AMERICA.COM | M\u00c9XICO \u2013 La Secretar\u00eda de Salud federal emiti\u00f3 un nuevo aviso epidemiol\u00f3gico por sarampi\u00f3n debido a la detecci\u00f3n de casos importados de la enfermedad. Este es el segundo aviso en lo que&#46;&#46;&#46;","og_url":"https:\/\/noti-america.com\/site\/mexico\/2024\/04\/10\/salud-emite-nuevo-aviso-epidemiologico-por-sarampion\/","og_site_name":"M\u00e9xico","article_author":"Mar\u00eda Valentina Noguera","article_published_time":"2024-04-10T15:41:55+00:00","og_image":[{"width":768,"height":479,"url":"https:\/\/noti-america.com\/site\/mexico\/wp-content\/uploads\/sites\/13\/2024\/04\/Salud-sarampion.jpg","type":"image\/jpeg"}],"author":"Maria Valentina Noguera Medina","twitter_card":"summary_large_image","twitter_misc":{"Escrito por":"Maria Valentina Noguera Medina","Tiempo estimado de lectura":"3 minutos"},"schema":{"@context":"https:\/\/schema.org","@graph":[{"@type":"Article","@id":"https:\/\/noti-america.com\/site\/mexico\/2024\/04\/10\/salud-emite-nuevo-aviso-epidemiologico-por-sarampion\/#article","isPartOf":{"@id":"https:\/\/noti-america.com\/site\/mexico\/2024\/04\/10\/salud-emite-nuevo-aviso-epidemiologico-por-sarampion\/"},"author":{"name":"Maria Valentina Noguera Medina","@id":"https:\/\/noti-america.com\/site\/mexico\/#\/schema\/person\/22806efcc2cfc4b45efb0e17be210ea8"},"headline":"Salud emite nuevo aviso epidemiol\u00f3gico por sarampi\u00f3n","datePublished":"2024-04-10T15:41:55+00:00","mainEntityOfPage":{"@id":"https:\/\/noti-america.com\/site\/mexico\/2024\/04\/10\/salud-emite-nuevo-aviso-epidemiologico-por-sarampion\/"},"wordCount":451,"commentCount":0,"publisher":{"@id":"https:\/\/noti-america.com\/site\/mexico\/#organization"},"image":{"@id":"https:\/\/noti-america.com\/site\/mexico\/2024\/04\/10\/salud-emite-nuevo-aviso-epidemiologico-por-sarampion\/#primaryimage"},"thumbnailUrl":"https:\/\/noti-america.com\/site\/mexico\/wp-content\/uploads\/sites\/13\/2024\/04\/Salud-sarampion.jpg","articleSection":["Actualidad"],"inLanguage":"es","potentialAction":[{"@type":"CommentAction","name":"Comment","target":["https:\/\/noti-america.com\/site\/mexico\/2024\/04\/10\/salud-emite-nuevo-aviso-epidemiologico-por-sarampion\/#respond"]}]},{"@type":"WebPage","@id":"https:\/\/noti-america.com\/site\/mexico\/2024\/04\/10\/salud-emite-nuevo-aviso-epidemiologico-por-sarampion\/","url":"https:\/\/noti-america.com\/site\/mexico\/2024\/04\/10\/salud-emite-nuevo-aviso-epidemiologico-por-sarampion\/","name":"Salud emite nuevo aviso epidemiol\u00f3gico por sarampi\u00f3n - M\u00e9xico","isPartOf":{"@id":"https:\/\/noti-america.com\/site\/mexico\/#website"},"primaryImageOfPage":{"@id":"https:\/\/noti-america.com\/site\/mexico\/2024\/04\/10\/salud-emite-nuevo-aviso-epidemiologico-por-sarampion\/#primaryimage"},"image":{"@id":"https:\/\/noti-america.com\/site\/mexico\/2024\/04\/10\/salud-emite-nuevo-aviso-epidemiologico-por-sarampion\/#primaryimage"},"thumbnailUrl":"https:\/\/noti-america.com\/site\/mexico\/wp-content\/uploads\/sites\/13\/2024\/04\/Salud-sarampion.jpg","datePublished":"2024-04-10T15:41:55+00:00","breadcrumb":{"@id":"https:\/\/noti-america.com\/site\/mexico\/2024\/04\/10\/salud-emite-nuevo-aviso-epidemiologico-por-sarampion\/#breadcrumb"},"inLanguage":"es","potentialAction":[{"@type":"ReadAction","target":["https:\/\/noti-america.com\/site\/mexico\/2024\/04\/10\/salud-emite-nuevo-aviso-epidemiologico-por-sarampion\/"]}]},{"@type":"ImageObject","inLanguage":"es","@id":"https:\/\/noti-america.com\/site\/mexico\/2024\/04\/10\/salud-emite-nuevo-aviso-epidemiologico-por-sarampion\/#primaryimage","url":"https:\/\/noti-america.com\/site\/mexico\/wp-content\/uploads\/sites\/13\/2024\/04\/Salud-sarampion.jpg","contentUrl":"https:\/\/noti-america.com\/site\/mexico\/wp-content\/uploads\/sites\/13\/2024\/04\/Salud-sarampion.jpg","width":768,"height":479},{"@type":"BreadcrumbList","@id":"https:\/\/noti-america.com\/site\/mexico\/2024\/04\/10\/salud-emite-nuevo-aviso-epidemiologico-por-sarampion\/#breadcrumb","itemListElement":[{"@type":"ListItem","position":1,"name":"Portada","item":"https:\/\/noti-america.com\/site\/mexico\/"},{"@type":"ListItem","position":2,"name":"Salud emite nuevo aviso epidemiol\u00f3gico por sarampi\u00f3n"}]},{"@type":"WebSite","@id":"https:\/\/noti-america.com\/site\/mexico\/#website","url":"https:\/\/noti-america.com\/site\/mexico\/","name":"M\u00e9xico | Noti-America.com","description":"","publisher":{"@id":"https:\/\/noti-america.com\/site\/mexico\/#organization"},"potentialAction":[{"@type":"SearchAction","target":{"@type":"EntryPoint","urlTemplate":"https:\/\/noti-america.com\/site\/mexico\/?s={search_term_string}"},"query-input":{"@type":"PropertyValueSpecification","valueRequired":true,"valueName":"search_term_string"}}],"inLanguage":"es"},{"@type":"Organization","@id":"https:\/\/noti-america.com\/site\/mexico\/#organization","name":"Noti-America LLC | M\u00e9xico","url":"https:\/\/noti-america.com\/site\/mexico\/","logo":{"@type":"ImageObject","inLanguage":"es","@id":"https:\/\/noti-america.com\/site\/mexico\/#\/schema\/logo\/image\/","url":"https:\/\/noti-america.com\/site\/mexico\/wp-content\/uploads\/sites\/13\/2020\/07\/LogoNA-4x3-1.jpg","contentUrl":"https:\/\/noti-america.com\/site\/mexico\/wp-content\/uploads\/sites\/13\/2020\/07\/LogoNA-4x3-1.jpg","width":1236,"height":1080,"caption":"Noti-America LLC | M\u00e9xico"},"image":{"@id":"https:\/\/noti-america.com\/site\/mexico\/#\/schema\/logo\/image\/"}},{"@type":"Person","@id":"https:\/\/noti-america.com\/site\/mexico\/#\/schema\/person\/22806efcc2cfc4b45efb0e17be210ea8","name":"Maria Valentina Noguera Medina","image":{"@type":"ImageObject","inLanguage":"es","@id":"https:\/\/secure.gravatar.com\/avatar\/4ec5eb9d099f2608a49c9df6f7341f66f04f819cdffa09d56a7a0e91d2819d56?s=96&d=mm&r=g","url":"https:\/\/secure.gravatar.com\/avatar\/4ec5eb9d099f2608a49c9df6f7341f66f04f819cdffa09d56a7a0e91d2819d56?s=96&d=mm&r=g","contentUrl":"https:\/\/secure.gravatar.com\/avatar\/4ec5eb9d099f2608a49c9df6f7341f66f04f819cdffa09d56a7a0e91d2819d56?s=96&d=mm&r=g","caption":"Maria Valentina Noguera Medina"},"description":"Periodista - noti-america - Promar Community Manager - Talento Plus Dise\u00f1adora\/ creadora de contenido...","sameAs":["Mar\u00eda Valentina Noguera","https:\/\/www.facebook.com\/mariavalentina.noguera","https:\/\/www.linkedin.com\/in\/mara-valentina-noguera-medina-373075165\/","https:\/\/www.pinterest.es\/valentinanoguera95\/","https:\/\/www.youtube.com\/channel\/UCdek6mbUZ-Tqqw0I63i4nmQ"],"url":"https:\/\/noti-america.com\/site\/mexico\/author\/mnoguera\/"}]}},"_links":{"self":[{"href":"https:\/\/noti-america.com\/site\/mexico\/wp-json\/wp\/v2\/posts\/11265","targetHints":{"allow":["GET"]}}],"collection":[{"href":"https:\/\/noti-america.com\/site\/mexico\/wp-json\/wp\/v2\/posts"}],"about":[{"href":"https:\/\/noti-america.com\/site\/mexico\/wp-json\/wp\/v2\/types\/post"}],"author":[{"embeddable":true,"href":"https:\/\/noti-america.com\/site\/mexico\/wp-json\/wp\/v2\/users\/133"}],"replies":[{"embeddable":true,"href":"https:\/\/noti-america.com\/site\/mexico\/wp-json\/wp\/v2\/comments?post=11265"}],"version-history":[{"count":1,"href":"https:\/\/noti-america.com\/site\/mexico\/wp-json\/wp\/v2\/posts\/11265\/revisions"}],"predecessor-version":[{"id":11267,"href":"https:\/\/noti-america.com\/site\/mexico\/wp-json\/wp\/v2\/posts\/11265\/revisions\/11267"}],"wp:featuredmedia":[{"embeddable":true,"href":"https:\/\/noti-america.com\/site\/mexico\/wp-json\/wp\/v2\/media\/11266"}],"wp:attachment":[{"href":"https:\/\/noti-america.com\/site\/mexico\/wp-json\/wp\/v2\/media?parent=11265"}],"wp:term":[{"taxonomy":"category","embeddable":true,"href":"https:\/\/noti-america.com\/site\/mexico\/wp-json\/wp\/v2\/categories?post=11265"},{"taxonomy":"post_tag","embeddable":true,"href":"https:\/\/noti-america.com\/site\/mexico\/wp-json\/wp\/v2\/tags?post=11265"}],"curies":[{"name":"wp","href":"https:\/\/api.w.org\/{rel}","templated":true}]}}