{"id":11189,"date":"2024-04-02T14:28:49","date_gmt":"2024-04-02T14:28:49","guid":{"rendered":"https:\/\/noti-america.com\/site\/mexico\/?p=11189"},"modified":"2024-04-02T14:28:49","modified_gmt":"2024-04-02T14:28:49","slug":"mercurio-retrogrado-afecta-nuestras-vidas","status":"publish","type":"post","link":"https:\/\/noti-america.com\/site\/mexico\/2024\/04\/02\/mercurio-retrogrado-afecta-nuestras-vidas\/","title":{"rendered":"\u00bfMercurio retr\u00f3grado afecta nuestras vidas?"},"content":{"rendered":"<p>NOTI-AMERICA.COM | M\u00c9XICO \u2013 La astrolog\u00eda se ha ocupado de especular largo y tendido sobre este fen\u00f3meno astron\u00f3mico, sugiriendo toda suerte de vulnerabilidades, problemas, malentendidos o sufrimientos en general asociados a la fase de\u00a0Mercurio\u00a0retr\u00f3grado. Creer que los movimientos astron\u00f3micos de un objeto situado a m\u00e1s de 86 millones de kil\u00f3metros de distancia de la Tierra nos afectan en nuestro d\u00eda a d\u00eda\u00a0es realmente ciencia ficci\u00f3n.\u00a0Nada m\u00e1s lejos de la realidad. La astrolog\u00eda ha sido, es y sigue siendo una\u00a0pseudociencia.<\/p>\n<h3 class=\"subtitle\">Pero, \u00bfqu\u00e9 significa que Mercurio est\u00e9 retr\u00f3grado?<\/h3>\n<p class=\"paragraph\" data-mrf-recirculation=\"Links p\u00e1rrafo\">No es un fen\u00f3meno ni aislado ni extra\u00f1o. Debido a su velocidad,\u00a0Mercurio se pone retr\u00f3grado varias veces dentro del mismo a\u00f1o terrestre. Sucede del 2 al 25 de abril, del 5 de agosto de 2024 al 27 de agosto de 2024 y finalmente del 25 de noviembre de 2024 al 15 de diciembre de 2024.<\/p>\n<p class=\"paragraph\" data-mrf-recirculation=\"Links p\u00e1rrafo\">Durante tres semanas, el planeta parece girar hacia atr\u00e1s -en movimiento retr\u00f3grado- debido a su proximidad a la Tierra, pero en realidad no lo hace.<\/p>\n<p class=\"paragraph\" data-mrf-recirculation=\"Links p\u00e1rrafo\">Es solo una ilusi\u00f3n \u00f3ptica causada por el movimiento de todos los planetas a diferentes velocidades entre s\u00ed. As\u00ed, el aparente retroceso de Mercurio\u00a0es un fen\u00f3meno astron\u00f3mico real, pero su conexi\u00f3n con lo que nos pasa a los humanos aqu\u00ed en la Tierra es pura pseudociencia. Un mito. Desde una perspectiva cient\u00edfica, esta creencia es infundada.<\/p>\n<h3 class=\"subtitle\">\u00bfPor qu\u00e9 se le da tanta importancia?<\/h3>\n<p class=\"paragraph\" data-mrf-recirculation=\"Links p\u00e1rrafo\">Para los defensores de la astrolog\u00eda, el movimiento retr\u00f3grado tiene connotaciones negativas. Dado que Mercurio es el planeta m\u00e1s r\u00e1pido de nuestro sistema solar, entra en movimiento retr\u00f3grado aparente entre tres y cuatro veces al a\u00f1o, as\u00ed que es\u00a0un chivo expiatorio perfecto\u00a0para que esta pseudociencia abrace la asociaci\u00f3n para cualquier tipo de desgracia.<\/p>\n<p class=\"paragraph\" data-mrf-recirculation=\"Links p\u00e1rrafo\">Sea como fuere, en realidad, los planetas no retroceden en el espacio aunque desde nuestro punto de vista en la Tierra s\u00ed que lo parezcan. Esto se debe, como hemos comentado, a la\u00a0velocidad de rotaci\u00f3n\u00a0de nuestro planeta y a la distancia del planeta en cuesti\u00f3n con respecto a nosotros. Es similar a la sensaci\u00f3n de retroceder cuando est\u00e1s sentado en un tren y el tren de la siguiente v\u00eda comienza a avanzar. Eso es lo que sucede cuando Mercurio gira la Tierra.<\/p>\n<p data-mrf-recirculation=\"Links p\u00e1rrafo\">\n","protected":false},"excerpt":{"rendered":"<p>NOTI-AMERICA.COM | M\u00c9XICO \u2013 La astrolog\u00eda se ha ocupado de especular largo y tendido sobre este fen\u00f3meno astron\u00f3mico, sugiriendo toda suerte de vulnerabilidades, problemas, malentendidos o sufrimientos en general asociados a la fase de\u00a0Mercurio\u00a0retr\u00f3grado.&#46;&#46;&#46;<\/p>\n","protected":false},"author":133,"featured_media":11190,"comment_status":"open","ping_status":"open","sticky":false,"template":"","format":"image","meta":{"_acf_changed":false,"om_disable_all_campaigns":false,"rop_custom_images_group":[],"rop_custom_messages_group":[],"rop_publish_now":"initial","rop_publish_now_accounts":{"twitter_242054905_242054905":""},"rop_publish_now_history":[],"rop_publish_now_status":"pending","_uf_show_specific_survey":0,"_uf_disable_surveys":false,"footnotes":""},"categories":[722],"tags":[],"class_list":["post-11189","post","type-post","status-publish","format-image","has-post-thumbnail","hentry","category-actualidad","post_format-post-format-image"],"acf":[],"aioseo_notices":[],"yoast_head":"<!-- This site is optimized with the Yoast SEO Premium plugin v24.9 (Yoast SEO v27.2) - https:\/\/yoast.com\/product\/yoast-seo-premium-wordpress\/ -->\n<title>\u00bfMercurio retr\u00f3grado afecta nuestras vidas? - M\u00e9xico<\/title>\n<meta name=\"robots\" content=\"index, follow, max-snippet:-1, max-image-preview:large, max-video-preview:-1\" \/>\n<link rel=\"canonical\" href=\"https:\/\/noti-america.com\/site\/mexico\/2024\/04\/02\/mercurio-retrogrado-afecta-nuestras-vidas\/\" \/>\n<meta property=\"og:locale\" content=\"es_ES\" \/>\n<meta property=\"og:type\" content=\"article\" \/>\n<meta property=\"og:title\" content=\"\u00bfMercurio retr\u00f3grado afecta nuestras vidas?\" \/>\n<meta property=\"og:description\" content=\"NOTI-AMERICA.COM | M\u00c9XICO \u2013 La astrolog\u00eda se ha ocupado de especular largo y tendido sobre este fen\u00f3meno astron\u00f3mico, sugiriendo toda suerte de vulnerabilidades, problemas, malentendidos o sufrimientos en general asociados a la fase de\u00a0Mercurio\u00a0retr\u00f3grado.&#046;&#046;&#046;\" \/>\n<meta property=\"og:url\" content=\"https:\/\/noti-america.com\/site\/mexico\/2024\/04\/02\/mercurio-retrogrado-afecta-nuestras-vidas\/\" \/>\n<meta property=\"og:site_name\" content=\"M\u00e9xico\" \/>\n<meta property=\"article:author\" content=\"Mar\u00eda Valentina Noguera\" \/>\n<meta property=\"article:published_time\" content=\"2024-04-02T14:28:49+00:00\" \/>\n<meta property=\"og:image\" content=\"https:\/\/noti-america.com\/site\/mexico\/wp-content\/uploads\/sites\/13\/2024\/04\/image-2024-04-02T081026.874.png\" \/>\n\t<meta property=\"og:image:width\" content=\"700\" \/>\n\t<meta property=\"og:image:height\" content=\"352\" \/>\n\t<meta property=\"og:image:type\" content=\"image\/png\" \/>\n<meta name=\"author\" content=\"Maria Valentina Noguera Medina\" \/>\n<meta name=\"twitter:card\" content=\"summary_large_image\" \/>\n<meta name=\"twitter:label1\" content=\"Escrito por\" \/>\n\t<meta name=\"twitter:data1\" content=\"Maria Valentina Noguera Medina\" \/>\n\t<meta name=\"twitter:label2\" content=\"Tiempo estimado de lectura\" \/>\n\t<meta name=\"twitter:data2\" content=\"2 minutos\" \/>\n<script type=\"application\/ld+json\" class=\"yoast-schema-graph\">{\"@context\":\"https:\/\/schema.org\",\"@graph\":[{\"@type\":\"Article\",\"@id\":\"https:\/\/noti-america.com\/site\/mexico\/2024\/04\/02\/mercurio-retrogrado-afecta-nuestras-vidas\/#article\",\"isPartOf\":{\"@id\":\"https:\/\/noti-america.com\/site\/mexico\/2024\/04\/02\/mercurio-retrogrado-afecta-nuestras-vidas\/\"},\"author\":{\"name\":\"Maria Valentina Noguera Medina\",\"@id\":\"https:\/\/noti-america.com\/site\/mexico\/#\/schema\/person\/22806efcc2cfc4b45efb0e17be210ea8\"},\"headline\":\"\u00bfMercurio retr\u00f3grado afecta nuestras vidas?\",\"datePublished\":\"2024-04-02T14:28:49+00:00\",\"mainEntityOfPage\":{\"@id\":\"https:\/\/noti-america.com\/site\/mexico\/2024\/04\/02\/mercurio-retrogrado-afecta-nuestras-vidas\/\"},\"wordCount\":406,\"commentCount\":0,\"publisher\":{\"@id\":\"https:\/\/noti-america.com\/site\/mexico\/#organization\"},\"image\":{\"@id\":\"https:\/\/noti-america.com\/site\/mexico\/2024\/04\/02\/mercurio-retrogrado-afecta-nuestras-vidas\/#primaryimage\"},\"thumbnailUrl\":\"https:\/\/noti-america.com\/site\/mexico\/wp-content\/uploads\/sites\/13\/2024\/04\/image-2024-04-02T081026.874.png\",\"articleSection\":[\"Actualidad\"],\"inLanguage\":\"es\",\"potentialAction\":[{\"@type\":\"CommentAction\",\"name\":\"Comment\",\"target\":[\"https:\/\/noti-america.com\/site\/mexico\/2024\/04\/02\/mercurio-retrogrado-afecta-nuestras-vidas\/#respond\"]}]},{\"@type\":\"WebPage\",\"@id\":\"https:\/\/noti-america.com\/site\/mexico\/2024\/04\/02\/mercurio-retrogrado-afecta-nuestras-vidas\/\",\"url\":\"https:\/\/noti-america.com\/site\/mexico\/2024\/04\/02\/mercurio-retrogrado-afecta-nuestras-vidas\/\",\"name\":\"\u00bfMercurio retr\u00f3grado afecta nuestras vidas? - M\u00e9xico\",\"isPartOf\":{\"@id\":\"https:\/\/noti-america.com\/site\/mexico\/#website\"},\"primaryImageOfPage\":{\"@id\":\"https:\/\/noti-america.com\/site\/mexico\/2024\/04\/02\/mercurio-retrogrado-afecta-nuestras-vidas\/#primaryimage\"},\"image\":{\"@id\":\"https:\/\/noti-america.com\/site\/mexico\/2024\/04\/02\/mercurio-retrogrado-afecta-nuestras-vidas\/#primaryimage\"},\"thumbnailUrl\":\"https:\/\/noti-america.com\/site\/mexico\/wp-content\/uploads\/sites\/13\/2024\/04\/image-2024-04-02T081026.874.png\",\"datePublished\":\"2024-04-02T14:28:49+00:00\",\"breadcrumb\":{\"@id\":\"https:\/\/noti-america.com\/site\/mexico\/2024\/04\/02\/mercurio-retrogrado-afecta-nuestras-vidas\/#breadcrumb\"},\"inLanguage\":\"es\",\"potentialAction\":[{\"@type\":\"ReadAction\",\"target\":[\"https:\/\/noti-america.com\/site\/mexico\/2024\/04\/02\/mercurio-retrogrado-afecta-nuestras-vidas\/\"]}]},{\"@type\":\"ImageObject\",\"inLanguage\":\"es\",\"@id\":\"https:\/\/noti-america.com\/site\/mexico\/2024\/04\/02\/mercurio-retrogrado-afecta-nuestras-vidas\/#primaryimage\",\"url\":\"https:\/\/noti-america.com\/site\/mexico\/wp-content\/uploads\/sites\/13\/2024\/04\/image-2024-04-02T081026.874.png\",\"contentUrl\":\"https:\/\/noti-america.com\/site\/mexico\/wp-content\/uploads\/sites\/13\/2024\/04\/image-2024-04-02T081026.874.png\",\"width\":700,\"height\":352},{\"@type\":\"BreadcrumbList\",\"@id\":\"https:\/\/noti-america.com\/site\/mexico\/2024\/04\/02\/mercurio-retrogrado-afecta-nuestras-vidas\/#breadcrumb\",\"itemListElement\":[{\"@type\":\"ListItem\",\"position\":1,\"name\":\"Portada\",\"item\":\"https:\/\/noti-america.com\/site\/mexico\/\"},{\"@type\":\"ListItem\",\"position\":2,\"name\":\"\u00bfMercurio retr\u00f3grado afecta nuestras vidas?\"}]},{\"@type\":\"WebSite\",\"@id\":\"https:\/\/noti-america.com\/site\/mexico\/#website\",\"url\":\"https:\/\/noti-america.com\/site\/mexico\/\",\"name\":\"M\u00e9xico | Noti-America.com\",\"description\":\"\",\"publisher\":{\"@id\":\"https:\/\/noti-america.com\/site\/mexico\/#organization\"},\"potentialAction\":[{\"@type\":\"SearchAction\",\"target\":{\"@type\":\"EntryPoint\",\"urlTemplate\":\"https:\/\/noti-america.com\/site\/mexico\/?s={search_term_string}\"},\"query-input\":{\"@type\":\"PropertyValueSpecification\",\"valueRequired\":true,\"valueName\":\"search_term_string\"}}],\"inLanguage\":\"es\"},{\"@type\":\"Organization\",\"@id\":\"https:\/\/noti-america.com\/site\/mexico\/#organization\",\"name\":\"Noti-America LLC | M\u00e9xico\",\"url\":\"https:\/\/noti-america.com\/site\/mexico\/\",\"logo\":{\"@type\":\"ImageObject\",\"inLanguage\":\"es\",\"@id\":\"https:\/\/noti-america.com\/site\/mexico\/#\/schema\/logo\/image\/\",\"url\":\"https:\/\/noti-america.com\/site\/mexico\/wp-content\/uploads\/sites\/13\/2020\/07\/LogoNA-4x3-1.jpg\",\"contentUrl\":\"https:\/\/noti-america.com\/site\/mexico\/wp-content\/uploads\/sites\/13\/2020\/07\/LogoNA-4x3-1.jpg\",\"width\":1236,\"height\":1080,\"caption\":\"Noti-America LLC | M\u00e9xico\"},\"image\":{\"@id\":\"https:\/\/noti-america.com\/site\/mexico\/#\/schema\/logo\/image\/\"}},{\"@type\":\"Person\",\"@id\":\"https:\/\/noti-america.com\/site\/mexico\/#\/schema\/person\/22806efcc2cfc4b45efb0e17be210ea8\",\"name\":\"Maria Valentina Noguera Medina\",\"image\":{\"@type\":\"ImageObject\",\"inLanguage\":\"es\",\"@id\":\"https:\/\/secure.gravatar.com\/avatar\/4ec5eb9d099f2608a49c9df6f7341f66f04f819cdffa09d56a7a0e91d2819d56?s=96&d=mm&r=g\",\"url\":\"https:\/\/secure.gravatar.com\/avatar\/4ec5eb9d099f2608a49c9df6f7341f66f04f819cdffa09d56a7a0e91d2819d56?s=96&d=mm&r=g\",\"contentUrl\":\"https:\/\/secure.gravatar.com\/avatar\/4ec5eb9d099f2608a49c9df6f7341f66f04f819cdffa09d56a7a0e91d2819d56?s=96&d=mm&r=g\",\"caption\":\"Maria Valentina Noguera Medina\"},\"description\":\"Periodista - noti-america - Promar Community Manager - Talento Plus Dise\u00f1adora\/ creadora de contenido...\",\"sameAs\":[\"Mar\u00eda Valentina Noguera\",\"https:\/\/www.facebook.com\/mariavalentina.noguera\",\"https:\/\/www.linkedin.com\/in\/mara-valentina-noguera-medina-373075165\/\",\"https:\/\/www.pinterest.es\/valentinanoguera95\/\",\"https:\/\/www.youtube.com\/channel\/UCdek6mbUZ-Tqqw0I63i4nmQ\"],\"url\":\"https:\/\/noti-america.com\/site\/mexico\/author\/mnoguera\/\"}]}<\/script>\n<!-- \/ Yoast SEO Premium plugin. -->","yoast_head_json":{"title":"\u00bfMercurio retr\u00f3grado afecta nuestras vidas? - M\u00e9xico","robots":{"index":"index","follow":"follow","max-snippet":"max-snippet:-1","max-image-preview":"max-image-preview:large","max-video-preview":"max-video-preview:-1"},"canonical":"https:\/\/noti-america.com\/site\/mexico\/2024\/04\/02\/mercurio-retrogrado-afecta-nuestras-vidas\/","og_locale":"es_ES","og_type":"article","og_title":"\u00bfMercurio retr\u00f3grado afecta nuestras vidas?","og_description":"NOTI-AMERICA.COM | M\u00c9XICO \u2013 La astrolog\u00eda se ha ocupado de especular largo y tendido sobre este fen\u00f3meno astron\u00f3mico, sugiriendo toda suerte de vulnerabilidades, problemas, malentendidos o sufrimientos en general asociados a la fase de\u00a0Mercurio\u00a0retr\u00f3grado.&#46;&#46;&#46;","og_url":"https:\/\/noti-america.com\/site\/mexico\/2024\/04\/02\/mercurio-retrogrado-afecta-nuestras-vidas\/","og_site_name":"M\u00e9xico","article_author":"Mar\u00eda Valentina Noguera","article_published_time":"2024-04-02T14:28:49+00:00","og_image":[{"width":700,"height":352,"url":"https:\/\/noti-america.com\/site\/mexico\/wp-content\/uploads\/sites\/13\/2024\/04\/image-2024-04-02T081026.874.png","type":"image\/png"}],"author":"Maria Valentina Noguera Medina","twitter_card":"summary_large_image","twitter_misc":{"Escrito por":"Maria Valentina Noguera Medina","Tiempo estimado de lectura":"2 minutos"},"schema":{"@context":"https:\/\/schema.org","@graph":[{"@type":"Article","@id":"https:\/\/noti-america.com\/site\/mexico\/2024\/04\/02\/mercurio-retrogrado-afecta-nuestras-vidas\/#article","isPartOf":{"@id":"https:\/\/noti-america.com\/site\/mexico\/2024\/04\/02\/mercurio-retrogrado-afecta-nuestras-vidas\/"},"author":{"name":"Maria Valentina Noguera Medina","@id":"https:\/\/noti-america.com\/site\/mexico\/#\/schema\/person\/22806efcc2cfc4b45efb0e17be210ea8"},"headline":"\u00bfMercurio retr\u00f3grado afecta nuestras vidas?","datePublished":"2024-04-02T14:28:49+00:00","mainEntityOfPage":{"@id":"https:\/\/noti-america.com\/site\/mexico\/2024\/04\/02\/mercurio-retrogrado-afecta-nuestras-vidas\/"},"wordCount":406,"commentCount":0,"publisher":{"@id":"https:\/\/noti-america.com\/site\/mexico\/#organization"},"image":{"@id":"https:\/\/noti-america.com\/site\/mexico\/2024\/04\/02\/mercurio-retrogrado-afecta-nuestras-vidas\/#primaryimage"},"thumbnailUrl":"https:\/\/noti-america.com\/site\/mexico\/wp-content\/uploads\/sites\/13\/2024\/04\/image-2024-04-02T081026.874.png","articleSection":["Actualidad"],"inLanguage":"es","potentialAction":[{"@type":"CommentAction","name":"Comment","target":["https:\/\/noti-america.com\/site\/mexico\/2024\/04\/02\/mercurio-retrogrado-afecta-nuestras-vidas\/#respond"]}]},{"@type":"WebPage","@id":"https:\/\/noti-america.com\/site\/mexico\/2024\/04\/02\/mercurio-retrogrado-afecta-nuestras-vidas\/","url":"https:\/\/noti-america.com\/site\/mexico\/2024\/04\/02\/mercurio-retrogrado-afecta-nuestras-vidas\/","name":"\u00bfMercurio retr\u00f3grado afecta nuestras vidas? - M\u00e9xico","isPartOf":{"@id":"https:\/\/noti-america.com\/site\/mexico\/#website"},"primaryImageOfPage":{"@id":"https:\/\/noti-america.com\/site\/mexico\/2024\/04\/02\/mercurio-retrogrado-afecta-nuestras-vidas\/#primaryimage"},"image":{"@id":"https:\/\/noti-america.com\/site\/mexico\/2024\/04\/02\/mercurio-retrogrado-afecta-nuestras-vidas\/#primaryimage"},"thumbnailUrl":"https:\/\/noti-america.com\/site\/mexico\/wp-content\/uploads\/sites\/13\/2024\/04\/image-2024-04-02T081026.874.png","datePublished":"2024-04-02T14:28:49+00:00","breadcrumb":{"@id":"https:\/\/noti-america.com\/site\/mexico\/2024\/04\/02\/mercurio-retrogrado-afecta-nuestras-vidas\/#breadcrumb"},"inLanguage":"es","potentialAction":[{"@type":"ReadAction","target":["https:\/\/noti-america.com\/site\/mexico\/2024\/04\/02\/mercurio-retrogrado-afecta-nuestras-vidas\/"]}]},{"@type":"ImageObject","inLanguage":"es","@id":"https:\/\/noti-america.com\/site\/mexico\/2024\/04\/02\/mercurio-retrogrado-afecta-nuestras-vidas\/#primaryimage","url":"https:\/\/noti-america.com\/site\/mexico\/wp-content\/uploads\/sites\/13\/2024\/04\/image-2024-04-02T081026.874.png","contentUrl":"https:\/\/noti-america.com\/site\/mexico\/wp-content\/uploads\/sites\/13\/2024\/04\/image-2024-04-02T081026.874.png","width":700,"height":352},{"@type":"BreadcrumbList","@id":"https:\/\/noti-america.com\/site\/mexico\/2024\/04\/02\/mercurio-retrogrado-afecta-nuestras-vidas\/#breadcrumb","itemListElement":[{"@type":"ListItem","position":1,"name":"Portada","item":"https:\/\/noti-america.com\/site\/mexico\/"},{"@type":"ListItem","position":2,"name":"\u00bfMercurio retr\u00f3grado afecta nuestras vidas?"}]},{"@type":"WebSite","@id":"https:\/\/noti-america.com\/site\/mexico\/#website","url":"https:\/\/noti-america.com\/site\/mexico\/","name":"M\u00e9xico | Noti-America.com","description":"","publisher":{"@id":"https:\/\/noti-america.com\/site\/mexico\/#organization"},"potentialAction":[{"@type":"SearchAction","target":{"@type":"EntryPoint","urlTemplate":"https:\/\/noti-america.com\/site\/mexico\/?s={search_term_string}"},"query-input":{"@type":"PropertyValueSpecification","valueRequired":true,"valueName":"search_term_string"}}],"inLanguage":"es"},{"@type":"Organization","@id":"https:\/\/noti-america.com\/site\/mexico\/#organization","name":"Noti-America LLC | M\u00e9xico","url":"https:\/\/noti-america.com\/site\/mexico\/","logo":{"@type":"ImageObject","inLanguage":"es","@id":"https:\/\/noti-america.com\/site\/mexico\/#\/schema\/logo\/image\/","url":"https:\/\/noti-america.com\/site\/mexico\/wp-content\/uploads\/sites\/13\/2020\/07\/LogoNA-4x3-1.jpg","contentUrl":"https:\/\/noti-america.com\/site\/mexico\/wp-content\/uploads\/sites\/13\/2020\/07\/LogoNA-4x3-1.jpg","width":1236,"height":1080,"caption":"Noti-America LLC | M\u00e9xico"},"image":{"@id":"https:\/\/noti-america.com\/site\/mexico\/#\/schema\/logo\/image\/"}},{"@type":"Person","@id":"https:\/\/noti-america.com\/site\/mexico\/#\/schema\/person\/22806efcc2cfc4b45efb0e17be210ea8","name":"Maria Valentina Noguera Medina","image":{"@type":"ImageObject","inLanguage":"es","@id":"https:\/\/secure.gravatar.com\/avatar\/4ec5eb9d099f2608a49c9df6f7341f66f04f819cdffa09d56a7a0e91d2819d56?s=96&d=mm&r=g","url":"https:\/\/secure.gravatar.com\/avatar\/4ec5eb9d099f2608a49c9df6f7341f66f04f819cdffa09d56a7a0e91d2819d56?s=96&d=mm&r=g","contentUrl":"https:\/\/secure.gravatar.com\/avatar\/4ec5eb9d099f2608a49c9df6f7341f66f04f819cdffa09d56a7a0e91d2819d56?s=96&d=mm&r=g","caption":"Maria Valentina Noguera Medina"},"description":"Periodista - noti-america - Promar Community Manager - Talento Plus Dise\u00f1adora\/ creadora de contenido...","sameAs":["Mar\u00eda Valentina Noguera","https:\/\/www.facebook.com\/mariavalentina.noguera","https:\/\/www.linkedin.com\/in\/mara-valentina-noguera-medina-373075165\/","https:\/\/www.pinterest.es\/valentinanoguera95\/","https:\/\/www.youtube.com\/channel\/UCdek6mbUZ-Tqqw0I63i4nmQ"],"url":"https:\/\/noti-america.com\/site\/mexico\/author\/mnoguera\/"}]}},"_links":{"self":[{"href":"https:\/\/noti-america.com\/site\/mexico\/wp-json\/wp\/v2\/posts\/11189","targetHints":{"allow":["GET"]}}],"collection":[{"href":"https:\/\/noti-america.com\/site\/mexico\/wp-json\/wp\/v2\/posts"}],"about":[{"href":"https:\/\/noti-america.com\/site\/mexico\/wp-json\/wp\/v2\/types\/post"}],"author":[{"embeddable":true,"href":"https:\/\/noti-america.com\/site\/mexico\/wp-json\/wp\/v2\/users\/133"}],"replies":[{"embeddable":true,"href":"https:\/\/noti-america.com\/site\/mexico\/wp-json\/wp\/v2\/comments?post=11189"}],"version-history":[{"count":1,"href":"https:\/\/noti-america.com\/site\/mexico\/wp-json\/wp\/v2\/posts\/11189\/revisions"}],"predecessor-version":[{"id":11191,"href":"https:\/\/noti-america.com\/site\/mexico\/wp-json\/wp\/v2\/posts\/11189\/revisions\/11191"}],"wp:featuredmedia":[{"embeddable":true,"href":"https:\/\/noti-america.com\/site\/mexico\/wp-json\/wp\/v2\/media\/11190"}],"wp:attachment":[{"href":"https:\/\/noti-america.com\/site\/mexico\/wp-json\/wp\/v2\/media?parent=11189"}],"wp:term":[{"taxonomy":"category","embeddable":true,"href":"https:\/\/noti-america.com\/site\/mexico\/wp-json\/wp\/v2\/categories?post=11189"},{"taxonomy":"post_tag","embeddable":true,"href":"https:\/\/noti-america.com\/site\/mexico\/wp-json\/wp\/v2\/tags?post=11189"}],"curies":[{"name":"wp","href":"https:\/\/api.w.org\/{rel}","templated":true}]}}