{"id":11081,"date":"2024-03-22T14:54:52","date_gmt":"2024-03-22T14:54:52","guid":{"rendered":"https:\/\/noti-america.com\/site\/mexico\/?p=11081"},"modified":"2024-03-22T14:54:52","modified_gmt":"2024-03-22T14:54:52","slug":"whatsapp-a-partir-de-esta-fecha-bloqueara-las-capturas-de-pantalla","status":"publish","type":"post","link":"https:\/\/noti-america.com\/site\/mexico\/2024\/03\/22\/whatsapp-a-partir-de-esta-fecha-bloqueara-las-capturas-de-pantalla\/","title":{"rendered":"WhatsApp a partir de esta fecha bloquear\u00e1 las capturas de pantalla"},"content":{"rendered":"<p>NOTI-AMERICA.COM | M\u00c9XICO \u2013 La compa\u00f1\u00eda de mensajer\u00eda instant\u00e1nea, WhatsApp, aplic\u00f3 este a\u00f1o un nuevo nivel de seguridad y protecci\u00f3n de la privacidad de sus usuarios, con adelantos como el de silenciar las llamadas de desconocidos o previsiones como una nueva opci\u00f3n que introduce la posibilidad de configurar un perfil alternativo.<\/p>\n<p>Su \u00faltima actualizaci\u00f3n ahora bloquear\u00e1 las capturas de pantalla de fotos de perfil de otros usuarios, seg\u00fan ha podido comprobar WABetaInfo en la \u00faltima versi\u00f3n 2.24.4.76 de WhatsApp en Android.<\/p>\n<p>El pasado mes de febrero lleg\u00f3 a trav\u00e9s de la beta de WhatsApp la opci\u00f3n de bloqueo de captura de pantalla de las im\u00e1genes de perfiles en versi\u00f3n beta para Android 2.24.4.25.<\/p>\n<h3>\u00bfC\u00f3mo funciona la nueva funci\u00f3n de WhatsApp?<\/h3>\n<p class=\"paragraph\">El hecho de poder seguir haciendo capturas de pantalla de las fotos de perfil permit\u00eda a los usuarios obtener y\u00a0compartir im\u00e1genes sin el consentimiento ni el conocimiento de estos contactos, violando esta premisa de seguridad.<\/p>\n<p class=\"paragraph\">Por ello, va a solucionarlo con una funci\u00f3n que, al intentar hacer una captura de pantalla de una foto de perfil,\u00a0la aplicaci\u00f3n muestra una notificaci\u00f3n indicando que la acci\u00f3n ha sido bloqueada: \u00abEsta aplicaci\u00f3n no permite hacer capturas de pantalla\u00bb.<\/p>\n<h3>\u00bfCu\u00e1ndo llegar\u00e1 la nueva herramienta?<\/h3>\n<p class=\"paragraph\">Esta caracter\u00edstica\u00a0ya est\u00e1 disponible para algunos probadores beta\u00a0que instalan las \u00faltimas actualizaciones de WhatsApp beta para Android desde Google Play Store. Asimismo,\u00a0ya est\u00e1 disponible\u00a0en la versi\u00f3n 2.24.4.76 de WhatsApp\u00a0en Android.<\/p>\n","protected":false},"excerpt":{"rendered":"<p>NOTI-AMERICA.COM | M\u00c9XICO \u2013 La compa\u00f1\u00eda de mensajer\u00eda instant\u00e1nea, WhatsApp, aplic\u00f3 este a\u00f1o un nuevo nivel de seguridad y protecci\u00f3n de la privacidad de sus usuarios, con adelantos como el de silenciar las llamadas&#46;&#46;&#46;<\/p>\n","protected":false},"author":133,"featured_media":11082,"comment_status":"open","ping_status":"open","sticky":false,"template":"","format":"image","meta":{"_acf_changed":false,"om_disable_all_campaigns":false,"rop_custom_images_group":[],"rop_custom_messages_group":[],"rop_publish_now":"initial","rop_publish_now_accounts":{"twitter_242054905_242054905":""},"rop_publish_now_history":[],"rop_publish_now_status":"pending","_uf_show_specific_survey":0,"_uf_disable_surveys":false,"footnotes":""},"categories":[722],"tags":[],"class_list":["post-11081","post","type-post","status-publish","format-image","has-post-thumbnail","hentry","category-actualidad","post_format-post-format-image"],"acf":[],"aioseo_notices":[],"yoast_head":"<!-- This site is optimized with the Yoast SEO Premium plugin v24.9 (Yoast SEO v27.2) - https:\/\/yoast.com\/product\/yoast-seo-premium-wordpress\/ -->\n<title>WhatsApp a partir de esta fecha bloquear\u00e1 las capturas de pantalla - M\u00e9xico<\/title>\n<meta name=\"robots\" content=\"index, follow, max-snippet:-1, max-image-preview:large, max-video-preview:-1\" \/>\n<link rel=\"canonical\" href=\"https:\/\/noti-america.com\/site\/mexico\/2024\/03\/22\/whatsapp-a-partir-de-esta-fecha-bloqueara-las-capturas-de-pantalla\/\" \/>\n<meta property=\"og:locale\" content=\"es_ES\" \/>\n<meta property=\"og:type\" content=\"article\" \/>\n<meta property=\"og:title\" content=\"WhatsApp a partir de esta fecha bloquear\u00e1 las capturas de pantalla\" \/>\n<meta property=\"og:description\" content=\"NOTI-AMERICA.COM | M\u00c9XICO \u2013 La compa\u00f1\u00eda de mensajer\u00eda instant\u00e1nea, WhatsApp, aplic\u00f3 este a\u00f1o un nuevo nivel de seguridad y protecci\u00f3n de la privacidad de sus usuarios, con adelantos como el de silenciar las llamadas&#046;&#046;&#046;\" \/>\n<meta property=\"og:url\" content=\"https:\/\/noti-america.com\/site\/mexico\/2024\/03\/22\/whatsapp-a-partir-de-esta-fecha-bloqueara-las-capturas-de-pantalla\/\" \/>\n<meta property=\"og:site_name\" content=\"M\u00e9xico\" \/>\n<meta property=\"article:author\" content=\"Mar\u00eda Valentina Noguera\" \/>\n<meta property=\"article:published_time\" content=\"2024-03-22T14:54:52+00:00\" \/>\n<meta property=\"og:image\" content=\"https:\/\/noti-america.com\/site\/mexico\/wp-content\/uploads\/sites\/13\/2024\/03\/WhatsApp.jpg\" \/>\n\t<meta property=\"og:image:width\" content=\"700\" \/>\n\t<meta property=\"og:image:height\" content=\"352\" \/>\n\t<meta property=\"og:image:type\" content=\"image\/jpeg\" \/>\n<meta name=\"author\" content=\"Maria Valentina Noguera Medina\" \/>\n<meta name=\"twitter:card\" content=\"summary_large_image\" \/>\n<meta name=\"twitter:label1\" content=\"Escrito por\" \/>\n\t<meta name=\"twitter:data1\" content=\"Maria Valentina Noguera Medina\" \/>\n\t<meta name=\"twitter:label2\" content=\"Tiempo estimado de lectura\" \/>\n\t<meta name=\"twitter:data2\" content=\"2 minutos\" \/>\n<script type=\"application\/ld+json\" class=\"yoast-schema-graph\">{\"@context\":\"https:\/\/schema.org\",\"@graph\":[{\"@type\":\"Article\",\"@id\":\"https:\/\/noti-america.com\/site\/mexico\/2024\/03\/22\/whatsapp-a-partir-de-esta-fecha-bloqueara-las-capturas-de-pantalla\/#article\",\"isPartOf\":{\"@id\":\"https:\/\/noti-america.com\/site\/mexico\/2024\/03\/22\/whatsapp-a-partir-de-esta-fecha-bloqueara-las-capturas-de-pantalla\/\"},\"author\":{\"name\":\"Maria Valentina Noguera Medina\",\"@id\":\"https:\/\/noti-america.com\/site\/mexico\/#\/schema\/person\/22806efcc2cfc4b45efb0e17be210ea8\"},\"headline\":\"WhatsApp a partir de esta fecha bloquear\u00e1 las capturas de pantalla\",\"datePublished\":\"2024-03-22T14:54:52+00:00\",\"mainEntityOfPage\":{\"@id\":\"https:\/\/noti-america.com\/site\/mexico\/2024\/03\/22\/whatsapp-a-partir-de-esta-fecha-bloqueara-las-capturas-de-pantalla\/\"},\"wordCount\":270,\"commentCount\":0,\"publisher\":{\"@id\":\"https:\/\/noti-america.com\/site\/mexico\/#organization\"},\"image\":{\"@id\":\"https:\/\/noti-america.com\/site\/mexico\/2024\/03\/22\/whatsapp-a-partir-de-esta-fecha-bloqueara-las-capturas-de-pantalla\/#primaryimage\"},\"thumbnailUrl\":\"https:\/\/noti-america.com\/site\/mexico\/wp-content\/uploads\/sites\/13\/2024\/03\/WhatsApp.jpg\",\"articleSection\":[\"Actualidad\"],\"inLanguage\":\"es\",\"potentialAction\":[{\"@type\":\"CommentAction\",\"name\":\"Comment\",\"target\":[\"https:\/\/noti-america.com\/site\/mexico\/2024\/03\/22\/whatsapp-a-partir-de-esta-fecha-bloqueara-las-capturas-de-pantalla\/#respond\"]}]},{\"@type\":\"WebPage\",\"@id\":\"https:\/\/noti-america.com\/site\/mexico\/2024\/03\/22\/whatsapp-a-partir-de-esta-fecha-bloqueara-las-capturas-de-pantalla\/\",\"url\":\"https:\/\/noti-america.com\/site\/mexico\/2024\/03\/22\/whatsapp-a-partir-de-esta-fecha-bloqueara-las-capturas-de-pantalla\/\",\"name\":\"WhatsApp a partir de esta fecha bloquear\u00e1 las capturas de pantalla - M\u00e9xico\",\"isPartOf\":{\"@id\":\"https:\/\/noti-america.com\/site\/mexico\/#website\"},\"primaryImageOfPage\":{\"@id\":\"https:\/\/noti-america.com\/site\/mexico\/2024\/03\/22\/whatsapp-a-partir-de-esta-fecha-bloqueara-las-capturas-de-pantalla\/#primaryimage\"},\"image\":{\"@id\":\"https:\/\/noti-america.com\/site\/mexico\/2024\/03\/22\/whatsapp-a-partir-de-esta-fecha-bloqueara-las-capturas-de-pantalla\/#primaryimage\"},\"thumbnailUrl\":\"https:\/\/noti-america.com\/site\/mexico\/wp-content\/uploads\/sites\/13\/2024\/03\/WhatsApp.jpg\",\"datePublished\":\"2024-03-22T14:54:52+00:00\",\"breadcrumb\":{\"@id\":\"https:\/\/noti-america.com\/site\/mexico\/2024\/03\/22\/whatsapp-a-partir-de-esta-fecha-bloqueara-las-capturas-de-pantalla\/#breadcrumb\"},\"inLanguage\":\"es\",\"potentialAction\":[{\"@type\":\"ReadAction\",\"target\":[\"https:\/\/noti-america.com\/site\/mexico\/2024\/03\/22\/whatsapp-a-partir-de-esta-fecha-bloqueara-las-capturas-de-pantalla\/\"]}]},{\"@type\":\"ImageObject\",\"inLanguage\":\"es\",\"@id\":\"https:\/\/noti-america.com\/site\/mexico\/2024\/03\/22\/whatsapp-a-partir-de-esta-fecha-bloqueara-las-capturas-de-pantalla\/#primaryimage\",\"url\":\"https:\/\/noti-america.com\/site\/mexico\/wp-content\/uploads\/sites\/13\/2024\/03\/WhatsApp.jpg\",\"contentUrl\":\"https:\/\/noti-america.com\/site\/mexico\/wp-content\/uploads\/sites\/13\/2024\/03\/WhatsApp.jpg\",\"width\":700,\"height\":352},{\"@type\":\"BreadcrumbList\",\"@id\":\"https:\/\/noti-america.com\/site\/mexico\/2024\/03\/22\/whatsapp-a-partir-de-esta-fecha-bloqueara-las-capturas-de-pantalla\/#breadcrumb\",\"itemListElement\":[{\"@type\":\"ListItem\",\"position\":1,\"name\":\"Portada\",\"item\":\"https:\/\/noti-america.com\/site\/mexico\/\"},{\"@type\":\"ListItem\",\"position\":2,\"name\":\"WhatsApp a partir de esta fecha bloquear\u00e1 las capturas de pantalla\"}]},{\"@type\":\"WebSite\",\"@id\":\"https:\/\/noti-america.com\/site\/mexico\/#website\",\"url\":\"https:\/\/noti-america.com\/site\/mexico\/\",\"name\":\"M\u00e9xico | Noti-America.com\",\"description\":\"\",\"publisher\":{\"@id\":\"https:\/\/noti-america.com\/site\/mexico\/#organization\"},\"potentialAction\":[{\"@type\":\"SearchAction\",\"target\":{\"@type\":\"EntryPoint\",\"urlTemplate\":\"https:\/\/noti-america.com\/site\/mexico\/?s={search_term_string}\"},\"query-input\":{\"@type\":\"PropertyValueSpecification\",\"valueRequired\":true,\"valueName\":\"search_term_string\"}}],\"inLanguage\":\"es\"},{\"@type\":\"Organization\",\"@id\":\"https:\/\/noti-america.com\/site\/mexico\/#organization\",\"name\":\"Noti-America LLC | M\u00e9xico\",\"url\":\"https:\/\/noti-america.com\/site\/mexico\/\",\"logo\":{\"@type\":\"ImageObject\",\"inLanguage\":\"es\",\"@id\":\"https:\/\/noti-america.com\/site\/mexico\/#\/schema\/logo\/image\/\",\"url\":\"https:\/\/noti-america.com\/site\/mexico\/wp-content\/uploads\/sites\/13\/2020\/07\/LogoNA-4x3-1.jpg\",\"contentUrl\":\"https:\/\/noti-america.com\/site\/mexico\/wp-content\/uploads\/sites\/13\/2020\/07\/LogoNA-4x3-1.jpg\",\"width\":1236,\"height\":1080,\"caption\":\"Noti-America LLC | M\u00e9xico\"},\"image\":{\"@id\":\"https:\/\/noti-america.com\/site\/mexico\/#\/schema\/logo\/image\/\"}},{\"@type\":\"Person\",\"@id\":\"https:\/\/noti-america.com\/site\/mexico\/#\/schema\/person\/22806efcc2cfc4b45efb0e17be210ea8\",\"name\":\"Maria Valentina Noguera Medina\",\"image\":{\"@type\":\"ImageObject\",\"inLanguage\":\"es\",\"@id\":\"https:\/\/secure.gravatar.com\/avatar\/4ec5eb9d099f2608a49c9df6f7341f66f04f819cdffa09d56a7a0e91d2819d56?s=96&d=mm&r=g\",\"url\":\"https:\/\/secure.gravatar.com\/avatar\/4ec5eb9d099f2608a49c9df6f7341f66f04f819cdffa09d56a7a0e91d2819d56?s=96&d=mm&r=g\",\"contentUrl\":\"https:\/\/secure.gravatar.com\/avatar\/4ec5eb9d099f2608a49c9df6f7341f66f04f819cdffa09d56a7a0e91d2819d56?s=96&d=mm&r=g\",\"caption\":\"Maria Valentina Noguera Medina\"},\"description\":\"Periodista - noti-america - Promar Community Manager - Talento Plus Dise\u00f1adora\/ creadora de contenido...\",\"sameAs\":[\"Mar\u00eda Valentina Noguera\",\"https:\/\/www.facebook.com\/mariavalentina.noguera\",\"https:\/\/www.linkedin.com\/in\/mara-valentina-noguera-medina-373075165\/\",\"https:\/\/www.pinterest.es\/valentinanoguera95\/\",\"https:\/\/www.youtube.com\/channel\/UCdek6mbUZ-Tqqw0I63i4nmQ\"],\"url\":\"https:\/\/noti-america.com\/site\/mexico\/author\/mnoguera\/\"}]}<\/script>\n<!-- \/ Yoast SEO Premium plugin. -->","yoast_head_json":{"title":"WhatsApp a partir de esta fecha bloquear\u00e1 las capturas de pantalla - M\u00e9xico","robots":{"index":"index","follow":"follow","max-snippet":"max-snippet:-1","max-image-preview":"max-image-preview:large","max-video-preview":"max-video-preview:-1"},"canonical":"https:\/\/noti-america.com\/site\/mexico\/2024\/03\/22\/whatsapp-a-partir-de-esta-fecha-bloqueara-las-capturas-de-pantalla\/","og_locale":"es_ES","og_type":"article","og_title":"WhatsApp a partir de esta fecha bloquear\u00e1 las capturas de pantalla","og_description":"NOTI-AMERICA.COM | M\u00c9XICO \u2013 La compa\u00f1\u00eda de mensajer\u00eda instant\u00e1nea, WhatsApp, aplic\u00f3 este a\u00f1o un nuevo nivel de seguridad y protecci\u00f3n de la privacidad de sus usuarios, con adelantos como el de silenciar las llamadas&#46;&#46;&#46;","og_url":"https:\/\/noti-america.com\/site\/mexico\/2024\/03\/22\/whatsapp-a-partir-de-esta-fecha-bloqueara-las-capturas-de-pantalla\/","og_site_name":"M\u00e9xico","article_author":"Mar\u00eda Valentina Noguera","article_published_time":"2024-03-22T14:54:52+00:00","og_image":[{"width":700,"height":352,"url":"https:\/\/noti-america.com\/site\/mexico\/wp-content\/uploads\/sites\/13\/2024\/03\/WhatsApp.jpg","type":"image\/jpeg"}],"author":"Maria Valentina Noguera Medina","twitter_card":"summary_large_image","twitter_misc":{"Escrito por":"Maria Valentina Noguera Medina","Tiempo estimado de lectura":"2 minutos"},"schema":{"@context":"https:\/\/schema.org","@graph":[{"@type":"Article","@id":"https:\/\/noti-america.com\/site\/mexico\/2024\/03\/22\/whatsapp-a-partir-de-esta-fecha-bloqueara-las-capturas-de-pantalla\/#article","isPartOf":{"@id":"https:\/\/noti-america.com\/site\/mexico\/2024\/03\/22\/whatsapp-a-partir-de-esta-fecha-bloqueara-las-capturas-de-pantalla\/"},"author":{"name":"Maria Valentina Noguera Medina","@id":"https:\/\/noti-america.com\/site\/mexico\/#\/schema\/person\/22806efcc2cfc4b45efb0e17be210ea8"},"headline":"WhatsApp a partir de esta fecha bloquear\u00e1 las capturas de pantalla","datePublished":"2024-03-22T14:54:52+00:00","mainEntityOfPage":{"@id":"https:\/\/noti-america.com\/site\/mexico\/2024\/03\/22\/whatsapp-a-partir-de-esta-fecha-bloqueara-las-capturas-de-pantalla\/"},"wordCount":270,"commentCount":0,"publisher":{"@id":"https:\/\/noti-america.com\/site\/mexico\/#organization"},"image":{"@id":"https:\/\/noti-america.com\/site\/mexico\/2024\/03\/22\/whatsapp-a-partir-de-esta-fecha-bloqueara-las-capturas-de-pantalla\/#primaryimage"},"thumbnailUrl":"https:\/\/noti-america.com\/site\/mexico\/wp-content\/uploads\/sites\/13\/2024\/03\/WhatsApp.jpg","articleSection":["Actualidad"],"inLanguage":"es","potentialAction":[{"@type":"CommentAction","name":"Comment","target":["https:\/\/noti-america.com\/site\/mexico\/2024\/03\/22\/whatsapp-a-partir-de-esta-fecha-bloqueara-las-capturas-de-pantalla\/#respond"]}]},{"@type":"WebPage","@id":"https:\/\/noti-america.com\/site\/mexico\/2024\/03\/22\/whatsapp-a-partir-de-esta-fecha-bloqueara-las-capturas-de-pantalla\/","url":"https:\/\/noti-america.com\/site\/mexico\/2024\/03\/22\/whatsapp-a-partir-de-esta-fecha-bloqueara-las-capturas-de-pantalla\/","name":"WhatsApp a partir de esta fecha bloquear\u00e1 las capturas de pantalla - M\u00e9xico","isPartOf":{"@id":"https:\/\/noti-america.com\/site\/mexico\/#website"},"primaryImageOfPage":{"@id":"https:\/\/noti-america.com\/site\/mexico\/2024\/03\/22\/whatsapp-a-partir-de-esta-fecha-bloqueara-las-capturas-de-pantalla\/#primaryimage"},"image":{"@id":"https:\/\/noti-america.com\/site\/mexico\/2024\/03\/22\/whatsapp-a-partir-de-esta-fecha-bloqueara-las-capturas-de-pantalla\/#primaryimage"},"thumbnailUrl":"https:\/\/noti-america.com\/site\/mexico\/wp-content\/uploads\/sites\/13\/2024\/03\/WhatsApp.jpg","datePublished":"2024-03-22T14:54:52+00:00","breadcrumb":{"@id":"https:\/\/noti-america.com\/site\/mexico\/2024\/03\/22\/whatsapp-a-partir-de-esta-fecha-bloqueara-las-capturas-de-pantalla\/#breadcrumb"},"inLanguage":"es","potentialAction":[{"@type":"ReadAction","target":["https:\/\/noti-america.com\/site\/mexico\/2024\/03\/22\/whatsapp-a-partir-de-esta-fecha-bloqueara-las-capturas-de-pantalla\/"]}]},{"@type":"ImageObject","inLanguage":"es","@id":"https:\/\/noti-america.com\/site\/mexico\/2024\/03\/22\/whatsapp-a-partir-de-esta-fecha-bloqueara-las-capturas-de-pantalla\/#primaryimage","url":"https:\/\/noti-america.com\/site\/mexico\/wp-content\/uploads\/sites\/13\/2024\/03\/WhatsApp.jpg","contentUrl":"https:\/\/noti-america.com\/site\/mexico\/wp-content\/uploads\/sites\/13\/2024\/03\/WhatsApp.jpg","width":700,"height":352},{"@type":"BreadcrumbList","@id":"https:\/\/noti-america.com\/site\/mexico\/2024\/03\/22\/whatsapp-a-partir-de-esta-fecha-bloqueara-las-capturas-de-pantalla\/#breadcrumb","itemListElement":[{"@type":"ListItem","position":1,"name":"Portada","item":"https:\/\/noti-america.com\/site\/mexico\/"},{"@type":"ListItem","position":2,"name":"WhatsApp a partir de esta fecha bloquear\u00e1 las capturas de pantalla"}]},{"@type":"WebSite","@id":"https:\/\/noti-america.com\/site\/mexico\/#website","url":"https:\/\/noti-america.com\/site\/mexico\/","name":"M\u00e9xico | Noti-America.com","description":"","publisher":{"@id":"https:\/\/noti-america.com\/site\/mexico\/#organization"},"potentialAction":[{"@type":"SearchAction","target":{"@type":"EntryPoint","urlTemplate":"https:\/\/noti-america.com\/site\/mexico\/?s={search_term_string}"},"query-input":{"@type":"PropertyValueSpecification","valueRequired":true,"valueName":"search_term_string"}}],"inLanguage":"es"},{"@type":"Organization","@id":"https:\/\/noti-america.com\/site\/mexico\/#organization","name":"Noti-America LLC | M\u00e9xico","url":"https:\/\/noti-america.com\/site\/mexico\/","logo":{"@type":"ImageObject","inLanguage":"es","@id":"https:\/\/noti-america.com\/site\/mexico\/#\/schema\/logo\/image\/","url":"https:\/\/noti-america.com\/site\/mexico\/wp-content\/uploads\/sites\/13\/2020\/07\/LogoNA-4x3-1.jpg","contentUrl":"https:\/\/noti-america.com\/site\/mexico\/wp-content\/uploads\/sites\/13\/2020\/07\/LogoNA-4x3-1.jpg","width":1236,"height":1080,"caption":"Noti-America LLC | M\u00e9xico"},"image":{"@id":"https:\/\/noti-america.com\/site\/mexico\/#\/schema\/logo\/image\/"}},{"@type":"Person","@id":"https:\/\/noti-america.com\/site\/mexico\/#\/schema\/person\/22806efcc2cfc4b45efb0e17be210ea8","name":"Maria Valentina Noguera Medina","image":{"@type":"ImageObject","inLanguage":"es","@id":"https:\/\/secure.gravatar.com\/avatar\/4ec5eb9d099f2608a49c9df6f7341f66f04f819cdffa09d56a7a0e91d2819d56?s=96&d=mm&r=g","url":"https:\/\/secure.gravatar.com\/avatar\/4ec5eb9d099f2608a49c9df6f7341f66f04f819cdffa09d56a7a0e91d2819d56?s=96&d=mm&r=g","contentUrl":"https:\/\/secure.gravatar.com\/avatar\/4ec5eb9d099f2608a49c9df6f7341f66f04f819cdffa09d56a7a0e91d2819d56?s=96&d=mm&r=g","caption":"Maria Valentina Noguera Medina"},"description":"Periodista - noti-america - Promar Community Manager - Talento Plus Dise\u00f1adora\/ creadora de contenido...","sameAs":["Mar\u00eda Valentina Noguera","https:\/\/www.facebook.com\/mariavalentina.noguera","https:\/\/www.linkedin.com\/in\/mara-valentina-noguera-medina-373075165\/","https:\/\/www.pinterest.es\/valentinanoguera95\/","https:\/\/www.youtube.com\/channel\/UCdek6mbUZ-Tqqw0I63i4nmQ"],"url":"https:\/\/noti-america.com\/site\/mexico\/author\/mnoguera\/"}]}},"_links":{"self":[{"href":"https:\/\/noti-america.com\/site\/mexico\/wp-json\/wp\/v2\/posts\/11081","targetHints":{"allow":["GET"]}}],"collection":[{"href":"https:\/\/noti-america.com\/site\/mexico\/wp-json\/wp\/v2\/posts"}],"about":[{"href":"https:\/\/noti-america.com\/site\/mexico\/wp-json\/wp\/v2\/types\/post"}],"author":[{"embeddable":true,"href":"https:\/\/noti-america.com\/site\/mexico\/wp-json\/wp\/v2\/users\/133"}],"replies":[{"embeddable":true,"href":"https:\/\/noti-america.com\/site\/mexico\/wp-json\/wp\/v2\/comments?post=11081"}],"version-history":[{"count":1,"href":"https:\/\/noti-america.com\/site\/mexico\/wp-json\/wp\/v2\/posts\/11081\/revisions"}],"predecessor-version":[{"id":11083,"href":"https:\/\/noti-america.com\/site\/mexico\/wp-json\/wp\/v2\/posts\/11081\/revisions\/11083"}],"wp:featuredmedia":[{"embeddable":true,"href":"https:\/\/noti-america.com\/site\/mexico\/wp-json\/wp\/v2\/media\/11082"}],"wp:attachment":[{"href":"https:\/\/noti-america.com\/site\/mexico\/wp-json\/wp\/v2\/media?parent=11081"}],"wp:term":[{"taxonomy":"category","embeddable":true,"href":"https:\/\/noti-america.com\/site\/mexico\/wp-json\/wp\/v2\/categories?post=11081"},{"taxonomy":"post_tag","embeddable":true,"href":"https:\/\/noti-america.com\/site\/mexico\/wp-json\/wp\/v2\/tags?post=11081"}],"curies":[{"name":"wp","href":"https:\/\/api.w.org\/{rel}","templated":true}]}}