{"id":10955,"date":"2024-03-11T13:57:05","date_gmt":"2024-03-11T13:57:05","guid":{"rendered":"https:\/\/noti-america.com\/site\/mexico\/?p=10955"},"modified":"2024-03-11T13:57:05","modified_gmt":"2024-03-11T13:57:05","slug":"kate-middleton-se-disculpa-tras-editar-su-foto-familiar","status":"publish","type":"post","link":"https:\/\/noti-america.com\/site\/mexico\/2024\/03\/11\/kate-middleton-se-disculpa-tras-editar-su-foto-familiar\/","title":{"rendered":"Kate Middleton se disculpa tras editar su foto familiar"},"content":{"rendered":"<p>NOTI-AMERICA.COM | M\u00c9XICO \u2013 La princesa Catalina de Gales pidi\u00f3 disculpas este lunes por haber manipulado una foto familiar, la primera oficial desde su operaci\u00f3n abdominal, retirada el domingo por las agencias de prensa al comprobarse que hab\u00eda sido alterada.<\/p>\n<p>\u00abComo muchos fot\u00f3grafos aficionados, ocasionalmente experimento con la edici\u00f3n. Quer\u00eda expresar mis disculpas por cualquier confusi\u00f3n que haya causado la fotograf\u00eda familiar que compartimos ayer\u00bb, escribi\u00f3 la princesa, de 42 a\u00f1os, esposa del pr\u00edncipe heredero Guillermo, en un comunicado publicado en la red social X.<\/p>\n<p>Una fuente pr\u00f3xima a la realeza se\u00f1al\u00f3 a la agencia brit\u00e1nica PA que la princesa realiz\u00f3 \u00abalgunos ajustes menores\u00bb en la foto.<\/p>\n<p>Con la foto del domingo, los servicios reales, que estaban bajo presi\u00f3n, esperaban probablemente poner fin a las dudas sobre el estado de salud de la princesa, pero crearon m\u00e1s confusi\u00f3n y alarma.<\/p>\n<p>\u00abGracias por sus deseos y su continuo apoyo durante los \u00faltimos dos meses. Les deseo a todos un feliz D\u00eda de la Madre\u00bb, indicaba el mensaje junto a la imagen del domingo, firmado con una \u00abC\u00bb de Catalina.<\/p>\n<p>La foto, que fue retirada por las agencias de prensa internacionales, entre ellas la AFP, mostraba a una Catalina sonriente, rodeada de sus tres hijos, Jorge, Carlota y Luis, en el d\u00eda de la madre en el Reino Unido.<\/p>\n<p>Pero un examen de la foto muestra que la mano izquierda de la princesa, pegada a la manga de su hija Carlota, parece estar retocada, lo que pone en duda la autenticidad de la foto en su conjunto.<\/p>\n<p>Tambi\u00e9n parecen existir retoques en la mano izquierda y el pelo de Carlota y en la cremallera de la prenda de Catalina.<\/p>\n<p>\u00abEn lugar de enfriar las especulaciones sobre el estado de salud de la princesa tras su operaci\u00f3n, este panorama plantea m\u00e1s preguntas que respuestas\u00bb, resum\u00eda este lunes un art\u00edculo de la BBC.<\/p>\n<p>Un punto de vista compartido por muchos observadores, como el periodista encargado de la realeza en la cadena privada ITV, que afirm\u00f3 que la foto tuvo un \u00abefecto inverso\u00bb al deseado.<\/p>\n<p>Los servicios reales informaron que no publicar\u00e1n la foto original.<\/p>\n","protected":false},"excerpt":{"rendered":"<p>NOTI-AMERICA.COM | M\u00c9XICO \u2013 La princesa Catalina de Gales pidi\u00f3 disculpas este lunes por haber manipulado una foto familiar, la primera oficial desde su operaci\u00f3n abdominal, retirada el domingo por las agencias de prensa&#46;&#46;&#46;<\/p>\n","protected":false},"author":133,"featured_media":10956,"comment_status":"open","ping_status":"open","sticky":false,"template":"","format":"image","meta":{"_acf_changed":false,"om_disable_all_campaigns":false,"rop_custom_images_group":[],"rop_custom_messages_group":[],"rop_publish_now":"initial","rop_publish_now_accounts":{"twitter_242054905_242054905":""},"rop_publish_now_history":[],"rop_publish_now_status":"pending","_uf_show_specific_survey":0,"_uf_disable_surveys":false,"footnotes":""},"categories":[722],"tags":[],"class_list":["post-10955","post","type-post","status-publish","format-image","has-post-thumbnail","hentry","category-actualidad","post_format-post-format-image"],"acf":[],"aioseo_notices":[],"yoast_head":"<!-- This site is optimized with the Yoast SEO Premium plugin v24.9 (Yoast SEO v27.2) - https:\/\/yoast.com\/product\/yoast-seo-premium-wordpress\/ -->\n<title>Kate Middleton se disculpa tras editar su foto familiar - M\u00e9xico<\/title>\n<meta name=\"robots\" content=\"index, follow, max-snippet:-1, max-image-preview:large, max-video-preview:-1\" \/>\n<link rel=\"canonical\" href=\"https:\/\/noti-america.com\/site\/mexico\/2024\/03\/11\/kate-middleton-se-disculpa-tras-editar-su-foto-familiar\/\" \/>\n<meta property=\"og:locale\" content=\"es_ES\" \/>\n<meta property=\"og:type\" content=\"article\" \/>\n<meta property=\"og:title\" content=\"Kate Middleton se disculpa tras editar su foto familiar\" \/>\n<meta property=\"og:description\" content=\"NOTI-AMERICA.COM | M\u00c9XICO \u2013 La princesa Catalina de Gales pidi\u00f3 disculpas este lunes por haber manipulado una foto familiar, la primera oficial desde su operaci\u00f3n abdominal, retirada el domingo por las agencias de prensa&#046;&#046;&#046;\" \/>\n<meta property=\"og:url\" content=\"https:\/\/noti-america.com\/site\/mexico\/2024\/03\/11\/kate-middleton-se-disculpa-tras-editar-su-foto-familiar\/\" \/>\n<meta property=\"og:site_name\" content=\"M\u00e9xico\" \/>\n<meta property=\"article:author\" content=\"Mar\u00eda Valentina Noguera\" \/>\n<meta property=\"article:published_time\" content=\"2024-03-11T13:57:05+00:00\" \/>\n<meta property=\"og:image\" content=\"https:\/\/noti-america.com\/site\/mexico\/wp-content\/uploads\/sites\/13\/2024\/03\/GITCqi7WsAAxXEF.jpg\" \/>\n\t<meta property=\"og:image:width\" content=\"600\" \/>\n\t<meta property=\"og:image:height\" content=\"900\" \/>\n\t<meta property=\"og:image:type\" content=\"image\/jpeg\" \/>\n<meta name=\"author\" content=\"Maria Valentina Noguera Medina\" \/>\n<meta name=\"twitter:card\" content=\"summary_large_image\" \/>\n<meta name=\"twitter:label1\" content=\"Escrito por\" \/>\n\t<meta name=\"twitter:data1\" content=\"Maria Valentina Noguera Medina\" \/>\n\t<meta name=\"twitter:label2\" content=\"Tiempo estimado de lectura\" \/>\n\t<meta name=\"twitter:data2\" content=\"2 minutos\" \/>\n<script type=\"application\/ld+json\" class=\"yoast-schema-graph\">{\"@context\":\"https:\/\/schema.org\",\"@graph\":[{\"@type\":\"Article\",\"@id\":\"https:\/\/noti-america.com\/site\/mexico\/2024\/03\/11\/kate-middleton-se-disculpa-tras-editar-su-foto-familiar\/#article\",\"isPartOf\":{\"@id\":\"https:\/\/noti-america.com\/site\/mexico\/2024\/03\/11\/kate-middleton-se-disculpa-tras-editar-su-foto-familiar\/\"},\"author\":{\"name\":\"Maria Valentina Noguera Medina\",\"@id\":\"https:\/\/noti-america.com\/site\/mexico\/#\/schema\/person\/22806efcc2cfc4b45efb0e17be210ea8\"},\"headline\":\"Kate Middleton se disculpa tras editar su foto familiar\",\"datePublished\":\"2024-03-11T13:57:05+00:00\",\"mainEntityOfPage\":{\"@id\":\"https:\/\/noti-america.com\/site\/mexico\/2024\/03\/11\/kate-middleton-se-disculpa-tras-editar-su-foto-familiar\/\"},\"wordCount\":381,\"commentCount\":0,\"publisher\":{\"@id\":\"https:\/\/noti-america.com\/site\/mexico\/#organization\"},\"image\":{\"@id\":\"https:\/\/noti-america.com\/site\/mexico\/2024\/03\/11\/kate-middleton-se-disculpa-tras-editar-su-foto-familiar\/#primaryimage\"},\"thumbnailUrl\":\"https:\/\/noti-america.com\/site\/mexico\/wp-content\/uploads\/sites\/13\/2024\/03\/GITCqi7WsAAxXEF.jpg\",\"articleSection\":[\"Actualidad\"],\"inLanguage\":\"es\",\"potentialAction\":[{\"@type\":\"CommentAction\",\"name\":\"Comment\",\"target\":[\"https:\/\/noti-america.com\/site\/mexico\/2024\/03\/11\/kate-middleton-se-disculpa-tras-editar-su-foto-familiar\/#respond\"]}]},{\"@type\":\"WebPage\",\"@id\":\"https:\/\/noti-america.com\/site\/mexico\/2024\/03\/11\/kate-middleton-se-disculpa-tras-editar-su-foto-familiar\/\",\"url\":\"https:\/\/noti-america.com\/site\/mexico\/2024\/03\/11\/kate-middleton-se-disculpa-tras-editar-su-foto-familiar\/\",\"name\":\"Kate Middleton se disculpa tras editar su foto familiar - M\u00e9xico\",\"isPartOf\":{\"@id\":\"https:\/\/noti-america.com\/site\/mexico\/#website\"},\"primaryImageOfPage\":{\"@id\":\"https:\/\/noti-america.com\/site\/mexico\/2024\/03\/11\/kate-middleton-se-disculpa-tras-editar-su-foto-familiar\/#primaryimage\"},\"image\":{\"@id\":\"https:\/\/noti-america.com\/site\/mexico\/2024\/03\/11\/kate-middleton-se-disculpa-tras-editar-su-foto-familiar\/#primaryimage\"},\"thumbnailUrl\":\"https:\/\/noti-america.com\/site\/mexico\/wp-content\/uploads\/sites\/13\/2024\/03\/GITCqi7WsAAxXEF.jpg\",\"datePublished\":\"2024-03-11T13:57:05+00:00\",\"breadcrumb\":{\"@id\":\"https:\/\/noti-america.com\/site\/mexico\/2024\/03\/11\/kate-middleton-se-disculpa-tras-editar-su-foto-familiar\/#breadcrumb\"},\"inLanguage\":\"es\",\"potentialAction\":[{\"@type\":\"ReadAction\",\"target\":[\"https:\/\/noti-america.com\/site\/mexico\/2024\/03\/11\/kate-middleton-se-disculpa-tras-editar-su-foto-familiar\/\"]}]},{\"@type\":\"ImageObject\",\"inLanguage\":\"es\",\"@id\":\"https:\/\/noti-america.com\/site\/mexico\/2024\/03\/11\/kate-middleton-se-disculpa-tras-editar-su-foto-familiar\/#primaryimage\",\"url\":\"https:\/\/noti-america.com\/site\/mexico\/wp-content\/uploads\/sites\/13\/2024\/03\/GITCqi7WsAAxXEF.jpg\",\"contentUrl\":\"https:\/\/noti-america.com\/site\/mexico\/wp-content\/uploads\/sites\/13\/2024\/03\/GITCqi7WsAAxXEF.jpg\",\"width\":600,\"height\":900},{\"@type\":\"BreadcrumbList\",\"@id\":\"https:\/\/noti-america.com\/site\/mexico\/2024\/03\/11\/kate-middleton-se-disculpa-tras-editar-su-foto-familiar\/#breadcrumb\",\"itemListElement\":[{\"@type\":\"ListItem\",\"position\":1,\"name\":\"Portada\",\"item\":\"https:\/\/noti-america.com\/site\/mexico\/\"},{\"@type\":\"ListItem\",\"position\":2,\"name\":\"Kate Middleton se disculpa tras editar su foto familiar\"}]},{\"@type\":\"WebSite\",\"@id\":\"https:\/\/noti-america.com\/site\/mexico\/#website\",\"url\":\"https:\/\/noti-america.com\/site\/mexico\/\",\"name\":\"M\u00e9xico | Noti-America.com\",\"description\":\"\",\"publisher\":{\"@id\":\"https:\/\/noti-america.com\/site\/mexico\/#organization\"},\"potentialAction\":[{\"@type\":\"SearchAction\",\"target\":{\"@type\":\"EntryPoint\",\"urlTemplate\":\"https:\/\/noti-america.com\/site\/mexico\/?s={search_term_string}\"},\"query-input\":{\"@type\":\"PropertyValueSpecification\",\"valueRequired\":true,\"valueName\":\"search_term_string\"}}],\"inLanguage\":\"es\"},{\"@type\":\"Organization\",\"@id\":\"https:\/\/noti-america.com\/site\/mexico\/#organization\",\"name\":\"Noti-America LLC | M\u00e9xico\",\"url\":\"https:\/\/noti-america.com\/site\/mexico\/\",\"logo\":{\"@type\":\"ImageObject\",\"inLanguage\":\"es\",\"@id\":\"https:\/\/noti-america.com\/site\/mexico\/#\/schema\/logo\/image\/\",\"url\":\"https:\/\/noti-america.com\/site\/mexico\/wp-content\/uploads\/sites\/13\/2020\/07\/LogoNA-4x3-1.jpg\",\"contentUrl\":\"https:\/\/noti-america.com\/site\/mexico\/wp-content\/uploads\/sites\/13\/2020\/07\/LogoNA-4x3-1.jpg\",\"width\":1236,\"height\":1080,\"caption\":\"Noti-America LLC | M\u00e9xico\"},\"image\":{\"@id\":\"https:\/\/noti-america.com\/site\/mexico\/#\/schema\/logo\/image\/\"}},{\"@type\":\"Person\",\"@id\":\"https:\/\/noti-america.com\/site\/mexico\/#\/schema\/person\/22806efcc2cfc4b45efb0e17be210ea8\",\"name\":\"Maria Valentina Noguera Medina\",\"image\":{\"@type\":\"ImageObject\",\"inLanguage\":\"es\",\"@id\":\"https:\/\/secure.gravatar.com\/avatar\/4ec5eb9d099f2608a49c9df6f7341f66f04f819cdffa09d56a7a0e91d2819d56?s=96&d=mm&r=g\",\"url\":\"https:\/\/secure.gravatar.com\/avatar\/4ec5eb9d099f2608a49c9df6f7341f66f04f819cdffa09d56a7a0e91d2819d56?s=96&d=mm&r=g\",\"contentUrl\":\"https:\/\/secure.gravatar.com\/avatar\/4ec5eb9d099f2608a49c9df6f7341f66f04f819cdffa09d56a7a0e91d2819d56?s=96&d=mm&r=g\",\"caption\":\"Maria Valentina Noguera Medina\"},\"description\":\"Periodista - noti-america - Promar Community Manager - Talento Plus Dise\u00f1adora\/ creadora de contenido...\",\"sameAs\":[\"Mar\u00eda Valentina Noguera\",\"https:\/\/www.facebook.com\/mariavalentina.noguera\",\"https:\/\/www.linkedin.com\/in\/mara-valentina-noguera-medina-373075165\/\",\"https:\/\/www.pinterest.es\/valentinanoguera95\/\",\"https:\/\/www.youtube.com\/channel\/UCdek6mbUZ-Tqqw0I63i4nmQ\"],\"url\":\"https:\/\/noti-america.com\/site\/mexico\/author\/mnoguera\/\"}]}<\/script>\n<!-- \/ Yoast SEO Premium plugin. -->","yoast_head_json":{"title":"Kate Middleton se disculpa tras editar su foto familiar - M\u00e9xico","robots":{"index":"index","follow":"follow","max-snippet":"max-snippet:-1","max-image-preview":"max-image-preview:large","max-video-preview":"max-video-preview:-1"},"canonical":"https:\/\/noti-america.com\/site\/mexico\/2024\/03\/11\/kate-middleton-se-disculpa-tras-editar-su-foto-familiar\/","og_locale":"es_ES","og_type":"article","og_title":"Kate Middleton se disculpa tras editar su foto familiar","og_description":"NOTI-AMERICA.COM | M\u00c9XICO \u2013 La princesa Catalina de Gales pidi\u00f3 disculpas este lunes por haber manipulado una foto familiar, la primera oficial desde su operaci\u00f3n abdominal, retirada el domingo por las agencias de prensa&#46;&#46;&#46;","og_url":"https:\/\/noti-america.com\/site\/mexico\/2024\/03\/11\/kate-middleton-se-disculpa-tras-editar-su-foto-familiar\/","og_site_name":"M\u00e9xico","article_author":"Mar\u00eda Valentina Noguera","article_published_time":"2024-03-11T13:57:05+00:00","og_image":[{"width":600,"height":900,"url":"https:\/\/noti-america.com\/site\/mexico\/wp-content\/uploads\/sites\/13\/2024\/03\/GITCqi7WsAAxXEF.jpg","type":"image\/jpeg"}],"author":"Maria Valentina Noguera Medina","twitter_card":"summary_large_image","twitter_misc":{"Escrito por":"Maria Valentina Noguera Medina","Tiempo estimado de lectura":"2 minutos"},"schema":{"@context":"https:\/\/schema.org","@graph":[{"@type":"Article","@id":"https:\/\/noti-america.com\/site\/mexico\/2024\/03\/11\/kate-middleton-se-disculpa-tras-editar-su-foto-familiar\/#article","isPartOf":{"@id":"https:\/\/noti-america.com\/site\/mexico\/2024\/03\/11\/kate-middleton-se-disculpa-tras-editar-su-foto-familiar\/"},"author":{"name":"Maria Valentina Noguera Medina","@id":"https:\/\/noti-america.com\/site\/mexico\/#\/schema\/person\/22806efcc2cfc4b45efb0e17be210ea8"},"headline":"Kate Middleton se disculpa tras editar su foto familiar","datePublished":"2024-03-11T13:57:05+00:00","mainEntityOfPage":{"@id":"https:\/\/noti-america.com\/site\/mexico\/2024\/03\/11\/kate-middleton-se-disculpa-tras-editar-su-foto-familiar\/"},"wordCount":381,"commentCount":0,"publisher":{"@id":"https:\/\/noti-america.com\/site\/mexico\/#organization"},"image":{"@id":"https:\/\/noti-america.com\/site\/mexico\/2024\/03\/11\/kate-middleton-se-disculpa-tras-editar-su-foto-familiar\/#primaryimage"},"thumbnailUrl":"https:\/\/noti-america.com\/site\/mexico\/wp-content\/uploads\/sites\/13\/2024\/03\/GITCqi7WsAAxXEF.jpg","articleSection":["Actualidad"],"inLanguage":"es","potentialAction":[{"@type":"CommentAction","name":"Comment","target":["https:\/\/noti-america.com\/site\/mexico\/2024\/03\/11\/kate-middleton-se-disculpa-tras-editar-su-foto-familiar\/#respond"]}]},{"@type":"WebPage","@id":"https:\/\/noti-america.com\/site\/mexico\/2024\/03\/11\/kate-middleton-se-disculpa-tras-editar-su-foto-familiar\/","url":"https:\/\/noti-america.com\/site\/mexico\/2024\/03\/11\/kate-middleton-se-disculpa-tras-editar-su-foto-familiar\/","name":"Kate Middleton se disculpa tras editar su foto familiar - M\u00e9xico","isPartOf":{"@id":"https:\/\/noti-america.com\/site\/mexico\/#website"},"primaryImageOfPage":{"@id":"https:\/\/noti-america.com\/site\/mexico\/2024\/03\/11\/kate-middleton-se-disculpa-tras-editar-su-foto-familiar\/#primaryimage"},"image":{"@id":"https:\/\/noti-america.com\/site\/mexico\/2024\/03\/11\/kate-middleton-se-disculpa-tras-editar-su-foto-familiar\/#primaryimage"},"thumbnailUrl":"https:\/\/noti-america.com\/site\/mexico\/wp-content\/uploads\/sites\/13\/2024\/03\/GITCqi7WsAAxXEF.jpg","datePublished":"2024-03-11T13:57:05+00:00","breadcrumb":{"@id":"https:\/\/noti-america.com\/site\/mexico\/2024\/03\/11\/kate-middleton-se-disculpa-tras-editar-su-foto-familiar\/#breadcrumb"},"inLanguage":"es","potentialAction":[{"@type":"ReadAction","target":["https:\/\/noti-america.com\/site\/mexico\/2024\/03\/11\/kate-middleton-se-disculpa-tras-editar-su-foto-familiar\/"]}]},{"@type":"ImageObject","inLanguage":"es","@id":"https:\/\/noti-america.com\/site\/mexico\/2024\/03\/11\/kate-middleton-se-disculpa-tras-editar-su-foto-familiar\/#primaryimage","url":"https:\/\/noti-america.com\/site\/mexico\/wp-content\/uploads\/sites\/13\/2024\/03\/GITCqi7WsAAxXEF.jpg","contentUrl":"https:\/\/noti-america.com\/site\/mexico\/wp-content\/uploads\/sites\/13\/2024\/03\/GITCqi7WsAAxXEF.jpg","width":600,"height":900},{"@type":"BreadcrumbList","@id":"https:\/\/noti-america.com\/site\/mexico\/2024\/03\/11\/kate-middleton-se-disculpa-tras-editar-su-foto-familiar\/#breadcrumb","itemListElement":[{"@type":"ListItem","position":1,"name":"Portada","item":"https:\/\/noti-america.com\/site\/mexico\/"},{"@type":"ListItem","position":2,"name":"Kate Middleton se disculpa tras editar su foto familiar"}]},{"@type":"WebSite","@id":"https:\/\/noti-america.com\/site\/mexico\/#website","url":"https:\/\/noti-america.com\/site\/mexico\/","name":"M\u00e9xico | Noti-America.com","description":"","publisher":{"@id":"https:\/\/noti-america.com\/site\/mexico\/#organization"},"potentialAction":[{"@type":"SearchAction","target":{"@type":"EntryPoint","urlTemplate":"https:\/\/noti-america.com\/site\/mexico\/?s={search_term_string}"},"query-input":{"@type":"PropertyValueSpecification","valueRequired":true,"valueName":"search_term_string"}}],"inLanguage":"es"},{"@type":"Organization","@id":"https:\/\/noti-america.com\/site\/mexico\/#organization","name":"Noti-America LLC | M\u00e9xico","url":"https:\/\/noti-america.com\/site\/mexico\/","logo":{"@type":"ImageObject","inLanguage":"es","@id":"https:\/\/noti-america.com\/site\/mexico\/#\/schema\/logo\/image\/","url":"https:\/\/noti-america.com\/site\/mexico\/wp-content\/uploads\/sites\/13\/2020\/07\/LogoNA-4x3-1.jpg","contentUrl":"https:\/\/noti-america.com\/site\/mexico\/wp-content\/uploads\/sites\/13\/2020\/07\/LogoNA-4x3-1.jpg","width":1236,"height":1080,"caption":"Noti-America LLC | M\u00e9xico"},"image":{"@id":"https:\/\/noti-america.com\/site\/mexico\/#\/schema\/logo\/image\/"}},{"@type":"Person","@id":"https:\/\/noti-america.com\/site\/mexico\/#\/schema\/person\/22806efcc2cfc4b45efb0e17be210ea8","name":"Maria Valentina Noguera Medina","image":{"@type":"ImageObject","inLanguage":"es","@id":"https:\/\/secure.gravatar.com\/avatar\/4ec5eb9d099f2608a49c9df6f7341f66f04f819cdffa09d56a7a0e91d2819d56?s=96&d=mm&r=g","url":"https:\/\/secure.gravatar.com\/avatar\/4ec5eb9d099f2608a49c9df6f7341f66f04f819cdffa09d56a7a0e91d2819d56?s=96&d=mm&r=g","contentUrl":"https:\/\/secure.gravatar.com\/avatar\/4ec5eb9d099f2608a49c9df6f7341f66f04f819cdffa09d56a7a0e91d2819d56?s=96&d=mm&r=g","caption":"Maria Valentina Noguera Medina"},"description":"Periodista - noti-america - Promar Community Manager - Talento Plus Dise\u00f1adora\/ creadora de contenido...","sameAs":["Mar\u00eda Valentina Noguera","https:\/\/www.facebook.com\/mariavalentina.noguera","https:\/\/www.linkedin.com\/in\/mara-valentina-noguera-medina-373075165\/","https:\/\/www.pinterest.es\/valentinanoguera95\/","https:\/\/www.youtube.com\/channel\/UCdek6mbUZ-Tqqw0I63i4nmQ"],"url":"https:\/\/noti-america.com\/site\/mexico\/author\/mnoguera\/"}]}},"_links":{"self":[{"href":"https:\/\/noti-america.com\/site\/mexico\/wp-json\/wp\/v2\/posts\/10955","targetHints":{"allow":["GET"]}}],"collection":[{"href":"https:\/\/noti-america.com\/site\/mexico\/wp-json\/wp\/v2\/posts"}],"about":[{"href":"https:\/\/noti-america.com\/site\/mexico\/wp-json\/wp\/v2\/types\/post"}],"author":[{"embeddable":true,"href":"https:\/\/noti-america.com\/site\/mexico\/wp-json\/wp\/v2\/users\/133"}],"replies":[{"embeddable":true,"href":"https:\/\/noti-america.com\/site\/mexico\/wp-json\/wp\/v2\/comments?post=10955"}],"version-history":[{"count":1,"href":"https:\/\/noti-america.com\/site\/mexico\/wp-json\/wp\/v2\/posts\/10955\/revisions"}],"predecessor-version":[{"id":10957,"href":"https:\/\/noti-america.com\/site\/mexico\/wp-json\/wp\/v2\/posts\/10955\/revisions\/10957"}],"wp:featuredmedia":[{"embeddable":true,"href":"https:\/\/noti-america.com\/site\/mexico\/wp-json\/wp\/v2\/media\/10956"}],"wp:attachment":[{"href":"https:\/\/noti-america.com\/site\/mexico\/wp-json\/wp\/v2\/media?parent=10955"}],"wp:term":[{"taxonomy":"category","embeddable":true,"href":"https:\/\/noti-america.com\/site\/mexico\/wp-json\/wp\/v2\/categories?post=10955"},{"taxonomy":"post_tag","embeddable":true,"href":"https:\/\/noti-america.com\/site\/mexico\/wp-json\/wp\/v2\/tags?post=10955"}],"curies":[{"name":"wp","href":"https:\/\/api.w.org\/{rel}","templated":true}]}}