{"id":10708,"date":"2024-02-20T14:29:24","date_gmt":"2024-02-20T14:29:24","guid":{"rendered":"https:\/\/noti-america.com\/site\/mexico\/?p=10708"},"modified":"2024-02-20T14:30:27","modified_gmt":"2024-02-20T14:30:27","slug":"a-que-edad-es-conveniente-tener-el-primer-celular","status":"publish","type":"post","link":"https:\/\/noti-america.com\/site\/mexico\/2024\/02\/20\/a-que-edad-es-conveniente-tener-el-primer-celular\/","title":{"rendered":"\u00bfA qu\u00e9 edad es conveniente tener el primer celular?"},"content":{"rendered":"<p>NOTI-AMERICA.COM | M\u00c9XICO \u2013 Los smartphones son herramientas que facilitan la comunicaci\u00f3n, la creaci\u00f3n y el entretenimiento, por lo que no es sorprendente que los ni\u00f1os expresen el deseo de tener uno, pero \u00bfCu\u00e1ndo compr\u00e1rselo?<\/p>\n<p>Es por eso que mediante su iniciativa Digipadres, que busca acompa\u00f1ar a madres, padres y docentes en el cuidado de los ni\u00f1os en Internet con el fin de generar conciencia acerca de riesgos y amenazas en el mundo digital, ESET desarroll\u00f3 un listado de puntos a tener en cuenta por los adultos sobre educaci\u00f3n y la familiarizaci\u00f3n de los m\u00e1s peque\u00f1os con el mundo online y los dispositivos inteligentes antes de que reciban su primer smartphone.<\/p>\n<p>\u201cAntes de su primer smartphone, los m\u00e1s peque\u00f1os deben conocer todo lo referido al cuidado f\u00edsico del aparato y al comportamiento personal durante las interacciones en internet, en la medida del uso que le dar\u00e1n y de lo que est\u00e1n en condiciones de aprender, seg\u00fan su edad. Cada madre y padre sabr\u00e1n cu\u00e1ndo es el momento, ya sea porque precisan estar comunicados de manera m\u00e1s \u00e1gil o porque socialmente ya empiezan las amistades a tener tel\u00e9fono. Si mantenemos v\u00ednculos respetuosos y de autocuidado en internet, les ser\u00e1 m\u00e1s f\u00e1cil la incorporaci\u00f3n de esos h\u00e1bitos\u201d, aconseja Silvina Tantone, Mentora Educativa de la ONG Argentina Cibersegura (Asociaci\u00f3n Civil cuyo objetivo es concientizar a la comunidad sobre el uso seguro de Internet y las tecnolog\u00edas).<\/p>\n<h2><strong>Los puntos principales a tener en cuenta a la hora de acercarle un tel\u00e9fono m\u00f3vil a un infante, son:<\/strong><\/h2>\n<p>Hablar con las y los ni\u00f1os sobre tecnolog\u00eda. No desde un vocabulario abstracto o desconectado de la realidad sino explicar el funcionamiento de las tecnolog\u00edas mientras se utiliza en su presencia y compartiendo la experiencia con ellos. Por ejemplo, mostrarles que cuando se pulsa un bot\u00f3n se puede utilizar el dispositivo para comunicarse con otros miembros de la familia, incluso con quienes est\u00e1n lejos de nosotros.<\/p>\n<p><strong>\u00bfQu\u00e9 deben saber los ni\u00f1os antes de tener su primer smartphone? Los menores deben saber c\u00f3mo utilizar la tecnolog\u00eda en el contexto del mundo offline<\/strong>. Por ejemplo, entender que no deben mirar el m\u00f3vil mientras cruzan la calle o conversan con alguien. Adem\u00e1s, deben desarrollar nociones b\u00e1sicas de seguridad, como no aceptar llamadas de n\u00fameros desconocidos ni hacer clic en enlaces de correos electr\u00f3nicos o mensajes aleatorios. Deben saber que pueden ajustar la configuraci\u00f3n del dispositivo para que sea m\u00e1s seguro, y muchas otras cosas.<\/p>\n<p><strong>La tecnolog\u00eda inteligente debe acercarse con el dispositivo adecuado.<\/strong> Las tabletas son las recomendadas porque al ser m\u00e1s grandes se vuelven m\u00e1s accesibles y divertidas para los ni\u00f1os. Adem\u00e1s, la ventaja de compartir una tableta entre varias personas o incluso toda la familia permite que los m\u00e1s peque\u00f1os aprendan a utilizar la tecnolog\u00eda sin necesidad de manipular su dispositivo personal. Si la intenci\u00f3n es proporcionarles un dispositivo que les permita mantenerse en contacto se recomienda comenzar con un tel\u00e9fono antiguo con teclado.<\/p>\n<p><strong>Prestar atenci\u00f3n a la capacidad de socializaci\u00f3n de los ni\u00f1os.<\/strong> En las etapas tempranas, los ni\u00f1os necesitan aprender a jugar, comunicarse y establecer conexiones con los dem\u00e1s. Introducir dispositivos inteligentes antes de que adquieran estas habilidades puede apartarlos del desarrollo necesario de estas capacidades. Aunque lleven el tel\u00e9fono en el bolsillo o en la mochila, existe el riesgo de que se obsesionen tanto con \u00e9l que les resulte dif\u00edcil concentrarse en las interacciones cara a cara y apreciar la riqueza, as\u00ed como los desaf\u00edos, del mundo offline.<\/p>\n<p><strong>Beneficios.\u00a0Los smartphones facilitan la comunicaci\u00f3n con amigos y permiten explorar sus intereses<\/strong>. Los dispositivos inteligentes son especialmente beneficiosos cuando se utilizan de manera activa en lugar de pasiva. Esto quiere decir, en lugar de desplazarse sin parar por las redes sociales, los ni\u00f1os pueden emplear sus dispositivos para crear contenido propio, como fotos o videos creativos. As\u00ed como el tel\u00e9fono inteligente les permite a los ni\u00f1os buscar informaci\u00f3n de manera independiente y crear sus propios contenidos, tambi\u00e9n los ayuda a desarrollar la autonom\u00eda y confianza en s\u00ed mismos.<\/p>\n<p><strong>Riesgos.\u00a0Los adultos deber\u00edan introducir gradualmente a sus hijos en el mundo (tanto f\u00edsico como digital), caminando a su lado y haci\u00e9ndoles saber que siempre estar\u00e1n ah\u00ed para ayudar.<\/strong> \u201cEn muchos aspectos, el mundo online es como el offline. S\u00ed, existen peligros. Hay cosas desagradables que preferir\u00edamos no ver y hay gente que quiere hacer da\u00f1o a los dem\u00e1s. Pero tambi\u00e9n hay grandes oportunidades y mucha belleza. No debemos separar a los ni\u00f1os de la tecnolog\u00eda, de la misma manera e<\/p>\n","protected":false},"excerpt":{"rendered":"<p>NOTI-AMERICA.COM | M\u00c9XICO \u2013 Los smartphones son herramientas que facilitan la comunicaci\u00f3n, la creaci\u00f3n y el entretenimiento, por lo que no es sorprendente que los ni\u00f1os expresen el deseo de tener uno, pero \u00bfCu\u00e1ndo&#46;&#46;&#46;<\/p>\n","protected":false},"author":133,"featured_media":10709,"comment_status":"open","ping_status":"open","sticky":false,"template":"","format":"image","meta":{"_acf_changed":false,"om_disable_all_campaigns":false,"rop_custom_images_group":[],"rop_custom_messages_group":[],"rop_publish_now":"initial","rop_publish_now_accounts":{"twitter_242054905_242054905":""},"rop_publish_now_history":[],"rop_publish_now_status":"pending","_uf_show_specific_survey":0,"_uf_disable_surveys":false,"footnotes":""},"categories":[722],"tags":[],"class_list":["post-10708","post","type-post","status-publish","format-image","has-post-thumbnail","hentry","category-actualidad","post_format-post-format-image"],"acf":[],"aioseo_notices":[],"yoast_head":"<!-- This site is optimized with the Yoast SEO Premium plugin v24.9 (Yoast SEO v27.2) - https:\/\/yoast.com\/product\/yoast-seo-premium-wordpress\/ -->\n<title>\u00bfA qu\u00e9 edad es conveniente tener el primer celular? - M\u00e9xico<\/title>\n<meta name=\"robots\" content=\"index, follow, max-snippet:-1, max-image-preview:large, max-video-preview:-1\" \/>\n<link rel=\"canonical\" href=\"https:\/\/noti-america.com\/site\/mexico\/2024\/02\/20\/a-que-edad-es-conveniente-tener-el-primer-celular\/\" \/>\n<meta property=\"og:locale\" content=\"es_ES\" \/>\n<meta property=\"og:type\" content=\"article\" \/>\n<meta property=\"og:title\" content=\"\u00bfA qu\u00e9 edad es conveniente tener el primer celular?\" \/>\n<meta property=\"og:description\" content=\"NOTI-AMERICA.COM | M\u00c9XICO \u2013 Los smartphones son herramientas que facilitan la comunicaci\u00f3n, la creaci\u00f3n y el entretenimiento, por lo que no es sorprendente que los ni\u00f1os expresen el deseo de tener uno, pero \u00bfCu\u00e1ndo&#046;&#046;&#046;\" \/>\n<meta property=\"og:url\" content=\"https:\/\/noti-america.com\/site\/mexico\/2024\/02\/20\/a-que-edad-es-conveniente-tener-el-primer-celular\/\" \/>\n<meta property=\"og:site_name\" content=\"M\u00e9xico\" \/>\n<meta property=\"article:author\" content=\"Mar\u00eda Valentina Noguera\" \/>\n<meta property=\"article:published_time\" content=\"2024-02-20T14:29:24+00:00\" \/>\n<meta property=\"article:modified_time\" content=\"2024-02-20T14:30:27+00:00\" \/>\n<meta property=\"og:image\" content=\"https:\/\/noti-america.com\/site\/mexico\/wp-content\/uploads\/sites\/13\/2024\/02\/celular-141844.jpeg\" \/>\n\t<meta property=\"og:image:width\" content=\"700\" \/>\n\t<meta property=\"og:image:height\" content=\"394\" \/>\n\t<meta property=\"og:image:type\" content=\"image\/jpeg\" \/>\n<meta name=\"author\" content=\"Maria Valentina Noguera Medina\" \/>\n<meta name=\"twitter:card\" content=\"summary_large_image\" \/>\n<meta name=\"twitter:label1\" content=\"Escrito por\" \/>\n\t<meta name=\"twitter:data1\" content=\"Maria Valentina Noguera Medina\" \/>\n\t<meta name=\"twitter:label2\" content=\"Tiempo estimado de lectura\" \/>\n\t<meta name=\"twitter:data2\" content=\"4 minutos\" \/>\n<script type=\"application\/ld+json\" class=\"yoast-schema-graph\">{\"@context\":\"https:\/\/schema.org\",\"@graph\":[{\"@type\":\"Article\",\"@id\":\"https:\/\/noti-america.com\/site\/mexico\/2024\/02\/20\/a-que-edad-es-conveniente-tener-el-primer-celular\/#article\",\"isPartOf\":{\"@id\":\"https:\/\/noti-america.com\/site\/mexico\/2024\/02\/20\/a-que-edad-es-conveniente-tener-el-primer-celular\/\"},\"author\":{\"name\":\"Maria Valentina Noguera Medina\",\"@id\":\"https:\/\/noti-america.com\/site\/mexico\/#\/schema\/person\/22806efcc2cfc4b45efb0e17be210ea8\"},\"headline\":\"\u00bfA qu\u00e9 edad es conveniente tener el primer celular?\",\"datePublished\":\"2024-02-20T14:29:24+00:00\",\"dateModified\":\"2024-02-20T14:30:27+00:00\",\"mainEntityOfPage\":{\"@id\":\"https:\/\/noti-america.com\/site\/mexico\/2024\/02\/20\/a-que-edad-es-conveniente-tener-el-primer-celular\/\"},\"wordCount\":831,\"commentCount\":0,\"publisher\":{\"@id\":\"https:\/\/noti-america.com\/site\/mexico\/#organization\"},\"image\":{\"@id\":\"https:\/\/noti-america.com\/site\/mexico\/2024\/02\/20\/a-que-edad-es-conveniente-tener-el-primer-celular\/#primaryimage\"},\"thumbnailUrl\":\"https:\/\/noti-america.com\/site\/mexico\/wp-content\/uploads\/sites\/13\/2024\/02\/celular-141844.jpeg\",\"articleSection\":[\"Actualidad\"],\"inLanguage\":\"es\",\"potentialAction\":[{\"@type\":\"CommentAction\",\"name\":\"Comment\",\"target\":[\"https:\/\/noti-america.com\/site\/mexico\/2024\/02\/20\/a-que-edad-es-conveniente-tener-el-primer-celular\/#respond\"]}]},{\"@type\":\"WebPage\",\"@id\":\"https:\/\/noti-america.com\/site\/mexico\/2024\/02\/20\/a-que-edad-es-conveniente-tener-el-primer-celular\/\",\"url\":\"https:\/\/noti-america.com\/site\/mexico\/2024\/02\/20\/a-que-edad-es-conveniente-tener-el-primer-celular\/\",\"name\":\"\u00bfA qu\u00e9 edad es conveniente tener el primer celular? - M\u00e9xico\",\"isPartOf\":{\"@id\":\"https:\/\/noti-america.com\/site\/mexico\/#website\"},\"primaryImageOfPage\":{\"@id\":\"https:\/\/noti-america.com\/site\/mexico\/2024\/02\/20\/a-que-edad-es-conveniente-tener-el-primer-celular\/#primaryimage\"},\"image\":{\"@id\":\"https:\/\/noti-america.com\/site\/mexico\/2024\/02\/20\/a-que-edad-es-conveniente-tener-el-primer-celular\/#primaryimage\"},\"thumbnailUrl\":\"https:\/\/noti-america.com\/site\/mexico\/wp-content\/uploads\/sites\/13\/2024\/02\/celular-141844.jpeg\",\"datePublished\":\"2024-02-20T14:29:24+00:00\",\"dateModified\":\"2024-02-20T14:30:27+00:00\",\"breadcrumb\":{\"@id\":\"https:\/\/noti-america.com\/site\/mexico\/2024\/02\/20\/a-que-edad-es-conveniente-tener-el-primer-celular\/#breadcrumb\"},\"inLanguage\":\"es\",\"potentialAction\":[{\"@type\":\"ReadAction\",\"target\":[\"https:\/\/noti-america.com\/site\/mexico\/2024\/02\/20\/a-que-edad-es-conveniente-tener-el-primer-celular\/\"]}]},{\"@type\":\"ImageObject\",\"inLanguage\":\"es\",\"@id\":\"https:\/\/noti-america.com\/site\/mexico\/2024\/02\/20\/a-que-edad-es-conveniente-tener-el-primer-celular\/#primaryimage\",\"url\":\"https:\/\/noti-america.com\/site\/mexico\/wp-content\/uploads\/sites\/13\/2024\/02\/celular-141844.jpeg\",\"contentUrl\":\"https:\/\/noti-america.com\/site\/mexico\/wp-content\/uploads\/sites\/13\/2024\/02\/celular-141844.jpeg\",\"width\":700,\"height\":394},{\"@type\":\"BreadcrumbList\",\"@id\":\"https:\/\/noti-america.com\/site\/mexico\/2024\/02\/20\/a-que-edad-es-conveniente-tener-el-primer-celular\/#breadcrumb\",\"itemListElement\":[{\"@type\":\"ListItem\",\"position\":1,\"name\":\"Portada\",\"item\":\"https:\/\/noti-america.com\/site\/mexico\/\"},{\"@type\":\"ListItem\",\"position\":2,\"name\":\"\u00bfA qu\u00e9 edad es conveniente tener el primer celular?\"}]},{\"@type\":\"WebSite\",\"@id\":\"https:\/\/noti-america.com\/site\/mexico\/#website\",\"url\":\"https:\/\/noti-america.com\/site\/mexico\/\",\"name\":\"M\u00e9xico | Noti-America.com\",\"description\":\"\",\"publisher\":{\"@id\":\"https:\/\/noti-america.com\/site\/mexico\/#organization\"},\"potentialAction\":[{\"@type\":\"SearchAction\",\"target\":{\"@type\":\"EntryPoint\",\"urlTemplate\":\"https:\/\/noti-america.com\/site\/mexico\/?s={search_term_string}\"},\"query-input\":{\"@type\":\"PropertyValueSpecification\",\"valueRequired\":true,\"valueName\":\"search_term_string\"}}],\"inLanguage\":\"es\"},{\"@type\":\"Organization\",\"@id\":\"https:\/\/noti-america.com\/site\/mexico\/#organization\",\"name\":\"Noti-America LLC | M\u00e9xico\",\"url\":\"https:\/\/noti-america.com\/site\/mexico\/\",\"logo\":{\"@type\":\"ImageObject\",\"inLanguage\":\"es\",\"@id\":\"https:\/\/noti-america.com\/site\/mexico\/#\/schema\/logo\/image\/\",\"url\":\"https:\/\/noti-america.com\/site\/mexico\/wp-content\/uploads\/sites\/13\/2020\/07\/LogoNA-4x3-1.jpg\",\"contentUrl\":\"https:\/\/noti-america.com\/site\/mexico\/wp-content\/uploads\/sites\/13\/2020\/07\/LogoNA-4x3-1.jpg\",\"width\":1236,\"height\":1080,\"caption\":\"Noti-America LLC | M\u00e9xico\"},\"image\":{\"@id\":\"https:\/\/noti-america.com\/site\/mexico\/#\/schema\/logo\/image\/\"}},{\"@type\":\"Person\",\"@id\":\"https:\/\/noti-america.com\/site\/mexico\/#\/schema\/person\/22806efcc2cfc4b45efb0e17be210ea8\",\"name\":\"Maria Valentina Noguera Medina\",\"image\":{\"@type\":\"ImageObject\",\"inLanguage\":\"es\",\"@id\":\"https:\/\/secure.gravatar.com\/avatar\/4ec5eb9d099f2608a49c9df6f7341f66f04f819cdffa09d56a7a0e91d2819d56?s=96&d=mm&r=g\",\"url\":\"https:\/\/secure.gravatar.com\/avatar\/4ec5eb9d099f2608a49c9df6f7341f66f04f819cdffa09d56a7a0e91d2819d56?s=96&d=mm&r=g\",\"contentUrl\":\"https:\/\/secure.gravatar.com\/avatar\/4ec5eb9d099f2608a49c9df6f7341f66f04f819cdffa09d56a7a0e91d2819d56?s=96&d=mm&r=g\",\"caption\":\"Maria Valentina Noguera Medina\"},\"description\":\"Periodista - noti-america - Promar Community Manager - Talento Plus Dise\u00f1adora\/ creadora de contenido...\",\"sameAs\":[\"Mar\u00eda Valentina Noguera\",\"https:\/\/www.facebook.com\/mariavalentina.noguera\",\"https:\/\/www.linkedin.com\/in\/mara-valentina-noguera-medina-373075165\/\",\"https:\/\/www.pinterest.es\/valentinanoguera95\/\",\"https:\/\/www.youtube.com\/channel\/UCdek6mbUZ-Tqqw0I63i4nmQ\"],\"url\":\"https:\/\/noti-america.com\/site\/mexico\/author\/mnoguera\/\"}]}<\/script>\n<!-- \/ Yoast SEO Premium plugin. -->","yoast_head_json":{"title":"\u00bfA qu\u00e9 edad es conveniente tener el primer celular? - M\u00e9xico","robots":{"index":"index","follow":"follow","max-snippet":"max-snippet:-1","max-image-preview":"max-image-preview:large","max-video-preview":"max-video-preview:-1"},"canonical":"https:\/\/noti-america.com\/site\/mexico\/2024\/02\/20\/a-que-edad-es-conveniente-tener-el-primer-celular\/","og_locale":"es_ES","og_type":"article","og_title":"\u00bfA qu\u00e9 edad es conveniente tener el primer celular?","og_description":"NOTI-AMERICA.COM | M\u00c9XICO \u2013 Los smartphones son herramientas que facilitan la comunicaci\u00f3n, la creaci\u00f3n y el entretenimiento, por lo que no es sorprendente que los ni\u00f1os expresen el deseo de tener uno, pero \u00bfCu\u00e1ndo&#46;&#46;&#46;","og_url":"https:\/\/noti-america.com\/site\/mexico\/2024\/02\/20\/a-que-edad-es-conveniente-tener-el-primer-celular\/","og_site_name":"M\u00e9xico","article_author":"Mar\u00eda Valentina Noguera","article_published_time":"2024-02-20T14:29:24+00:00","article_modified_time":"2024-02-20T14:30:27+00:00","og_image":[{"width":700,"height":394,"url":"https:\/\/noti-america.com\/site\/mexico\/wp-content\/uploads\/sites\/13\/2024\/02\/celular-141844.jpeg","type":"image\/jpeg"}],"author":"Maria Valentina Noguera Medina","twitter_card":"summary_large_image","twitter_misc":{"Escrito por":"Maria Valentina Noguera Medina","Tiempo estimado de lectura":"4 minutos"},"schema":{"@context":"https:\/\/schema.org","@graph":[{"@type":"Article","@id":"https:\/\/noti-america.com\/site\/mexico\/2024\/02\/20\/a-que-edad-es-conveniente-tener-el-primer-celular\/#article","isPartOf":{"@id":"https:\/\/noti-america.com\/site\/mexico\/2024\/02\/20\/a-que-edad-es-conveniente-tener-el-primer-celular\/"},"author":{"name":"Maria Valentina Noguera Medina","@id":"https:\/\/noti-america.com\/site\/mexico\/#\/schema\/person\/22806efcc2cfc4b45efb0e17be210ea8"},"headline":"\u00bfA qu\u00e9 edad es conveniente tener el primer celular?","datePublished":"2024-02-20T14:29:24+00:00","dateModified":"2024-02-20T14:30:27+00:00","mainEntityOfPage":{"@id":"https:\/\/noti-america.com\/site\/mexico\/2024\/02\/20\/a-que-edad-es-conveniente-tener-el-primer-celular\/"},"wordCount":831,"commentCount":0,"publisher":{"@id":"https:\/\/noti-america.com\/site\/mexico\/#organization"},"image":{"@id":"https:\/\/noti-america.com\/site\/mexico\/2024\/02\/20\/a-que-edad-es-conveniente-tener-el-primer-celular\/#primaryimage"},"thumbnailUrl":"https:\/\/noti-america.com\/site\/mexico\/wp-content\/uploads\/sites\/13\/2024\/02\/celular-141844.jpeg","articleSection":["Actualidad"],"inLanguage":"es","potentialAction":[{"@type":"CommentAction","name":"Comment","target":["https:\/\/noti-america.com\/site\/mexico\/2024\/02\/20\/a-que-edad-es-conveniente-tener-el-primer-celular\/#respond"]}]},{"@type":"WebPage","@id":"https:\/\/noti-america.com\/site\/mexico\/2024\/02\/20\/a-que-edad-es-conveniente-tener-el-primer-celular\/","url":"https:\/\/noti-america.com\/site\/mexico\/2024\/02\/20\/a-que-edad-es-conveniente-tener-el-primer-celular\/","name":"\u00bfA qu\u00e9 edad es conveniente tener el primer celular? - M\u00e9xico","isPartOf":{"@id":"https:\/\/noti-america.com\/site\/mexico\/#website"},"primaryImageOfPage":{"@id":"https:\/\/noti-america.com\/site\/mexico\/2024\/02\/20\/a-que-edad-es-conveniente-tener-el-primer-celular\/#primaryimage"},"image":{"@id":"https:\/\/noti-america.com\/site\/mexico\/2024\/02\/20\/a-que-edad-es-conveniente-tener-el-primer-celular\/#primaryimage"},"thumbnailUrl":"https:\/\/noti-america.com\/site\/mexico\/wp-content\/uploads\/sites\/13\/2024\/02\/celular-141844.jpeg","datePublished":"2024-02-20T14:29:24+00:00","dateModified":"2024-02-20T14:30:27+00:00","breadcrumb":{"@id":"https:\/\/noti-america.com\/site\/mexico\/2024\/02\/20\/a-que-edad-es-conveniente-tener-el-primer-celular\/#breadcrumb"},"inLanguage":"es","potentialAction":[{"@type":"ReadAction","target":["https:\/\/noti-america.com\/site\/mexico\/2024\/02\/20\/a-que-edad-es-conveniente-tener-el-primer-celular\/"]}]},{"@type":"ImageObject","inLanguage":"es","@id":"https:\/\/noti-america.com\/site\/mexico\/2024\/02\/20\/a-que-edad-es-conveniente-tener-el-primer-celular\/#primaryimage","url":"https:\/\/noti-america.com\/site\/mexico\/wp-content\/uploads\/sites\/13\/2024\/02\/celular-141844.jpeg","contentUrl":"https:\/\/noti-america.com\/site\/mexico\/wp-content\/uploads\/sites\/13\/2024\/02\/celular-141844.jpeg","width":700,"height":394},{"@type":"BreadcrumbList","@id":"https:\/\/noti-america.com\/site\/mexico\/2024\/02\/20\/a-que-edad-es-conveniente-tener-el-primer-celular\/#breadcrumb","itemListElement":[{"@type":"ListItem","position":1,"name":"Portada","item":"https:\/\/noti-america.com\/site\/mexico\/"},{"@type":"ListItem","position":2,"name":"\u00bfA qu\u00e9 edad es conveniente tener el primer celular?"}]},{"@type":"WebSite","@id":"https:\/\/noti-america.com\/site\/mexico\/#website","url":"https:\/\/noti-america.com\/site\/mexico\/","name":"M\u00e9xico | Noti-America.com","description":"","publisher":{"@id":"https:\/\/noti-america.com\/site\/mexico\/#organization"},"potentialAction":[{"@type":"SearchAction","target":{"@type":"EntryPoint","urlTemplate":"https:\/\/noti-america.com\/site\/mexico\/?s={search_term_string}"},"query-input":{"@type":"PropertyValueSpecification","valueRequired":true,"valueName":"search_term_string"}}],"inLanguage":"es"},{"@type":"Organization","@id":"https:\/\/noti-america.com\/site\/mexico\/#organization","name":"Noti-America LLC | M\u00e9xico","url":"https:\/\/noti-america.com\/site\/mexico\/","logo":{"@type":"ImageObject","inLanguage":"es","@id":"https:\/\/noti-america.com\/site\/mexico\/#\/schema\/logo\/image\/","url":"https:\/\/noti-america.com\/site\/mexico\/wp-content\/uploads\/sites\/13\/2020\/07\/LogoNA-4x3-1.jpg","contentUrl":"https:\/\/noti-america.com\/site\/mexico\/wp-content\/uploads\/sites\/13\/2020\/07\/LogoNA-4x3-1.jpg","width":1236,"height":1080,"caption":"Noti-America LLC | M\u00e9xico"},"image":{"@id":"https:\/\/noti-america.com\/site\/mexico\/#\/schema\/logo\/image\/"}},{"@type":"Person","@id":"https:\/\/noti-america.com\/site\/mexico\/#\/schema\/person\/22806efcc2cfc4b45efb0e17be210ea8","name":"Maria Valentina Noguera Medina","image":{"@type":"ImageObject","inLanguage":"es","@id":"https:\/\/secure.gravatar.com\/avatar\/4ec5eb9d099f2608a49c9df6f7341f66f04f819cdffa09d56a7a0e91d2819d56?s=96&d=mm&r=g","url":"https:\/\/secure.gravatar.com\/avatar\/4ec5eb9d099f2608a49c9df6f7341f66f04f819cdffa09d56a7a0e91d2819d56?s=96&d=mm&r=g","contentUrl":"https:\/\/secure.gravatar.com\/avatar\/4ec5eb9d099f2608a49c9df6f7341f66f04f819cdffa09d56a7a0e91d2819d56?s=96&d=mm&r=g","caption":"Maria Valentina Noguera Medina"},"description":"Periodista - noti-america - Promar Community Manager - Talento Plus Dise\u00f1adora\/ creadora de contenido...","sameAs":["Mar\u00eda Valentina Noguera","https:\/\/www.facebook.com\/mariavalentina.noguera","https:\/\/www.linkedin.com\/in\/mara-valentina-noguera-medina-373075165\/","https:\/\/www.pinterest.es\/valentinanoguera95\/","https:\/\/www.youtube.com\/channel\/UCdek6mbUZ-Tqqw0I63i4nmQ"],"url":"https:\/\/noti-america.com\/site\/mexico\/author\/mnoguera\/"}]}},"_links":{"self":[{"href":"https:\/\/noti-america.com\/site\/mexico\/wp-json\/wp\/v2\/posts\/10708","targetHints":{"allow":["GET"]}}],"collection":[{"href":"https:\/\/noti-america.com\/site\/mexico\/wp-json\/wp\/v2\/posts"}],"about":[{"href":"https:\/\/noti-america.com\/site\/mexico\/wp-json\/wp\/v2\/types\/post"}],"author":[{"embeddable":true,"href":"https:\/\/noti-america.com\/site\/mexico\/wp-json\/wp\/v2\/users\/133"}],"replies":[{"embeddable":true,"href":"https:\/\/noti-america.com\/site\/mexico\/wp-json\/wp\/v2\/comments?post=10708"}],"version-history":[{"count":2,"href":"https:\/\/noti-america.com\/site\/mexico\/wp-json\/wp\/v2\/posts\/10708\/revisions"}],"predecessor-version":[{"id":10711,"href":"https:\/\/noti-america.com\/site\/mexico\/wp-json\/wp\/v2\/posts\/10708\/revisions\/10711"}],"wp:featuredmedia":[{"embeddable":true,"href":"https:\/\/noti-america.com\/site\/mexico\/wp-json\/wp\/v2\/media\/10709"}],"wp:attachment":[{"href":"https:\/\/noti-america.com\/site\/mexico\/wp-json\/wp\/v2\/media?parent=10708"}],"wp:term":[{"taxonomy":"category","embeddable":true,"href":"https:\/\/noti-america.com\/site\/mexico\/wp-json\/wp\/v2\/categories?post=10708"},{"taxonomy":"post_tag","embeddable":true,"href":"https:\/\/noti-america.com\/site\/mexico\/wp-json\/wp\/v2\/tags?post=10708"}],"curies":[{"name":"wp","href":"https:\/\/api.w.org\/{rel}","templated":true}]}}