{"id":10539,"date":"2024-02-06T16:44:42","date_gmt":"2024-02-06T16:44:42","guid":{"rendered":"https:\/\/noti-america.com\/site\/mexico\/?p=10539"},"modified":"2024-02-06T16:44:42","modified_gmt":"2024-02-06T16:44:42","slug":"meta-busca-identificar-en-sus-redes-sociales-las-imagenes-generadas-por-ia","status":"publish","type":"post","link":"https:\/\/noti-america.com\/site\/mexico\/2024\/02\/06\/meta-busca-identificar-en-sus-redes-sociales-las-imagenes-generadas-por-ia\/","title":{"rendered":"Meta busca identificar en sus redes sociales las im\u00e1genes generadas por IA"},"content":{"rendered":"<p>NOTI-AMERICA.COM | M\u00c9XICO \u2013El gigante tecnol\u00f3gico Meta anunci\u00f3 este martes que en \u00ablos pr\u00f3ximos meses empezar\u00e1\u00bb a etiquetar im\u00e1genes generadas con inteligencia (IA) en sus redes Facebook, Instagram y Threads.<\/p>\n<p>En un comunicado, el presidente de Asuntos Globales, Nick Clegg, se\u00f1ala que Meta est\u00e1 trabajando con otras empresas de la industria en est\u00e1ndares t\u00e9cnicos comunes para identificar contenido de IA, incluidos videos y audios.<\/p>\n<p>\u00abEstamos creando herramientas l\u00edderes en la industria que pueden identificar marcadores invisibles para que podamos etiquetar im\u00e1genes de Google, OpenAI, Microsoft, Adobe, Midjourney y Shutterstock\u00bb, destac\u00f3 Clegg.<\/p>\n<p>Los usuarios tambi\u00e9n pueden usar Meta AI para crear im\u00e1genes fotorrealistas mediante texto. No obstante, la empresa se\u00f1ala que ellos recalcan que la IA ha participado en alg\u00fan proceso de la creaci\u00f3n de la imagen con marcadores visibles que se pueden ver en las im\u00e1genes y marcas de agua invisibles y metadatos incrustados en los archivos de imagen.<\/p>\n<p>El lunes, la Junta de Supervisi\u00f3n de Meta apoy\u00f3 que permaneciera en sus redes un video manipulado del presidente de Estados Unidos, Joe Biden, que sali\u00f3 a la luz este enero.<\/p>\n<p>Este video utiliza im\u00e1genes reales de Biden colocando una pegatina que dice: \u00abYo vot\u00e9\u00bb sobre el pecho de su nieta adulta, que se filmaron en octubre de 2022, pero la edici\u00f3n repite el momento en que la mano de Biden se aproxima al pecho de su nieta para que parezca que la toc\u00f3 de manera inapropiada.<\/p>\n<p>\u00abLa publicaci\u00f3n de Facebook no viola la pol\u00edtica de Medios manipulados de Meta, que se aplica \u00fanicamente a videos creados mediante IA y a contenido que muestra a personas diciendo cosas que no dijeron. Dado que el video de esta publicaci\u00f3n no fue modificado usando IA y muestra al presidente Biden haciendo algo que no hizo (no algo que no dijo), no viola la pol\u00edtica existente\u00bb, anota la junta en un comunicado.<\/p>\n","protected":false},"excerpt":{"rendered":"<p>NOTI-AMERICA.COM | M\u00c9XICO \u2013El gigante tecnol\u00f3gico Meta anunci\u00f3 este martes que en \u00ablos pr\u00f3ximos meses empezar\u00e1\u00bb a etiquetar im\u00e1genes generadas con inteligencia (IA) en sus redes Facebook, Instagram y Threads. En un comunicado, el&#46;&#46;&#46;<\/p>\n","protected":false},"author":133,"featured_media":10540,"comment_status":"open","ping_status":"open","sticky":false,"template":"","format":"image","meta":{"_acf_changed":false,"om_disable_all_campaigns":false,"rop_custom_images_group":[],"rop_custom_messages_group":[],"rop_publish_now":"initial","rop_publish_now_accounts":{"twitter_242054905_242054905":""},"rop_publish_now_history":[],"rop_publish_now_status":"pending","_uf_show_specific_survey":0,"_uf_disable_surveys":false,"footnotes":""},"categories":[1],"tags":[],"class_list":["post-10539","post","type-post","status-publish","format-image","has-post-thumbnail","hentry","category-uncategorized","post_format-post-format-image"],"acf":[],"aioseo_notices":[],"yoast_head":"<!-- This site is optimized with the Yoast SEO Premium plugin v24.9 (Yoast SEO v27.2) - https:\/\/yoast.com\/product\/yoast-seo-premium-wordpress\/ -->\n<title>Meta busca identificar en sus redes sociales las im\u00e1genes generadas por IA - M\u00e9xico<\/title>\n<meta name=\"robots\" content=\"index, follow, max-snippet:-1, max-image-preview:large, max-video-preview:-1\" \/>\n<link rel=\"canonical\" href=\"https:\/\/noti-america.com\/site\/mexico\/2024\/02\/06\/meta-busca-identificar-en-sus-redes-sociales-las-imagenes-generadas-por-ia\/\" \/>\n<meta property=\"og:locale\" content=\"es_ES\" \/>\n<meta property=\"og:type\" content=\"article\" \/>\n<meta property=\"og:title\" content=\"Meta busca identificar en sus redes sociales las im\u00e1genes generadas por IA\" \/>\n<meta property=\"og:description\" content=\"NOTI-AMERICA.COM | M\u00c9XICO \u2013El gigante tecnol\u00f3gico Meta anunci\u00f3 este martes que en \u00ablos pr\u00f3ximos meses empezar\u00e1\u00bb a etiquetar im\u00e1genes generadas con inteligencia (IA) en sus redes Facebook, Instagram y Threads. En un comunicado, el&#046;&#046;&#046;\" \/>\n<meta property=\"og:url\" content=\"https:\/\/noti-america.com\/site\/mexico\/2024\/02\/06\/meta-busca-identificar-en-sus-redes-sociales-las-imagenes-generadas-por-ia\/\" \/>\n<meta property=\"og:site_name\" content=\"M\u00e9xico\" \/>\n<meta property=\"article:author\" content=\"Mar\u00eda Valentina Noguera\" \/>\n<meta property=\"article:published_time\" content=\"2024-02-06T16:44:42+00:00\" \/>\n<meta property=\"og:image\" content=\"https:\/\/noti-america.com\/site\/mexico\/wp-content\/uploads\/sites\/13\/2024\/02\/Meta.jpg\" \/>\n\t<meta property=\"og:image:width\" content=\"768\" \/>\n\t<meta property=\"og:image:height\" content=\"479\" \/>\n\t<meta property=\"og:image:type\" content=\"image\/jpeg\" \/>\n<meta name=\"author\" content=\"Maria Valentina Noguera Medina\" \/>\n<meta name=\"twitter:card\" content=\"summary_large_image\" \/>\n<meta name=\"twitter:label1\" content=\"Escrito por\" \/>\n\t<meta name=\"twitter:data1\" content=\"Maria Valentina Noguera Medina\" \/>\n\t<meta name=\"twitter:label2\" content=\"Tiempo estimado de lectura\" \/>\n\t<meta name=\"twitter:data2\" content=\"2 minutos\" \/>\n<script type=\"application\/ld+json\" class=\"yoast-schema-graph\">{\"@context\":\"https:\/\/schema.org\",\"@graph\":[{\"@type\":\"Article\",\"@id\":\"https:\/\/noti-america.com\/site\/mexico\/2024\/02\/06\/meta-busca-identificar-en-sus-redes-sociales-las-imagenes-generadas-por-ia\/#article\",\"isPartOf\":{\"@id\":\"https:\/\/noti-america.com\/site\/mexico\/2024\/02\/06\/meta-busca-identificar-en-sus-redes-sociales-las-imagenes-generadas-por-ia\/\"},\"author\":{\"name\":\"Maria Valentina Noguera Medina\",\"@id\":\"https:\/\/noti-america.com\/site\/mexico\/#\/schema\/person\/22806efcc2cfc4b45efb0e17be210ea8\"},\"headline\":\"Meta busca identificar en sus redes sociales las im\u00e1genes generadas por IA\",\"datePublished\":\"2024-02-06T16:44:42+00:00\",\"mainEntityOfPage\":{\"@id\":\"https:\/\/noti-america.com\/site\/mexico\/2024\/02\/06\/meta-busca-identificar-en-sus-redes-sociales-las-imagenes-generadas-por-ia\/\"},\"wordCount\":342,\"commentCount\":0,\"publisher\":{\"@id\":\"https:\/\/noti-america.com\/site\/mexico\/#organization\"},\"image\":{\"@id\":\"https:\/\/noti-america.com\/site\/mexico\/2024\/02\/06\/meta-busca-identificar-en-sus-redes-sociales-las-imagenes-generadas-por-ia\/#primaryimage\"},\"thumbnailUrl\":\"https:\/\/noti-america.com\/site\/mexico\/wp-content\/uploads\/sites\/13\/2024\/02\/Meta.jpg\",\"articleSection\":[\"Uncategorized\"],\"inLanguage\":\"es\",\"potentialAction\":[{\"@type\":\"CommentAction\",\"name\":\"Comment\",\"target\":[\"https:\/\/noti-america.com\/site\/mexico\/2024\/02\/06\/meta-busca-identificar-en-sus-redes-sociales-las-imagenes-generadas-por-ia\/#respond\"]}]},{\"@type\":\"WebPage\",\"@id\":\"https:\/\/noti-america.com\/site\/mexico\/2024\/02\/06\/meta-busca-identificar-en-sus-redes-sociales-las-imagenes-generadas-por-ia\/\",\"url\":\"https:\/\/noti-america.com\/site\/mexico\/2024\/02\/06\/meta-busca-identificar-en-sus-redes-sociales-las-imagenes-generadas-por-ia\/\",\"name\":\"Meta busca identificar en sus redes sociales las im\u00e1genes generadas por IA - M\u00e9xico\",\"isPartOf\":{\"@id\":\"https:\/\/noti-america.com\/site\/mexico\/#website\"},\"primaryImageOfPage\":{\"@id\":\"https:\/\/noti-america.com\/site\/mexico\/2024\/02\/06\/meta-busca-identificar-en-sus-redes-sociales-las-imagenes-generadas-por-ia\/#primaryimage\"},\"image\":{\"@id\":\"https:\/\/noti-america.com\/site\/mexico\/2024\/02\/06\/meta-busca-identificar-en-sus-redes-sociales-las-imagenes-generadas-por-ia\/#primaryimage\"},\"thumbnailUrl\":\"https:\/\/noti-america.com\/site\/mexico\/wp-content\/uploads\/sites\/13\/2024\/02\/Meta.jpg\",\"datePublished\":\"2024-02-06T16:44:42+00:00\",\"breadcrumb\":{\"@id\":\"https:\/\/noti-america.com\/site\/mexico\/2024\/02\/06\/meta-busca-identificar-en-sus-redes-sociales-las-imagenes-generadas-por-ia\/#breadcrumb\"},\"inLanguage\":\"es\",\"potentialAction\":[{\"@type\":\"ReadAction\",\"target\":[\"https:\/\/noti-america.com\/site\/mexico\/2024\/02\/06\/meta-busca-identificar-en-sus-redes-sociales-las-imagenes-generadas-por-ia\/\"]}]},{\"@type\":\"ImageObject\",\"inLanguage\":\"es\",\"@id\":\"https:\/\/noti-america.com\/site\/mexico\/2024\/02\/06\/meta-busca-identificar-en-sus-redes-sociales-las-imagenes-generadas-por-ia\/#primaryimage\",\"url\":\"https:\/\/noti-america.com\/site\/mexico\/wp-content\/uploads\/sites\/13\/2024\/02\/Meta.jpg\",\"contentUrl\":\"https:\/\/noti-america.com\/site\/mexico\/wp-content\/uploads\/sites\/13\/2024\/02\/Meta.jpg\",\"width\":768,\"height\":479},{\"@type\":\"BreadcrumbList\",\"@id\":\"https:\/\/noti-america.com\/site\/mexico\/2024\/02\/06\/meta-busca-identificar-en-sus-redes-sociales-las-imagenes-generadas-por-ia\/#breadcrumb\",\"itemListElement\":[{\"@type\":\"ListItem\",\"position\":1,\"name\":\"Portada\",\"item\":\"https:\/\/noti-america.com\/site\/mexico\/\"},{\"@type\":\"ListItem\",\"position\":2,\"name\":\"Meta busca identificar en sus redes sociales las im\u00e1genes generadas por IA\"}]},{\"@type\":\"WebSite\",\"@id\":\"https:\/\/noti-america.com\/site\/mexico\/#website\",\"url\":\"https:\/\/noti-america.com\/site\/mexico\/\",\"name\":\"M\u00e9xico | Noti-America.com\",\"description\":\"\",\"publisher\":{\"@id\":\"https:\/\/noti-america.com\/site\/mexico\/#organization\"},\"potentialAction\":[{\"@type\":\"SearchAction\",\"target\":{\"@type\":\"EntryPoint\",\"urlTemplate\":\"https:\/\/noti-america.com\/site\/mexico\/?s={search_term_string}\"},\"query-input\":{\"@type\":\"PropertyValueSpecification\",\"valueRequired\":true,\"valueName\":\"search_term_string\"}}],\"inLanguage\":\"es\"},{\"@type\":\"Organization\",\"@id\":\"https:\/\/noti-america.com\/site\/mexico\/#organization\",\"name\":\"Noti-America LLC | M\u00e9xico\",\"url\":\"https:\/\/noti-america.com\/site\/mexico\/\",\"logo\":{\"@type\":\"ImageObject\",\"inLanguage\":\"es\",\"@id\":\"https:\/\/noti-america.com\/site\/mexico\/#\/schema\/logo\/image\/\",\"url\":\"https:\/\/noti-america.com\/site\/mexico\/wp-content\/uploads\/sites\/13\/2020\/07\/LogoNA-4x3-1.jpg\",\"contentUrl\":\"https:\/\/noti-america.com\/site\/mexico\/wp-content\/uploads\/sites\/13\/2020\/07\/LogoNA-4x3-1.jpg\",\"width\":1236,\"height\":1080,\"caption\":\"Noti-America LLC | M\u00e9xico\"},\"image\":{\"@id\":\"https:\/\/noti-america.com\/site\/mexico\/#\/schema\/logo\/image\/\"}},{\"@type\":\"Person\",\"@id\":\"https:\/\/noti-america.com\/site\/mexico\/#\/schema\/person\/22806efcc2cfc4b45efb0e17be210ea8\",\"name\":\"Maria Valentina Noguera Medina\",\"image\":{\"@type\":\"ImageObject\",\"inLanguage\":\"es\",\"@id\":\"https:\/\/secure.gravatar.com\/avatar\/4ec5eb9d099f2608a49c9df6f7341f66f04f819cdffa09d56a7a0e91d2819d56?s=96&d=mm&r=g\",\"url\":\"https:\/\/secure.gravatar.com\/avatar\/4ec5eb9d099f2608a49c9df6f7341f66f04f819cdffa09d56a7a0e91d2819d56?s=96&d=mm&r=g\",\"contentUrl\":\"https:\/\/secure.gravatar.com\/avatar\/4ec5eb9d099f2608a49c9df6f7341f66f04f819cdffa09d56a7a0e91d2819d56?s=96&d=mm&r=g\",\"caption\":\"Maria Valentina Noguera Medina\"},\"description\":\"Periodista - noti-america - Promar Community Manager - Talento Plus Dise\u00f1adora\/ creadora de contenido...\",\"sameAs\":[\"Mar\u00eda Valentina Noguera\",\"https:\/\/www.facebook.com\/mariavalentina.noguera\",\"https:\/\/www.linkedin.com\/in\/mara-valentina-noguera-medina-373075165\/\",\"https:\/\/www.pinterest.es\/valentinanoguera95\/\",\"https:\/\/www.youtube.com\/channel\/UCdek6mbUZ-Tqqw0I63i4nmQ\"],\"url\":\"https:\/\/noti-america.com\/site\/mexico\/author\/mnoguera\/\"}]}<\/script>\n<!-- \/ Yoast SEO Premium plugin. -->","yoast_head_json":{"title":"Meta busca identificar en sus redes sociales las im\u00e1genes generadas por IA - M\u00e9xico","robots":{"index":"index","follow":"follow","max-snippet":"max-snippet:-1","max-image-preview":"max-image-preview:large","max-video-preview":"max-video-preview:-1"},"canonical":"https:\/\/noti-america.com\/site\/mexico\/2024\/02\/06\/meta-busca-identificar-en-sus-redes-sociales-las-imagenes-generadas-por-ia\/","og_locale":"es_ES","og_type":"article","og_title":"Meta busca identificar en sus redes sociales las im\u00e1genes generadas por IA","og_description":"NOTI-AMERICA.COM | M\u00c9XICO \u2013El gigante tecnol\u00f3gico Meta anunci\u00f3 este martes que en \u00ablos pr\u00f3ximos meses empezar\u00e1\u00bb a etiquetar im\u00e1genes generadas con inteligencia (IA) en sus redes Facebook, Instagram y Threads. En un comunicado, el&#46;&#46;&#46;","og_url":"https:\/\/noti-america.com\/site\/mexico\/2024\/02\/06\/meta-busca-identificar-en-sus-redes-sociales-las-imagenes-generadas-por-ia\/","og_site_name":"M\u00e9xico","article_author":"Mar\u00eda Valentina Noguera","article_published_time":"2024-02-06T16:44:42+00:00","og_image":[{"width":768,"height":479,"url":"https:\/\/noti-america.com\/site\/mexico\/wp-content\/uploads\/sites\/13\/2024\/02\/Meta.jpg","type":"image\/jpeg"}],"author":"Maria Valentina Noguera Medina","twitter_card":"summary_large_image","twitter_misc":{"Escrito por":"Maria Valentina Noguera Medina","Tiempo estimado de lectura":"2 minutos"},"schema":{"@context":"https:\/\/schema.org","@graph":[{"@type":"Article","@id":"https:\/\/noti-america.com\/site\/mexico\/2024\/02\/06\/meta-busca-identificar-en-sus-redes-sociales-las-imagenes-generadas-por-ia\/#article","isPartOf":{"@id":"https:\/\/noti-america.com\/site\/mexico\/2024\/02\/06\/meta-busca-identificar-en-sus-redes-sociales-las-imagenes-generadas-por-ia\/"},"author":{"name":"Maria Valentina Noguera Medina","@id":"https:\/\/noti-america.com\/site\/mexico\/#\/schema\/person\/22806efcc2cfc4b45efb0e17be210ea8"},"headline":"Meta busca identificar en sus redes sociales las im\u00e1genes generadas por IA","datePublished":"2024-02-06T16:44:42+00:00","mainEntityOfPage":{"@id":"https:\/\/noti-america.com\/site\/mexico\/2024\/02\/06\/meta-busca-identificar-en-sus-redes-sociales-las-imagenes-generadas-por-ia\/"},"wordCount":342,"commentCount":0,"publisher":{"@id":"https:\/\/noti-america.com\/site\/mexico\/#organization"},"image":{"@id":"https:\/\/noti-america.com\/site\/mexico\/2024\/02\/06\/meta-busca-identificar-en-sus-redes-sociales-las-imagenes-generadas-por-ia\/#primaryimage"},"thumbnailUrl":"https:\/\/noti-america.com\/site\/mexico\/wp-content\/uploads\/sites\/13\/2024\/02\/Meta.jpg","articleSection":["Uncategorized"],"inLanguage":"es","potentialAction":[{"@type":"CommentAction","name":"Comment","target":["https:\/\/noti-america.com\/site\/mexico\/2024\/02\/06\/meta-busca-identificar-en-sus-redes-sociales-las-imagenes-generadas-por-ia\/#respond"]}]},{"@type":"WebPage","@id":"https:\/\/noti-america.com\/site\/mexico\/2024\/02\/06\/meta-busca-identificar-en-sus-redes-sociales-las-imagenes-generadas-por-ia\/","url":"https:\/\/noti-america.com\/site\/mexico\/2024\/02\/06\/meta-busca-identificar-en-sus-redes-sociales-las-imagenes-generadas-por-ia\/","name":"Meta busca identificar en sus redes sociales las im\u00e1genes generadas por IA - M\u00e9xico","isPartOf":{"@id":"https:\/\/noti-america.com\/site\/mexico\/#website"},"primaryImageOfPage":{"@id":"https:\/\/noti-america.com\/site\/mexico\/2024\/02\/06\/meta-busca-identificar-en-sus-redes-sociales-las-imagenes-generadas-por-ia\/#primaryimage"},"image":{"@id":"https:\/\/noti-america.com\/site\/mexico\/2024\/02\/06\/meta-busca-identificar-en-sus-redes-sociales-las-imagenes-generadas-por-ia\/#primaryimage"},"thumbnailUrl":"https:\/\/noti-america.com\/site\/mexico\/wp-content\/uploads\/sites\/13\/2024\/02\/Meta.jpg","datePublished":"2024-02-06T16:44:42+00:00","breadcrumb":{"@id":"https:\/\/noti-america.com\/site\/mexico\/2024\/02\/06\/meta-busca-identificar-en-sus-redes-sociales-las-imagenes-generadas-por-ia\/#breadcrumb"},"inLanguage":"es","potentialAction":[{"@type":"ReadAction","target":["https:\/\/noti-america.com\/site\/mexico\/2024\/02\/06\/meta-busca-identificar-en-sus-redes-sociales-las-imagenes-generadas-por-ia\/"]}]},{"@type":"ImageObject","inLanguage":"es","@id":"https:\/\/noti-america.com\/site\/mexico\/2024\/02\/06\/meta-busca-identificar-en-sus-redes-sociales-las-imagenes-generadas-por-ia\/#primaryimage","url":"https:\/\/noti-america.com\/site\/mexico\/wp-content\/uploads\/sites\/13\/2024\/02\/Meta.jpg","contentUrl":"https:\/\/noti-america.com\/site\/mexico\/wp-content\/uploads\/sites\/13\/2024\/02\/Meta.jpg","width":768,"height":479},{"@type":"BreadcrumbList","@id":"https:\/\/noti-america.com\/site\/mexico\/2024\/02\/06\/meta-busca-identificar-en-sus-redes-sociales-las-imagenes-generadas-por-ia\/#breadcrumb","itemListElement":[{"@type":"ListItem","position":1,"name":"Portada","item":"https:\/\/noti-america.com\/site\/mexico\/"},{"@type":"ListItem","position":2,"name":"Meta busca identificar en sus redes sociales las im\u00e1genes generadas por IA"}]},{"@type":"WebSite","@id":"https:\/\/noti-america.com\/site\/mexico\/#website","url":"https:\/\/noti-america.com\/site\/mexico\/","name":"M\u00e9xico | Noti-America.com","description":"","publisher":{"@id":"https:\/\/noti-america.com\/site\/mexico\/#organization"},"potentialAction":[{"@type":"SearchAction","target":{"@type":"EntryPoint","urlTemplate":"https:\/\/noti-america.com\/site\/mexico\/?s={search_term_string}"},"query-input":{"@type":"PropertyValueSpecification","valueRequired":true,"valueName":"search_term_string"}}],"inLanguage":"es"},{"@type":"Organization","@id":"https:\/\/noti-america.com\/site\/mexico\/#organization","name":"Noti-America LLC | M\u00e9xico","url":"https:\/\/noti-america.com\/site\/mexico\/","logo":{"@type":"ImageObject","inLanguage":"es","@id":"https:\/\/noti-america.com\/site\/mexico\/#\/schema\/logo\/image\/","url":"https:\/\/noti-america.com\/site\/mexico\/wp-content\/uploads\/sites\/13\/2020\/07\/LogoNA-4x3-1.jpg","contentUrl":"https:\/\/noti-america.com\/site\/mexico\/wp-content\/uploads\/sites\/13\/2020\/07\/LogoNA-4x3-1.jpg","width":1236,"height":1080,"caption":"Noti-America LLC | M\u00e9xico"},"image":{"@id":"https:\/\/noti-america.com\/site\/mexico\/#\/schema\/logo\/image\/"}},{"@type":"Person","@id":"https:\/\/noti-america.com\/site\/mexico\/#\/schema\/person\/22806efcc2cfc4b45efb0e17be210ea8","name":"Maria Valentina Noguera Medina","image":{"@type":"ImageObject","inLanguage":"es","@id":"https:\/\/secure.gravatar.com\/avatar\/4ec5eb9d099f2608a49c9df6f7341f66f04f819cdffa09d56a7a0e91d2819d56?s=96&d=mm&r=g","url":"https:\/\/secure.gravatar.com\/avatar\/4ec5eb9d099f2608a49c9df6f7341f66f04f819cdffa09d56a7a0e91d2819d56?s=96&d=mm&r=g","contentUrl":"https:\/\/secure.gravatar.com\/avatar\/4ec5eb9d099f2608a49c9df6f7341f66f04f819cdffa09d56a7a0e91d2819d56?s=96&d=mm&r=g","caption":"Maria Valentina Noguera Medina"},"description":"Periodista - noti-america - Promar Community Manager - Talento Plus Dise\u00f1adora\/ creadora de contenido...","sameAs":["Mar\u00eda Valentina Noguera","https:\/\/www.facebook.com\/mariavalentina.noguera","https:\/\/www.linkedin.com\/in\/mara-valentina-noguera-medina-373075165\/","https:\/\/www.pinterest.es\/valentinanoguera95\/","https:\/\/www.youtube.com\/channel\/UCdek6mbUZ-Tqqw0I63i4nmQ"],"url":"https:\/\/noti-america.com\/site\/mexico\/author\/mnoguera\/"}]}},"_links":{"self":[{"href":"https:\/\/noti-america.com\/site\/mexico\/wp-json\/wp\/v2\/posts\/10539","targetHints":{"allow":["GET"]}}],"collection":[{"href":"https:\/\/noti-america.com\/site\/mexico\/wp-json\/wp\/v2\/posts"}],"about":[{"href":"https:\/\/noti-america.com\/site\/mexico\/wp-json\/wp\/v2\/types\/post"}],"author":[{"embeddable":true,"href":"https:\/\/noti-america.com\/site\/mexico\/wp-json\/wp\/v2\/users\/133"}],"replies":[{"embeddable":true,"href":"https:\/\/noti-america.com\/site\/mexico\/wp-json\/wp\/v2\/comments?post=10539"}],"version-history":[{"count":1,"href":"https:\/\/noti-america.com\/site\/mexico\/wp-json\/wp\/v2\/posts\/10539\/revisions"}],"predecessor-version":[{"id":10541,"href":"https:\/\/noti-america.com\/site\/mexico\/wp-json\/wp\/v2\/posts\/10539\/revisions\/10541"}],"wp:featuredmedia":[{"embeddable":true,"href":"https:\/\/noti-america.com\/site\/mexico\/wp-json\/wp\/v2\/media\/10540"}],"wp:attachment":[{"href":"https:\/\/noti-america.com\/site\/mexico\/wp-json\/wp\/v2\/media?parent=10539"}],"wp:term":[{"taxonomy":"category","embeddable":true,"href":"https:\/\/noti-america.com\/site\/mexico\/wp-json\/wp\/v2\/categories?post=10539"},{"taxonomy":"post_tag","embeddable":true,"href":"https:\/\/noti-america.com\/site\/mexico\/wp-json\/wp\/v2\/tags?post=10539"}],"curies":[{"name":"wp","href":"https:\/\/api.w.org\/{rel}","templated":true}]}}