{"id":10160,"date":"2023-12-22T14:10:46","date_gmt":"2023-12-22T14:10:46","guid":{"rendered":"https:\/\/noti-america.com\/site\/mexico\/?p=10160"},"modified":"2023-12-22T14:10:46","modified_gmt":"2023-12-22T14:10:46","slug":"la-divaza-anuncia-participacion-en-la-casa-de-los-famosos","status":"publish","type":"post","link":"https:\/\/noti-america.com\/site\/mexico\/2023\/12\/22\/la-divaza-anuncia-participacion-en-la-casa-de-los-famosos\/","title":{"rendered":"La Divaza Anuncia Participaci\u00f3n en la Casa de los Famosos"},"content":{"rendered":"<div class=\"x_elementToProof\"><b>Pedro Figueira<\/b>, conocido cari\u00f1osamente como\u00a0<b>\u00abLa Divaza\u00bb<\/b>, ha emocionado a sus seguidores al anunciar su participaci\u00f3n en la casa de los famosos, por la cadena internacional\u00a0<b>Telemundo<\/b>. Despu\u00e9s de una extensa gira por su tierra natal, Venezuela, donde disfrut\u00f3 de paseos por diversas ciudades y particip\u00f3 activamente en labores sociales, La Divaza se prepara para cuarta temporada del reality show\u00a0<b>La Casa de los Famosos<\/b>, que se estrenar\u00e1 el 23 de enero de 2024 por\u00a0<a id=\"OWA5df127ec-528f-b60c-dbc1-420cee27af40\" class=\"x_OWAAutoLink\" href=\"https:\/\/www.eluniverso.com\/temas\/telemundo\/\" target=\"_blank\" rel=\"noopener noreferrer\" data-auth=\"NotApplicable\" data-mrf-link=\"https:\/\/www.eluniverso.com\/temas\/telemundo\/\" data-linkindex=\"0\">Telemundo.<\/a><\/div>\n<div><\/div>\n<div>El carism\u00e1tico influencer y personalidad de las redes sociales ha sido visto recorriendo las calles de Venezuela, incluso llegando al oriente del pa\u00eds, en el estado Sucre, donde contribuy\u00f3 a iniciativas sociales locales.<\/div>\n<div><\/div>\n<div>Con un entusiasmo palpable,\u00a0<b>La Divaza<\/b>\u00a0comparte su alegr\u00eda por este nuevo logro y la oportunidad de entrar en la casa de los famosos. La temporada promete emociones y risas, y Pedro agradece a la vida por los \u00e9xitos obtenidos hasta ahora, anticipando un enero que marca el inicio de nuevos y emocionantes cap\u00edtulos en su carrera.<\/div>\n","protected":false},"excerpt":{"rendered":"<p>Pedro Figueira, conocido cari\u00f1osamente como\u00a0\u00abLa Divaza\u00bb, ha emocionado a sus seguidores al anunciar su participaci\u00f3n en la casa de los famosos, por la cadena internacional\u00a0Telemundo. Despu\u00e9s de una extensa gira por su tierra natal,&#46;&#46;&#46;<\/p>\n","protected":false},"author":127,"featured_media":10161,"comment_status":"open","ping_status":"open","sticky":false,"template":"","format":"image","meta":{"_acf_changed":false,"om_disable_all_campaigns":false,"rop_custom_images_group":[],"rop_custom_messages_group":[],"rop_publish_now":"initial","rop_publish_now_accounts":{"twitter_242054905_242054905":""},"rop_publish_now_history":[],"rop_publish_now_status":"pending","_uf_show_specific_survey":0,"_uf_disable_surveys":false,"footnotes":""},"categories":[8],"tags":[],"class_list":["post-10160","post","type-post","status-publish","format-image","has-post-thumbnail","hentry","category-arte-y-espectaculos","post_format-post-format-image"],"acf":[],"aioseo_notices":[],"yoast_head":"<!-- This site is optimized with the Yoast SEO Premium plugin v24.9 (Yoast SEO v27.2) - https:\/\/yoast.com\/product\/yoast-seo-premium-wordpress\/ -->\n<title>La Divaza Anuncia Participaci\u00f3n en la Casa de los Famosos - M\u00e9xico<\/title>\n<meta name=\"robots\" content=\"index, follow, max-snippet:-1, max-image-preview:large, max-video-preview:-1\" \/>\n<link rel=\"canonical\" href=\"https:\/\/noti-america.com\/site\/mexico\/2023\/12\/22\/la-divaza-anuncia-participacion-en-la-casa-de-los-famosos\/\" \/>\n<meta property=\"og:locale\" content=\"es_ES\" \/>\n<meta property=\"og:type\" content=\"article\" \/>\n<meta property=\"og:title\" content=\"La Divaza Anuncia Participaci\u00f3n en la Casa de los Famosos\" \/>\n<meta property=\"og:description\" content=\"Pedro Figueira, conocido cari\u00f1osamente como\u00a0\u00abLa Divaza\u00bb, ha emocionado a sus seguidores al anunciar su participaci\u00f3n en la casa de los famosos, por la cadena internacional\u00a0Telemundo. Despu\u00e9s de una extensa gira por su tierra natal,&#046;&#046;&#046;\" \/>\n<meta property=\"og:url\" content=\"https:\/\/noti-america.com\/site\/mexico\/2023\/12\/22\/la-divaza-anuncia-participacion-en-la-casa-de-los-famosos\/\" \/>\n<meta property=\"og:site_name\" content=\"M\u00e9xico\" \/>\n<meta property=\"article:published_time\" content=\"2023-12-22T14:10:46+00:00\" \/>\n<meta property=\"og:image\" content=\"https:\/\/noti-america.com\/site\/mexico\/wp-content\/uploads\/sites\/13\/2023\/12\/thumbnail_original-5783B75C-3556-41AA-862B-2D8A9C0D4542.jpg\" \/>\n\t<meta property=\"og:image:width\" content=\"1080\" \/>\n\t<meta property=\"og:image:height\" content=\"1350\" \/>\n\t<meta property=\"og:image:type\" content=\"image\/jpeg\" \/>\n<meta name=\"author\" content=\"Yoelvzla\" \/>\n<meta name=\"twitter:card\" content=\"summary_large_image\" \/>\n<meta name=\"twitter:label1\" content=\"Escrito por\" \/>\n\t<meta name=\"twitter:data1\" content=\"Yoelvzla\" \/>\n\t<meta name=\"twitter:label2\" content=\"Tiempo estimado de lectura\" \/>\n\t<meta name=\"twitter:data2\" content=\"1 minuto\" \/>\n<script type=\"application\/ld+json\" class=\"yoast-schema-graph\">{\"@context\":\"https:\/\/schema.org\",\"@graph\":[{\"@type\":\"Article\",\"@id\":\"https:\/\/noti-america.com\/site\/mexico\/2023\/12\/22\/la-divaza-anuncia-participacion-en-la-casa-de-los-famosos\/#article\",\"isPartOf\":{\"@id\":\"https:\/\/noti-america.com\/site\/mexico\/2023\/12\/22\/la-divaza-anuncia-participacion-en-la-casa-de-los-famosos\/\"},\"author\":{\"name\":\"Yoelvzla\",\"@id\":\"https:\/\/noti-america.com\/site\/mexico\/#\/schema\/person\/376ccc7b3cc7a8d5a43c3ece07a43857\"},\"headline\":\"La Divaza Anuncia Participaci\u00f3n en la Casa de los Famosos\",\"datePublished\":\"2023-12-22T14:10:46+00:00\",\"mainEntityOfPage\":{\"@id\":\"https:\/\/noti-america.com\/site\/mexico\/2023\/12\/22\/la-divaza-anuncia-participacion-en-la-casa-de-los-famosos\/\"},\"wordCount\":182,\"commentCount\":0,\"publisher\":{\"@id\":\"https:\/\/noti-america.com\/site\/mexico\/#organization\"},\"image\":{\"@id\":\"https:\/\/noti-america.com\/site\/mexico\/2023\/12\/22\/la-divaza-anuncia-participacion-en-la-casa-de-los-famosos\/#primaryimage\"},\"thumbnailUrl\":\"https:\/\/noti-america.com\/site\/mexico\/wp-content\/uploads\/sites\/13\/2023\/12\/thumbnail_original-5783B75C-3556-41AA-862B-2D8A9C0D4542.jpg\",\"articleSection\":[\"Arte y Espect\u00e1culos\"],\"inLanguage\":\"es\",\"potentialAction\":[{\"@type\":\"CommentAction\",\"name\":\"Comment\",\"target\":[\"https:\/\/noti-america.com\/site\/mexico\/2023\/12\/22\/la-divaza-anuncia-participacion-en-la-casa-de-los-famosos\/#respond\"]}]},{\"@type\":\"WebPage\",\"@id\":\"https:\/\/noti-america.com\/site\/mexico\/2023\/12\/22\/la-divaza-anuncia-participacion-en-la-casa-de-los-famosos\/\",\"url\":\"https:\/\/noti-america.com\/site\/mexico\/2023\/12\/22\/la-divaza-anuncia-participacion-en-la-casa-de-los-famosos\/\",\"name\":\"La Divaza Anuncia Participaci\u00f3n en la Casa de los Famosos - M\u00e9xico\",\"isPartOf\":{\"@id\":\"https:\/\/noti-america.com\/site\/mexico\/#website\"},\"primaryImageOfPage\":{\"@id\":\"https:\/\/noti-america.com\/site\/mexico\/2023\/12\/22\/la-divaza-anuncia-participacion-en-la-casa-de-los-famosos\/#primaryimage\"},\"image\":{\"@id\":\"https:\/\/noti-america.com\/site\/mexico\/2023\/12\/22\/la-divaza-anuncia-participacion-en-la-casa-de-los-famosos\/#primaryimage\"},\"thumbnailUrl\":\"https:\/\/noti-america.com\/site\/mexico\/wp-content\/uploads\/sites\/13\/2023\/12\/thumbnail_original-5783B75C-3556-41AA-862B-2D8A9C0D4542.jpg\",\"datePublished\":\"2023-12-22T14:10:46+00:00\",\"breadcrumb\":{\"@id\":\"https:\/\/noti-america.com\/site\/mexico\/2023\/12\/22\/la-divaza-anuncia-participacion-en-la-casa-de-los-famosos\/#breadcrumb\"},\"inLanguage\":\"es\",\"potentialAction\":[{\"@type\":\"ReadAction\",\"target\":[\"https:\/\/noti-america.com\/site\/mexico\/2023\/12\/22\/la-divaza-anuncia-participacion-en-la-casa-de-los-famosos\/\"]}]},{\"@type\":\"ImageObject\",\"inLanguage\":\"es\",\"@id\":\"https:\/\/noti-america.com\/site\/mexico\/2023\/12\/22\/la-divaza-anuncia-participacion-en-la-casa-de-los-famosos\/#primaryimage\",\"url\":\"https:\/\/noti-america.com\/site\/mexico\/wp-content\/uploads\/sites\/13\/2023\/12\/thumbnail_original-5783B75C-3556-41AA-862B-2D8A9C0D4542.jpg\",\"contentUrl\":\"https:\/\/noti-america.com\/site\/mexico\/wp-content\/uploads\/sites\/13\/2023\/12\/thumbnail_original-5783B75C-3556-41AA-862B-2D8A9C0D4542.jpg\",\"width\":1080,\"height\":1350},{\"@type\":\"BreadcrumbList\",\"@id\":\"https:\/\/noti-america.com\/site\/mexico\/2023\/12\/22\/la-divaza-anuncia-participacion-en-la-casa-de-los-famosos\/#breadcrumb\",\"itemListElement\":[{\"@type\":\"ListItem\",\"position\":1,\"name\":\"Portada\",\"item\":\"https:\/\/noti-america.com\/site\/mexico\/\"},{\"@type\":\"ListItem\",\"position\":2,\"name\":\"La Divaza Anuncia Participaci\u00f3n en la Casa de los Famosos\"}]},{\"@type\":\"WebSite\",\"@id\":\"https:\/\/noti-america.com\/site\/mexico\/#website\",\"url\":\"https:\/\/noti-america.com\/site\/mexico\/\",\"name\":\"M\u00e9xico | Noti-America.com\",\"description\":\"\",\"publisher\":{\"@id\":\"https:\/\/noti-america.com\/site\/mexico\/#organization\"},\"potentialAction\":[{\"@type\":\"SearchAction\",\"target\":{\"@type\":\"EntryPoint\",\"urlTemplate\":\"https:\/\/noti-america.com\/site\/mexico\/?s={search_term_string}\"},\"query-input\":{\"@type\":\"PropertyValueSpecification\",\"valueRequired\":true,\"valueName\":\"search_term_string\"}}],\"inLanguage\":\"es\"},{\"@type\":\"Organization\",\"@id\":\"https:\/\/noti-america.com\/site\/mexico\/#organization\",\"name\":\"Noti-America LLC | M\u00e9xico\",\"url\":\"https:\/\/noti-america.com\/site\/mexico\/\",\"logo\":{\"@type\":\"ImageObject\",\"inLanguage\":\"es\",\"@id\":\"https:\/\/noti-america.com\/site\/mexico\/#\/schema\/logo\/image\/\",\"url\":\"https:\/\/noti-america.com\/site\/mexico\/wp-content\/uploads\/sites\/13\/2020\/07\/LogoNA-4x3-1.jpg\",\"contentUrl\":\"https:\/\/noti-america.com\/site\/mexico\/wp-content\/uploads\/sites\/13\/2020\/07\/LogoNA-4x3-1.jpg\",\"width\":1236,\"height\":1080,\"caption\":\"Noti-America LLC | M\u00e9xico\"},\"image\":{\"@id\":\"https:\/\/noti-america.com\/site\/mexico\/#\/schema\/logo\/image\/\"}},{\"@type\":\"Person\",\"@id\":\"https:\/\/noti-america.com\/site\/mexico\/#\/schema\/person\/376ccc7b3cc7a8d5a43c3ece07a43857\",\"name\":\"Yoelvzla\",\"image\":{\"@type\":\"ImageObject\",\"inLanguage\":\"es\",\"@id\":\"https:\/\/secure.gravatar.com\/avatar\/13a96a72123e0e9aa76fe82e8847f726c63a1c5ef6a8d0fadd844c1a5a83b212?s=96&d=mm&r=g\",\"url\":\"https:\/\/secure.gravatar.com\/avatar\/13a96a72123e0e9aa76fe82e8847f726c63a1c5ef6a8d0fadd844c1a5a83b212?s=96&d=mm&r=g\",\"contentUrl\":\"https:\/\/secure.gravatar.com\/avatar\/13a96a72123e0e9aa76fe82e8847f726c63a1c5ef6a8d0fadd844c1a5a83b212?s=96&d=mm&r=g\",\"caption\":\"Yoelvzla\"},\"url\":\"https:\/\/noti-america.com\/site\/mexico\/author\/ydiaz\/\"}]}<\/script>\n<!-- \/ Yoast SEO Premium plugin. -->","yoast_head_json":{"title":"La Divaza Anuncia Participaci\u00f3n en la Casa de los Famosos - M\u00e9xico","robots":{"index":"index","follow":"follow","max-snippet":"max-snippet:-1","max-image-preview":"max-image-preview:large","max-video-preview":"max-video-preview:-1"},"canonical":"https:\/\/noti-america.com\/site\/mexico\/2023\/12\/22\/la-divaza-anuncia-participacion-en-la-casa-de-los-famosos\/","og_locale":"es_ES","og_type":"article","og_title":"La Divaza Anuncia Participaci\u00f3n en la Casa de los Famosos","og_description":"Pedro Figueira, conocido cari\u00f1osamente como\u00a0\u00abLa Divaza\u00bb, ha emocionado a sus seguidores al anunciar su participaci\u00f3n en la casa de los famosos, por la cadena internacional\u00a0Telemundo. Despu\u00e9s de una extensa gira por su tierra natal,&#46;&#46;&#46;","og_url":"https:\/\/noti-america.com\/site\/mexico\/2023\/12\/22\/la-divaza-anuncia-participacion-en-la-casa-de-los-famosos\/","og_site_name":"M\u00e9xico","article_published_time":"2023-12-22T14:10:46+00:00","og_image":[{"width":1080,"height":1350,"url":"https:\/\/noti-america.com\/site\/mexico\/wp-content\/uploads\/sites\/13\/2023\/12\/thumbnail_original-5783B75C-3556-41AA-862B-2D8A9C0D4542.jpg","type":"image\/jpeg"}],"author":"Yoelvzla","twitter_card":"summary_large_image","twitter_misc":{"Escrito por":"Yoelvzla","Tiempo estimado de lectura":"1 minuto"},"schema":{"@context":"https:\/\/schema.org","@graph":[{"@type":"Article","@id":"https:\/\/noti-america.com\/site\/mexico\/2023\/12\/22\/la-divaza-anuncia-participacion-en-la-casa-de-los-famosos\/#article","isPartOf":{"@id":"https:\/\/noti-america.com\/site\/mexico\/2023\/12\/22\/la-divaza-anuncia-participacion-en-la-casa-de-los-famosos\/"},"author":{"name":"Yoelvzla","@id":"https:\/\/noti-america.com\/site\/mexico\/#\/schema\/person\/376ccc7b3cc7a8d5a43c3ece07a43857"},"headline":"La Divaza Anuncia Participaci\u00f3n en la Casa de los Famosos","datePublished":"2023-12-22T14:10:46+00:00","mainEntityOfPage":{"@id":"https:\/\/noti-america.com\/site\/mexico\/2023\/12\/22\/la-divaza-anuncia-participacion-en-la-casa-de-los-famosos\/"},"wordCount":182,"commentCount":0,"publisher":{"@id":"https:\/\/noti-america.com\/site\/mexico\/#organization"},"image":{"@id":"https:\/\/noti-america.com\/site\/mexico\/2023\/12\/22\/la-divaza-anuncia-participacion-en-la-casa-de-los-famosos\/#primaryimage"},"thumbnailUrl":"https:\/\/noti-america.com\/site\/mexico\/wp-content\/uploads\/sites\/13\/2023\/12\/thumbnail_original-5783B75C-3556-41AA-862B-2D8A9C0D4542.jpg","articleSection":["Arte y Espect\u00e1culos"],"inLanguage":"es","potentialAction":[{"@type":"CommentAction","name":"Comment","target":["https:\/\/noti-america.com\/site\/mexico\/2023\/12\/22\/la-divaza-anuncia-participacion-en-la-casa-de-los-famosos\/#respond"]}]},{"@type":"WebPage","@id":"https:\/\/noti-america.com\/site\/mexico\/2023\/12\/22\/la-divaza-anuncia-participacion-en-la-casa-de-los-famosos\/","url":"https:\/\/noti-america.com\/site\/mexico\/2023\/12\/22\/la-divaza-anuncia-participacion-en-la-casa-de-los-famosos\/","name":"La Divaza Anuncia Participaci\u00f3n en la Casa de los Famosos - M\u00e9xico","isPartOf":{"@id":"https:\/\/noti-america.com\/site\/mexico\/#website"},"primaryImageOfPage":{"@id":"https:\/\/noti-america.com\/site\/mexico\/2023\/12\/22\/la-divaza-anuncia-participacion-en-la-casa-de-los-famosos\/#primaryimage"},"image":{"@id":"https:\/\/noti-america.com\/site\/mexico\/2023\/12\/22\/la-divaza-anuncia-participacion-en-la-casa-de-los-famosos\/#primaryimage"},"thumbnailUrl":"https:\/\/noti-america.com\/site\/mexico\/wp-content\/uploads\/sites\/13\/2023\/12\/thumbnail_original-5783B75C-3556-41AA-862B-2D8A9C0D4542.jpg","datePublished":"2023-12-22T14:10:46+00:00","breadcrumb":{"@id":"https:\/\/noti-america.com\/site\/mexico\/2023\/12\/22\/la-divaza-anuncia-participacion-en-la-casa-de-los-famosos\/#breadcrumb"},"inLanguage":"es","potentialAction":[{"@type":"ReadAction","target":["https:\/\/noti-america.com\/site\/mexico\/2023\/12\/22\/la-divaza-anuncia-participacion-en-la-casa-de-los-famosos\/"]}]},{"@type":"ImageObject","inLanguage":"es","@id":"https:\/\/noti-america.com\/site\/mexico\/2023\/12\/22\/la-divaza-anuncia-participacion-en-la-casa-de-los-famosos\/#primaryimage","url":"https:\/\/noti-america.com\/site\/mexico\/wp-content\/uploads\/sites\/13\/2023\/12\/thumbnail_original-5783B75C-3556-41AA-862B-2D8A9C0D4542.jpg","contentUrl":"https:\/\/noti-america.com\/site\/mexico\/wp-content\/uploads\/sites\/13\/2023\/12\/thumbnail_original-5783B75C-3556-41AA-862B-2D8A9C0D4542.jpg","width":1080,"height":1350},{"@type":"BreadcrumbList","@id":"https:\/\/noti-america.com\/site\/mexico\/2023\/12\/22\/la-divaza-anuncia-participacion-en-la-casa-de-los-famosos\/#breadcrumb","itemListElement":[{"@type":"ListItem","position":1,"name":"Portada","item":"https:\/\/noti-america.com\/site\/mexico\/"},{"@type":"ListItem","position":2,"name":"La Divaza Anuncia Participaci\u00f3n en la Casa de los Famosos"}]},{"@type":"WebSite","@id":"https:\/\/noti-america.com\/site\/mexico\/#website","url":"https:\/\/noti-america.com\/site\/mexico\/","name":"M\u00e9xico | Noti-America.com","description":"","publisher":{"@id":"https:\/\/noti-america.com\/site\/mexico\/#organization"},"potentialAction":[{"@type":"SearchAction","target":{"@type":"EntryPoint","urlTemplate":"https:\/\/noti-america.com\/site\/mexico\/?s={search_term_string}"},"query-input":{"@type":"PropertyValueSpecification","valueRequired":true,"valueName":"search_term_string"}}],"inLanguage":"es"},{"@type":"Organization","@id":"https:\/\/noti-america.com\/site\/mexico\/#organization","name":"Noti-America LLC | M\u00e9xico","url":"https:\/\/noti-america.com\/site\/mexico\/","logo":{"@type":"ImageObject","inLanguage":"es","@id":"https:\/\/noti-america.com\/site\/mexico\/#\/schema\/logo\/image\/","url":"https:\/\/noti-america.com\/site\/mexico\/wp-content\/uploads\/sites\/13\/2020\/07\/LogoNA-4x3-1.jpg","contentUrl":"https:\/\/noti-america.com\/site\/mexico\/wp-content\/uploads\/sites\/13\/2020\/07\/LogoNA-4x3-1.jpg","width":1236,"height":1080,"caption":"Noti-America LLC | M\u00e9xico"},"image":{"@id":"https:\/\/noti-america.com\/site\/mexico\/#\/schema\/logo\/image\/"}},{"@type":"Person","@id":"https:\/\/noti-america.com\/site\/mexico\/#\/schema\/person\/376ccc7b3cc7a8d5a43c3ece07a43857","name":"Yoelvzla","image":{"@type":"ImageObject","inLanguage":"es","@id":"https:\/\/secure.gravatar.com\/avatar\/13a96a72123e0e9aa76fe82e8847f726c63a1c5ef6a8d0fadd844c1a5a83b212?s=96&d=mm&r=g","url":"https:\/\/secure.gravatar.com\/avatar\/13a96a72123e0e9aa76fe82e8847f726c63a1c5ef6a8d0fadd844c1a5a83b212?s=96&d=mm&r=g","contentUrl":"https:\/\/secure.gravatar.com\/avatar\/13a96a72123e0e9aa76fe82e8847f726c63a1c5ef6a8d0fadd844c1a5a83b212?s=96&d=mm&r=g","caption":"Yoelvzla"},"url":"https:\/\/noti-america.com\/site\/mexico\/author\/ydiaz\/"}]}},"_links":{"self":[{"href":"https:\/\/noti-america.com\/site\/mexico\/wp-json\/wp\/v2\/posts\/10160","targetHints":{"allow":["GET"]}}],"collection":[{"href":"https:\/\/noti-america.com\/site\/mexico\/wp-json\/wp\/v2\/posts"}],"about":[{"href":"https:\/\/noti-america.com\/site\/mexico\/wp-json\/wp\/v2\/types\/post"}],"author":[{"embeddable":true,"href":"https:\/\/noti-america.com\/site\/mexico\/wp-json\/wp\/v2\/users\/127"}],"replies":[{"embeddable":true,"href":"https:\/\/noti-america.com\/site\/mexico\/wp-json\/wp\/v2\/comments?post=10160"}],"version-history":[{"count":1,"href":"https:\/\/noti-america.com\/site\/mexico\/wp-json\/wp\/v2\/posts\/10160\/revisions"}],"predecessor-version":[{"id":10162,"href":"https:\/\/noti-america.com\/site\/mexico\/wp-json\/wp\/v2\/posts\/10160\/revisions\/10162"}],"wp:featuredmedia":[{"embeddable":true,"href":"https:\/\/noti-america.com\/site\/mexico\/wp-json\/wp\/v2\/media\/10161"}],"wp:attachment":[{"href":"https:\/\/noti-america.com\/site\/mexico\/wp-json\/wp\/v2\/media?parent=10160"}],"wp:term":[{"taxonomy":"category","embeddable":true,"href":"https:\/\/noti-america.com\/site\/mexico\/wp-json\/wp\/v2\/categories?post=10160"},{"taxonomy":"post_tag","embeddable":true,"href":"https:\/\/noti-america.com\/site\/mexico\/wp-json\/wp\/v2\/tags?post=10160"}],"curies":[{"name":"wp","href":"https:\/\/api.w.org\/{rel}","templated":true}]}}