{"id":10129,"date":"2023-12-19T13:45:29","date_gmt":"2023-12-19T13:45:29","guid":{"rendered":"https:\/\/noti-america.com\/site\/mexico\/?p=10129"},"modified":"2023-12-19T13:45:29","modified_gmt":"2023-12-19T13:45:29","slug":"verbena-festivales-y-conciertos-navidad-llena-la-cdmx-con-actividades-gratuitas","status":"publish","type":"post","link":"https:\/\/noti-america.com\/site\/mexico\/2023\/12\/19\/verbena-festivales-y-conciertos-navidad-llena-la-cdmx-con-actividades-gratuitas\/","title":{"rendered":"Verbena, festivales y conciertos: Navidad llena la CDMX con actividades gratuitas"},"content":{"rendered":"<p>NOTI-AMERICA.COM | M\u00c9XICO \u2013 Diciembre ya lleg\u00f3 y con este mes, las actividades decembrinas a la que podr\u00e1s asistir, las cuales incluyen conciertos gratuitos, juegos, luminarias y m\u00e1s en varios puntos de la Ciudad de M\u00e9xico.<\/p>\n<p>La tercera edici\u00f3n de la Verbena Navide\u00f1a estar\u00e1 lista a partir del 16 y hasta el 31 de diciembre de 11:00 am a 21:00 pm en la plancha del Z\u00f3calo, la cual contar\u00e1 con \u00e1rboles monumentales de nochebuenas, t\u00faneles de luz, y un escenario principal donde se presentar\u00e1n conciertos musicales.<\/p>\n<p>Del mismo modo, adem\u00e1s de disfrutar de las actividades navide\u00f1as, tendr\u00e1s la oportunidad de ayudar a comunicades afectadas por el hurac\u00e1n Otis en Guerrero, pues habr\u00e1 un bazar navide\u00f1o con productos de estas zonas.<\/p>\n<h2><b>\u00bfQu\u00e9 conciertos habr\u00e1 en la Verbena Navide\u00f1a?<\/b><\/h2>\n<p>Los conciertos son una de las actividades m\u00e1s esperadas en la\u00a0<b>\u00e9poca decembrina<\/b>, por lo que la Secretar\u00eda de Cultura organiz\u00f3\u00a0<b>espect\u00e1culos musicales<\/b>\u00a0para todos los gustos a los que se podr\u00e1 acudir de forma gratuita.<\/p>\n<ul>\n<li>Mujeres del viento florido, 17 de diciembre<\/li>\n<li>La cruzada desde Cuba. 21 de diciembre<\/li>\n<li>Pablo Montero, 22 de diciembre<\/li>\n<li>Los m\u00fasicos de Jos\u00e9, 23 de diciembre<\/li>\n<li>Descartes a Kant, 23 de diciembre<\/li>\n<li>Sal\u00f3n Victoria 26 de diciembre<\/li>\n<li>Amandititita 27 de diciembre<\/li>\n<li>Las guaracheras de Colombia 29 de diciembre<\/li>\n<li>Leo Acosta y su Orquesta, 30 de diciembre<\/li>\n<\/ul>\n<h2><b>Alumbrado navide\u00f1o<\/b><\/h2>\n<p>Todas estas actividades estar\u00e1n acompa\u00f1adas del tradicional\u00a0Alumbrado Navide\u00f1o\u00a0que destaca en los puntos clave de la CDMX, como el\u00a0Z\u00f3calo, Reforma y el \u00c1ngel de la Independencia.\u00a0Aunque todav\u00eda no hay fecha para el encendido.<\/p>\n<p>El\u00a0alumbrado\u00a0estar\u00e1 compuesto por\u00a0cuatro conjuntos monumentales\u00a0ubicados en los edificios de Gobierno, Joyer\u00edas y Mercaderes; un conjunto tridimensional en Avenida 20 de Noviembre; y dos mosaicos luminosos en Avenida Paseo de la Reforma y el \u00c1ngel de la Independencia.<\/p>\n<p>Para ello, se utilizar\u00e1n ocho mil focos LED; tres kil\u00f3metros de guirnalda; 22 km de escarcha y fest\u00f3n de varios colores; 24 km de manguera luminosa y 7.5 km de tiras luminosas, trabajo realizado por 110 trabajadores de la Direcci\u00f3n General de Servicios Urbanos.<\/p>\n<h2><b>Festival de Flores Nochebuena<\/b><\/h2>\n<p>El Festival de\u00a0Flores de Nochebuena 2023\u00a0se realizar\u00e1 del 27 de noviembre al 17 de diciembre\u00a0sobre\u00a0Avenida Paseo de la Reforma.<\/p>\n<p>En el evento estar\u00e1n a la venta algunas de las\u00a0m\u00e1s de 1.8 millones de macetas producidas este a\u00f1o\u00a0en el suelo de\u00a0conservaci\u00f3n,\u00a0especialmente de las\u00a0alcald\u00edas de Xochimilco, Tl\u00e1huac, Milpa Alta y Tlalpan.<\/p>\n<p>De acuerdo con el gobierno de la capital, el festival tiene como objetivo\u00a0mejorar la vida e ingresos de las comunidades rurales dedicadas a la floricultura\u00a0mediante el comercio local y directo.<\/p>\n<h2><b>Cuento de navidad<\/b><\/h2>\n<p>En el\u00a0Centro Cultural Jos\u00e9 Mart\u00ed\u00a0se realizar\u00e1 la adaptaci\u00f3n de\u00a0Cuento de Navidad, una novela corta que cuenta la historia de un hombre avaro y ego\u00edsta llamado Ebenezer Scrooge y su transformaci\u00f3n tras recibir la visita de una serie de fantasmas en Nochebuena. Inclusive su sobrino le invita a pasar la noche de Navidad con ellos, pero Scrooge lo desprecia.<\/p>\n<p>El evento es gratuito\u00a0y se llevar\u00e1 a cabo el pr\u00f3ximo 10 y 17 de diciembre a las 15:30 horas, podr\u00e1n acceder menores a partir de los 7 a\u00f1os.<\/p>\n<p>Adicionalmente se realizan otros eventos como el Festival Tur\u00edstico Navide\u00f1o de la Ciudad de M\u00e9xico, del 12 al 17 de diciembre, con presencia de diversos estados del pa\u00eds para la promoci\u00f3n de destinos tur\u00edsticos en el Bosque de Chapultepec; romer\u00edas y posadas en las 16 Alcald\u00edas; conciertos, bazares y representaciones teatrales como \u201cEl Cascanueces\u201d, Ballet Folkl\u00f3rico de M\u00e9xico de Amalia Hern\u00e1ndez en el Castillo de Chapultepec y \u201cHarry Potter: El Gran Baile de Invierno\u201d, disponibles para consulta de fechas y horarios en la p\u00e1gina de la cartelera de la Ciudad de M\u00e9xico.<\/p>\n","protected":false},"excerpt":{"rendered":"<p>NOTI-AMERICA.COM | M\u00c9XICO \u2013 Diciembre ya lleg\u00f3 y con este mes, las actividades decembrinas a la que podr\u00e1s asistir, las cuales incluyen conciertos gratuitos, juegos, luminarias y m\u00e1s en varios puntos de la Ciudad&#46;&#46;&#46;<\/p>\n","protected":false},"author":133,"featured_media":10130,"comment_status":"open","ping_status":"open","sticky":false,"template":"","format":"image","meta":{"_acf_changed":false,"om_disable_all_campaigns":false,"rop_custom_images_group":[],"rop_custom_messages_group":[],"rop_publish_now":"initial","rop_publish_now_accounts":{"twitter_242054905_242054905":""},"rop_publish_now_history":[],"rop_publish_now_status":"pending","_uf_show_specific_survey":0,"_uf_disable_surveys":false,"footnotes":""},"categories":[722],"tags":[],"class_list":["post-10129","post","type-post","status-publish","format-image","has-post-thumbnail","hentry","category-actualidad","post_format-post-format-image"],"acf":[],"aioseo_notices":[],"yoast_head":"<!-- This site is optimized with the Yoast SEO Premium plugin v24.9 (Yoast SEO v27.2) - https:\/\/yoast.com\/product\/yoast-seo-premium-wordpress\/ -->\n<title>Verbena, festivales y conciertos: Navidad llena la CDMX con actividades gratuitas - M\u00e9xico<\/title>\n<meta name=\"robots\" content=\"index, follow, max-snippet:-1, max-image-preview:large, max-video-preview:-1\" \/>\n<link rel=\"canonical\" href=\"https:\/\/noti-america.com\/site\/mexico\/2023\/12\/19\/verbena-festivales-y-conciertos-navidad-llena-la-cdmx-con-actividades-gratuitas\/\" \/>\n<meta property=\"og:locale\" content=\"es_ES\" \/>\n<meta property=\"og:type\" content=\"article\" \/>\n<meta property=\"og:title\" content=\"Verbena, festivales y conciertos: Navidad llena la CDMX con actividades gratuitas\" \/>\n<meta property=\"og:description\" content=\"NOTI-AMERICA.COM | M\u00c9XICO \u2013 Diciembre ya lleg\u00f3 y con este mes, las actividades decembrinas a la que podr\u00e1s asistir, las cuales incluyen conciertos gratuitos, juegos, luminarias y m\u00e1s en varios puntos de la Ciudad&#046;&#046;&#046;\" \/>\n<meta property=\"og:url\" content=\"https:\/\/noti-america.com\/site\/mexico\/2023\/12\/19\/verbena-festivales-y-conciertos-navidad-llena-la-cdmx-con-actividades-gratuitas\/\" \/>\n<meta property=\"og:site_name\" content=\"M\u00e9xico\" \/>\n<meta property=\"article:author\" content=\"Mar\u00eda Valentina Noguera\" \/>\n<meta property=\"article:published_time\" content=\"2023-12-19T13:45:29+00:00\" \/>\n<meta property=\"og:image\" content=\"https:\/\/noti-america.com\/site\/mexico\/wp-content\/uploads\/sites\/13\/2023\/12\/Verbena-Navidena.jpeg\" \/>\n\t<meta property=\"og:image:width\" content=\"768\" \/>\n\t<meta property=\"og:image:height\" content=\"479\" \/>\n\t<meta property=\"og:image:type\" content=\"image\/jpeg\" \/>\n<meta name=\"author\" content=\"Maria Valentina Noguera Medina\" \/>\n<meta name=\"twitter:card\" content=\"summary_large_image\" \/>\n<meta name=\"twitter:label1\" content=\"Escrito por\" \/>\n\t<meta name=\"twitter:data1\" content=\"Maria Valentina Noguera Medina\" \/>\n\t<meta name=\"twitter:label2\" content=\"Tiempo estimado de lectura\" \/>\n\t<meta name=\"twitter:data2\" content=\"3 minutos\" \/>\n<script type=\"application\/ld+json\" class=\"yoast-schema-graph\">{\"@context\":\"https:\/\/schema.org\",\"@graph\":[{\"@type\":\"Article\",\"@id\":\"https:\/\/noti-america.com\/site\/mexico\/2023\/12\/19\/verbena-festivales-y-conciertos-navidad-llena-la-cdmx-con-actividades-gratuitas\/#article\",\"isPartOf\":{\"@id\":\"https:\/\/noti-america.com\/site\/mexico\/2023\/12\/19\/verbena-festivales-y-conciertos-navidad-llena-la-cdmx-con-actividades-gratuitas\/\"},\"author\":{\"name\":\"Maria Valentina Noguera Medina\",\"@id\":\"https:\/\/noti-america.com\/site\/mexico\/#\/schema\/person\/22806efcc2cfc4b45efb0e17be210ea8\"},\"headline\":\"Verbena, festivales y conciertos: Navidad llena la CDMX con actividades gratuitas\",\"datePublished\":\"2023-12-19T13:45:29+00:00\",\"mainEntityOfPage\":{\"@id\":\"https:\/\/noti-america.com\/site\/mexico\/2023\/12\/19\/verbena-festivales-y-conciertos-navidad-llena-la-cdmx-con-actividades-gratuitas\/\"},\"wordCount\":658,\"commentCount\":0,\"publisher\":{\"@id\":\"https:\/\/noti-america.com\/site\/mexico\/#organization\"},\"image\":{\"@id\":\"https:\/\/noti-america.com\/site\/mexico\/2023\/12\/19\/verbena-festivales-y-conciertos-navidad-llena-la-cdmx-con-actividades-gratuitas\/#primaryimage\"},\"thumbnailUrl\":\"https:\/\/noti-america.com\/site\/mexico\/wp-content\/uploads\/sites\/13\/2023\/12\/Verbena-Navidena.jpeg\",\"articleSection\":[\"Actualidad\"],\"inLanguage\":\"es\",\"potentialAction\":[{\"@type\":\"CommentAction\",\"name\":\"Comment\",\"target\":[\"https:\/\/noti-america.com\/site\/mexico\/2023\/12\/19\/verbena-festivales-y-conciertos-navidad-llena-la-cdmx-con-actividades-gratuitas\/#respond\"]}]},{\"@type\":\"WebPage\",\"@id\":\"https:\/\/noti-america.com\/site\/mexico\/2023\/12\/19\/verbena-festivales-y-conciertos-navidad-llena-la-cdmx-con-actividades-gratuitas\/\",\"url\":\"https:\/\/noti-america.com\/site\/mexico\/2023\/12\/19\/verbena-festivales-y-conciertos-navidad-llena-la-cdmx-con-actividades-gratuitas\/\",\"name\":\"Verbena, festivales y conciertos: Navidad llena la CDMX con actividades gratuitas - M\u00e9xico\",\"isPartOf\":{\"@id\":\"https:\/\/noti-america.com\/site\/mexico\/#website\"},\"primaryImageOfPage\":{\"@id\":\"https:\/\/noti-america.com\/site\/mexico\/2023\/12\/19\/verbena-festivales-y-conciertos-navidad-llena-la-cdmx-con-actividades-gratuitas\/#primaryimage\"},\"image\":{\"@id\":\"https:\/\/noti-america.com\/site\/mexico\/2023\/12\/19\/verbena-festivales-y-conciertos-navidad-llena-la-cdmx-con-actividades-gratuitas\/#primaryimage\"},\"thumbnailUrl\":\"https:\/\/noti-america.com\/site\/mexico\/wp-content\/uploads\/sites\/13\/2023\/12\/Verbena-Navidena.jpeg\",\"datePublished\":\"2023-12-19T13:45:29+00:00\",\"breadcrumb\":{\"@id\":\"https:\/\/noti-america.com\/site\/mexico\/2023\/12\/19\/verbena-festivales-y-conciertos-navidad-llena-la-cdmx-con-actividades-gratuitas\/#breadcrumb\"},\"inLanguage\":\"es\",\"potentialAction\":[{\"@type\":\"ReadAction\",\"target\":[\"https:\/\/noti-america.com\/site\/mexico\/2023\/12\/19\/verbena-festivales-y-conciertos-navidad-llena-la-cdmx-con-actividades-gratuitas\/\"]}]},{\"@type\":\"ImageObject\",\"inLanguage\":\"es\",\"@id\":\"https:\/\/noti-america.com\/site\/mexico\/2023\/12\/19\/verbena-festivales-y-conciertos-navidad-llena-la-cdmx-con-actividades-gratuitas\/#primaryimage\",\"url\":\"https:\/\/noti-america.com\/site\/mexico\/wp-content\/uploads\/sites\/13\/2023\/12\/Verbena-Navidena.jpeg\",\"contentUrl\":\"https:\/\/noti-america.com\/site\/mexico\/wp-content\/uploads\/sites\/13\/2023\/12\/Verbena-Navidena.jpeg\",\"width\":768,\"height\":479},{\"@type\":\"BreadcrumbList\",\"@id\":\"https:\/\/noti-america.com\/site\/mexico\/2023\/12\/19\/verbena-festivales-y-conciertos-navidad-llena-la-cdmx-con-actividades-gratuitas\/#breadcrumb\",\"itemListElement\":[{\"@type\":\"ListItem\",\"position\":1,\"name\":\"Portada\",\"item\":\"https:\/\/noti-america.com\/site\/mexico\/\"},{\"@type\":\"ListItem\",\"position\":2,\"name\":\"Verbena, festivales y conciertos: Navidad llena la CDMX con actividades gratuitas\"}]},{\"@type\":\"WebSite\",\"@id\":\"https:\/\/noti-america.com\/site\/mexico\/#website\",\"url\":\"https:\/\/noti-america.com\/site\/mexico\/\",\"name\":\"M\u00e9xico | Noti-America.com\",\"description\":\"\",\"publisher\":{\"@id\":\"https:\/\/noti-america.com\/site\/mexico\/#organization\"},\"potentialAction\":[{\"@type\":\"SearchAction\",\"target\":{\"@type\":\"EntryPoint\",\"urlTemplate\":\"https:\/\/noti-america.com\/site\/mexico\/?s={search_term_string}\"},\"query-input\":{\"@type\":\"PropertyValueSpecification\",\"valueRequired\":true,\"valueName\":\"search_term_string\"}}],\"inLanguage\":\"es\"},{\"@type\":\"Organization\",\"@id\":\"https:\/\/noti-america.com\/site\/mexico\/#organization\",\"name\":\"Noti-America LLC | M\u00e9xico\",\"url\":\"https:\/\/noti-america.com\/site\/mexico\/\",\"logo\":{\"@type\":\"ImageObject\",\"inLanguage\":\"es\",\"@id\":\"https:\/\/noti-america.com\/site\/mexico\/#\/schema\/logo\/image\/\",\"url\":\"https:\/\/noti-america.com\/site\/mexico\/wp-content\/uploads\/sites\/13\/2020\/07\/LogoNA-4x3-1.jpg\",\"contentUrl\":\"https:\/\/noti-america.com\/site\/mexico\/wp-content\/uploads\/sites\/13\/2020\/07\/LogoNA-4x3-1.jpg\",\"width\":1236,\"height\":1080,\"caption\":\"Noti-America LLC | M\u00e9xico\"},\"image\":{\"@id\":\"https:\/\/noti-america.com\/site\/mexico\/#\/schema\/logo\/image\/\"}},{\"@type\":\"Person\",\"@id\":\"https:\/\/noti-america.com\/site\/mexico\/#\/schema\/person\/22806efcc2cfc4b45efb0e17be210ea8\",\"name\":\"Maria Valentina Noguera Medina\",\"image\":{\"@type\":\"ImageObject\",\"inLanguage\":\"es\",\"@id\":\"https:\/\/secure.gravatar.com\/avatar\/4ec5eb9d099f2608a49c9df6f7341f66f04f819cdffa09d56a7a0e91d2819d56?s=96&d=mm&r=g\",\"url\":\"https:\/\/secure.gravatar.com\/avatar\/4ec5eb9d099f2608a49c9df6f7341f66f04f819cdffa09d56a7a0e91d2819d56?s=96&d=mm&r=g\",\"contentUrl\":\"https:\/\/secure.gravatar.com\/avatar\/4ec5eb9d099f2608a49c9df6f7341f66f04f819cdffa09d56a7a0e91d2819d56?s=96&d=mm&r=g\",\"caption\":\"Maria Valentina Noguera Medina\"},\"description\":\"Periodista - noti-america - Promar Community Manager - Talento Plus Dise\u00f1adora\/ creadora de contenido...\",\"sameAs\":[\"Mar\u00eda Valentina Noguera\",\"https:\/\/www.facebook.com\/mariavalentina.noguera\",\"https:\/\/www.linkedin.com\/in\/mara-valentina-noguera-medina-373075165\/\",\"https:\/\/www.pinterest.es\/valentinanoguera95\/\",\"https:\/\/www.youtube.com\/channel\/UCdek6mbUZ-Tqqw0I63i4nmQ\"],\"url\":\"https:\/\/noti-america.com\/site\/mexico\/author\/mnoguera\/\"}]}<\/script>\n<!-- \/ Yoast SEO Premium plugin. -->","yoast_head_json":{"title":"Verbena, festivales y conciertos: Navidad llena la CDMX con actividades gratuitas - M\u00e9xico","robots":{"index":"index","follow":"follow","max-snippet":"max-snippet:-1","max-image-preview":"max-image-preview:large","max-video-preview":"max-video-preview:-1"},"canonical":"https:\/\/noti-america.com\/site\/mexico\/2023\/12\/19\/verbena-festivales-y-conciertos-navidad-llena-la-cdmx-con-actividades-gratuitas\/","og_locale":"es_ES","og_type":"article","og_title":"Verbena, festivales y conciertos: Navidad llena la CDMX con actividades gratuitas","og_description":"NOTI-AMERICA.COM | M\u00c9XICO \u2013 Diciembre ya lleg\u00f3 y con este mes, las actividades decembrinas a la que podr\u00e1s asistir, las cuales incluyen conciertos gratuitos, juegos, luminarias y m\u00e1s en varios puntos de la Ciudad&#46;&#46;&#46;","og_url":"https:\/\/noti-america.com\/site\/mexico\/2023\/12\/19\/verbena-festivales-y-conciertos-navidad-llena-la-cdmx-con-actividades-gratuitas\/","og_site_name":"M\u00e9xico","article_author":"Mar\u00eda Valentina Noguera","article_published_time":"2023-12-19T13:45:29+00:00","og_image":[{"width":768,"height":479,"url":"https:\/\/noti-america.com\/site\/mexico\/wp-content\/uploads\/sites\/13\/2023\/12\/Verbena-Navidena.jpeg","type":"image\/jpeg"}],"author":"Maria Valentina Noguera Medina","twitter_card":"summary_large_image","twitter_misc":{"Escrito por":"Maria Valentina Noguera Medina","Tiempo estimado de lectura":"3 minutos"},"schema":{"@context":"https:\/\/schema.org","@graph":[{"@type":"Article","@id":"https:\/\/noti-america.com\/site\/mexico\/2023\/12\/19\/verbena-festivales-y-conciertos-navidad-llena-la-cdmx-con-actividades-gratuitas\/#article","isPartOf":{"@id":"https:\/\/noti-america.com\/site\/mexico\/2023\/12\/19\/verbena-festivales-y-conciertos-navidad-llena-la-cdmx-con-actividades-gratuitas\/"},"author":{"name":"Maria Valentina Noguera Medina","@id":"https:\/\/noti-america.com\/site\/mexico\/#\/schema\/person\/22806efcc2cfc4b45efb0e17be210ea8"},"headline":"Verbena, festivales y conciertos: Navidad llena la CDMX con actividades gratuitas","datePublished":"2023-12-19T13:45:29+00:00","mainEntityOfPage":{"@id":"https:\/\/noti-america.com\/site\/mexico\/2023\/12\/19\/verbena-festivales-y-conciertos-navidad-llena-la-cdmx-con-actividades-gratuitas\/"},"wordCount":658,"commentCount":0,"publisher":{"@id":"https:\/\/noti-america.com\/site\/mexico\/#organization"},"image":{"@id":"https:\/\/noti-america.com\/site\/mexico\/2023\/12\/19\/verbena-festivales-y-conciertos-navidad-llena-la-cdmx-con-actividades-gratuitas\/#primaryimage"},"thumbnailUrl":"https:\/\/noti-america.com\/site\/mexico\/wp-content\/uploads\/sites\/13\/2023\/12\/Verbena-Navidena.jpeg","articleSection":["Actualidad"],"inLanguage":"es","potentialAction":[{"@type":"CommentAction","name":"Comment","target":["https:\/\/noti-america.com\/site\/mexico\/2023\/12\/19\/verbena-festivales-y-conciertos-navidad-llena-la-cdmx-con-actividades-gratuitas\/#respond"]}]},{"@type":"WebPage","@id":"https:\/\/noti-america.com\/site\/mexico\/2023\/12\/19\/verbena-festivales-y-conciertos-navidad-llena-la-cdmx-con-actividades-gratuitas\/","url":"https:\/\/noti-america.com\/site\/mexico\/2023\/12\/19\/verbena-festivales-y-conciertos-navidad-llena-la-cdmx-con-actividades-gratuitas\/","name":"Verbena, festivales y conciertos: Navidad llena la CDMX con actividades gratuitas - M\u00e9xico","isPartOf":{"@id":"https:\/\/noti-america.com\/site\/mexico\/#website"},"primaryImageOfPage":{"@id":"https:\/\/noti-america.com\/site\/mexico\/2023\/12\/19\/verbena-festivales-y-conciertos-navidad-llena-la-cdmx-con-actividades-gratuitas\/#primaryimage"},"image":{"@id":"https:\/\/noti-america.com\/site\/mexico\/2023\/12\/19\/verbena-festivales-y-conciertos-navidad-llena-la-cdmx-con-actividades-gratuitas\/#primaryimage"},"thumbnailUrl":"https:\/\/noti-america.com\/site\/mexico\/wp-content\/uploads\/sites\/13\/2023\/12\/Verbena-Navidena.jpeg","datePublished":"2023-12-19T13:45:29+00:00","breadcrumb":{"@id":"https:\/\/noti-america.com\/site\/mexico\/2023\/12\/19\/verbena-festivales-y-conciertos-navidad-llena-la-cdmx-con-actividades-gratuitas\/#breadcrumb"},"inLanguage":"es","potentialAction":[{"@type":"ReadAction","target":["https:\/\/noti-america.com\/site\/mexico\/2023\/12\/19\/verbena-festivales-y-conciertos-navidad-llena-la-cdmx-con-actividades-gratuitas\/"]}]},{"@type":"ImageObject","inLanguage":"es","@id":"https:\/\/noti-america.com\/site\/mexico\/2023\/12\/19\/verbena-festivales-y-conciertos-navidad-llena-la-cdmx-con-actividades-gratuitas\/#primaryimage","url":"https:\/\/noti-america.com\/site\/mexico\/wp-content\/uploads\/sites\/13\/2023\/12\/Verbena-Navidena.jpeg","contentUrl":"https:\/\/noti-america.com\/site\/mexico\/wp-content\/uploads\/sites\/13\/2023\/12\/Verbena-Navidena.jpeg","width":768,"height":479},{"@type":"BreadcrumbList","@id":"https:\/\/noti-america.com\/site\/mexico\/2023\/12\/19\/verbena-festivales-y-conciertos-navidad-llena-la-cdmx-con-actividades-gratuitas\/#breadcrumb","itemListElement":[{"@type":"ListItem","position":1,"name":"Portada","item":"https:\/\/noti-america.com\/site\/mexico\/"},{"@type":"ListItem","position":2,"name":"Verbena, festivales y conciertos: Navidad llena la CDMX con actividades gratuitas"}]},{"@type":"WebSite","@id":"https:\/\/noti-america.com\/site\/mexico\/#website","url":"https:\/\/noti-america.com\/site\/mexico\/","name":"M\u00e9xico | Noti-America.com","description":"","publisher":{"@id":"https:\/\/noti-america.com\/site\/mexico\/#organization"},"potentialAction":[{"@type":"SearchAction","target":{"@type":"EntryPoint","urlTemplate":"https:\/\/noti-america.com\/site\/mexico\/?s={search_term_string}"},"query-input":{"@type":"PropertyValueSpecification","valueRequired":true,"valueName":"search_term_string"}}],"inLanguage":"es"},{"@type":"Organization","@id":"https:\/\/noti-america.com\/site\/mexico\/#organization","name":"Noti-America LLC | M\u00e9xico","url":"https:\/\/noti-america.com\/site\/mexico\/","logo":{"@type":"ImageObject","inLanguage":"es","@id":"https:\/\/noti-america.com\/site\/mexico\/#\/schema\/logo\/image\/","url":"https:\/\/noti-america.com\/site\/mexico\/wp-content\/uploads\/sites\/13\/2020\/07\/LogoNA-4x3-1.jpg","contentUrl":"https:\/\/noti-america.com\/site\/mexico\/wp-content\/uploads\/sites\/13\/2020\/07\/LogoNA-4x3-1.jpg","width":1236,"height":1080,"caption":"Noti-America LLC | M\u00e9xico"},"image":{"@id":"https:\/\/noti-america.com\/site\/mexico\/#\/schema\/logo\/image\/"}},{"@type":"Person","@id":"https:\/\/noti-america.com\/site\/mexico\/#\/schema\/person\/22806efcc2cfc4b45efb0e17be210ea8","name":"Maria Valentina Noguera Medina","image":{"@type":"ImageObject","inLanguage":"es","@id":"https:\/\/secure.gravatar.com\/avatar\/4ec5eb9d099f2608a49c9df6f7341f66f04f819cdffa09d56a7a0e91d2819d56?s=96&d=mm&r=g","url":"https:\/\/secure.gravatar.com\/avatar\/4ec5eb9d099f2608a49c9df6f7341f66f04f819cdffa09d56a7a0e91d2819d56?s=96&d=mm&r=g","contentUrl":"https:\/\/secure.gravatar.com\/avatar\/4ec5eb9d099f2608a49c9df6f7341f66f04f819cdffa09d56a7a0e91d2819d56?s=96&d=mm&r=g","caption":"Maria Valentina Noguera Medina"},"description":"Periodista - noti-america - Promar Community Manager - Talento Plus Dise\u00f1adora\/ creadora de contenido...","sameAs":["Mar\u00eda Valentina Noguera","https:\/\/www.facebook.com\/mariavalentina.noguera","https:\/\/www.linkedin.com\/in\/mara-valentina-noguera-medina-373075165\/","https:\/\/www.pinterest.es\/valentinanoguera95\/","https:\/\/www.youtube.com\/channel\/UCdek6mbUZ-Tqqw0I63i4nmQ"],"url":"https:\/\/noti-america.com\/site\/mexico\/author\/mnoguera\/"}]}},"_links":{"self":[{"href":"https:\/\/noti-america.com\/site\/mexico\/wp-json\/wp\/v2\/posts\/10129","targetHints":{"allow":["GET"]}}],"collection":[{"href":"https:\/\/noti-america.com\/site\/mexico\/wp-json\/wp\/v2\/posts"}],"about":[{"href":"https:\/\/noti-america.com\/site\/mexico\/wp-json\/wp\/v2\/types\/post"}],"author":[{"embeddable":true,"href":"https:\/\/noti-america.com\/site\/mexico\/wp-json\/wp\/v2\/users\/133"}],"replies":[{"embeddable":true,"href":"https:\/\/noti-america.com\/site\/mexico\/wp-json\/wp\/v2\/comments?post=10129"}],"version-history":[{"count":1,"href":"https:\/\/noti-america.com\/site\/mexico\/wp-json\/wp\/v2\/posts\/10129\/revisions"}],"predecessor-version":[{"id":10131,"href":"https:\/\/noti-america.com\/site\/mexico\/wp-json\/wp\/v2\/posts\/10129\/revisions\/10131"}],"wp:featuredmedia":[{"embeddable":true,"href":"https:\/\/noti-america.com\/site\/mexico\/wp-json\/wp\/v2\/media\/10130"}],"wp:attachment":[{"href":"https:\/\/noti-america.com\/site\/mexico\/wp-json\/wp\/v2\/media?parent=10129"}],"wp:term":[{"taxonomy":"category","embeddable":true,"href":"https:\/\/noti-america.com\/site\/mexico\/wp-json\/wp\/v2\/categories?post=10129"},{"taxonomy":"post_tag","embeddable":true,"href":"https:\/\/noti-america.com\/site\/mexico\/wp-json\/wp\/v2\/tags?post=10129"}],"curies":[{"name":"wp","href":"https:\/\/api.w.org\/{rel}","templated":true}]}}