{"id":10123,"date":"2023-12-19T13:34:57","date_gmt":"2023-12-19T13:34:57","guid":{"rendered":"https:\/\/noti-america.com\/site\/mexico\/?p=10123"},"modified":"2023-12-19T13:34:57","modified_gmt":"2023-12-19T13:34:57","slug":"reportan-presencia-de-subvariante-de-la-covid-19-en-ciudad-mexico","status":"publish","type":"post","link":"https:\/\/noti-america.com\/site\/mexico\/2023\/12\/19\/reportan-presencia-de-subvariante-de-la-covid-19-en-ciudad-mexico\/","title":{"rendered":"Reportan presencia de subvariante de la Covid-19 en Ciudad M\u00e9xico"},"content":{"rendered":"<p>NOTI-AMERICA.COM | M\u00c9XICO \u2013 La Secretar\u00eda de Salud de la Ciudad de M\u00e9xico report\u00f3 el lunes el primer caso confirmado de la subvariente pirola, derivada de la variante \u00f3micron del SARS-CoV-2 en la capital mexicana. Conocida tambi\u00e9n como JN.1, ha sido calificada como de muy f\u00e1cil transmisi\u00f3n, por lo que las autoridades instan a mantener los normas de protecci\u00f3n.<\/p>\n<p>Seg\u00fan Oliva L\u00f3pez Arellano, titular del organismo sanitario, esta subvariante designada de inter\u00e9s por la Organizaci\u00f3n Mundial de la Salud (OMS), realmente no resulta preocupante, pues el cuadro cl\u00ednico suele ser moderado leve, y aunque posee mucha transmisibilidad y evade la respuesta inmune, no evoluciona hacia un cuadro de gravedad.<\/p>\n<p>El caso en cuesti\u00f3n fue detectado desde el pasado 24 de noviembre y apenas se confirm\u00f3 la nueva variante comenz\u00f3 a cobrar importancia la informaci\u00f3n sobre el particular, tomando en cuenta la predisposici\u00f3n a los contagios y afecciones respiratorias durante la temporada invernal.<\/p>\n<p>A pesar de que la subvariante no constituye un peligro mortal para la salud, el doctor Rodrigo Garc\u00eda L\u00f3pez, especialista epidemi\u00f3logo de la Universidad Nacional Aut\u00f3noma de M\u00e9xico, llam\u00f3 la atenci\u00f3n sobre algunos riesgos, como el cuidado hacia las personas vulnerables, tales como menores de edad, ancianos y quienes sufran de comorbilidades.<\/p>\n<p>Algunos de los s\u00edntomas que pueden aparecer tras el contagio con esta nueva variante de la Covid-19 son la afon\u00eda o ronquera, la congesti\u00f3n y los dolores de cabeza, muscular o de garganta, la fiebre, la p\u00e9rdida de olfato y gusto, as\u00ed como la tos seca y persistente acompa\u00f1ados en algunas ocasiones por s\u00edntomas estomacales.<\/p>\n<p>No obstante, se exhort\u00f3 a la poblaci\u00f3n a recurrir al uso del nasobuco en espacios p\u00fablicos, al gel antibacterial y la implementaci\u00f3n de un lavado frecuente de manos, as\u00ed como la ventilaci\u00f3n natural y b\u00fasqueda de atenci\u00f3n m\u00e9dica urgente en caso de padecer alguna infecci\u00f3n respiratoria.<\/p>\n<p>Esta subvariante fue bautizada por recomendaci\u00f3n de J.Weiland, experto epidemi\u00f3logo, en honor a un asteroide de la \u00f3rbita de J\u00fapiter, pensando en la similitud que ten\u00eda este nombre con Pi, el cu\u00e1l pens\u00f3 que ser\u00eda el nombre propuesto por la OMS debido a que se encontraba despu\u00e9s de \u00d3micron en el alfabeto griego.<\/p>\n","protected":false},"excerpt":{"rendered":"<p>NOTI-AMERICA.COM | M\u00c9XICO \u2013 La Secretar\u00eda de Salud de la Ciudad de M\u00e9xico report\u00f3 el lunes el primer caso confirmado de la subvariente pirola, derivada de la variante \u00f3micron del SARS-CoV-2 en la capital&#46;&#46;&#46;<\/p>\n","protected":false},"author":133,"featured_media":10124,"comment_status":"open","ping_status":"open","sticky":false,"template":"","format":"image","meta":{"_acf_changed":false,"om_disable_all_campaigns":false,"rop_custom_images_group":[],"rop_custom_messages_group":[],"rop_publish_now":"initial","rop_publish_now_accounts":{"twitter_242054905_242054905":""},"rop_publish_now_history":[],"rop_publish_now_status":"pending","_uf_show_specific_survey":0,"_uf_disable_surveys":false,"footnotes":""},"categories":[722],"tags":[],"class_list":["post-10123","post","type-post","status-publish","format-image","has-post-thumbnail","hentry","category-actualidad","post_format-post-format-image"],"acf":[],"aioseo_notices":[],"yoast_head":"<!-- This site is optimized with the Yoast SEO Premium plugin v24.9 (Yoast SEO v27.2) - https:\/\/yoast.com\/product\/yoast-seo-premium-wordpress\/ -->\n<title>Reportan presencia de subvariante de la Covid-19 en Ciudad M\u00e9xico - M\u00e9xico<\/title>\n<meta name=\"robots\" content=\"index, follow, max-snippet:-1, max-image-preview:large, max-video-preview:-1\" \/>\n<link rel=\"canonical\" href=\"https:\/\/noti-america.com\/site\/mexico\/2023\/12\/19\/reportan-presencia-de-subvariante-de-la-covid-19-en-ciudad-mexico\/\" \/>\n<meta property=\"og:locale\" content=\"es_ES\" \/>\n<meta property=\"og:type\" content=\"article\" \/>\n<meta property=\"og:title\" content=\"Reportan presencia de subvariante de la Covid-19 en Ciudad M\u00e9xico\" \/>\n<meta property=\"og:description\" content=\"NOTI-AMERICA.COM | M\u00c9XICO \u2013 La Secretar\u00eda de Salud de la Ciudad de M\u00e9xico report\u00f3 el lunes el primer caso confirmado de la subvariente pirola, derivada de la variante \u00f3micron del SARS-CoV-2 en la capital&#046;&#046;&#046;\" \/>\n<meta property=\"og:url\" content=\"https:\/\/noti-america.com\/site\/mexico\/2023\/12\/19\/reportan-presencia-de-subvariante-de-la-covid-19-en-ciudad-mexico\/\" \/>\n<meta property=\"og:site_name\" content=\"M\u00e9xico\" \/>\n<meta property=\"article:author\" content=\"Mar\u00eda Valentina Noguera\" \/>\n<meta property=\"article:published_time\" content=\"2023-12-19T13:34:57+00:00\" \/>\n<meta property=\"og:image\" content=\"https:\/\/noti-america.com\/site\/mexico\/wp-content\/uploads\/sites\/13\/2023\/12\/Personas-pasean-por-CDMX-en-plena-contingencia-por-Covid-19.jpeg\" \/>\n\t<meta property=\"og:image:width\" content=\"768\" \/>\n\t<meta property=\"og:image:height\" content=\"479\" \/>\n\t<meta property=\"og:image:type\" content=\"image\/jpeg\" \/>\n<meta name=\"author\" content=\"Maria Valentina Noguera Medina\" \/>\n<meta name=\"twitter:card\" content=\"summary_large_image\" \/>\n<meta name=\"twitter:label1\" content=\"Escrito por\" \/>\n\t<meta name=\"twitter:data1\" content=\"Maria Valentina Noguera Medina\" \/>\n\t<meta name=\"twitter:label2\" content=\"Tiempo estimado de lectura\" \/>\n\t<meta name=\"twitter:data2\" content=\"2 minutos\" \/>\n<script type=\"application\/ld+json\" class=\"yoast-schema-graph\">{\"@context\":\"https:\/\/schema.org\",\"@graph\":[{\"@type\":\"Article\",\"@id\":\"https:\/\/noti-america.com\/site\/mexico\/2023\/12\/19\/reportan-presencia-de-subvariante-de-la-covid-19-en-ciudad-mexico\/#article\",\"isPartOf\":{\"@id\":\"https:\/\/noti-america.com\/site\/mexico\/2023\/12\/19\/reportan-presencia-de-subvariante-de-la-covid-19-en-ciudad-mexico\/\"},\"author\":{\"name\":\"Maria Valentina Noguera Medina\",\"@id\":\"https:\/\/noti-america.com\/site\/mexico\/#\/schema\/person\/22806efcc2cfc4b45efb0e17be210ea8\"},\"headline\":\"Reportan presencia de subvariante de la Covid-19 en Ciudad M\u00e9xico\",\"datePublished\":\"2023-12-19T13:34:57+00:00\",\"mainEntityOfPage\":{\"@id\":\"https:\/\/noti-america.com\/site\/mexico\/2023\/12\/19\/reportan-presencia-de-subvariante-de-la-covid-19-en-ciudad-mexico\/\"},\"wordCount\":410,\"commentCount\":0,\"publisher\":{\"@id\":\"https:\/\/noti-america.com\/site\/mexico\/#organization\"},\"image\":{\"@id\":\"https:\/\/noti-america.com\/site\/mexico\/2023\/12\/19\/reportan-presencia-de-subvariante-de-la-covid-19-en-ciudad-mexico\/#primaryimage\"},\"thumbnailUrl\":\"https:\/\/noti-america.com\/site\/mexico\/wp-content\/uploads\/sites\/13\/2023\/12\/Personas-pasean-por-CDMX-en-plena-contingencia-por-Covid-19.jpeg\",\"articleSection\":[\"Actualidad\"],\"inLanguage\":\"es\",\"potentialAction\":[{\"@type\":\"CommentAction\",\"name\":\"Comment\",\"target\":[\"https:\/\/noti-america.com\/site\/mexico\/2023\/12\/19\/reportan-presencia-de-subvariante-de-la-covid-19-en-ciudad-mexico\/#respond\"]}]},{\"@type\":\"WebPage\",\"@id\":\"https:\/\/noti-america.com\/site\/mexico\/2023\/12\/19\/reportan-presencia-de-subvariante-de-la-covid-19-en-ciudad-mexico\/\",\"url\":\"https:\/\/noti-america.com\/site\/mexico\/2023\/12\/19\/reportan-presencia-de-subvariante-de-la-covid-19-en-ciudad-mexico\/\",\"name\":\"Reportan presencia de subvariante de la Covid-19 en Ciudad M\u00e9xico - M\u00e9xico\",\"isPartOf\":{\"@id\":\"https:\/\/noti-america.com\/site\/mexico\/#website\"},\"primaryImageOfPage\":{\"@id\":\"https:\/\/noti-america.com\/site\/mexico\/2023\/12\/19\/reportan-presencia-de-subvariante-de-la-covid-19-en-ciudad-mexico\/#primaryimage\"},\"image\":{\"@id\":\"https:\/\/noti-america.com\/site\/mexico\/2023\/12\/19\/reportan-presencia-de-subvariante-de-la-covid-19-en-ciudad-mexico\/#primaryimage\"},\"thumbnailUrl\":\"https:\/\/noti-america.com\/site\/mexico\/wp-content\/uploads\/sites\/13\/2023\/12\/Personas-pasean-por-CDMX-en-plena-contingencia-por-Covid-19.jpeg\",\"datePublished\":\"2023-12-19T13:34:57+00:00\",\"breadcrumb\":{\"@id\":\"https:\/\/noti-america.com\/site\/mexico\/2023\/12\/19\/reportan-presencia-de-subvariante-de-la-covid-19-en-ciudad-mexico\/#breadcrumb\"},\"inLanguage\":\"es\",\"potentialAction\":[{\"@type\":\"ReadAction\",\"target\":[\"https:\/\/noti-america.com\/site\/mexico\/2023\/12\/19\/reportan-presencia-de-subvariante-de-la-covid-19-en-ciudad-mexico\/\"]}]},{\"@type\":\"ImageObject\",\"inLanguage\":\"es\",\"@id\":\"https:\/\/noti-america.com\/site\/mexico\/2023\/12\/19\/reportan-presencia-de-subvariante-de-la-covid-19-en-ciudad-mexico\/#primaryimage\",\"url\":\"https:\/\/noti-america.com\/site\/mexico\/wp-content\/uploads\/sites\/13\/2023\/12\/Personas-pasean-por-CDMX-en-plena-contingencia-por-Covid-19.jpeg\",\"contentUrl\":\"https:\/\/noti-america.com\/site\/mexico\/wp-content\/uploads\/sites\/13\/2023\/12\/Personas-pasean-por-CDMX-en-plena-contingencia-por-Covid-19.jpeg\",\"width\":768,\"height\":479},{\"@type\":\"BreadcrumbList\",\"@id\":\"https:\/\/noti-america.com\/site\/mexico\/2023\/12\/19\/reportan-presencia-de-subvariante-de-la-covid-19-en-ciudad-mexico\/#breadcrumb\",\"itemListElement\":[{\"@type\":\"ListItem\",\"position\":1,\"name\":\"Portada\",\"item\":\"https:\/\/noti-america.com\/site\/mexico\/\"},{\"@type\":\"ListItem\",\"position\":2,\"name\":\"Reportan presencia de subvariante de la Covid-19 en Ciudad M\u00e9xico\"}]},{\"@type\":\"WebSite\",\"@id\":\"https:\/\/noti-america.com\/site\/mexico\/#website\",\"url\":\"https:\/\/noti-america.com\/site\/mexico\/\",\"name\":\"M\u00e9xico | Noti-America.com\",\"description\":\"\",\"publisher\":{\"@id\":\"https:\/\/noti-america.com\/site\/mexico\/#organization\"},\"potentialAction\":[{\"@type\":\"SearchAction\",\"target\":{\"@type\":\"EntryPoint\",\"urlTemplate\":\"https:\/\/noti-america.com\/site\/mexico\/?s={search_term_string}\"},\"query-input\":{\"@type\":\"PropertyValueSpecification\",\"valueRequired\":true,\"valueName\":\"search_term_string\"}}],\"inLanguage\":\"es\"},{\"@type\":\"Organization\",\"@id\":\"https:\/\/noti-america.com\/site\/mexico\/#organization\",\"name\":\"Noti-America LLC | M\u00e9xico\",\"url\":\"https:\/\/noti-america.com\/site\/mexico\/\",\"logo\":{\"@type\":\"ImageObject\",\"inLanguage\":\"es\",\"@id\":\"https:\/\/noti-america.com\/site\/mexico\/#\/schema\/logo\/image\/\",\"url\":\"https:\/\/noti-america.com\/site\/mexico\/wp-content\/uploads\/sites\/13\/2020\/07\/LogoNA-4x3-1.jpg\",\"contentUrl\":\"https:\/\/noti-america.com\/site\/mexico\/wp-content\/uploads\/sites\/13\/2020\/07\/LogoNA-4x3-1.jpg\",\"width\":1236,\"height\":1080,\"caption\":\"Noti-America LLC | M\u00e9xico\"},\"image\":{\"@id\":\"https:\/\/noti-america.com\/site\/mexico\/#\/schema\/logo\/image\/\"}},{\"@type\":\"Person\",\"@id\":\"https:\/\/noti-america.com\/site\/mexico\/#\/schema\/person\/22806efcc2cfc4b45efb0e17be210ea8\",\"name\":\"Maria Valentina Noguera Medina\",\"image\":{\"@type\":\"ImageObject\",\"inLanguage\":\"es\",\"@id\":\"https:\/\/secure.gravatar.com\/avatar\/4ec5eb9d099f2608a49c9df6f7341f66f04f819cdffa09d56a7a0e91d2819d56?s=96&d=mm&r=g\",\"url\":\"https:\/\/secure.gravatar.com\/avatar\/4ec5eb9d099f2608a49c9df6f7341f66f04f819cdffa09d56a7a0e91d2819d56?s=96&d=mm&r=g\",\"contentUrl\":\"https:\/\/secure.gravatar.com\/avatar\/4ec5eb9d099f2608a49c9df6f7341f66f04f819cdffa09d56a7a0e91d2819d56?s=96&d=mm&r=g\",\"caption\":\"Maria Valentina Noguera Medina\"},\"description\":\"Periodista - noti-america - Promar Community Manager - Talento Plus Dise\u00f1adora\/ creadora de contenido...\",\"sameAs\":[\"Mar\u00eda Valentina Noguera\",\"https:\/\/www.facebook.com\/mariavalentina.noguera\",\"https:\/\/www.linkedin.com\/in\/mara-valentina-noguera-medina-373075165\/\",\"https:\/\/www.pinterest.es\/valentinanoguera95\/\",\"https:\/\/www.youtube.com\/channel\/UCdek6mbUZ-Tqqw0I63i4nmQ\"],\"url\":\"https:\/\/noti-america.com\/site\/mexico\/author\/mnoguera\/\"}]}<\/script>\n<!-- \/ Yoast SEO Premium plugin. -->","yoast_head_json":{"title":"Reportan presencia de subvariante de la Covid-19 en Ciudad M\u00e9xico - M\u00e9xico","robots":{"index":"index","follow":"follow","max-snippet":"max-snippet:-1","max-image-preview":"max-image-preview:large","max-video-preview":"max-video-preview:-1"},"canonical":"https:\/\/noti-america.com\/site\/mexico\/2023\/12\/19\/reportan-presencia-de-subvariante-de-la-covid-19-en-ciudad-mexico\/","og_locale":"es_ES","og_type":"article","og_title":"Reportan presencia de subvariante de la Covid-19 en Ciudad M\u00e9xico","og_description":"NOTI-AMERICA.COM | M\u00c9XICO \u2013 La Secretar\u00eda de Salud de la Ciudad de M\u00e9xico report\u00f3 el lunes el primer caso confirmado de la subvariente pirola, derivada de la variante \u00f3micron del SARS-CoV-2 en la capital&#46;&#46;&#46;","og_url":"https:\/\/noti-america.com\/site\/mexico\/2023\/12\/19\/reportan-presencia-de-subvariante-de-la-covid-19-en-ciudad-mexico\/","og_site_name":"M\u00e9xico","article_author":"Mar\u00eda Valentina Noguera","article_published_time":"2023-12-19T13:34:57+00:00","og_image":[{"width":768,"height":479,"url":"https:\/\/noti-america.com\/site\/mexico\/wp-content\/uploads\/sites\/13\/2023\/12\/Personas-pasean-por-CDMX-en-plena-contingencia-por-Covid-19.jpeg","type":"image\/jpeg"}],"author":"Maria Valentina Noguera Medina","twitter_card":"summary_large_image","twitter_misc":{"Escrito por":"Maria Valentina Noguera Medina","Tiempo estimado de lectura":"2 minutos"},"schema":{"@context":"https:\/\/schema.org","@graph":[{"@type":"Article","@id":"https:\/\/noti-america.com\/site\/mexico\/2023\/12\/19\/reportan-presencia-de-subvariante-de-la-covid-19-en-ciudad-mexico\/#article","isPartOf":{"@id":"https:\/\/noti-america.com\/site\/mexico\/2023\/12\/19\/reportan-presencia-de-subvariante-de-la-covid-19-en-ciudad-mexico\/"},"author":{"name":"Maria Valentina Noguera Medina","@id":"https:\/\/noti-america.com\/site\/mexico\/#\/schema\/person\/22806efcc2cfc4b45efb0e17be210ea8"},"headline":"Reportan presencia de subvariante de la Covid-19 en Ciudad M\u00e9xico","datePublished":"2023-12-19T13:34:57+00:00","mainEntityOfPage":{"@id":"https:\/\/noti-america.com\/site\/mexico\/2023\/12\/19\/reportan-presencia-de-subvariante-de-la-covid-19-en-ciudad-mexico\/"},"wordCount":410,"commentCount":0,"publisher":{"@id":"https:\/\/noti-america.com\/site\/mexico\/#organization"},"image":{"@id":"https:\/\/noti-america.com\/site\/mexico\/2023\/12\/19\/reportan-presencia-de-subvariante-de-la-covid-19-en-ciudad-mexico\/#primaryimage"},"thumbnailUrl":"https:\/\/noti-america.com\/site\/mexico\/wp-content\/uploads\/sites\/13\/2023\/12\/Personas-pasean-por-CDMX-en-plena-contingencia-por-Covid-19.jpeg","articleSection":["Actualidad"],"inLanguage":"es","potentialAction":[{"@type":"CommentAction","name":"Comment","target":["https:\/\/noti-america.com\/site\/mexico\/2023\/12\/19\/reportan-presencia-de-subvariante-de-la-covid-19-en-ciudad-mexico\/#respond"]}]},{"@type":"WebPage","@id":"https:\/\/noti-america.com\/site\/mexico\/2023\/12\/19\/reportan-presencia-de-subvariante-de-la-covid-19-en-ciudad-mexico\/","url":"https:\/\/noti-america.com\/site\/mexico\/2023\/12\/19\/reportan-presencia-de-subvariante-de-la-covid-19-en-ciudad-mexico\/","name":"Reportan presencia de subvariante de la Covid-19 en Ciudad M\u00e9xico - M\u00e9xico","isPartOf":{"@id":"https:\/\/noti-america.com\/site\/mexico\/#website"},"primaryImageOfPage":{"@id":"https:\/\/noti-america.com\/site\/mexico\/2023\/12\/19\/reportan-presencia-de-subvariante-de-la-covid-19-en-ciudad-mexico\/#primaryimage"},"image":{"@id":"https:\/\/noti-america.com\/site\/mexico\/2023\/12\/19\/reportan-presencia-de-subvariante-de-la-covid-19-en-ciudad-mexico\/#primaryimage"},"thumbnailUrl":"https:\/\/noti-america.com\/site\/mexico\/wp-content\/uploads\/sites\/13\/2023\/12\/Personas-pasean-por-CDMX-en-plena-contingencia-por-Covid-19.jpeg","datePublished":"2023-12-19T13:34:57+00:00","breadcrumb":{"@id":"https:\/\/noti-america.com\/site\/mexico\/2023\/12\/19\/reportan-presencia-de-subvariante-de-la-covid-19-en-ciudad-mexico\/#breadcrumb"},"inLanguage":"es","potentialAction":[{"@type":"ReadAction","target":["https:\/\/noti-america.com\/site\/mexico\/2023\/12\/19\/reportan-presencia-de-subvariante-de-la-covid-19-en-ciudad-mexico\/"]}]},{"@type":"ImageObject","inLanguage":"es","@id":"https:\/\/noti-america.com\/site\/mexico\/2023\/12\/19\/reportan-presencia-de-subvariante-de-la-covid-19-en-ciudad-mexico\/#primaryimage","url":"https:\/\/noti-america.com\/site\/mexico\/wp-content\/uploads\/sites\/13\/2023\/12\/Personas-pasean-por-CDMX-en-plena-contingencia-por-Covid-19.jpeg","contentUrl":"https:\/\/noti-america.com\/site\/mexico\/wp-content\/uploads\/sites\/13\/2023\/12\/Personas-pasean-por-CDMX-en-plena-contingencia-por-Covid-19.jpeg","width":768,"height":479},{"@type":"BreadcrumbList","@id":"https:\/\/noti-america.com\/site\/mexico\/2023\/12\/19\/reportan-presencia-de-subvariante-de-la-covid-19-en-ciudad-mexico\/#breadcrumb","itemListElement":[{"@type":"ListItem","position":1,"name":"Portada","item":"https:\/\/noti-america.com\/site\/mexico\/"},{"@type":"ListItem","position":2,"name":"Reportan presencia de subvariante de la Covid-19 en Ciudad M\u00e9xico"}]},{"@type":"WebSite","@id":"https:\/\/noti-america.com\/site\/mexico\/#website","url":"https:\/\/noti-america.com\/site\/mexico\/","name":"M\u00e9xico | Noti-America.com","description":"","publisher":{"@id":"https:\/\/noti-america.com\/site\/mexico\/#organization"},"potentialAction":[{"@type":"SearchAction","target":{"@type":"EntryPoint","urlTemplate":"https:\/\/noti-america.com\/site\/mexico\/?s={search_term_string}"},"query-input":{"@type":"PropertyValueSpecification","valueRequired":true,"valueName":"search_term_string"}}],"inLanguage":"es"},{"@type":"Organization","@id":"https:\/\/noti-america.com\/site\/mexico\/#organization","name":"Noti-America LLC | M\u00e9xico","url":"https:\/\/noti-america.com\/site\/mexico\/","logo":{"@type":"ImageObject","inLanguage":"es","@id":"https:\/\/noti-america.com\/site\/mexico\/#\/schema\/logo\/image\/","url":"https:\/\/noti-america.com\/site\/mexico\/wp-content\/uploads\/sites\/13\/2020\/07\/LogoNA-4x3-1.jpg","contentUrl":"https:\/\/noti-america.com\/site\/mexico\/wp-content\/uploads\/sites\/13\/2020\/07\/LogoNA-4x3-1.jpg","width":1236,"height":1080,"caption":"Noti-America LLC | M\u00e9xico"},"image":{"@id":"https:\/\/noti-america.com\/site\/mexico\/#\/schema\/logo\/image\/"}},{"@type":"Person","@id":"https:\/\/noti-america.com\/site\/mexico\/#\/schema\/person\/22806efcc2cfc4b45efb0e17be210ea8","name":"Maria Valentina Noguera Medina","image":{"@type":"ImageObject","inLanguage":"es","@id":"https:\/\/secure.gravatar.com\/avatar\/4ec5eb9d099f2608a49c9df6f7341f66f04f819cdffa09d56a7a0e91d2819d56?s=96&d=mm&r=g","url":"https:\/\/secure.gravatar.com\/avatar\/4ec5eb9d099f2608a49c9df6f7341f66f04f819cdffa09d56a7a0e91d2819d56?s=96&d=mm&r=g","contentUrl":"https:\/\/secure.gravatar.com\/avatar\/4ec5eb9d099f2608a49c9df6f7341f66f04f819cdffa09d56a7a0e91d2819d56?s=96&d=mm&r=g","caption":"Maria Valentina Noguera Medina"},"description":"Periodista - noti-america - Promar Community Manager - Talento Plus Dise\u00f1adora\/ creadora de contenido...","sameAs":["Mar\u00eda Valentina Noguera","https:\/\/www.facebook.com\/mariavalentina.noguera","https:\/\/www.linkedin.com\/in\/mara-valentina-noguera-medina-373075165\/","https:\/\/www.pinterest.es\/valentinanoguera95\/","https:\/\/www.youtube.com\/channel\/UCdek6mbUZ-Tqqw0I63i4nmQ"],"url":"https:\/\/noti-america.com\/site\/mexico\/author\/mnoguera\/"}]}},"_links":{"self":[{"href":"https:\/\/noti-america.com\/site\/mexico\/wp-json\/wp\/v2\/posts\/10123","targetHints":{"allow":["GET"]}}],"collection":[{"href":"https:\/\/noti-america.com\/site\/mexico\/wp-json\/wp\/v2\/posts"}],"about":[{"href":"https:\/\/noti-america.com\/site\/mexico\/wp-json\/wp\/v2\/types\/post"}],"author":[{"embeddable":true,"href":"https:\/\/noti-america.com\/site\/mexico\/wp-json\/wp\/v2\/users\/133"}],"replies":[{"embeddable":true,"href":"https:\/\/noti-america.com\/site\/mexico\/wp-json\/wp\/v2\/comments?post=10123"}],"version-history":[{"count":1,"href":"https:\/\/noti-america.com\/site\/mexico\/wp-json\/wp\/v2\/posts\/10123\/revisions"}],"predecessor-version":[{"id":10125,"href":"https:\/\/noti-america.com\/site\/mexico\/wp-json\/wp\/v2\/posts\/10123\/revisions\/10125"}],"wp:featuredmedia":[{"embeddable":true,"href":"https:\/\/noti-america.com\/site\/mexico\/wp-json\/wp\/v2\/media\/10124"}],"wp:attachment":[{"href":"https:\/\/noti-america.com\/site\/mexico\/wp-json\/wp\/v2\/media?parent=10123"}],"wp:term":[{"taxonomy":"category","embeddable":true,"href":"https:\/\/noti-america.com\/site\/mexico\/wp-json\/wp\/v2\/categories?post=10123"},{"taxonomy":"post_tag","embeddable":true,"href":"https:\/\/noti-america.com\/site\/mexico\/wp-json\/wp\/v2\/tags?post=10123"}],"curies":[{"name":"wp","href":"https:\/\/api.w.org\/{rel}","templated":true}]}}