{"id":10083,"date":"2023-12-14T13:52:52","date_gmt":"2023-12-14T13:52:52","guid":{"rendered":"https:\/\/noti-america.com\/site\/mexico\/?p=10083"},"modified":"2023-12-14T13:52:52","modified_gmt":"2023-12-14T13:52:52","slug":"arriba-a-mexico-jefa-negociadora-del-gobierno-de-colombia","status":"publish","type":"post","link":"https:\/\/noti-america.com\/site\/mexico\/2023\/12\/14\/arriba-a-mexico-jefa-negociadora-del-gobierno-de-colombia\/","title":{"rendered":"Arriba a M\u00e9xico jefa negociadora del Gobierno de Colombia"},"content":{"rendered":"<p>NOTI-AMERICA.COM | M\u00c9XICO \u2013 La representante del Gobierno de Colombia ante la guerrilla del Ej\u00e9rcito de Liberaci\u00f3n Nacional (ELN), Vera Grabe Loewenherz, arrib\u00f3 este mi\u00e9rcoles a Ciudad de M\u00e9xico, capital del pa\u00eds azteca, para ser parte del quinto ciclo de Di\u00e1logos de Paz.<\/p>\n<p>El Ej\u00e9rcito de Liberaci\u00f3n Nacional (ELN), agradeci\u00f3 la presencia de la nueva jefa negociadora del Gobierno colombiano.<\/p>\n<p>\u201cSaludamos la presencia de la nueva jefa de la delegaci\u00f3n del Gobierno de Colombia, Vera Grabe, en el 5 ciclo de conversaciones en Ciudad de M\u00e9xico\u00bb, manifest\u00f3 el ELN en su cuenta de X.<\/p>\n<p>Tambi\u00e9n agreg\u00f3 que \u00abesperamos con su llegada seguir desarrollando la Agenda de Di\u00e1logo acordada, que es la hoja de ruta de esta Mesa\u00bb.<\/p>\n<p>La nueva jefa de la delegaci\u00f3n del Ejecutivo en las conversaciones de paz con el Ej\u00e9rcito de Liberaci\u00f3n Nacional (ELN) fue designada el lunes por el Gobierno de Colombia como sustituta de Jos\u00e9 Otty Pati\u00f1o, quien el pasado 5 de diciembre ocup\u00f3 el cargo de Alto Comisionado de Paz.<\/p>\n<p>Grabe se convirti\u00f3 as\u00ed en la primera mujer en liderar unas conversaciones de paz en el pa\u00eds, y le corresponder\u00e1 asumir la negociaci\u00f3n en los Di\u00e1logos de Paz impulsados hace un a\u00f1o por el Gobierno de Gustavo Petro.<\/p>\n<p>Asimismo, como parte del Di\u00e1logo, ser\u00e1 la contraparte alias Pablo Beltr\u00e1n, l\u00edder negociador de la guerrilla, quien ya se encuentra en Ciudad de M\u00e9xico.<\/p>\n","protected":false},"excerpt":{"rendered":"<p>NOTI-AMERICA.COM | M\u00c9XICO \u2013 La representante del Gobierno de Colombia ante la guerrilla del Ej\u00e9rcito de Liberaci\u00f3n Nacional (ELN), Vera Grabe Loewenherz, arrib\u00f3 este mi\u00e9rcoles a Ciudad de M\u00e9xico, capital del pa\u00eds azteca, para&#46;&#46;&#46;<\/p>\n","protected":false},"author":133,"featured_media":10084,"comment_status":"open","ping_status":"open","sticky":false,"template":"","format":"image","meta":{"_acf_changed":false,"om_disable_all_campaigns":false,"rop_custom_images_group":[],"rop_custom_messages_group":[],"rop_publish_now":"initial","rop_publish_now_accounts":{"twitter_242054905_242054905":""},"rop_publish_now_history":[],"rop_publish_now_status":"pending","_uf_show_specific_survey":0,"_uf_disable_surveys":false,"footnotes":""},"categories":[722],"tags":[],"class_list":["post-10083","post","type-post","status-publish","format-image","has-post-thumbnail","hentry","category-actualidad","post_format-post-format-image"],"acf":[],"aioseo_notices":[],"yoast_head":"<!-- This site is optimized with the Yoast SEO Premium plugin v24.9 (Yoast SEO v27.2) - https:\/\/yoast.com\/product\/yoast-seo-premium-wordpress\/ -->\n<title>Arriba a M\u00e9xico jefa negociadora del Gobierno de Colombia - M\u00e9xico<\/title>\n<meta name=\"robots\" content=\"index, follow, max-snippet:-1, max-image-preview:large, max-video-preview:-1\" \/>\n<link rel=\"canonical\" href=\"https:\/\/noti-america.com\/site\/mexico\/2023\/12\/14\/arriba-a-mexico-jefa-negociadora-del-gobierno-de-colombia\/\" \/>\n<meta property=\"og:locale\" content=\"es_ES\" \/>\n<meta property=\"og:type\" content=\"article\" \/>\n<meta property=\"og:title\" content=\"Arriba a M\u00e9xico jefa negociadora del Gobierno de Colombia\" \/>\n<meta property=\"og:description\" content=\"NOTI-AMERICA.COM | M\u00c9XICO \u2013 La representante del Gobierno de Colombia ante la guerrilla del Ej\u00e9rcito de Liberaci\u00f3n Nacional (ELN), Vera Grabe Loewenherz, arrib\u00f3 este mi\u00e9rcoles a Ciudad de M\u00e9xico, capital del pa\u00eds azteca, para&#046;&#046;&#046;\" \/>\n<meta property=\"og:url\" content=\"https:\/\/noti-america.com\/site\/mexico\/2023\/12\/14\/arriba-a-mexico-jefa-negociadora-del-gobierno-de-colombia\/\" \/>\n<meta property=\"og:site_name\" content=\"M\u00e9xico\" \/>\n<meta property=\"article:author\" content=\"Mar\u00eda Valentina Noguera\" \/>\n<meta property=\"article:published_time\" content=\"2023-12-14T13:52:52+00:00\" \/>\n<meta property=\"og:image\" content=\"https:\/\/noti-america.com\/site\/mexico\/wp-content\/uploads\/sites\/13\/2023\/12\/dialogos.png_1689854195.png\" \/>\n\t<meta property=\"og:image:width\" content=\"600\" \/>\n\t<meta property=\"og:image:height\" content=\"330\" \/>\n\t<meta property=\"og:image:type\" content=\"image\/png\" \/>\n<meta name=\"author\" content=\"Maria Valentina Noguera Medina\" \/>\n<meta name=\"twitter:card\" content=\"summary_large_image\" \/>\n<meta name=\"twitter:label1\" content=\"Escrito por\" \/>\n\t<meta name=\"twitter:data1\" content=\"Maria Valentina Noguera Medina\" \/>\n\t<meta name=\"twitter:label2\" content=\"Tiempo estimado de lectura\" \/>\n\t<meta name=\"twitter:data2\" content=\"2 minutos\" \/>\n<script type=\"application\/ld+json\" class=\"yoast-schema-graph\">{\"@context\":\"https:\/\/schema.org\",\"@graph\":[{\"@type\":\"Article\",\"@id\":\"https:\/\/noti-america.com\/site\/mexico\/2023\/12\/14\/arriba-a-mexico-jefa-negociadora-del-gobierno-de-colombia\/#article\",\"isPartOf\":{\"@id\":\"https:\/\/noti-america.com\/site\/mexico\/2023\/12\/14\/arriba-a-mexico-jefa-negociadora-del-gobierno-de-colombia\/\"},\"author\":{\"name\":\"Maria Valentina Noguera Medina\",\"@id\":\"https:\/\/noti-america.com\/site\/mexico\/#\/schema\/person\/22806efcc2cfc4b45efb0e17be210ea8\"},\"headline\":\"Arriba a M\u00e9xico jefa negociadora del Gobierno de Colombia\",\"datePublished\":\"2023-12-14T13:52:52+00:00\",\"mainEntityOfPage\":{\"@id\":\"https:\/\/noti-america.com\/site\/mexico\/2023\/12\/14\/arriba-a-mexico-jefa-negociadora-del-gobierno-de-colombia\/\"},\"wordCount\":260,\"commentCount\":0,\"publisher\":{\"@id\":\"https:\/\/noti-america.com\/site\/mexico\/#organization\"},\"image\":{\"@id\":\"https:\/\/noti-america.com\/site\/mexico\/2023\/12\/14\/arriba-a-mexico-jefa-negociadora-del-gobierno-de-colombia\/#primaryimage\"},\"thumbnailUrl\":\"https:\/\/noti-america.com\/site\/mexico\/wp-content\/uploads\/sites\/13\/2023\/12\/dialogos.png_1689854195.png\",\"articleSection\":[\"Actualidad\"],\"inLanguage\":\"es\",\"potentialAction\":[{\"@type\":\"CommentAction\",\"name\":\"Comment\",\"target\":[\"https:\/\/noti-america.com\/site\/mexico\/2023\/12\/14\/arriba-a-mexico-jefa-negociadora-del-gobierno-de-colombia\/#respond\"]}]},{\"@type\":\"WebPage\",\"@id\":\"https:\/\/noti-america.com\/site\/mexico\/2023\/12\/14\/arriba-a-mexico-jefa-negociadora-del-gobierno-de-colombia\/\",\"url\":\"https:\/\/noti-america.com\/site\/mexico\/2023\/12\/14\/arriba-a-mexico-jefa-negociadora-del-gobierno-de-colombia\/\",\"name\":\"Arriba a M\u00e9xico jefa negociadora del Gobierno de Colombia - M\u00e9xico\",\"isPartOf\":{\"@id\":\"https:\/\/noti-america.com\/site\/mexico\/#website\"},\"primaryImageOfPage\":{\"@id\":\"https:\/\/noti-america.com\/site\/mexico\/2023\/12\/14\/arriba-a-mexico-jefa-negociadora-del-gobierno-de-colombia\/#primaryimage\"},\"image\":{\"@id\":\"https:\/\/noti-america.com\/site\/mexico\/2023\/12\/14\/arriba-a-mexico-jefa-negociadora-del-gobierno-de-colombia\/#primaryimage\"},\"thumbnailUrl\":\"https:\/\/noti-america.com\/site\/mexico\/wp-content\/uploads\/sites\/13\/2023\/12\/dialogos.png_1689854195.png\",\"datePublished\":\"2023-12-14T13:52:52+00:00\",\"breadcrumb\":{\"@id\":\"https:\/\/noti-america.com\/site\/mexico\/2023\/12\/14\/arriba-a-mexico-jefa-negociadora-del-gobierno-de-colombia\/#breadcrumb\"},\"inLanguage\":\"es\",\"potentialAction\":[{\"@type\":\"ReadAction\",\"target\":[\"https:\/\/noti-america.com\/site\/mexico\/2023\/12\/14\/arriba-a-mexico-jefa-negociadora-del-gobierno-de-colombia\/\"]}]},{\"@type\":\"ImageObject\",\"inLanguage\":\"es\",\"@id\":\"https:\/\/noti-america.com\/site\/mexico\/2023\/12\/14\/arriba-a-mexico-jefa-negociadora-del-gobierno-de-colombia\/#primaryimage\",\"url\":\"https:\/\/noti-america.com\/site\/mexico\/wp-content\/uploads\/sites\/13\/2023\/12\/dialogos.png_1689854195.png\",\"contentUrl\":\"https:\/\/noti-america.com\/site\/mexico\/wp-content\/uploads\/sites\/13\/2023\/12\/dialogos.png_1689854195.png\",\"width\":600,\"height\":330},{\"@type\":\"BreadcrumbList\",\"@id\":\"https:\/\/noti-america.com\/site\/mexico\/2023\/12\/14\/arriba-a-mexico-jefa-negociadora-del-gobierno-de-colombia\/#breadcrumb\",\"itemListElement\":[{\"@type\":\"ListItem\",\"position\":1,\"name\":\"Portada\",\"item\":\"https:\/\/noti-america.com\/site\/mexico\/\"},{\"@type\":\"ListItem\",\"position\":2,\"name\":\"Arriba a M\u00e9xico jefa negociadora del Gobierno de Colombia\"}]},{\"@type\":\"WebSite\",\"@id\":\"https:\/\/noti-america.com\/site\/mexico\/#website\",\"url\":\"https:\/\/noti-america.com\/site\/mexico\/\",\"name\":\"M\u00e9xico | Noti-America.com\",\"description\":\"\",\"publisher\":{\"@id\":\"https:\/\/noti-america.com\/site\/mexico\/#organization\"},\"potentialAction\":[{\"@type\":\"SearchAction\",\"target\":{\"@type\":\"EntryPoint\",\"urlTemplate\":\"https:\/\/noti-america.com\/site\/mexico\/?s={search_term_string}\"},\"query-input\":{\"@type\":\"PropertyValueSpecification\",\"valueRequired\":true,\"valueName\":\"search_term_string\"}}],\"inLanguage\":\"es\"},{\"@type\":\"Organization\",\"@id\":\"https:\/\/noti-america.com\/site\/mexico\/#organization\",\"name\":\"Noti-America LLC | M\u00e9xico\",\"url\":\"https:\/\/noti-america.com\/site\/mexico\/\",\"logo\":{\"@type\":\"ImageObject\",\"inLanguage\":\"es\",\"@id\":\"https:\/\/noti-america.com\/site\/mexico\/#\/schema\/logo\/image\/\",\"url\":\"https:\/\/noti-america.com\/site\/mexico\/wp-content\/uploads\/sites\/13\/2020\/07\/LogoNA-4x3-1.jpg\",\"contentUrl\":\"https:\/\/noti-america.com\/site\/mexico\/wp-content\/uploads\/sites\/13\/2020\/07\/LogoNA-4x3-1.jpg\",\"width\":1236,\"height\":1080,\"caption\":\"Noti-America LLC | M\u00e9xico\"},\"image\":{\"@id\":\"https:\/\/noti-america.com\/site\/mexico\/#\/schema\/logo\/image\/\"}},{\"@type\":\"Person\",\"@id\":\"https:\/\/noti-america.com\/site\/mexico\/#\/schema\/person\/22806efcc2cfc4b45efb0e17be210ea8\",\"name\":\"Maria Valentina Noguera Medina\",\"image\":{\"@type\":\"ImageObject\",\"inLanguage\":\"es\",\"@id\":\"https:\/\/secure.gravatar.com\/avatar\/4ec5eb9d099f2608a49c9df6f7341f66f04f819cdffa09d56a7a0e91d2819d56?s=96&d=mm&r=g\",\"url\":\"https:\/\/secure.gravatar.com\/avatar\/4ec5eb9d099f2608a49c9df6f7341f66f04f819cdffa09d56a7a0e91d2819d56?s=96&d=mm&r=g\",\"contentUrl\":\"https:\/\/secure.gravatar.com\/avatar\/4ec5eb9d099f2608a49c9df6f7341f66f04f819cdffa09d56a7a0e91d2819d56?s=96&d=mm&r=g\",\"caption\":\"Maria Valentina Noguera Medina\"},\"description\":\"Periodista - noti-america - Promar Community Manager - Talento Plus Dise\u00f1adora\/ creadora de contenido...\",\"sameAs\":[\"Mar\u00eda Valentina Noguera\",\"https:\/\/www.facebook.com\/mariavalentina.noguera\",\"https:\/\/www.linkedin.com\/in\/mara-valentina-noguera-medina-373075165\/\",\"https:\/\/www.pinterest.es\/valentinanoguera95\/\",\"https:\/\/www.youtube.com\/channel\/UCdek6mbUZ-Tqqw0I63i4nmQ\"],\"url\":\"https:\/\/noti-america.com\/site\/mexico\/author\/mnoguera\/\"}]}<\/script>\n<!-- \/ Yoast SEO Premium plugin. -->","yoast_head_json":{"title":"Arriba a M\u00e9xico jefa negociadora del Gobierno de Colombia - M\u00e9xico","robots":{"index":"index","follow":"follow","max-snippet":"max-snippet:-1","max-image-preview":"max-image-preview:large","max-video-preview":"max-video-preview:-1"},"canonical":"https:\/\/noti-america.com\/site\/mexico\/2023\/12\/14\/arriba-a-mexico-jefa-negociadora-del-gobierno-de-colombia\/","og_locale":"es_ES","og_type":"article","og_title":"Arriba a M\u00e9xico jefa negociadora del Gobierno de Colombia","og_description":"NOTI-AMERICA.COM | M\u00c9XICO \u2013 La representante del Gobierno de Colombia ante la guerrilla del Ej\u00e9rcito de Liberaci\u00f3n Nacional (ELN), Vera Grabe Loewenherz, arrib\u00f3 este mi\u00e9rcoles a Ciudad de M\u00e9xico, capital del pa\u00eds azteca, para&#46;&#46;&#46;","og_url":"https:\/\/noti-america.com\/site\/mexico\/2023\/12\/14\/arriba-a-mexico-jefa-negociadora-del-gobierno-de-colombia\/","og_site_name":"M\u00e9xico","article_author":"Mar\u00eda Valentina Noguera","article_published_time":"2023-12-14T13:52:52+00:00","og_image":[{"width":600,"height":330,"url":"https:\/\/noti-america.com\/site\/mexico\/wp-content\/uploads\/sites\/13\/2023\/12\/dialogos.png_1689854195.png","type":"image\/png"}],"author":"Maria Valentina Noguera Medina","twitter_card":"summary_large_image","twitter_misc":{"Escrito por":"Maria Valentina Noguera Medina","Tiempo estimado de lectura":"2 minutos"},"schema":{"@context":"https:\/\/schema.org","@graph":[{"@type":"Article","@id":"https:\/\/noti-america.com\/site\/mexico\/2023\/12\/14\/arriba-a-mexico-jefa-negociadora-del-gobierno-de-colombia\/#article","isPartOf":{"@id":"https:\/\/noti-america.com\/site\/mexico\/2023\/12\/14\/arriba-a-mexico-jefa-negociadora-del-gobierno-de-colombia\/"},"author":{"name":"Maria Valentina Noguera Medina","@id":"https:\/\/noti-america.com\/site\/mexico\/#\/schema\/person\/22806efcc2cfc4b45efb0e17be210ea8"},"headline":"Arriba a M\u00e9xico jefa negociadora del Gobierno de Colombia","datePublished":"2023-12-14T13:52:52+00:00","mainEntityOfPage":{"@id":"https:\/\/noti-america.com\/site\/mexico\/2023\/12\/14\/arriba-a-mexico-jefa-negociadora-del-gobierno-de-colombia\/"},"wordCount":260,"commentCount":0,"publisher":{"@id":"https:\/\/noti-america.com\/site\/mexico\/#organization"},"image":{"@id":"https:\/\/noti-america.com\/site\/mexico\/2023\/12\/14\/arriba-a-mexico-jefa-negociadora-del-gobierno-de-colombia\/#primaryimage"},"thumbnailUrl":"https:\/\/noti-america.com\/site\/mexico\/wp-content\/uploads\/sites\/13\/2023\/12\/dialogos.png_1689854195.png","articleSection":["Actualidad"],"inLanguage":"es","potentialAction":[{"@type":"CommentAction","name":"Comment","target":["https:\/\/noti-america.com\/site\/mexico\/2023\/12\/14\/arriba-a-mexico-jefa-negociadora-del-gobierno-de-colombia\/#respond"]}]},{"@type":"WebPage","@id":"https:\/\/noti-america.com\/site\/mexico\/2023\/12\/14\/arriba-a-mexico-jefa-negociadora-del-gobierno-de-colombia\/","url":"https:\/\/noti-america.com\/site\/mexico\/2023\/12\/14\/arriba-a-mexico-jefa-negociadora-del-gobierno-de-colombia\/","name":"Arriba a M\u00e9xico jefa negociadora del Gobierno de Colombia - M\u00e9xico","isPartOf":{"@id":"https:\/\/noti-america.com\/site\/mexico\/#website"},"primaryImageOfPage":{"@id":"https:\/\/noti-america.com\/site\/mexico\/2023\/12\/14\/arriba-a-mexico-jefa-negociadora-del-gobierno-de-colombia\/#primaryimage"},"image":{"@id":"https:\/\/noti-america.com\/site\/mexico\/2023\/12\/14\/arriba-a-mexico-jefa-negociadora-del-gobierno-de-colombia\/#primaryimage"},"thumbnailUrl":"https:\/\/noti-america.com\/site\/mexico\/wp-content\/uploads\/sites\/13\/2023\/12\/dialogos.png_1689854195.png","datePublished":"2023-12-14T13:52:52+00:00","breadcrumb":{"@id":"https:\/\/noti-america.com\/site\/mexico\/2023\/12\/14\/arriba-a-mexico-jefa-negociadora-del-gobierno-de-colombia\/#breadcrumb"},"inLanguage":"es","potentialAction":[{"@type":"ReadAction","target":["https:\/\/noti-america.com\/site\/mexico\/2023\/12\/14\/arriba-a-mexico-jefa-negociadora-del-gobierno-de-colombia\/"]}]},{"@type":"ImageObject","inLanguage":"es","@id":"https:\/\/noti-america.com\/site\/mexico\/2023\/12\/14\/arriba-a-mexico-jefa-negociadora-del-gobierno-de-colombia\/#primaryimage","url":"https:\/\/noti-america.com\/site\/mexico\/wp-content\/uploads\/sites\/13\/2023\/12\/dialogos.png_1689854195.png","contentUrl":"https:\/\/noti-america.com\/site\/mexico\/wp-content\/uploads\/sites\/13\/2023\/12\/dialogos.png_1689854195.png","width":600,"height":330},{"@type":"BreadcrumbList","@id":"https:\/\/noti-america.com\/site\/mexico\/2023\/12\/14\/arriba-a-mexico-jefa-negociadora-del-gobierno-de-colombia\/#breadcrumb","itemListElement":[{"@type":"ListItem","position":1,"name":"Portada","item":"https:\/\/noti-america.com\/site\/mexico\/"},{"@type":"ListItem","position":2,"name":"Arriba a M\u00e9xico jefa negociadora del Gobierno de Colombia"}]},{"@type":"WebSite","@id":"https:\/\/noti-america.com\/site\/mexico\/#website","url":"https:\/\/noti-america.com\/site\/mexico\/","name":"M\u00e9xico | Noti-America.com","description":"","publisher":{"@id":"https:\/\/noti-america.com\/site\/mexico\/#organization"},"potentialAction":[{"@type":"SearchAction","target":{"@type":"EntryPoint","urlTemplate":"https:\/\/noti-america.com\/site\/mexico\/?s={search_term_string}"},"query-input":{"@type":"PropertyValueSpecification","valueRequired":true,"valueName":"search_term_string"}}],"inLanguage":"es"},{"@type":"Organization","@id":"https:\/\/noti-america.com\/site\/mexico\/#organization","name":"Noti-America LLC | M\u00e9xico","url":"https:\/\/noti-america.com\/site\/mexico\/","logo":{"@type":"ImageObject","inLanguage":"es","@id":"https:\/\/noti-america.com\/site\/mexico\/#\/schema\/logo\/image\/","url":"https:\/\/noti-america.com\/site\/mexico\/wp-content\/uploads\/sites\/13\/2020\/07\/LogoNA-4x3-1.jpg","contentUrl":"https:\/\/noti-america.com\/site\/mexico\/wp-content\/uploads\/sites\/13\/2020\/07\/LogoNA-4x3-1.jpg","width":1236,"height":1080,"caption":"Noti-America LLC | M\u00e9xico"},"image":{"@id":"https:\/\/noti-america.com\/site\/mexico\/#\/schema\/logo\/image\/"}},{"@type":"Person","@id":"https:\/\/noti-america.com\/site\/mexico\/#\/schema\/person\/22806efcc2cfc4b45efb0e17be210ea8","name":"Maria Valentina Noguera Medina","image":{"@type":"ImageObject","inLanguage":"es","@id":"https:\/\/secure.gravatar.com\/avatar\/4ec5eb9d099f2608a49c9df6f7341f66f04f819cdffa09d56a7a0e91d2819d56?s=96&d=mm&r=g","url":"https:\/\/secure.gravatar.com\/avatar\/4ec5eb9d099f2608a49c9df6f7341f66f04f819cdffa09d56a7a0e91d2819d56?s=96&d=mm&r=g","contentUrl":"https:\/\/secure.gravatar.com\/avatar\/4ec5eb9d099f2608a49c9df6f7341f66f04f819cdffa09d56a7a0e91d2819d56?s=96&d=mm&r=g","caption":"Maria Valentina Noguera Medina"},"description":"Periodista - noti-america - Promar Community Manager - Talento Plus Dise\u00f1adora\/ creadora de contenido...","sameAs":["Mar\u00eda Valentina Noguera","https:\/\/www.facebook.com\/mariavalentina.noguera","https:\/\/www.linkedin.com\/in\/mara-valentina-noguera-medina-373075165\/","https:\/\/www.pinterest.es\/valentinanoguera95\/","https:\/\/www.youtube.com\/channel\/UCdek6mbUZ-Tqqw0I63i4nmQ"],"url":"https:\/\/noti-america.com\/site\/mexico\/author\/mnoguera\/"}]}},"_links":{"self":[{"href":"https:\/\/noti-america.com\/site\/mexico\/wp-json\/wp\/v2\/posts\/10083","targetHints":{"allow":["GET"]}}],"collection":[{"href":"https:\/\/noti-america.com\/site\/mexico\/wp-json\/wp\/v2\/posts"}],"about":[{"href":"https:\/\/noti-america.com\/site\/mexico\/wp-json\/wp\/v2\/types\/post"}],"author":[{"embeddable":true,"href":"https:\/\/noti-america.com\/site\/mexico\/wp-json\/wp\/v2\/users\/133"}],"replies":[{"embeddable":true,"href":"https:\/\/noti-america.com\/site\/mexico\/wp-json\/wp\/v2\/comments?post=10083"}],"version-history":[{"count":1,"href":"https:\/\/noti-america.com\/site\/mexico\/wp-json\/wp\/v2\/posts\/10083\/revisions"}],"predecessor-version":[{"id":10085,"href":"https:\/\/noti-america.com\/site\/mexico\/wp-json\/wp\/v2\/posts\/10083\/revisions\/10085"}],"wp:featuredmedia":[{"embeddable":true,"href":"https:\/\/noti-america.com\/site\/mexico\/wp-json\/wp\/v2\/media\/10084"}],"wp:attachment":[{"href":"https:\/\/noti-america.com\/site\/mexico\/wp-json\/wp\/v2\/media?parent=10083"}],"wp:term":[{"taxonomy":"category","embeddable":true,"href":"https:\/\/noti-america.com\/site\/mexico\/wp-json\/wp\/v2\/categories?post=10083"},{"taxonomy":"post_tag","embeddable":true,"href":"https:\/\/noti-america.com\/site\/mexico\/wp-json\/wp\/v2\/tags?post=10083"}],"curies":[{"name":"wp","href":"https:\/\/api.w.org\/{rel}","templated":true}]}}