{"id":12517,"date":"2019-05-01T12:31:04","date_gmt":"2019-05-01T12:31:04","guid":{"rendered":"http:\/\/noti-america.com\/site\/us-tn\/?p=12517"},"modified":"2019-05-01T12:31:04","modified_gmt":"2019-05-01T12:31:04","slug":"en-un-giro-imprevisto-de-los-acontecimientos-eeuu-vive-una-escasez-de-trabajadores-poco-cualificados","status":"publish","type":"post","link":"https:\/\/noti-america.com\/site\/georgia\/2019\/05\/01\/en-un-giro-imprevisto-de-los-acontecimientos-eeuu-vive-una-escasez-de-trabajadores-poco-cualificados\/","title":{"rendered":"En un giro imprevisto de los acontecimientos, EEUU vive una escasez de trabajadores\u2026 poco cualificados"},"content":{"rendered":"<div class=\"article-header article-normal-header\">\n<header>\n<h2 style=\"text-align: center;\">Estados Unidos cuenta con una tasa de desempleo actual de. 3.9%. Antes de 2018, esa cifra s\u00f3lo se alcanz\u00f3 en el a\u00f1o 2000, y antes de aquella fecha hay que remontarse a 1969. Actualmente se abren cada mes 7.6 millones de puestos de trabajo, pero\u00a0s\u00f3lo 6.5 millones de personas bucea al mismo tiempo en el mercado laboral. El pa\u00eds sufre una acusada escasez de trabajadores.<\/h2>\n<\/header>\n<\/div>\n<div class=\"article-content-wrapper\">\n<div class=\"article-content-inner\">\n<div class=\"article-header article-normal-header\">\n<header>\n<div class=\"article-normal-header-content\">\n<div class=\"article-asset-big article-asset-image js-post-images-container\"><img decoding=\"async\" class=\"aligncenter\" src=\"https:\/\/i.blogs.es\/0febec\/girl_making_espresso\/450_1000.jpeg\" sizes=\"100vw\" srcset=\"https:\/\/i.blogs.es\/0febec\/girl_making_espresso\/450_1000.jpeg 450w, https:\/\/i.blogs.es\/0febec\/girl_making_espresso\/650_1200.jpeg 650w, https:\/\/i.blogs.es\/0febec\/girl_making_espresso\/1024_2000.jpeg 1024w, https:\/\/i.blogs.es\/0febec\/girl_making_espresso\/1366_2000.jpeg 1366w\" alt=\"En un giro imprevisto de los acontecimientos, EEUU vive una escasez de trabajadores\u2026 poco cualificados \" \/><\/div>\n<\/div>\n<\/header>\n<\/div>\n<\/div>\n<\/div>\n<footer>\n<h5 style=\"text-align: center;\"><em><span style=\"color: #000000;\">Algunos lo explican por el hecho de que m\u00e1s j\u00f3venes se forman en empleos de alta cualificaci\u00f3n mientras que los \u00edndices de retiro laboral de los baby boomers, muchos de ellos tradicional clase trabajadora, son alt\u00edsimos y van a seguir creciendo.<\/span><\/em><\/h5>\n<\/footer>\n<div class=\"article-content-wrapper\">\n<div class=\"article-content-inner\">\n<div class=\"article-content\">\n<div class=\"blob js-post-images-container\">\n<p>&nbsp;<\/p>\n<p>&nbsp;<\/p>\n<p><em><strong>Fuente: https:\/\/magnet.xataka.com \/ Esther Miguel Trula<\/strong><\/em><\/p>\n<hr \/>\n<hr \/>\n<p>&nbsp;<\/p>\n<h3><em><strong>C<\/strong>uello azul gana a cuello blanco:\u00a0esto podr\u00eda sorprender a muchos, pero la realidad es que muchos de los trabajadores que m\u00e1s cuesta encontrar se encuentran precisamente en\u00a0empleos de media y baja cualificaci\u00f3n. Hay escasez de programadores y m\u00e9dicos, pero tambi\u00e9n de asistentes sanitarios, camareros y personal de hotel.\u00a0<\/em><\/h3>\n<p>&nbsp;<\/p>\n<p><span style=\"color: #000000;\">McDonalds ya clama por trabajadores mayores:\u00a0las empresas m\u00e1s afectadas por esta escasez est\u00e1 intensificando su b\u00fasqueda de empleados baratos all\u00e1 donde antes no miraba. Por ejemplo, la ONG\u00a0<a style=\"color: #000000;\" href=\"https:\/\/es.wikipedia.org\/wiki\/AARP\">AARP<\/a>, para trabajadores de m\u00e1s de 50 a\u00f1os, est\u00e1 llegando a\u00a0<a style=\"color: #000000;\" href=\"https:\/\/eu.usatoday.com\/story\/money\/2019\/04\/24\/mcdonalds-wants-hire-older-americans-new-partnership-aarp\/3543170002\/\">multitud de acuerdos con empresas como McDonalds<\/a>\u00a0para buscar trabajadores de esta generaci\u00f3n con necesidades econ\u00f3micas no cubiertas y expulsados en los a\u00f1os de la recesi\u00f3n. Ahora son trabajadores muy valorados para los turnos matutinos, que los j\u00f3venes no cogen por no acomodarse a sus horarios estudiantiles o por simple desinter\u00e9s.<\/span><\/p>\n<div>\n<div>\n<div>\n<div><span style=\"color: #000000;\"><a style=\"color: #000000;\" href=\"https:\/\/magnet.xataka.com\/en-diez-minutos\/que-ha-pasado-poder-adquisitivo-trabajadores-ultimos-50-anos-estas-algunas-teorias\"><img decoding=\"async\" src=\"https:\/\/i.blogs.es\/edd0c4\/ultima\/375_142.jpg\" alt=\"\u00bfQu\u00e9 ha pasado con el poder adquisitivo de los trabajadores en los \u00faltimos 50 a\u00f1os? Estas son algunas teor\u00edas\" \/><\/a><\/span><\/div>\n<div>\n<div><span style=\"color: #000000;\"><a style=\"color: #000000;\" href=\"https:\/\/magnet.xataka.com\/en-diez-minutos\/que-ha-pasado-poder-adquisitivo-trabajadores-ultimos-50-anos-estas-algunas-teorias\">EN MAGNET<\/a><\/span><\/div>\n<p><span style=\"color: #000000;\"><a style=\"color: #000000;\" href=\"https:\/\/magnet.xataka.com\/en-diez-minutos\/que-ha-pasado-poder-adquisitivo-trabajadores-ultimos-50-anos-estas-algunas-teorias\">\u00bfQu\u00e9 ha pasado con el poder adquisitivo de los trabajadores en los \u00faltimos 50 a\u00f1os? Estas son algunas teor\u00edas<\/a><\/span><\/div>\n<\/div>\n<\/div>\n<\/div>\n<p><span style=\"color: #000000;\">Las IA que no te van a quitar el trabajo:\u00a0parte de la sorpresa viene por el discurso oficial. Nos dec\u00edan que los robots incentivar\u00edan la destrucci\u00f3n neta de empleo. La experiencia en \u00e1reas como los cajeros de supermercado, que supuestamente iban a ser reemplazados por cajas autom\u00e1ticas y que\u00a0<a style=\"color: #000000;\" href=\"https:\/\/www.forbes.com\/sites\/paularosenblum\/2017\/05\/26\/this-weeks-retail-false-flag-automation-threatened-job-losses\/\">se han revelado un fracaso<\/a>, contrar\u00edan esta idea.\u00a0<\/span><\/p>\n<p><span style=\"color: #000000;\">Forbes indica otros contratiempos de gran calado:\u00a0<a style=\"color: #000000;\" href=\"https:\/\/www.forbes.com\/sites\/cognitiveworld\/2019\/01\/31\/help-desperately-wanted-the-coming-employee-shortage\/#699cf0ec1751\">por un lado<\/a>, la externalizaci\u00f3n de la producci\u00f3n est\u00e1 llegando a sus l\u00edmites en cuanto a beneficios. Por el otro, la ganancia en \u00edndices de rendimiento de trabajos m\u00e1s especializados, como la robotizaci\u00f3n o el desarrollo en IA, s\u00f3lo dejar\u00e1 margen para una ganancia extra de entre el 1 y el 2% anual, lejos de los ratio de beneficios del 20% t\u00edpicos de los a\u00f1os 80.\u00a0<\/span><\/p>\n<div>\n<div>\n<div>\n<div><span style=\"color: #000000;\"><a style=\"color: #000000;\" href=\"https:\/\/magnet.xataka.com\/en-diez-minutos\/amazon-tiene-gigantesco-problema-horizonte-protestas-laborales-sindicalismo\"><img decoding=\"async\" src=\"https:\/\/i.blogs.es\/9212f2\/amazon-protestas\/375_142.jpg\" alt=\"Amazon tiene un gigantesco problema en el horizonte: las protestas laborales y el sindicalismo\" \/><\/a><\/span><\/div>\n<div>\n<div><span style=\"color: #000000;\"><a style=\"color: #000000;\" href=\"https:\/\/magnet.xataka.com\/en-diez-minutos\/amazon-tiene-gigantesco-problema-horizonte-protestas-laborales-sindicalismo\">EN MAGNET<\/a><\/span><\/div>\n<p><span style=\"color: #000000;\"><a style=\"color: #000000;\" href=\"https:\/\/magnet.xataka.com\/en-diez-minutos\/amazon-tiene-gigantesco-problema-horizonte-protestas-laborales-sindicalismo\">Amazon tiene un gigantesco problema en el horizonte: las protestas laborales y el sindicalismo<\/a><\/span><\/div>\n<\/div>\n<\/div>\n<\/div>\n<p><span style=\"color: #000000;\">Vuelve el poder de negociaci\u00f3n.\u00a0El resumen de todo esto es claro y simple: los trabajadores estadounidenses est\u00e1n en un momento de recuperaci\u00f3n del poder adquisitivo perdido tras los a\u00f1os de la crisis. Mientras el 20% m\u00e1s rico de la poblaci\u00f3n vio crecer su econom\u00eda en un 24% entre 1996 y 2006, el 80% m\u00e1s pobre\u00a0<a style=\"color: #000000;\" href=\"https:\/\/www.vox.com\/2016\/5\/23\/11704246\/wealth-inequality-cartoon\">s\u00f3lo aument\u00f3 su econom\u00eda en un 3%<\/a>. Y eso sin tener en cuenta el enorme aumento de los costes de vida, especialmente en bienes de primera necesidad como la sanidad o la vivienda.<\/span><\/p>\n<p><span style=\"color: #000000;\">\u201cAntiinmigrantes, tenemos que hablar\u201d:\u00a0es el mensaje de medios como\u00a0<a style=\"color: #000000;\" href=\"https:\/\/www.nytimes.com\/interactive\/2018\/02\/01\/business\/economy\/wages-salaries-job-market.html?mtrref=www.google.com\">New York Times<\/a>\u00a0o\u00a0<a style=\"color: #000000;\" href=\"https:\/\/www.bloomberg.com\/news\/articles\/2019-03-06\/america-s-job-market-is-defying-employer-labor-shortage-reports\">Bloomberg<\/a>, entre otros medios preocupados por la competitividad en el sistema. Entre 1953 y 1976, el \u00edndice de fertilidad por familia ha pasado de 4.3 hijos a 1.7. El efecto se hab\u00eda paliado hasta ahora con la inmigraci\u00f3n, pero las nuevas leyes que limitan la expedici\u00f3n de VISAs est\u00e1 bloqueando la llegada de personas que, por un lado, tienen m\u00e1s hijos y evitan el decrecimiento econ\u00f3mico, y, por el otro, ofrecen trabajadores menos cualificados y\u00a0<a style=\"color: #000000;\" href=\"https:\/\/www.vox.com\/2019\/3\/18\/18270916\/labor-shortage-workers-us\">menos dispuestos a luchar por una mayor retribuci\u00f3n<\/a>.<\/span><\/p>\n<\/div>\n<\/div>\n<\/div>\n<\/div>\n","protected":false},"excerpt":{"rendered":"<p>Estados Unidos cuenta con una tasa de desempleo actual de. 3.9%. Antes de 2018, esa cifra s\u00f3lo se alcanz\u00f3 en el a\u00f1o 2000, y antes de aquella fecha hay que remontarse a 1969. Actualmente se abren cada mes 7.6 millones&#8230;<\/p>\n","protected":false},"author":27,"featured_media":12518,"comment_status":"open","ping_status":"open","sticky":false,"template":"","format":"standard","meta":{"footnotes":""},"categories":[32,31,3],"tags":[95,2067],"class_list":["post-12517","post","type-post","status-publish","format-standard","has-post-thumbnail","hentry","category-norteamerica","category-noticias","category-politica","tag-eeuu","tag-escasez-de-trabajadores"],"_links":{"self":[{"href":"https:\/\/noti-america.com\/site\/georgia\/wp-json\/wp\/v2\/posts\/12517","targetHints":{"allow":["GET"]}}],"collection":[{"href":"https:\/\/noti-america.com\/site\/georgia\/wp-json\/wp\/v2\/posts"}],"about":[{"href":"https:\/\/noti-america.com\/site\/georgia\/wp-json\/wp\/v2\/types\/post"}],"author":[{"embeddable":true,"href":"https:\/\/noti-america.com\/site\/georgia\/wp-json\/wp\/v2\/users\/27"}],"replies":[{"embeddable":true,"href":"https:\/\/noti-america.com\/site\/georgia\/wp-json\/wp\/v2\/comments?post=12517"}],"version-history":[{"count":1,"href":"https:\/\/noti-america.com\/site\/georgia\/wp-json\/wp\/v2\/posts\/12517\/revisions"}],"predecessor-version":[{"id":12519,"href":"https:\/\/noti-america.com\/site\/georgia\/wp-json\/wp\/v2\/posts\/12517\/revisions\/12519"}],"wp:featuredmedia":[{"embeddable":true,"href":"https:\/\/noti-america.com\/site\/georgia\/wp-json\/wp\/v2\/media\/12518"}],"wp:attachment":[{"href":"https:\/\/noti-america.com\/site\/georgia\/wp-json\/wp\/v2\/media?parent=12517"}],"wp:term":[{"taxonomy":"category","embeddable":true,"href":"https:\/\/noti-america.com\/site\/georgia\/wp-json\/wp\/v2\/categories?post=12517"},{"taxonomy":"post_tag","embeddable":true,"href":"https:\/\/noti-america.com\/site\/georgia\/wp-json\/wp\/v2\/tags?post=12517"}],"curies":[{"name":"wp","href":"https:\/\/api.w.org\/{rel}","templated":true}]}}