{"id":1251,"date":"2018-02-15T15:11:35","date_gmt":"2018-02-15T15:11:35","guid":{"rendered":"http:\/\/noti-america.com\/site\/us-tn\/?p=1251"},"modified":"2018-02-15T15:28:14","modified_gmt":"2018-02-15T15:28:14","slug":"la-camara-de-comercio-hispana-de-los-estados-unidos-nombra-a-fernand-fernandez-ceo-interino","status":"publish","type":"post","link":"https:\/\/noti-america.com\/site\/georgia\/2018\/02\/15\/la-camara-de-comercio-hispana-de-los-estados-unidos-nombra-a-fernand-fernandez-ceo-interino\/","title":{"rendered":"La C\u00e1mara de Comercio Hispana de los Estados Unidos nombra a Fernand Fern\u00e1ndez CEO interino"},"content":{"rendered":"<div id=\"m_-6622560626175549088divHeadline\">\n<h2><\/h2>\n<h2><\/h2>\n<h2><img decoding=\"async\" id=\"m_-6622560626175549088prnejpge7d3left\" class=\"CToWUd a6T aligncenter\" title=\"Fernand Fernandez\" src=\"https:\/\/ci5.googleusercontent.com\/proxy\/3bEp6mesBYJ5xUzDC5tyCNlL0yjP9GXaTPn2KsYQYJQK_x-Bomezpyx-LLBdG-i7pTDOIQ_5pPtalBpPXqK6AikV-yEOBhhJQVKP_qZOvjOyPXg=s0-d-e1-ft#https:\/\/mma.prnewswire.com\/media\/642487\/Fernand_Fernandez.jpg\" alt=\"Fernand Fernandez\" align=\"middle\" border=\"0\" \/><\/h2>\n<h2 style=\"text-align: center\"><b>Se inicia b\u00fasqueda de CEO permanente<\/b><\/h2>\n<\/div>\n<div id=\"m_-6622560626175549088divBody\">\n<div id=\"m_-6622560626175549088divWide\">\n<p>WASHINGTON &#8211; la Mesa Directiva de la C\u00e1mara de Comercio Hispana de los Estados Unidos ha nombrado a Fernand \u00abFern\u00bb Fernandez director ejecutivo y presidente interino. El Sr. Fernandez, ex Vicepresidente de Global Marketing de American Airlines, recibi\u00f3 el apoyo un\u00e1nime para asumir este puesto de forma interina.<\/p>\n<\/div>\n<p>&nbsp;<\/p>\n<p><strong>Fuente: PRNewswire-HISPANIC PR WIRE\/\u00a015 de febrero de 2018<\/strong><\/p>\n<div id=\"m_-6622560626175549088divWide\">\n<div id=\"m_-6622560626175549088dvprnejpge7d3left\"><\/div>\n<p>\u00abMe siento honrado por esta oportunidad y espero trabajar con el talentoso personal, socios y c\u00e1maras que promueven de manera incansable el desarrollo hispano\u00bb, dijo el\u00a0<b>Sr. Fernandez.<\/b>\u00a0\u00abLa c\u00e1mara (USHCC) est\u00e1 avanzando y tiene la intenci\u00f3n de ser m\u00e1s fuerte que nunca, mientras crea confianza entre nuestros integrantes. Como organizaci\u00f3n seremos inclusivos, transparentes y no toleraremos conducta sexual inapropiada ni malos manejos financieros. La Mesa Directiva y el personal de USHCC se comprometen a fortalecer nuestra asociaci\u00f3n con las c\u00e1maras locales y nuestros miembros, as\u00ed como a promover la unidad en las comunidades a las que servimos\u00bb.<\/p>\n<p>La Mesa Directiva de USHCC tambi\u00e9n ha establecido un Comit\u00e9 de Gobierno que trabajar\u00e1 con el Sr. Fernandez para conducir la b\u00fasqueda nacional de un nuevo Presidente y CEO permanente. \u00abNuestra meta es la de llevar a cabo un proceso transparente y met\u00f3dico para garantizar que el nuevo Presidente y CEO sea representativo de las innumerables empresas y c\u00e1maras locales propiedad de hispanos que integran la USHCC\u00bb, dijo el\u00a0<b>Sr. Fernandez.<\/b><\/p>\n<p>\u00abLa USHCC agradece el extraordinario apoyo que hemos recibido de nuestros miembros y patrocinadores durante esta transici\u00f3n\u00bb, dijo\u00a0<b>Don Salazar, Presidente de la Mesa Directiva.<\/b>Reconocemos la importancia de avanzar r\u00e1pidamente para salvaguardar la credibilidad y la integridad de nuestra organizaci\u00f3n\u00bb.<\/p>\n<p>La C\u00e1mara de Comercio Hispana de EE. UU. Presta servicios a m\u00e1s de 4.4 millones de empresas hispanas y es la voz de la comunidad empresarial hispana.<\/p>\n<\/div>\n<\/div>\n","protected":false},"excerpt":{"rendered":"<p>Se inicia b\u00fasqueda de CEO permanente WASHINGTON &#8211; la Mesa Directiva de la C\u00e1mara de Comercio Hispana de los Estados Unidos ha nombrado a Fernand \u00abFern\u00bb Fernandez director ejecutivo y presidente interino. El Sr. Fernandez, ex Vicepresidente de Global Marketing&#8230;<\/p>\n","protected":false},"author":27,"featured_media":1252,"comment_status":"open","ping_status":"open","sticky":false,"template":"","format":"standard","meta":{"footnotes":""},"categories":[32,38,31],"tags":[],"class_list":["post-1251","post","type-post","status-publish","format-standard","has-post-thumbnail","hentry","category-norteamerica","category-comunidades","category-noticias"],"_links":{"self":[{"href":"https:\/\/noti-america.com\/site\/georgia\/wp-json\/wp\/v2\/posts\/1251","targetHints":{"allow":["GET"]}}],"collection":[{"href":"https:\/\/noti-america.com\/site\/georgia\/wp-json\/wp\/v2\/posts"}],"about":[{"href":"https:\/\/noti-america.com\/site\/georgia\/wp-json\/wp\/v2\/types\/post"}],"author":[{"embeddable":true,"href":"https:\/\/noti-america.com\/site\/georgia\/wp-json\/wp\/v2\/users\/27"}],"replies":[{"embeddable":true,"href":"https:\/\/noti-america.com\/site\/georgia\/wp-json\/wp\/v2\/comments?post=1251"}],"version-history":[{"count":2,"href":"https:\/\/noti-america.com\/site\/georgia\/wp-json\/wp\/v2\/posts\/1251\/revisions"}],"predecessor-version":[{"id":1257,"href":"https:\/\/noti-america.com\/site\/georgia\/wp-json\/wp\/v2\/posts\/1251\/revisions\/1257"}],"wp:featuredmedia":[{"embeddable":true,"href":"https:\/\/noti-america.com\/site\/georgia\/wp-json\/wp\/v2\/media\/1252"}],"wp:attachment":[{"href":"https:\/\/noti-america.com\/site\/georgia\/wp-json\/wp\/v2\/media?parent=1251"}],"wp:term":[{"taxonomy":"category","embeddable":true,"href":"https:\/\/noti-america.com\/site\/georgia\/wp-json\/wp\/v2\/categories?post=1251"},{"taxonomy":"post_tag","embeddable":true,"href":"https:\/\/noti-america.com\/site\/georgia\/wp-json\/wp\/v2\/tags?post=1251"}],"curies":[{"name":"wp","href":"https:\/\/api.w.org\/{rel}","templated":true}]}}