{"id":12506,"date":"2019-05-01T11:29:55","date_gmt":"2019-05-01T11:29:55","guid":{"rendered":"http:\/\/noti-america.com\/site\/us-tn\/?p=12506"},"modified":"2019-05-01T12:57:46","modified_gmt":"2019-05-01T12:57:46","slug":"mexico-insta-a-ee-uu-a-ratificar-el-nuevo-tlcan-tras-aprobar-proyecto-de-ley","status":"publish","type":"post","link":"https:\/\/noti-america.com\/site\/georgia\/2019\/05\/01\/mexico-insta-a-ee-uu-a-ratificar-el-nuevo-tlcan-tras-aprobar-proyecto-de-ley\/","title":{"rendered":"M\u00e9xico insta a EE.UU. a ratificar el nuevo TLCAN tras aprobar proyecto de ley"},"content":{"rendered":"<div class=\"hdr-container\">\n<div class=\"row\">\n<div class=\"col-multimedia col-xs-12 col-md-10 pull-right\">\n<div class=\"cover-media\">\n<div class=\"img-wrap\">\n<h2><span style=\"color: #000000;\">El presidente de M\u00e9xico, Andr\u00e9s Manuel L\u00f3pez Obrador, inst\u00f3 el martes a los legisladores estadounidenses a ratificar un pacto comercial norteamericano renovado un d\u00eda despu\u00e9s de que el Senado mexicano allanara el camino al aprobar un proyecto de ley para fortalecer los derechos de los sindicatos.<\/span><\/h2>\n<div><\/div>\n<div class=\"thumb\"><img decoding=\"async\" class=\" enhanced\" src=\"https:\/\/gdb.voanews.com\/B335823F-56FC-45B4-A161-84B2884C72C2_w1023_r1_s.jpg\" alt=\"El presidente de M\u00e9xico, Andr\u00e9s Manuel L\u00f3pez Obrador dijo que depende de EE.UU. terminar de aprobar el acuerdo de libre comercio.\" \/><\/div>\n<\/div>\n<h5 class=\"media-image js-media-expand js-media-expand--ready\" style=\"text-align: center;\"><em><span style=\"color: #000000;\">El presidente de M\u00e9xico, Andr\u00e9s Manuel L\u00f3pez Obrador dijo que depende de EE.UU. terminar de aprobar el acuerdo de libre comercio.<\/span><\/em><\/h5>\n<\/div>\n<\/div>\n<\/div>\n<\/div>\n<div class=\"body-container\">\n<div class=\"row\">\n<div class=\"col-xs-12 col-sm-12 col-md-10 col-lg-10 pull-right\">\n<div class=\"row\">\n<div class=\"col-xs-12 col-sm-12 col-md-8 col-lg-8 pull-left bottom-offset content-offset\">\n<div id=\"article-content\" class=\"content-floated-wrap fb-quotable\">\n<p>&nbsp;<\/p>\n<div class=\"wsw\">\n<p>&nbsp;<\/p>\n<p><em><strong>Fuente: https:\/\/www.voanoticias.com<\/strong><\/em><\/p>\n<hr \/>\n<hr \/>\n<p>&nbsp;<\/p>\n<h3><em><span style=\"color: #000000;\">Los l\u00edderes de M\u00e9xico, Estados Unidos y Canad\u00e1 firmaron el acuerdo comercial a fines de noviembre despu\u00e9s de una larga negociaci\u00f3n, pero requieren la ratificaci\u00f3n en la legislatura de cada pa\u00eds para que entre en vigencia y reemplace el Tratado de Libre Comercio de Am\u00e9rica del Norte (TLCAN), vigente desde 1994.<\/span><\/em><\/h3>\n<p>&nbsp;<\/p>\n<p>&nbsp;<\/p>\n<h4><span style=\"color: #000000;\">\u00abCuando se aprueba la reforma laboral, se cumplen dos prop\u00f3sitos: el principal es que beneficia a los trabajadores mexicanos &#8230; pero tambi\u00e9n cumple con el compromiso que se hizo con el gobierno de Estados Unidos\u00bb, dijo L\u00f3pez Obrador durante su conferencia de prensa diaria.<\/span><\/h4>\n<div>\n<div data-poster=\"https:\/\/gdb.voanews.com\/59033FB0-498D-48BF-B623-6AC28054DC7D_w250_r1.jpg\">\n<div id=\"sp-1\" data-sp_api=\"pangea-video\" data-persistent=\"\" data-sp_instance_id=\"1\">\n<div data-player_id=\"1\" data-title=\"VOA: Econom\u00eda: Legisladores EE.UU. analizan reemplazo del TLCAN\" data-hide-title=\"False\" data-breakpoint_s=\"320\" data-breakpoint_m=\"640\" data-breakpoint_l=\"992\" data-hlsjs-src=\"\/Scripts\/responsive\/hls.b\">\n<div><span style=\"color: #000000;\"><img decoding=\"async\" title=\"VOA: Econom\u00eda: Legisladores EE.UU. analizan reemplazo del TLCAN\" src=\"https:\/\/gdb.voanews.com\/59033FB0-498D-48BF-B623-6AC28054DC7D_w250_r1.jpg\" alt=\"VOA: Econom\u00eda: Legisladores EE.UU. analizan reemplazo del TLCAN\" \/><\/span><\/div>\n<div><\/div>\n<div>\n<p><span style=\"color: #000000;\"><span title=\"Embed\">EMBED<\/span><span title=\"share\">SHARE<\/span><\/span><\/p>\n<div>\n<h5><span style=\"color: #000000;\"><a style=\"color: #000000;\" title=\"VOA: Econom\u00eda: Legisladores EE.UU. analizan reemplazo del TLCAN\" href=\"https:\/\/www.voanoticias.com\/a\/mexico-insta-a-eeuu-ratificar-nuevo-tlcan-tras-aprobar-proyecto-de-ley\/4827999.html\" target=\"_blank\" rel=\"noopener noreferrer\">VOA: Econom\u00eda: Legisladores EE.UU. analizan reemplazo del TLCAN<\/a><\/span><\/h5>\n<div><span style=\"color: #000000;\"><small>by\u00a0<a style=\"color: #000000;\" title=\"Voz de Am\u00e9rica\" href=\"https:\/\/www.voanoticias.com\/\" target=\"_blank\" rel=\"noopener noreferrer\">Voz de Am\u00e9rica<\/a><\/small><\/span><\/div>\n<\/div>\n<\/div>\n<div>\n<p><span style=\"color: #000000;\"><span title=\"Embed\">EMBED<\/span><span title=\"share\">SHARE<\/span><\/span><\/p>\n<div>\n<div role=\"form\" data-trigger=\"js-btn-embed-overlay\" data-embed-source=\"\/\/www.voanoticias.com\/embed\/player\/0\/4827999.html?type=audio\">\n<div>\n<div>\n<div role=\"tooltip\"><span style=\"color: #000000;\">The code has been copied to your clipboard.<\/span><\/div>\n<div><span style=\"color: #000000;\"><input dir=\"ltr\" name=\"embed_code\" readonly=\"readonly\" type=\"text\" value=\"\" \/><\/span><\/div>\n<\/div>\n<\/div>\n<\/div>\n<div role=\"form\" data-trigger=\"js-btn-sharing-overlay\">\n<div>\n<div>\n<div role=\"tooltip\"><span style=\"color: #000000;\">The URL has been copied to your clipboard<\/span><\/div>\n<div>\n<aside>\n<ul>\n<li><span style=\"color: #000000;\"><a style=\"color: #000000;\" title=\"Comparta en Facebook\" href=\"https:\/\/facebook.com\/sharer.php?u=https%3a%2f%2fwww.voanoticias.com%2fa%2f4827999.html\" target=\"_blank\" rel=\"noopener noreferrer\">Comparta en Facebook<\/a><\/span><\/li>\n<li><span style=\"color: #000000;\"><a style=\"color: #000000;\" title=\"Comparta en Twitter\" href=\"https:\/\/twitter.com\/share?url=https%3a%2f%2fwww.voanoticias.com%2fa%2f4827999.html&amp;text=VOA%3a+Econom%c3%ada%3a+Legisladores+EE.UU.+analizan+reemplazo+del+TLCAN\" target=\"_blank\" rel=\"noopener noreferrer\">Comparta en Twitter<\/a><\/span><\/li>\n<\/ul>\n<\/aside>\n<\/div>\n<hr \/>\n<div><span style=\"color: #000000;\"><input dir=\"ltr\" name=\"share_url\" readonly=\"readonly\" type=\"text\" value=\"https:\/\/www.voanoticias.com\/a\/mexico-insta-a-eeuu-ratificar-nuevo-tlcan-tras-aprobar-proyecto-de-ley\/4827999.html\" \/><\/span><\/div>\n<\/div>\n<\/div>\n<\/div>\n<\/div>\n<\/div>\n<div>\n<div>\n<div><\/div>\n<\/div>\n<\/div>\n<div>\n<div>\n<div>\n<p><span style=\"color: #000000;\">No media source currently available<\/span><\/p>\n<\/div>\n<\/div>\n<\/div>\n<div>\n<div>\n<div><\/div>\n<div><span style=\"color: #000000;\"><span dir=\"ltr\">0:00<\/span><span dir=\"ltr\">1:17<\/span><span dir=\"ltr\"><span dir=\"ltr\">0:00<\/span><\/span><\/span><\/div>\n<div>\n<div>\n<div>\n<div><\/div>\n<\/div>\n<\/div>\n<\/div>\n<\/div>\n<\/div>\n<\/div>\n<\/div>\n<\/div>\n<div>\n<div>\n<p><span style=\"color: #000000;\">Descargar<\/span><\/p>\n<div><\/div>\n<\/div>\n<\/div>\n<p><span style=\"color: #000000;\"><button title=\"Pop-out player\" data-default-display=\"block\" data-popup-url=\"\/pp\/4827999\/ppt0.html\">Pop-out player<\/button><\/span><\/p>\n<\/div>\n<h4><span style=\"color: #000000;\">\u00abAhora depende del gobierno de Estados Unidos, los legisladores de los Estados Unidos, terminar de aprobar el acuerdo de libre comercio\u00bb, agreg\u00f3. \u00abEstamos cumpliendo (nuestras obligaciones) y queremos ese acuerdo de libre comercio con Estados Unidos y Canad\u00e1\u00bb.<\/span><\/h4>\n<h4><span style=\"color: #000000;\">Los legisladores dem\u00f3cratas de Estados Unidos han dicho que el nuevo Acuerdo entre Estados Unidos, M\u00e9xico y Canad\u00e1 (USMCA) debe garantizar que los trabajadores en M\u00e9xico tengan derecho a sindicalizarse, un paso que requiere nuevas leyes laborales.<\/span><\/h4>\n<h4><span style=\"color: #000000;\">La presidenta dem\u00f3crata de la C\u00e1mara de Representantes, Nancy Pelosi, l\u00edder de la C\u00e1mara de Representantes, dijo que los legisladores estadounidenses no deben respaldar ning\u00fan acuerdo para reemplazar el TLCAN a menos que M\u00e9xico apruebe una ley para proteger los derechos laborales.<\/span><\/h4>\n<h4><span style=\"color: #000000;\">El lunes, el Senado mexicano aprob\u00f3 una reforma que consagra el derecho de los trabajadores mexicanos a organizarse y les da m\u00e1s control sobre sus contratos.<\/span><\/h4>\n<h4><span style=\"color: #000000;\">El proyecto de ley, que fue aprobado por la c\u00e1mara baja a principios de abril, alinea a M\u00e9xico con los tratados internacionales, seg\u00fan los legisladores mexicanos. Se espera la firma del presidente para entrar en vigor.<\/span><\/h4>\n<\/div>\n<\/div>\n<\/div>\n<\/div>\n<\/div>\n<\/div>\n<\/div>\n","protected":false},"excerpt":{"rendered":"<p>El presidente de M\u00e9xico, Andr\u00e9s Manuel L\u00f3pez Obrador, inst\u00f3 el martes a los legisladores estadounidenses a ratificar un pacto comercial norteamericano renovado un d\u00eda despu\u00e9s de que el Senado mexicano allanara el camino al aprobar un proyecto de ley para&#8230;<\/p>\n","protected":false},"author":27,"featured_media":12520,"comment_status":"open","ping_status":"open","sticky":false,"template":"","format":"standard","meta":{"footnotes":""},"categories":[32,31,3],"tags":[132,129,130],"class_list":["post-12506","post","type-post","status-publish","format-standard","has-post-thumbnail","hentry","category-norteamerica","category-noticias","category-politica","tag-mexico","tag-tlcan","tag-trump"],"_links":{"self":[{"href":"https:\/\/noti-america.com\/site\/georgia\/wp-json\/wp\/v2\/posts\/12506","targetHints":{"allow":["GET"]}}],"collection":[{"href":"https:\/\/noti-america.com\/site\/georgia\/wp-json\/wp\/v2\/posts"}],"about":[{"href":"https:\/\/noti-america.com\/site\/georgia\/wp-json\/wp\/v2\/types\/post"}],"author":[{"embeddable":true,"href":"https:\/\/noti-america.com\/site\/georgia\/wp-json\/wp\/v2\/users\/27"}],"replies":[{"embeddable":true,"href":"https:\/\/noti-america.com\/site\/georgia\/wp-json\/wp\/v2\/comments?post=12506"}],"version-history":[{"count":1,"href":"https:\/\/noti-america.com\/site\/georgia\/wp-json\/wp\/v2\/posts\/12506\/revisions"}],"predecessor-version":[{"id":12521,"href":"https:\/\/noti-america.com\/site\/georgia\/wp-json\/wp\/v2\/posts\/12506\/revisions\/12521"}],"wp:featuredmedia":[{"embeddable":true,"href":"https:\/\/noti-america.com\/site\/georgia\/wp-json\/wp\/v2\/media\/12520"}],"wp:attachment":[{"href":"https:\/\/noti-america.com\/site\/georgia\/wp-json\/wp\/v2\/media?parent=12506"}],"wp:term":[{"taxonomy":"category","embeddable":true,"href":"https:\/\/noti-america.com\/site\/georgia\/wp-json\/wp\/v2\/categories?post=12506"},{"taxonomy":"post_tag","embeddable":true,"href":"https:\/\/noti-america.com\/site\/georgia\/wp-json\/wp\/v2\/tags?post=12506"}],"curies":[{"name":"wp","href":"https:\/\/api.w.org\/{rel}","templated":true}]}}