{"id":8878,"date":"2024-01-17T11:08:02","date_gmt":"2024-01-17T11:08:02","guid":{"rendered":"https:\/\/noti-america.com\/site\/espana\/2024\/01\/17\/argelia-descongela-sus-relaciones-comerciales-con-espana\/"},"modified":"2024-01-17T11:08:02","modified_gmt":"2024-01-17T11:08:02","slug":"argelia-descongela-sus-relaciones-comerciales-con-espana","status":"publish","type":"post","link":"https:\/\/noti-america.com\/site\/espana\/2024\/01\/17\/argelia-descongela-sus-relaciones-comerciales-con-espana\/","title":{"rendered":"Argelia descongela sus relaciones comerciales con Espa\u00f1a"},"content":{"rendered":"<p><strong>NOTI-AMERICA.COM | ESPA\u00d1A<\/strong><\/p>\n<p>www.atalayar.com<\/p>\n<h1 class=\"title\">Argelia descongela sus relaciones comerciales con Espa\u00f1a<\/h1>\n<p>Tras una disputa que dur\u00f3 m\u00e1s de 19 meses, Argel se reconcilia con Madrid, empezando por el nombramiento de un nuevo embajador. La reanudaci\u00f3n de las relaciones comerciales entre ambos pa\u00edses no se ha hecho esperar<\/p>\n<p><img decoding=\"async\" src=\"https:\/\/www.atalayar.com\/asset\/thumbnail,1280,720,center,center\/media\/atalayar\/images\/2024\/01\/17\/2024011712085936803.jpg\" alt=\"Vista general del puerto comercial de Argel - REUTERS\/RAMZI BOUDINA\" \/><\/p>\n<p style=\"text-align: center;\"><span style=\"font-size: 8pt;\">Vista general del puerto comercial de Argel &#8211; REUTERS\/RAMZI BOUDINA<\/span><\/p>\n<p><a href=\"https:\/\/www.atalayar.com\/author\/hichem-aboud\">Hichem Aboud<\/a><\/p>\n<p><strong>\u201cEl Gobierno espa\u00f1ol ha aprobado el nombramiento de Abdelfetah Daghmoum como embajador de\u00a0<a href=\"https:\/\/www.atalayar.com\/articulo\/politica\/cuando-argel-desea-sabotear-tanger-med\/20240115142729195694.html\" target=\"_blank\" rel=\"noopener\">Argelia<\/a>\u00a0en Espa\u00f1a\u201d<\/strong>, declar\u00f3 el Ministerio de Asuntos Exteriores y de la Comunidad Nacional en el Extranjero en un comunicado recogido por el Servicio de Prensa Argelino (APS) el jueves 16 de noviembre de 2023.<\/p>\n<ol class=\"table-of-contents\">\n<li><a href=\"https:\/\/www.atalayar.com\/articulo\/politica\/argelia-descongela-relaciones-comerciales-espana\/20240117120930195772.html#el-papel-de-la-asociacion-de-bancos-e-instituciones-financieras-abef-nbsp-\">El papel de la Asociaci\u00f3n de Bancos e Instituciones Financieras (ABEF)\u00a0<\/a><\/li>\n<\/ol>\n<p><strong>El nuevo jefe de la representaci\u00f3n diplom\u00e1tica argelina en la capital ib\u00e9rica no es otro que el antiguo n\u00famero 2 de la misma representaci\u00f3n.<\/strong>\u00a0Un diplom\u00e1tico que conoce bien Espa\u00f1a y cuya agenda permitir\u00e1 una r\u00e1pida reconciliaci\u00f3n entre los dos pa\u00edses. Una reconciliaci\u00f3n que s\u00f3lo puede lograrse mediante el deshielo de las relaciones comerciales.<\/p>\n<p>Hay que recordar que tras la retirada del embajador argelino en Madrid en marzo de 2022 en protesta por la adhesi\u00f3n de Espa\u00f1a al plan de autonom\u00eda marroqu\u00ed para el S\u00e1hara Occidental, la antigua colonia espa\u00f1ola,\u00a0<strong>Argel anunci\u00f3 la congelaci\u00f3n de los intercambios comerciales a trav\u00e9s de una oscura asociaci\u00f3n poco conocida hasta entonces, la ABEF. \u00a0<\/strong><\/p>\n<p><img decoding=\"async\" class=\"aligncenter\" src=\"https:\/\/www.atalayar.com\/media\/atalayar\/images\/2024\/01\/17\/2024011712070453967.jpg\" alt=\"ABEF Argelia\" \/><\/p>\n<p style=\"text-align: center;\"><span style=\"font-size: 8pt;\">ABEF Argelia<\/span><\/p>\n<h2 id=\"el-papel-de-la-asociacion-de-bancos-e-instituciones-financieras-abef-nbsp-\">El papel de la Asociaci\u00f3n de Bancos e Instituciones Financieras (ABEF)<\/h2>\n<p><strong>En una nota enviada a bancos y entidades financieras el mi\u00e9rcoles 08 de junio de 2022, la Asociaci\u00f3n de Bancos y Entidades Financieras (ABEF) anunci\u00f3 la congelaci\u00f3n de los adeudos directos por comercio exterior de bienes y servicios con origen y destino en Espa\u00f1a, con efectos a partir del jueves 9 de junio de 2022.\u00a0<\/strong>Esto supone un duro golpe para muchas empresas espa\u00f1olas. El pasado mes de octubre, el Ministerio de Comercio espa\u00f1ol estim\u00f3 que las empresas espa\u00f1olas perder\u00edan 630 millones de euros como consecuencia de la nueva situaci\u00f3n con Argelia.<\/p>\n<p><strong>La econom\u00eda argelina, algunos de cuyos sectores dependen de su asociaci\u00f3n con Espa\u00f1a, tambi\u00e9n se ha visto afectada por esta situaci\u00f3n inicua, que r\u00e1pidamente han notado los ciudadanos argelinos, que han tenido que quejarse de la escasez de ciertos materiales.<\/strong>\u00a0La anestesia dental era uno de los productos que faltaban en el mercado argelino.<\/p>\n<p><strong>Una escasez que provoc\u00f3 un esc\u00e1ndalo.<\/strong>\u00a0A esto se sum\u00f3 la decisi\u00f3n adoptada el mismo d\u00eda por las autoridades argelinas de \u201csuspender\u201d el Tratado de Amistad, Cooperaci\u00f3n y Buena Vecindad entre ambos pa\u00edses. Esta situaci\u00f3n es jur\u00eddicamente problem\u00e1tica desde el punto de vista del Acuerdo de Asociaci\u00f3n entre Argelia y la Uni\u00f3n Europea. Pero en Argel no hay reparos en enfadarse.<\/p>\n<p>Sin embargo,<strong>\u00a0en una nota publicada el 28 de julio, la ABEF rectific\u00f3 la situaci\u00f3n, explicando que \u201ctras una evaluaci\u00f3n del sistema en concertaci\u00f3n con los agentes del comercio exterior afectados, las medidas cautelares ya no son necesarias\u201d.\u00a0<\/strong>Argelia ha levantado ahora un obst\u00e1culo jur\u00eddico, pero esto no significa que las relaciones entre Argel y Madrid hayan vuelto a la \u201cnormalidad\u201d.<\/p>\n<p><strong>Hubo que esperar al nombramiento de un embajador argelino en Madrid para ver una verdadera vuelta a la normalidad.\u00a0<\/strong>\u201cEs una evoluci\u00f3n totalmente l\u00f3gica y previsible, tras la instalaci\u00f3n del embajador argelino en Madrid y la apertura de nuevas rutas de Air Algerie con Espa\u00f1a. Esper\u00e1bamos con impaciencia la descongelaci\u00f3n de los intercambios, que ahora se est\u00e1 produciendo progresivamente\u201d, declar\u00f3 Djamel Bou Abdallah, presidente del Consejo Empresarial Argelino-Espa\u00f1ol, en declaraciones al diario electr\u00f3nico franco-argelino TSA el martes 16 de enero.<\/p>\n","protected":false},"excerpt":{"rendered":"<p>NOTI-AMERICA.COM | ESPA\u00d1A www.atalayar.com Argelia descongela sus relaciones comerciales con Espa\u00f1a Tras una disputa que dur\u00f3 m\u00e1s de 19 meses, Argel se reconcilia con Madrid, empezando por el nombramiento de un nuevo embajador. La&#46;&#46;&#46;<\/p>\n","protected":false},"author":2,"featured_media":8879,"comment_status":"open","ping_status":"open","sticky":false,"template":"","format":"image","meta":{"_acf_changed":false,"om_disable_all_campaigns":false,"rop_custom_images_group":[],"rop_custom_messages_group":[],"rop_publish_now":"initial","rop_publish_now_accounts":[],"rop_publish_now_history":[],"rop_publish_now_status":"pending","_uf_show_specific_survey":0,"_uf_disable_surveys":false,"footnotes":""},"categories":[3],"tags":[],"class_list":["post-8878","post","type-post","status-publish","format-image","has-post-thumbnail","hentry","category-politica","post_format-post-format-image"],"acf":[],"aioseo_notices":[],"yoast_head":"<!-- This site is optimized with the Yoast SEO Premium plugin v24.9 (Yoast SEO v27.2) - https:\/\/yoast.com\/product\/yoast-seo-premium-wordpress\/ -->\n<title>Argelia descongela sus relaciones comerciales con Espa\u00f1a - Espa\u00f1a | Noti-America.com<\/title>\n<meta name=\"robots\" content=\"index, follow, max-snippet:-1, max-image-preview:large, max-video-preview:-1\" \/>\n<link rel=\"canonical\" href=\"https:\/\/noti-america.com\/site\/espana\/2024\/01\/17\/argelia-descongela-sus-relaciones-comerciales-con-espana\/\" \/>\n<meta property=\"og:locale\" content=\"es_ES\" \/>\n<meta property=\"og:type\" content=\"article\" \/>\n<meta property=\"og:title\" content=\"Argelia descongela sus relaciones comerciales con Espa\u00f1a\" \/>\n<meta property=\"og:description\" content=\"NOTI-AMERICA.COM | ESPA\u00d1A www.atalayar.com Argelia descongela sus relaciones comerciales con Espa\u00f1a Tras una disputa que dur\u00f3 m\u00e1s de 19 meses, Argel se reconcilia con Madrid, empezando por el nombramiento de un nuevo embajador. La&#046;&#046;&#046;\" \/>\n<meta property=\"og:url\" content=\"https:\/\/noti-america.com\/site\/espana\/2024\/01\/17\/argelia-descongela-sus-relaciones-comerciales-con-espana\/\" \/>\n<meta property=\"og:site_name\" content=\"Espa\u00f1a | Noti-America.com\" \/>\n<meta property=\"article:published_time\" content=\"2024-01-17T11:08:02+00:00\" \/>\n<meta property=\"og:image\" content=\"https:\/\/noti-america.com\/site\/espana\/wp-content\/uploads\/sites\/25\/2024\/01\/ESPANA-puerto-comerical-de-argel.jpg\" \/>\n\t<meta property=\"og:image:width\" content=\"1200\" \/>\n\t<meta property=\"og:image:height\" content=\"675\" \/>\n\t<meta property=\"og:image:type\" content=\"image\/jpeg\" \/>\n<meta name=\"author\" content=\"rloaiza\" \/>\n<meta name=\"twitter:card\" content=\"summary_large_image\" \/>\n<meta name=\"twitter:creator\" content=\"@notiamerica\" \/>\n<meta name=\"twitter:site\" content=\"@notiamerica\" \/>\n<meta name=\"twitter:label1\" content=\"Escrito por\" \/>\n\t<meta name=\"twitter:data1\" content=\"rloaiza\" \/>\n\t<meta name=\"twitter:label2\" content=\"Tiempo estimado de lectura\" \/>\n\t<meta name=\"twitter:data2\" content=\"3 minutos\" \/>\n<script type=\"application\/ld+json\" class=\"yoast-schema-graph\">{\"@context\":\"https:\/\/schema.org\",\"@graph\":[{\"@type\":\"Article\",\"@id\":\"https:\/\/noti-america.com\/site\/espana\/2024\/01\/17\/argelia-descongela-sus-relaciones-comerciales-con-espana\/#article\",\"isPartOf\":{\"@id\":\"https:\/\/noti-america.com\/site\/espana\/2024\/01\/17\/argelia-descongela-sus-relaciones-comerciales-con-espana\/\"},\"author\":{\"name\":\"rloaiza\",\"@id\":\"https:\/\/noti-america.com\/site\/espana\/#\/schema\/person\/a2e478ba496331ce89bcd0c731cd6533\"},\"headline\":\"Argelia descongela sus relaciones comerciales con Espa\u00f1a\",\"datePublished\":\"2024-01-17T11:08:02+00:00\",\"mainEntityOfPage\":{\"@id\":\"https:\/\/noti-america.com\/site\/espana\/2024\/01\/17\/argelia-descongela-sus-relaciones-comerciales-con-espana\/\"},\"wordCount\":655,\"commentCount\":0,\"publisher\":{\"@id\":\"https:\/\/noti-america.com\/site\/espana\/#organization\"},\"image\":{\"@id\":\"https:\/\/noti-america.com\/site\/espana\/2024\/01\/17\/argelia-descongela-sus-relaciones-comerciales-con-espana\/#primaryimage\"},\"thumbnailUrl\":\"https:\/\/noti-america.com\/site\/espana\/wp-content\/uploads\/sites\/25\/2024\/01\/ESPANA-puerto-comerical-de-argel.jpg\",\"articleSection\":[\"Pol\u00edtica\"],\"inLanguage\":\"es\",\"potentialAction\":[{\"@type\":\"CommentAction\",\"name\":\"Comment\",\"target\":[\"https:\/\/noti-america.com\/site\/espana\/2024\/01\/17\/argelia-descongela-sus-relaciones-comerciales-con-espana\/#respond\"]}]},{\"@type\":\"WebPage\",\"@id\":\"https:\/\/noti-america.com\/site\/espana\/2024\/01\/17\/argelia-descongela-sus-relaciones-comerciales-con-espana\/\",\"url\":\"https:\/\/noti-america.com\/site\/espana\/2024\/01\/17\/argelia-descongela-sus-relaciones-comerciales-con-espana\/\",\"name\":\"Argelia descongela sus relaciones comerciales con Espa\u00f1a - Espa\u00f1a | Noti-America.com\",\"isPartOf\":{\"@id\":\"https:\/\/noti-america.com\/site\/espana\/#website\"},\"primaryImageOfPage\":{\"@id\":\"https:\/\/noti-america.com\/site\/espana\/2024\/01\/17\/argelia-descongela-sus-relaciones-comerciales-con-espana\/#primaryimage\"},\"image\":{\"@id\":\"https:\/\/noti-america.com\/site\/espana\/2024\/01\/17\/argelia-descongela-sus-relaciones-comerciales-con-espana\/#primaryimage\"},\"thumbnailUrl\":\"https:\/\/noti-america.com\/site\/espana\/wp-content\/uploads\/sites\/25\/2024\/01\/ESPANA-puerto-comerical-de-argel.jpg\",\"datePublished\":\"2024-01-17T11:08:02+00:00\",\"breadcrumb\":{\"@id\":\"https:\/\/noti-america.com\/site\/espana\/2024\/01\/17\/argelia-descongela-sus-relaciones-comerciales-con-espana\/#breadcrumb\"},\"inLanguage\":\"es\",\"potentialAction\":[{\"@type\":\"ReadAction\",\"target\":[\"https:\/\/noti-america.com\/site\/espana\/2024\/01\/17\/argelia-descongela-sus-relaciones-comerciales-con-espana\/\"]}]},{\"@type\":\"ImageObject\",\"inLanguage\":\"es\",\"@id\":\"https:\/\/noti-america.com\/site\/espana\/2024\/01\/17\/argelia-descongela-sus-relaciones-comerciales-con-espana\/#primaryimage\",\"url\":\"https:\/\/noti-america.com\/site\/espana\/wp-content\/uploads\/sites\/25\/2024\/01\/ESPANA-puerto-comerical-de-argel.jpg\",\"contentUrl\":\"https:\/\/noti-america.com\/site\/espana\/wp-content\/uploads\/sites\/25\/2024\/01\/ESPANA-puerto-comerical-de-argel.jpg\",\"width\":1200,\"height\":675},{\"@type\":\"BreadcrumbList\",\"@id\":\"https:\/\/noti-america.com\/site\/espana\/2024\/01\/17\/argelia-descongela-sus-relaciones-comerciales-con-espana\/#breadcrumb\",\"itemListElement\":[{\"@type\":\"ListItem\",\"position\":1,\"name\":\"Portada\",\"item\":\"https:\/\/noti-america.com\/site\/espana\/\"},{\"@type\":\"ListItem\",\"position\":2,\"name\":\"Argelia descongela sus relaciones comerciales con Espa\u00f1a\"}]},{\"@type\":\"WebSite\",\"@id\":\"https:\/\/noti-america.com\/site\/espana\/#website\",\"url\":\"https:\/\/noti-america.com\/site\/espana\/\",\"name\":\"Espa\u00f1a | Noti-America.com\",\"description\":\"\",\"publisher\":{\"@id\":\"https:\/\/noti-america.com\/site\/espana\/#organization\"},\"potentialAction\":[{\"@type\":\"SearchAction\",\"target\":{\"@type\":\"EntryPoint\",\"urlTemplate\":\"https:\/\/noti-america.com\/site\/espana\/?s={search_term_string}\"},\"query-input\":{\"@type\":\"PropertyValueSpecification\",\"valueRequired\":true,\"valueName\":\"search_term_string\"}}],\"inLanguage\":\"es\"},{\"@type\":\"Organization\",\"@id\":\"https:\/\/noti-america.com\/site\/espana\/#organization\",\"name\":\"Noti-America LLC | Espa\u00f1a\",\"url\":\"https:\/\/noti-america.com\/site\/espana\/\",\"logo\":{\"@type\":\"ImageObject\",\"inLanguage\":\"es\",\"@id\":\"https:\/\/noti-america.com\/site\/espana\/#\/schema\/logo\/image\/\",\"url\":\"https:\/\/noti-america.com\/site\/espana\/wp-content\/uploads\/sites\/25\/2020\/07\/LogoNA-4x3-1.jpg\",\"contentUrl\":\"https:\/\/noti-america.com\/site\/espana\/wp-content\/uploads\/sites\/25\/2020\/07\/LogoNA-4x3-1.jpg\",\"width\":1236,\"height\":1080,\"caption\":\"Noti-America LLC | Espa\u00f1a\"},\"image\":{\"@id\":\"https:\/\/noti-america.com\/site\/espana\/#\/schema\/logo\/image\/\"},\"sameAs\":[\"https:\/\/x.com\/notiamerica\"]},{\"@type\":\"Person\",\"@id\":\"https:\/\/noti-america.com\/site\/espana\/#\/schema\/person\/a2e478ba496331ce89bcd0c731cd6533\",\"name\":\"rloaiza\",\"image\":{\"@type\":\"ImageObject\",\"inLanguage\":\"es\",\"@id\":\"https:\/\/secure.gravatar.com\/avatar\/190058e5d4427934610b99c45aa7a6558806850adedd53ddeddd194b04773e22?s=96&d=mm&r=g\",\"url\":\"https:\/\/secure.gravatar.com\/avatar\/190058e5d4427934610b99c45aa7a6558806850adedd53ddeddd194b04773e22?s=96&d=mm&r=g\",\"contentUrl\":\"https:\/\/secure.gravatar.com\/avatar\/190058e5d4427934610b99c45aa7a6558806850adedd53ddeddd194b04773e22?s=96&d=mm&r=g\",\"caption\":\"rloaiza\"},\"url\":\"https:\/\/noti-america.com\/site\/espana\/author\/rloaiza\/\"}]}<\/script>\n<!-- \/ Yoast SEO Premium plugin. -->","yoast_head_json":{"title":"Argelia descongela sus relaciones comerciales con Espa\u00f1a - Espa\u00f1a | Noti-America.com","robots":{"index":"index","follow":"follow","max-snippet":"max-snippet:-1","max-image-preview":"max-image-preview:large","max-video-preview":"max-video-preview:-1"},"canonical":"https:\/\/noti-america.com\/site\/espana\/2024\/01\/17\/argelia-descongela-sus-relaciones-comerciales-con-espana\/","og_locale":"es_ES","og_type":"article","og_title":"Argelia descongela sus relaciones comerciales con Espa\u00f1a","og_description":"NOTI-AMERICA.COM | ESPA\u00d1A www.atalayar.com Argelia descongela sus relaciones comerciales con Espa\u00f1a Tras una disputa que dur\u00f3 m\u00e1s de 19 meses, Argel se reconcilia con Madrid, empezando por el nombramiento de un nuevo embajador. La&#46;&#46;&#46;","og_url":"https:\/\/noti-america.com\/site\/espana\/2024\/01\/17\/argelia-descongela-sus-relaciones-comerciales-con-espana\/","og_site_name":"Espa\u00f1a | Noti-America.com","article_published_time":"2024-01-17T11:08:02+00:00","og_image":[{"width":1200,"height":675,"url":"https:\/\/noti-america.com\/site\/espana\/wp-content\/uploads\/sites\/25\/2024\/01\/ESPANA-puerto-comerical-de-argel.jpg","type":"image\/jpeg"}],"author":"rloaiza","twitter_card":"summary_large_image","twitter_creator":"@notiamerica","twitter_site":"@notiamerica","twitter_misc":{"Escrito por":"rloaiza","Tiempo estimado de lectura":"3 minutos"},"schema":{"@context":"https:\/\/schema.org","@graph":[{"@type":"Article","@id":"https:\/\/noti-america.com\/site\/espana\/2024\/01\/17\/argelia-descongela-sus-relaciones-comerciales-con-espana\/#article","isPartOf":{"@id":"https:\/\/noti-america.com\/site\/espana\/2024\/01\/17\/argelia-descongela-sus-relaciones-comerciales-con-espana\/"},"author":{"name":"rloaiza","@id":"https:\/\/noti-america.com\/site\/espana\/#\/schema\/person\/a2e478ba496331ce89bcd0c731cd6533"},"headline":"Argelia descongela sus relaciones comerciales con Espa\u00f1a","datePublished":"2024-01-17T11:08:02+00:00","mainEntityOfPage":{"@id":"https:\/\/noti-america.com\/site\/espana\/2024\/01\/17\/argelia-descongela-sus-relaciones-comerciales-con-espana\/"},"wordCount":655,"commentCount":0,"publisher":{"@id":"https:\/\/noti-america.com\/site\/espana\/#organization"},"image":{"@id":"https:\/\/noti-america.com\/site\/espana\/2024\/01\/17\/argelia-descongela-sus-relaciones-comerciales-con-espana\/#primaryimage"},"thumbnailUrl":"https:\/\/noti-america.com\/site\/espana\/wp-content\/uploads\/sites\/25\/2024\/01\/ESPANA-puerto-comerical-de-argel.jpg","articleSection":["Pol\u00edtica"],"inLanguage":"es","potentialAction":[{"@type":"CommentAction","name":"Comment","target":["https:\/\/noti-america.com\/site\/espana\/2024\/01\/17\/argelia-descongela-sus-relaciones-comerciales-con-espana\/#respond"]}]},{"@type":"WebPage","@id":"https:\/\/noti-america.com\/site\/espana\/2024\/01\/17\/argelia-descongela-sus-relaciones-comerciales-con-espana\/","url":"https:\/\/noti-america.com\/site\/espana\/2024\/01\/17\/argelia-descongela-sus-relaciones-comerciales-con-espana\/","name":"Argelia descongela sus relaciones comerciales con Espa\u00f1a - Espa\u00f1a | Noti-America.com","isPartOf":{"@id":"https:\/\/noti-america.com\/site\/espana\/#website"},"primaryImageOfPage":{"@id":"https:\/\/noti-america.com\/site\/espana\/2024\/01\/17\/argelia-descongela-sus-relaciones-comerciales-con-espana\/#primaryimage"},"image":{"@id":"https:\/\/noti-america.com\/site\/espana\/2024\/01\/17\/argelia-descongela-sus-relaciones-comerciales-con-espana\/#primaryimage"},"thumbnailUrl":"https:\/\/noti-america.com\/site\/espana\/wp-content\/uploads\/sites\/25\/2024\/01\/ESPANA-puerto-comerical-de-argel.jpg","datePublished":"2024-01-17T11:08:02+00:00","breadcrumb":{"@id":"https:\/\/noti-america.com\/site\/espana\/2024\/01\/17\/argelia-descongela-sus-relaciones-comerciales-con-espana\/#breadcrumb"},"inLanguage":"es","potentialAction":[{"@type":"ReadAction","target":["https:\/\/noti-america.com\/site\/espana\/2024\/01\/17\/argelia-descongela-sus-relaciones-comerciales-con-espana\/"]}]},{"@type":"ImageObject","inLanguage":"es","@id":"https:\/\/noti-america.com\/site\/espana\/2024\/01\/17\/argelia-descongela-sus-relaciones-comerciales-con-espana\/#primaryimage","url":"https:\/\/noti-america.com\/site\/espana\/wp-content\/uploads\/sites\/25\/2024\/01\/ESPANA-puerto-comerical-de-argel.jpg","contentUrl":"https:\/\/noti-america.com\/site\/espana\/wp-content\/uploads\/sites\/25\/2024\/01\/ESPANA-puerto-comerical-de-argel.jpg","width":1200,"height":675},{"@type":"BreadcrumbList","@id":"https:\/\/noti-america.com\/site\/espana\/2024\/01\/17\/argelia-descongela-sus-relaciones-comerciales-con-espana\/#breadcrumb","itemListElement":[{"@type":"ListItem","position":1,"name":"Portada","item":"https:\/\/noti-america.com\/site\/espana\/"},{"@type":"ListItem","position":2,"name":"Argelia descongela sus relaciones comerciales con Espa\u00f1a"}]},{"@type":"WebSite","@id":"https:\/\/noti-america.com\/site\/espana\/#website","url":"https:\/\/noti-america.com\/site\/espana\/","name":"Espa\u00f1a | Noti-America.com","description":"","publisher":{"@id":"https:\/\/noti-america.com\/site\/espana\/#organization"},"potentialAction":[{"@type":"SearchAction","target":{"@type":"EntryPoint","urlTemplate":"https:\/\/noti-america.com\/site\/espana\/?s={search_term_string}"},"query-input":{"@type":"PropertyValueSpecification","valueRequired":true,"valueName":"search_term_string"}}],"inLanguage":"es"},{"@type":"Organization","@id":"https:\/\/noti-america.com\/site\/espana\/#organization","name":"Noti-America LLC | Espa\u00f1a","url":"https:\/\/noti-america.com\/site\/espana\/","logo":{"@type":"ImageObject","inLanguage":"es","@id":"https:\/\/noti-america.com\/site\/espana\/#\/schema\/logo\/image\/","url":"https:\/\/noti-america.com\/site\/espana\/wp-content\/uploads\/sites\/25\/2020\/07\/LogoNA-4x3-1.jpg","contentUrl":"https:\/\/noti-america.com\/site\/espana\/wp-content\/uploads\/sites\/25\/2020\/07\/LogoNA-4x3-1.jpg","width":1236,"height":1080,"caption":"Noti-America LLC | Espa\u00f1a"},"image":{"@id":"https:\/\/noti-america.com\/site\/espana\/#\/schema\/logo\/image\/"},"sameAs":["https:\/\/x.com\/notiamerica"]},{"@type":"Person","@id":"https:\/\/noti-america.com\/site\/espana\/#\/schema\/person\/a2e478ba496331ce89bcd0c731cd6533","name":"rloaiza","image":{"@type":"ImageObject","inLanguage":"es","@id":"https:\/\/secure.gravatar.com\/avatar\/190058e5d4427934610b99c45aa7a6558806850adedd53ddeddd194b04773e22?s=96&d=mm&r=g","url":"https:\/\/secure.gravatar.com\/avatar\/190058e5d4427934610b99c45aa7a6558806850adedd53ddeddd194b04773e22?s=96&d=mm&r=g","contentUrl":"https:\/\/secure.gravatar.com\/avatar\/190058e5d4427934610b99c45aa7a6558806850adedd53ddeddd194b04773e22?s=96&d=mm&r=g","caption":"rloaiza"},"url":"https:\/\/noti-america.com\/site\/espana\/author\/rloaiza\/"}]}},"_links":{"self":[{"href":"https:\/\/noti-america.com\/site\/espana\/wp-json\/wp\/v2\/posts\/8878","targetHints":{"allow":["GET"]}}],"collection":[{"href":"https:\/\/noti-america.com\/site\/espana\/wp-json\/wp\/v2\/posts"}],"about":[{"href":"https:\/\/noti-america.com\/site\/espana\/wp-json\/wp\/v2\/types\/post"}],"author":[{"embeddable":true,"href":"https:\/\/noti-america.com\/site\/espana\/wp-json\/wp\/v2\/users\/2"}],"replies":[{"embeddable":true,"href":"https:\/\/noti-america.com\/site\/espana\/wp-json\/wp\/v2\/comments?post=8878"}],"version-history":[{"count":0,"href":"https:\/\/noti-america.com\/site\/espana\/wp-json\/wp\/v2\/posts\/8878\/revisions"}],"wp:featuredmedia":[{"embeddable":true,"href":"https:\/\/noti-america.com\/site\/espana\/wp-json\/wp\/v2\/media\/8879"}],"wp:attachment":[{"href":"https:\/\/noti-america.com\/site\/espana\/wp-json\/wp\/v2\/media?parent=8878"}],"wp:term":[{"taxonomy":"category","embeddable":true,"href":"https:\/\/noti-america.com\/site\/espana\/wp-json\/wp\/v2\/categories?post=8878"},{"taxonomy":"post_tag","embeddable":true,"href":"https:\/\/noti-america.com\/site\/espana\/wp-json\/wp\/v2\/tags?post=8878"}],"curies":[{"name":"wp","href":"https:\/\/api.w.org\/{rel}","templated":true}]}}