{"id":7813,"date":"2022-10-17T21:13:32","date_gmt":"2022-10-17T21:13:32","guid":{"rendered":"https:\/\/noti-america.com\/site\/espana\/2022\/10\/17\/reactivacion-economica-gold-woman-madrid-2\/"},"modified":"2022-10-21T21:41:30","modified_gmt":"2022-10-21T21:41:30","slug":"reactivacion-economica-gold-woman-madrid-2","status":"publish","type":"post","link":"https:\/\/noti-america.com\/site\/espana\/2022\/10\/17\/reactivacion-economica-gold-woman-madrid-2\/","title":{"rendered":"Reactivaci\u00f3n Econ\u00f3mica: Gold Woman Madrid"},"content":{"rendered":"<p><strong>Noti-Am\u00e9rica Espa\u00f1a<\/strong><br \/>\n<strong>Madrid,Espa\u00f1a<\/strong><\/p>\n<p>&nbsp;<\/p>\n<div dir=\"auto\" style=\"text-align: justify\">\n<p>Los d\u00edas 22 y 23 de Octubre, quedan convocadas 6 delegaciones internacionales al evento presencial de reactivaci\u00f3n econ\u00f3mica: \ud835\uddda\ud835\uddfc\ud835\uddf9\ud835\uddf1 \ud835\uddea\ud835\uddfc\ud835\uddfa\ud835\uddee\ud835\uddfb \ud835\udde0\ud835\uddee\ud835\uddf1\ud835\uddff\ud835\uddf6\ud835\uddf1.<\/p>\n<p>Contaremos con la presencia de mujeres de Rep\u00fablica Dominicana, M\u00e9xico, Colombia, Bolivia, y Estados Unidos.<\/p>\n<p>En este evento, 22 mujeres ser\u00e1n reconocidas por su trayectoria profesional y empresarial, en un acto privado en el \ud835\uddf5\ud835\uddfc\ud835\ude01\ud835\uddf2\ud835\uddf9 \ud835\udddc\ud835\uddfb\ud835\ude01\ud835\uddf2\ud835\uddff\ud835\uddf0\ud835\uddfc\ud835\uddfb\ud835\ude01\ud835\uddf6\ud835\uddfb\ud835\uddf2\ud835\uddfb\ud835\ude01\ud835\uddee\ud835\uddf9 \ud835\uddf1\ud835\uddf2 \ud835\udde0\ud835\uddee\ud835\uddf1\ud835\uddff\ud835\uddf6\ud835\uddf1. La fundadora y directora de la comunidad, <strong>Lola Padilla<\/strong>, ser\u00e1 la encargada el s\u00e1bado de recibir a las 50 personas asistentes en la capital, en un almuerzo de negocios.<\/p>\n<p>Haciendo entrega posteriormente esa misma noche de los reconocimientos a las mujeres cuya trayectoria se ha considerado de relevancia.<\/p>\n<p>Gold Woman, es una comunidad con 2 a\u00f1os de trayectoria, 4 eventos destacados internacionalmente, con m\u00e1s de 50 ponentes convocados y m\u00e1s de 100 asistentes en cada uno de ellos. Cuyo objetivo es empoderar a mujeres empresarial, econ\u00f3mica y digitalmente. Facilitando el conocimiento de nuevas posibilidades, negocios digitales, y nuevas formas de desenvolverse en el mundo y en la era digital que vivimos.<\/p>\n<p>Felices de colaborar con la sociedad a trav\u00e9s de la mentor\u00eda, la formaci\u00f3n y eventos como este, nos complace felicitar a todas aquellas mujeres que el s\u00e1bado vivir\u00e1n una experiencia tan especial en una de las mejores capitales europeas.<\/p>\n<p>\u00a1Enhorabuena chicas!<\/p>\n<\/div>\n<div dir=\"auto\">S\u00edguenos @goldwoman.business<\/div>\n","protected":false},"excerpt":{"rendered":"<p>Noti-Am\u00e9rica Espa\u00f1a Madrid,Espa\u00f1a &nbsp; Los d\u00edas 22 y 23 de Octubre, quedan convocadas 6 delegaciones internacionales al evento presencial de reactivaci\u00f3n econ\u00f3mica: \ud835\uddda\ud835\uddfc\ud835\uddf9\ud835\uddf1 \ud835\uddea\ud835\uddfc\ud835\uddfa\ud835\uddee\ud835\uddfb \ud835\udde0\ud835\uddee\ud835\uddf1\ud835\uddff\ud835\uddf6\ud835\uddf1. Contaremos con la presencia de mujeres de Rep\u00fablica Dominicana,&#46;&#46;&#46;<\/p>\n","protected":false},"author":87,"featured_media":7814,"comment_status":"open","ping_status":"open","sticky":false,"template":"","format":"image","meta":{"_acf_changed":false,"om_disable_all_campaigns":false,"rop_custom_images_group":[],"rop_custom_messages_group":[],"rop_publish_now":"initial","rop_publish_now_accounts":[],"rop_publish_now_history":[],"rop_publish_now_status":"pending","_uf_show_specific_survey":0,"_uf_disable_surveys":false,"footnotes":""},"categories":[150,56],"tags":[],"class_list":["post-7813","post","type-post","status-publish","format-image","has-post-thumbnail","hentry","category-empresarios","category-espana","post_format-post-format-image"],"acf":[],"aioseo_notices":[],"yoast_head":"<!-- This site is optimized with the Yoast SEO Premium plugin v24.9 (Yoast SEO v27.2) - https:\/\/yoast.com\/product\/yoast-seo-premium-wordpress\/ -->\n<title>Reactivaci\u00f3n Econ\u00f3mica: Gold Woman Madrid - Espa\u00f1a | Noti-America.com<\/title>\n<meta name=\"robots\" content=\"index, follow, max-snippet:-1, max-image-preview:large, max-video-preview:-1\" \/>\n<link rel=\"canonical\" href=\"https:\/\/noti-america.com\/site\/espana\/2022\/10\/17\/reactivacion-economica-gold-woman-madrid-2\/\" \/>\n<meta property=\"og:locale\" content=\"es_ES\" \/>\n<meta property=\"og:type\" content=\"article\" \/>\n<meta property=\"og:title\" content=\"Reactivaci\u00f3n Econ\u00f3mica: Gold Woman Madrid\" \/>\n<meta property=\"og:description\" content=\"Noti-Am\u00e9rica Espa\u00f1a Madrid,Espa\u00f1a &nbsp; Los d\u00edas 22 y 23 de Octubre, quedan convocadas 6 delegaciones internacionales al evento presencial de reactivaci\u00f3n econ\u00f3mica: \ud835\uddda\ud835\uddfc\ud835\uddf9\ud835\uddf1 \ud835\uddea\ud835\uddfc\ud835\uddfa\ud835\uddee\ud835\uddfb \ud835\udde0\ud835\uddee\ud835\uddf1\ud835\uddff\ud835\uddf6\ud835\uddf1. Contaremos con la presencia de mujeres de Rep\u00fablica Dominicana,&#046;&#046;&#046;\" \/>\n<meta property=\"og:url\" content=\"https:\/\/noti-america.com\/site\/espana\/2022\/10\/17\/reactivacion-economica-gold-woman-madrid-2\/\" \/>\n<meta property=\"og:site_name\" content=\"Espa\u00f1a | Noti-America.com\" \/>\n<meta property=\"article:published_time\" content=\"2022-10-17T21:13:32+00:00\" \/>\n<meta property=\"article:modified_time\" content=\"2022-10-21T21:41:30+00:00\" \/>\n<meta property=\"og:image\" content=\"https:\/\/noti-america.com\/site\/espana\/wp-content\/uploads\/sites\/25\/2022\/10\/IMG-20221016-WA0029.jpg\" \/>\n\t<meta property=\"og:image:width\" content=\"1599\" \/>\n\t<meta property=\"og:image:height\" content=\"899\" \/>\n\t<meta property=\"og:image:type\" content=\"image\/jpeg\" \/>\n<meta name=\"author\" content=\"CAMH\" \/>\n<meta name=\"twitter:card\" content=\"summary_large_image\" \/>\n<meta name=\"twitter:creator\" content=\"@notiamerica\" \/>\n<meta name=\"twitter:site\" content=\"@notiamerica\" \/>\n<meta name=\"twitter:label1\" content=\"Escrito por\" \/>\n\t<meta name=\"twitter:data1\" content=\"CAMH\" \/>\n\t<meta name=\"twitter:label2\" content=\"Tiempo estimado de lectura\" \/>\n\t<meta name=\"twitter:data2\" content=\"1 minuto\" \/>\n<script type=\"application\/ld+json\" class=\"yoast-schema-graph\">{\"@context\":\"https:\/\/schema.org\",\"@graph\":[{\"@type\":\"Article\",\"@id\":\"https:\/\/noti-america.com\/site\/espana\/2022\/10\/17\/reactivacion-economica-gold-woman-madrid-2\/#article\",\"isPartOf\":{\"@id\":\"https:\/\/noti-america.com\/site\/espana\/2022\/10\/17\/reactivacion-economica-gold-woman-madrid-2\/\"},\"author\":{\"name\":\"CAMH\",\"@id\":\"https:\/\/noti-america.com\/site\/espana\/#\/schema\/person\/e13880b4308eea6926b271284605ef72\"},\"headline\":\"Reactivaci\u00f3n Econ\u00f3mica: Gold Woman Madrid\",\"datePublished\":\"2022-10-17T21:13:32+00:00\",\"dateModified\":\"2022-10-21T21:41:30+00:00\",\"mainEntityOfPage\":{\"@id\":\"https:\/\/noti-america.com\/site\/espana\/2022\/10\/17\/reactivacion-economica-gold-woman-madrid-2\/\"},\"wordCount\":230,\"commentCount\":0,\"publisher\":{\"@id\":\"https:\/\/noti-america.com\/site\/espana\/#organization\"},\"image\":{\"@id\":\"https:\/\/noti-america.com\/site\/espana\/2022\/10\/17\/reactivacion-economica-gold-woman-madrid-2\/#primaryimage\"},\"thumbnailUrl\":\"https:\/\/noti-america.com\/site\/espana\/wp-content\/uploads\/sites\/25\/2022\/10\/IMG-20221016-WA0029.jpg\",\"articleSection\":[\"Empresarios\",\"Espa\u00f1a\"],\"inLanguage\":\"es\",\"potentialAction\":[{\"@type\":\"CommentAction\",\"name\":\"Comment\",\"target\":[\"https:\/\/noti-america.com\/site\/espana\/2022\/10\/17\/reactivacion-economica-gold-woman-madrid-2\/#respond\"]}]},{\"@type\":\"WebPage\",\"@id\":\"https:\/\/noti-america.com\/site\/espana\/2022\/10\/17\/reactivacion-economica-gold-woman-madrid-2\/\",\"url\":\"https:\/\/noti-america.com\/site\/espana\/2022\/10\/17\/reactivacion-economica-gold-woman-madrid-2\/\",\"name\":\"Reactivaci\u00f3n Econ\u00f3mica: Gold Woman Madrid - Espa\u00f1a | Noti-America.com\",\"isPartOf\":{\"@id\":\"https:\/\/noti-america.com\/site\/espana\/#website\"},\"primaryImageOfPage\":{\"@id\":\"https:\/\/noti-america.com\/site\/espana\/2022\/10\/17\/reactivacion-economica-gold-woman-madrid-2\/#primaryimage\"},\"image\":{\"@id\":\"https:\/\/noti-america.com\/site\/espana\/2022\/10\/17\/reactivacion-economica-gold-woman-madrid-2\/#primaryimage\"},\"thumbnailUrl\":\"https:\/\/noti-america.com\/site\/espana\/wp-content\/uploads\/sites\/25\/2022\/10\/IMG-20221016-WA0029.jpg\",\"datePublished\":\"2022-10-17T21:13:32+00:00\",\"dateModified\":\"2022-10-21T21:41:30+00:00\",\"breadcrumb\":{\"@id\":\"https:\/\/noti-america.com\/site\/espana\/2022\/10\/17\/reactivacion-economica-gold-woman-madrid-2\/#breadcrumb\"},\"inLanguage\":\"es\",\"potentialAction\":[{\"@type\":\"ReadAction\",\"target\":[\"https:\/\/noti-america.com\/site\/espana\/2022\/10\/17\/reactivacion-economica-gold-woman-madrid-2\/\"]}]},{\"@type\":\"ImageObject\",\"inLanguage\":\"es\",\"@id\":\"https:\/\/noti-america.com\/site\/espana\/2022\/10\/17\/reactivacion-economica-gold-woman-madrid-2\/#primaryimage\",\"url\":\"https:\/\/noti-america.com\/site\/espana\/wp-content\/uploads\/sites\/25\/2022\/10\/IMG-20221016-WA0029.jpg\",\"contentUrl\":\"https:\/\/noti-america.com\/site\/espana\/wp-content\/uploads\/sites\/25\/2022\/10\/IMG-20221016-WA0029.jpg\",\"width\":1599,\"height\":899},{\"@type\":\"BreadcrumbList\",\"@id\":\"https:\/\/noti-america.com\/site\/espana\/2022\/10\/17\/reactivacion-economica-gold-woman-madrid-2\/#breadcrumb\",\"itemListElement\":[{\"@type\":\"ListItem\",\"position\":1,\"name\":\"Portada\",\"item\":\"https:\/\/noti-america.com\/site\/espana\/\"},{\"@type\":\"ListItem\",\"position\":2,\"name\":\"Reactivaci\u00f3n Econ\u00f3mica: Gold Woman Madrid\"}]},{\"@type\":\"WebSite\",\"@id\":\"https:\/\/noti-america.com\/site\/espana\/#website\",\"url\":\"https:\/\/noti-america.com\/site\/espana\/\",\"name\":\"Espa\u00f1a | Noti-America.com\",\"description\":\"\",\"publisher\":{\"@id\":\"https:\/\/noti-america.com\/site\/espana\/#organization\"},\"potentialAction\":[{\"@type\":\"SearchAction\",\"target\":{\"@type\":\"EntryPoint\",\"urlTemplate\":\"https:\/\/noti-america.com\/site\/espana\/?s={search_term_string}\"},\"query-input\":{\"@type\":\"PropertyValueSpecification\",\"valueRequired\":true,\"valueName\":\"search_term_string\"}}],\"inLanguage\":\"es\"},{\"@type\":\"Organization\",\"@id\":\"https:\/\/noti-america.com\/site\/espana\/#organization\",\"name\":\"Noti-America LLC | Espa\u00f1a\",\"url\":\"https:\/\/noti-america.com\/site\/espana\/\",\"logo\":{\"@type\":\"ImageObject\",\"inLanguage\":\"es\",\"@id\":\"https:\/\/noti-america.com\/site\/espana\/#\/schema\/logo\/image\/\",\"url\":\"https:\/\/noti-america.com\/site\/espana\/wp-content\/uploads\/sites\/25\/2020\/07\/LogoNA-4x3-1.jpg\",\"contentUrl\":\"https:\/\/noti-america.com\/site\/espana\/wp-content\/uploads\/sites\/25\/2020\/07\/LogoNA-4x3-1.jpg\",\"width\":1236,\"height\":1080,\"caption\":\"Noti-America LLC | Espa\u00f1a\"},\"image\":{\"@id\":\"https:\/\/noti-america.com\/site\/espana\/#\/schema\/logo\/image\/\"},\"sameAs\":[\"https:\/\/x.com\/notiamerica\"]},{\"@type\":\"Person\",\"@id\":\"https:\/\/noti-america.com\/site\/espana\/#\/schema\/person\/e13880b4308eea6926b271284605ef72\",\"name\":\"CAMH\",\"image\":{\"@type\":\"ImageObject\",\"inLanguage\":\"es\",\"@id\":\"https:\/\/secure.gravatar.com\/avatar\/82aa99c723cbed2b304797bc218a5542b5a94d7f5d0ba3b39650aef53c28ecf5?s=96&d=mm&r=g\",\"url\":\"https:\/\/secure.gravatar.com\/avatar\/82aa99c723cbed2b304797bc218a5542b5a94d7f5d0ba3b39650aef53c28ecf5?s=96&d=mm&r=g\",\"contentUrl\":\"https:\/\/secure.gravatar.com\/avatar\/82aa99c723cbed2b304797bc218a5542b5a94d7f5d0ba3b39650aef53c28ecf5?s=96&d=mm&r=g\",\"caption\":\"CAMH\"},\"url\":\"https:\/\/noti-america.com\/site\/espana\/author\/cmitchell\/\"}]}<\/script>\n<!-- \/ Yoast SEO Premium plugin. -->","yoast_head_json":{"title":"Reactivaci\u00f3n Econ\u00f3mica: Gold Woman Madrid - Espa\u00f1a | Noti-America.com","robots":{"index":"index","follow":"follow","max-snippet":"max-snippet:-1","max-image-preview":"max-image-preview:large","max-video-preview":"max-video-preview:-1"},"canonical":"https:\/\/noti-america.com\/site\/espana\/2022\/10\/17\/reactivacion-economica-gold-woman-madrid-2\/","og_locale":"es_ES","og_type":"article","og_title":"Reactivaci\u00f3n Econ\u00f3mica: Gold Woman Madrid","og_description":"Noti-Am\u00e9rica Espa\u00f1a Madrid,Espa\u00f1a &nbsp; Los d\u00edas 22 y 23 de Octubre, quedan convocadas 6 delegaciones internacionales al evento presencial de reactivaci\u00f3n econ\u00f3mica: \ud835\uddda\ud835\uddfc\ud835\uddf9\ud835\uddf1 \ud835\uddea\ud835\uddfc\ud835\uddfa\ud835\uddee\ud835\uddfb \ud835\udde0\ud835\uddee\ud835\uddf1\ud835\uddff\ud835\uddf6\ud835\uddf1. Contaremos con la presencia de mujeres de Rep\u00fablica Dominicana,&#46;&#46;&#46;","og_url":"https:\/\/noti-america.com\/site\/espana\/2022\/10\/17\/reactivacion-economica-gold-woman-madrid-2\/","og_site_name":"Espa\u00f1a | Noti-America.com","article_published_time":"2022-10-17T21:13:32+00:00","article_modified_time":"2022-10-21T21:41:30+00:00","og_image":[{"width":1599,"height":899,"url":"https:\/\/noti-america.com\/site\/espana\/wp-content\/uploads\/sites\/25\/2022\/10\/IMG-20221016-WA0029.jpg","type":"image\/jpeg"}],"author":"CAMH","twitter_card":"summary_large_image","twitter_creator":"@notiamerica","twitter_site":"@notiamerica","twitter_misc":{"Escrito por":"CAMH","Tiempo estimado de lectura":"1 minuto"},"schema":{"@context":"https:\/\/schema.org","@graph":[{"@type":"Article","@id":"https:\/\/noti-america.com\/site\/espana\/2022\/10\/17\/reactivacion-economica-gold-woman-madrid-2\/#article","isPartOf":{"@id":"https:\/\/noti-america.com\/site\/espana\/2022\/10\/17\/reactivacion-economica-gold-woman-madrid-2\/"},"author":{"name":"CAMH","@id":"https:\/\/noti-america.com\/site\/espana\/#\/schema\/person\/e13880b4308eea6926b271284605ef72"},"headline":"Reactivaci\u00f3n Econ\u00f3mica: Gold Woman Madrid","datePublished":"2022-10-17T21:13:32+00:00","dateModified":"2022-10-21T21:41:30+00:00","mainEntityOfPage":{"@id":"https:\/\/noti-america.com\/site\/espana\/2022\/10\/17\/reactivacion-economica-gold-woman-madrid-2\/"},"wordCount":230,"commentCount":0,"publisher":{"@id":"https:\/\/noti-america.com\/site\/espana\/#organization"},"image":{"@id":"https:\/\/noti-america.com\/site\/espana\/2022\/10\/17\/reactivacion-economica-gold-woman-madrid-2\/#primaryimage"},"thumbnailUrl":"https:\/\/noti-america.com\/site\/espana\/wp-content\/uploads\/sites\/25\/2022\/10\/IMG-20221016-WA0029.jpg","articleSection":["Empresarios","Espa\u00f1a"],"inLanguage":"es","potentialAction":[{"@type":"CommentAction","name":"Comment","target":["https:\/\/noti-america.com\/site\/espana\/2022\/10\/17\/reactivacion-economica-gold-woman-madrid-2\/#respond"]}]},{"@type":"WebPage","@id":"https:\/\/noti-america.com\/site\/espana\/2022\/10\/17\/reactivacion-economica-gold-woman-madrid-2\/","url":"https:\/\/noti-america.com\/site\/espana\/2022\/10\/17\/reactivacion-economica-gold-woman-madrid-2\/","name":"Reactivaci\u00f3n Econ\u00f3mica: Gold Woman Madrid - Espa\u00f1a | Noti-America.com","isPartOf":{"@id":"https:\/\/noti-america.com\/site\/espana\/#website"},"primaryImageOfPage":{"@id":"https:\/\/noti-america.com\/site\/espana\/2022\/10\/17\/reactivacion-economica-gold-woman-madrid-2\/#primaryimage"},"image":{"@id":"https:\/\/noti-america.com\/site\/espana\/2022\/10\/17\/reactivacion-economica-gold-woman-madrid-2\/#primaryimage"},"thumbnailUrl":"https:\/\/noti-america.com\/site\/espana\/wp-content\/uploads\/sites\/25\/2022\/10\/IMG-20221016-WA0029.jpg","datePublished":"2022-10-17T21:13:32+00:00","dateModified":"2022-10-21T21:41:30+00:00","breadcrumb":{"@id":"https:\/\/noti-america.com\/site\/espana\/2022\/10\/17\/reactivacion-economica-gold-woman-madrid-2\/#breadcrumb"},"inLanguage":"es","potentialAction":[{"@type":"ReadAction","target":["https:\/\/noti-america.com\/site\/espana\/2022\/10\/17\/reactivacion-economica-gold-woman-madrid-2\/"]}]},{"@type":"ImageObject","inLanguage":"es","@id":"https:\/\/noti-america.com\/site\/espana\/2022\/10\/17\/reactivacion-economica-gold-woman-madrid-2\/#primaryimage","url":"https:\/\/noti-america.com\/site\/espana\/wp-content\/uploads\/sites\/25\/2022\/10\/IMG-20221016-WA0029.jpg","contentUrl":"https:\/\/noti-america.com\/site\/espana\/wp-content\/uploads\/sites\/25\/2022\/10\/IMG-20221016-WA0029.jpg","width":1599,"height":899},{"@type":"BreadcrumbList","@id":"https:\/\/noti-america.com\/site\/espana\/2022\/10\/17\/reactivacion-economica-gold-woman-madrid-2\/#breadcrumb","itemListElement":[{"@type":"ListItem","position":1,"name":"Portada","item":"https:\/\/noti-america.com\/site\/espana\/"},{"@type":"ListItem","position":2,"name":"Reactivaci\u00f3n Econ\u00f3mica: Gold Woman Madrid"}]},{"@type":"WebSite","@id":"https:\/\/noti-america.com\/site\/espana\/#website","url":"https:\/\/noti-america.com\/site\/espana\/","name":"Espa\u00f1a | Noti-America.com","description":"","publisher":{"@id":"https:\/\/noti-america.com\/site\/espana\/#organization"},"potentialAction":[{"@type":"SearchAction","target":{"@type":"EntryPoint","urlTemplate":"https:\/\/noti-america.com\/site\/espana\/?s={search_term_string}"},"query-input":{"@type":"PropertyValueSpecification","valueRequired":true,"valueName":"search_term_string"}}],"inLanguage":"es"},{"@type":"Organization","@id":"https:\/\/noti-america.com\/site\/espana\/#organization","name":"Noti-America LLC | Espa\u00f1a","url":"https:\/\/noti-america.com\/site\/espana\/","logo":{"@type":"ImageObject","inLanguage":"es","@id":"https:\/\/noti-america.com\/site\/espana\/#\/schema\/logo\/image\/","url":"https:\/\/noti-america.com\/site\/espana\/wp-content\/uploads\/sites\/25\/2020\/07\/LogoNA-4x3-1.jpg","contentUrl":"https:\/\/noti-america.com\/site\/espana\/wp-content\/uploads\/sites\/25\/2020\/07\/LogoNA-4x3-1.jpg","width":1236,"height":1080,"caption":"Noti-America LLC | Espa\u00f1a"},"image":{"@id":"https:\/\/noti-america.com\/site\/espana\/#\/schema\/logo\/image\/"},"sameAs":["https:\/\/x.com\/notiamerica"]},{"@type":"Person","@id":"https:\/\/noti-america.com\/site\/espana\/#\/schema\/person\/e13880b4308eea6926b271284605ef72","name":"CAMH","image":{"@type":"ImageObject","inLanguage":"es","@id":"https:\/\/secure.gravatar.com\/avatar\/82aa99c723cbed2b304797bc218a5542b5a94d7f5d0ba3b39650aef53c28ecf5?s=96&d=mm&r=g","url":"https:\/\/secure.gravatar.com\/avatar\/82aa99c723cbed2b304797bc218a5542b5a94d7f5d0ba3b39650aef53c28ecf5?s=96&d=mm&r=g","contentUrl":"https:\/\/secure.gravatar.com\/avatar\/82aa99c723cbed2b304797bc218a5542b5a94d7f5d0ba3b39650aef53c28ecf5?s=96&d=mm&r=g","caption":"CAMH"},"url":"https:\/\/noti-america.com\/site\/espana\/author\/cmitchell\/"}]}},"_links":{"self":[{"href":"https:\/\/noti-america.com\/site\/espana\/wp-json\/wp\/v2\/posts\/7813","targetHints":{"allow":["GET"]}}],"collection":[{"href":"https:\/\/noti-america.com\/site\/espana\/wp-json\/wp\/v2\/posts"}],"about":[{"href":"https:\/\/noti-america.com\/site\/espana\/wp-json\/wp\/v2\/types\/post"}],"author":[{"embeddable":true,"href":"https:\/\/noti-america.com\/site\/espana\/wp-json\/wp\/v2\/users\/87"}],"replies":[{"embeddable":true,"href":"https:\/\/noti-america.com\/site\/espana\/wp-json\/wp\/v2\/comments?post=7813"}],"version-history":[{"count":5,"href":"https:\/\/noti-america.com\/site\/espana\/wp-json\/wp\/v2\/posts\/7813\/revisions"}],"predecessor-version":[{"id":7822,"href":"https:\/\/noti-america.com\/site\/espana\/wp-json\/wp\/v2\/posts\/7813\/revisions\/7822"}],"wp:featuredmedia":[{"embeddable":true,"href":"https:\/\/noti-america.com\/site\/espana\/wp-json\/wp\/v2\/media\/7814"}],"wp:attachment":[{"href":"https:\/\/noti-america.com\/site\/espana\/wp-json\/wp\/v2\/media?parent=7813"}],"wp:term":[{"taxonomy":"category","embeddable":true,"href":"https:\/\/noti-america.com\/site\/espana\/wp-json\/wp\/v2\/categories?post=7813"},{"taxonomy":"post_tag","embeddable":true,"href":"https:\/\/noti-america.com\/site\/espana\/wp-json\/wp\/v2\/tags?post=7813"}],"curies":[{"name":"wp","href":"https:\/\/api.w.org\/{rel}","templated":true}]}}