{"id":662,"date":"2018-04-06T17:34:21","date_gmt":"2018-04-06T17:34:21","guid":{"rendered":"http:\/\/noti-america.com\/site\/espana\/?p=662"},"modified":"2018-04-06T17:34:21","modified_gmt":"2018-04-06T17:34:21","slug":"iberia-small-cell-networks-mejorando-la-conectividad-inalambrica-en-interiores-y-exteriores","status":"publish","type":"post","link":"https:\/\/noti-america.com\/site\/espana\/2018\/04\/06\/iberia-small-cell-networks-mejorando-la-conectividad-inalambrica-en-interiores-y-exteriores\/","title":{"rendered":"\u201cIberia Small Cell Networks\u201d \u2013 mejorando la conectividad inal\u00e1mbrica en interiores y exteriores"},"content":{"rendered":"<h3><strong>Axi\u00f3n y Wireless Infrastructure Group (WIG), dos de los mayores operadores neutros en telecomunicaciones en Espa\u00f1a y el Reino Unido respectivamente, han unido fuerzas para mejorar la conectividad inal\u00e1mbrica de recintos y espacios p\u00fablicos en Espa\u00f1a y Portugal.<\/strong><\/h3>\n<p>El crecimiento del tr\u00e1fico de voz y datos m\u00f3viles ha generado una demanda de capacidad sin precedentes en las redes existentes y el aumento continuo de las expectativas del usuario sobre la calidad del servicio.\u00a0 Por ello existe una gran necesidad de encontrar una forma eficiente y eficaz de proporcionar cobertura y capacidad en recintos cerrados o en exteriores con gran concurrencia y tr\u00e1nsito de usuarios m\u00f3viles.<\/p>\n<p>\u201cIberia Small Cells Networks\u201d (ISC) \u2013 un <em>joint venture<\/em> entre Axi\u00f3n y WIG- \u00a0ha sido creada para abordar esta necesidad y, en asociaci\u00f3n con municipios y gestores o propietarios de recintos, ofrecer\u00e1 redes de alta capacidad y velocidad utilizando una infraestructura neutra, la cual estar\u00e1 disponible para ser compartida por los operadores m\u00f3viles.<\/p>\n<p>Propietarios de grandes edificios, centros comerciales, estadios y hoteles, son conscientes del valor de proporcionar una experiencia m\u00f3vil de calidad a sus clientes. \u00a0Los operadores m\u00f3viles tienen un objetivo similar para sus usuarios, siempre que resulte eficiente y rentable. \u00a0Igualmente ocurre en lugares urbanos al aire libre, en los que los municipios y los operadores de telefon\u00eda m\u00f3vil est\u00e1n interesados en garantizar que se mantenga un buen servicio en zonas de mucho tr\u00e1nsito.<\/p>\n<p>Al asociarse con propietarios de recintos y municipios, ISC actuar\u00e1 como operador neutro en estrecha colaboraci\u00f3n con los operadores m\u00f3viles para dise\u00f1ar, instalar, mantener y financiar la infraestructura de redes inal\u00e1mbricas en ubicaciones espec\u00edficas en toda la pen\u00ednsula ib\u00e9rica.\u00a0 Los recintos y municipios podr\u00e1n contar con una infraestructura que facilite la elecci\u00f3n de redes m\u00f3viles a los usuarios finales.\u00a0 Los operadores m\u00f3viles por su parte se ver\u00e1n beneficiados por el acceso a la infraestructura tecnol\u00f3gica m\u00e1s avanzada al menor coste.<\/p>\n<p>Axi\u00f3n, como operador l\u00edder de infraestructura de telecomunicaciones inal\u00e1mbricas en Espa\u00f1a, unido a la amplia experiencia de WIG en el despliegue de Sistemas de Antenas Distribuidas (DAS, por sus siglas en ingl\u00e9s) y <em>Small Cells <\/em>en grandes edificios y en espacios abiertos, ofrecen una base s\u00f3lida sobre la cual ISC desarrollar\u00e1 su actividad.<\/p>\n<p>WIG es el l\u00edder de mercado en DAS y <em>Small Cells<\/em> en el Reino Unido, habiendo desplegado su infraestructura de redes de fibra conectadas en algunos de los edificios m\u00e1s ic\u00f3nicos del Reino Unido. \u00a0WIG tambi\u00e9n ha lanzado la primera red de <em>Small Cells <\/em>preparadas para la tecnolog\u00eda 5G del Reino Unido en la ciudad de Aberdeen, y es el principal inversor del pa\u00eds en las pruebas de veh\u00edculos aut\u00f3nomos conectados.<\/p>\n<p>&nbsp;<\/p>\n<p>&nbsp;<\/p>\n<p>En palabras de Jorge Alberto Jim\u00e9nez, Presidente Ejecutivo de Axi\u00f3n:<\/p>\n<p>\u00abEstamos encantados de asociarnos con WIG para desarrollar y llevar esta oportunidad al mercado. \u00a0Al combinar la fuerte presencia local de Axi\u00f3n con la trayectoria de WIG en DAS y el despliegue de <em>Small Cells<\/em>, podremos proporcionar un enfoque transformador para el mercado y mejorar la conectividad tanto en interiores como en exteriores\u00bb.<\/p>\n<p>Por otro lado, Scott Coates, Presidente Ejecutivo de Wireless Infrastructure Group a\u00f1ade:<\/p>\n<p>\u00abEstamos entusiasmados con la oportunidad de trabajar con Axi\u00f3n para abordar los desaf\u00edos de conectividad m\u00f3vil en edificios y calles concurridas en Espa\u00f1a y Portugal. Nuestra infraestructura neutra es clave para mejorar ciertas situaciones actuales.\u00a0 Sin embargo, ser\u00e1 nuestro enfoque en las necesidades de nuestros asociados en recintos y municipios, as\u00ed como de los operadores m\u00f3viles, lo que har\u00e1 de esta aventura un \u00e9xito\u00bb.<\/p>\n<p>&nbsp;<\/p>\n<p><strong>Acerca de Axi\u00f3n<\/strong><\/p>\n<p>Axi\u00f3n es uno de los principales operadores de infraestructura de telecomunicaciones inal\u00e1mbricas en Espa\u00f1a. Gestiona y opera m\u00e1s de 600 emplazamientos, proporcionando servicios completos en el mercado en m\u00e1s de 5.000 puntos de servicio distribuidos por todo el pa\u00eds para emisoras de televisi\u00f3n y radio, operadores de telecomunicaciones y administraciones p\u00fablicas.<\/p>\n<p>Axi\u00f3n est\u00e1 certificada con los est\u00e1ndares ISO 9001 en Sistemas de Gesti\u00f3n de Calidad para el Mantenimiento de Redes Externas de Equipos de Radiotelecomunicaciones, e ISO 14001 en Sistemas de Gesti\u00f3n Medioambiental, con el fin de mantener el mayor compromiso de calidad, sostenibilidad y respeto por el medio ambiente.<\/p>\n<p><a href=\"http:\/\/www.axion.es\">www.axion.es<\/a><\/p>\n<p><strong>Acerca de Wireless Infrastructure Group<\/strong><\/p>\n<p>WIG es un operador independiente de infraestructura inal\u00e1mbrica con una cartera de m\u00e1s de 2,000 emplazamientos de infraestructura de alta capacidad en todo el Reino Unido. \u00a0La compa\u00f1\u00eda construye y opera torres de comunicaci\u00f3n en \u00e1reas rurales y suburbanas que permiten los niveles de conectividad inal\u00e1mbrica m\u00e1s altos del sector de infraestructura inal\u00e1mbrica del Reino Unido. \u00a0As\u00ed mismo, WIG tambi\u00e9n est\u00e1 presente en el negocio de DAS y <em>Small Cells<\/em>, como l\u00edder en Reino Unido, creando redes conectadas a fibra para permitir la se\u00f1al m\u00f3vil en grandes edificios y lugares p\u00fablicos concurridos, a lo largo de rutas de transporte y en las calles de la ciudad. \u00a0WIG est\u00e1 en camino de ser un inversor l\u00edder en infraestructura 5G y conectividad urbana, con la ambici\u00f3n de invertir m\u00e1s de mil millones de libras esterlinas en infraestructura digital, estando respaldado por los inversores a largo plazo de 3i Infrastructure plc.<\/p>\n<p>www.wirelessinfrastructure.co.uk<\/p>\n","protected":false},"excerpt":{"rendered":"<p>Axi\u00f3n y Wireless Infrastructure Group (WIG), dos de los mayores operadores neutros en telecomunicaciones en Espa\u00f1a y el Reino Unido respectivamente, han unido fuerzas para mejorar la conectividad inal\u00e1mbrica de recintos y espacios p\u00fablicos&#46;&#46;&#46;<\/p>\n","protected":false},"author":14,"featured_media":663,"comment_status":"open","ping_status":"open","sticky":false,"template":"","format":"standard","meta":{"_acf_changed":false,"om_disable_all_campaigns":false,"rop_custom_images_group":[],"rop_custom_messages_group":[],"rop_publish_now":"initial","rop_publish_now_accounts":[],"rop_publish_now_history":[],"rop_publish_now_status":"pending","_uf_show_specific_survey":0,"_uf_disable_surveys":false,"footnotes":""},"categories":[44,5,45,56,57,32,54,53,55],"tags":[],"class_list":["post-662","post","type-post","status-publish","format-standard","has-post-thumbnail","hentry","category-ciencia-y-tecnologia","category-economia","category-economia-opinion","category-espana","category-europa","category-iniciativas","category-it","category-nuevas-tecnologias","category-tecnologias-de-la-informacion"],"acf":[],"aioseo_notices":[],"yoast_head":"<!-- This site is optimized with the Yoast SEO Premium plugin v24.9 (Yoast SEO v27.2) - https:\/\/yoast.com\/product\/yoast-seo-premium-wordpress\/ -->\n<title>\u201cIberia Small Cell Networks\u201d \u2013 mejorando la conectividad inal\u00e1mbrica en interiores y exteriores - Espa\u00f1a | Noti-America.com<\/title>\n<meta name=\"robots\" content=\"index, follow, max-snippet:-1, max-image-preview:large, max-video-preview:-1\" \/>\n<link rel=\"canonical\" href=\"https:\/\/noti-america.com\/site\/espana\/2018\/04\/06\/iberia-small-cell-networks-mejorando-la-conectividad-inalambrica-en-interiores-y-exteriores\/\" \/>\n<meta property=\"og:locale\" content=\"es_ES\" \/>\n<meta property=\"og:type\" content=\"article\" \/>\n<meta property=\"og:title\" content=\"\u201cIberia Small Cell Networks\u201d \u2013 mejorando la conectividad inal\u00e1mbrica en interiores y exteriores\" \/>\n<meta property=\"og:description\" content=\"Axi\u00f3n y Wireless Infrastructure Group (WIG), dos de los mayores operadores neutros en telecomunicaciones en Espa\u00f1a y el Reino Unido respectivamente, han unido fuerzas para mejorar la conectividad inal\u00e1mbrica de recintos y espacios p\u00fablicos&#046;&#046;&#046;\" \/>\n<meta property=\"og:url\" content=\"https:\/\/noti-america.com\/site\/espana\/2018\/04\/06\/iberia-small-cell-networks-mejorando-la-conectividad-inalambrica-en-interiores-y-exteriores\/\" \/>\n<meta property=\"og:site_name\" content=\"Espa\u00f1a | Noti-America.com\" \/>\n<meta property=\"article:published_time\" content=\"2018-04-06T17:34:21+00:00\" \/>\n<meta property=\"og:image\" content=\"https:\/\/noti-america.com\/site\/espana\/wp-content\/uploads\/sites\/25\/2018\/04\/axion1.jpg\" \/>\n\t<meta property=\"og:image:width\" content=\"1522\" \/>\n\t<meta property=\"og:image:height\" content=\"793\" \/>\n\t<meta property=\"og:image:type\" content=\"image\/jpeg\" \/>\n<meta name=\"author\" content=\"Carlos Mat\u00edas\" \/>\n<meta name=\"twitter:card\" content=\"summary_large_image\" \/>\n<meta name=\"twitter:creator\" content=\"@notiamerica\" \/>\n<meta name=\"twitter:site\" content=\"@notiamerica\" \/>\n<meta name=\"twitter:label1\" content=\"Escrito por\" \/>\n\t<meta name=\"twitter:data1\" content=\"Carlos Mat\u00edas\" \/>\n\t<meta name=\"twitter:label2\" content=\"Tiempo estimado de lectura\" \/>\n\t<meta name=\"twitter:data2\" content=\"5 minutos\" \/>\n<script type=\"application\/ld+json\" class=\"yoast-schema-graph\">{\"@context\":\"https:\/\/schema.org\",\"@graph\":[{\"@type\":\"Article\",\"@id\":\"https:\/\/noti-america.com\/site\/espana\/2018\/04\/06\/iberia-small-cell-networks-mejorando-la-conectividad-inalambrica-en-interiores-y-exteriores\/#article\",\"isPartOf\":{\"@id\":\"https:\/\/noti-america.com\/site\/espana\/2018\/04\/06\/iberia-small-cell-networks-mejorando-la-conectividad-inalambrica-en-interiores-y-exteriores\/\"},\"author\":{\"name\":\"Carlos Mat\u00edas\",\"@id\":\"https:\/\/noti-america.com\/site\/espana\/#\/schema\/person\/0e6b9813878359a81f7910f582a4eed5\"},\"headline\":\"\u201cIberia Small Cell Networks\u201d \u2013 mejorando la conectividad inal\u00e1mbrica en interiores y exteriores\",\"datePublished\":\"2018-04-06T17:34:21+00:00\",\"mainEntityOfPage\":{\"@id\":\"https:\/\/noti-america.com\/site\/espana\/2018\/04\/06\/iberia-small-cell-networks-mejorando-la-conectividad-inalambrica-en-interiores-y-exteriores\/\"},\"wordCount\":930,\"commentCount\":0,\"publisher\":{\"@id\":\"https:\/\/noti-america.com\/site\/espana\/#organization\"},\"image\":{\"@id\":\"https:\/\/noti-america.com\/site\/espana\/2018\/04\/06\/iberia-small-cell-networks-mejorando-la-conectividad-inalambrica-en-interiores-y-exteriores\/#primaryimage\"},\"thumbnailUrl\":\"https:\/\/noti-america.com\/site\/espana\/wp-content\/uploads\/sites\/25\/2018\/04\/axion1.jpg\",\"articleSection\":[\"Ciencia y Tecnolog\u00eda\",\"Econom\u00eda\",\"Econom\u00eda\",\"Espa\u00f1a\",\"Europa\",\"Iniciativas\",\"IT\",\"Nuevas Tecnolog\u00edas\",\"Tecnolog\u00edas de la Informaci\u00f3n\"],\"inLanguage\":\"es\",\"potentialAction\":[{\"@type\":\"CommentAction\",\"name\":\"Comment\",\"target\":[\"https:\/\/noti-america.com\/site\/espana\/2018\/04\/06\/iberia-small-cell-networks-mejorando-la-conectividad-inalambrica-en-interiores-y-exteriores\/#respond\"]}]},{\"@type\":\"WebPage\",\"@id\":\"https:\/\/noti-america.com\/site\/espana\/2018\/04\/06\/iberia-small-cell-networks-mejorando-la-conectividad-inalambrica-en-interiores-y-exteriores\/\",\"url\":\"https:\/\/noti-america.com\/site\/espana\/2018\/04\/06\/iberia-small-cell-networks-mejorando-la-conectividad-inalambrica-en-interiores-y-exteriores\/\",\"name\":\"\u201cIberia Small Cell Networks\u201d \u2013 mejorando la conectividad inal\u00e1mbrica en interiores y exteriores - Espa\u00f1a | Noti-America.com\",\"isPartOf\":{\"@id\":\"https:\/\/noti-america.com\/site\/espana\/#website\"},\"primaryImageOfPage\":{\"@id\":\"https:\/\/noti-america.com\/site\/espana\/2018\/04\/06\/iberia-small-cell-networks-mejorando-la-conectividad-inalambrica-en-interiores-y-exteriores\/#primaryimage\"},\"image\":{\"@id\":\"https:\/\/noti-america.com\/site\/espana\/2018\/04\/06\/iberia-small-cell-networks-mejorando-la-conectividad-inalambrica-en-interiores-y-exteriores\/#primaryimage\"},\"thumbnailUrl\":\"https:\/\/noti-america.com\/site\/espana\/wp-content\/uploads\/sites\/25\/2018\/04\/axion1.jpg\",\"datePublished\":\"2018-04-06T17:34:21+00:00\",\"breadcrumb\":{\"@id\":\"https:\/\/noti-america.com\/site\/espana\/2018\/04\/06\/iberia-small-cell-networks-mejorando-la-conectividad-inalambrica-en-interiores-y-exteriores\/#breadcrumb\"},\"inLanguage\":\"es\",\"potentialAction\":[{\"@type\":\"ReadAction\",\"target\":[\"https:\/\/noti-america.com\/site\/espana\/2018\/04\/06\/iberia-small-cell-networks-mejorando-la-conectividad-inalambrica-en-interiores-y-exteriores\/\"]}]},{\"@type\":\"ImageObject\",\"inLanguage\":\"es\",\"@id\":\"https:\/\/noti-america.com\/site\/espana\/2018\/04\/06\/iberia-small-cell-networks-mejorando-la-conectividad-inalambrica-en-interiores-y-exteriores\/#primaryimage\",\"url\":\"https:\/\/noti-america.com\/site\/espana\/wp-content\/uploads\/sites\/25\/2018\/04\/axion1.jpg\",\"contentUrl\":\"https:\/\/noti-america.com\/site\/espana\/wp-content\/uploads\/sites\/25\/2018\/04\/axion1.jpg\",\"width\":1522,\"height\":793,\"caption\":\"\u201cIberia Small Cell Networks\u201d \u2013 mejorando la conectividad inal\u00e1mbrica en interiores y exteriores\"},{\"@type\":\"BreadcrumbList\",\"@id\":\"https:\/\/noti-america.com\/site\/espana\/2018\/04\/06\/iberia-small-cell-networks-mejorando-la-conectividad-inalambrica-en-interiores-y-exteriores\/#breadcrumb\",\"itemListElement\":[{\"@type\":\"ListItem\",\"position\":1,\"name\":\"Portada\",\"item\":\"https:\/\/noti-america.com\/site\/espana\/\"},{\"@type\":\"ListItem\",\"position\":2,\"name\":\"\u201cIberia Small Cell Networks\u201d \u2013 mejorando la conectividad inal\u00e1mbrica en interiores y exteriores\"}]},{\"@type\":\"WebSite\",\"@id\":\"https:\/\/noti-america.com\/site\/espana\/#website\",\"url\":\"https:\/\/noti-america.com\/site\/espana\/\",\"name\":\"Espa\u00f1a | Noti-America.com\",\"description\":\"\",\"publisher\":{\"@id\":\"https:\/\/noti-america.com\/site\/espana\/#organization\"},\"potentialAction\":[{\"@type\":\"SearchAction\",\"target\":{\"@type\":\"EntryPoint\",\"urlTemplate\":\"https:\/\/noti-america.com\/site\/espana\/?s={search_term_string}\"},\"query-input\":{\"@type\":\"PropertyValueSpecification\",\"valueRequired\":true,\"valueName\":\"search_term_string\"}}],\"inLanguage\":\"es\"},{\"@type\":\"Organization\",\"@id\":\"https:\/\/noti-america.com\/site\/espana\/#organization\",\"name\":\"Noti-America LLC | Espa\u00f1a\",\"url\":\"https:\/\/noti-america.com\/site\/espana\/\",\"logo\":{\"@type\":\"ImageObject\",\"inLanguage\":\"es\",\"@id\":\"https:\/\/noti-america.com\/site\/espana\/#\/schema\/logo\/image\/\",\"url\":\"https:\/\/noti-america.com\/site\/espana\/wp-content\/uploads\/sites\/25\/2020\/07\/LogoNA-4x3-1.jpg\",\"contentUrl\":\"https:\/\/noti-america.com\/site\/espana\/wp-content\/uploads\/sites\/25\/2020\/07\/LogoNA-4x3-1.jpg\",\"width\":1236,\"height\":1080,\"caption\":\"Noti-America LLC | Espa\u00f1a\"},\"image\":{\"@id\":\"https:\/\/noti-america.com\/site\/espana\/#\/schema\/logo\/image\/\"},\"sameAs\":[\"https:\/\/x.com\/notiamerica\"]},{\"@type\":\"Person\",\"@id\":\"https:\/\/noti-america.com\/site\/espana\/#\/schema\/person\/0e6b9813878359a81f7910f582a4eed5\",\"name\":\"Carlos Mat\u00edas\",\"image\":{\"@type\":\"ImageObject\",\"inLanguage\":\"es\",\"@id\":\"https:\/\/secure.gravatar.com\/avatar\/e500b00b8d21638cd37c4dcc48c6fe4cfa2af403aac6651d0cf6bb4a2a1b67b1?s=96&d=mm&r=g\",\"url\":\"https:\/\/secure.gravatar.com\/avatar\/e500b00b8d21638cd37c4dcc48c6fe4cfa2af403aac6651d0cf6bb4a2a1b67b1?s=96&d=mm&r=g\",\"contentUrl\":\"https:\/\/secure.gravatar.com\/avatar\/e500b00b8d21638cd37c4dcc48c6fe4cfa2af403aac6651d0cf6bb4a2a1b67b1?s=96&d=mm&r=g\",\"caption\":\"Carlos Mat\u00edas\"},\"url\":\"https:\/\/noti-america.com\/site\/espana\/author\/cmatias\/\"}]}<\/script>\n<!-- \/ Yoast SEO Premium plugin. -->","yoast_head_json":{"title":"\u201cIberia Small Cell Networks\u201d \u2013 mejorando la conectividad inal\u00e1mbrica en interiores y exteriores - Espa\u00f1a | Noti-America.com","robots":{"index":"index","follow":"follow","max-snippet":"max-snippet:-1","max-image-preview":"max-image-preview:large","max-video-preview":"max-video-preview:-1"},"canonical":"https:\/\/noti-america.com\/site\/espana\/2018\/04\/06\/iberia-small-cell-networks-mejorando-la-conectividad-inalambrica-en-interiores-y-exteriores\/","og_locale":"es_ES","og_type":"article","og_title":"\u201cIberia Small Cell Networks\u201d \u2013 mejorando la conectividad inal\u00e1mbrica en interiores y exteriores","og_description":"Axi\u00f3n y Wireless Infrastructure Group (WIG), dos de los mayores operadores neutros en telecomunicaciones en Espa\u00f1a y el Reino Unido respectivamente, han unido fuerzas para mejorar la conectividad inal\u00e1mbrica de recintos y espacios p\u00fablicos&#46;&#46;&#46;","og_url":"https:\/\/noti-america.com\/site\/espana\/2018\/04\/06\/iberia-small-cell-networks-mejorando-la-conectividad-inalambrica-en-interiores-y-exteriores\/","og_site_name":"Espa\u00f1a | Noti-America.com","article_published_time":"2018-04-06T17:34:21+00:00","og_image":[{"width":1522,"height":793,"url":"https:\/\/noti-america.com\/site\/espana\/wp-content\/uploads\/sites\/25\/2018\/04\/axion1.jpg","type":"image\/jpeg"}],"author":"Carlos Mat\u00edas","twitter_card":"summary_large_image","twitter_creator":"@notiamerica","twitter_site":"@notiamerica","twitter_misc":{"Escrito por":"Carlos Mat\u00edas","Tiempo estimado de lectura":"5 minutos"},"schema":{"@context":"https:\/\/schema.org","@graph":[{"@type":"Article","@id":"https:\/\/noti-america.com\/site\/espana\/2018\/04\/06\/iberia-small-cell-networks-mejorando-la-conectividad-inalambrica-en-interiores-y-exteriores\/#article","isPartOf":{"@id":"https:\/\/noti-america.com\/site\/espana\/2018\/04\/06\/iberia-small-cell-networks-mejorando-la-conectividad-inalambrica-en-interiores-y-exteriores\/"},"author":{"name":"Carlos Mat\u00edas","@id":"https:\/\/noti-america.com\/site\/espana\/#\/schema\/person\/0e6b9813878359a81f7910f582a4eed5"},"headline":"\u201cIberia Small Cell Networks\u201d \u2013 mejorando la conectividad inal\u00e1mbrica en interiores y exteriores","datePublished":"2018-04-06T17:34:21+00:00","mainEntityOfPage":{"@id":"https:\/\/noti-america.com\/site\/espana\/2018\/04\/06\/iberia-small-cell-networks-mejorando-la-conectividad-inalambrica-en-interiores-y-exteriores\/"},"wordCount":930,"commentCount":0,"publisher":{"@id":"https:\/\/noti-america.com\/site\/espana\/#organization"},"image":{"@id":"https:\/\/noti-america.com\/site\/espana\/2018\/04\/06\/iberia-small-cell-networks-mejorando-la-conectividad-inalambrica-en-interiores-y-exteriores\/#primaryimage"},"thumbnailUrl":"https:\/\/noti-america.com\/site\/espana\/wp-content\/uploads\/sites\/25\/2018\/04\/axion1.jpg","articleSection":["Ciencia y Tecnolog\u00eda","Econom\u00eda","Econom\u00eda","Espa\u00f1a","Europa","Iniciativas","IT","Nuevas Tecnolog\u00edas","Tecnolog\u00edas de la Informaci\u00f3n"],"inLanguage":"es","potentialAction":[{"@type":"CommentAction","name":"Comment","target":["https:\/\/noti-america.com\/site\/espana\/2018\/04\/06\/iberia-small-cell-networks-mejorando-la-conectividad-inalambrica-en-interiores-y-exteriores\/#respond"]}]},{"@type":"WebPage","@id":"https:\/\/noti-america.com\/site\/espana\/2018\/04\/06\/iberia-small-cell-networks-mejorando-la-conectividad-inalambrica-en-interiores-y-exteriores\/","url":"https:\/\/noti-america.com\/site\/espana\/2018\/04\/06\/iberia-small-cell-networks-mejorando-la-conectividad-inalambrica-en-interiores-y-exteriores\/","name":"\u201cIberia Small Cell Networks\u201d \u2013 mejorando la conectividad inal\u00e1mbrica en interiores y exteriores - Espa\u00f1a | Noti-America.com","isPartOf":{"@id":"https:\/\/noti-america.com\/site\/espana\/#website"},"primaryImageOfPage":{"@id":"https:\/\/noti-america.com\/site\/espana\/2018\/04\/06\/iberia-small-cell-networks-mejorando-la-conectividad-inalambrica-en-interiores-y-exteriores\/#primaryimage"},"image":{"@id":"https:\/\/noti-america.com\/site\/espana\/2018\/04\/06\/iberia-small-cell-networks-mejorando-la-conectividad-inalambrica-en-interiores-y-exteriores\/#primaryimage"},"thumbnailUrl":"https:\/\/noti-america.com\/site\/espana\/wp-content\/uploads\/sites\/25\/2018\/04\/axion1.jpg","datePublished":"2018-04-06T17:34:21+00:00","breadcrumb":{"@id":"https:\/\/noti-america.com\/site\/espana\/2018\/04\/06\/iberia-small-cell-networks-mejorando-la-conectividad-inalambrica-en-interiores-y-exteriores\/#breadcrumb"},"inLanguage":"es","potentialAction":[{"@type":"ReadAction","target":["https:\/\/noti-america.com\/site\/espana\/2018\/04\/06\/iberia-small-cell-networks-mejorando-la-conectividad-inalambrica-en-interiores-y-exteriores\/"]}]},{"@type":"ImageObject","inLanguage":"es","@id":"https:\/\/noti-america.com\/site\/espana\/2018\/04\/06\/iberia-small-cell-networks-mejorando-la-conectividad-inalambrica-en-interiores-y-exteriores\/#primaryimage","url":"https:\/\/noti-america.com\/site\/espana\/wp-content\/uploads\/sites\/25\/2018\/04\/axion1.jpg","contentUrl":"https:\/\/noti-america.com\/site\/espana\/wp-content\/uploads\/sites\/25\/2018\/04\/axion1.jpg","width":1522,"height":793,"caption":"\u201cIberia Small Cell Networks\u201d \u2013 mejorando la conectividad inal\u00e1mbrica en interiores y exteriores"},{"@type":"BreadcrumbList","@id":"https:\/\/noti-america.com\/site\/espana\/2018\/04\/06\/iberia-small-cell-networks-mejorando-la-conectividad-inalambrica-en-interiores-y-exteriores\/#breadcrumb","itemListElement":[{"@type":"ListItem","position":1,"name":"Portada","item":"https:\/\/noti-america.com\/site\/espana\/"},{"@type":"ListItem","position":2,"name":"\u201cIberia Small Cell Networks\u201d \u2013 mejorando la conectividad inal\u00e1mbrica en interiores y exteriores"}]},{"@type":"WebSite","@id":"https:\/\/noti-america.com\/site\/espana\/#website","url":"https:\/\/noti-america.com\/site\/espana\/","name":"Espa\u00f1a | Noti-America.com","description":"","publisher":{"@id":"https:\/\/noti-america.com\/site\/espana\/#organization"},"potentialAction":[{"@type":"SearchAction","target":{"@type":"EntryPoint","urlTemplate":"https:\/\/noti-america.com\/site\/espana\/?s={search_term_string}"},"query-input":{"@type":"PropertyValueSpecification","valueRequired":true,"valueName":"search_term_string"}}],"inLanguage":"es"},{"@type":"Organization","@id":"https:\/\/noti-america.com\/site\/espana\/#organization","name":"Noti-America LLC | Espa\u00f1a","url":"https:\/\/noti-america.com\/site\/espana\/","logo":{"@type":"ImageObject","inLanguage":"es","@id":"https:\/\/noti-america.com\/site\/espana\/#\/schema\/logo\/image\/","url":"https:\/\/noti-america.com\/site\/espana\/wp-content\/uploads\/sites\/25\/2020\/07\/LogoNA-4x3-1.jpg","contentUrl":"https:\/\/noti-america.com\/site\/espana\/wp-content\/uploads\/sites\/25\/2020\/07\/LogoNA-4x3-1.jpg","width":1236,"height":1080,"caption":"Noti-America LLC | Espa\u00f1a"},"image":{"@id":"https:\/\/noti-america.com\/site\/espana\/#\/schema\/logo\/image\/"},"sameAs":["https:\/\/x.com\/notiamerica"]},{"@type":"Person","@id":"https:\/\/noti-america.com\/site\/espana\/#\/schema\/person\/0e6b9813878359a81f7910f582a4eed5","name":"Carlos Mat\u00edas","image":{"@type":"ImageObject","inLanguage":"es","@id":"https:\/\/secure.gravatar.com\/avatar\/e500b00b8d21638cd37c4dcc48c6fe4cfa2af403aac6651d0cf6bb4a2a1b67b1?s=96&d=mm&r=g","url":"https:\/\/secure.gravatar.com\/avatar\/e500b00b8d21638cd37c4dcc48c6fe4cfa2af403aac6651d0cf6bb4a2a1b67b1?s=96&d=mm&r=g","contentUrl":"https:\/\/secure.gravatar.com\/avatar\/e500b00b8d21638cd37c4dcc48c6fe4cfa2af403aac6651d0cf6bb4a2a1b67b1?s=96&d=mm&r=g","caption":"Carlos Mat\u00edas"},"url":"https:\/\/noti-america.com\/site\/espana\/author\/cmatias\/"}]}},"_links":{"self":[{"href":"https:\/\/noti-america.com\/site\/espana\/wp-json\/wp\/v2\/posts\/662","targetHints":{"allow":["GET"]}}],"collection":[{"href":"https:\/\/noti-america.com\/site\/espana\/wp-json\/wp\/v2\/posts"}],"about":[{"href":"https:\/\/noti-america.com\/site\/espana\/wp-json\/wp\/v2\/types\/post"}],"author":[{"embeddable":true,"href":"https:\/\/noti-america.com\/site\/espana\/wp-json\/wp\/v2\/users\/14"}],"replies":[{"embeddable":true,"href":"https:\/\/noti-america.com\/site\/espana\/wp-json\/wp\/v2\/comments?post=662"}],"version-history":[{"count":1,"href":"https:\/\/noti-america.com\/site\/espana\/wp-json\/wp\/v2\/posts\/662\/revisions"}],"predecessor-version":[{"id":664,"href":"https:\/\/noti-america.com\/site\/espana\/wp-json\/wp\/v2\/posts\/662\/revisions\/664"}],"wp:featuredmedia":[{"embeddable":true,"href":"https:\/\/noti-america.com\/site\/espana\/wp-json\/wp\/v2\/media\/663"}],"wp:attachment":[{"href":"https:\/\/noti-america.com\/site\/espana\/wp-json\/wp\/v2\/media?parent=662"}],"wp:term":[{"taxonomy":"category","embeddable":true,"href":"https:\/\/noti-america.com\/site\/espana\/wp-json\/wp\/v2\/categories?post=662"},{"taxonomy":"post_tag","embeddable":true,"href":"https:\/\/noti-america.com\/site\/espana\/wp-json\/wp\/v2\/tags?post=662"}],"curies":[{"name":"wp","href":"https:\/\/api.w.org\/{rel}","templated":true}]}}