{"id":6259,"date":"2022-03-06T14:02:49","date_gmt":"2022-03-06T14:02:49","guid":{"rendered":"https:\/\/noti-america.com\/site\/espana\/2022\/03\/06\/islandia-abre-sus-fronteras-tras-el-coronavirus\/"},"modified":"2022-03-06T18:03:01","modified_gmt":"2022-03-06T18:03:01","slug":"islandia-abre-sus-fronteras-tras-el-coronavirus","status":"publish","type":"post","link":"https:\/\/noti-america.com\/site\/espana\/2022\/03\/06\/islandia-abre-sus-fronteras-tras-el-coronavirus\/","title":{"rendered":"Islandia abre sus fronteras tras el coronavirus"},"content":{"rendered":"<p style=\"text-align: justify;\">Nota de Prensa &#8211; Comunicae Media<\/p>\n<p style=\"text-align: justify;\"><strong>Island Tours, primer turoperador espa\u00f1ol especialista en Islandia, se hace eco en su sitio web de la resoluci\u00f3n tomada el pasado 25 de febrero por el ministro de salud island\u00e9s Willum \u00de\u00f3r \u00de\u00f3rsson, de levantar todas las restricciones relacionadas con COVID-19, tanto dentro del pa\u00eds como en la frontera<\/strong><\/p>\n<p style=\"text-align: justify;\">Esto significa que\u00a0<strong>se eliminan las limitaciones<\/strong>\u00a0en las reuniones sociales, colegios y universidades, as\u00ed como el requisito de cuarentena para las personas infectadas por COVID-19. Adem\u00e1s, se han retirado las medidas de prevenci\u00f3n de enfermedades en la frontera, independientemente de si las personas est\u00e9n vacunadas o no vacunadas.<\/p>\n<p style=\"text-align: justify;\">En una reuni\u00f3n del gobierno de Islandia, el ministro present\u00f3 su decisi\u00f3n, basada en las recomendaciones del epidemi\u00f3logo jefe, \u00de\u00f3r\u00f3lfur Gu\u00f0nason, sobre el levantamiento de las restricciones declaro; \u201cNos alegramos de que la gesti\u00f3n interna de esta pandemia nos haya llevado a este punto de inflexi\u00f3n, pero, no obstante, es importante que sigamos manteniendo medidas personales de prevenci\u00f3n de infecciones\u201d, dijo el ministro de Salud.<\/p>\n<p style=\"text-align: justify;\">En su informe, el epidemi\u00f3logo jefe da cuenta de los \u00faltimos relativos a la evoluci\u00f3n de la pandemia. En su opini\u00f3n, la salida de esta situaci\u00f3n es una<strong>\u00a0inmunidad de reba\u00f1o<\/strong>\u00a0generalizada contra el COVID-19, es decir, una infecci\u00f3n de hasta el 80% de la poblaci\u00f3n. Alrededor de 110.000 personas ya han sido diagnosticadas con COVID-19, pero se estima a partir de las pruebas de anticuerpos que el mismo n\u00famero ya se infect\u00f3 sin ser diagnosticado.<\/p>\n<p style=\"text-align: justify;\">Esta situaci\u00f3n ha favorecido una revisi\u00f3n en las previsiones de crecimiento del producto interior bruto island\u00e9s, principalmente debido al turismo, sector que ya mostro su optimismo en la pasada feria de Fitur donde tuvo una presencia significativa, tanto por parte de la administraci\u00f3n islandesa y de turoperadores espa\u00f1oles como\u00a0<a title=\"Island Tours. Turoperador especialista en Islandia\" href=\"https:\/\/islandiatours.es\/\" target=\"_blank\" rel=\"noopener noreferrer\">Island Tours<\/a>.<\/p>\n<p style=\"text-align: justify;\">En declaraciones del CEO de Island Tours,\u00a0<strong>David Fern\u00e1ndez Lorca<\/strong>, indic\u00f3 que el mercado ya not\u00f3 una leve mejor\u00eda desde agosto de 2021, siendo las previsiones para 2022 muy positivas y esperando recuperar las cifras prepandemia de cara a 2023. \u201cEs un hecho significativo, favorecido por el levantamiento de las restricciones, que el sector de incentivos haya recuperado el inter\u00e9s por viajar a Islandia\u201d. Este turoperador, con 20 a\u00f1os como\u00a0<a title=\"Especialistas en Islandia\" href=\"https:\/\/islandiatours.es\/\" target=\"_blank\" rel=\"noopener noreferrer\">especialista en Islandia<\/a>, se ha convertido en el primer agente en Espa\u00f1a que gestiona un viaje de incentivos superior a 300 personas.<\/p>\n<p style=\"text-align: justify;\">Por otro lado, desde Islandia se espera una temporada muy activa en lo referente a las reservas de programas privados con veh\u00edculo de alquiler y han aumentado el n\u00famero de coches en stock, y as\u00ed animan a los viajeros interesados en el destino que adelanten sus reservas con el fin de evitar problemas de disponibilidad.<\/p>\n<p style=\"text-align: justify;\">Islandia sigue siendo un referente para el<strong>\u00a0viajero amante de la naturaleza<\/strong>\u00a0y se prepara, gracias a estas nuevas medidas, para recuperar la normalidad.<\/p>\n","protected":false},"excerpt":{"rendered":"<p>Nota de Prensa &#8211; Comunicae Media Island Tours, primer turoperador espa\u00f1ol especialista en Islandia, se hace eco en su sitio web de la resoluci\u00f3n tomada el pasado 25 de febrero por el ministro de&#46;&#46;&#46;<\/p>\n","protected":false},"author":1,"featured_media":6260,"comment_status":"open","ping_status":"open","sticky":false,"template":"","format":"image","meta":{"_acf_changed":false,"om_disable_all_campaigns":false,"rop_custom_images_group":[],"rop_custom_messages_group":[],"rop_publish_now":"initial","rop_publish_now_accounts":[],"rop_publish_now_history":[],"rop_publish_now_status":"pending","_uf_show_specific_survey":0,"_uf_disable_surveys":false,"footnotes":""},"categories":[136,148],"tags":[],"class_list":["post-6259","post","type-post","status-publish","format-image","has-post-thumbnail","hentry","category-actualidad","category-turismo-2","post_format-post-format-image"],"acf":[],"aioseo_notices":[],"yoast_head":"<!-- This site is optimized with the Yoast SEO Premium plugin v24.9 (Yoast SEO v27.2) - https:\/\/yoast.com\/product\/yoast-seo-premium-wordpress\/ -->\n<title>Islandia abre sus fronteras tras el coronavirus - Espa\u00f1a | Noti-America.com<\/title>\n<meta name=\"robots\" content=\"index, follow, max-snippet:-1, max-image-preview:large, max-video-preview:-1\" \/>\n<link rel=\"canonical\" href=\"https:\/\/noti-america.com\/site\/espana\/2022\/03\/06\/islandia-abre-sus-fronteras-tras-el-coronavirus\/\" \/>\n<meta property=\"og:locale\" content=\"es_ES\" \/>\n<meta property=\"og:type\" content=\"article\" \/>\n<meta property=\"og:title\" content=\"Islandia abre sus fronteras tras el coronavirus\" \/>\n<meta property=\"og:description\" content=\"Nota de Prensa &#8211; Comunicae Media Island Tours, primer turoperador espa\u00f1ol especialista en Islandia, se hace eco en su sitio web de la resoluci\u00f3n tomada el pasado 25 de febrero por el ministro de&#046;&#046;&#046;\" \/>\n<meta property=\"og:url\" content=\"https:\/\/noti-america.com\/site\/espana\/2022\/03\/06\/islandia-abre-sus-fronteras-tras-el-coronavirus\/\" \/>\n<meta property=\"og:site_name\" content=\"Espa\u00f1a | Noti-America.com\" \/>\n<meta property=\"article:published_time\" content=\"2022-03-06T14:02:49+00:00\" \/>\n<meta property=\"article:modified_time\" content=\"2022-03-06T18:03:01+00:00\" \/>\n<meta property=\"og:image\" content=\"https:\/\/noti-america.com\/site\/espana\/wp-content\/uploads\/sites\/25\/2025\/02\/descarga-5-2.jpeg\" \/>\n\t<meta property=\"og:image:width\" content=\"1600\" \/>\n\t<meta property=\"og:image:height\" content=\"900\" \/>\n\t<meta property=\"og:image:type\" content=\"image\/jpeg\" \/>\n<meta name=\"author\" content=\"Rosmer Herrera\" \/>\n<meta name=\"twitter:card\" content=\"summary_large_image\" \/>\n<meta name=\"twitter:creator\" content=\"@notiamerica\" \/>\n<meta name=\"twitter:site\" content=\"@notiamerica\" \/>\n<meta name=\"twitter:label1\" content=\"Escrito por\" \/>\n\t<meta name=\"twitter:data1\" content=\"Rosmer Herrera\" \/>\n\t<meta name=\"twitter:label2\" content=\"Tiempo estimado de lectura\" \/>\n\t<meta name=\"twitter:data2\" content=\"3 minutos\" \/>\n<script type=\"application\/ld+json\" class=\"yoast-schema-graph\">{\"@context\":\"https:\/\/schema.org\",\"@graph\":[{\"@type\":\"Article\",\"@id\":\"https:\/\/noti-america.com\/site\/espana\/2022\/03\/06\/islandia-abre-sus-fronteras-tras-el-coronavirus\/#article\",\"isPartOf\":{\"@id\":\"https:\/\/noti-america.com\/site\/espana\/2022\/03\/06\/islandia-abre-sus-fronteras-tras-el-coronavirus\/\"},\"author\":{\"name\":\"Rosmer Herrera\",\"@id\":\"https:\/\/noti-america.com\/site\/espana\/#\/schema\/person\/fd58dbfb92a257e9dc5761bf69a855ff\"},\"headline\":\"Islandia abre sus fronteras tras el coronavirus\",\"datePublished\":\"2022-03-06T14:02:49+00:00\",\"dateModified\":\"2022-03-06T18:03:01+00:00\",\"mainEntityOfPage\":{\"@id\":\"https:\/\/noti-america.com\/site\/espana\/2022\/03\/06\/islandia-abre-sus-fronteras-tras-el-coronavirus\/\"},\"wordCount\":501,\"commentCount\":0,\"publisher\":{\"@id\":\"https:\/\/noti-america.com\/site\/espana\/#organization\"},\"image\":{\"@id\":\"https:\/\/noti-america.com\/site\/espana\/2022\/03\/06\/islandia-abre-sus-fronteras-tras-el-coronavirus\/#primaryimage\"},\"thumbnailUrl\":\"https:\/\/noti-america.com\/site\/espana\/wp-content\/uploads\/sites\/25\/2022\/03\/1646313359_nordurljosashow011_1_.jpg\",\"articleSection\":[\"Actualidad\",\"Turismo\"],\"inLanguage\":\"es\",\"potentialAction\":[{\"@type\":\"CommentAction\",\"name\":\"Comment\",\"target\":[\"https:\/\/noti-america.com\/site\/espana\/2022\/03\/06\/islandia-abre-sus-fronteras-tras-el-coronavirus\/#respond\"]}]},{\"@type\":\"WebPage\",\"@id\":\"https:\/\/noti-america.com\/site\/espana\/2022\/03\/06\/islandia-abre-sus-fronteras-tras-el-coronavirus\/\",\"url\":\"https:\/\/noti-america.com\/site\/espana\/2022\/03\/06\/islandia-abre-sus-fronteras-tras-el-coronavirus\/\",\"name\":\"Islandia abre sus fronteras tras el coronavirus - Espa\u00f1a | Noti-America.com\",\"isPartOf\":{\"@id\":\"https:\/\/noti-america.com\/site\/espana\/#website\"},\"primaryImageOfPage\":{\"@id\":\"https:\/\/noti-america.com\/site\/espana\/2022\/03\/06\/islandia-abre-sus-fronteras-tras-el-coronavirus\/#primaryimage\"},\"image\":{\"@id\":\"https:\/\/noti-america.com\/site\/espana\/2022\/03\/06\/islandia-abre-sus-fronteras-tras-el-coronavirus\/#primaryimage\"},\"thumbnailUrl\":\"https:\/\/noti-america.com\/site\/espana\/wp-content\/uploads\/sites\/25\/2022\/03\/1646313359_nordurljosashow011_1_.jpg\",\"datePublished\":\"2022-03-06T14:02:49+00:00\",\"dateModified\":\"2022-03-06T18:03:01+00:00\",\"breadcrumb\":{\"@id\":\"https:\/\/noti-america.com\/site\/espana\/2022\/03\/06\/islandia-abre-sus-fronteras-tras-el-coronavirus\/#breadcrumb\"},\"inLanguage\":\"es\",\"potentialAction\":[{\"@type\":\"ReadAction\",\"target\":[\"https:\/\/noti-america.com\/site\/espana\/2022\/03\/06\/islandia-abre-sus-fronteras-tras-el-coronavirus\/\"]}]},{\"@type\":\"ImageObject\",\"inLanguage\":\"es\",\"@id\":\"https:\/\/noti-america.com\/site\/espana\/2022\/03\/06\/islandia-abre-sus-fronteras-tras-el-coronavirus\/#primaryimage\",\"url\":\"https:\/\/noti-america.com\/site\/espana\/wp-content\/uploads\/sites\/25\/2022\/03\/1646313359_nordurljosashow011_1_.jpg\",\"contentUrl\":\"https:\/\/noti-america.com\/site\/espana\/wp-content\/uploads\/sites\/25\/2022\/03\/1646313359_nordurljosashow011_1_.jpg\",\"width\":1920,\"height\":1280},{\"@type\":\"BreadcrumbList\",\"@id\":\"https:\/\/noti-america.com\/site\/espana\/2022\/03\/06\/islandia-abre-sus-fronteras-tras-el-coronavirus\/#breadcrumb\",\"itemListElement\":[{\"@type\":\"ListItem\",\"position\":1,\"name\":\"Portada\",\"item\":\"https:\/\/noti-america.com\/site\/espana\/\"},{\"@type\":\"ListItem\",\"position\":2,\"name\":\"Islandia abre sus fronteras tras el coronavirus\"}]},{\"@type\":\"WebSite\",\"@id\":\"https:\/\/noti-america.com\/site\/espana\/#website\",\"url\":\"https:\/\/noti-america.com\/site\/espana\/\",\"name\":\"Espa\u00f1a | Noti-America.com\",\"description\":\"\",\"publisher\":{\"@id\":\"https:\/\/noti-america.com\/site\/espana\/#organization\"},\"potentialAction\":[{\"@type\":\"SearchAction\",\"target\":{\"@type\":\"EntryPoint\",\"urlTemplate\":\"https:\/\/noti-america.com\/site\/espana\/?s={search_term_string}\"},\"query-input\":{\"@type\":\"PropertyValueSpecification\",\"valueRequired\":true,\"valueName\":\"search_term_string\"}}],\"inLanguage\":\"es\"},{\"@type\":\"Organization\",\"@id\":\"https:\/\/noti-america.com\/site\/espana\/#organization\",\"name\":\"Noti-America LLC | Espa\u00f1a\",\"url\":\"https:\/\/noti-america.com\/site\/espana\/\",\"logo\":{\"@type\":\"ImageObject\",\"inLanguage\":\"es\",\"@id\":\"https:\/\/noti-america.com\/site\/espana\/#\/schema\/logo\/image\/\",\"url\":\"https:\/\/noti-america.com\/site\/espana\/wp-content\/uploads\/sites\/25\/2020\/07\/LogoNA-4x3-1.jpg\",\"contentUrl\":\"https:\/\/noti-america.com\/site\/espana\/wp-content\/uploads\/sites\/25\/2020\/07\/LogoNA-4x3-1.jpg\",\"width\":1236,\"height\":1080,\"caption\":\"Noti-America LLC | Espa\u00f1a\"},\"image\":{\"@id\":\"https:\/\/noti-america.com\/site\/espana\/#\/schema\/logo\/image\/\"},\"sameAs\":[\"https:\/\/x.com\/notiamerica\"]},{\"@type\":\"Person\",\"@id\":\"https:\/\/noti-america.com\/site\/espana\/#\/schema\/person\/fd58dbfb92a257e9dc5761bf69a855ff\",\"name\":\"Rosmer Herrera\",\"image\":{\"@type\":\"ImageObject\",\"inLanguage\":\"es\",\"@id\":\"https:\/\/secure.gravatar.com\/avatar\/153e75c261394dbf20ff1a1e70ea2be9494f2b40b7fc4e7704084db13220ae08?s=96&d=mm&r=g\",\"url\":\"https:\/\/secure.gravatar.com\/avatar\/153e75c261394dbf20ff1a1e70ea2be9494f2b40b7fc4e7704084db13220ae08?s=96&d=mm&r=g\",\"contentUrl\":\"https:\/\/secure.gravatar.com\/avatar\/153e75c261394dbf20ff1a1e70ea2be9494f2b40b7fc4e7704084db13220ae08?s=96&d=mm&r=g\",\"caption\":\"Rosmer Herrera\"},\"url\":\"https:\/\/noti-america.com\/site\/espana\/author\/rosmer33\/\"}]}<\/script>\n<!-- \/ Yoast SEO Premium plugin. -->","yoast_head_json":{"title":"Islandia abre sus fronteras tras el coronavirus - Espa\u00f1a | Noti-America.com","robots":{"index":"index","follow":"follow","max-snippet":"max-snippet:-1","max-image-preview":"max-image-preview:large","max-video-preview":"max-video-preview:-1"},"canonical":"https:\/\/noti-america.com\/site\/espana\/2022\/03\/06\/islandia-abre-sus-fronteras-tras-el-coronavirus\/","og_locale":"es_ES","og_type":"article","og_title":"Islandia abre sus fronteras tras el coronavirus","og_description":"Nota de Prensa &#8211; Comunicae Media Island Tours, primer turoperador espa\u00f1ol especialista en Islandia, se hace eco en su sitio web de la resoluci\u00f3n tomada el pasado 25 de febrero por el ministro de&#46;&#46;&#46;","og_url":"https:\/\/noti-america.com\/site\/espana\/2022\/03\/06\/islandia-abre-sus-fronteras-tras-el-coronavirus\/","og_site_name":"Espa\u00f1a | Noti-America.com","article_published_time":"2022-03-06T14:02:49+00:00","article_modified_time":"2022-03-06T18:03:01+00:00","og_image":[{"width":1600,"height":900,"url":"https:\/\/noti-america.com\/site\/espana\/wp-content\/uploads\/sites\/25\/2025\/02\/descarga-5-2.jpeg","type":"image\/jpeg"}],"author":"Rosmer Herrera","twitter_card":"summary_large_image","twitter_creator":"@notiamerica","twitter_site":"@notiamerica","twitter_misc":{"Escrito por":"Rosmer Herrera","Tiempo estimado de lectura":"3 minutos"},"schema":{"@context":"https:\/\/schema.org","@graph":[{"@type":"Article","@id":"https:\/\/noti-america.com\/site\/espana\/2022\/03\/06\/islandia-abre-sus-fronteras-tras-el-coronavirus\/#article","isPartOf":{"@id":"https:\/\/noti-america.com\/site\/espana\/2022\/03\/06\/islandia-abre-sus-fronteras-tras-el-coronavirus\/"},"author":{"name":"Rosmer Herrera","@id":"https:\/\/noti-america.com\/site\/espana\/#\/schema\/person\/fd58dbfb92a257e9dc5761bf69a855ff"},"headline":"Islandia abre sus fronteras tras el coronavirus","datePublished":"2022-03-06T14:02:49+00:00","dateModified":"2022-03-06T18:03:01+00:00","mainEntityOfPage":{"@id":"https:\/\/noti-america.com\/site\/espana\/2022\/03\/06\/islandia-abre-sus-fronteras-tras-el-coronavirus\/"},"wordCount":501,"commentCount":0,"publisher":{"@id":"https:\/\/noti-america.com\/site\/espana\/#organization"},"image":{"@id":"https:\/\/noti-america.com\/site\/espana\/2022\/03\/06\/islandia-abre-sus-fronteras-tras-el-coronavirus\/#primaryimage"},"thumbnailUrl":"https:\/\/noti-america.com\/site\/espana\/wp-content\/uploads\/sites\/25\/2022\/03\/1646313359_nordurljosashow011_1_.jpg","articleSection":["Actualidad","Turismo"],"inLanguage":"es","potentialAction":[{"@type":"CommentAction","name":"Comment","target":["https:\/\/noti-america.com\/site\/espana\/2022\/03\/06\/islandia-abre-sus-fronteras-tras-el-coronavirus\/#respond"]}]},{"@type":"WebPage","@id":"https:\/\/noti-america.com\/site\/espana\/2022\/03\/06\/islandia-abre-sus-fronteras-tras-el-coronavirus\/","url":"https:\/\/noti-america.com\/site\/espana\/2022\/03\/06\/islandia-abre-sus-fronteras-tras-el-coronavirus\/","name":"Islandia abre sus fronteras tras el coronavirus - Espa\u00f1a | Noti-America.com","isPartOf":{"@id":"https:\/\/noti-america.com\/site\/espana\/#website"},"primaryImageOfPage":{"@id":"https:\/\/noti-america.com\/site\/espana\/2022\/03\/06\/islandia-abre-sus-fronteras-tras-el-coronavirus\/#primaryimage"},"image":{"@id":"https:\/\/noti-america.com\/site\/espana\/2022\/03\/06\/islandia-abre-sus-fronteras-tras-el-coronavirus\/#primaryimage"},"thumbnailUrl":"https:\/\/noti-america.com\/site\/espana\/wp-content\/uploads\/sites\/25\/2022\/03\/1646313359_nordurljosashow011_1_.jpg","datePublished":"2022-03-06T14:02:49+00:00","dateModified":"2022-03-06T18:03:01+00:00","breadcrumb":{"@id":"https:\/\/noti-america.com\/site\/espana\/2022\/03\/06\/islandia-abre-sus-fronteras-tras-el-coronavirus\/#breadcrumb"},"inLanguage":"es","potentialAction":[{"@type":"ReadAction","target":["https:\/\/noti-america.com\/site\/espana\/2022\/03\/06\/islandia-abre-sus-fronteras-tras-el-coronavirus\/"]}]},{"@type":"ImageObject","inLanguage":"es","@id":"https:\/\/noti-america.com\/site\/espana\/2022\/03\/06\/islandia-abre-sus-fronteras-tras-el-coronavirus\/#primaryimage","url":"https:\/\/noti-america.com\/site\/espana\/wp-content\/uploads\/sites\/25\/2022\/03\/1646313359_nordurljosashow011_1_.jpg","contentUrl":"https:\/\/noti-america.com\/site\/espana\/wp-content\/uploads\/sites\/25\/2022\/03\/1646313359_nordurljosashow011_1_.jpg","width":1920,"height":1280},{"@type":"BreadcrumbList","@id":"https:\/\/noti-america.com\/site\/espana\/2022\/03\/06\/islandia-abre-sus-fronteras-tras-el-coronavirus\/#breadcrumb","itemListElement":[{"@type":"ListItem","position":1,"name":"Portada","item":"https:\/\/noti-america.com\/site\/espana\/"},{"@type":"ListItem","position":2,"name":"Islandia abre sus fronteras tras el coronavirus"}]},{"@type":"WebSite","@id":"https:\/\/noti-america.com\/site\/espana\/#website","url":"https:\/\/noti-america.com\/site\/espana\/","name":"Espa\u00f1a | Noti-America.com","description":"","publisher":{"@id":"https:\/\/noti-america.com\/site\/espana\/#organization"},"potentialAction":[{"@type":"SearchAction","target":{"@type":"EntryPoint","urlTemplate":"https:\/\/noti-america.com\/site\/espana\/?s={search_term_string}"},"query-input":{"@type":"PropertyValueSpecification","valueRequired":true,"valueName":"search_term_string"}}],"inLanguage":"es"},{"@type":"Organization","@id":"https:\/\/noti-america.com\/site\/espana\/#organization","name":"Noti-America LLC | Espa\u00f1a","url":"https:\/\/noti-america.com\/site\/espana\/","logo":{"@type":"ImageObject","inLanguage":"es","@id":"https:\/\/noti-america.com\/site\/espana\/#\/schema\/logo\/image\/","url":"https:\/\/noti-america.com\/site\/espana\/wp-content\/uploads\/sites\/25\/2020\/07\/LogoNA-4x3-1.jpg","contentUrl":"https:\/\/noti-america.com\/site\/espana\/wp-content\/uploads\/sites\/25\/2020\/07\/LogoNA-4x3-1.jpg","width":1236,"height":1080,"caption":"Noti-America LLC | Espa\u00f1a"},"image":{"@id":"https:\/\/noti-america.com\/site\/espana\/#\/schema\/logo\/image\/"},"sameAs":["https:\/\/x.com\/notiamerica"]},{"@type":"Person","@id":"https:\/\/noti-america.com\/site\/espana\/#\/schema\/person\/fd58dbfb92a257e9dc5761bf69a855ff","name":"Rosmer Herrera","image":{"@type":"ImageObject","inLanguage":"es","@id":"https:\/\/secure.gravatar.com\/avatar\/153e75c261394dbf20ff1a1e70ea2be9494f2b40b7fc4e7704084db13220ae08?s=96&d=mm&r=g","url":"https:\/\/secure.gravatar.com\/avatar\/153e75c261394dbf20ff1a1e70ea2be9494f2b40b7fc4e7704084db13220ae08?s=96&d=mm&r=g","contentUrl":"https:\/\/secure.gravatar.com\/avatar\/153e75c261394dbf20ff1a1e70ea2be9494f2b40b7fc4e7704084db13220ae08?s=96&d=mm&r=g","caption":"Rosmer Herrera"},"url":"https:\/\/noti-america.com\/site\/espana\/author\/rosmer33\/"}]}},"_links":{"self":[{"href":"https:\/\/noti-america.com\/site\/espana\/wp-json\/wp\/v2\/posts\/6259","targetHints":{"allow":["GET"]}}],"collection":[{"href":"https:\/\/noti-america.com\/site\/espana\/wp-json\/wp\/v2\/posts"}],"about":[{"href":"https:\/\/noti-america.com\/site\/espana\/wp-json\/wp\/v2\/types\/post"}],"author":[{"embeddable":true,"href":"https:\/\/noti-america.com\/site\/espana\/wp-json\/wp\/v2\/users\/1"}],"replies":[{"embeddable":true,"href":"https:\/\/noti-america.com\/site\/espana\/wp-json\/wp\/v2\/comments?post=6259"}],"version-history":[{"count":1,"href":"https:\/\/noti-america.com\/site\/espana\/wp-json\/wp\/v2\/posts\/6259\/revisions"}],"predecessor-version":[{"id":6261,"href":"https:\/\/noti-america.com\/site\/espana\/wp-json\/wp\/v2\/posts\/6259\/revisions\/6261"}],"wp:featuredmedia":[{"embeddable":true,"href":"https:\/\/noti-america.com\/site\/espana\/wp-json\/wp\/v2\/media\/6260"}],"wp:attachment":[{"href":"https:\/\/noti-america.com\/site\/espana\/wp-json\/wp\/v2\/media?parent=6259"}],"wp:term":[{"taxonomy":"category","embeddable":true,"href":"https:\/\/noti-america.com\/site\/espana\/wp-json\/wp\/v2\/categories?post=6259"},{"taxonomy":"post_tag","embeddable":true,"href":"https:\/\/noti-america.com\/site\/espana\/wp-json\/wp\/v2\/tags?post=6259"}],"curies":[{"name":"wp","href":"https:\/\/api.w.org\/{rel}","templated":true}]}}