{"id":5452,"date":"2021-10-15T12:31:57","date_gmt":"2021-10-15T12:31:57","guid":{"rendered":"https:\/\/noti-america.com\/site\/espana\/2021\/10\/15\/salvan-la-vida-de-una-camarera-gracias-al-desfibrilador-de-la-estacion-de-renfe-de-sant-andreu-arenal-en-barcelona\/"},"modified":"2021-10-15T16:32:13","modified_gmt":"2021-10-15T16:32:13","slug":"salvan-la-vida-de-una-camarera-gracias-al-desfibrilador-de-la-estacion-de-renfe-de-sant-andreu-arenal-en-barcelona","status":"publish","type":"post","link":"https:\/\/noti-america.com\/site\/espana\/2021\/10\/15\/salvan-la-vida-de-una-camarera-gracias-al-desfibrilador-de-la-estacion-de-renfe-de-sant-andreu-arenal-en-barcelona\/","title":{"rendered":"Salvan la vida de una camarera gracias al desfibrilador de la estaci\u00f3n de Renfe de Sant Andreu Arenal en Barcelona"},"content":{"rendered":"<p style=\"text-align: justify;\">Nota de Prensa &#8211; Comunicae Media<\/p>\n<p style=\"text-align: justify;\"><strong>La r\u00e1pida asistencia del vigilante de seguridad de la Estaci\u00f3n de RENFE de Sant Andreu Arenal que alert\u00f3 a los servicios de emergencia y procedieron a realizar la maniobra de resucitaci\u00f3n cardio pulmonar (RCP) y a usar el desfibrilador, fueron claves para salvar la vida de la camarera<\/strong><\/p>\n<p style=\"text-align: justify;\">Una camarera, empleada del bar de la estaci\u00f3n de Sant Andreu Arenal de RENFE en Barcelona salv\u00f3 su vida el pasado 28 de septiembre gracias a la actuaci\u00f3n del vigilante de seguridad de RENFE, junto con la guardia urbana y al uso del desfibrilador DOC de la empresa B+SAFE (Grupo ALMAS INDUSTRIES) instalado en la estaci\u00f3n. Poco despu\u00e9s de las 8:30h de la ma\u00f1ana esta persona sufri\u00f3 un desvanecimiento debido a una parada card\u00edaca. Inmediatamente fue atendida el vigilante de seguridad de la estaci\u00f3n que, dio la alerta a los servicios de emergencia y procedieron a realizar la maniobra de resucitaci\u00f3n cardio pulmonar (RCP) y utilizar el desfibrilador de la estaci\u00f3n que indico la necesidad de descarga. Dicha actuaci\u00f3n junto a la descarga del desfibrilador hizo que la v\u00edctima recuperara el pulso tras lo que fue trasladada inmediatamente al centro hospitalario.<\/p>\n<p style=\"text-align: justify;\">\u00abPor parte de Renfe, queremos\u00a0agradecer las actuaciones del personal de seguridad y las autoridades para salvar la vida de esta persona, que actualmente se est\u00e1 recuperando favorablemente en casa. Este hecho, coincidi\u00f3 pr\u00e1cticamente con el d\u00eda del Coraz\u00f3n y su recuperaci\u00f3n queremos celebrarla en el d\u00eda del paro card\u00edaco que se conmemora el pr\u00f3ximo 16 de octubre. Actualmente, son 15 las estaciones de Rodalies de Catalu\u00f1a que cuentan con desfibriladores que en caso necesario puede salvar la vida de las personas, as\u00ed con un gran n\u00famero de estaciones en el resto de la pen\u00ednsula\u00bb.<\/p>\n<p style=\"text-align: justify;\"><strong>Semana del coraz\u00f3n<\/strong><br \/>\nEl incidente cardiaco resuelto con \u00e9xito se ha producido en plena semana del coraz\u00f3n y confirma el papel clave de los desfibriladores para salvar vidas cuando se produce este tipo de accidentes. El desfibrilador utilizado es un desfibrilador semiautom\u00e1tico marca DOC de la empresa B+SAFE, dotado de telecontrol, llamada al 112 y geolocalizaci\u00f3n.<\/p>\n<p style=\"text-align: justify;\"><strong>Espacios cardioprotegidos conectados<\/strong><br \/>\nLa cardioprotecci\u00f3n es una tendencia emergente orientada a la protecci\u00f3n del coraz\u00f3n en caso de episodios card\u00edacos. El gran n\u00famero de muertes por paro card\u00edaco en la poblaci\u00f3n ha animado a gobiernos, empresas, entidades y asociaciones a concienciar a la poblaci\u00f3n y tomar medidas que permitan revertir la situaci\u00f3n gracias a la creaci\u00f3n de zonas o espacios cardioprotegidos.<\/p>\n<p style=\"text-align: justify;\">Estas zonas cuentan con, al menos, un desfibrilador, con mantenimiento garantizado y con personas adecuadamente formadas para poder garantizar una r\u00e1pida actuaci\u00f3n en caso de paro card\u00edaco repentino (para conseguir que vuelva a latir el coraz\u00f3n de la persona afectada), hasta la llegada de los servicios m\u00e9dicos de emergencia.<\/p>\n<p style=\"text-align: justify;\">Para que las posibilidades de supervivencia ante un paro card\u00edaco repentino sean \u00f3ptimas, se debe realizar de forma inmediata una resucitaci\u00f3n cardiopulmonar (RCP) que permita mantener el flujo necesario de sangre oxigenada al cerebro hasta que se restablezca el ritmo card\u00edaco normal mediante la descarga el\u00e9ctrica suministrada por un desfibrilador. El tiempo m\u00e1ximo para aplicar la desfibrilaci\u00f3n a una persona que ha sufrido un paro cardiaco repentino es de un m\u00e1ximo de 5 minutos.<\/p>\n","protected":false},"excerpt":{"rendered":"<p>Nota de Prensa &#8211; Comunicae Media La r\u00e1pida asistencia del vigilante de seguridad de la Estaci\u00f3n de RENFE de Sant Andreu Arenal que alert\u00f3 a los servicios de emergencia y procedieron a realizar la&#46;&#46;&#46;<\/p>\n","protected":false},"author":1,"featured_media":5453,"comment_status":"open","ping_status":"open","sticky":false,"template":"","format":"image","meta":{"_acf_changed":false,"om_disable_all_campaigns":false,"rop_custom_images_group":[],"rop_custom_messages_group":[],"rop_publish_now":"initial","rop_publish_now_accounts":[],"rop_publish_now_history":[],"rop_publish_now_status":"pending","_uf_show_specific_survey":0,"_uf_disable_surveys":false,"footnotes":""},"categories":[136,11],"tags":[],"class_list":["post-5452","post","type-post","status-publish","format-image","has-post-thumbnail","hentry","category-actualidad","category-sucesos","post_format-post-format-image"],"acf":[],"aioseo_notices":[],"yoast_head":"<!-- This site is optimized with the Yoast SEO Premium plugin v24.9 (Yoast SEO v27.2) - https:\/\/yoast.com\/product\/yoast-seo-premium-wordpress\/ -->\n<title>Salvan la vida de una camarera gracias al desfibrilador de la estaci\u00f3n de Renfe de Sant Andreu Arenal en Barcelona - Espa\u00f1a | Noti-America.com<\/title>\n<meta name=\"robots\" content=\"index, follow, max-snippet:-1, max-image-preview:large, max-video-preview:-1\" \/>\n<link rel=\"canonical\" href=\"https:\/\/noti-america.com\/site\/espana\/2021\/10\/15\/salvan-la-vida-de-una-camarera-gracias-al-desfibrilador-de-la-estacion-de-renfe-de-sant-andreu-arenal-en-barcelona\/\" \/>\n<meta property=\"og:locale\" content=\"es_ES\" \/>\n<meta property=\"og:type\" content=\"article\" \/>\n<meta property=\"og:title\" content=\"Salvan la vida de una camarera gracias al desfibrilador de la estaci\u00f3n de Renfe de Sant Andreu Arenal en Barcelona\" \/>\n<meta property=\"og:description\" content=\"Nota de Prensa &#8211; Comunicae Media La r\u00e1pida asistencia del vigilante de seguridad de la Estaci\u00f3n de RENFE de Sant Andreu Arenal que alert\u00f3 a los servicios de emergencia y procedieron a realizar la&#046;&#046;&#046;\" \/>\n<meta property=\"og:url\" content=\"https:\/\/noti-america.com\/site\/espana\/2021\/10\/15\/salvan-la-vida-de-una-camarera-gracias-al-desfibrilador-de-la-estacion-de-renfe-de-sant-andreu-arenal-en-barcelona\/\" \/>\n<meta property=\"og:site_name\" content=\"Espa\u00f1a | Noti-America.com\" \/>\n<meta property=\"article:published_time\" content=\"2021-10-15T12:31:57+00:00\" \/>\n<meta property=\"article:modified_time\" content=\"2021-10-15T16:32:13+00:00\" \/>\n<meta property=\"og:image\" content=\"https:\/\/noti-america.com\/site\/espana\/wp-content\/uploads\/sites\/25\/2021\/10\/1634295535_DesfibriladorDOCEstaci_n_RENFE_Sant_Andreu.jpg\" \/>\n\t<meta property=\"og:image:width\" content=\"900\" \/>\n\t<meta property=\"og:image:height\" content=\"659\" \/>\n\t<meta property=\"og:image:type\" content=\"image\/jpeg\" \/>\n<meta name=\"author\" content=\"Rosmer Herrera\" \/>\n<meta name=\"twitter:card\" content=\"summary_large_image\" \/>\n<meta name=\"twitter:creator\" content=\"@notiamerica\" \/>\n<meta name=\"twitter:site\" content=\"@notiamerica\" \/>\n<meta name=\"twitter:label1\" content=\"Escrito por\" \/>\n\t<meta name=\"twitter:data1\" content=\"Rosmer Herrera\" \/>\n\t<meta name=\"twitter:label2\" content=\"Tiempo estimado de lectura\" \/>\n\t<meta name=\"twitter:data2\" content=\"3 minutos\" \/>\n<script type=\"application\/ld+json\" class=\"yoast-schema-graph\">{\"@context\":\"https:\/\/schema.org\",\"@graph\":[{\"@type\":\"Article\",\"@id\":\"https:\/\/noti-america.com\/site\/espana\/2021\/10\/15\/salvan-la-vida-de-una-camarera-gracias-al-desfibrilador-de-la-estacion-de-renfe-de-sant-andreu-arenal-en-barcelona\/#article\",\"isPartOf\":{\"@id\":\"https:\/\/noti-america.com\/site\/espana\/2021\/10\/15\/salvan-la-vida-de-una-camarera-gracias-al-desfibrilador-de-la-estacion-de-renfe-de-sant-andreu-arenal-en-barcelona\/\"},\"author\":{\"name\":\"Rosmer Herrera\",\"@id\":\"https:\/\/noti-america.com\/site\/espana\/#\/schema\/person\/fd58dbfb92a257e9dc5761bf69a855ff\"},\"headline\":\"Salvan la vida de una camarera gracias al desfibrilador de la estaci\u00f3n de Renfe de Sant Andreu Arenal en Barcelona\",\"datePublished\":\"2021-10-15T12:31:57+00:00\",\"dateModified\":\"2021-10-15T16:32:13+00:00\",\"mainEntityOfPage\":{\"@id\":\"https:\/\/noti-america.com\/site\/espana\/2021\/10\/15\/salvan-la-vida-de-una-camarera-gracias-al-desfibrilador-de-la-estacion-de-renfe-de-sant-andreu-arenal-en-barcelona\/\"},\"wordCount\":598,\"commentCount\":0,\"publisher\":{\"@id\":\"https:\/\/noti-america.com\/site\/espana\/#organization\"},\"image\":{\"@id\":\"https:\/\/noti-america.com\/site\/espana\/2021\/10\/15\/salvan-la-vida-de-una-camarera-gracias-al-desfibrilador-de-la-estacion-de-renfe-de-sant-andreu-arenal-en-barcelona\/#primaryimage\"},\"thumbnailUrl\":\"https:\/\/noti-america.com\/site\/espana\/wp-content\/uploads\/sites\/25\/2021\/10\/1634295535_DesfibriladorDOCEstaci_n_RENFE_Sant_Andreu.jpg\",\"articleSection\":[\"Actualidad\",\"Sucesos\"],\"inLanguage\":\"es\",\"potentialAction\":[{\"@type\":\"CommentAction\",\"name\":\"Comment\",\"target\":[\"https:\/\/noti-america.com\/site\/espana\/2021\/10\/15\/salvan-la-vida-de-una-camarera-gracias-al-desfibrilador-de-la-estacion-de-renfe-de-sant-andreu-arenal-en-barcelona\/#respond\"]}]},{\"@type\":\"WebPage\",\"@id\":\"https:\/\/noti-america.com\/site\/espana\/2021\/10\/15\/salvan-la-vida-de-una-camarera-gracias-al-desfibrilador-de-la-estacion-de-renfe-de-sant-andreu-arenal-en-barcelona\/\",\"url\":\"https:\/\/noti-america.com\/site\/espana\/2021\/10\/15\/salvan-la-vida-de-una-camarera-gracias-al-desfibrilador-de-la-estacion-de-renfe-de-sant-andreu-arenal-en-barcelona\/\",\"name\":\"Salvan la vida de una camarera gracias al desfibrilador de la estaci\u00f3n de Renfe de Sant Andreu Arenal en Barcelona - Espa\u00f1a | Noti-America.com\",\"isPartOf\":{\"@id\":\"https:\/\/noti-america.com\/site\/espana\/#website\"},\"primaryImageOfPage\":{\"@id\":\"https:\/\/noti-america.com\/site\/espana\/2021\/10\/15\/salvan-la-vida-de-una-camarera-gracias-al-desfibrilador-de-la-estacion-de-renfe-de-sant-andreu-arenal-en-barcelona\/#primaryimage\"},\"image\":{\"@id\":\"https:\/\/noti-america.com\/site\/espana\/2021\/10\/15\/salvan-la-vida-de-una-camarera-gracias-al-desfibrilador-de-la-estacion-de-renfe-de-sant-andreu-arenal-en-barcelona\/#primaryimage\"},\"thumbnailUrl\":\"https:\/\/noti-america.com\/site\/espana\/wp-content\/uploads\/sites\/25\/2021\/10\/1634295535_DesfibriladorDOCEstaci_n_RENFE_Sant_Andreu.jpg\",\"datePublished\":\"2021-10-15T12:31:57+00:00\",\"dateModified\":\"2021-10-15T16:32:13+00:00\",\"breadcrumb\":{\"@id\":\"https:\/\/noti-america.com\/site\/espana\/2021\/10\/15\/salvan-la-vida-de-una-camarera-gracias-al-desfibrilador-de-la-estacion-de-renfe-de-sant-andreu-arenal-en-barcelona\/#breadcrumb\"},\"inLanguage\":\"es\",\"potentialAction\":[{\"@type\":\"ReadAction\",\"target\":[\"https:\/\/noti-america.com\/site\/espana\/2021\/10\/15\/salvan-la-vida-de-una-camarera-gracias-al-desfibrilador-de-la-estacion-de-renfe-de-sant-andreu-arenal-en-barcelona\/\"]}]},{\"@type\":\"ImageObject\",\"inLanguage\":\"es\",\"@id\":\"https:\/\/noti-america.com\/site\/espana\/2021\/10\/15\/salvan-la-vida-de-una-camarera-gracias-al-desfibrilador-de-la-estacion-de-renfe-de-sant-andreu-arenal-en-barcelona\/#primaryimage\",\"url\":\"https:\/\/noti-america.com\/site\/espana\/wp-content\/uploads\/sites\/25\/2021\/10\/1634295535_DesfibriladorDOCEstaci_n_RENFE_Sant_Andreu.jpg\",\"contentUrl\":\"https:\/\/noti-america.com\/site\/espana\/wp-content\/uploads\/sites\/25\/2021\/10\/1634295535_DesfibriladorDOCEstaci_n_RENFE_Sant_Andreu.jpg\",\"width\":900,\"height\":659},{\"@type\":\"BreadcrumbList\",\"@id\":\"https:\/\/noti-america.com\/site\/espana\/2021\/10\/15\/salvan-la-vida-de-una-camarera-gracias-al-desfibrilador-de-la-estacion-de-renfe-de-sant-andreu-arenal-en-barcelona\/#breadcrumb\",\"itemListElement\":[{\"@type\":\"ListItem\",\"position\":1,\"name\":\"Portada\",\"item\":\"https:\/\/noti-america.com\/site\/espana\/\"},{\"@type\":\"ListItem\",\"position\":2,\"name\":\"Salvan la vida de una camarera gracias al desfibrilador de la estaci\u00f3n de Renfe de Sant Andreu Arenal en Barcelona\"}]},{\"@type\":\"WebSite\",\"@id\":\"https:\/\/noti-america.com\/site\/espana\/#website\",\"url\":\"https:\/\/noti-america.com\/site\/espana\/\",\"name\":\"Espa\u00f1a | Noti-America.com\",\"description\":\"\",\"publisher\":{\"@id\":\"https:\/\/noti-america.com\/site\/espana\/#organization\"},\"potentialAction\":[{\"@type\":\"SearchAction\",\"target\":{\"@type\":\"EntryPoint\",\"urlTemplate\":\"https:\/\/noti-america.com\/site\/espana\/?s={search_term_string}\"},\"query-input\":{\"@type\":\"PropertyValueSpecification\",\"valueRequired\":true,\"valueName\":\"search_term_string\"}}],\"inLanguage\":\"es\"},{\"@type\":\"Organization\",\"@id\":\"https:\/\/noti-america.com\/site\/espana\/#organization\",\"name\":\"Noti-America LLC | Espa\u00f1a\",\"url\":\"https:\/\/noti-america.com\/site\/espana\/\",\"logo\":{\"@type\":\"ImageObject\",\"inLanguage\":\"es\",\"@id\":\"https:\/\/noti-america.com\/site\/espana\/#\/schema\/logo\/image\/\",\"url\":\"https:\/\/noti-america.com\/site\/espana\/wp-content\/uploads\/sites\/25\/2020\/07\/LogoNA-4x3-1.jpg\",\"contentUrl\":\"https:\/\/noti-america.com\/site\/espana\/wp-content\/uploads\/sites\/25\/2020\/07\/LogoNA-4x3-1.jpg\",\"width\":1236,\"height\":1080,\"caption\":\"Noti-America LLC | Espa\u00f1a\"},\"image\":{\"@id\":\"https:\/\/noti-america.com\/site\/espana\/#\/schema\/logo\/image\/\"},\"sameAs\":[\"https:\/\/x.com\/notiamerica\"]},{\"@type\":\"Person\",\"@id\":\"https:\/\/noti-america.com\/site\/espana\/#\/schema\/person\/fd58dbfb92a257e9dc5761bf69a855ff\",\"name\":\"Rosmer Herrera\",\"image\":{\"@type\":\"ImageObject\",\"inLanguage\":\"es\",\"@id\":\"https:\/\/secure.gravatar.com\/avatar\/153e75c261394dbf20ff1a1e70ea2be9494f2b40b7fc4e7704084db13220ae08?s=96&d=mm&r=g\",\"url\":\"https:\/\/secure.gravatar.com\/avatar\/153e75c261394dbf20ff1a1e70ea2be9494f2b40b7fc4e7704084db13220ae08?s=96&d=mm&r=g\",\"contentUrl\":\"https:\/\/secure.gravatar.com\/avatar\/153e75c261394dbf20ff1a1e70ea2be9494f2b40b7fc4e7704084db13220ae08?s=96&d=mm&r=g\",\"caption\":\"Rosmer Herrera\"},\"url\":\"https:\/\/noti-america.com\/site\/espana\/author\/rosmer33\/\"}]}<\/script>\n<!-- \/ Yoast SEO Premium plugin. -->","yoast_head_json":{"title":"Salvan la vida de una camarera gracias al desfibrilador de la estaci\u00f3n de Renfe de Sant Andreu Arenal en Barcelona - Espa\u00f1a | Noti-America.com","robots":{"index":"index","follow":"follow","max-snippet":"max-snippet:-1","max-image-preview":"max-image-preview:large","max-video-preview":"max-video-preview:-1"},"canonical":"https:\/\/noti-america.com\/site\/espana\/2021\/10\/15\/salvan-la-vida-de-una-camarera-gracias-al-desfibrilador-de-la-estacion-de-renfe-de-sant-andreu-arenal-en-barcelona\/","og_locale":"es_ES","og_type":"article","og_title":"Salvan la vida de una camarera gracias al desfibrilador de la estaci\u00f3n de Renfe de Sant Andreu Arenal en Barcelona","og_description":"Nota de Prensa &#8211; Comunicae Media La r\u00e1pida asistencia del vigilante de seguridad de la Estaci\u00f3n de RENFE de Sant Andreu Arenal que alert\u00f3 a los servicios de emergencia y procedieron a realizar la&#46;&#46;&#46;","og_url":"https:\/\/noti-america.com\/site\/espana\/2021\/10\/15\/salvan-la-vida-de-una-camarera-gracias-al-desfibrilador-de-la-estacion-de-renfe-de-sant-andreu-arenal-en-barcelona\/","og_site_name":"Espa\u00f1a | Noti-America.com","article_published_time":"2021-10-15T12:31:57+00:00","article_modified_time":"2021-10-15T16:32:13+00:00","og_image":[{"width":900,"height":659,"url":"https:\/\/noti-america.com\/site\/espana\/wp-content\/uploads\/sites\/25\/2021\/10\/1634295535_DesfibriladorDOCEstaci_n_RENFE_Sant_Andreu.jpg","type":"image\/jpeg"}],"author":"Rosmer Herrera","twitter_card":"summary_large_image","twitter_creator":"@notiamerica","twitter_site":"@notiamerica","twitter_misc":{"Escrito por":"Rosmer Herrera","Tiempo estimado de lectura":"3 minutos"},"schema":{"@context":"https:\/\/schema.org","@graph":[{"@type":"Article","@id":"https:\/\/noti-america.com\/site\/espana\/2021\/10\/15\/salvan-la-vida-de-una-camarera-gracias-al-desfibrilador-de-la-estacion-de-renfe-de-sant-andreu-arenal-en-barcelona\/#article","isPartOf":{"@id":"https:\/\/noti-america.com\/site\/espana\/2021\/10\/15\/salvan-la-vida-de-una-camarera-gracias-al-desfibrilador-de-la-estacion-de-renfe-de-sant-andreu-arenal-en-barcelona\/"},"author":{"name":"Rosmer Herrera","@id":"https:\/\/noti-america.com\/site\/espana\/#\/schema\/person\/fd58dbfb92a257e9dc5761bf69a855ff"},"headline":"Salvan la vida de una camarera gracias al desfibrilador de la estaci\u00f3n de Renfe de Sant Andreu Arenal en Barcelona","datePublished":"2021-10-15T12:31:57+00:00","dateModified":"2021-10-15T16:32:13+00:00","mainEntityOfPage":{"@id":"https:\/\/noti-america.com\/site\/espana\/2021\/10\/15\/salvan-la-vida-de-una-camarera-gracias-al-desfibrilador-de-la-estacion-de-renfe-de-sant-andreu-arenal-en-barcelona\/"},"wordCount":598,"commentCount":0,"publisher":{"@id":"https:\/\/noti-america.com\/site\/espana\/#organization"},"image":{"@id":"https:\/\/noti-america.com\/site\/espana\/2021\/10\/15\/salvan-la-vida-de-una-camarera-gracias-al-desfibrilador-de-la-estacion-de-renfe-de-sant-andreu-arenal-en-barcelona\/#primaryimage"},"thumbnailUrl":"https:\/\/noti-america.com\/site\/espana\/wp-content\/uploads\/sites\/25\/2021\/10\/1634295535_DesfibriladorDOCEstaci_n_RENFE_Sant_Andreu.jpg","articleSection":["Actualidad","Sucesos"],"inLanguage":"es","potentialAction":[{"@type":"CommentAction","name":"Comment","target":["https:\/\/noti-america.com\/site\/espana\/2021\/10\/15\/salvan-la-vida-de-una-camarera-gracias-al-desfibrilador-de-la-estacion-de-renfe-de-sant-andreu-arenal-en-barcelona\/#respond"]}]},{"@type":"WebPage","@id":"https:\/\/noti-america.com\/site\/espana\/2021\/10\/15\/salvan-la-vida-de-una-camarera-gracias-al-desfibrilador-de-la-estacion-de-renfe-de-sant-andreu-arenal-en-barcelona\/","url":"https:\/\/noti-america.com\/site\/espana\/2021\/10\/15\/salvan-la-vida-de-una-camarera-gracias-al-desfibrilador-de-la-estacion-de-renfe-de-sant-andreu-arenal-en-barcelona\/","name":"Salvan la vida de una camarera gracias al desfibrilador de la estaci\u00f3n de Renfe de Sant Andreu Arenal en Barcelona - Espa\u00f1a | Noti-America.com","isPartOf":{"@id":"https:\/\/noti-america.com\/site\/espana\/#website"},"primaryImageOfPage":{"@id":"https:\/\/noti-america.com\/site\/espana\/2021\/10\/15\/salvan-la-vida-de-una-camarera-gracias-al-desfibrilador-de-la-estacion-de-renfe-de-sant-andreu-arenal-en-barcelona\/#primaryimage"},"image":{"@id":"https:\/\/noti-america.com\/site\/espana\/2021\/10\/15\/salvan-la-vida-de-una-camarera-gracias-al-desfibrilador-de-la-estacion-de-renfe-de-sant-andreu-arenal-en-barcelona\/#primaryimage"},"thumbnailUrl":"https:\/\/noti-america.com\/site\/espana\/wp-content\/uploads\/sites\/25\/2021\/10\/1634295535_DesfibriladorDOCEstaci_n_RENFE_Sant_Andreu.jpg","datePublished":"2021-10-15T12:31:57+00:00","dateModified":"2021-10-15T16:32:13+00:00","breadcrumb":{"@id":"https:\/\/noti-america.com\/site\/espana\/2021\/10\/15\/salvan-la-vida-de-una-camarera-gracias-al-desfibrilador-de-la-estacion-de-renfe-de-sant-andreu-arenal-en-barcelona\/#breadcrumb"},"inLanguage":"es","potentialAction":[{"@type":"ReadAction","target":["https:\/\/noti-america.com\/site\/espana\/2021\/10\/15\/salvan-la-vida-de-una-camarera-gracias-al-desfibrilador-de-la-estacion-de-renfe-de-sant-andreu-arenal-en-barcelona\/"]}]},{"@type":"ImageObject","inLanguage":"es","@id":"https:\/\/noti-america.com\/site\/espana\/2021\/10\/15\/salvan-la-vida-de-una-camarera-gracias-al-desfibrilador-de-la-estacion-de-renfe-de-sant-andreu-arenal-en-barcelona\/#primaryimage","url":"https:\/\/noti-america.com\/site\/espana\/wp-content\/uploads\/sites\/25\/2021\/10\/1634295535_DesfibriladorDOCEstaci_n_RENFE_Sant_Andreu.jpg","contentUrl":"https:\/\/noti-america.com\/site\/espana\/wp-content\/uploads\/sites\/25\/2021\/10\/1634295535_DesfibriladorDOCEstaci_n_RENFE_Sant_Andreu.jpg","width":900,"height":659},{"@type":"BreadcrumbList","@id":"https:\/\/noti-america.com\/site\/espana\/2021\/10\/15\/salvan-la-vida-de-una-camarera-gracias-al-desfibrilador-de-la-estacion-de-renfe-de-sant-andreu-arenal-en-barcelona\/#breadcrumb","itemListElement":[{"@type":"ListItem","position":1,"name":"Portada","item":"https:\/\/noti-america.com\/site\/espana\/"},{"@type":"ListItem","position":2,"name":"Salvan la vida de una camarera gracias al desfibrilador de la estaci\u00f3n de Renfe de Sant Andreu Arenal en Barcelona"}]},{"@type":"WebSite","@id":"https:\/\/noti-america.com\/site\/espana\/#website","url":"https:\/\/noti-america.com\/site\/espana\/","name":"Espa\u00f1a | Noti-America.com","description":"","publisher":{"@id":"https:\/\/noti-america.com\/site\/espana\/#organization"},"potentialAction":[{"@type":"SearchAction","target":{"@type":"EntryPoint","urlTemplate":"https:\/\/noti-america.com\/site\/espana\/?s={search_term_string}"},"query-input":{"@type":"PropertyValueSpecification","valueRequired":true,"valueName":"search_term_string"}}],"inLanguage":"es"},{"@type":"Organization","@id":"https:\/\/noti-america.com\/site\/espana\/#organization","name":"Noti-America LLC | Espa\u00f1a","url":"https:\/\/noti-america.com\/site\/espana\/","logo":{"@type":"ImageObject","inLanguage":"es","@id":"https:\/\/noti-america.com\/site\/espana\/#\/schema\/logo\/image\/","url":"https:\/\/noti-america.com\/site\/espana\/wp-content\/uploads\/sites\/25\/2020\/07\/LogoNA-4x3-1.jpg","contentUrl":"https:\/\/noti-america.com\/site\/espana\/wp-content\/uploads\/sites\/25\/2020\/07\/LogoNA-4x3-1.jpg","width":1236,"height":1080,"caption":"Noti-America LLC | Espa\u00f1a"},"image":{"@id":"https:\/\/noti-america.com\/site\/espana\/#\/schema\/logo\/image\/"},"sameAs":["https:\/\/x.com\/notiamerica"]},{"@type":"Person","@id":"https:\/\/noti-america.com\/site\/espana\/#\/schema\/person\/fd58dbfb92a257e9dc5761bf69a855ff","name":"Rosmer Herrera","image":{"@type":"ImageObject","inLanguage":"es","@id":"https:\/\/secure.gravatar.com\/avatar\/153e75c261394dbf20ff1a1e70ea2be9494f2b40b7fc4e7704084db13220ae08?s=96&d=mm&r=g","url":"https:\/\/secure.gravatar.com\/avatar\/153e75c261394dbf20ff1a1e70ea2be9494f2b40b7fc4e7704084db13220ae08?s=96&d=mm&r=g","contentUrl":"https:\/\/secure.gravatar.com\/avatar\/153e75c261394dbf20ff1a1e70ea2be9494f2b40b7fc4e7704084db13220ae08?s=96&d=mm&r=g","caption":"Rosmer Herrera"},"url":"https:\/\/noti-america.com\/site\/espana\/author\/rosmer33\/"}]}},"_links":{"self":[{"href":"https:\/\/noti-america.com\/site\/espana\/wp-json\/wp\/v2\/posts\/5452","targetHints":{"allow":["GET"]}}],"collection":[{"href":"https:\/\/noti-america.com\/site\/espana\/wp-json\/wp\/v2\/posts"}],"about":[{"href":"https:\/\/noti-america.com\/site\/espana\/wp-json\/wp\/v2\/types\/post"}],"author":[{"embeddable":true,"href":"https:\/\/noti-america.com\/site\/espana\/wp-json\/wp\/v2\/users\/1"}],"replies":[{"embeddable":true,"href":"https:\/\/noti-america.com\/site\/espana\/wp-json\/wp\/v2\/comments?post=5452"}],"version-history":[{"count":1,"href":"https:\/\/noti-america.com\/site\/espana\/wp-json\/wp\/v2\/posts\/5452\/revisions"}],"predecessor-version":[{"id":5454,"href":"https:\/\/noti-america.com\/site\/espana\/wp-json\/wp\/v2\/posts\/5452\/revisions\/5454"}],"wp:featuredmedia":[{"embeddable":true,"href":"https:\/\/noti-america.com\/site\/espana\/wp-json\/wp\/v2\/media\/5453"}],"wp:attachment":[{"href":"https:\/\/noti-america.com\/site\/espana\/wp-json\/wp\/v2\/media?parent=5452"}],"wp:term":[{"taxonomy":"category","embeddable":true,"href":"https:\/\/noti-america.com\/site\/espana\/wp-json\/wp\/v2\/categories?post=5452"},{"taxonomy":"post_tag","embeddable":true,"href":"https:\/\/noti-america.com\/site\/espana\/wp-json\/wp\/v2\/tags?post=5452"}],"curies":[{"name":"wp","href":"https:\/\/api.w.org\/{rel}","templated":true}]}}