{"id":5404,"date":"2021-10-04T09:26:16","date_gmt":"2021-10-04T09:26:16","guid":{"rendered":"https:\/\/noti-america.com\/site\/espana\/2021\/10\/04\/como-el-covid-19-cambio-el-mundo-de-las-finanzas\/"},"modified":"2021-10-04T13:26:26","modified_gmt":"2021-10-04T13:26:26","slug":"como-el-covid-19-cambio-el-mundo-de-las-finanzas","status":"publish","type":"post","link":"https:\/\/noti-america.com\/site\/espana\/2021\/10\/04\/como-el-covid-19-cambio-el-mundo-de-las-finanzas\/","title":{"rendered":"C\u00f3mo el COVID-19 cambi\u00f3 el mundo de las finanzas"},"content":{"rendered":"<p style=\"text-align: justify;\">Nota de Prensa &#8211; Comunicae Media<\/p>\n<p style=\"text-align: justify;\"><strong>\u00abUna de las consecuencias m\u00e1s contundentes que ha generado esta larga pandemia ha sido, sin duda, el cambio en las tendencias de consumo en la sociedad, dejando una huella imborrable para todos los aspectos de la vida cotidiana, y de la mano de esta, la manera de manejar las finanzas personales\u00bb, destaca Gast\u00f3n Luis Apraiz, CEO de Inverpriban<\/strong><\/p>\n<p style=\"text-align: justify;\">Toda incertidumbre crea un gran cambio de paradigma en las personas, especialmente en la toma de decisiones, y la gran crisis sanitaria mundial que se ha\u00a0vivido, ha cambiado el mundo como se conoc\u00eda. A pesar de que las f\u00f3rmulas tradicionales de ahorro y diversificaci\u00f3n de ingresos contin\u00faan funcionando, no se puede\u00a0obviar el gran avance tecnol\u00f3gico que se est\u00e1 experimentando con las\u00a0<strong>nuevas tecnolog\u00edas<\/strong>\u00a0como es el\u00a0<strong>Blockchain y las DeFI<\/strong>, fortalecidas en la era post COVID.<\/p>\n<p style=\"text-align: justify;\">Esta \u00faltima afirmaci\u00f3n se ve reflejada en el gran impacto que estas\u00a0<strong>finanzas descentralizadas<\/strong>\u00a0est\u00e1n teniendo en la banca tradicional. Con un fuerte retroceso y cierre de oficinas por todo el territorio nacional, much\u00edsimas poblaciones han quedado al borde del abandono total de los servicios bancarios y, por ende, personas que trabajan y depend\u00edan de este sector, han sido excluidas.<\/p>\n<p style=\"text-align: justify;\">Por todo esto, es importante destacar lo importante que tiene que ser la difusi\u00f3n de la\u00a0<strong>educaci\u00f3n financiera<\/strong>\u00a0en la sociedad, desde los colegios hasta las universidades, con el fin de nutrir a las personas de los conocimientos necesarios para sobrellevar el mundo que se avecina, y as\u00ed no quedar al margen de las\u00a0<strong>nuevas tendencias financieras<\/strong>.<\/p>\n<p style=\"text-align: justify;\">Estas nuevas tendencias, que ya llegaron para quedarse, son:<\/p>\n<p style=\"text-align: justify;\">1.<strong>Aumento de pago sin contacto<\/strong>, lo que tambi\u00e9n puede convertirse en una v\u00eda de ahorro, ya que permite establecer l\u00edmites de gasto y tener un control m\u00e1s detallado de los mismos.<\/p>\n<p style=\"text-align: justify;\">2.Gestiones a distancia en la<strong>\u00a0banca online<\/strong>, pr\u00e1ctica muy habitual durante el confinamiento e impulsada cada vez m\u00e1s por el cierre de las oficinas f\u00edsicas.<\/p>\n<p style=\"text-align: justify;\">3.Una mayor tendencia a la\u00a0<strong>compra online<\/strong>\u00a0para conseguir mejores ofertas a trav\u00e9s de comparadores, un h\u00e1bito que siempre ha favorecido las finanzas y ha tomado fuerza en el \u00faltimo tiempo.<\/p>\n<p style=\"text-align: justify;\">\u201cEstos nuevos h\u00e1bitos desarrollar\u00e1n una mayor preocupaci\u00f3n en el consumidor por el ahorro, potenciando el \u201cfamoso colch\u00f3n financiero\u201d, un pensamiento normal en un contexto de incertidumbre como el que se contin\u00faa viviendo hasta el d\u00eda de hoy, generado por el alza en los precios de las materias primas, los servicios e insumos.\u00a0<strong>El presente y futuro est\u00e1n determinados a digitalizarse o morir en el intento<\/strong>\u201d, concluye Gast\u00f3n Luis Apraiz.<\/p>\n<p style=\"text-align: justify;\"><strong>Por: Gaston Luis Apraiz<br \/>\nCEO Inverpriban<\/strong><br \/>\n<a href=\"https:\/\/twitter.com\/Gaston_Apraiz\" target=\"_blank\" rel=\"noopener noreferrer\">https:\/\/twitter.com\/Gaston_Apraiz<\/a><\/p>\n","protected":false},"excerpt":{"rendered":"<p>Nota de Prensa &#8211; Comunicae Media \u00abUna de las consecuencias m\u00e1s contundentes que ha generado esta larga pandemia ha sido, sin duda, el cambio en las tendencias de consumo en la sociedad, dejando una&#46;&#46;&#46;<\/p>\n","protected":false},"author":1,"featured_media":5405,"comment_status":"open","ping_status":"open","sticky":false,"template":"","format":"image","meta":{"_acf_changed":false,"om_disable_all_campaigns":false,"rop_custom_images_group":[],"rop_custom_messages_group":[],"rop_publish_now":"initial","rop_publish_now_accounts":[],"rop_publish_now_history":[],"rop_publish_now_status":"pending","_uf_show_specific_survey":0,"_uf_disable_surveys":false,"footnotes":""},"categories":[136,5],"tags":[],"class_list":["post-5404","post","type-post","status-publish","format-image","has-post-thumbnail","hentry","category-actualidad","category-economia","post_format-post-format-image"],"acf":[],"aioseo_notices":[],"yoast_head":"<!-- This site is optimized with the Yoast SEO Premium plugin v24.9 (Yoast SEO v27.2) - https:\/\/yoast.com\/product\/yoast-seo-premium-wordpress\/ -->\n<title>C\u00f3mo el COVID-19 cambi\u00f3 el mundo de las finanzas - Espa\u00f1a | Noti-America.com<\/title>\n<meta name=\"robots\" content=\"index, follow, max-snippet:-1, max-image-preview:large, max-video-preview:-1\" \/>\n<link rel=\"canonical\" href=\"https:\/\/noti-america.com\/site\/espana\/2021\/10\/04\/como-el-covid-19-cambio-el-mundo-de-las-finanzas\/\" \/>\n<meta property=\"og:locale\" content=\"es_ES\" \/>\n<meta property=\"og:type\" content=\"article\" \/>\n<meta property=\"og:title\" content=\"C\u00f3mo el COVID-19 cambi\u00f3 el mundo de las finanzas\" \/>\n<meta property=\"og:description\" content=\"Nota de Prensa &#8211; Comunicae Media \u00abUna de las consecuencias m\u00e1s contundentes que ha generado esta larga pandemia ha sido, sin duda, el cambio en las tendencias de consumo en la sociedad, dejando una&#046;&#046;&#046;\" \/>\n<meta property=\"og:url\" content=\"https:\/\/noti-america.com\/site\/espana\/2021\/10\/04\/como-el-covid-19-cambio-el-mundo-de-las-finanzas\/\" \/>\n<meta property=\"og:site_name\" content=\"Espa\u00f1a | Noti-America.com\" \/>\n<meta property=\"article:published_time\" content=\"2021-10-04T09:26:16+00:00\" \/>\n<meta property=\"article:modified_time\" content=\"2021-10-04T13:26:26+00:00\" \/>\n<meta property=\"og:image\" content=\"https:\/\/noti-america.com\/site\/espana\/wp-content\/uploads\/sites\/25\/2021\/10\/1633348551_investment_currency_forex_economy_trade_concept53876_121265.jpg\" \/>\n\t<meta property=\"og:image:width\" content=\"626\" \/>\n\t<meta property=\"og:image:height\" content=\"626\" \/>\n\t<meta property=\"og:image:type\" content=\"image\/jpeg\" \/>\n<meta name=\"author\" content=\"Rosmer Herrera\" \/>\n<meta name=\"twitter:card\" content=\"summary_large_image\" \/>\n<meta name=\"twitter:creator\" content=\"@notiamerica\" \/>\n<meta name=\"twitter:site\" content=\"@notiamerica\" \/>\n<meta name=\"twitter:label1\" content=\"Escrito por\" \/>\n\t<meta name=\"twitter:data1\" content=\"Rosmer Herrera\" \/>\n\t<meta name=\"twitter:label2\" content=\"Tiempo estimado de lectura\" \/>\n\t<meta name=\"twitter:data2\" content=\"2 minutos\" \/>\n<script type=\"application\/ld+json\" class=\"yoast-schema-graph\">{\"@context\":\"https:\/\/schema.org\",\"@graph\":[{\"@type\":\"Article\",\"@id\":\"https:\/\/noti-america.com\/site\/espana\/2021\/10\/04\/como-el-covid-19-cambio-el-mundo-de-las-finanzas\/#article\",\"isPartOf\":{\"@id\":\"https:\/\/noti-america.com\/site\/espana\/2021\/10\/04\/como-el-covid-19-cambio-el-mundo-de-las-finanzas\/\"},\"author\":{\"name\":\"Rosmer Herrera\",\"@id\":\"https:\/\/noti-america.com\/site\/espana\/#\/schema\/person\/fd58dbfb92a257e9dc5761bf69a855ff\"},\"headline\":\"C\u00f3mo el COVID-19 cambi\u00f3 el mundo de las finanzas\",\"datePublished\":\"2021-10-04T09:26:16+00:00\",\"dateModified\":\"2021-10-04T13:26:26+00:00\",\"mainEntityOfPage\":{\"@id\":\"https:\/\/noti-america.com\/site\/espana\/2021\/10\/04\/como-el-covid-19-cambio-el-mundo-de-las-finanzas\/\"},\"wordCount\":476,\"commentCount\":0,\"publisher\":{\"@id\":\"https:\/\/noti-america.com\/site\/espana\/#organization\"},\"image\":{\"@id\":\"https:\/\/noti-america.com\/site\/espana\/2021\/10\/04\/como-el-covid-19-cambio-el-mundo-de-las-finanzas\/#primaryimage\"},\"thumbnailUrl\":\"https:\/\/noti-america.com\/site\/espana\/wp-content\/uploads\/sites\/25\/2021\/10\/1633348551_investment_currency_forex_economy_trade_concept53876_121265.jpg\",\"articleSection\":[\"Actualidad\",\"Econom\u00eda\"],\"inLanguage\":\"es\",\"potentialAction\":[{\"@type\":\"CommentAction\",\"name\":\"Comment\",\"target\":[\"https:\/\/noti-america.com\/site\/espana\/2021\/10\/04\/como-el-covid-19-cambio-el-mundo-de-las-finanzas\/#respond\"]}]},{\"@type\":\"WebPage\",\"@id\":\"https:\/\/noti-america.com\/site\/espana\/2021\/10\/04\/como-el-covid-19-cambio-el-mundo-de-las-finanzas\/\",\"url\":\"https:\/\/noti-america.com\/site\/espana\/2021\/10\/04\/como-el-covid-19-cambio-el-mundo-de-las-finanzas\/\",\"name\":\"C\u00f3mo el COVID-19 cambi\u00f3 el mundo de las finanzas - Espa\u00f1a | Noti-America.com\",\"isPartOf\":{\"@id\":\"https:\/\/noti-america.com\/site\/espana\/#website\"},\"primaryImageOfPage\":{\"@id\":\"https:\/\/noti-america.com\/site\/espana\/2021\/10\/04\/como-el-covid-19-cambio-el-mundo-de-las-finanzas\/#primaryimage\"},\"image\":{\"@id\":\"https:\/\/noti-america.com\/site\/espana\/2021\/10\/04\/como-el-covid-19-cambio-el-mundo-de-las-finanzas\/#primaryimage\"},\"thumbnailUrl\":\"https:\/\/noti-america.com\/site\/espana\/wp-content\/uploads\/sites\/25\/2021\/10\/1633348551_investment_currency_forex_economy_trade_concept53876_121265.jpg\",\"datePublished\":\"2021-10-04T09:26:16+00:00\",\"dateModified\":\"2021-10-04T13:26:26+00:00\",\"breadcrumb\":{\"@id\":\"https:\/\/noti-america.com\/site\/espana\/2021\/10\/04\/como-el-covid-19-cambio-el-mundo-de-las-finanzas\/#breadcrumb\"},\"inLanguage\":\"es\",\"potentialAction\":[{\"@type\":\"ReadAction\",\"target\":[\"https:\/\/noti-america.com\/site\/espana\/2021\/10\/04\/como-el-covid-19-cambio-el-mundo-de-las-finanzas\/\"]}]},{\"@type\":\"ImageObject\",\"inLanguage\":\"es\",\"@id\":\"https:\/\/noti-america.com\/site\/espana\/2021\/10\/04\/como-el-covid-19-cambio-el-mundo-de-las-finanzas\/#primaryimage\",\"url\":\"https:\/\/noti-america.com\/site\/espana\/wp-content\/uploads\/sites\/25\/2021\/10\/1633348551_investment_currency_forex_economy_trade_concept53876_121265.jpg\",\"contentUrl\":\"https:\/\/noti-america.com\/site\/espana\/wp-content\/uploads\/sites\/25\/2021\/10\/1633348551_investment_currency_forex_economy_trade_concept53876_121265.jpg\",\"width\":626,\"height\":626},{\"@type\":\"BreadcrumbList\",\"@id\":\"https:\/\/noti-america.com\/site\/espana\/2021\/10\/04\/como-el-covid-19-cambio-el-mundo-de-las-finanzas\/#breadcrumb\",\"itemListElement\":[{\"@type\":\"ListItem\",\"position\":1,\"name\":\"Portada\",\"item\":\"https:\/\/noti-america.com\/site\/espana\/\"},{\"@type\":\"ListItem\",\"position\":2,\"name\":\"C\u00f3mo el COVID-19 cambi\u00f3 el mundo de las finanzas\"}]},{\"@type\":\"WebSite\",\"@id\":\"https:\/\/noti-america.com\/site\/espana\/#website\",\"url\":\"https:\/\/noti-america.com\/site\/espana\/\",\"name\":\"Espa\u00f1a | Noti-America.com\",\"description\":\"\",\"publisher\":{\"@id\":\"https:\/\/noti-america.com\/site\/espana\/#organization\"},\"potentialAction\":[{\"@type\":\"SearchAction\",\"target\":{\"@type\":\"EntryPoint\",\"urlTemplate\":\"https:\/\/noti-america.com\/site\/espana\/?s={search_term_string}\"},\"query-input\":{\"@type\":\"PropertyValueSpecification\",\"valueRequired\":true,\"valueName\":\"search_term_string\"}}],\"inLanguage\":\"es\"},{\"@type\":\"Organization\",\"@id\":\"https:\/\/noti-america.com\/site\/espana\/#organization\",\"name\":\"Noti-America LLC | Espa\u00f1a\",\"url\":\"https:\/\/noti-america.com\/site\/espana\/\",\"logo\":{\"@type\":\"ImageObject\",\"inLanguage\":\"es\",\"@id\":\"https:\/\/noti-america.com\/site\/espana\/#\/schema\/logo\/image\/\",\"url\":\"https:\/\/noti-america.com\/site\/espana\/wp-content\/uploads\/sites\/25\/2020\/07\/LogoNA-4x3-1.jpg\",\"contentUrl\":\"https:\/\/noti-america.com\/site\/espana\/wp-content\/uploads\/sites\/25\/2020\/07\/LogoNA-4x3-1.jpg\",\"width\":1236,\"height\":1080,\"caption\":\"Noti-America LLC | Espa\u00f1a\"},\"image\":{\"@id\":\"https:\/\/noti-america.com\/site\/espana\/#\/schema\/logo\/image\/\"},\"sameAs\":[\"https:\/\/x.com\/notiamerica\"]},{\"@type\":\"Person\",\"@id\":\"https:\/\/noti-america.com\/site\/espana\/#\/schema\/person\/fd58dbfb92a257e9dc5761bf69a855ff\",\"name\":\"Rosmer Herrera\",\"image\":{\"@type\":\"ImageObject\",\"inLanguage\":\"es\",\"@id\":\"https:\/\/secure.gravatar.com\/avatar\/153e75c261394dbf20ff1a1e70ea2be9494f2b40b7fc4e7704084db13220ae08?s=96&d=mm&r=g\",\"url\":\"https:\/\/secure.gravatar.com\/avatar\/153e75c261394dbf20ff1a1e70ea2be9494f2b40b7fc4e7704084db13220ae08?s=96&d=mm&r=g\",\"contentUrl\":\"https:\/\/secure.gravatar.com\/avatar\/153e75c261394dbf20ff1a1e70ea2be9494f2b40b7fc4e7704084db13220ae08?s=96&d=mm&r=g\",\"caption\":\"Rosmer Herrera\"},\"url\":\"https:\/\/noti-america.com\/site\/espana\/author\/rosmer33\/\"}]}<\/script>\n<!-- \/ Yoast SEO Premium plugin. -->","yoast_head_json":{"title":"C\u00f3mo el COVID-19 cambi\u00f3 el mundo de las finanzas - Espa\u00f1a | Noti-America.com","robots":{"index":"index","follow":"follow","max-snippet":"max-snippet:-1","max-image-preview":"max-image-preview:large","max-video-preview":"max-video-preview:-1"},"canonical":"https:\/\/noti-america.com\/site\/espana\/2021\/10\/04\/como-el-covid-19-cambio-el-mundo-de-las-finanzas\/","og_locale":"es_ES","og_type":"article","og_title":"C\u00f3mo el COVID-19 cambi\u00f3 el mundo de las finanzas","og_description":"Nota de Prensa &#8211; Comunicae Media \u00abUna de las consecuencias m\u00e1s contundentes que ha generado esta larga pandemia ha sido, sin duda, el cambio en las tendencias de consumo en la sociedad, dejando una&#46;&#46;&#46;","og_url":"https:\/\/noti-america.com\/site\/espana\/2021\/10\/04\/como-el-covid-19-cambio-el-mundo-de-las-finanzas\/","og_site_name":"Espa\u00f1a | Noti-America.com","article_published_time":"2021-10-04T09:26:16+00:00","article_modified_time":"2021-10-04T13:26:26+00:00","og_image":[{"width":626,"height":626,"url":"https:\/\/noti-america.com\/site\/espana\/wp-content\/uploads\/sites\/25\/2021\/10\/1633348551_investment_currency_forex_economy_trade_concept53876_121265.jpg","type":"image\/jpeg"}],"author":"Rosmer Herrera","twitter_card":"summary_large_image","twitter_creator":"@notiamerica","twitter_site":"@notiamerica","twitter_misc":{"Escrito por":"Rosmer Herrera","Tiempo estimado de lectura":"2 minutos"},"schema":{"@context":"https:\/\/schema.org","@graph":[{"@type":"Article","@id":"https:\/\/noti-america.com\/site\/espana\/2021\/10\/04\/como-el-covid-19-cambio-el-mundo-de-las-finanzas\/#article","isPartOf":{"@id":"https:\/\/noti-america.com\/site\/espana\/2021\/10\/04\/como-el-covid-19-cambio-el-mundo-de-las-finanzas\/"},"author":{"name":"Rosmer Herrera","@id":"https:\/\/noti-america.com\/site\/espana\/#\/schema\/person\/fd58dbfb92a257e9dc5761bf69a855ff"},"headline":"C\u00f3mo el COVID-19 cambi\u00f3 el mundo de las finanzas","datePublished":"2021-10-04T09:26:16+00:00","dateModified":"2021-10-04T13:26:26+00:00","mainEntityOfPage":{"@id":"https:\/\/noti-america.com\/site\/espana\/2021\/10\/04\/como-el-covid-19-cambio-el-mundo-de-las-finanzas\/"},"wordCount":476,"commentCount":0,"publisher":{"@id":"https:\/\/noti-america.com\/site\/espana\/#organization"},"image":{"@id":"https:\/\/noti-america.com\/site\/espana\/2021\/10\/04\/como-el-covid-19-cambio-el-mundo-de-las-finanzas\/#primaryimage"},"thumbnailUrl":"https:\/\/noti-america.com\/site\/espana\/wp-content\/uploads\/sites\/25\/2021\/10\/1633348551_investment_currency_forex_economy_trade_concept53876_121265.jpg","articleSection":["Actualidad","Econom\u00eda"],"inLanguage":"es","potentialAction":[{"@type":"CommentAction","name":"Comment","target":["https:\/\/noti-america.com\/site\/espana\/2021\/10\/04\/como-el-covid-19-cambio-el-mundo-de-las-finanzas\/#respond"]}]},{"@type":"WebPage","@id":"https:\/\/noti-america.com\/site\/espana\/2021\/10\/04\/como-el-covid-19-cambio-el-mundo-de-las-finanzas\/","url":"https:\/\/noti-america.com\/site\/espana\/2021\/10\/04\/como-el-covid-19-cambio-el-mundo-de-las-finanzas\/","name":"C\u00f3mo el COVID-19 cambi\u00f3 el mundo de las finanzas - Espa\u00f1a | Noti-America.com","isPartOf":{"@id":"https:\/\/noti-america.com\/site\/espana\/#website"},"primaryImageOfPage":{"@id":"https:\/\/noti-america.com\/site\/espana\/2021\/10\/04\/como-el-covid-19-cambio-el-mundo-de-las-finanzas\/#primaryimage"},"image":{"@id":"https:\/\/noti-america.com\/site\/espana\/2021\/10\/04\/como-el-covid-19-cambio-el-mundo-de-las-finanzas\/#primaryimage"},"thumbnailUrl":"https:\/\/noti-america.com\/site\/espana\/wp-content\/uploads\/sites\/25\/2021\/10\/1633348551_investment_currency_forex_economy_trade_concept53876_121265.jpg","datePublished":"2021-10-04T09:26:16+00:00","dateModified":"2021-10-04T13:26:26+00:00","breadcrumb":{"@id":"https:\/\/noti-america.com\/site\/espana\/2021\/10\/04\/como-el-covid-19-cambio-el-mundo-de-las-finanzas\/#breadcrumb"},"inLanguage":"es","potentialAction":[{"@type":"ReadAction","target":["https:\/\/noti-america.com\/site\/espana\/2021\/10\/04\/como-el-covid-19-cambio-el-mundo-de-las-finanzas\/"]}]},{"@type":"ImageObject","inLanguage":"es","@id":"https:\/\/noti-america.com\/site\/espana\/2021\/10\/04\/como-el-covid-19-cambio-el-mundo-de-las-finanzas\/#primaryimage","url":"https:\/\/noti-america.com\/site\/espana\/wp-content\/uploads\/sites\/25\/2021\/10\/1633348551_investment_currency_forex_economy_trade_concept53876_121265.jpg","contentUrl":"https:\/\/noti-america.com\/site\/espana\/wp-content\/uploads\/sites\/25\/2021\/10\/1633348551_investment_currency_forex_economy_trade_concept53876_121265.jpg","width":626,"height":626},{"@type":"BreadcrumbList","@id":"https:\/\/noti-america.com\/site\/espana\/2021\/10\/04\/como-el-covid-19-cambio-el-mundo-de-las-finanzas\/#breadcrumb","itemListElement":[{"@type":"ListItem","position":1,"name":"Portada","item":"https:\/\/noti-america.com\/site\/espana\/"},{"@type":"ListItem","position":2,"name":"C\u00f3mo el COVID-19 cambi\u00f3 el mundo de las finanzas"}]},{"@type":"WebSite","@id":"https:\/\/noti-america.com\/site\/espana\/#website","url":"https:\/\/noti-america.com\/site\/espana\/","name":"Espa\u00f1a | Noti-America.com","description":"","publisher":{"@id":"https:\/\/noti-america.com\/site\/espana\/#organization"},"potentialAction":[{"@type":"SearchAction","target":{"@type":"EntryPoint","urlTemplate":"https:\/\/noti-america.com\/site\/espana\/?s={search_term_string}"},"query-input":{"@type":"PropertyValueSpecification","valueRequired":true,"valueName":"search_term_string"}}],"inLanguage":"es"},{"@type":"Organization","@id":"https:\/\/noti-america.com\/site\/espana\/#organization","name":"Noti-America LLC | Espa\u00f1a","url":"https:\/\/noti-america.com\/site\/espana\/","logo":{"@type":"ImageObject","inLanguage":"es","@id":"https:\/\/noti-america.com\/site\/espana\/#\/schema\/logo\/image\/","url":"https:\/\/noti-america.com\/site\/espana\/wp-content\/uploads\/sites\/25\/2020\/07\/LogoNA-4x3-1.jpg","contentUrl":"https:\/\/noti-america.com\/site\/espana\/wp-content\/uploads\/sites\/25\/2020\/07\/LogoNA-4x3-1.jpg","width":1236,"height":1080,"caption":"Noti-America LLC | Espa\u00f1a"},"image":{"@id":"https:\/\/noti-america.com\/site\/espana\/#\/schema\/logo\/image\/"},"sameAs":["https:\/\/x.com\/notiamerica"]},{"@type":"Person","@id":"https:\/\/noti-america.com\/site\/espana\/#\/schema\/person\/fd58dbfb92a257e9dc5761bf69a855ff","name":"Rosmer Herrera","image":{"@type":"ImageObject","inLanguage":"es","@id":"https:\/\/secure.gravatar.com\/avatar\/153e75c261394dbf20ff1a1e70ea2be9494f2b40b7fc4e7704084db13220ae08?s=96&d=mm&r=g","url":"https:\/\/secure.gravatar.com\/avatar\/153e75c261394dbf20ff1a1e70ea2be9494f2b40b7fc4e7704084db13220ae08?s=96&d=mm&r=g","contentUrl":"https:\/\/secure.gravatar.com\/avatar\/153e75c261394dbf20ff1a1e70ea2be9494f2b40b7fc4e7704084db13220ae08?s=96&d=mm&r=g","caption":"Rosmer Herrera"},"url":"https:\/\/noti-america.com\/site\/espana\/author\/rosmer33\/"}]}},"_links":{"self":[{"href":"https:\/\/noti-america.com\/site\/espana\/wp-json\/wp\/v2\/posts\/5404","targetHints":{"allow":["GET"]}}],"collection":[{"href":"https:\/\/noti-america.com\/site\/espana\/wp-json\/wp\/v2\/posts"}],"about":[{"href":"https:\/\/noti-america.com\/site\/espana\/wp-json\/wp\/v2\/types\/post"}],"author":[{"embeddable":true,"href":"https:\/\/noti-america.com\/site\/espana\/wp-json\/wp\/v2\/users\/1"}],"replies":[{"embeddable":true,"href":"https:\/\/noti-america.com\/site\/espana\/wp-json\/wp\/v2\/comments?post=5404"}],"version-history":[{"count":1,"href":"https:\/\/noti-america.com\/site\/espana\/wp-json\/wp\/v2\/posts\/5404\/revisions"}],"predecessor-version":[{"id":5406,"href":"https:\/\/noti-america.com\/site\/espana\/wp-json\/wp\/v2\/posts\/5404\/revisions\/5406"}],"wp:featuredmedia":[{"embeddable":true,"href":"https:\/\/noti-america.com\/site\/espana\/wp-json\/wp\/v2\/media\/5405"}],"wp:attachment":[{"href":"https:\/\/noti-america.com\/site\/espana\/wp-json\/wp\/v2\/media?parent=5404"}],"wp:term":[{"taxonomy":"category","embeddable":true,"href":"https:\/\/noti-america.com\/site\/espana\/wp-json\/wp\/v2\/categories?post=5404"},{"taxonomy":"post_tag","embeddable":true,"href":"https:\/\/noti-america.com\/site\/espana\/wp-json\/wp\/v2\/tags?post=5404"}],"curies":[{"name":"wp","href":"https:\/\/api.w.org\/{rel}","templated":true}]}}