{"id":5123,"date":"2021-07-29T14:59:02","date_gmt":"2021-07-29T14:59:02","guid":{"rendered":"https:\/\/noti-america.com\/site\/espana\/?p=5123"},"modified":"2021-07-29T14:59:02","modified_gmt":"2021-07-29T14:59:02","slug":"la-vocacion-llave-al-futuro","status":"publish","type":"post","link":"https:\/\/noti-america.com\/site\/espana\/2021\/07\/29\/la-vocacion-llave-al-futuro\/","title":{"rendered":"La vocaci\u00f3n, llave al futuro"},"content":{"rendered":"<p><strong>Noti-Am\u00e9rica (Espa\u00f1a)<\/strong><br \/>\n<strong>Madrid,Espa\u00f1a<\/strong><\/p>\n<p>&nbsp;<\/p>\n<p>La vocaci\u00f3n suele estar muy vinculada a la famosa pregunta: \u00bfQu\u00e9 quer\u00e9s ser cuando seas grande? Mas all\u00e1 de esta pregunta que estoy segura has escuchado mas de una vez&#8230; \u00bfQu\u00e9 es ciertamente la vocaci\u00f3n?<\/p>\n<p style=\"text-align: justify\">T\u00e9cnicamente la vocaci\u00f3n es el medio para lograr nuestro prop\u00f3sito de vida. En palabras m\u00e1s corrientes (en criollo, como decimos en Argentina) la vocaci\u00f3n es el motor de nuestras acciones hacia un objetivo de vida. Todos tenemos una misi\u00f3n y venimos a cumplirla. En busca de lograr mi objetivo, muchas veces sent\u00ed que hiciera lo que hiciera ciertas cosas no pod\u00edan concretarse por tal o cu\u00e1l motivo. Con el tiempo interpret\u00e9 que c\u00f3mo esas cosas no estaban alineadas con mi prop\u00f3sito en este plano, ciertamente no deb\u00eda perder tiempo all\u00ed.<\/p>\n<p style=\"text-align: justify\">Llegamos a conocer nuestra vocaci\u00f3n mediante el autoconocimiento. Al cual podemos llegar de diversas maneras. Una de las que m\u00e1s populares y efectivas a mi criterio es indagar en nosotros mismos.\u00a0Entre las cosas que nos gustan, somos buenos y lo que podemos hacer por otros se genera un hermoso balance que, al lograrlo, no solo cambia nuestra vida, sino que modifica la de los dem\u00e1s.<\/p>\n<p style=\"text-align: justify\">Si bien solemos relacionar esta b\u00fasqueda de la vocaci\u00f3n con j\u00f3venes que buscan una carrera, este proceso va m\u00e1s all\u00e1. Est\u00e1 m\u00e1s vinculado con la posibilidad de encontrar una actividad que nos motive cada d\u00eda a aprender algo nuevo, a empujar nuestros l\u00edmites y hacer que las cosas que so\u00f1amos y para las que vivimos esta experiencia terrenal se conviertan en realidad.<\/p>\n<p style=\"text-align: justify\">\u00bfQui\u00e9n puede negar que al ver el avance de otro no quisimos vivir su vida por un momento? La felicidad de vivir en armon\u00eda con nosotros mismos y con el entorno no est\u00e1 limitada a grandes personajes de la historia, sino que es un lugar al que cualquier persona con foco puede acceder. \u00bfA caso no es la lupa la que convierte un c\u00e1lido rayo de sol en un l\u00e1ser que quema? Eso es la vocaci\u00f3n, el foco para convertir tus habilidades, aptitudes y actitud en algo mucho m\u00e1s grande que te conducir\u00e1 a una vida plena.<\/p>\n<p>El coaching vocacional es un proceso que mediante charlas y aplicaci\u00f3n de tests y ejercicios nos permite arribar a mejores conclusiones sobre en d\u00f3nde enfocar nuestra energ\u00eda a trav\u00e9s de una vocaci\u00f3n. Te invito a que te adentres en esta disciplina y encuentres tu propia llave al futuro.<\/p>\n<p><strong>Regalito: haz el ejercicio de la foto y luego me cuentas, si? Un abrazo.<\/strong><\/p>\n<p><strong>Rita Dalzin<\/strong><\/p>\n<p><strong>Coach ontol\u00f3gica y vocacional<\/strong><\/p>\n<p><strong>@coachingparapoder<\/strong><\/p>\n<p><strong>+54 911 6542 1046<\/strong><\/p>\n<p>&nbsp;<\/p>\n","protected":false},"excerpt":{"rendered":"<p>Noti-Am\u00e9rica (Espa\u00f1a) Madrid,Espa\u00f1a &nbsp; La vocaci\u00f3n suele estar muy vinculada a la famosa pregunta: \u00bfQu\u00e9 quer\u00e9s ser cuando seas grande? Mas all\u00e1 de esta pregunta que estoy segura has escuchado mas de una vez&#8230;&#46;&#46;&#46;<\/p>\n","protected":false},"author":87,"featured_media":5124,"comment_status":"open","ping_status":"open","sticky":false,"template":"","format":"image","meta":{"_acf_changed":false,"om_disable_all_campaigns":false,"rop_custom_images_group":[],"rop_custom_messages_group":[],"rop_publish_now":"initial","rop_publish_now_accounts":[],"rop_publish_now_history":[],"rop_publish_now_status":"pending","_uf_show_specific_survey":0,"_uf_disable_surveys":false,"footnotes":""},"categories":[136,135,12],"tags":[],"class_list":["post-5123","post","type-post","status-publish","format-image","has-post-thumbnail","hentry","category-actualidad","category-suramerica","category-opinion","post_format-post-format-image"],"acf":[],"aioseo_notices":[],"yoast_head":"<!-- This site is optimized with the Yoast SEO Premium plugin v24.9 (Yoast SEO v27.2) - https:\/\/yoast.com\/product\/yoast-seo-premium-wordpress\/ -->\n<title>La vocaci\u00f3n, llave al futuro - Espa\u00f1a | Noti-America.com<\/title>\n<meta name=\"robots\" content=\"index, follow, max-snippet:-1, max-image-preview:large, max-video-preview:-1\" \/>\n<link rel=\"canonical\" href=\"https:\/\/noti-america.com\/site\/espana\/2021\/07\/29\/la-vocacion-llave-al-futuro\/\" \/>\n<meta property=\"og:locale\" content=\"es_ES\" \/>\n<meta property=\"og:type\" content=\"article\" \/>\n<meta property=\"og:title\" content=\"La vocaci\u00f3n, llave al futuro\" \/>\n<meta property=\"og:description\" content=\"Noti-Am\u00e9rica (Espa\u00f1a) Madrid,Espa\u00f1a &nbsp; La vocaci\u00f3n suele estar muy vinculada a la famosa pregunta: \u00bfQu\u00e9 quer\u00e9s ser cuando seas grande? Mas all\u00e1 de esta pregunta que estoy segura has escuchado mas de una vez&#8230;&#046;&#046;&#046;\" \/>\n<meta property=\"og:url\" content=\"https:\/\/noti-america.com\/site\/espana\/2021\/07\/29\/la-vocacion-llave-al-futuro\/\" \/>\n<meta property=\"og:site_name\" content=\"Espa\u00f1a | Noti-America.com\" \/>\n<meta property=\"article:published_time\" content=\"2021-07-29T14:59:02+00:00\" \/>\n<meta property=\"og:image\" content=\"https:\/\/noti-america.com\/site\/espana\/wp-content\/uploads\/sites\/25\/2021\/07\/Rueda-de-la-vida.jpeg\" \/>\n\t<meta property=\"og:image:width\" content=\"970\" \/>\n\t<meta property=\"og:image:height\" content=\"1296\" \/>\n\t<meta property=\"og:image:type\" content=\"image\/jpeg\" \/>\n<meta name=\"author\" content=\"CAMH\" \/>\n<meta name=\"twitter:card\" content=\"summary_large_image\" \/>\n<meta name=\"twitter:creator\" content=\"@notiamerica\" \/>\n<meta name=\"twitter:site\" content=\"@notiamerica\" \/>\n<meta name=\"twitter:label1\" content=\"Escrito por\" \/>\n\t<meta name=\"twitter:data1\" content=\"CAMH\" \/>\n\t<meta name=\"twitter:label2\" content=\"Tiempo estimado de lectura\" \/>\n\t<meta name=\"twitter:data2\" content=\"2 minutos\" \/>\n<script type=\"application\/ld+json\" class=\"yoast-schema-graph\">{\"@context\":\"https:\/\/schema.org\",\"@graph\":[{\"@type\":\"Article\",\"@id\":\"https:\/\/noti-america.com\/site\/espana\/2021\/07\/29\/la-vocacion-llave-al-futuro\/#article\",\"isPartOf\":{\"@id\":\"https:\/\/noti-america.com\/site\/espana\/2021\/07\/29\/la-vocacion-llave-al-futuro\/\"},\"author\":{\"name\":\"CAMH\",\"@id\":\"https:\/\/noti-america.com\/site\/espana\/#\/schema\/person\/e13880b4308eea6926b271284605ef72\"},\"headline\":\"La vocaci\u00f3n, llave al futuro\",\"datePublished\":\"2021-07-29T14:59:02+00:00\",\"mainEntityOfPage\":{\"@id\":\"https:\/\/noti-america.com\/site\/espana\/2021\/07\/29\/la-vocacion-llave-al-futuro\/\"},\"wordCount\":471,\"commentCount\":0,\"publisher\":{\"@id\":\"https:\/\/noti-america.com\/site\/espana\/#organization\"},\"image\":{\"@id\":\"https:\/\/noti-america.com\/site\/espana\/2021\/07\/29\/la-vocacion-llave-al-futuro\/#primaryimage\"},\"thumbnailUrl\":\"https:\/\/noti-america.com\/site\/espana\/wp-content\/uploads\/sites\/25\/2021\/07\/Rueda-de-la-vida.jpeg\",\"articleSection\":[\"Actualidad\",\"Am\u00e9rica del Sur\",\"Opini\u00f3n\"],\"inLanguage\":\"es\",\"potentialAction\":[{\"@type\":\"CommentAction\",\"name\":\"Comment\",\"target\":[\"https:\/\/noti-america.com\/site\/espana\/2021\/07\/29\/la-vocacion-llave-al-futuro\/#respond\"]}]},{\"@type\":\"WebPage\",\"@id\":\"https:\/\/noti-america.com\/site\/espana\/2021\/07\/29\/la-vocacion-llave-al-futuro\/\",\"url\":\"https:\/\/noti-america.com\/site\/espana\/2021\/07\/29\/la-vocacion-llave-al-futuro\/\",\"name\":\"La vocaci\u00f3n, llave al futuro - Espa\u00f1a | Noti-America.com\",\"isPartOf\":{\"@id\":\"https:\/\/noti-america.com\/site\/espana\/#website\"},\"primaryImageOfPage\":{\"@id\":\"https:\/\/noti-america.com\/site\/espana\/2021\/07\/29\/la-vocacion-llave-al-futuro\/#primaryimage\"},\"image\":{\"@id\":\"https:\/\/noti-america.com\/site\/espana\/2021\/07\/29\/la-vocacion-llave-al-futuro\/#primaryimage\"},\"thumbnailUrl\":\"https:\/\/noti-america.com\/site\/espana\/wp-content\/uploads\/sites\/25\/2021\/07\/Rueda-de-la-vida.jpeg\",\"datePublished\":\"2021-07-29T14:59:02+00:00\",\"breadcrumb\":{\"@id\":\"https:\/\/noti-america.com\/site\/espana\/2021\/07\/29\/la-vocacion-llave-al-futuro\/#breadcrumb\"},\"inLanguage\":\"es\",\"potentialAction\":[{\"@type\":\"ReadAction\",\"target\":[\"https:\/\/noti-america.com\/site\/espana\/2021\/07\/29\/la-vocacion-llave-al-futuro\/\"]}]},{\"@type\":\"ImageObject\",\"inLanguage\":\"es\",\"@id\":\"https:\/\/noti-america.com\/site\/espana\/2021\/07\/29\/la-vocacion-llave-al-futuro\/#primaryimage\",\"url\":\"https:\/\/noti-america.com\/site\/espana\/wp-content\/uploads\/sites\/25\/2021\/07\/Rueda-de-la-vida.jpeg\",\"contentUrl\":\"https:\/\/noti-america.com\/site\/espana\/wp-content\/uploads\/sites\/25\/2021\/07\/Rueda-de-la-vida.jpeg\",\"width\":970,\"height\":1296},{\"@type\":\"BreadcrumbList\",\"@id\":\"https:\/\/noti-america.com\/site\/espana\/2021\/07\/29\/la-vocacion-llave-al-futuro\/#breadcrumb\",\"itemListElement\":[{\"@type\":\"ListItem\",\"position\":1,\"name\":\"Portada\",\"item\":\"https:\/\/noti-america.com\/site\/espana\/\"},{\"@type\":\"ListItem\",\"position\":2,\"name\":\"La vocaci\u00f3n, llave al futuro\"}]},{\"@type\":\"WebSite\",\"@id\":\"https:\/\/noti-america.com\/site\/espana\/#website\",\"url\":\"https:\/\/noti-america.com\/site\/espana\/\",\"name\":\"Espa\u00f1a | Noti-America.com\",\"description\":\"\",\"publisher\":{\"@id\":\"https:\/\/noti-america.com\/site\/espana\/#organization\"},\"potentialAction\":[{\"@type\":\"SearchAction\",\"target\":{\"@type\":\"EntryPoint\",\"urlTemplate\":\"https:\/\/noti-america.com\/site\/espana\/?s={search_term_string}\"},\"query-input\":{\"@type\":\"PropertyValueSpecification\",\"valueRequired\":true,\"valueName\":\"search_term_string\"}}],\"inLanguage\":\"es\"},{\"@type\":\"Organization\",\"@id\":\"https:\/\/noti-america.com\/site\/espana\/#organization\",\"name\":\"Noti-America LLC | Espa\u00f1a\",\"url\":\"https:\/\/noti-america.com\/site\/espana\/\",\"logo\":{\"@type\":\"ImageObject\",\"inLanguage\":\"es\",\"@id\":\"https:\/\/noti-america.com\/site\/espana\/#\/schema\/logo\/image\/\",\"url\":\"https:\/\/noti-america.com\/site\/espana\/wp-content\/uploads\/sites\/25\/2020\/07\/LogoNA-4x3-1.jpg\",\"contentUrl\":\"https:\/\/noti-america.com\/site\/espana\/wp-content\/uploads\/sites\/25\/2020\/07\/LogoNA-4x3-1.jpg\",\"width\":1236,\"height\":1080,\"caption\":\"Noti-America LLC | Espa\u00f1a\"},\"image\":{\"@id\":\"https:\/\/noti-america.com\/site\/espana\/#\/schema\/logo\/image\/\"},\"sameAs\":[\"https:\/\/x.com\/notiamerica\"]},{\"@type\":\"Person\",\"@id\":\"https:\/\/noti-america.com\/site\/espana\/#\/schema\/person\/e13880b4308eea6926b271284605ef72\",\"name\":\"CAMH\",\"image\":{\"@type\":\"ImageObject\",\"inLanguage\":\"es\",\"@id\":\"https:\/\/secure.gravatar.com\/avatar\/82aa99c723cbed2b304797bc218a5542b5a94d7f5d0ba3b39650aef53c28ecf5?s=96&d=mm&r=g\",\"url\":\"https:\/\/secure.gravatar.com\/avatar\/82aa99c723cbed2b304797bc218a5542b5a94d7f5d0ba3b39650aef53c28ecf5?s=96&d=mm&r=g\",\"contentUrl\":\"https:\/\/secure.gravatar.com\/avatar\/82aa99c723cbed2b304797bc218a5542b5a94d7f5d0ba3b39650aef53c28ecf5?s=96&d=mm&r=g\",\"caption\":\"CAMH\"},\"url\":\"https:\/\/noti-america.com\/site\/espana\/author\/cmitchell\/\"}]}<\/script>\n<!-- \/ Yoast SEO Premium plugin. -->","yoast_head_json":{"title":"La vocaci\u00f3n, llave al futuro - Espa\u00f1a | Noti-America.com","robots":{"index":"index","follow":"follow","max-snippet":"max-snippet:-1","max-image-preview":"max-image-preview:large","max-video-preview":"max-video-preview:-1"},"canonical":"https:\/\/noti-america.com\/site\/espana\/2021\/07\/29\/la-vocacion-llave-al-futuro\/","og_locale":"es_ES","og_type":"article","og_title":"La vocaci\u00f3n, llave al futuro","og_description":"Noti-Am\u00e9rica (Espa\u00f1a) Madrid,Espa\u00f1a &nbsp; La vocaci\u00f3n suele estar muy vinculada a la famosa pregunta: \u00bfQu\u00e9 quer\u00e9s ser cuando seas grande? Mas all\u00e1 de esta pregunta que estoy segura has escuchado mas de una vez&#8230;&#46;&#46;&#46;","og_url":"https:\/\/noti-america.com\/site\/espana\/2021\/07\/29\/la-vocacion-llave-al-futuro\/","og_site_name":"Espa\u00f1a | Noti-America.com","article_published_time":"2021-07-29T14:59:02+00:00","og_image":[{"width":970,"height":1296,"url":"https:\/\/noti-america.com\/site\/espana\/wp-content\/uploads\/sites\/25\/2021\/07\/Rueda-de-la-vida.jpeg","type":"image\/jpeg"}],"author":"CAMH","twitter_card":"summary_large_image","twitter_creator":"@notiamerica","twitter_site":"@notiamerica","twitter_misc":{"Escrito por":"CAMH","Tiempo estimado de lectura":"2 minutos"},"schema":{"@context":"https:\/\/schema.org","@graph":[{"@type":"Article","@id":"https:\/\/noti-america.com\/site\/espana\/2021\/07\/29\/la-vocacion-llave-al-futuro\/#article","isPartOf":{"@id":"https:\/\/noti-america.com\/site\/espana\/2021\/07\/29\/la-vocacion-llave-al-futuro\/"},"author":{"name":"CAMH","@id":"https:\/\/noti-america.com\/site\/espana\/#\/schema\/person\/e13880b4308eea6926b271284605ef72"},"headline":"La vocaci\u00f3n, llave al futuro","datePublished":"2021-07-29T14:59:02+00:00","mainEntityOfPage":{"@id":"https:\/\/noti-america.com\/site\/espana\/2021\/07\/29\/la-vocacion-llave-al-futuro\/"},"wordCount":471,"commentCount":0,"publisher":{"@id":"https:\/\/noti-america.com\/site\/espana\/#organization"},"image":{"@id":"https:\/\/noti-america.com\/site\/espana\/2021\/07\/29\/la-vocacion-llave-al-futuro\/#primaryimage"},"thumbnailUrl":"https:\/\/noti-america.com\/site\/espana\/wp-content\/uploads\/sites\/25\/2021\/07\/Rueda-de-la-vida.jpeg","articleSection":["Actualidad","Am\u00e9rica del Sur","Opini\u00f3n"],"inLanguage":"es","potentialAction":[{"@type":"CommentAction","name":"Comment","target":["https:\/\/noti-america.com\/site\/espana\/2021\/07\/29\/la-vocacion-llave-al-futuro\/#respond"]}]},{"@type":"WebPage","@id":"https:\/\/noti-america.com\/site\/espana\/2021\/07\/29\/la-vocacion-llave-al-futuro\/","url":"https:\/\/noti-america.com\/site\/espana\/2021\/07\/29\/la-vocacion-llave-al-futuro\/","name":"La vocaci\u00f3n, llave al futuro - Espa\u00f1a | Noti-America.com","isPartOf":{"@id":"https:\/\/noti-america.com\/site\/espana\/#website"},"primaryImageOfPage":{"@id":"https:\/\/noti-america.com\/site\/espana\/2021\/07\/29\/la-vocacion-llave-al-futuro\/#primaryimage"},"image":{"@id":"https:\/\/noti-america.com\/site\/espana\/2021\/07\/29\/la-vocacion-llave-al-futuro\/#primaryimage"},"thumbnailUrl":"https:\/\/noti-america.com\/site\/espana\/wp-content\/uploads\/sites\/25\/2021\/07\/Rueda-de-la-vida.jpeg","datePublished":"2021-07-29T14:59:02+00:00","breadcrumb":{"@id":"https:\/\/noti-america.com\/site\/espana\/2021\/07\/29\/la-vocacion-llave-al-futuro\/#breadcrumb"},"inLanguage":"es","potentialAction":[{"@type":"ReadAction","target":["https:\/\/noti-america.com\/site\/espana\/2021\/07\/29\/la-vocacion-llave-al-futuro\/"]}]},{"@type":"ImageObject","inLanguage":"es","@id":"https:\/\/noti-america.com\/site\/espana\/2021\/07\/29\/la-vocacion-llave-al-futuro\/#primaryimage","url":"https:\/\/noti-america.com\/site\/espana\/wp-content\/uploads\/sites\/25\/2021\/07\/Rueda-de-la-vida.jpeg","contentUrl":"https:\/\/noti-america.com\/site\/espana\/wp-content\/uploads\/sites\/25\/2021\/07\/Rueda-de-la-vida.jpeg","width":970,"height":1296},{"@type":"BreadcrumbList","@id":"https:\/\/noti-america.com\/site\/espana\/2021\/07\/29\/la-vocacion-llave-al-futuro\/#breadcrumb","itemListElement":[{"@type":"ListItem","position":1,"name":"Portada","item":"https:\/\/noti-america.com\/site\/espana\/"},{"@type":"ListItem","position":2,"name":"La vocaci\u00f3n, llave al futuro"}]},{"@type":"WebSite","@id":"https:\/\/noti-america.com\/site\/espana\/#website","url":"https:\/\/noti-america.com\/site\/espana\/","name":"Espa\u00f1a | Noti-America.com","description":"","publisher":{"@id":"https:\/\/noti-america.com\/site\/espana\/#organization"},"potentialAction":[{"@type":"SearchAction","target":{"@type":"EntryPoint","urlTemplate":"https:\/\/noti-america.com\/site\/espana\/?s={search_term_string}"},"query-input":{"@type":"PropertyValueSpecification","valueRequired":true,"valueName":"search_term_string"}}],"inLanguage":"es"},{"@type":"Organization","@id":"https:\/\/noti-america.com\/site\/espana\/#organization","name":"Noti-America LLC | Espa\u00f1a","url":"https:\/\/noti-america.com\/site\/espana\/","logo":{"@type":"ImageObject","inLanguage":"es","@id":"https:\/\/noti-america.com\/site\/espana\/#\/schema\/logo\/image\/","url":"https:\/\/noti-america.com\/site\/espana\/wp-content\/uploads\/sites\/25\/2020\/07\/LogoNA-4x3-1.jpg","contentUrl":"https:\/\/noti-america.com\/site\/espana\/wp-content\/uploads\/sites\/25\/2020\/07\/LogoNA-4x3-1.jpg","width":1236,"height":1080,"caption":"Noti-America LLC | Espa\u00f1a"},"image":{"@id":"https:\/\/noti-america.com\/site\/espana\/#\/schema\/logo\/image\/"},"sameAs":["https:\/\/x.com\/notiamerica"]},{"@type":"Person","@id":"https:\/\/noti-america.com\/site\/espana\/#\/schema\/person\/e13880b4308eea6926b271284605ef72","name":"CAMH","image":{"@type":"ImageObject","inLanguage":"es","@id":"https:\/\/secure.gravatar.com\/avatar\/82aa99c723cbed2b304797bc218a5542b5a94d7f5d0ba3b39650aef53c28ecf5?s=96&d=mm&r=g","url":"https:\/\/secure.gravatar.com\/avatar\/82aa99c723cbed2b304797bc218a5542b5a94d7f5d0ba3b39650aef53c28ecf5?s=96&d=mm&r=g","contentUrl":"https:\/\/secure.gravatar.com\/avatar\/82aa99c723cbed2b304797bc218a5542b5a94d7f5d0ba3b39650aef53c28ecf5?s=96&d=mm&r=g","caption":"CAMH"},"url":"https:\/\/noti-america.com\/site\/espana\/author\/cmitchell\/"}]}},"_links":{"self":[{"href":"https:\/\/noti-america.com\/site\/espana\/wp-json\/wp\/v2\/posts\/5123","targetHints":{"allow":["GET"]}}],"collection":[{"href":"https:\/\/noti-america.com\/site\/espana\/wp-json\/wp\/v2\/posts"}],"about":[{"href":"https:\/\/noti-america.com\/site\/espana\/wp-json\/wp\/v2\/types\/post"}],"author":[{"embeddable":true,"href":"https:\/\/noti-america.com\/site\/espana\/wp-json\/wp\/v2\/users\/87"}],"replies":[{"embeddable":true,"href":"https:\/\/noti-america.com\/site\/espana\/wp-json\/wp\/v2\/comments?post=5123"}],"version-history":[{"count":1,"href":"https:\/\/noti-america.com\/site\/espana\/wp-json\/wp\/v2\/posts\/5123\/revisions"}],"predecessor-version":[{"id":5125,"href":"https:\/\/noti-america.com\/site\/espana\/wp-json\/wp\/v2\/posts\/5123\/revisions\/5125"}],"wp:featuredmedia":[{"embeddable":true,"href":"https:\/\/noti-america.com\/site\/espana\/wp-json\/wp\/v2\/media\/5124"}],"wp:attachment":[{"href":"https:\/\/noti-america.com\/site\/espana\/wp-json\/wp\/v2\/media?parent=5123"}],"wp:term":[{"taxonomy":"category","embeddable":true,"href":"https:\/\/noti-america.com\/site\/espana\/wp-json\/wp\/v2\/categories?post=5123"},{"taxonomy":"post_tag","embeddable":true,"href":"https:\/\/noti-america.com\/site\/espana\/wp-json\/wp\/v2\/tags?post=5123"}],"curies":[{"name":"wp","href":"https:\/\/api.w.org\/{rel}","templated":true}]}}