{"id":5046,"date":"2021-07-01T18:08:11","date_gmt":"2021-07-01T18:08:11","guid":{"rendered":"https:\/\/noti-america.com\/site\/espana\/2021\/07\/01\/el-certificado-covid-digital-de-la-ue-entra-en-vigor\/"},"modified":"2021-07-01T22:08:28","modified_gmt":"2021-07-01T22:08:28","slug":"el-certificado-covid-digital-de-la-ue-entra-en-vigor","status":"publish","type":"post","link":"https:\/\/noti-america.com\/site\/espana\/2021\/07\/01\/el-certificado-covid-digital-de-la-ue-entra-en-vigor\/","title":{"rendered":"El certificado COVID digital de la UE entra en vigor"},"content":{"rendered":"<p style=\"text-align: justify;\">Nota de Prensa<\/p>\n<p style=\"text-align: justify;\">Bruselas, 1 de julio de 2021<\/p>\n<p style=\"text-align: justify;\">Hoy entra en vigor el Reglamento sobre el certificado COVID digital de la UE. Esto significa que los ciudadanos y residentes de la UE podr\u00e1n ahora expedir y verificar sus certificados COVID digitales en toda la Uni\u00f3n. Veinti\u00fan Estados miembros, adem\u00e1s de Noruega, Islandia y Liechtenstein,\u00a0<a href=\"https:\/\/ec.europa.eu\/info\/live-work-travel-eu\/coronavirus-response\/safe-covid-19-vaccines-europeans\/eu-digital-covid-certificate_es\" target=\"_blank\" rel=\"noopener noreferrer\">ya hab\u00edan empezado a expedir certificados<\/a>\u00a0antes del plazo de hoy y cinco m\u00e1s empiezan tambi\u00e9n hoy.<\/p>\n<p style=\"text-align: justify;\">El comisario Didier\u00a0<strong>Reynders<\/strong>\u00a0ha dirigido la labor de la Comisi\u00f3n sobre los certificados COVID digitales de la UE en estrecha colaboraci\u00f3n con la vicepresidenta V\u011bra\u00a0<strong>Jourov\u00e1<\/strong>, el vicepresidente Margaritis\u00a0<strong>Schinas<\/strong>, el comisario Thierry\u00a0<strong>Breton<\/strong>\u00a0y las comisarias Stella\u00a0<strong>Kyriakides<\/strong>\u00a0e Ylva\u00a0<strong>Johansson<\/strong>.<\/p>\n<p style=\"text-align: justify;\">Con ocasi\u00f3n de la entrada en vigor del certificado COVID digital de la UE, la presidenta Ursula\u00a0<strong>von der Leyen<\/strong>\u00a0ha declarado:<\/p>\n<p style=\"text-align: justify;\"><em>\u00abLa Uni\u00f3n Europea cumple lo que promete a sus ciudadanos. El certificado COVID digital de la UE es un s\u00edmbolo de una Europa abierta y segura que se abre con cautela, dando prioridad a la protecci\u00f3n de la salud de los ciudadanos.<\/em><\/p>\n<p style=\"text-align: justify;\"><em>En marzo, prometimos contar con un sistema a escala de la UE para facilitar los viajes libres y seguros dentro de la Uni\u00f3n durante las vacaciones de verano. Ahora podemos confirmar que funciona el sistema de certificados COVID digitales de la UE.<\/em><\/p>\n<p style=\"text-align: justify;\"><em>La inmensa mayor\u00eda de los Estados miembros de la UE ya est\u00e1 conectada al sistema y lista para expedir y verificar los certificados. Ya se han emitido m\u00e1s de doscientos millones de certificados.<\/em><\/p>\n<p style=\"text-align: justify;\"><em>Estamos ayudando a los europeos a recuperar la libertad que valoran y valoramos tanto\u00bb.<\/em><\/p>\n<p style=\"text-align: justify;\"><strong>Certificado COVID digital de la UE<\/strong><\/p>\n<p style=\"text-align: justify;\">El objeto del certificado COVID digital de la UE es facilitar la circulaci\u00f3n libre y segura dentro de la UE durante la pandemia de COVID-19. Todos los europeos tienen derecho a la libre circulaci\u00f3n, tambi\u00e9n sin el certificado, pero este facilitar\u00e1 los viajes, al contribuir a eximir a sus titulares de restricciones como la cuarentena.<\/p>\n<p style=\"text-align: justify;\">El certificado COVID digital de la UE es accesible para todos y:<\/p>\n<ul style=\"text-align: justify;\" type=\"disc\">\n<li class=\"v1MsoNormal\">abarca la vacunaci\u00f3n, las pruebas diagn\u00f3sticas y la recuperaci\u00f3n de la COVID-19;<\/li>\n<li class=\"v1MsoNormal\">es gratuito y est\u00e1 disponible en todas las lenguas de la UE;<\/li>\n<li class=\"v1MsoNormal\">existe en formato digital e impreso;<\/li>\n<li class=\"v1MsoNormal\">es seguro e incluye un c\u00f3digo QR con firma digital.<\/li>\n<\/ul>\n<p style=\"text-align: justify;\">Con arreglo a las nuevas normas, los Estados miembros deben abstenerse de imponer restricciones adicionales de viaje a las personas titulares de un certificado COVID digital de la UE, a menos que esas restricciones sean necesarias y proporcionadas para salvaguardar la salud p\u00fablica.<\/p>\n<p style=\"text-align: justify;\">Adem\u00e1s, la Comisi\u00f3n se ha comprometido a movilizar cien millones de euros con cargo al Instrumento de Asistencia Urgente para ayudar a los Estados miembros a facilitar pruebas diagn\u00f3sticas asequibles.<\/p>\n<p style=\"text-align: justify;\"><strong>Contexto<\/strong><\/p>\n<p style=\"text-align: justify;\">El\u00a0<a href=\"https:\/\/ec.europa.eu\/commission\/presscorner\/detail\/eS\/ip_21_1181\" target=\"_blank\" rel=\"noopener noreferrer\">17 de marzo de 2021<\/a>, la Comisi\u00f3n Europea present\u00f3 una propuesta para crear un certificado COVID de la UE con el que facilitar la circulaci\u00f3n libre y segura de los ciudadanos dentro de la UE durante la pandemia. El 20 de mayo, los colegisladores alcanzaron un\u00a0<a href=\"https:\/\/ec.europa.eu\/commission\/presscorner\/detail\/es\/ip_21_2593\" target=\"_blank\" rel=\"noopener noreferrer\">acuerdo provisional<\/a>. El\u00a0<a href=\"https:\/\/ec.europa.eu\/commission\/presscorner\/detail\/es\/ip_21_2721\" target=\"_blank\" rel=\"noopener noreferrer\">1 de junio<\/a>\u00a0entr\u00f3 en funcionamiento la estructura t\u00e9cnica de los sistemas, la pasarela de la UE, que permite verificar las medidas de seguridad incluidas en los c\u00f3digos QR. A tiempo dentro del plazo de 1 de julio, los treinta pa\u00edses de la UE y del EEE est\u00e1n conectados en directo con la pasarela. El 1 de junio, los primeros Estados miembros empezaron a expedir certificados; en total, veinti\u00fan pa\u00edses de la UE se adelantaron al plazo del 1 de julio.<\/p>\n<p style=\"text-align: justify;\">Tras la firma oficial el 14 de junio, el Reglamento se\u00a0<a href=\"https:\/\/eur-lex.europa.eu\/legal-content\/ES\/TXT\/?uri=CELEX%3A32021R0953\" target=\"_blank\" rel=\"noopener noreferrer\">public\u00f3 el 15 de junio<\/a>. Entra en vigor hoy, 1 de julio, con un per\u00edodo de introducci\u00f3n progresiva de seis semanas para la expedici\u00f3n de certificados en aquellos Estados miembros que necesiten m\u00e1s tiempo.<\/p>\n","protected":false},"excerpt":{"rendered":"<p>Nota de Prensa Bruselas, 1 de julio de 2021 Hoy entra en vigor el Reglamento sobre el certificado COVID digital de la UE. Esto significa que los ciudadanos y residentes de la UE podr\u00e1n&#46;&#46;&#46;<\/p>\n","protected":false},"author":1,"featured_media":5047,"comment_status":"open","ping_status":"open","sticky":false,"template":"","format":"image","meta":{"_acf_changed":false,"om_disable_all_campaigns":false,"rop_custom_images_group":[],"rop_custom_messages_group":[],"rop_publish_now":"initial","rop_publish_now_accounts":[],"rop_publish_now_history":[],"rop_publish_now_status":"pending","_uf_show_specific_survey":0,"_uf_disable_surveys":false,"footnotes":""},"categories":[136,144],"tags":[],"class_list":["post-5046","post","type-post","status-publish","format-image","has-post-thumbnail","hentry","category-actualidad","category-coronavirus-2","post_format-post-format-image"],"acf":[],"aioseo_notices":[],"yoast_head":"<!-- This site is optimized with the Yoast SEO Premium plugin v24.9 (Yoast SEO v27.2) - https:\/\/yoast.com\/product\/yoast-seo-premium-wordpress\/ -->\n<title>El certificado COVID digital de la UE entra en vigor - Espa\u00f1a | Noti-America.com<\/title>\n<meta name=\"robots\" content=\"index, follow, max-snippet:-1, max-image-preview:large, max-video-preview:-1\" \/>\n<link rel=\"canonical\" href=\"https:\/\/noti-america.com\/site\/espana\/2021\/07\/01\/el-certificado-covid-digital-de-la-ue-entra-en-vigor\/\" \/>\n<meta property=\"og:locale\" content=\"es_ES\" \/>\n<meta property=\"og:type\" content=\"article\" \/>\n<meta property=\"og:title\" content=\"El certificado COVID digital de la UE entra en vigor\" \/>\n<meta property=\"og:description\" content=\"Nota de Prensa Bruselas, 1 de julio de 2021 Hoy entra en vigor el Reglamento sobre el certificado COVID digital de la UE. Esto significa que los ciudadanos y residentes de la UE podr\u00e1n&#046;&#046;&#046;\" \/>\n<meta property=\"og:url\" content=\"https:\/\/noti-america.com\/site\/espana\/2021\/07\/01\/el-certificado-covid-digital-de-la-ue-entra-en-vigor\/\" \/>\n<meta property=\"og:site_name\" content=\"Espa\u00f1a | Noti-America.com\" \/>\n<meta property=\"article:published_time\" content=\"2021-07-01T18:08:11+00:00\" \/>\n<meta property=\"article:modified_time\" content=\"2021-07-01T22:08:28+00:00\" \/>\n<meta property=\"og:image\" content=\"https:\/\/noti-america.com\/site\/espana\/wp-content\/uploads\/sites\/25\/2021\/07\/COVID-CORONAVIRUS-ESPANA.jpg\" \/>\n\t<meta property=\"og:image:width\" content=\"1600\" \/>\n\t<meta property=\"og:image:height\" content=\"900\" \/>\n\t<meta property=\"og:image:type\" content=\"image\/jpeg\" \/>\n<meta name=\"author\" content=\"Rosmer Herrera\" \/>\n<meta name=\"twitter:card\" content=\"summary_large_image\" \/>\n<meta name=\"twitter:creator\" content=\"@notiamerica\" \/>\n<meta name=\"twitter:site\" content=\"@notiamerica\" \/>\n<meta name=\"twitter:label1\" content=\"Escrito por\" \/>\n\t<meta name=\"twitter:data1\" content=\"Rosmer Herrera\" \/>\n\t<meta name=\"twitter:label2\" content=\"Tiempo estimado de lectura\" \/>\n\t<meta name=\"twitter:data2\" content=\"3 minutos\" \/>\n<script type=\"application\/ld+json\" class=\"yoast-schema-graph\">{\"@context\":\"https:\/\/schema.org\",\"@graph\":[{\"@type\":\"Article\",\"@id\":\"https:\/\/noti-america.com\/site\/espana\/2021\/07\/01\/el-certificado-covid-digital-de-la-ue-entra-en-vigor\/#article\",\"isPartOf\":{\"@id\":\"https:\/\/noti-america.com\/site\/espana\/2021\/07\/01\/el-certificado-covid-digital-de-la-ue-entra-en-vigor\/\"},\"author\":{\"name\":\"Rosmer Herrera\",\"@id\":\"https:\/\/noti-america.com\/site\/espana\/#\/schema\/person\/fd58dbfb92a257e9dc5761bf69a855ff\"},\"headline\":\"El certificado COVID digital de la UE entra en vigor\",\"datePublished\":\"2021-07-01T18:08:11+00:00\",\"dateModified\":\"2021-07-01T22:08:28+00:00\",\"mainEntityOfPage\":{\"@id\":\"https:\/\/noti-america.com\/site\/espana\/2021\/07\/01\/el-certificado-covid-digital-de-la-ue-entra-en-vigor\/\"},\"wordCount\":669,\"commentCount\":0,\"publisher\":{\"@id\":\"https:\/\/noti-america.com\/site\/espana\/#organization\"},\"image\":{\"@id\":\"https:\/\/noti-america.com\/site\/espana\/2021\/07\/01\/el-certificado-covid-digital-de-la-ue-entra-en-vigor\/#primaryimage\"},\"thumbnailUrl\":\"https:\/\/noti-america.com\/site\/espana\/wp-content\/uploads\/sites\/25\/2021\/07\/COVID-CORONAVIRUS-ESPANA.jpg\",\"articleSection\":[\"Actualidad\",\"Coronavirus\"],\"inLanguage\":\"es\",\"potentialAction\":[{\"@type\":\"CommentAction\",\"name\":\"Comment\",\"target\":[\"https:\/\/noti-america.com\/site\/espana\/2021\/07\/01\/el-certificado-covid-digital-de-la-ue-entra-en-vigor\/#respond\"]}]},{\"@type\":\"WebPage\",\"@id\":\"https:\/\/noti-america.com\/site\/espana\/2021\/07\/01\/el-certificado-covid-digital-de-la-ue-entra-en-vigor\/\",\"url\":\"https:\/\/noti-america.com\/site\/espana\/2021\/07\/01\/el-certificado-covid-digital-de-la-ue-entra-en-vigor\/\",\"name\":\"El certificado COVID digital de la UE entra en vigor - Espa\u00f1a | Noti-America.com\",\"isPartOf\":{\"@id\":\"https:\/\/noti-america.com\/site\/espana\/#website\"},\"primaryImageOfPage\":{\"@id\":\"https:\/\/noti-america.com\/site\/espana\/2021\/07\/01\/el-certificado-covid-digital-de-la-ue-entra-en-vigor\/#primaryimage\"},\"image\":{\"@id\":\"https:\/\/noti-america.com\/site\/espana\/2021\/07\/01\/el-certificado-covid-digital-de-la-ue-entra-en-vigor\/#primaryimage\"},\"thumbnailUrl\":\"https:\/\/noti-america.com\/site\/espana\/wp-content\/uploads\/sites\/25\/2021\/07\/COVID-CORONAVIRUS-ESPANA.jpg\",\"datePublished\":\"2021-07-01T18:08:11+00:00\",\"dateModified\":\"2021-07-01T22:08:28+00:00\",\"breadcrumb\":{\"@id\":\"https:\/\/noti-america.com\/site\/espana\/2021\/07\/01\/el-certificado-covid-digital-de-la-ue-entra-en-vigor\/#breadcrumb\"},\"inLanguage\":\"es\",\"potentialAction\":[{\"@type\":\"ReadAction\",\"target\":[\"https:\/\/noti-america.com\/site\/espana\/2021\/07\/01\/el-certificado-covid-digital-de-la-ue-entra-en-vigor\/\"]}]},{\"@type\":\"ImageObject\",\"inLanguage\":\"es\",\"@id\":\"https:\/\/noti-america.com\/site\/espana\/2021\/07\/01\/el-certificado-covid-digital-de-la-ue-entra-en-vigor\/#primaryimage\",\"url\":\"https:\/\/noti-america.com\/site\/espana\/wp-content\/uploads\/sites\/25\/2021\/07\/COVID-CORONAVIRUS-ESPANA.jpg\",\"contentUrl\":\"https:\/\/noti-america.com\/site\/espana\/wp-content\/uploads\/sites\/25\/2021\/07\/COVID-CORONAVIRUS-ESPANA.jpg\",\"width\":1600,\"height\":900},{\"@type\":\"BreadcrumbList\",\"@id\":\"https:\/\/noti-america.com\/site\/espana\/2021\/07\/01\/el-certificado-covid-digital-de-la-ue-entra-en-vigor\/#breadcrumb\",\"itemListElement\":[{\"@type\":\"ListItem\",\"position\":1,\"name\":\"Portada\",\"item\":\"https:\/\/noti-america.com\/site\/espana\/\"},{\"@type\":\"ListItem\",\"position\":2,\"name\":\"El certificado COVID digital de la UE entra en vigor\"}]},{\"@type\":\"WebSite\",\"@id\":\"https:\/\/noti-america.com\/site\/espana\/#website\",\"url\":\"https:\/\/noti-america.com\/site\/espana\/\",\"name\":\"Espa\u00f1a | Noti-America.com\",\"description\":\"\",\"publisher\":{\"@id\":\"https:\/\/noti-america.com\/site\/espana\/#organization\"},\"potentialAction\":[{\"@type\":\"SearchAction\",\"target\":{\"@type\":\"EntryPoint\",\"urlTemplate\":\"https:\/\/noti-america.com\/site\/espana\/?s={search_term_string}\"},\"query-input\":{\"@type\":\"PropertyValueSpecification\",\"valueRequired\":true,\"valueName\":\"search_term_string\"}}],\"inLanguage\":\"es\"},{\"@type\":\"Organization\",\"@id\":\"https:\/\/noti-america.com\/site\/espana\/#organization\",\"name\":\"Noti-America LLC | Espa\u00f1a\",\"url\":\"https:\/\/noti-america.com\/site\/espana\/\",\"logo\":{\"@type\":\"ImageObject\",\"inLanguage\":\"es\",\"@id\":\"https:\/\/noti-america.com\/site\/espana\/#\/schema\/logo\/image\/\",\"url\":\"https:\/\/noti-america.com\/site\/espana\/wp-content\/uploads\/sites\/25\/2020\/07\/LogoNA-4x3-1.jpg\",\"contentUrl\":\"https:\/\/noti-america.com\/site\/espana\/wp-content\/uploads\/sites\/25\/2020\/07\/LogoNA-4x3-1.jpg\",\"width\":1236,\"height\":1080,\"caption\":\"Noti-America LLC | Espa\u00f1a\"},\"image\":{\"@id\":\"https:\/\/noti-america.com\/site\/espana\/#\/schema\/logo\/image\/\"},\"sameAs\":[\"https:\/\/x.com\/notiamerica\"]},{\"@type\":\"Person\",\"@id\":\"https:\/\/noti-america.com\/site\/espana\/#\/schema\/person\/fd58dbfb92a257e9dc5761bf69a855ff\",\"name\":\"Rosmer Herrera\",\"image\":{\"@type\":\"ImageObject\",\"inLanguage\":\"es\",\"@id\":\"https:\/\/secure.gravatar.com\/avatar\/153e75c261394dbf20ff1a1e70ea2be9494f2b40b7fc4e7704084db13220ae08?s=96&d=mm&r=g\",\"url\":\"https:\/\/secure.gravatar.com\/avatar\/153e75c261394dbf20ff1a1e70ea2be9494f2b40b7fc4e7704084db13220ae08?s=96&d=mm&r=g\",\"contentUrl\":\"https:\/\/secure.gravatar.com\/avatar\/153e75c261394dbf20ff1a1e70ea2be9494f2b40b7fc4e7704084db13220ae08?s=96&d=mm&r=g\",\"caption\":\"Rosmer Herrera\"},\"url\":\"https:\/\/noti-america.com\/site\/espana\/author\/rosmer33\/\"}]}<\/script>\n<!-- \/ Yoast SEO Premium plugin. -->","yoast_head_json":{"title":"El certificado COVID digital de la UE entra en vigor - Espa\u00f1a | Noti-America.com","robots":{"index":"index","follow":"follow","max-snippet":"max-snippet:-1","max-image-preview":"max-image-preview:large","max-video-preview":"max-video-preview:-1"},"canonical":"https:\/\/noti-america.com\/site\/espana\/2021\/07\/01\/el-certificado-covid-digital-de-la-ue-entra-en-vigor\/","og_locale":"es_ES","og_type":"article","og_title":"El certificado COVID digital de la UE entra en vigor","og_description":"Nota de Prensa Bruselas, 1 de julio de 2021 Hoy entra en vigor el Reglamento sobre el certificado COVID digital de la UE. Esto significa que los ciudadanos y residentes de la UE podr\u00e1n&#46;&#46;&#46;","og_url":"https:\/\/noti-america.com\/site\/espana\/2021\/07\/01\/el-certificado-covid-digital-de-la-ue-entra-en-vigor\/","og_site_name":"Espa\u00f1a | Noti-America.com","article_published_time":"2021-07-01T18:08:11+00:00","article_modified_time":"2021-07-01T22:08:28+00:00","og_image":[{"width":1600,"height":900,"url":"https:\/\/noti-america.com\/site\/espana\/wp-content\/uploads\/sites\/25\/2021\/07\/COVID-CORONAVIRUS-ESPANA.jpg","type":"image\/jpeg"}],"author":"Rosmer Herrera","twitter_card":"summary_large_image","twitter_creator":"@notiamerica","twitter_site":"@notiamerica","twitter_misc":{"Escrito por":"Rosmer Herrera","Tiempo estimado de lectura":"3 minutos"},"schema":{"@context":"https:\/\/schema.org","@graph":[{"@type":"Article","@id":"https:\/\/noti-america.com\/site\/espana\/2021\/07\/01\/el-certificado-covid-digital-de-la-ue-entra-en-vigor\/#article","isPartOf":{"@id":"https:\/\/noti-america.com\/site\/espana\/2021\/07\/01\/el-certificado-covid-digital-de-la-ue-entra-en-vigor\/"},"author":{"name":"Rosmer Herrera","@id":"https:\/\/noti-america.com\/site\/espana\/#\/schema\/person\/fd58dbfb92a257e9dc5761bf69a855ff"},"headline":"El certificado COVID digital de la UE entra en vigor","datePublished":"2021-07-01T18:08:11+00:00","dateModified":"2021-07-01T22:08:28+00:00","mainEntityOfPage":{"@id":"https:\/\/noti-america.com\/site\/espana\/2021\/07\/01\/el-certificado-covid-digital-de-la-ue-entra-en-vigor\/"},"wordCount":669,"commentCount":0,"publisher":{"@id":"https:\/\/noti-america.com\/site\/espana\/#organization"},"image":{"@id":"https:\/\/noti-america.com\/site\/espana\/2021\/07\/01\/el-certificado-covid-digital-de-la-ue-entra-en-vigor\/#primaryimage"},"thumbnailUrl":"https:\/\/noti-america.com\/site\/espana\/wp-content\/uploads\/sites\/25\/2021\/07\/COVID-CORONAVIRUS-ESPANA.jpg","articleSection":["Actualidad","Coronavirus"],"inLanguage":"es","potentialAction":[{"@type":"CommentAction","name":"Comment","target":["https:\/\/noti-america.com\/site\/espana\/2021\/07\/01\/el-certificado-covid-digital-de-la-ue-entra-en-vigor\/#respond"]}]},{"@type":"WebPage","@id":"https:\/\/noti-america.com\/site\/espana\/2021\/07\/01\/el-certificado-covid-digital-de-la-ue-entra-en-vigor\/","url":"https:\/\/noti-america.com\/site\/espana\/2021\/07\/01\/el-certificado-covid-digital-de-la-ue-entra-en-vigor\/","name":"El certificado COVID digital de la UE entra en vigor - Espa\u00f1a | Noti-America.com","isPartOf":{"@id":"https:\/\/noti-america.com\/site\/espana\/#website"},"primaryImageOfPage":{"@id":"https:\/\/noti-america.com\/site\/espana\/2021\/07\/01\/el-certificado-covid-digital-de-la-ue-entra-en-vigor\/#primaryimage"},"image":{"@id":"https:\/\/noti-america.com\/site\/espana\/2021\/07\/01\/el-certificado-covid-digital-de-la-ue-entra-en-vigor\/#primaryimage"},"thumbnailUrl":"https:\/\/noti-america.com\/site\/espana\/wp-content\/uploads\/sites\/25\/2021\/07\/COVID-CORONAVIRUS-ESPANA.jpg","datePublished":"2021-07-01T18:08:11+00:00","dateModified":"2021-07-01T22:08:28+00:00","breadcrumb":{"@id":"https:\/\/noti-america.com\/site\/espana\/2021\/07\/01\/el-certificado-covid-digital-de-la-ue-entra-en-vigor\/#breadcrumb"},"inLanguage":"es","potentialAction":[{"@type":"ReadAction","target":["https:\/\/noti-america.com\/site\/espana\/2021\/07\/01\/el-certificado-covid-digital-de-la-ue-entra-en-vigor\/"]}]},{"@type":"ImageObject","inLanguage":"es","@id":"https:\/\/noti-america.com\/site\/espana\/2021\/07\/01\/el-certificado-covid-digital-de-la-ue-entra-en-vigor\/#primaryimage","url":"https:\/\/noti-america.com\/site\/espana\/wp-content\/uploads\/sites\/25\/2021\/07\/COVID-CORONAVIRUS-ESPANA.jpg","contentUrl":"https:\/\/noti-america.com\/site\/espana\/wp-content\/uploads\/sites\/25\/2021\/07\/COVID-CORONAVIRUS-ESPANA.jpg","width":1600,"height":900},{"@type":"BreadcrumbList","@id":"https:\/\/noti-america.com\/site\/espana\/2021\/07\/01\/el-certificado-covid-digital-de-la-ue-entra-en-vigor\/#breadcrumb","itemListElement":[{"@type":"ListItem","position":1,"name":"Portada","item":"https:\/\/noti-america.com\/site\/espana\/"},{"@type":"ListItem","position":2,"name":"El certificado COVID digital de la UE entra en vigor"}]},{"@type":"WebSite","@id":"https:\/\/noti-america.com\/site\/espana\/#website","url":"https:\/\/noti-america.com\/site\/espana\/","name":"Espa\u00f1a | Noti-America.com","description":"","publisher":{"@id":"https:\/\/noti-america.com\/site\/espana\/#organization"},"potentialAction":[{"@type":"SearchAction","target":{"@type":"EntryPoint","urlTemplate":"https:\/\/noti-america.com\/site\/espana\/?s={search_term_string}"},"query-input":{"@type":"PropertyValueSpecification","valueRequired":true,"valueName":"search_term_string"}}],"inLanguage":"es"},{"@type":"Organization","@id":"https:\/\/noti-america.com\/site\/espana\/#organization","name":"Noti-America LLC | Espa\u00f1a","url":"https:\/\/noti-america.com\/site\/espana\/","logo":{"@type":"ImageObject","inLanguage":"es","@id":"https:\/\/noti-america.com\/site\/espana\/#\/schema\/logo\/image\/","url":"https:\/\/noti-america.com\/site\/espana\/wp-content\/uploads\/sites\/25\/2020\/07\/LogoNA-4x3-1.jpg","contentUrl":"https:\/\/noti-america.com\/site\/espana\/wp-content\/uploads\/sites\/25\/2020\/07\/LogoNA-4x3-1.jpg","width":1236,"height":1080,"caption":"Noti-America LLC | Espa\u00f1a"},"image":{"@id":"https:\/\/noti-america.com\/site\/espana\/#\/schema\/logo\/image\/"},"sameAs":["https:\/\/x.com\/notiamerica"]},{"@type":"Person","@id":"https:\/\/noti-america.com\/site\/espana\/#\/schema\/person\/fd58dbfb92a257e9dc5761bf69a855ff","name":"Rosmer Herrera","image":{"@type":"ImageObject","inLanguage":"es","@id":"https:\/\/secure.gravatar.com\/avatar\/153e75c261394dbf20ff1a1e70ea2be9494f2b40b7fc4e7704084db13220ae08?s=96&d=mm&r=g","url":"https:\/\/secure.gravatar.com\/avatar\/153e75c261394dbf20ff1a1e70ea2be9494f2b40b7fc4e7704084db13220ae08?s=96&d=mm&r=g","contentUrl":"https:\/\/secure.gravatar.com\/avatar\/153e75c261394dbf20ff1a1e70ea2be9494f2b40b7fc4e7704084db13220ae08?s=96&d=mm&r=g","caption":"Rosmer Herrera"},"url":"https:\/\/noti-america.com\/site\/espana\/author\/rosmer33\/"}]}},"_links":{"self":[{"href":"https:\/\/noti-america.com\/site\/espana\/wp-json\/wp\/v2\/posts\/5046","targetHints":{"allow":["GET"]}}],"collection":[{"href":"https:\/\/noti-america.com\/site\/espana\/wp-json\/wp\/v2\/posts"}],"about":[{"href":"https:\/\/noti-america.com\/site\/espana\/wp-json\/wp\/v2\/types\/post"}],"author":[{"embeddable":true,"href":"https:\/\/noti-america.com\/site\/espana\/wp-json\/wp\/v2\/users\/1"}],"replies":[{"embeddable":true,"href":"https:\/\/noti-america.com\/site\/espana\/wp-json\/wp\/v2\/comments?post=5046"}],"version-history":[{"count":1,"href":"https:\/\/noti-america.com\/site\/espana\/wp-json\/wp\/v2\/posts\/5046\/revisions"}],"predecessor-version":[{"id":5048,"href":"https:\/\/noti-america.com\/site\/espana\/wp-json\/wp\/v2\/posts\/5046\/revisions\/5048"}],"wp:featuredmedia":[{"embeddable":true,"href":"https:\/\/noti-america.com\/site\/espana\/wp-json\/wp\/v2\/media\/5047"}],"wp:attachment":[{"href":"https:\/\/noti-america.com\/site\/espana\/wp-json\/wp\/v2\/media?parent=5046"}],"wp:term":[{"taxonomy":"category","embeddable":true,"href":"https:\/\/noti-america.com\/site\/espana\/wp-json\/wp\/v2\/categories?post=5046"},{"taxonomy":"post_tag","embeddable":true,"href":"https:\/\/noti-america.com\/site\/espana\/wp-json\/wp\/v2\/tags?post=5046"}],"curies":[{"name":"wp","href":"https:\/\/api.w.org\/{rel}","templated":true}]}}