{"id":5004,"date":"2021-06-21T08:41:44","date_gmt":"2021-06-21T08:41:44","guid":{"rendered":"https:\/\/noti-america.com\/site\/espana\/2021\/06\/21\/el-71-de-los-espanoles-confia-en-que-la-vacuna-covid-19-le-protegera-de-transmitir-el-virus-a-otras-personas\/"},"modified":"2021-06-21T12:41:52","modified_gmt":"2021-06-21T12:41:52","slug":"el-71-de-los-espanoles-confia-en-que-la-vacuna-covid-19-le-protegera-de-transmitir-el-virus-a-otras-personas","status":"publish","type":"post","link":"https:\/\/noti-america.com\/site\/espana\/2021\/06\/21\/el-71-de-los-espanoles-confia-en-que-la-vacuna-covid-19-le-protegera-de-transmitir-el-virus-a-otras-personas\/","title":{"rendered":"El 71% de los espa\u00f1oles conf\u00eda en que la vacuna COVID-19 le proteger\u00e1 de transmitir el virus a otras personas"},"content":{"rendered":"<p style=\"text-align: justify;\">Nota de Prensa &#8211; Comunicae Media<\/p>\n<p style=\"text-align: justify;\"><strong>El estudio &#8216;Vaccine Perception&#8217;, realizado por Cigna, sit\u00faa a Espa\u00f1a como el segundo pa\u00eds que m\u00e1s conf\u00eda en que la vacuna COVID-19 proteger\u00e1 de transmitir el virus (71%), solo superado por China (74%). Los espa\u00f1oles de m\u00e1s de 55 a\u00f1os, los que m\u00e1s conf\u00edan en esa protecci\u00f3n (78%), seguidos de los adultos de entre 45 y 54 a\u00f1os (74%). Espa\u00f1a, en el top 3 de los pa\u00edses m\u00e1s conectados con la actualidad sobre la vacuna COVID-19 (76%), por debajo de Tailandia (82%) y Emiratos \u00c1rabes (79%)<\/strong><\/p>\n<p style=\"text-align: justify;\">Tras m\u00e1s de un a\u00f1o viviendo bajo el paraguas de la pandemia, poco a poco empezamos a ver la luz gracias a la dinamizaci\u00f3n de la vacuna contra la COVID-19. Con el objetivo de conocer la acogida que est\u00e1 teniendo la vacunaci\u00f3n a escala mundial,\u00a0<a href=\"https:\/\/www.cignasalud.es\/\" target=\"_blank\" rel=\"noopener noreferrer\"><strong>Cigna<\/strong><\/a>\u00a0ha presentado las primeras conclusiones de su estudio\u00a0<a href=\"https:\/\/www.cignainternational.com\/static\/docs\/pdfs\/en\/Cigna_COVID-19_Vaccine_Perception_Research_Flagship_Report_April_2021.pdf\" target=\"_blank\" rel=\"noopener noreferrer\"><strong>Vaccine Perception<\/strong><\/a><strong>1<\/strong>, en el que han participado 26. 866 encuestados de\u00a0<strong>China, Hong Kong, Taiw\u00e1n, Singapur, Corea del Sur, Espa\u00f1a, Tailandia, Nueva Zelanda, Emiratos \u00c1rabes, Reino Unido y Estados Unidos.<\/strong><\/p>\n<p style=\"text-align: justify;\">En el caso concreto de<strong>\u00a0Espa\u00f1a<\/strong>, el estudio pone de manifiesto la tranquilidad que aportan las vacunas frente a la propagaci\u00f3n del virus. Concretamente,\u00a0<strong>el 71% de los encuestados a nivel nacional conf\u00eda en que las vacunas COVID-19 le proteger\u00e1n de transmitir el virus a otras personas<\/strong>, un dato solo superado por China (74%). En el extremo opuesto del ranking se encuentran: Taiw\u00e1n y Hong Kong, donde el 44% y 45% de los encuestados conf\u00eda en esa protecci\u00f3n; mientras que, en Estados Unidos, el porcentaje se mantiene en 58%.<\/p>\n<p style=\"text-align: justify;\">Esta percepci\u00f3n positiva, en el caso espa\u00f1ol, es compartida por los diferentes grupos de edad encuestados, aunque se observan porcentajes m\u00e1s elevados en aquellos segmentos con edades m\u00e1s avanzadas. As\u00ed, los espa\u00f1oles de\u00a0<strong>55 a\u00f1os o m\u00e1s\u00a0<\/strong>son los que m\u00e1s\u00a0<strong>conf\u00edan en la vacuna contra la COVID-19 (78%),<\/strong>\u00a0seguidos de los adultos de 45 a 54 a\u00f1os (74%).<\/p>\n<p style=\"text-align: justify;\">En este punto, es relevante destacar que la generaci\u00f3n m\u00e1s joven es el siguiente grupo de edad a la hora de considerar que las vacunas COVID-19 son una medida preventiva ante la expansi\u00f3n del virus:\u00a0<strong>el 69% de los espa\u00f1oles de 18 a 24 a\u00f1os defiende este argumento<\/strong>. Por su parte, los encuestados con edades comprendidas entre los 35 y 44 a\u00f1os y de 25 a 34 a\u00f1os se sit\u00faan 8 y 10 puntos por debajo de la media nacional (71%), alcanzando el 63% y 61%, respectivamente.<\/p>\n<p style=\"text-align: justify;\">En cuanto a las posibilidades de contraer COVID-19, los espa\u00f1oles tambi\u00e9n han manifestado su fe en las vacunas contra este virus como protectoras. De hecho,\u00a0<strong>Espa\u00f1a es el tercer pa\u00eds del mundo que m\u00e1s confianza deposita en la vacunaci\u00f3n como escudo frente al contagio de la COVID-19 (73%),<\/strong>\u00a0s\u00f3lo por debajo de China (77%) y Reino Unido (75%).<\/p>\n<p style=\"text-align: justify;\">Si se analiza la aceptaci\u00f3n de estas vacunas por sexos en Espa\u00f1a, se observa un incremento significativo en el caso del g\u00e9nero femenino. De marzo de 2021 a abril de 2021, ha aumentado un 7% el n\u00famero de mujeres que se pondr\u00eda la vacuna si estuviese disponible para ellas (pasando del 67% al 74%).<\/p>\n<p style=\"text-align: justify;\">Por su parte, en el caso de los hombres tambi\u00e9n se aprecia mayor predisposici\u00f3n para vacunarse siempre que sea posible, puesto que 7 de cada 10 (71%) encuestados nacionales estaban dispuestos a ello en marzo y, un mes despu\u00e9s, este porcentaje ascendi\u00f3 al 75%.<\/p>\n<p style=\"text-align: justify;\"><strong>Los espa\u00f1oles, los que m\u00e1s siguen las noticias sobre las vacunas COVID-19<\/strong><br \/>\nEspa\u00f1a es uno de los pa\u00edses a nivel mundial en el que la pandemia ha impactado m\u00e1s directamente en la vida de las personas, lo que ha podido motivar que, tal y como refleja el\u00a0<a href=\"https:\/\/www.cignainternational.com\/static\/docs\/pdfs\/en\/Cigna_COVID-19_Vaccine_Perception_Research_Flagship_Report_April_2021.pdf\" target=\"_blank\" rel=\"noopener noreferrer\">estudio de Cigna1<\/a>, sea uno de los lugares donde los ciudadanos est\u00e1n m\u00e1s interesados en el estado y en la evoluci\u00f3n de las vacunas. De hecho, es el tercer pa\u00eds a escala global que\u00a0<strong>sigue m\u00e1s de cerca las noticias sobre la vacuna COVID-19 (76%),\u00a0<\/strong>por debajo de Tailandia 82% y Emiratos \u00c1rabes Unidos (79%).<\/p>\n<p style=\"text-align: justify;\">En concreto, en el caso espa\u00f1ol, se vuelve a percibir un claro inter\u00e9s por este tema en las personas de m\u00e1s edad. Concretamente, el ranking es liderado por las\u00a0<strong>personas de 55 a\u00f1os o m\u00e1s<\/strong>, donde casi 9 de cada 10 encuestados (<strong>86%) reconoce estar siguiendo muy de cerca las noticias sobre las vacunas COVID-19.<\/strong>\u00a0A tan solo 5 puntos porcentuales (81%) se sit\u00faa la poblaci\u00f3n de entre 45 y 54 a\u00f1os, y a 17 puntos (69%), aquellos con edades comprendidas entre los 35 y 44 a\u00f1os.<\/p>\n<p style=\"text-align: justify;\">Asimismo, el informe \u2018<a href=\"https:\/\/www.cignainternational.com\/static\/docs\/pdfs\/en\/Cigna_COVID-19_Vaccine_Perception_Research_Flagship_Report_April_2021.pdf\" target=\"_blank\" rel=\"noopener noreferrer\">Vaccine Perception\u2019<\/a>1 de Cigna muestra la importancia que la Generaci\u00f3n Z da a la informaci\u00f3n relacionada con las vacunas, pues\u00a0<strong>m\u00e1s de la mitad de esta generaci\u00f3n de entre 18 y 24 a\u00f1os<\/strong>\u00a0<strong>sigue las noticias sobre la vacuna COVID-19 (60%)\u00a0<\/strong>y otro\u00a0<strong>61% de los espa\u00f1oles de entre 25 y 34 a\u00f1os<\/strong>\u00a0tambi\u00e9n est\u00e1 conectado a todas las novedades sobre la vacunaci\u00f3n.<\/p>\n<p style=\"text-align: justify;\">Unas cifras que pueden haber ayudado, junto a otros factores, a que en los \u00faltimos meses se haya incrementado el porcentaje de poblaci\u00f3n que considera seguras las vacunas COVID-19. De hecho, entre marzo de 2021 y abril de 2021,\u00a0<strong>ha aumentado un<\/strong>\u00a0<strong>7% el n\u00famero de espa\u00f1oles que est\u00e1n de acuerdo con esta afirmaci\u00f3n,\u00a0<\/strong>pasando de un 54% a un 61%, el mismo incremento que China (de 49% a 56%).<\/p>\n<p style=\"text-align: justify;\">\u00abQue en solo un mes la percepci\u00f3n sobre la seguridad de la vacuna haya aumentado casi un 10% en Espa\u00f1a indica que se est\u00e1 viendo el resultado del duro trabajo de los profesionales sanitarios. Esta dedicaci\u00f3n est\u00e1 teniendo un impacto real y positivo en la lucha en torno a la aceptaci\u00f3n de la vacuna COVID-19. En el futuro, el estudio sobre esta materia ayudar\u00e1 a comprender mejor c\u00f3mo se sienten las personas en relaci\u00f3n a las vacunas. Disponer de esta informaci\u00f3n, ayudar\u00e1 a satisfacer mejor sus necesidades y proporcionar el apoyo adecuado para mejorar su salud hol\u00edstica en estos tiempos sin precedentes\u201d,<em>\u00a0<\/em>se\u00f1ala\u00a0<strong>Mar\u00eda S\u00e1nchez, e-health Medical Manager de Cigna Espa\u00f1a.<\/strong><\/p>\n<p style=\"text-align: justify;\">Todav\u00eda queda mucho camino por recorrer en materia de vacunaci\u00f3n y, aunque empieza a ser una garant\u00eda para recuperar poco a poco la vida anterior,\u00a0<strong>es importante no olvidarse de la salud hol\u00edstica (Whole Health)<\/strong>\u00a0y concienciar sobre la importancia de cuidar el bienestar en todos los niveles: llevar alimentaci\u00f3n equilibrada y sana, una rutina de ejercicio f\u00edsico, la pr\u00e1ctica de ejercicios de relajaci\u00f3n o el contacto constante con familiares, amigos y compa\u00f1eros, prestando especial atenci\u00f3n a la salud mental y emocional. De esta forma ser\u00e1 posible gestionar esta nueva realidad lo mejor posible.<\/p>\n<p style=\"text-align: justify;\">El \u00faltimo informe de\u00a0<a href=\"https:\/\/www.cignasalud.es\/\" target=\"_blank\" rel=\"noopener noreferrer\"><strong>Cigna<\/strong><\/a>, el segundo de una serie de encuestas, resume las principales conclusiones del estudio \u2018Vaccine Perception\u2019 de Cigna, cuyo objetivo es comprender mejor las percepciones y actitudes globales ante las vacunas COVID-19. Puedes encontrar m\u00e1s informaci\u00f3n sobre este estudio de Cigna\u00a0<a href=\"https:\/\/www.cignainternational.com\/static\/docs\/pdfs\/en\/Cigna_COVID-19_Vaccine_Perception_Research_Flagship_Report_April_2021.pdf\" target=\"_blank\" rel=\"noopener noreferrer\">aqu\u00ed.<\/a><\/p>\n","protected":false},"excerpt":{"rendered":"<p>Nota de Prensa &#8211; Comunicae Media El estudio &#8216;Vaccine Perception&#8217;, realizado por Cigna, sit\u00faa a Espa\u00f1a como el segundo pa\u00eds que m\u00e1s conf\u00eda en que la vacuna COVID-19 proteger\u00e1 de transmitir el virus (71%),&#46;&#46;&#46;<\/p>\n","protected":false},"author":1,"featured_media":5005,"comment_status":"open","ping_status":"open","sticky":false,"template":"","format":"image","meta":{"_acf_changed":false,"om_disable_all_campaigns":false,"rop_custom_images_group":[],"rop_custom_messages_group":[],"rop_publish_now":"initial","rop_publish_now_accounts":[],"rop_publish_now_history":[],"rop_publish_now_status":"pending","_uf_show_specific_survey":0,"_uf_disable_surveys":false,"footnotes":""},"categories":[136,144],"tags":[],"class_list":["post-5004","post","type-post","status-publish","format-image","has-post-thumbnail","hentry","category-actualidad","category-coronavirus-2","post_format-post-format-image"],"acf":[],"aioseo_notices":[],"yoast_head":"<!-- This site is optimized with the Yoast SEO Premium plugin v24.9 (Yoast SEO v27.2) - https:\/\/yoast.com\/product\/yoast-seo-premium-wordpress\/ -->\n<title>El 71% de los espa\u00f1oles conf\u00eda en que la vacuna COVID-19 le proteger\u00e1 de transmitir el virus a otras personas - Espa\u00f1a | Noti-America.com<\/title>\n<meta name=\"robots\" content=\"index, follow, max-snippet:-1, max-image-preview:large, max-video-preview:-1\" \/>\n<link rel=\"canonical\" href=\"https:\/\/noti-america.com\/site\/espana\/2021\/06\/21\/el-71-de-los-espanoles-confia-en-que-la-vacuna-covid-19-le-protegera-de-transmitir-el-virus-a-otras-personas\/\" \/>\n<meta property=\"og:locale\" content=\"es_ES\" \/>\n<meta property=\"og:type\" content=\"article\" \/>\n<meta property=\"og:title\" content=\"El 71% de los espa\u00f1oles conf\u00eda en que la vacuna COVID-19 le proteger\u00e1 de transmitir el virus a otras personas\" \/>\n<meta property=\"og:description\" content=\"Nota de Prensa &#8211; Comunicae Media El estudio &#8216;Vaccine Perception&#8217;, realizado por Cigna, sit\u00faa a Espa\u00f1a como el segundo pa\u00eds que m\u00e1s conf\u00eda en que la vacuna COVID-19 proteger\u00e1 de transmitir el virus (71%),&#046;&#046;&#046;\" \/>\n<meta property=\"og:url\" content=\"https:\/\/noti-america.com\/site\/espana\/2021\/06\/21\/el-71-de-los-espanoles-confia-en-que-la-vacuna-covid-19-le-protegera-de-transmitir-el-virus-a-otras-personas\/\" \/>\n<meta property=\"og:site_name\" content=\"Espa\u00f1a | Noti-America.com\" \/>\n<meta property=\"article:published_time\" content=\"2021-06-21T08:41:44+00:00\" \/>\n<meta property=\"article:modified_time\" content=\"2021-06-21T12:41:52+00:00\" \/>\n<meta property=\"og:image\" content=\"https:\/\/noti-america.com\/site\/espana\/wp-content\/uploads\/sites\/25\/2021\/06\/vacuna.jpeg\" \/>\n\t<meta property=\"og:image:width\" content=\"1024\" \/>\n\t<meta property=\"og:image:height\" content=\"682\" \/>\n\t<meta property=\"og:image:type\" content=\"image\/jpeg\" \/>\n<meta name=\"author\" content=\"Rosmer Herrera\" \/>\n<meta name=\"twitter:card\" content=\"summary_large_image\" \/>\n<meta name=\"twitter:creator\" content=\"@notiamerica\" \/>\n<meta name=\"twitter:site\" content=\"@notiamerica\" \/>\n<meta name=\"twitter:label1\" content=\"Escrito por\" \/>\n\t<meta name=\"twitter:data1\" content=\"Rosmer Herrera\" \/>\n\t<meta name=\"twitter:label2\" content=\"Tiempo estimado de lectura\" \/>\n\t<meta name=\"twitter:data2\" content=\"6 minutos\" \/>\n<script type=\"application\/ld+json\" class=\"yoast-schema-graph\">{\"@context\":\"https:\/\/schema.org\",\"@graph\":[{\"@type\":\"Article\",\"@id\":\"https:\/\/noti-america.com\/site\/espana\/2021\/06\/21\/el-71-de-los-espanoles-confia-en-que-la-vacuna-covid-19-le-protegera-de-transmitir-el-virus-a-otras-personas\/#article\",\"isPartOf\":{\"@id\":\"https:\/\/noti-america.com\/site\/espana\/2021\/06\/21\/el-71-de-los-espanoles-confia-en-que-la-vacuna-covid-19-le-protegera-de-transmitir-el-virus-a-otras-personas\/\"},\"author\":{\"name\":\"Rosmer Herrera\",\"@id\":\"https:\/\/noti-america.com\/site\/espana\/#\/schema\/person\/fd58dbfb92a257e9dc5761bf69a855ff\"},\"headline\":\"El 71% de los espa\u00f1oles conf\u00eda en que la vacuna COVID-19 le proteger\u00e1 de transmitir el virus a otras personas\",\"datePublished\":\"2021-06-21T08:41:44+00:00\",\"dateModified\":\"2021-06-21T12:41:52+00:00\",\"mainEntityOfPage\":{\"@id\":\"https:\/\/noti-america.com\/site\/espana\/2021\/06\/21\/el-71-de-los-espanoles-confia-en-que-la-vacuna-covid-19-le-protegera-de-transmitir-el-virus-a-otras-personas\/\"},\"wordCount\":1206,\"commentCount\":0,\"publisher\":{\"@id\":\"https:\/\/noti-america.com\/site\/espana\/#organization\"},\"image\":{\"@id\":\"https:\/\/noti-america.com\/site\/espana\/2021\/06\/21\/el-71-de-los-espanoles-confia-en-que-la-vacuna-covid-19-le-protegera-de-transmitir-el-virus-a-otras-personas\/#primaryimage\"},\"thumbnailUrl\":\"https:\/\/noti-america.com\/site\/espana\/wp-content\/uploads\/sites\/25\/2021\/06\/vacuna.jpeg\",\"articleSection\":[\"Actualidad\",\"Coronavirus\"],\"inLanguage\":\"es\",\"potentialAction\":[{\"@type\":\"CommentAction\",\"name\":\"Comment\",\"target\":[\"https:\/\/noti-america.com\/site\/espana\/2021\/06\/21\/el-71-de-los-espanoles-confia-en-que-la-vacuna-covid-19-le-protegera-de-transmitir-el-virus-a-otras-personas\/#respond\"]}]},{\"@type\":\"WebPage\",\"@id\":\"https:\/\/noti-america.com\/site\/espana\/2021\/06\/21\/el-71-de-los-espanoles-confia-en-que-la-vacuna-covid-19-le-protegera-de-transmitir-el-virus-a-otras-personas\/\",\"url\":\"https:\/\/noti-america.com\/site\/espana\/2021\/06\/21\/el-71-de-los-espanoles-confia-en-que-la-vacuna-covid-19-le-protegera-de-transmitir-el-virus-a-otras-personas\/\",\"name\":\"El 71% de los espa\u00f1oles conf\u00eda en que la vacuna COVID-19 le proteger\u00e1 de transmitir el virus a otras personas - Espa\u00f1a | Noti-America.com\",\"isPartOf\":{\"@id\":\"https:\/\/noti-america.com\/site\/espana\/#website\"},\"primaryImageOfPage\":{\"@id\":\"https:\/\/noti-america.com\/site\/espana\/2021\/06\/21\/el-71-de-los-espanoles-confia-en-que-la-vacuna-covid-19-le-protegera-de-transmitir-el-virus-a-otras-personas\/#primaryimage\"},\"image\":{\"@id\":\"https:\/\/noti-america.com\/site\/espana\/2021\/06\/21\/el-71-de-los-espanoles-confia-en-que-la-vacuna-covid-19-le-protegera-de-transmitir-el-virus-a-otras-personas\/#primaryimage\"},\"thumbnailUrl\":\"https:\/\/noti-america.com\/site\/espana\/wp-content\/uploads\/sites\/25\/2021\/06\/vacuna.jpeg\",\"datePublished\":\"2021-06-21T08:41:44+00:00\",\"dateModified\":\"2021-06-21T12:41:52+00:00\",\"breadcrumb\":{\"@id\":\"https:\/\/noti-america.com\/site\/espana\/2021\/06\/21\/el-71-de-los-espanoles-confia-en-que-la-vacuna-covid-19-le-protegera-de-transmitir-el-virus-a-otras-personas\/#breadcrumb\"},\"inLanguage\":\"es\",\"potentialAction\":[{\"@type\":\"ReadAction\",\"target\":[\"https:\/\/noti-america.com\/site\/espana\/2021\/06\/21\/el-71-de-los-espanoles-confia-en-que-la-vacuna-covid-19-le-protegera-de-transmitir-el-virus-a-otras-personas\/\"]}]},{\"@type\":\"ImageObject\",\"inLanguage\":\"es\",\"@id\":\"https:\/\/noti-america.com\/site\/espana\/2021\/06\/21\/el-71-de-los-espanoles-confia-en-que-la-vacuna-covid-19-le-protegera-de-transmitir-el-virus-a-otras-personas\/#primaryimage\",\"url\":\"https:\/\/noti-america.com\/site\/espana\/wp-content\/uploads\/sites\/25\/2021\/06\/vacuna.jpeg\",\"contentUrl\":\"https:\/\/noti-america.com\/site\/espana\/wp-content\/uploads\/sites\/25\/2021\/06\/vacuna.jpeg\",\"width\":1024,\"height\":682},{\"@type\":\"BreadcrumbList\",\"@id\":\"https:\/\/noti-america.com\/site\/espana\/2021\/06\/21\/el-71-de-los-espanoles-confia-en-que-la-vacuna-covid-19-le-protegera-de-transmitir-el-virus-a-otras-personas\/#breadcrumb\",\"itemListElement\":[{\"@type\":\"ListItem\",\"position\":1,\"name\":\"Portada\",\"item\":\"https:\/\/noti-america.com\/site\/espana\/\"},{\"@type\":\"ListItem\",\"position\":2,\"name\":\"El 71% de los espa\u00f1oles conf\u00eda en que la vacuna COVID-19 le proteger\u00e1 de transmitir el virus a otras personas\"}]},{\"@type\":\"WebSite\",\"@id\":\"https:\/\/noti-america.com\/site\/espana\/#website\",\"url\":\"https:\/\/noti-america.com\/site\/espana\/\",\"name\":\"Espa\u00f1a | Noti-America.com\",\"description\":\"\",\"publisher\":{\"@id\":\"https:\/\/noti-america.com\/site\/espana\/#organization\"},\"potentialAction\":[{\"@type\":\"SearchAction\",\"target\":{\"@type\":\"EntryPoint\",\"urlTemplate\":\"https:\/\/noti-america.com\/site\/espana\/?s={search_term_string}\"},\"query-input\":{\"@type\":\"PropertyValueSpecification\",\"valueRequired\":true,\"valueName\":\"search_term_string\"}}],\"inLanguage\":\"es\"},{\"@type\":\"Organization\",\"@id\":\"https:\/\/noti-america.com\/site\/espana\/#organization\",\"name\":\"Noti-America LLC | Espa\u00f1a\",\"url\":\"https:\/\/noti-america.com\/site\/espana\/\",\"logo\":{\"@type\":\"ImageObject\",\"inLanguage\":\"es\",\"@id\":\"https:\/\/noti-america.com\/site\/espana\/#\/schema\/logo\/image\/\",\"url\":\"https:\/\/noti-america.com\/site\/espana\/wp-content\/uploads\/sites\/25\/2020\/07\/LogoNA-4x3-1.jpg\",\"contentUrl\":\"https:\/\/noti-america.com\/site\/espana\/wp-content\/uploads\/sites\/25\/2020\/07\/LogoNA-4x3-1.jpg\",\"width\":1236,\"height\":1080,\"caption\":\"Noti-America LLC | Espa\u00f1a\"},\"image\":{\"@id\":\"https:\/\/noti-america.com\/site\/espana\/#\/schema\/logo\/image\/\"},\"sameAs\":[\"https:\/\/x.com\/notiamerica\"]},{\"@type\":\"Person\",\"@id\":\"https:\/\/noti-america.com\/site\/espana\/#\/schema\/person\/fd58dbfb92a257e9dc5761bf69a855ff\",\"name\":\"Rosmer Herrera\",\"image\":{\"@type\":\"ImageObject\",\"inLanguage\":\"es\",\"@id\":\"https:\/\/secure.gravatar.com\/avatar\/153e75c261394dbf20ff1a1e70ea2be9494f2b40b7fc4e7704084db13220ae08?s=96&d=mm&r=g\",\"url\":\"https:\/\/secure.gravatar.com\/avatar\/153e75c261394dbf20ff1a1e70ea2be9494f2b40b7fc4e7704084db13220ae08?s=96&d=mm&r=g\",\"contentUrl\":\"https:\/\/secure.gravatar.com\/avatar\/153e75c261394dbf20ff1a1e70ea2be9494f2b40b7fc4e7704084db13220ae08?s=96&d=mm&r=g\",\"caption\":\"Rosmer Herrera\"},\"url\":\"https:\/\/noti-america.com\/site\/espana\/author\/rosmer33\/\"}]}<\/script>\n<!-- \/ Yoast SEO Premium plugin. -->","yoast_head_json":{"title":"El 71% de los espa\u00f1oles conf\u00eda en que la vacuna COVID-19 le proteger\u00e1 de transmitir el virus a otras personas - Espa\u00f1a | Noti-America.com","robots":{"index":"index","follow":"follow","max-snippet":"max-snippet:-1","max-image-preview":"max-image-preview:large","max-video-preview":"max-video-preview:-1"},"canonical":"https:\/\/noti-america.com\/site\/espana\/2021\/06\/21\/el-71-de-los-espanoles-confia-en-que-la-vacuna-covid-19-le-protegera-de-transmitir-el-virus-a-otras-personas\/","og_locale":"es_ES","og_type":"article","og_title":"El 71% de los espa\u00f1oles conf\u00eda en que la vacuna COVID-19 le proteger\u00e1 de transmitir el virus a otras personas","og_description":"Nota de Prensa &#8211; Comunicae Media El estudio &#8216;Vaccine Perception&#8217;, realizado por Cigna, sit\u00faa a Espa\u00f1a como el segundo pa\u00eds que m\u00e1s conf\u00eda en que la vacuna COVID-19 proteger\u00e1 de transmitir el virus (71%),&#46;&#46;&#46;","og_url":"https:\/\/noti-america.com\/site\/espana\/2021\/06\/21\/el-71-de-los-espanoles-confia-en-que-la-vacuna-covid-19-le-protegera-de-transmitir-el-virus-a-otras-personas\/","og_site_name":"Espa\u00f1a | Noti-America.com","article_published_time":"2021-06-21T08:41:44+00:00","article_modified_time":"2021-06-21T12:41:52+00:00","og_image":[{"width":1024,"height":682,"url":"https:\/\/noti-america.com\/site\/espana\/wp-content\/uploads\/sites\/25\/2021\/06\/vacuna.jpeg","type":"image\/jpeg"}],"author":"Rosmer Herrera","twitter_card":"summary_large_image","twitter_creator":"@notiamerica","twitter_site":"@notiamerica","twitter_misc":{"Escrito por":"Rosmer Herrera","Tiempo estimado de lectura":"6 minutos"},"schema":{"@context":"https:\/\/schema.org","@graph":[{"@type":"Article","@id":"https:\/\/noti-america.com\/site\/espana\/2021\/06\/21\/el-71-de-los-espanoles-confia-en-que-la-vacuna-covid-19-le-protegera-de-transmitir-el-virus-a-otras-personas\/#article","isPartOf":{"@id":"https:\/\/noti-america.com\/site\/espana\/2021\/06\/21\/el-71-de-los-espanoles-confia-en-que-la-vacuna-covid-19-le-protegera-de-transmitir-el-virus-a-otras-personas\/"},"author":{"name":"Rosmer Herrera","@id":"https:\/\/noti-america.com\/site\/espana\/#\/schema\/person\/fd58dbfb92a257e9dc5761bf69a855ff"},"headline":"El 71% de los espa\u00f1oles conf\u00eda en que la vacuna COVID-19 le proteger\u00e1 de transmitir el virus a otras personas","datePublished":"2021-06-21T08:41:44+00:00","dateModified":"2021-06-21T12:41:52+00:00","mainEntityOfPage":{"@id":"https:\/\/noti-america.com\/site\/espana\/2021\/06\/21\/el-71-de-los-espanoles-confia-en-que-la-vacuna-covid-19-le-protegera-de-transmitir-el-virus-a-otras-personas\/"},"wordCount":1206,"commentCount":0,"publisher":{"@id":"https:\/\/noti-america.com\/site\/espana\/#organization"},"image":{"@id":"https:\/\/noti-america.com\/site\/espana\/2021\/06\/21\/el-71-de-los-espanoles-confia-en-que-la-vacuna-covid-19-le-protegera-de-transmitir-el-virus-a-otras-personas\/#primaryimage"},"thumbnailUrl":"https:\/\/noti-america.com\/site\/espana\/wp-content\/uploads\/sites\/25\/2021\/06\/vacuna.jpeg","articleSection":["Actualidad","Coronavirus"],"inLanguage":"es","potentialAction":[{"@type":"CommentAction","name":"Comment","target":["https:\/\/noti-america.com\/site\/espana\/2021\/06\/21\/el-71-de-los-espanoles-confia-en-que-la-vacuna-covid-19-le-protegera-de-transmitir-el-virus-a-otras-personas\/#respond"]}]},{"@type":"WebPage","@id":"https:\/\/noti-america.com\/site\/espana\/2021\/06\/21\/el-71-de-los-espanoles-confia-en-que-la-vacuna-covid-19-le-protegera-de-transmitir-el-virus-a-otras-personas\/","url":"https:\/\/noti-america.com\/site\/espana\/2021\/06\/21\/el-71-de-los-espanoles-confia-en-que-la-vacuna-covid-19-le-protegera-de-transmitir-el-virus-a-otras-personas\/","name":"El 71% de los espa\u00f1oles conf\u00eda en que la vacuna COVID-19 le proteger\u00e1 de transmitir el virus a otras personas - Espa\u00f1a | Noti-America.com","isPartOf":{"@id":"https:\/\/noti-america.com\/site\/espana\/#website"},"primaryImageOfPage":{"@id":"https:\/\/noti-america.com\/site\/espana\/2021\/06\/21\/el-71-de-los-espanoles-confia-en-que-la-vacuna-covid-19-le-protegera-de-transmitir-el-virus-a-otras-personas\/#primaryimage"},"image":{"@id":"https:\/\/noti-america.com\/site\/espana\/2021\/06\/21\/el-71-de-los-espanoles-confia-en-que-la-vacuna-covid-19-le-protegera-de-transmitir-el-virus-a-otras-personas\/#primaryimage"},"thumbnailUrl":"https:\/\/noti-america.com\/site\/espana\/wp-content\/uploads\/sites\/25\/2021\/06\/vacuna.jpeg","datePublished":"2021-06-21T08:41:44+00:00","dateModified":"2021-06-21T12:41:52+00:00","breadcrumb":{"@id":"https:\/\/noti-america.com\/site\/espana\/2021\/06\/21\/el-71-de-los-espanoles-confia-en-que-la-vacuna-covid-19-le-protegera-de-transmitir-el-virus-a-otras-personas\/#breadcrumb"},"inLanguage":"es","potentialAction":[{"@type":"ReadAction","target":["https:\/\/noti-america.com\/site\/espana\/2021\/06\/21\/el-71-de-los-espanoles-confia-en-que-la-vacuna-covid-19-le-protegera-de-transmitir-el-virus-a-otras-personas\/"]}]},{"@type":"ImageObject","inLanguage":"es","@id":"https:\/\/noti-america.com\/site\/espana\/2021\/06\/21\/el-71-de-los-espanoles-confia-en-que-la-vacuna-covid-19-le-protegera-de-transmitir-el-virus-a-otras-personas\/#primaryimage","url":"https:\/\/noti-america.com\/site\/espana\/wp-content\/uploads\/sites\/25\/2021\/06\/vacuna.jpeg","contentUrl":"https:\/\/noti-america.com\/site\/espana\/wp-content\/uploads\/sites\/25\/2021\/06\/vacuna.jpeg","width":1024,"height":682},{"@type":"BreadcrumbList","@id":"https:\/\/noti-america.com\/site\/espana\/2021\/06\/21\/el-71-de-los-espanoles-confia-en-que-la-vacuna-covid-19-le-protegera-de-transmitir-el-virus-a-otras-personas\/#breadcrumb","itemListElement":[{"@type":"ListItem","position":1,"name":"Portada","item":"https:\/\/noti-america.com\/site\/espana\/"},{"@type":"ListItem","position":2,"name":"El 71% de los espa\u00f1oles conf\u00eda en que la vacuna COVID-19 le proteger\u00e1 de transmitir el virus a otras personas"}]},{"@type":"WebSite","@id":"https:\/\/noti-america.com\/site\/espana\/#website","url":"https:\/\/noti-america.com\/site\/espana\/","name":"Espa\u00f1a | Noti-America.com","description":"","publisher":{"@id":"https:\/\/noti-america.com\/site\/espana\/#organization"},"potentialAction":[{"@type":"SearchAction","target":{"@type":"EntryPoint","urlTemplate":"https:\/\/noti-america.com\/site\/espana\/?s={search_term_string}"},"query-input":{"@type":"PropertyValueSpecification","valueRequired":true,"valueName":"search_term_string"}}],"inLanguage":"es"},{"@type":"Organization","@id":"https:\/\/noti-america.com\/site\/espana\/#organization","name":"Noti-America LLC | Espa\u00f1a","url":"https:\/\/noti-america.com\/site\/espana\/","logo":{"@type":"ImageObject","inLanguage":"es","@id":"https:\/\/noti-america.com\/site\/espana\/#\/schema\/logo\/image\/","url":"https:\/\/noti-america.com\/site\/espana\/wp-content\/uploads\/sites\/25\/2020\/07\/LogoNA-4x3-1.jpg","contentUrl":"https:\/\/noti-america.com\/site\/espana\/wp-content\/uploads\/sites\/25\/2020\/07\/LogoNA-4x3-1.jpg","width":1236,"height":1080,"caption":"Noti-America LLC | Espa\u00f1a"},"image":{"@id":"https:\/\/noti-america.com\/site\/espana\/#\/schema\/logo\/image\/"},"sameAs":["https:\/\/x.com\/notiamerica"]},{"@type":"Person","@id":"https:\/\/noti-america.com\/site\/espana\/#\/schema\/person\/fd58dbfb92a257e9dc5761bf69a855ff","name":"Rosmer Herrera","image":{"@type":"ImageObject","inLanguage":"es","@id":"https:\/\/secure.gravatar.com\/avatar\/153e75c261394dbf20ff1a1e70ea2be9494f2b40b7fc4e7704084db13220ae08?s=96&d=mm&r=g","url":"https:\/\/secure.gravatar.com\/avatar\/153e75c261394dbf20ff1a1e70ea2be9494f2b40b7fc4e7704084db13220ae08?s=96&d=mm&r=g","contentUrl":"https:\/\/secure.gravatar.com\/avatar\/153e75c261394dbf20ff1a1e70ea2be9494f2b40b7fc4e7704084db13220ae08?s=96&d=mm&r=g","caption":"Rosmer Herrera"},"url":"https:\/\/noti-america.com\/site\/espana\/author\/rosmer33\/"}]}},"_links":{"self":[{"href":"https:\/\/noti-america.com\/site\/espana\/wp-json\/wp\/v2\/posts\/5004","targetHints":{"allow":["GET"]}}],"collection":[{"href":"https:\/\/noti-america.com\/site\/espana\/wp-json\/wp\/v2\/posts"}],"about":[{"href":"https:\/\/noti-america.com\/site\/espana\/wp-json\/wp\/v2\/types\/post"}],"author":[{"embeddable":true,"href":"https:\/\/noti-america.com\/site\/espana\/wp-json\/wp\/v2\/users\/1"}],"replies":[{"embeddable":true,"href":"https:\/\/noti-america.com\/site\/espana\/wp-json\/wp\/v2\/comments?post=5004"}],"version-history":[{"count":1,"href":"https:\/\/noti-america.com\/site\/espana\/wp-json\/wp\/v2\/posts\/5004\/revisions"}],"predecessor-version":[{"id":5006,"href":"https:\/\/noti-america.com\/site\/espana\/wp-json\/wp\/v2\/posts\/5004\/revisions\/5006"}],"wp:featuredmedia":[{"embeddable":true,"href":"https:\/\/noti-america.com\/site\/espana\/wp-json\/wp\/v2\/media\/5005"}],"wp:attachment":[{"href":"https:\/\/noti-america.com\/site\/espana\/wp-json\/wp\/v2\/media?parent=5004"}],"wp:term":[{"taxonomy":"category","embeddable":true,"href":"https:\/\/noti-america.com\/site\/espana\/wp-json\/wp\/v2\/categories?post=5004"},{"taxonomy":"post_tag","embeddable":true,"href":"https:\/\/noti-america.com\/site\/espana\/wp-json\/wp\/v2\/tags?post=5004"}],"curies":[{"name":"wp","href":"https:\/\/api.w.org\/{rel}","templated":true}]}}