{"id":4968,"date":"2021-06-07T20:48:22","date_gmt":"2021-06-07T20:48:22","guid":{"rendered":"https:\/\/noti-america.com\/site\/espana\/?p=4968"},"modified":"2021-06-07T23:16:36","modified_gmt":"2021-06-07T23:16:36","slug":"fabio-gomez-lanza-su-nuevo-tema-siempre","status":"publish","type":"post","link":"https:\/\/noti-america.com\/site\/espana\/2021\/06\/07\/fabio-gomez-lanza-su-nuevo-tema-siempre\/","title":{"rendered":"FABIO G\u00d3MEZ lanza su nuevo tema \u201cSiempre\u201d"},"content":{"rendered":"<p style=\"text-align: justify\"><span style=\"color: #000000\"><strong>Nota de prensa<\/strong><\/span><\/p>\n<p style=\"text-align: justify\"><span style=\"color: #000000\">Luego de su lanzamiento en italiano e\u2019 ingl\u00e9s durante los inicios de la pandemia el cantautor Fabio G\u00f3mez lanza su tema en versi\u00f3n espa\u00f1ol que lleva por t\u00edtulo \u201cSiempre\u201d, una adaptaci\u00f3n para conquistar a la comunidad latinoamericana con un ritmo movido y una letra que invita a renacer.<\/span><\/p>\n<p style=\"text-align: justify\"><span style=\"color: #000000\">\u201cSiempre\u201d es la versi\u00f3n en espa\u00f1ol de \u201cOver\u201d con la que invita a creer en un m\u00e1s all\u00e1. \u201cEs un himno motivador para renacer, un mensaje de positividad, una canci\u00f3n que quiere motivar al oyente a recuperar su vida, anim\u00e1ndolo a ir m\u00e1s all\u00e1.<\/span><\/p>\n<p style=\"text-align: justify\"><span style=\"color: #000000\">Sobre todo, a tener confianza en s\u00ed mismo, en este duro momento hist\u00f3rico, rompiendo los miedos interiores y las cadenas que nos anclan preservando la vida\u201d, as\u00ed describe su nuevo tema el cantautor espa\u00f1ol Fabio G\u00f3mez, radicado en Italia, espec\u00edficamente en el Lago de Como.<\/span><\/p>\n<p style=\"text-align: justify\"><span style=\"color: #000000\">El cantautor italo-espa\u00f1ol lanz\u00f3 su nuevo sencillo en todas las plataformas digitales el pasado 5 de mayo, acompa\u00f1ado de un videoclip con un impecable trabajo de producci\u00f3n audiovisual. \u00a0Un tema musical con matices Pop Dance, g\u00e9nero actual que desarrollan muchos artistas internacionales como Kygo, Sigala, entre otros artistas destacados.<\/span><\/p>\n<p style=\"text-align: justify\"><span style=\"color: #000000\">El rodaje se realiz\u00f3 en los lugares m\u00e1s emblem\u00e1ticos de la ciudad de Nueva York, Coney Island, Highline y en las playas de la Eeast Coast; bajo la direcci\u00f3n de RobertoCancellara, (Z\u00fcrich \/ CH) y Beka Virtue (Nueva York \/ EE. UU.)\u00a0<\/span><\/p>\n<p style=\"text-align: justify\"><span style=\"color: #000000\">La producci\u00f3n art\u00edstica estuvo a cargo de Mila Ortiz, Marco Zangirolami, la cantautora inglesa, Peggy Johnson y Fabio G\u00f3mez.\u00a0 Cabe destacar, que Marco Zangirolami es m\u00fasico, compositor, productor, arreglista e ingeniero de sonido en Mil\u00e1n, que cuenta con colaboraciones con artistas como Tiziano Ferro, Elisa, Raf, Elodie, Fedez, J-AX, Elisa, Fabri Fibra, Marracash, Mahmood, Sfera Ebbasta, entre otros.<\/span><\/p>\n<p style=\"text-align: justify\"><span style=\"color: #000000\">En este dif\u00edcil per\u00edodo durante la cuarentena y solo como mensaje de esperanza, Fabio G\u00f3mez decidi\u00f3 producir\u00a0\u00abOVER\u00bb\u00a0(versi\u00f3n original en italiano lanzada en 2020) desde su estudio en el Lago de Como, una canci\u00f3n que parece tener un texto premonitorio de la situaci\u00f3n actual.<\/span><\/p>\n<p style=\"text-align: justify\"><span style=\"color: #000000\">\u00a0\u201cLa pesadilla que estamos experimentando nos impide apreciar una vida cotidiana preciosa, que est\u00e1 limitada en todas sus formas y por ello corremos el riesgo de perder la confianza, de tener miedo.\u00a0Si logramos ir m\u00e1s all\u00e1 de todo esto, podremos romper las cadenas que ahora nos anclan para volar de nuevo\u201d.<\/span><\/p>\n<p style=\"text-align: justify\"><span style=\"color: #000000\">\u00a0La adaptaci\u00f3n del tema \u201cOVER\u201d en ingl\u00e9s estuvo a cargo de la cantautora Peggy Johnson (Bolton\/Manchester UK) y la versi\u00f3n en espa\u00f1ol por Mila Ortiz (Madrid, Espa\u00f1a), quien cuenta con prestigiosas colaboraciones con\u00a0Eros Ramazzotti,\u00a0Laura Pausini,\u00a0Tiziano Ferro,\u00a0Zucchero, Il Volo, Emma, Alessandra Amoroso, Nek, Battiato, entre otros.<\/span><\/p>\n<p style=\"text-align: justify\"><span style=\"color: #000000\">\u00a0\u201cSiempre\u201d est\u00e1 disponible en todas las tiendas digitales y su video clip oficial est\u00e1 publicado en su canal de YouTube. Pueden seguir la trayectoria musical del cantautor italo-espa\u00f1ol a trav\u00e9s de su Instagram @fabio_gomez_music y su p\u00e1gina web<\/span> <a href=\"http:\/\/www.fabiogomez.com\">www.fabiogomez.com<\/a><\/p>\n","protected":false},"excerpt":{"rendered":"<p>Nota de prensa Luego de su lanzamiento en italiano e\u2019 ingl\u00e9s durante los inicios de la pandemia el cantautor Fabio G\u00f3mez lanza su tema en versi\u00f3n espa\u00f1ol que lleva por t\u00edtulo \u201cSiempre\u201d, una adaptaci\u00f3n&#46;&#46;&#46;<\/p>\n","protected":false},"author":107,"featured_media":4979,"comment_status":"open","ping_status":"open","sticky":false,"template":"","format":"image","meta":{"_acf_changed":false,"om_disable_all_campaigns":false,"rop_custom_images_group":[],"rop_custom_messages_group":[],"rop_publish_now":"initial","rop_publish_now_accounts":[],"rop_publish_now_history":[],"rop_publish_now_status":"pending","_uf_show_specific_survey":0,"_uf_disable_surveys":false,"footnotes":""},"categories":[8,56,131],"tags":[],"class_list":["post-4968","post","type-post","status-publish","format-image","has-post-thumbnail","hentry","category-arte-y-espectaculos","category-espana","category-venezuela","post_format-post-format-image"],"acf":[],"aioseo_notices":[],"yoast_head":"<!-- This site is optimized with the Yoast SEO Premium plugin v24.9 (Yoast SEO v27.2) - https:\/\/yoast.com\/product\/yoast-seo-premium-wordpress\/ -->\n<title>FABIO G\u00d3MEZ lanza su nuevo tema \u201cSiempre\u201d - Espa\u00f1a | Noti-America.com<\/title>\n<meta name=\"robots\" content=\"index, follow, max-snippet:-1, max-image-preview:large, max-video-preview:-1\" \/>\n<link rel=\"canonical\" href=\"https:\/\/noti-america.com\/site\/espana\/2021\/06\/07\/fabio-gomez-lanza-su-nuevo-tema-siempre\/\" \/>\n<meta property=\"og:locale\" content=\"es_ES\" \/>\n<meta property=\"og:type\" content=\"article\" \/>\n<meta property=\"og:title\" content=\"FABIO G\u00d3MEZ lanza su nuevo tema \u201cSiempre\u201d\" \/>\n<meta property=\"og:description\" content=\"Nota de prensa Luego de su lanzamiento en italiano e\u2019 ingl\u00e9s durante los inicios de la pandemia el cantautor Fabio G\u00f3mez lanza su tema en versi\u00f3n espa\u00f1ol que lleva por t\u00edtulo \u201cSiempre\u201d, una adaptaci\u00f3n&#046;&#046;&#046;\" \/>\n<meta property=\"og:url\" content=\"https:\/\/noti-america.com\/site\/espana\/2021\/06\/07\/fabio-gomez-lanza-su-nuevo-tema-siempre\/\" \/>\n<meta property=\"og:site_name\" content=\"Espa\u00f1a | Noti-America.com\" \/>\n<meta property=\"article:published_time\" content=\"2021-06-07T20:48:22+00:00\" \/>\n<meta property=\"article:modified_time\" content=\"2021-06-07T23:16:36+00:00\" \/>\n<meta property=\"og:image\" content=\"https:\/\/noti-america.com\/site\/espana\/wp-content\/uploads\/sites\/25\/2021\/06\/italo-espanol-cantante-fabio-gomez.jpg\" \/>\n\t<meta property=\"og:image:width\" content=\"300\" \/>\n\t<meta property=\"og:image:height\" content=\"168\" \/>\n\t<meta property=\"og:image:type\" content=\"image\/jpeg\" \/>\n<meta name=\"author\" content=\"Alybeth Guanipa\" \/>\n<meta name=\"twitter:card\" content=\"summary_large_image\" \/>\n<meta name=\"twitter:creator\" content=\"@notiamerica\" \/>\n<meta name=\"twitter:site\" content=\"@notiamerica\" \/>\n<meta name=\"twitter:label1\" content=\"Escrito por\" \/>\n\t<meta name=\"twitter:data1\" content=\"Alybeth Guanipa\" \/>\n\t<meta name=\"twitter:label2\" content=\"Tiempo estimado de lectura\" \/>\n\t<meta name=\"twitter:data2\" content=\"3 minutos\" \/>\n<script type=\"application\/ld+json\" class=\"yoast-schema-graph\">{\"@context\":\"https:\/\/schema.org\",\"@graph\":[{\"@type\":\"Article\",\"@id\":\"https:\/\/noti-america.com\/site\/espana\/2021\/06\/07\/fabio-gomez-lanza-su-nuevo-tema-siempre\/#article\",\"isPartOf\":{\"@id\":\"https:\/\/noti-america.com\/site\/espana\/2021\/06\/07\/fabio-gomez-lanza-su-nuevo-tema-siempre\/\"},\"author\":{\"name\":\"Alybeth Guanipa\",\"@id\":\"https:\/\/noti-america.com\/site\/espana\/#\/schema\/person\/b34f409082a7c50aa3ed32a7fe9fec12\"},\"headline\":\"FABIO G\u00d3MEZ lanza su nuevo tema \u201cSiempre\u201d\",\"datePublished\":\"2021-06-07T20:48:22+00:00\",\"dateModified\":\"2021-06-07T23:16:36+00:00\",\"mainEntityOfPage\":{\"@id\":\"https:\/\/noti-america.com\/site\/espana\/2021\/06\/07\/fabio-gomez-lanza-su-nuevo-tema-siempre\/\"},\"wordCount\":527,\"commentCount\":0,\"publisher\":{\"@id\":\"https:\/\/noti-america.com\/site\/espana\/#organization\"},\"image\":{\"@id\":\"https:\/\/noti-america.com\/site\/espana\/2021\/06\/07\/fabio-gomez-lanza-su-nuevo-tema-siempre\/#primaryimage\"},\"thumbnailUrl\":\"https:\/\/noti-america.com\/site\/espana\/wp-content\/uploads\/sites\/25\/2021\/06\/italo-espanol-cantante-fabio-gomez.jpg\",\"articleSection\":[\"Arte y Espect\u00e1culos\",\"Espa\u00f1a\",\"Venezuela\"],\"inLanguage\":\"es\",\"potentialAction\":[{\"@type\":\"CommentAction\",\"name\":\"Comment\",\"target\":[\"https:\/\/noti-america.com\/site\/espana\/2021\/06\/07\/fabio-gomez-lanza-su-nuevo-tema-siempre\/#respond\"]}]},{\"@type\":\"WebPage\",\"@id\":\"https:\/\/noti-america.com\/site\/espana\/2021\/06\/07\/fabio-gomez-lanza-su-nuevo-tema-siempre\/\",\"url\":\"https:\/\/noti-america.com\/site\/espana\/2021\/06\/07\/fabio-gomez-lanza-su-nuevo-tema-siempre\/\",\"name\":\"FABIO G\u00d3MEZ lanza su nuevo tema \u201cSiempre\u201d - Espa\u00f1a | Noti-America.com\",\"isPartOf\":{\"@id\":\"https:\/\/noti-america.com\/site\/espana\/#website\"},\"primaryImageOfPage\":{\"@id\":\"https:\/\/noti-america.com\/site\/espana\/2021\/06\/07\/fabio-gomez-lanza-su-nuevo-tema-siempre\/#primaryimage\"},\"image\":{\"@id\":\"https:\/\/noti-america.com\/site\/espana\/2021\/06\/07\/fabio-gomez-lanza-su-nuevo-tema-siempre\/#primaryimage\"},\"thumbnailUrl\":\"https:\/\/noti-america.com\/site\/espana\/wp-content\/uploads\/sites\/25\/2021\/06\/italo-espanol-cantante-fabio-gomez.jpg\",\"datePublished\":\"2021-06-07T20:48:22+00:00\",\"dateModified\":\"2021-06-07T23:16:36+00:00\",\"breadcrumb\":{\"@id\":\"https:\/\/noti-america.com\/site\/espana\/2021\/06\/07\/fabio-gomez-lanza-su-nuevo-tema-siempre\/#breadcrumb\"},\"inLanguage\":\"es\",\"potentialAction\":[{\"@type\":\"ReadAction\",\"target\":[\"https:\/\/noti-america.com\/site\/espana\/2021\/06\/07\/fabio-gomez-lanza-su-nuevo-tema-siempre\/\"]}]},{\"@type\":\"ImageObject\",\"inLanguage\":\"es\",\"@id\":\"https:\/\/noti-america.com\/site\/espana\/2021\/06\/07\/fabio-gomez-lanza-su-nuevo-tema-siempre\/#primaryimage\",\"url\":\"https:\/\/noti-america.com\/site\/espana\/wp-content\/uploads\/sites\/25\/2021\/06\/italo-espanol-cantante-fabio-gomez.jpg\",\"contentUrl\":\"https:\/\/noti-america.com\/site\/espana\/wp-content\/uploads\/sites\/25\/2021\/06\/italo-espanol-cantante-fabio-gomez.jpg\",\"width\":300,\"height\":168},{\"@type\":\"BreadcrumbList\",\"@id\":\"https:\/\/noti-america.com\/site\/espana\/2021\/06\/07\/fabio-gomez-lanza-su-nuevo-tema-siempre\/#breadcrumb\",\"itemListElement\":[{\"@type\":\"ListItem\",\"position\":1,\"name\":\"Portada\",\"item\":\"https:\/\/noti-america.com\/site\/espana\/\"},{\"@type\":\"ListItem\",\"position\":2,\"name\":\"FABIO G\u00d3MEZ lanza su nuevo tema \u201cSiempre\u201d\"}]},{\"@type\":\"WebSite\",\"@id\":\"https:\/\/noti-america.com\/site\/espana\/#website\",\"url\":\"https:\/\/noti-america.com\/site\/espana\/\",\"name\":\"Espa\u00f1a | Noti-America.com\",\"description\":\"\",\"publisher\":{\"@id\":\"https:\/\/noti-america.com\/site\/espana\/#organization\"},\"potentialAction\":[{\"@type\":\"SearchAction\",\"target\":{\"@type\":\"EntryPoint\",\"urlTemplate\":\"https:\/\/noti-america.com\/site\/espana\/?s={search_term_string}\"},\"query-input\":{\"@type\":\"PropertyValueSpecification\",\"valueRequired\":true,\"valueName\":\"search_term_string\"}}],\"inLanguage\":\"es\"},{\"@type\":\"Organization\",\"@id\":\"https:\/\/noti-america.com\/site\/espana\/#organization\",\"name\":\"Noti-America LLC | Espa\u00f1a\",\"url\":\"https:\/\/noti-america.com\/site\/espana\/\",\"logo\":{\"@type\":\"ImageObject\",\"inLanguage\":\"es\",\"@id\":\"https:\/\/noti-america.com\/site\/espana\/#\/schema\/logo\/image\/\",\"url\":\"https:\/\/noti-america.com\/site\/espana\/wp-content\/uploads\/sites\/25\/2020\/07\/LogoNA-4x3-1.jpg\",\"contentUrl\":\"https:\/\/noti-america.com\/site\/espana\/wp-content\/uploads\/sites\/25\/2020\/07\/LogoNA-4x3-1.jpg\",\"width\":1236,\"height\":1080,\"caption\":\"Noti-America LLC | Espa\u00f1a\"},\"image\":{\"@id\":\"https:\/\/noti-america.com\/site\/espana\/#\/schema\/logo\/image\/\"},\"sameAs\":[\"https:\/\/x.com\/notiamerica\"]},{\"@type\":\"Person\",\"@id\":\"https:\/\/noti-america.com\/site\/espana\/#\/schema\/person\/b34f409082a7c50aa3ed32a7fe9fec12\",\"name\":\"Alybeth Guanipa\",\"image\":{\"@type\":\"ImageObject\",\"inLanguage\":\"es\",\"@id\":\"https:\/\/secure.gravatar.com\/avatar\/7f22432a00afe9cfa19db41bf9ba3c84e169fb148e54455af8df97c9017a43e1?s=96&d=mm&r=g\",\"url\":\"https:\/\/secure.gravatar.com\/avatar\/7f22432a00afe9cfa19db41bf9ba3c84e169fb148e54455af8df97c9017a43e1?s=96&d=mm&r=g\",\"contentUrl\":\"https:\/\/secure.gravatar.com\/avatar\/7f22432a00afe9cfa19db41bf9ba3c84e169fb148e54455af8df97c9017a43e1?s=96&d=mm&r=g\",\"caption\":\"Alybeth Guanipa\"},\"url\":\"https:\/\/noti-america.com\/site\/espana\/author\/aguanipa\/\"}]}<\/script>\n<!-- \/ Yoast SEO Premium plugin. -->","yoast_head_json":{"title":"FABIO G\u00d3MEZ lanza su nuevo tema \u201cSiempre\u201d - Espa\u00f1a | Noti-America.com","robots":{"index":"index","follow":"follow","max-snippet":"max-snippet:-1","max-image-preview":"max-image-preview:large","max-video-preview":"max-video-preview:-1"},"canonical":"https:\/\/noti-america.com\/site\/espana\/2021\/06\/07\/fabio-gomez-lanza-su-nuevo-tema-siempre\/","og_locale":"es_ES","og_type":"article","og_title":"FABIO G\u00d3MEZ lanza su nuevo tema \u201cSiempre\u201d","og_description":"Nota de prensa Luego de su lanzamiento en italiano e\u2019 ingl\u00e9s durante los inicios de la pandemia el cantautor Fabio G\u00f3mez lanza su tema en versi\u00f3n espa\u00f1ol que lleva por t\u00edtulo \u201cSiempre\u201d, una adaptaci\u00f3n&#46;&#46;&#46;","og_url":"https:\/\/noti-america.com\/site\/espana\/2021\/06\/07\/fabio-gomez-lanza-su-nuevo-tema-siempre\/","og_site_name":"Espa\u00f1a | Noti-America.com","article_published_time":"2021-06-07T20:48:22+00:00","article_modified_time":"2021-06-07T23:16:36+00:00","og_image":[{"width":300,"height":168,"url":"https:\/\/noti-america.com\/site\/espana\/wp-content\/uploads\/sites\/25\/2021\/06\/italo-espanol-cantante-fabio-gomez.jpg","type":"image\/jpeg"}],"author":"Alybeth Guanipa","twitter_card":"summary_large_image","twitter_creator":"@notiamerica","twitter_site":"@notiamerica","twitter_misc":{"Escrito por":"Alybeth Guanipa","Tiempo estimado de lectura":"3 minutos"},"schema":{"@context":"https:\/\/schema.org","@graph":[{"@type":"Article","@id":"https:\/\/noti-america.com\/site\/espana\/2021\/06\/07\/fabio-gomez-lanza-su-nuevo-tema-siempre\/#article","isPartOf":{"@id":"https:\/\/noti-america.com\/site\/espana\/2021\/06\/07\/fabio-gomez-lanza-su-nuevo-tema-siempre\/"},"author":{"name":"Alybeth Guanipa","@id":"https:\/\/noti-america.com\/site\/espana\/#\/schema\/person\/b34f409082a7c50aa3ed32a7fe9fec12"},"headline":"FABIO G\u00d3MEZ lanza su nuevo tema \u201cSiempre\u201d","datePublished":"2021-06-07T20:48:22+00:00","dateModified":"2021-06-07T23:16:36+00:00","mainEntityOfPage":{"@id":"https:\/\/noti-america.com\/site\/espana\/2021\/06\/07\/fabio-gomez-lanza-su-nuevo-tema-siempre\/"},"wordCount":527,"commentCount":0,"publisher":{"@id":"https:\/\/noti-america.com\/site\/espana\/#organization"},"image":{"@id":"https:\/\/noti-america.com\/site\/espana\/2021\/06\/07\/fabio-gomez-lanza-su-nuevo-tema-siempre\/#primaryimage"},"thumbnailUrl":"https:\/\/noti-america.com\/site\/espana\/wp-content\/uploads\/sites\/25\/2021\/06\/italo-espanol-cantante-fabio-gomez.jpg","articleSection":["Arte y Espect\u00e1culos","Espa\u00f1a","Venezuela"],"inLanguage":"es","potentialAction":[{"@type":"CommentAction","name":"Comment","target":["https:\/\/noti-america.com\/site\/espana\/2021\/06\/07\/fabio-gomez-lanza-su-nuevo-tema-siempre\/#respond"]}]},{"@type":"WebPage","@id":"https:\/\/noti-america.com\/site\/espana\/2021\/06\/07\/fabio-gomez-lanza-su-nuevo-tema-siempre\/","url":"https:\/\/noti-america.com\/site\/espana\/2021\/06\/07\/fabio-gomez-lanza-su-nuevo-tema-siempre\/","name":"FABIO G\u00d3MEZ lanza su nuevo tema \u201cSiempre\u201d - Espa\u00f1a | Noti-America.com","isPartOf":{"@id":"https:\/\/noti-america.com\/site\/espana\/#website"},"primaryImageOfPage":{"@id":"https:\/\/noti-america.com\/site\/espana\/2021\/06\/07\/fabio-gomez-lanza-su-nuevo-tema-siempre\/#primaryimage"},"image":{"@id":"https:\/\/noti-america.com\/site\/espana\/2021\/06\/07\/fabio-gomez-lanza-su-nuevo-tema-siempre\/#primaryimage"},"thumbnailUrl":"https:\/\/noti-america.com\/site\/espana\/wp-content\/uploads\/sites\/25\/2021\/06\/italo-espanol-cantante-fabio-gomez.jpg","datePublished":"2021-06-07T20:48:22+00:00","dateModified":"2021-06-07T23:16:36+00:00","breadcrumb":{"@id":"https:\/\/noti-america.com\/site\/espana\/2021\/06\/07\/fabio-gomez-lanza-su-nuevo-tema-siempre\/#breadcrumb"},"inLanguage":"es","potentialAction":[{"@type":"ReadAction","target":["https:\/\/noti-america.com\/site\/espana\/2021\/06\/07\/fabio-gomez-lanza-su-nuevo-tema-siempre\/"]}]},{"@type":"ImageObject","inLanguage":"es","@id":"https:\/\/noti-america.com\/site\/espana\/2021\/06\/07\/fabio-gomez-lanza-su-nuevo-tema-siempre\/#primaryimage","url":"https:\/\/noti-america.com\/site\/espana\/wp-content\/uploads\/sites\/25\/2021\/06\/italo-espanol-cantante-fabio-gomez.jpg","contentUrl":"https:\/\/noti-america.com\/site\/espana\/wp-content\/uploads\/sites\/25\/2021\/06\/italo-espanol-cantante-fabio-gomez.jpg","width":300,"height":168},{"@type":"BreadcrumbList","@id":"https:\/\/noti-america.com\/site\/espana\/2021\/06\/07\/fabio-gomez-lanza-su-nuevo-tema-siempre\/#breadcrumb","itemListElement":[{"@type":"ListItem","position":1,"name":"Portada","item":"https:\/\/noti-america.com\/site\/espana\/"},{"@type":"ListItem","position":2,"name":"FABIO G\u00d3MEZ lanza su nuevo tema \u201cSiempre\u201d"}]},{"@type":"WebSite","@id":"https:\/\/noti-america.com\/site\/espana\/#website","url":"https:\/\/noti-america.com\/site\/espana\/","name":"Espa\u00f1a | Noti-America.com","description":"","publisher":{"@id":"https:\/\/noti-america.com\/site\/espana\/#organization"},"potentialAction":[{"@type":"SearchAction","target":{"@type":"EntryPoint","urlTemplate":"https:\/\/noti-america.com\/site\/espana\/?s={search_term_string}"},"query-input":{"@type":"PropertyValueSpecification","valueRequired":true,"valueName":"search_term_string"}}],"inLanguage":"es"},{"@type":"Organization","@id":"https:\/\/noti-america.com\/site\/espana\/#organization","name":"Noti-America LLC | Espa\u00f1a","url":"https:\/\/noti-america.com\/site\/espana\/","logo":{"@type":"ImageObject","inLanguage":"es","@id":"https:\/\/noti-america.com\/site\/espana\/#\/schema\/logo\/image\/","url":"https:\/\/noti-america.com\/site\/espana\/wp-content\/uploads\/sites\/25\/2020\/07\/LogoNA-4x3-1.jpg","contentUrl":"https:\/\/noti-america.com\/site\/espana\/wp-content\/uploads\/sites\/25\/2020\/07\/LogoNA-4x3-1.jpg","width":1236,"height":1080,"caption":"Noti-America LLC | Espa\u00f1a"},"image":{"@id":"https:\/\/noti-america.com\/site\/espana\/#\/schema\/logo\/image\/"},"sameAs":["https:\/\/x.com\/notiamerica"]},{"@type":"Person","@id":"https:\/\/noti-america.com\/site\/espana\/#\/schema\/person\/b34f409082a7c50aa3ed32a7fe9fec12","name":"Alybeth Guanipa","image":{"@type":"ImageObject","inLanguage":"es","@id":"https:\/\/secure.gravatar.com\/avatar\/7f22432a00afe9cfa19db41bf9ba3c84e169fb148e54455af8df97c9017a43e1?s=96&d=mm&r=g","url":"https:\/\/secure.gravatar.com\/avatar\/7f22432a00afe9cfa19db41bf9ba3c84e169fb148e54455af8df97c9017a43e1?s=96&d=mm&r=g","contentUrl":"https:\/\/secure.gravatar.com\/avatar\/7f22432a00afe9cfa19db41bf9ba3c84e169fb148e54455af8df97c9017a43e1?s=96&d=mm&r=g","caption":"Alybeth Guanipa"},"url":"https:\/\/noti-america.com\/site\/espana\/author\/aguanipa\/"}]}},"_links":{"self":[{"href":"https:\/\/noti-america.com\/site\/espana\/wp-json\/wp\/v2\/posts\/4968","targetHints":{"allow":["GET"]}}],"collection":[{"href":"https:\/\/noti-america.com\/site\/espana\/wp-json\/wp\/v2\/posts"}],"about":[{"href":"https:\/\/noti-america.com\/site\/espana\/wp-json\/wp\/v2\/types\/post"}],"author":[{"embeddable":true,"href":"https:\/\/noti-america.com\/site\/espana\/wp-json\/wp\/v2\/users\/107"}],"replies":[{"embeddable":true,"href":"https:\/\/noti-america.com\/site\/espana\/wp-json\/wp\/v2\/comments?post=4968"}],"version-history":[{"count":1,"href":"https:\/\/noti-america.com\/site\/espana\/wp-json\/wp\/v2\/posts\/4968\/revisions"}],"predecessor-version":[{"id":4970,"href":"https:\/\/noti-america.com\/site\/espana\/wp-json\/wp\/v2\/posts\/4968\/revisions\/4970"}],"wp:featuredmedia":[{"embeddable":true,"href":"https:\/\/noti-america.com\/site\/espana\/wp-json\/wp\/v2\/media\/4979"}],"wp:attachment":[{"href":"https:\/\/noti-america.com\/site\/espana\/wp-json\/wp\/v2\/media?parent=4968"}],"wp:term":[{"taxonomy":"category","embeddable":true,"href":"https:\/\/noti-america.com\/site\/espana\/wp-json\/wp\/v2\/categories?post=4968"},{"taxonomy":"post_tag","embeddable":true,"href":"https:\/\/noti-america.com\/site\/espana\/wp-json\/wp\/v2\/tags?post=4968"}],"curies":[{"name":"wp","href":"https:\/\/api.w.org\/{rel}","templated":true}]}}