{"id":4948,"date":"2021-06-03T15:27:06","date_gmt":"2021-06-03T15:27:06","guid":{"rendered":"https:\/\/noti-america.com\/site\/espana\/2021\/06\/03\/hacia-un-espacio-schengen-mas-fuerte-y-resiliente\/"},"modified":"2021-06-03T19:27:19","modified_gmt":"2021-06-03T19:27:19","slug":"hacia-un-espacio-schengen-mas-fuerte-y-resiliente","status":"publish","type":"post","link":"https:\/\/noti-america.com\/site\/espana\/2021\/06\/03\/hacia-un-espacio-schengen-mas-fuerte-y-resiliente\/","title":{"rendered":"Hacia un espacio Schengen m\u00e1s fuerte y resiliente"},"content":{"rendered":"<p style=\"text-align: justify;\">Nota de Prensa<\/p>\n<p style=\"text-align: justify;\">Bruselas, 3 de junio de 2021<\/p>\n<p style=\"text-align: justify;\">La Comisi\u00f3n Europea present\u00f3 ayer una nueva\u00a0<a href=\"https:\/\/ec.europa.eu\/home-affairs\/sites\/default\/files\/pdf\/02062021_strategy_towards_fully_functioning_and_resilient_schengen_area_com-2021-277_en.pdf\" target=\"_blank\" rel=\"noopener noreferrer\">estrategia<\/a>\u00a0para hacer m\u00e1s fuerte y resiliente la mayor zona de libre circulaci\u00f3n del mundo: el espacio Schengen.<\/p>\n<p style=\"text-align: justify;\">El espacio Schengen alberga a m\u00e1s de 420 millones de personas, repartidas en 26 pa\u00edses. La supresi\u00f3n de los controles en las fronteras interiores entre los Estados Schengen forma parte del modo de vida europeo: casi 1,7 millones de personas residen en un Estado Schengen y trabajan en otro. Las personas han construido sus vidas en torno a las libertades que ofrece el espacio Schengen, y 3,5 millones de ellas se desplazan cada d\u00eda de un Estado a otro de la zona Schengen.<\/p>\n<p style=\"text-align: justify;\">La libre circulaci\u00f3n de personas, bienes y servicios se halla en el coraz\u00f3n de la Uni\u00f3n Europea y es fundamental para la recuperaci\u00f3n de Europa tras la crisis del coronavirus. Con la Estrategia de ayer, la Comisi\u00f3n hace balance de los retos a los que se ha enfrentado el espacio Schengen en los \u00faltimos a\u00f1os y marca una senda que permite conservar las ventajas de Schengen. Es necesaria una acci\u00f3n com\u00fan a escala de la Uni\u00f3n para que los Estados miembros puedan hacer frente a los retos actuales.<\/p>\n<p style=\"text-align: justify;\">El buen funcionamiento del espacio Schengen se basa en tres pilares: la gesti\u00f3n eficaz de las fronteras exteriores de la UE, el refuerzo de las medidas internas para compensar la ausencia de controles en las fronteras interiores, en particular en materia de cooperaci\u00f3n policial, seguridad y gesti\u00f3n de la migraci\u00f3n, y la garant\u00eda de una preparaci\u00f3n y una gobernanza s\u00f3lidas, lo que incluye completar Schengen. Para fomentar la confianza mutua en la aplicaci\u00f3n de las normas de Schengen, la Comisi\u00f3n tambi\u00e9n present\u00f3 ayer una\u00a0<a href=\"https:\/\/ec.europa.eu\/home-affairs\/sites\/default\/files\/pdf\/02062021_proposal_council_regulation_to_reform_the_schengen_evaluation_and_monitoring_mechanism_com-2021-278_en.pdf\" target=\"_blank\" rel=\"noopener noreferrer\">propuesta<\/a>\u00a0que pretende revisar el mecanismo de evaluaci\u00f3n y seguimiento de Schengen.<\/p>\n<p style=\"text-align: justify;\">La presidenta de la Comisi\u00f3n Europea, Ursula\u00a0<strong>von der Leyen<\/strong>, declar\u00f3:\u00a0<em>\u00abLa libertad de desplazarse, vivir y trabajar en diferentes Estados miembros es una libertad muy apreciada por los europeos. Es uno de los mayores logros de la UE, pero las diferentes crisis y retos nos han demostrado que no podemos dar por sentado Schengen. Hoy presentamos una senda que permitir\u00e1 que Schengen supere la prueba del tiempo y que garantizar\u00e1 la libre circulaci\u00f3n de personas, bienes y servicios en cualquier circunstancia, a fin de reconstruir nuestras econom\u00edas y para que salgamos juntos m\u00e1s fuertes\u00bb.<\/em><\/p>\n<p style=\"text-align: justify;\">El vicepresidente para la Promoci\u00f3n de nuestro Modo de Vida Europeo,\u00a0<strong>Margaritis Schinas<\/strong>, coment\u00f3:\u00a0<em>\u00abLa circulaci\u00f3n sin trabas dentro del espacio Schengen es esencial para nuestro modo de vida europeo. Schengen es una m\u00e1quina bien engrasada, pero como cualquier m\u00e1quina, para superar la prueba de tiempo, es necesario consolidar y reforzar constantemente sus cimientos. Hoy establecemos una nueva manera de avanzar que garantiza la seguridad y la movilidad de los ciudadanos de la UE al tiempo que se impulsa la resiliencia de Schengen frente a los desaf\u00edos. Por supuesto, Schengen no est\u00e1 completo sin todos nuestros Estados miembros. Un espacio Schengen m\u00e1s inclusivo ser\u00e1 un espacio Schengen m\u00e1s fuerte y seguro\u00bb.<\/em><\/p>\n<p style=\"text-align: justify;\">Por su parte, la comisaria de Asuntos de Interior, Ylva\u00a0<strong>Johansson<\/strong>, declar\u00f3:\u00a0<em>\u00abCon la estrategia de Schengen de hoy, seremos m\u00e1s fuertes de cara al exterior para ser m\u00e1s libres de cara al interior. Gracias a unos sistemas inform\u00e1ticos modernos se mejorar\u00e1 la gesti\u00f3n de las fronteras exteriores, al tiempo que una mayor cooperaci\u00f3n policial y la gesti\u00f3n com\u00fan de la migraci\u00f3n contribuir\u00e1n a reforzar el espacio Schengen sin controles fronterizos. La Estrategia de hoy fomentar\u00e1 la confianza y la gobernanza para que podamos anticiparnos, prepararnos y reaccionar mejor; me comprometo a garantizar que todos los Estados miembros desempe\u00f1en su papel\u00bb.<\/em><\/p>\n<p style=\"text-align: justify;\">La estrategia tiene los objetivos siguientes:<\/p>\n<ul style=\"text-align: justify;\" type=\"disc\">\n<li class=\"v1MsoNormal\"><strong>Garantizar una gesti\u00f3n eficaz de las fronteras exteriores de la UE<\/strong>, mediante el despliegue en curso del cuerpo permanente de la Guardia Europea de Fronteras y Costas; haciendo que los sistemas de informaci\u00f3n para la gesti\u00f3n de las fronteras y la migraci\u00f3n sean interoperables de aqu\u00ed a 2023; y gracias a una propuesta, que se presentar\u00e1 en breve, sobre la digitalizaci\u00f3n de las solicitudes de visado y de los documentos de viaje. La Comisi\u00f3n tambi\u00e9n exhorta a los colegisladores a adoptar r\u00e1pidamente la propuesta del nuevo pacto sobre migraci\u00f3n y asilo relativa al control de las personas que cruzan sin autorizaci\u00f3n.<\/li>\n<li class=\"v1MsoNormal\"><strong>Reforzar internamente el espacio Schengen<\/strong>, ya que una estrecha cooperaci\u00f3n entre los Estados miembros en materia de prevenci\u00f3n y lucha contra las amenazas a la seguridad es crucial para mantener y compensar la ausencia de controles en las fronteras interiores. Entre las nuevas iniciativas figurar\u00e1 un C\u00f3digo de Cooperaci\u00f3n Policial de la UE; la mejora del marco de Pr\u00fcm para el intercambio de informaci\u00f3n sobre ADN, impresiones dactilares y matriculaci\u00f3n de veh\u00edculos; y la ampliaci\u00f3n del uso de la informaci\u00f3n anticipada de los pasajeros a los vuelos interiores del espacio Schengen. El nuevo Pacto sobre Migraci\u00f3n y Asilo, una vez adoptado, establecer\u00e1 tambi\u00e9n un enfoque com\u00fan para la gesti\u00f3n de la migraci\u00f3n, elemento importante para el buen funcionamiento del espacio Schengen.<\/li>\n<li class=\"v1MsoNormal\"><strong>Mejorar la preparaci\u00f3n y la gobernanza<\/strong>: La Comisi\u00f3n propuso ayer\u00a0<span lang=\"EN-GB\"><a href=\"https:\/\/ec.europa.eu\/home-affairs\/sites\/default\/files\/pdf\/02062021_proposal_council_regulation_to_reform_the_schengen_evaluation_and_monitoring_mechanism_com-2021-278_en.pdf\" target=\"_blank\" rel=\"noopener noreferrer\"><span lang=\"ES\">revisar<\/span><\/a><\/span>\u00a0el mecanismo de evaluaci\u00f3n y seguimiento de Schengen (v\u00e9ase m\u00e1s adelante). Tambi\u00e9n convocar\u00e1 peri\u00f3dicamente Foros de Schengen, a fin de fomentar el di\u00e1logo pol\u00edtico sobre la gesti\u00f3n de los retos comunes, bas\u00e1ndose en informes anuales sobre el estado de Schengen. M\u00e1s adelante en este a\u00f1o, la Comisi\u00f3n propondr\u00e1 revisar el C\u00f3digo de fronteras Schengen para reforzar la resiliencia de Schengen ante las amenazas graves garantizando una estrecha coordinaci\u00f3n e introduciendo las salvaguardias necesarias para que el restablecimiento de los controles en las fronteras interiores siga siendo una medida de \u00faltimo recurso. La Comisi\u00f3n tambi\u00e9n presentar\u00e1 un plan de contingencia que permita reactivar el exitoso sistema de corredores verdes para el tr\u00e1fico ininterrumpido de mercanc\u00edas en caso de crisis futuras. Por \u00faltimo, la Comisi\u00f3n entablar\u00e1 un di\u00e1logo con los Estados miembros para abordar la reintroducci\u00f3n duradera de los controles en las fronteras interiores.<\/li>\n<li class=\"v1MsoNormal\"><strong>Ampliar el espacio Schengen:<\/strong>\u00a0El futuro del espacio Schengen debe estar marcado por la ampliaci\u00f3n a los Estados miembros de la UE que a\u00fan no forman parte de este. Se trata tanto de una expectativa leg\u00edtima como de una obligaci\u00f3n legal para los pa\u00edses que se consideran listos para la adhesi\u00f3n.<\/li>\n<\/ul>\n<p style=\"text-align: justify;\"><strong>Un mecanismo de evaluaci\u00f3n revisado para aumentar la confianza<\/strong><\/p>\n<p style=\"text-align: justify;\">A fin de fomentar la confianza com\u00fan en la aplicaci\u00f3n de las normas de Schengen y asegurarse de que se detectan y corrigen r\u00e1pidamente las deficiencias, la Comisi\u00f3n propuso ayer\u00a0<a href=\"https:\/\/ec.europa.eu\/home-affairs\/sites\/default\/files\/pdf\/02062021_proposal_council_regulation_to_reform_the_schengen_evaluation_and_monitoring_mechanism_com-2021-278_en.pdf\" target=\"_blank\" rel=\"noopener noreferrer\">revisar<\/a>\u00a0el mecanismo de evaluaci\u00f3n y seguimiento de Schengen. Entre los cambios, cabe mencionar la agilizaci\u00f3n del proceso de evaluaci\u00f3n, as\u00ed como un procedimiento r\u00e1pido en caso de que se produzcan deficiencias importantes que puedan poner en peligro Schengen en su conjunto. Tambi\u00e9n se prestar\u00e1 m\u00e1s atenci\u00f3n pol\u00edtica a las evaluaciones de Schengen, ya que sus resultados se incluir\u00e1n en el informe anual sobre el estado de Schengen y se debatir\u00e1n con el Parlamento Europeo y el Consejo. El mecanismo revisado tambi\u00e9n prev\u00e9 la supervisi\u00f3n reforzada del respeto de los derechos fundamentales.<\/p>\n<p style=\"text-align: justify;\"><strong>Contexto<\/strong><\/p>\n<p style=\"text-align: justify;\">Hace treinta y seis a\u00f1os, cinco Estados miembros acordaron suprimir los controles fronterizos entre s\u00ed. Actualmente, en el espacio Schengen, en el que no hay controles en las fronteras interiores, viven m\u00e1s de 420 millones de personas, repartidas en veintis\u00e9is Estados europeos. El espacio Schengen est\u00e1 compuesto por todos los pa\u00edses de la UE excepto Bulgaria, Ruman\u00eda, Croacia, Chipre e Irlanda. Tambi\u00e9n forman parte cuatro pa\u00edses no pertenecientes a la UE: Islandia, Liechtenstein, Noruega y Suiza.<\/p>\n<p style=\"text-align: justify;\">Es preciso actualizar las normas de Schengen para adaptarlas a los retos cambiantes. Para construir un espacio Schengen m\u00e1s resiliente, la presidenta\u00a0<strong>Von der Leyen<\/strong>\u00a0anunci\u00f3 en su\u00a0<a href=\"https:\/\/ec.europa.eu\/commission\/presscorner\/detail\/es\/SPEECH_20_1655\" target=\"_blank\" rel=\"noopener noreferrer\">discurso sobre el estado de la Uni\u00f3n<\/a>\u00a0de septiembre del a\u00f1o pasado que la Comisi\u00f3n presentar\u00eda una nueva estrategia para el futuro de Schengen.<\/p>\n<p style=\"text-align: justify;\">Esta estrategia se basa en amplias consultas con los diputados del Parlamento Europeo y los ministros de Interior reunidos en el Foro de Schengen en noviembre de 2020 y mayo de 2021.<\/p>\n","protected":false},"excerpt":{"rendered":"<p>Nota de Prensa Bruselas, 3 de junio de 2021 La Comisi\u00f3n Europea present\u00f3 ayer una nueva\u00a0estrategia\u00a0para hacer m\u00e1s fuerte y resiliente la mayor zona de libre circulaci\u00f3n del mundo: el espacio Schengen. El espacio&#46;&#46;&#46;<\/p>\n","protected":false},"author":1,"featured_media":4949,"comment_status":"open","ping_status":"open","sticky":false,"template":"","format":"image","meta":{"_acf_changed":false,"om_disable_all_campaigns":false,"rop_custom_images_group":[],"rop_custom_messages_group":[],"rop_publish_now":"initial","rop_publish_now_accounts":[],"rop_publish_now_history":[],"rop_publish_now_status":"pending","_uf_show_specific_survey":0,"_uf_disable_surveys":false,"footnotes":""},"categories":[136,4],"tags":[],"class_list":["post-4948","post","type-post","status-publish","format-image","has-post-thumbnail","hentry","category-actualidad","category-internacionales","post_format-post-format-image"],"acf":[],"aioseo_notices":[],"yoast_head":"<!-- This site is optimized with the Yoast SEO Premium plugin v24.9 (Yoast SEO v27.2) - https:\/\/yoast.com\/product\/yoast-seo-premium-wordpress\/ -->\n<title>Hacia un espacio Schengen m\u00e1s fuerte y resiliente - Espa\u00f1a | Noti-America.com<\/title>\n<meta name=\"robots\" content=\"index, follow, max-snippet:-1, max-image-preview:large, max-video-preview:-1\" \/>\n<link rel=\"canonical\" href=\"https:\/\/noti-america.com\/site\/espana\/2021\/06\/03\/hacia-un-espacio-schengen-mas-fuerte-y-resiliente\/\" \/>\n<meta property=\"og:locale\" content=\"es_ES\" \/>\n<meta property=\"og:type\" content=\"article\" \/>\n<meta property=\"og:title\" content=\"Hacia un espacio Schengen m\u00e1s fuerte y resiliente\" \/>\n<meta property=\"og:description\" content=\"Nota de Prensa Bruselas, 3 de junio de 2021 La Comisi\u00f3n Europea present\u00f3 ayer una nueva\u00a0estrategia\u00a0para hacer m\u00e1s fuerte y resiliente la mayor zona de libre circulaci\u00f3n del mundo: el espacio Schengen. El espacio&#046;&#046;&#046;\" \/>\n<meta property=\"og:url\" content=\"https:\/\/noti-america.com\/site\/espana\/2021\/06\/03\/hacia-un-espacio-schengen-mas-fuerte-y-resiliente\/\" \/>\n<meta property=\"og:site_name\" content=\"Espa\u00f1a | Noti-America.com\" \/>\n<meta property=\"article:published_time\" content=\"2021-06-03T15:27:06+00:00\" \/>\n<meta property=\"article:modified_time\" content=\"2021-06-03T19:27:19+00:00\" \/>\n<meta property=\"og:image\" content=\"https:\/\/noti-america.com\/site\/espana\/wp-content\/uploads\/sites\/25\/2021\/06\/letrero-alemania-union-europea.jpg\" \/>\n\t<meta property=\"og:image:width\" content=\"720\" \/>\n\t<meta property=\"og:image:height\" content=\"480\" \/>\n\t<meta property=\"og:image:type\" content=\"image\/jpeg\" \/>\n<meta name=\"author\" content=\"Rosmer Herrera\" \/>\n<meta name=\"twitter:card\" content=\"summary_large_image\" \/>\n<meta name=\"twitter:creator\" content=\"@notiamerica\" \/>\n<meta name=\"twitter:site\" content=\"@notiamerica\" \/>\n<meta name=\"twitter:label1\" content=\"Escrito por\" \/>\n\t<meta name=\"twitter:data1\" content=\"Rosmer Herrera\" \/>\n\t<meta name=\"twitter:label2\" content=\"Tiempo estimado de lectura\" \/>\n\t<meta name=\"twitter:data2\" content=\"7 minutos\" \/>\n<script type=\"application\/ld+json\" class=\"yoast-schema-graph\">{\"@context\":\"https:\/\/schema.org\",\"@graph\":[{\"@type\":\"Article\",\"@id\":\"https:\/\/noti-america.com\/site\/espana\/2021\/06\/03\/hacia-un-espacio-schengen-mas-fuerte-y-resiliente\/#article\",\"isPartOf\":{\"@id\":\"https:\/\/noti-america.com\/site\/espana\/2021\/06\/03\/hacia-un-espacio-schengen-mas-fuerte-y-resiliente\/\"},\"author\":{\"name\":\"Rosmer Herrera\",\"@id\":\"https:\/\/noti-america.com\/site\/espana\/#\/schema\/person\/fd58dbfb92a257e9dc5761bf69a855ff\"},\"headline\":\"Hacia un espacio Schengen m\u00e1s fuerte y resiliente\",\"datePublished\":\"2021-06-03T15:27:06+00:00\",\"dateModified\":\"2021-06-03T19:27:19+00:00\",\"mainEntityOfPage\":{\"@id\":\"https:\/\/noti-america.com\/site\/espana\/2021\/06\/03\/hacia-un-espacio-schengen-mas-fuerte-y-resiliente\/\"},\"wordCount\":1462,\"commentCount\":0,\"publisher\":{\"@id\":\"https:\/\/noti-america.com\/site\/espana\/#organization\"},\"image\":{\"@id\":\"https:\/\/noti-america.com\/site\/espana\/2021\/06\/03\/hacia-un-espacio-schengen-mas-fuerte-y-resiliente\/#primaryimage\"},\"thumbnailUrl\":\"https:\/\/noti-america.com\/site\/espana\/wp-content\/uploads\/sites\/25\/2021\/06\/letrero-alemania-union-europea.jpg\",\"articleSection\":[\"Actualidad\",\"Internacionales\"],\"inLanguage\":\"es\",\"potentialAction\":[{\"@type\":\"CommentAction\",\"name\":\"Comment\",\"target\":[\"https:\/\/noti-america.com\/site\/espana\/2021\/06\/03\/hacia-un-espacio-schengen-mas-fuerte-y-resiliente\/#respond\"]}]},{\"@type\":\"WebPage\",\"@id\":\"https:\/\/noti-america.com\/site\/espana\/2021\/06\/03\/hacia-un-espacio-schengen-mas-fuerte-y-resiliente\/\",\"url\":\"https:\/\/noti-america.com\/site\/espana\/2021\/06\/03\/hacia-un-espacio-schengen-mas-fuerte-y-resiliente\/\",\"name\":\"Hacia un espacio Schengen m\u00e1s fuerte y resiliente - Espa\u00f1a | Noti-America.com\",\"isPartOf\":{\"@id\":\"https:\/\/noti-america.com\/site\/espana\/#website\"},\"primaryImageOfPage\":{\"@id\":\"https:\/\/noti-america.com\/site\/espana\/2021\/06\/03\/hacia-un-espacio-schengen-mas-fuerte-y-resiliente\/#primaryimage\"},\"image\":{\"@id\":\"https:\/\/noti-america.com\/site\/espana\/2021\/06\/03\/hacia-un-espacio-schengen-mas-fuerte-y-resiliente\/#primaryimage\"},\"thumbnailUrl\":\"https:\/\/noti-america.com\/site\/espana\/wp-content\/uploads\/sites\/25\/2021\/06\/letrero-alemania-union-europea.jpg\",\"datePublished\":\"2021-06-03T15:27:06+00:00\",\"dateModified\":\"2021-06-03T19:27:19+00:00\",\"breadcrumb\":{\"@id\":\"https:\/\/noti-america.com\/site\/espana\/2021\/06\/03\/hacia-un-espacio-schengen-mas-fuerte-y-resiliente\/#breadcrumb\"},\"inLanguage\":\"es\",\"potentialAction\":[{\"@type\":\"ReadAction\",\"target\":[\"https:\/\/noti-america.com\/site\/espana\/2021\/06\/03\/hacia-un-espacio-schengen-mas-fuerte-y-resiliente\/\"]}]},{\"@type\":\"ImageObject\",\"inLanguage\":\"es\",\"@id\":\"https:\/\/noti-america.com\/site\/espana\/2021\/06\/03\/hacia-un-espacio-schengen-mas-fuerte-y-resiliente\/#primaryimage\",\"url\":\"https:\/\/noti-america.com\/site\/espana\/wp-content\/uploads\/sites\/25\/2021\/06\/letrero-alemania-union-europea.jpg\",\"contentUrl\":\"https:\/\/noti-america.com\/site\/espana\/wp-content\/uploads\/sites\/25\/2021\/06\/letrero-alemania-union-europea.jpg\",\"width\":720,\"height\":480},{\"@type\":\"BreadcrumbList\",\"@id\":\"https:\/\/noti-america.com\/site\/espana\/2021\/06\/03\/hacia-un-espacio-schengen-mas-fuerte-y-resiliente\/#breadcrumb\",\"itemListElement\":[{\"@type\":\"ListItem\",\"position\":1,\"name\":\"Portada\",\"item\":\"https:\/\/noti-america.com\/site\/espana\/\"},{\"@type\":\"ListItem\",\"position\":2,\"name\":\"Hacia un espacio Schengen m\u00e1s fuerte y resiliente\"}]},{\"@type\":\"WebSite\",\"@id\":\"https:\/\/noti-america.com\/site\/espana\/#website\",\"url\":\"https:\/\/noti-america.com\/site\/espana\/\",\"name\":\"Espa\u00f1a | Noti-America.com\",\"description\":\"\",\"publisher\":{\"@id\":\"https:\/\/noti-america.com\/site\/espana\/#organization\"},\"potentialAction\":[{\"@type\":\"SearchAction\",\"target\":{\"@type\":\"EntryPoint\",\"urlTemplate\":\"https:\/\/noti-america.com\/site\/espana\/?s={search_term_string}\"},\"query-input\":{\"@type\":\"PropertyValueSpecification\",\"valueRequired\":true,\"valueName\":\"search_term_string\"}}],\"inLanguage\":\"es\"},{\"@type\":\"Organization\",\"@id\":\"https:\/\/noti-america.com\/site\/espana\/#organization\",\"name\":\"Noti-America LLC | Espa\u00f1a\",\"url\":\"https:\/\/noti-america.com\/site\/espana\/\",\"logo\":{\"@type\":\"ImageObject\",\"inLanguage\":\"es\",\"@id\":\"https:\/\/noti-america.com\/site\/espana\/#\/schema\/logo\/image\/\",\"url\":\"https:\/\/noti-america.com\/site\/espana\/wp-content\/uploads\/sites\/25\/2020\/07\/LogoNA-4x3-1.jpg\",\"contentUrl\":\"https:\/\/noti-america.com\/site\/espana\/wp-content\/uploads\/sites\/25\/2020\/07\/LogoNA-4x3-1.jpg\",\"width\":1236,\"height\":1080,\"caption\":\"Noti-America LLC | Espa\u00f1a\"},\"image\":{\"@id\":\"https:\/\/noti-america.com\/site\/espana\/#\/schema\/logo\/image\/\"},\"sameAs\":[\"https:\/\/x.com\/notiamerica\"]},{\"@type\":\"Person\",\"@id\":\"https:\/\/noti-america.com\/site\/espana\/#\/schema\/person\/fd58dbfb92a257e9dc5761bf69a855ff\",\"name\":\"Rosmer Herrera\",\"image\":{\"@type\":\"ImageObject\",\"inLanguage\":\"es\",\"@id\":\"https:\/\/secure.gravatar.com\/avatar\/153e75c261394dbf20ff1a1e70ea2be9494f2b40b7fc4e7704084db13220ae08?s=96&d=mm&r=g\",\"url\":\"https:\/\/secure.gravatar.com\/avatar\/153e75c261394dbf20ff1a1e70ea2be9494f2b40b7fc4e7704084db13220ae08?s=96&d=mm&r=g\",\"contentUrl\":\"https:\/\/secure.gravatar.com\/avatar\/153e75c261394dbf20ff1a1e70ea2be9494f2b40b7fc4e7704084db13220ae08?s=96&d=mm&r=g\",\"caption\":\"Rosmer Herrera\"},\"url\":\"https:\/\/noti-america.com\/site\/espana\/author\/rosmer33\/\"}]}<\/script>\n<!-- \/ Yoast SEO Premium plugin. -->","yoast_head_json":{"title":"Hacia un espacio Schengen m\u00e1s fuerte y resiliente - Espa\u00f1a | Noti-America.com","robots":{"index":"index","follow":"follow","max-snippet":"max-snippet:-1","max-image-preview":"max-image-preview:large","max-video-preview":"max-video-preview:-1"},"canonical":"https:\/\/noti-america.com\/site\/espana\/2021\/06\/03\/hacia-un-espacio-schengen-mas-fuerte-y-resiliente\/","og_locale":"es_ES","og_type":"article","og_title":"Hacia un espacio Schengen m\u00e1s fuerte y resiliente","og_description":"Nota de Prensa Bruselas, 3 de junio de 2021 La Comisi\u00f3n Europea present\u00f3 ayer una nueva\u00a0estrategia\u00a0para hacer m\u00e1s fuerte y resiliente la mayor zona de libre circulaci\u00f3n del mundo: el espacio Schengen. El espacio&#46;&#46;&#46;","og_url":"https:\/\/noti-america.com\/site\/espana\/2021\/06\/03\/hacia-un-espacio-schengen-mas-fuerte-y-resiliente\/","og_site_name":"Espa\u00f1a | Noti-America.com","article_published_time":"2021-06-03T15:27:06+00:00","article_modified_time":"2021-06-03T19:27:19+00:00","og_image":[{"width":720,"height":480,"url":"https:\/\/noti-america.com\/site\/espana\/wp-content\/uploads\/sites\/25\/2021\/06\/letrero-alemania-union-europea.jpg","type":"image\/jpeg"}],"author":"Rosmer Herrera","twitter_card":"summary_large_image","twitter_creator":"@notiamerica","twitter_site":"@notiamerica","twitter_misc":{"Escrito por":"Rosmer Herrera","Tiempo estimado de lectura":"7 minutos"},"schema":{"@context":"https:\/\/schema.org","@graph":[{"@type":"Article","@id":"https:\/\/noti-america.com\/site\/espana\/2021\/06\/03\/hacia-un-espacio-schengen-mas-fuerte-y-resiliente\/#article","isPartOf":{"@id":"https:\/\/noti-america.com\/site\/espana\/2021\/06\/03\/hacia-un-espacio-schengen-mas-fuerte-y-resiliente\/"},"author":{"name":"Rosmer Herrera","@id":"https:\/\/noti-america.com\/site\/espana\/#\/schema\/person\/fd58dbfb92a257e9dc5761bf69a855ff"},"headline":"Hacia un espacio Schengen m\u00e1s fuerte y resiliente","datePublished":"2021-06-03T15:27:06+00:00","dateModified":"2021-06-03T19:27:19+00:00","mainEntityOfPage":{"@id":"https:\/\/noti-america.com\/site\/espana\/2021\/06\/03\/hacia-un-espacio-schengen-mas-fuerte-y-resiliente\/"},"wordCount":1462,"commentCount":0,"publisher":{"@id":"https:\/\/noti-america.com\/site\/espana\/#organization"},"image":{"@id":"https:\/\/noti-america.com\/site\/espana\/2021\/06\/03\/hacia-un-espacio-schengen-mas-fuerte-y-resiliente\/#primaryimage"},"thumbnailUrl":"https:\/\/noti-america.com\/site\/espana\/wp-content\/uploads\/sites\/25\/2021\/06\/letrero-alemania-union-europea.jpg","articleSection":["Actualidad","Internacionales"],"inLanguage":"es","potentialAction":[{"@type":"CommentAction","name":"Comment","target":["https:\/\/noti-america.com\/site\/espana\/2021\/06\/03\/hacia-un-espacio-schengen-mas-fuerte-y-resiliente\/#respond"]}]},{"@type":"WebPage","@id":"https:\/\/noti-america.com\/site\/espana\/2021\/06\/03\/hacia-un-espacio-schengen-mas-fuerte-y-resiliente\/","url":"https:\/\/noti-america.com\/site\/espana\/2021\/06\/03\/hacia-un-espacio-schengen-mas-fuerte-y-resiliente\/","name":"Hacia un espacio Schengen m\u00e1s fuerte y resiliente - Espa\u00f1a | Noti-America.com","isPartOf":{"@id":"https:\/\/noti-america.com\/site\/espana\/#website"},"primaryImageOfPage":{"@id":"https:\/\/noti-america.com\/site\/espana\/2021\/06\/03\/hacia-un-espacio-schengen-mas-fuerte-y-resiliente\/#primaryimage"},"image":{"@id":"https:\/\/noti-america.com\/site\/espana\/2021\/06\/03\/hacia-un-espacio-schengen-mas-fuerte-y-resiliente\/#primaryimage"},"thumbnailUrl":"https:\/\/noti-america.com\/site\/espana\/wp-content\/uploads\/sites\/25\/2021\/06\/letrero-alemania-union-europea.jpg","datePublished":"2021-06-03T15:27:06+00:00","dateModified":"2021-06-03T19:27:19+00:00","breadcrumb":{"@id":"https:\/\/noti-america.com\/site\/espana\/2021\/06\/03\/hacia-un-espacio-schengen-mas-fuerte-y-resiliente\/#breadcrumb"},"inLanguage":"es","potentialAction":[{"@type":"ReadAction","target":["https:\/\/noti-america.com\/site\/espana\/2021\/06\/03\/hacia-un-espacio-schengen-mas-fuerte-y-resiliente\/"]}]},{"@type":"ImageObject","inLanguage":"es","@id":"https:\/\/noti-america.com\/site\/espana\/2021\/06\/03\/hacia-un-espacio-schengen-mas-fuerte-y-resiliente\/#primaryimage","url":"https:\/\/noti-america.com\/site\/espana\/wp-content\/uploads\/sites\/25\/2021\/06\/letrero-alemania-union-europea.jpg","contentUrl":"https:\/\/noti-america.com\/site\/espana\/wp-content\/uploads\/sites\/25\/2021\/06\/letrero-alemania-union-europea.jpg","width":720,"height":480},{"@type":"BreadcrumbList","@id":"https:\/\/noti-america.com\/site\/espana\/2021\/06\/03\/hacia-un-espacio-schengen-mas-fuerte-y-resiliente\/#breadcrumb","itemListElement":[{"@type":"ListItem","position":1,"name":"Portada","item":"https:\/\/noti-america.com\/site\/espana\/"},{"@type":"ListItem","position":2,"name":"Hacia un espacio Schengen m\u00e1s fuerte y resiliente"}]},{"@type":"WebSite","@id":"https:\/\/noti-america.com\/site\/espana\/#website","url":"https:\/\/noti-america.com\/site\/espana\/","name":"Espa\u00f1a | Noti-America.com","description":"","publisher":{"@id":"https:\/\/noti-america.com\/site\/espana\/#organization"},"potentialAction":[{"@type":"SearchAction","target":{"@type":"EntryPoint","urlTemplate":"https:\/\/noti-america.com\/site\/espana\/?s={search_term_string}"},"query-input":{"@type":"PropertyValueSpecification","valueRequired":true,"valueName":"search_term_string"}}],"inLanguage":"es"},{"@type":"Organization","@id":"https:\/\/noti-america.com\/site\/espana\/#organization","name":"Noti-America LLC | Espa\u00f1a","url":"https:\/\/noti-america.com\/site\/espana\/","logo":{"@type":"ImageObject","inLanguage":"es","@id":"https:\/\/noti-america.com\/site\/espana\/#\/schema\/logo\/image\/","url":"https:\/\/noti-america.com\/site\/espana\/wp-content\/uploads\/sites\/25\/2020\/07\/LogoNA-4x3-1.jpg","contentUrl":"https:\/\/noti-america.com\/site\/espana\/wp-content\/uploads\/sites\/25\/2020\/07\/LogoNA-4x3-1.jpg","width":1236,"height":1080,"caption":"Noti-America LLC | Espa\u00f1a"},"image":{"@id":"https:\/\/noti-america.com\/site\/espana\/#\/schema\/logo\/image\/"},"sameAs":["https:\/\/x.com\/notiamerica"]},{"@type":"Person","@id":"https:\/\/noti-america.com\/site\/espana\/#\/schema\/person\/fd58dbfb92a257e9dc5761bf69a855ff","name":"Rosmer Herrera","image":{"@type":"ImageObject","inLanguage":"es","@id":"https:\/\/secure.gravatar.com\/avatar\/153e75c261394dbf20ff1a1e70ea2be9494f2b40b7fc4e7704084db13220ae08?s=96&d=mm&r=g","url":"https:\/\/secure.gravatar.com\/avatar\/153e75c261394dbf20ff1a1e70ea2be9494f2b40b7fc4e7704084db13220ae08?s=96&d=mm&r=g","contentUrl":"https:\/\/secure.gravatar.com\/avatar\/153e75c261394dbf20ff1a1e70ea2be9494f2b40b7fc4e7704084db13220ae08?s=96&d=mm&r=g","caption":"Rosmer Herrera"},"url":"https:\/\/noti-america.com\/site\/espana\/author\/rosmer33\/"}]}},"_links":{"self":[{"href":"https:\/\/noti-america.com\/site\/espana\/wp-json\/wp\/v2\/posts\/4948","targetHints":{"allow":["GET"]}}],"collection":[{"href":"https:\/\/noti-america.com\/site\/espana\/wp-json\/wp\/v2\/posts"}],"about":[{"href":"https:\/\/noti-america.com\/site\/espana\/wp-json\/wp\/v2\/types\/post"}],"author":[{"embeddable":true,"href":"https:\/\/noti-america.com\/site\/espana\/wp-json\/wp\/v2\/users\/1"}],"replies":[{"embeddable":true,"href":"https:\/\/noti-america.com\/site\/espana\/wp-json\/wp\/v2\/comments?post=4948"}],"version-history":[{"count":1,"href":"https:\/\/noti-america.com\/site\/espana\/wp-json\/wp\/v2\/posts\/4948\/revisions"}],"predecessor-version":[{"id":4950,"href":"https:\/\/noti-america.com\/site\/espana\/wp-json\/wp\/v2\/posts\/4948\/revisions\/4950"}],"wp:featuredmedia":[{"embeddable":true,"href":"https:\/\/noti-america.com\/site\/espana\/wp-json\/wp\/v2\/media\/4949"}],"wp:attachment":[{"href":"https:\/\/noti-america.com\/site\/espana\/wp-json\/wp\/v2\/media?parent=4948"}],"wp:term":[{"taxonomy":"category","embeddable":true,"href":"https:\/\/noti-america.com\/site\/espana\/wp-json\/wp\/v2\/categories?post=4948"},{"taxonomy":"post_tag","embeddable":true,"href":"https:\/\/noti-america.com\/site\/espana\/wp-json\/wp\/v2\/tags?post=4948"}],"curies":[{"name":"wp","href":"https:\/\/api.w.org\/{rel}","templated":true}]}}