{"id":4830,"date":"2021-05-12T19:12:45","date_gmt":"2021-05-12T19:12:45","guid":{"rendered":"https:\/\/noti-america.com\/site\/espana\/2021\/05\/12\/las-claves-de-las-previsiones-economicas-de-primavera-de-2021-por-redaccion\/"},"modified":"2021-05-12T23:12:53","modified_gmt":"2021-05-12T23:12:53","slug":"las-claves-de-las-previsiones-economicas-de-primavera-de-2021-por-redaccion","status":"publish","type":"post","link":"https:\/\/noti-america.com\/site\/espana\/2021\/05\/12\/las-claves-de-las-previsiones-economicas-de-primavera-de-2021-por-redaccion\/","title":{"rendered":"LAS CLAVES DE LAS PREVISIONES ECON\u00d3MICAS DE PRIMAVERA DE 2021 por Redacci\u00f3n"},"content":{"rendered":"<p>NOTI-AMERICA | ESPANA<\/p>\n<p>www.aquieuropa.com<\/p>\n<p><img loading=\"lazy\" decoding=\"async\" class=\"alignnone size-medium wp-image-4831 aligncenter\" src=\"https:\/\/noti-america.com\/site\/espana\/wp-content\/uploads\/sites\/25\/2021\/05\/paolo-gentiloni-comisario-de-economia-300x157.jpg\" alt=\"\" width=\"300\" height=\"157\" \/><\/p>\n<h2 style=\"text-align: center;\">LAS CLAVES DE LAS PREVISIONES ECON\u00d3MICAS DE PRIMAVERA DE 2021<\/h2>\n<h4>por Redacci\u00f3n<\/h4>\n<blockquote><p>Las previsiones econ\u00f3micas de primavera 2021 son un conjunto de supuestos t\u00e9cnicos relacionados con los tipos de cambio, los tipos de inter\u00e9s y los precios de las materias primas, con una fecha de corte del 28 de abril de 2021. Para los dem\u00e1s datos entrantes, incluidos los supuestos sobre pol\u00edticas gubernamentales, este pron\u00f3stico tiene en cuenta informaci\u00f3n sobre la consideraci\u00f3n hasta el 30 de abril inclusive.<\/p><\/blockquote>\n<p>Tras la adopci\u00f3n final del Reglamento relativo al Mecanismo de Recuperaci\u00f3n y Resiliencia (MRR) y un progreso significativo en la preparaci\u00f3n de los planes de recuperaci\u00f3n y resiliencia, la Previsi\u00f3n de Primavera incorpora las medidas de reforma e inversi\u00f3n establecidas en estos proyectos del plan de recuperaci\u00f3n y resiliencia para todos los Estados miembros.<\/p>\n<p>Las cifras que se obtienen en las previsiones econ\u00f3micas de primavera de 2021 representan una mejora sustancial de las perspectivas de crecimiento en comparaci\u00f3n con las previsiones econ\u00f3micas de invierno de 2021, que fueron presentadas por la Comisi\u00f3n en el mes de febrero.<\/p>\n<p>En las previsiones econ\u00f3micas de primavera de 2021, la econom\u00eda en el conjunto de la UE crecer\u00e1 un 4,2 % en 2021 y un 4,4 % en 2022. La previsi\u00f3n de crecimiento de la econom\u00eda de la zona del euro es un 4,3 % este a\u00f1o y un 4,4 % el a\u00f1o pr\u00f3ximo. Las tasas de crecimiento seguir\u00e1n siendo dispares dentro de la UE, pero se espera que las econom\u00edas de los Estados miembros vuelvan a niveles anteriores a la crisis a finales de 2022.<\/p>\n<p>El Comisario Gentiloni ha informado en rueda de prensa sobre los cinco mensajes clave de las previsiones. En primer lugar, se espera que las econom\u00edas de la UE y de la zona del euro se recuperen con fuerza a medida que aumentan las tasas de vacunaci\u00f3n y se alivian las restricciones. Este crecimiento estar\u00e1 impulsado por el consumo privado, la inversi\u00f3n y una creciente demanda de exportaciones de la UE a partir de una econom\u00eda global en fortalecimiento.<\/p>\n<p>En segundo lugar, pese a que el riesgo de agravamiento de la pobreza, la exclusi\u00f3n social y la desigualdad es muy real, se espera que el empleo crezca el pr\u00f3ximo a\u00f1o y el desempleo disminuya, incluido el juvenil. Seg\u00fan los datos, el empleo ya aument\u00f3 en la segunda mitad de 2020 y las tasas de desempleo han disminuido desde sus m\u00e1ximos en la mayor\u00eda de los Estados miembros. Ahora, los reg\u00edmenes de apoyo p\u00fablico, incluidos los apoyados por la UE a trav\u00e9s del instrumento SURE, han impedido que las tasas de desempleo aumenten dr\u00e1sticamente. Sin embargo, los mercados laborales necesitar\u00e1n tiempo para recuperarse por completo, ya que hay margen para que aumenten las horas de trabajo antes de que las empresas necesiten contratar m\u00e1s trabajadores.<\/p>\n<p>Con respecto a las medidas fiscales, el apoyo p\u00fablico a los hogares y las empresas ha desempe\u00f1ado un papel fundamental en la mitigaci\u00f3n del impacto de la pandemia en la econom\u00eda, pero ha provocado que los Estados miembros aumenten sus niveles de deuda. Por ello, se ha propuesto que los gastos significativos de la UE se financien mediante subvenciones del Fondo de Recuperaci\u00f3n y Resiliencia.<\/p>\n<p>Las dos \u00faltimas claves se centran en la inflaci\u00f3n y en la incertidumbre en torno a qu\u00e9 perspectivas seguir\u00e1n siendo elevadas. Con respecto a la inflaci\u00f3n, esta se increment\u00f3 fuertemente a principios de este a\u00f1o, debido a la subida de los precios de la energ\u00eda y a una serie de factores t\u00e9cnicos transitorios. Sin embargo, y a pesar de que variar\u00e1 significativamente a lo largo de este a\u00f1o ya que los precios de la energ\u00eda asumida y los cambios en las tasas del IVA generan fluctuaciones notables en el nivel de precios, se espera que vuelva a moderarse en 2022.<\/p>\n<p>Por \u00faltimo, relacionado con la incertidumbre, el Comisario Gentiloni ha destacado que la poblaci\u00f3n est\u00e1 nerviosa debido a que los riesgos que rodean las perspectivas son altos y seguir\u00e1n si\u00e9ndolo mientras la sombra de la pandemia de COVID-19 se cierne sobre la econom\u00eda. Adem\u00e1s, ha se\u00f1alado que el impacto de las dificultades empresariales en el mercado laboral y el sector financiero podr\u00eda resultar peor de lo previsto.<\/p>\n<p>Con respecto al NextGenerationEU ha asegurado que representa un impulso sin precedentes para la econom\u00eda de la UE y que el pron\u00f3stico de primavera incorpora por primera vez el impacto del MRR para todos los Estados miembros.<\/p>\n<p>Como conclusi\u00f3n, ha a\u00f1adido que \u201cdesde hace un a\u00f1o venimos presentando previsiones muy negativas. Hoy, por primera vez desde que golpe\u00f3 la pandemia, vemos que el optimismo prevalece sobre la incertidumbre. Esa incertidumbre, por supuesto, sigue ah\u00ed. No debemos olvidar esto. Pero la recuperaci\u00f3n ya no es un espejismo: est\u00e1 en marcha. Debemos evitar errores que podr\u00edan socavarlo: a saber, una retirada prematura del apoyo pol\u00edtico. La calidad, fuerza y ??duraci\u00f3n de la recuperaci\u00f3n a\u00fan podr\u00edan verse influenciadas por la pandemia, pero nuestro destino econ\u00f3mico est\u00e1 principalmente en nuestras propias manos. Por eso es el momento de remangarnos todos\u201d.<\/p>\n","protected":false},"excerpt":{"rendered":"<p>NOTI-AMERICA | ESPANA www.aquieuropa.com LAS CLAVES DE LAS PREVISIONES ECON\u00d3MICAS DE PRIMAVERA DE 2021 por Redacci\u00f3n Las previsiones econ\u00f3micas de primavera 2021 son un conjunto de supuestos t\u00e9cnicos relacionados con los tipos de cambio,&#46;&#46;&#46;<\/p>\n","protected":false},"author":2,"featured_media":4831,"comment_status":"open","ping_status":"open","sticky":false,"template":"","format":"standard","meta":{"_acf_changed":false,"om_disable_all_campaigns":false,"rop_custom_images_group":[],"rop_custom_messages_group":[],"rop_publish_now":"initial","rop_publish_now_accounts":[],"rop_publish_now_history":[],"rop_publish_now_status":"pending","_uf_show_specific_survey":0,"_uf_disable_surveys":false,"footnotes":""},"categories":[5],"tags":[],"class_list":["post-4830","post","type-post","status-publish","format-standard","has-post-thumbnail","hentry","category-economia"],"acf":[],"aioseo_notices":[],"yoast_head":"<!-- This site is optimized with the Yoast SEO Premium plugin v24.9 (Yoast SEO v27.2) - https:\/\/yoast.com\/product\/yoast-seo-premium-wordpress\/ -->\n<title>LAS CLAVES DE LAS PREVISIONES ECON\u00d3MICAS DE PRIMAVERA DE 2021 por Redacci\u00f3n - Espa\u00f1a | Noti-America.com<\/title>\n<meta name=\"robots\" content=\"index, follow, max-snippet:-1, max-image-preview:large, max-video-preview:-1\" \/>\n<link rel=\"canonical\" href=\"https:\/\/noti-america.com\/site\/espana\/2021\/05\/12\/las-claves-de-las-previsiones-economicas-de-primavera-de-2021-por-redaccion\/\" \/>\n<meta property=\"og:locale\" content=\"es_ES\" \/>\n<meta property=\"og:type\" content=\"article\" \/>\n<meta property=\"og:title\" content=\"LAS CLAVES DE LAS PREVISIONES ECON\u00d3MICAS DE PRIMAVERA DE 2021 por Redacci\u00f3n\" \/>\n<meta property=\"og:description\" content=\"NOTI-AMERICA | ESPANA www.aquieuropa.com LAS CLAVES DE LAS PREVISIONES ECON\u00d3MICAS DE PRIMAVERA DE 2021 por Redacci\u00f3n Las previsiones econ\u00f3micas de primavera 2021 son un conjunto de supuestos t\u00e9cnicos relacionados con los tipos de cambio,&#046;&#046;&#046;\" \/>\n<meta property=\"og:url\" content=\"https:\/\/noti-america.com\/site\/espana\/2021\/05\/12\/las-claves-de-las-previsiones-economicas-de-primavera-de-2021-por-redaccion\/\" \/>\n<meta property=\"og:site_name\" content=\"Espa\u00f1a | Noti-America.com\" \/>\n<meta property=\"article:published_time\" content=\"2021-05-12T19:12:45+00:00\" \/>\n<meta property=\"article:modified_time\" content=\"2021-05-12T23:12:53+00:00\" \/>\n<meta property=\"og:image\" content=\"https:\/\/noti-america.com\/site\/espana\/wp-content\/uploads\/sites\/25\/2021\/05\/paolo-gentiloni-comisario-de-economia.jpg\" \/>\n\t<meta property=\"og:image:width\" content=\"1\" \/>\n\t<meta property=\"og:image:height\" content=\"1\" \/>\n\t<meta property=\"og:image:type\" content=\"image\/jpeg\" \/>\n<meta name=\"author\" content=\"rloaiza\" \/>\n<meta name=\"twitter:card\" content=\"summary_large_image\" \/>\n<meta name=\"twitter:creator\" content=\"@notiamerica\" \/>\n<meta name=\"twitter:site\" content=\"@notiamerica\" \/>\n<meta name=\"twitter:label1\" content=\"Escrito por\" \/>\n\t<meta name=\"twitter:data1\" content=\"rloaiza\" \/>\n\t<meta name=\"twitter:label2\" content=\"Tiempo estimado de lectura\" \/>\n\t<meta name=\"twitter:data2\" content=\"4 minutos\" \/>\n<script type=\"application\/ld+json\" class=\"yoast-schema-graph\">{\"@context\":\"https:\/\/schema.org\",\"@graph\":[{\"@type\":\"Article\",\"@id\":\"https:\/\/noti-america.com\/site\/espana\/2021\/05\/12\/las-claves-de-las-previsiones-economicas-de-primavera-de-2021-por-redaccion\/#article\",\"isPartOf\":{\"@id\":\"https:\/\/noti-america.com\/site\/espana\/2021\/05\/12\/las-claves-de-las-previsiones-economicas-de-primavera-de-2021-por-redaccion\/\"},\"author\":{\"name\":\"rloaiza\",\"@id\":\"https:\/\/noti-america.com\/site\/espana\/#\/schema\/person\/a2e478ba496331ce89bcd0c731cd6533\"},\"headline\":\"LAS CLAVES DE LAS PREVISIONES ECON\u00d3MICAS DE PRIMAVERA DE 2021 por Redacci\u00f3n\",\"datePublished\":\"2021-05-12T19:12:45+00:00\",\"dateModified\":\"2021-05-12T23:12:53+00:00\",\"mainEntityOfPage\":{\"@id\":\"https:\/\/noti-america.com\/site\/espana\/2021\/05\/12\/las-claves-de-las-previsiones-economicas-de-primavera-de-2021-por-redaccion\/\"},\"wordCount\":907,\"commentCount\":0,\"publisher\":{\"@id\":\"https:\/\/noti-america.com\/site\/espana\/#organization\"},\"image\":{\"@id\":\"https:\/\/noti-america.com\/site\/espana\/2021\/05\/12\/las-claves-de-las-previsiones-economicas-de-primavera-de-2021-por-redaccion\/#primaryimage\"},\"thumbnailUrl\":\"https:\/\/noti-america.com\/site\/espana\/wp-content\/uploads\/sites\/25\/2021\/05\/paolo-gentiloni-comisario-de-economia.jpg\",\"articleSection\":[\"Econom\u00eda\"],\"inLanguage\":\"es\",\"potentialAction\":[{\"@type\":\"CommentAction\",\"name\":\"Comment\",\"target\":[\"https:\/\/noti-america.com\/site\/espana\/2021\/05\/12\/las-claves-de-las-previsiones-economicas-de-primavera-de-2021-por-redaccion\/#respond\"]}]},{\"@type\":\"WebPage\",\"@id\":\"https:\/\/noti-america.com\/site\/espana\/2021\/05\/12\/las-claves-de-las-previsiones-economicas-de-primavera-de-2021-por-redaccion\/\",\"url\":\"https:\/\/noti-america.com\/site\/espana\/2021\/05\/12\/las-claves-de-las-previsiones-economicas-de-primavera-de-2021-por-redaccion\/\",\"name\":\"LAS CLAVES DE LAS PREVISIONES ECON\u00d3MICAS DE PRIMAVERA DE 2021 por Redacci\u00f3n - Espa\u00f1a | Noti-America.com\",\"isPartOf\":{\"@id\":\"https:\/\/noti-america.com\/site\/espana\/#website\"},\"primaryImageOfPage\":{\"@id\":\"https:\/\/noti-america.com\/site\/espana\/2021\/05\/12\/las-claves-de-las-previsiones-economicas-de-primavera-de-2021-por-redaccion\/#primaryimage\"},\"image\":{\"@id\":\"https:\/\/noti-america.com\/site\/espana\/2021\/05\/12\/las-claves-de-las-previsiones-economicas-de-primavera-de-2021-por-redaccion\/#primaryimage\"},\"thumbnailUrl\":\"https:\/\/noti-america.com\/site\/espana\/wp-content\/uploads\/sites\/25\/2021\/05\/paolo-gentiloni-comisario-de-economia.jpg\",\"datePublished\":\"2021-05-12T19:12:45+00:00\",\"dateModified\":\"2021-05-12T23:12:53+00:00\",\"breadcrumb\":{\"@id\":\"https:\/\/noti-america.com\/site\/espana\/2021\/05\/12\/las-claves-de-las-previsiones-economicas-de-primavera-de-2021-por-redaccion\/#breadcrumb\"},\"inLanguage\":\"es\",\"potentialAction\":[{\"@type\":\"ReadAction\",\"target\":[\"https:\/\/noti-america.com\/site\/espana\/2021\/05\/12\/las-claves-de-las-previsiones-economicas-de-primavera-de-2021-por-redaccion\/\"]}]},{\"@type\":\"ImageObject\",\"inLanguage\":\"es\",\"@id\":\"https:\/\/noti-america.com\/site\/espana\/2021\/05\/12\/las-claves-de-las-previsiones-economicas-de-primavera-de-2021-por-redaccion\/#primaryimage\",\"url\":\"https:\/\/noti-america.com\/site\/espana\/wp-content\/uploads\/sites\/25\/2021\/05\/paolo-gentiloni-comisario-de-economia.jpg\",\"contentUrl\":\"https:\/\/noti-america.com\/site\/espana\/wp-content\/uploads\/sites\/25\/2021\/05\/paolo-gentiloni-comisario-de-economia.jpg\"},{\"@type\":\"BreadcrumbList\",\"@id\":\"https:\/\/noti-america.com\/site\/espana\/2021\/05\/12\/las-claves-de-las-previsiones-economicas-de-primavera-de-2021-por-redaccion\/#breadcrumb\",\"itemListElement\":[{\"@type\":\"ListItem\",\"position\":1,\"name\":\"Portada\",\"item\":\"https:\/\/noti-america.com\/site\/espana\/\"},{\"@type\":\"ListItem\",\"position\":2,\"name\":\"LAS CLAVES DE LAS PREVISIONES ECON\u00d3MICAS DE PRIMAVERA DE 2021 por Redacci\u00f3n\"}]},{\"@type\":\"WebSite\",\"@id\":\"https:\/\/noti-america.com\/site\/espana\/#website\",\"url\":\"https:\/\/noti-america.com\/site\/espana\/\",\"name\":\"Espa\u00f1a | Noti-America.com\",\"description\":\"\",\"publisher\":{\"@id\":\"https:\/\/noti-america.com\/site\/espana\/#organization\"},\"potentialAction\":[{\"@type\":\"SearchAction\",\"target\":{\"@type\":\"EntryPoint\",\"urlTemplate\":\"https:\/\/noti-america.com\/site\/espana\/?s={search_term_string}\"},\"query-input\":{\"@type\":\"PropertyValueSpecification\",\"valueRequired\":true,\"valueName\":\"search_term_string\"}}],\"inLanguage\":\"es\"},{\"@type\":\"Organization\",\"@id\":\"https:\/\/noti-america.com\/site\/espana\/#organization\",\"name\":\"Noti-America LLC | Espa\u00f1a\",\"url\":\"https:\/\/noti-america.com\/site\/espana\/\",\"logo\":{\"@type\":\"ImageObject\",\"inLanguage\":\"es\",\"@id\":\"https:\/\/noti-america.com\/site\/espana\/#\/schema\/logo\/image\/\",\"url\":\"https:\/\/noti-america.com\/site\/espana\/wp-content\/uploads\/sites\/25\/2020\/07\/LogoNA-4x3-1.jpg\",\"contentUrl\":\"https:\/\/noti-america.com\/site\/espana\/wp-content\/uploads\/sites\/25\/2020\/07\/LogoNA-4x3-1.jpg\",\"width\":1236,\"height\":1080,\"caption\":\"Noti-America LLC | Espa\u00f1a\"},\"image\":{\"@id\":\"https:\/\/noti-america.com\/site\/espana\/#\/schema\/logo\/image\/\"},\"sameAs\":[\"https:\/\/x.com\/notiamerica\"]},{\"@type\":\"Person\",\"@id\":\"https:\/\/noti-america.com\/site\/espana\/#\/schema\/person\/a2e478ba496331ce89bcd0c731cd6533\",\"name\":\"rloaiza\",\"image\":{\"@type\":\"ImageObject\",\"inLanguage\":\"es\",\"@id\":\"https:\/\/secure.gravatar.com\/avatar\/190058e5d4427934610b99c45aa7a6558806850adedd53ddeddd194b04773e22?s=96&d=mm&r=g\",\"url\":\"https:\/\/secure.gravatar.com\/avatar\/190058e5d4427934610b99c45aa7a6558806850adedd53ddeddd194b04773e22?s=96&d=mm&r=g\",\"contentUrl\":\"https:\/\/secure.gravatar.com\/avatar\/190058e5d4427934610b99c45aa7a6558806850adedd53ddeddd194b04773e22?s=96&d=mm&r=g\",\"caption\":\"rloaiza\"},\"url\":\"https:\/\/noti-america.com\/site\/espana\/author\/rloaiza\/\"}]}<\/script>\n<!-- \/ Yoast SEO Premium plugin. -->","yoast_head_json":{"title":"LAS CLAVES DE LAS PREVISIONES ECON\u00d3MICAS DE PRIMAVERA DE 2021 por Redacci\u00f3n - Espa\u00f1a | Noti-America.com","robots":{"index":"index","follow":"follow","max-snippet":"max-snippet:-1","max-image-preview":"max-image-preview:large","max-video-preview":"max-video-preview:-1"},"canonical":"https:\/\/noti-america.com\/site\/espana\/2021\/05\/12\/las-claves-de-las-previsiones-economicas-de-primavera-de-2021-por-redaccion\/","og_locale":"es_ES","og_type":"article","og_title":"LAS CLAVES DE LAS PREVISIONES ECON\u00d3MICAS DE PRIMAVERA DE 2021 por Redacci\u00f3n","og_description":"NOTI-AMERICA | ESPANA www.aquieuropa.com LAS CLAVES DE LAS PREVISIONES ECON\u00d3MICAS DE PRIMAVERA DE 2021 por Redacci\u00f3n Las previsiones econ\u00f3micas de primavera 2021 son un conjunto de supuestos t\u00e9cnicos relacionados con los tipos de cambio,&#46;&#46;&#46;","og_url":"https:\/\/noti-america.com\/site\/espana\/2021\/05\/12\/las-claves-de-las-previsiones-economicas-de-primavera-de-2021-por-redaccion\/","og_site_name":"Espa\u00f1a | Noti-America.com","article_published_time":"2021-05-12T19:12:45+00:00","article_modified_time":"2021-05-12T23:12:53+00:00","og_image":[{"url":"https:\/\/noti-america.com\/site\/espana\/wp-content\/uploads\/sites\/25\/2021\/05\/paolo-gentiloni-comisario-de-economia.jpg","width":1,"height":1,"type":"image\/jpeg"}],"author":"rloaiza","twitter_card":"summary_large_image","twitter_creator":"@notiamerica","twitter_site":"@notiamerica","twitter_misc":{"Escrito por":"rloaiza","Tiempo estimado de lectura":"4 minutos"},"schema":{"@context":"https:\/\/schema.org","@graph":[{"@type":"Article","@id":"https:\/\/noti-america.com\/site\/espana\/2021\/05\/12\/las-claves-de-las-previsiones-economicas-de-primavera-de-2021-por-redaccion\/#article","isPartOf":{"@id":"https:\/\/noti-america.com\/site\/espana\/2021\/05\/12\/las-claves-de-las-previsiones-economicas-de-primavera-de-2021-por-redaccion\/"},"author":{"name":"rloaiza","@id":"https:\/\/noti-america.com\/site\/espana\/#\/schema\/person\/a2e478ba496331ce89bcd0c731cd6533"},"headline":"LAS CLAVES DE LAS PREVISIONES ECON\u00d3MICAS DE PRIMAVERA DE 2021 por Redacci\u00f3n","datePublished":"2021-05-12T19:12:45+00:00","dateModified":"2021-05-12T23:12:53+00:00","mainEntityOfPage":{"@id":"https:\/\/noti-america.com\/site\/espana\/2021\/05\/12\/las-claves-de-las-previsiones-economicas-de-primavera-de-2021-por-redaccion\/"},"wordCount":907,"commentCount":0,"publisher":{"@id":"https:\/\/noti-america.com\/site\/espana\/#organization"},"image":{"@id":"https:\/\/noti-america.com\/site\/espana\/2021\/05\/12\/las-claves-de-las-previsiones-economicas-de-primavera-de-2021-por-redaccion\/#primaryimage"},"thumbnailUrl":"https:\/\/noti-america.com\/site\/espana\/wp-content\/uploads\/sites\/25\/2021\/05\/paolo-gentiloni-comisario-de-economia.jpg","articleSection":["Econom\u00eda"],"inLanguage":"es","potentialAction":[{"@type":"CommentAction","name":"Comment","target":["https:\/\/noti-america.com\/site\/espana\/2021\/05\/12\/las-claves-de-las-previsiones-economicas-de-primavera-de-2021-por-redaccion\/#respond"]}]},{"@type":"WebPage","@id":"https:\/\/noti-america.com\/site\/espana\/2021\/05\/12\/las-claves-de-las-previsiones-economicas-de-primavera-de-2021-por-redaccion\/","url":"https:\/\/noti-america.com\/site\/espana\/2021\/05\/12\/las-claves-de-las-previsiones-economicas-de-primavera-de-2021-por-redaccion\/","name":"LAS CLAVES DE LAS PREVISIONES ECON\u00d3MICAS DE PRIMAVERA DE 2021 por Redacci\u00f3n - Espa\u00f1a | Noti-America.com","isPartOf":{"@id":"https:\/\/noti-america.com\/site\/espana\/#website"},"primaryImageOfPage":{"@id":"https:\/\/noti-america.com\/site\/espana\/2021\/05\/12\/las-claves-de-las-previsiones-economicas-de-primavera-de-2021-por-redaccion\/#primaryimage"},"image":{"@id":"https:\/\/noti-america.com\/site\/espana\/2021\/05\/12\/las-claves-de-las-previsiones-economicas-de-primavera-de-2021-por-redaccion\/#primaryimage"},"thumbnailUrl":"https:\/\/noti-america.com\/site\/espana\/wp-content\/uploads\/sites\/25\/2021\/05\/paolo-gentiloni-comisario-de-economia.jpg","datePublished":"2021-05-12T19:12:45+00:00","dateModified":"2021-05-12T23:12:53+00:00","breadcrumb":{"@id":"https:\/\/noti-america.com\/site\/espana\/2021\/05\/12\/las-claves-de-las-previsiones-economicas-de-primavera-de-2021-por-redaccion\/#breadcrumb"},"inLanguage":"es","potentialAction":[{"@type":"ReadAction","target":["https:\/\/noti-america.com\/site\/espana\/2021\/05\/12\/las-claves-de-las-previsiones-economicas-de-primavera-de-2021-por-redaccion\/"]}]},{"@type":"ImageObject","inLanguage":"es","@id":"https:\/\/noti-america.com\/site\/espana\/2021\/05\/12\/las-claves-de-las-previsiones-economicas-de-primavera-de-2021-por-redaccion\/#primaryimage","url":"https:\/\/noti-america.com\/site\/espana\/wp-content\/uploads\/sites\/25\/2021\/05\/paolo-gentiloni-comisario-de-economia.jpg","contentUrl":"https:\/\/noti-america.com\/site\/espana\/wp-content\/uploads\/sites\/25\/2021\/05\/paolo-gentiloni-comisario-de-economia.jpg"},{"@type":"BreadcrumbList","@id":"https:\/\/noti-america.com\/site\/espana\/2021\/05\/12\/las-claves-de-las-previsiones-economicas-de-primavera-de-2021-por-redaccion\/#breadcrumb","itemListElement":[{"@type":"ListItem","position":1,"name":"Portada","item":"https:\/\/noti-america.com\/site\/espana\/"},{"@type":"ListItem","position":2,"name":"LAS CLAVES DE LAS PREVISIONES ECON\u00d3MICAS DE PRIMAVERA DE 2021 por Redacci\u00f3n"}]},{"@type":"WebSite","@id":"https:\/\/noti-america.com\/site\/espana\/#website","url":"https:\/\/noti-america.com\/site\/espana\/","name":"Espa\u00f1a | Noti-America.com","description":"","publisher":{"@id":"https:\/\/noti-america.com\/site\/espana\/#organization"},"potentialAction":[{"@type":"SearchAction","target":{"@type":"EntryPoint","urlTemplate":"https:\/\/noti-america.com\/site\/espana\/?s={search_term_string}"},"query-input":{"@type":"PropertyValueSpecification","valueRequired":true,"valueName":"search_term_string"}}],"inLanguage":"es"},{"@type":"Organization","@id":"https:\/\/noti-america.com\/site\/espana\/#organization","name":"Noti-America LLC | Espa\u00f1a","url":"https:\/\/noti-america.com\/site\/espana\/","logo":{"@type":"ImageObject","inLanguage":"es","@id":"https:\/\/noti-america.com\/site\/espana\/#\/schema\/logo\/image\/","url":"https:\/\/noti-america.com\/site\/espana\/wp-content\/uploads\/sites\/25\/2020\/07\/LogoNA-4x3-1.jpg","contentUrl":"https:\/\/noti-america.com\/site\/espana\/wp-content\/uploads\/sites\/25\/2020\/07\/LogoNA-4x3-1.jpg","width":1236,"height":1080,"caption":"Noti-America LLC | Espa\u00f1a"},"image":{"@id":"https:\/\/noti-america.com\/site\/espana\/#\/schema\/logo\/image\/"},"sameAs":["https:\/\/x.com\/notiamerica"]},{"@type":"Person","@id":"https:\/\/noti-america.com\/site\/espana\/#\/schema\/person\/a2e478ba496331ce89bcd0c731cd6533","name":"rloaiza","image":{"@type":"ImageObject","inLanguage":"es","@id":"https:\/\/secure.gravatar.com\/avatar\/190058e5d4427934610b99c45aa7a6558806850adedd53ddeddd194b04773e22?s=96&d=mm&r=g","url":"https:\/\/secure.gravatar.com\/avatar\/190058e5d4427934610b99c45aa7a6558806850adedd53ddeddd194b04773e22?s=96&d=mm&r=g","contentUrl":"https:\/\/secure.gravatar.com\/avatar\/190058e5d4427934610b99c45aa7a6558806850adedd53ddeddd194b04773e22?s=96&d=mm&r=g","caption":"rloaiza"},"url":"https:\/\/noti-america.com\/site\/espana\/author\/rloaiza\/"}]}},"_links":{"self":[{"href":"https:\/\/noti-america.com\/site\/espana\/wp-json\/wp\/v2\/posts\/4830","targetHints":{"allow":["GET"]}}],"collection":[{"href":"https:\/\/noti-america.com\/site\/espana\/wp-json\/wp\/v2\/posts"}],"about":[{"href":"https:\/\/noti-america.com\/site\/espana\/wp-json\/wp\/v2\/types\/post"}],"author":[{"embeddable":true,"href":"https:\/\/noti-america.com\/site\/espana\/wp-json\/wp\/v2\/users\/2"}],"replies":[{"embeddable":true,"href":"https:\/\/noti-america.com\/site\/espana\/wp-json\/wp\/v2\/comments?post=4830"}],"version-history":[{"count":1,"href":"https:\/\/noti-america.com\/site\/espana\/wp-json\/wp\/v2\/posts\/4830\/revisions"}],"predecessor-version":[{"id":4832,"href":"https:\/\/noti-america.com\/site\/espana\/wp-json\/wp\/v2\/posts\/4830\/revisions\/4832"}],"wp:featuredmedia":[{"embeddable":true,"href":"https:\/\/noti-america.com\/site\/espana\/wp-json\/wp\/v2\/media\/4831"}],"wp:attachment":[{"href":"https:\/\/noti-america.com\/site\/espana\/wp-json\/wp\/v2\/media?parent=4830"}],"wp:term":[{"taxonomy":"category","embeddable":true,"href":"https:\/\/noti-america.com\/site\/espana\/wp-json\/wp\/v2\/categories?post=4830"},{"taxonomy":"post_tag","embeddable":true,"href":"https:\/\/noti-america.com\/site\/espana\/wp-json\/wp\/v2\/tags?post=4830"}],"curies":[{"name":"wp","href":"https:\/\/api.w.org\/{rel}","templated":true}]}}