{"id":4788,"date":"2021-05-04T09:00:49","date_gmt":"2021-05-04T09:00:49","guid":{"rendered":"https:\/\/noti-america.com\/site\/espana\/2021\/05\/04\/mas-de-70-cursos-del-sepe-con-inicio-en-mayo-para-los-autonomos-y-autonomas\/"},"modified":"2021-05-04T13:01:03","modified_gmt":"2021-05-04T13:01:03","slug":"mas-de-70-cursos-del-sepe-con-inicio-en-mayo-para-los-autonomos-y-autonomas","status":"publish","type":"post","link":"https:\/\/noti-america.com\/site\/espana\/2021\/05\/04\/mas-de-70-cursos-del-sepe-con-inicio-en-mayo-para-los-autonomos-y-autonomas\/","title":{"rendered":"M\u00e1s de 70 cursos del SEPE con inicio en mayo para los aut\u00f3nomos y aut\u00f3nomas"},"content":{"rendered":"<p style=\"text-align: justify;\">Nota de Prensa<\/p>\n<p style=\"text-align: justify;\"><strong>El Servicio P\u00fablico de Empleo Estatal (SEPE) ofrece m\u00e1s de 70 cursos de formaci\u00f3n 100% subvencionada, con titulaci\u00f3n reconocida, pensados para generar nuevas fortalezas adaptadas a las necesidades del mercado de trabajo actual<\/strong><\/p>\n<p style=\"text-align: justify;\">Seg\u00fan datos publicados por la Federaci\u00f3n Nacional De Aut\u00f3nomos (ATA) el R\u00e9gimen Especial de Trabajadores Aut\u00f3nomos (RETA) ha perdido en el mes de enero, de este a\u00f1o, 14.668 aut\u00f3nomos, lo que supone una p\u00e9rdida porcentual de un 0,4%.<\/p>\n<p style=\"text-align: justify;\">A la espera de ayudas directas que fortalezcan un tejido empresarial agotado, la formaci\u00f3n es un recurso para que los aut\u00f3nomos y aut\u00f3nomas puedan salir reforzados de esta situaci\u00f3n. Muchas\u00a0<a href=\"https:\/\/www.cursosfemxa.es\/cursos-online-gratuitos-autonomos?utm_source=terceros&amp;utm_medium=email&amp;utm_campaign=Comunicae2021\" target=\"_blank\" rel=\"noopener noreferrer\">pymes y aut\u00f3nomos<\/a>\u00a0no saldr\u00e1n adelante sin mejorar sus habilidades digitales, esto ha dejado de ser una opci\u00f3n, ya que teletrabajar, resolver un problema con un cliente o buscar informaci\u00f3n por internet no puede suponer una gesti\u00f3n de horas y horas.<\/p>\n<p style=\"text-align: justify;\">Aumentar la competitividad y los ingresos, o disminuir los gastos, tiene que ser una de las claves para mantener la actividad empresarial, en una situaci\u00f3n como la actual.<\/p>\n<p style=\"text-align: justify;\">Aprender a realizar tr\u00e1mites online con las distintas administraciones, entender c\u00f3mo funciona un negocio online,\u00a0<a href=\"https:\/\/www.cursosfemxa.es\/cursos-online-gratuitos-autonomos?utm_source=terceros&amp;utm_medium=email&amp;utm_campaign=Comunicae2021\" target=\"_blank\" rel=\"noopener noreferrer\">aprender a posicionar una marca para que los clientes la encuentren<\/a>, digitalizar facturas, gestionar proyectos de una forma eficaz, tomar decisiones analizando los costes que supone cada paso, son algunas de las competencias donde es importante empezar a ser pr\u00e1cticos para ahorrar un tiempo muy valioso en desplazamientos, colas y consultas.<\/p>\n<p style=\"text-align: justify;\">A lo largo de este mes de mayo iniciar\u00e1n\u00a0<a href=\"https:\/\/www.cursosfemxa.es\/cursos-online-gratuitos-autonomos?utm_source=terceros&amp;utm_medium=email&amp;utm_campaign=Comunicae2021\" target=\"_blank\" rel=\"noopener noreferrer\">m\u00e1s de 70 cursos de formaci\u00f3n<\/a>\u00a0subvencionada por el\u00a0<strong>Ministerio de Trabajo y Econom\u00eda Social<\/strong>\u00a0donde los aut\u00f3nom@s podr\u00e1n elegir entre diversas \u00e1reas formativas para la mejora la\u00a0<strong>capacitaci\u00f3n y la cualificaci\u00f3n<\/strong>\u00a0<strong>profesional\u00a0<\/strong>generando nuevas fortalezas para enfrentarse a las necesidades del mercado de trabajo actual.<\/p>\n<p style=\"text-align: justify;\">Esta formaci\u00f3n es completamente gratuita al estar 100% subvencionada por el Ministerio de Trabajo y Econom\u00eda Social. No supone ning\u00fan coste econ\u00f3mico para las personas participantes.<\/p>\n<p style=\"text-align: justify;\">Los cursos se imparten en modalidad online o aula virtual, para que se puedan realizar sin necesidad de desplazamiento y ayudando, de esta forma, a la conciliaci\u00f3n familiar y dando un paso m\u00e1s hacia la digitalizaci\u00f3n.<\/p>\n<p style=\"text-align: justify;\">Todos los cursos son\u00a0<strong>especialidades reconocidas por el SEPE con diploma al finalizar la formaci\u00f3n.<\/strong><\/p>\n<p style=\"text-align: justify;\">Las plazas son limitadas y la<strong>\u00a0consulta o inscripci\u00f3n<\/strong>, que ya se encuentra abierta, se pueden realizar desde la siguiente p\u00e1gina web:\u00a0<a href=\"https:\/\/www.cursosfemxa.es\/AutonomosFormacion\" target=\"_blank\" rel=\"noopener noreferrer\">https:\/\/www.cursosfemxa.es\/AutonomosFormacion<\/a><\/p>\n<p style=\"text-align: justify;\">Para cualquier consulta o duda est\u00e1 a disposici\u00f3n de cualquier persona interesada el tel\u00e9fono gratuito al 900 100 957 y el correo electr\u00f3nico\u00a0<a href=\"mailto:atencionalumno@femxa.com\" rel=\"noreferrer\">atencionalumno@femxa.com<\/a><\/p>\n","protected":false},"excerpt":{"rendered":"<p>Nota de Prensa El Servicio P\u00fablico de Empleo Estatal (SEPE) ofrece m\u00e1s de 70 cursos de formaci\u00f3n 100% subvencionada, con titulaci\u00f3n reconocida, pensados para generar nuevas fortalezas adaptadas a las necesidades del mercado de&#46;&#46;&#46;<\/p>\n","protected":false},"author":1,"featured_media":4789,"comment_status":"open","ping_status":"open","sticky":false,"template":"","format":"image","meta":{"_acf_changed":false,"om_disable_all_campaigns":false,"rop_custom_images_group":[],"rop_custom_messages_group":[],"rop_publish_now":"initial","rop_publish_now_accounts":[],"rop_publish_now_history":[],"rop_publish_now_status":"pending","_uf_show_specific_survey":0,"_uf_disable_surveys":false,"footnotes":""},"categories":[136,151],"tags":[],"class_list":["post-4788","post","type-post","status-publish","format-image","has-post-thumbnail","hentry","category-actualidad","category-recursos-humanos","post_format-post-format-image"],"acf":[],"aioseo_notices":[],"yoast_head":"<!-- This site is optimized with the Yoast SEO Premium plugin v24.9 (Yoast SEO v27.2) - https:\/\/yoast.com\/product\/yoast-seo-premium-wordpress\/ -->\n<title>M\u00e1s de 70 cursos del SEPE con inicio en mayo para los aut\u00f3nomos y aut\u00f3nomas - Espa\u00f1a | Noti-America.com<\/title>\n<meta name=\"robots\" content=\"index, follow, max-snippet:-1, max-image-preview:large, max-video-preview:-1\" \/>\n<link rel=\"canonical\" href=\"https:\/\/noti-america.com\/site\/espana\/2021\/05\/04\/mas-de-70-cursos-del-sepe-con-inicio-en-mayo-para-los-autonomos-y-autonomas\/\" \/>\n<meta property=\"og:locale\" content=\"es_ES\" \/>\n<meta property=\"og:type\" content=\"article\" \/>\n<meta property=\"og:title\" content=\"M\u00e1s de 70 cursos del SEPE con inicio en mayo para los aut\u00f3nomos y aut\u00f3nomas\" \/>\n<meta property=\"og:description\" content=\"Nota de Prensa El Servicio P\u00fablico de Empleo Estatal (SEPE) ofrece m\u00e1s de 70 cursos de formaci\u00f3n 100% subvencionada, con titulaci\u00f3n reconocida, pensados para generar nuevas fortalezas adaptadas a las necesidades del mercado de&#046;&#046;&#046;\" \/>\n<meta property=\"og:url\" content=\"https:\/\/noti-america.com\/site\/espana\/2021\/05\/04\/mas-de-70-cursos-del-sepe-con-inicio-en-mayo-para-los-autonomos-y-autonomas\/\" \/>\n<meta property=\"og:site_name\" content=\"Espa\u00f1a | Noti-America.com\" \/>\n<meta property=\"article:published_time\" content=\"2021-05-04T09:00:49+00:00\" \/>\n<meta property=\"article:modified_time\" content=\"2021-05-04T13:01:03+00:00\" \/>\n<meta property=\"og:image\" content=\"https:\/\/noti-america.com\/site\/espana\/wp-content\/uploads\/sites\/25\/2021\/05\/1620110770_Formacionautonomos-1.png\" \/>\n\t<meta property=\"og:image:width\" content=\"600\" \/>\n\t<meta property=\"og:image:height\" content=\"400\" \/>\n\t<meta property=\"og:image:type\" content=\"image\/png\" \/>\n<meta name=\"author\" content=\"Rosmer Herrera\" \/>\n<meta name=\"twitter:card\" content=\"summary_large_image\" \/>\n<meta name=\"twitter:creator\" content=\"@notiamerica\" \/>\n<meta name=\"twitter:site\" content=\"@notiamerica\" \/>\n<meta name=\"twitter:label1\" content=\"Escrito por\" \/>\n\t<meta name=\"twitter:data1\" content=\"Rosmer Herrera\" \/>\n\t<meta name=\"twitter:label2\" content=\"Tiempo estimado de lectura\" \/>\n\t<meta name=\"twitter:data2\" content=\"2 minutos\" \/>\n<script type=\"application\/ld+json\" class=\"yoast-schema-graph\">{\"@context\":\"https:\/\/schema.org\",\"@graph\":[{\"@type\":\"Article\",\"@id\":\"https:\/\/noti-america.com\/site\/espana\/2021\/05\/04\/mas-de-70-cursos-del-sepe-con-inicio-en-mayo-para-los-autonomos-y-autonomas\/#article\",\"isPartOf\":{\"@id\":\"https:\/\/noti-america.com\/site\/espana\/2021\/05\/04\/mas-de-70-cursos-del-sepe-con-inicio-en-mayo-para-los-autonomos-y-autonomas\/\"},\"author\":{\"name\":\"Rosmer Herrera\",\"@id\":\"https:\/\/noti-america.com\/site\/espana\/#\/schema\/person\/fd58dbfb92a257e9dc5761bf69a855ff\"},\"headline\":\"M\u00e1s de 70 cursos del SEPE con inicio en mayo para los aut\u00f3nomos y aut\u00f3nomas\",\"datePublished\":\"2021-05-04T09:00:49+00:00\",\"dateModified\":\"2021-05-04T13:01:03+00:00\",\"mainEntityOfPage\":{\"@id\":\"https:\/\/noti-america.com\/site\/espana\/2021\/05\/04\/mas-de-70-cursos-del-sepe-con-inicio-en-mayo-para-los-autonomos-y-autonomas\/\"},\"wordCount\":479,\"commentCount\":0,\"publisher\":{\"@id\":\"https:\/\/noti-america.com\/site\/espana\/#organization\"},\"image\":{\"@id\":\"https:\/\/noti-america.com\/site\/espana\/2021\/05\/04\/mas-de-70-cursos-del-sepe-con-inicio-en-mayo-para-los-autonomos-y-autonomas\/#primaryimage\"},\"thumbnailUrl\":\"https:\/\/noti-america.com\/site\/espana\/wp-content\/uploads\/sites\/25\/2021\/05\/1620110770_Formacionautonomos-1.png\",\"articleSection\":[\"Actualidad\",\"Recursos Humanos\"],\"inLanguage\":\"es\",\"potentialAction\":[{\"@type\":\"CommentAction\",\"name\":\"Comment\",\"target\":[\"https:\/\/noti-america.com\/site\/espana\/2021\/05\/04\/mas-de-70-cursos-del-sepe-con-inicio-en-mayo-para-los-autonomos-y-autonomas\/#respond\"]}]},{\"@type\":\"WebPage\",\"@id\":\"https:\/\/noti-america.com\/site\/espana\/2021\/05\/04\/mas-de-70-cursos-del-sepe-con-inicio-en-mayo-para-los-autonomos-y-autonomas\/\",\"url\":\"https:\/\/noti-america.com\/site\/espana\/2021\/05\/04\/mas-de-70-cursos-del-sepe-con-inicio-en-mayo-para-los-autonomos-y-autonomas\/\",\"name\":\"M\u00e1s de 70 cursos del SEPE con inicio en mayo para los aut\u00f3nomos y aut\u00f3nomas - Espa\u00f1a | Noti-America.com\",\"isPartOf\":{\"@id\":\"https:\/\/noti-america.com\/site\/espana\/#website\"},\"primaryImageOfPage\":{\"@id\":\"https:\/\/noti-america.com\/site\/espana\/2021\/05\/04\/mas-de-70-cursos-del-sepe-con-inicio-en-mayo-para-los-autonomos-y-autonomas\/#primaryimage\"},\"image\":{\"@id\":\"https:\/\/noti-america.com\/site\/espana\/2021\/05\/04\/mas-de-70-cursos-del-sepe-con-inicio-en-mayo-para-los-autonomos-y-autonomas\/#primaryimage\"},\"thumbnailUrl\":\"https:\/\/noti-america.com\/site\/espana\/wp-content\/uploads\/sites\/25\/2021\/05\/1620110770_Formacionautonomos-1.png\",\"datePublished\":\"2021-05-04T09:00:49+00:00\",\"dateModified\":\"2021-05-04T13:01:03+00:00\",\"breadcrumb\":{\"@id\":\"https:\/\/noti-america.com\/site\/espana\/2021\/05\/04\/mas-de-70-cursos-del-sepe-con-inicio-en-mayo-para-los-autonomos-y-autonomas\/#breadcrumb\"},\"inLanguage\":\"es\",\"potentialAction\":[{\"@type\":\"ReadAction\",\"target\":[\"https:\/\/noti-america.com\/site\/espana\/2021\/05\/04\/mas-de-70-cursos-del-sepe-con-inicio-en-mayo-para-los-autonomos-y-autonomas\/\"]}]},{\"@type\":\"ImageObject\",\"inLanguage\":\"es\",\"@id\":\"https:\/\/noti-america.com\/site\/espana\/2021\/05\/04\/mas-de-70-cursos-del-sepe-con-inicio-en-mayo-para-los-autonomos-y-autonomas\/#primaryimage\",\"url\":\"https:\/\/noti-america.com\/site\/espana\/wp-content\/uploads\/sites\/25\/2021\/05\/1620110770_Formacionautonomos-1.png\",\"contentUrl\":\"https:\/\/noti-america.com\/site\/espana\/wp-content\/uploads\/sites\/25\/2021\/05\/1620110770_Formacionautonomos-1.png\",\"width\":600,\"height\":400},{\"@type\":\"BreadcrumbList\",\"@id\":\"https:\/\/noti-america.com\/site\/espana\/2021\/05\/04\/mas-de-70-cursos-del-sepe-con-inicio-en-mayo-para-los-autonomos-y-autonomas\/#breadcrumb\",\"itemListElement\":[{\"@type\":\"ListItem\",\"position\":1,\"name\":\"Portada\",\"item\":\"https:\/\/noti-america.com\/site\/espana\/\"},{\"@type\":\"ListItem\",\"position\":2,\"name\":\"M\u00e1s de 70 cursos del SEPE con inicio en mayo para los aut\u00f3nomos y aut\u00f3nomas\"}]},{\"@type\":\"WebSite\",\"@id\":\"https:\/\/noti-america.com\/site\/espana\/#website\",\"url\":\"https:\/\/noti-america.com\/site\/espana\/\",\"name\":\"Espa\u00f1a | Noti-America.com\",\"description\":\"\",\"publisher\":{\"@id\":\"https:\/\/noti-america.com\/site\/espana\/#organization\"},\"potentialAction\":[{\"@type\":\"SearchAction\",\"target\":{\"@type\":\"EntryPoint\",\"urlTemplate\":\"https:\/\/noti-america.com\/site\/espana\/?s={search_term_string}\"},\"query-input\":{\"@type\":\"PropertyValueSpecification\",\"valueRequired\":true,\"valueName\":\"search_term_string\"}}],\"inLanguage\":\"es\"},{\"@type\":\"Organization\",\"@id\":\"https:\/\/noti-america.com\/site\/espana\/#organization\",\"name\":\"Noti-America LLC | Espa\u00f1a\",\"url\":\"https:\/\/noti-america.com\/site\/espana\/\",\"logo\":{\"@type\":\"ImageObject\",\"inLanguage\":\"es\",\"@id\":\"https:\/\/noti-america.com\/site\/espana\/#\/schema\/logo\/image\/\",\"url\":\"https:\/\/noti-america.com\/site\/espana\/wp-content\/uploads\/sites\/25\/2020\/07\/LogoNA-4x3-1.jpg\",\"contentUrl\":\"https:\/\/noti-america.com\/site\/espana\/wp-content\/uploads\/sites\/25\/2020\/07\/LogoNA-4x3-1.jpg\",\"width\":1236,\"height\":1080,\"caption\":\"Noti-America LLC | Espa\u00f1a\"},\"image\":{\"@id\":\"https:\/\/noti-america.com\/site\/espana\/#\/schema\/logo\/image\/\"},\"sameAs\":[\"https:\/\/x.com\/notiamerica\"]},{\"@type\":\"Person\",\"@id\":\"https:\/\/noti-america.com\/site\/espana\/#\/schema\/person\/fd58dbfb92a257e9dc5761bf69a855ff\",\"name\":\"Rosmer Herrera\",\"image\":{\"@type\":\"ImageObject\",\"inLanguage\":\"es\",\"@id\":\"https:\/\/secure.gravatar.com\/avatar\/153e75c261394dbf20ff1a1e70ea2be9494f2b40b7fc4e7704084db13220ae08?s=96&d=mm&r=g\",\"url\":\"https:\/\/secure.gravatar.com\/avatar\/153e75c261394dbf20ff1a1e70ea2be9494f2b40b7fc4e7704084db13220ae08?s=96&d=mm&r=g\",\"contentUrl\":\"https:\/\/secure.gravatar.com\/avatar\/153e75c261394dbf20ff1a1e70ea2be9494f2b40b7fc4e7704084db13220ae08?s=96&d=mm&r=g\",\"caption\":\"Rosmer Herrera\"},\"url\":\"https:\/\/noti-america.com\/site\/espana\/author\/rosmer33\/\"}]}<\/script>\n<!-- \/ Yoast SEO Premium plugin. -->","yoast_head_json":{"title":"M\u00e1s de 70 cursos del SEPE con inicio en mayo para los aut\u00f3nomos y aut\u00f3nomas - Espa\u00f1a | Noti-America.com","robots":{"index":"index","follow":"follow","max-snippet":"max-snippet:-1","max-image-preview":"max-image-preview:large","max-video-preview":"max-video-preview:-1"},"canonical":"https:\/\/noti-america.com\/site\/espana\/2021\/05\/04\/mas-de-70-cursos-del-sepe-con-inicio-en-mayo-para-los-autonomos-y-autonomas\/","og_locale":"es_ES","og_type":"article","og_title":"M\u00e1s de 70 cursos del SEPE con inicio en mayo para los aut\u00f3nomos y aut\u00f3nomas","og_description":"Nota de Prensa El Servicio P\u00fablico de Empleo Estatal (SEPE) ofrece m\u00e1s de 70 cursos de formaci\u00f3n 100% subvencionada, con titulaci\u00f3n reconocida, pensados para generar nuevas fortalezas adaptadas a las necesidades del mercado de&#46;&#46;&#46;","og_url":"https:\/\/noti-america.com\/site\/espana\/2021\/05\/04\/mas-de-70-cursos-del-sepe-con-inicio-en-mayo-para-los-autonomos-y-autonomas\/","og_site_name":"Espa\u00f1a | Noti-America.com","article_published_time":"2021-05-04T09:00:49+00:00","article_modified_time":"2021-05-04T13:01:03+00:00","og_image":[{"width":600,"height":400,"url":"https:\/\/noti-america.com\/site\/espana\/wp-content\/uploads\/sites\/25\/2021\/05\/1620110770_Formacionautonomos-1.png","type":"image\/png"}],"author":"Rosmer Herrera","twitter_card":"summary_large_image","twitter_creator":"@notiamerica","twitter_site":"@notiamerica","twitter_misc":{"Escrito por":"Rosmer Herrera","Tiempo estimado de lectura":"2 minutos"},"schema":{"@context":"https:\/\/schema.org","@graph":[{"@type":"Article","@id":"https:\/\/noti-america.com\/site\/espana\/2021\/05\/04\/mas-de-70-cursos-del-sepe-con-inicio-en-mayo-para-los-autonomos-y-autonomas\/#article","isPartOf":{"@id":"https:\/\/noti-america.com\/site\/espana\/2021\/05\/04\/mas-de-70-cursos-del-sepe-con-inicio-en-mayo-para-los-autonomos-y-autonomas\/"},"author":{"name":"Rosmer Herrera","@id":"https:\/\/noti-america.com\/site\/espana\/#\/schema\/person\/fd58dbfb92a257e9dc5761bf69a855ff"},"headline":"M\u00e1s de 70 cursos del SEPE con inicio en mayo para los aut\u00f3nomos y aut\u00f3nomas","datePublished":"2021-05-04T09:00:49+00:00","dateModified":"2021-05-04T13:01:03+00:00","mainEntityOfPage":{"@id":"https:\/\/noti-america.com\/site\/espana\/2021\/05\/04\/mas-de-70-cursos-del-sepe-con-inicio-en-mayo-para-los-autonomos-y-autonomas\/"},"wordCount":479,"commentCount":0,"publisher":{"@id":"https:\/\/noti-america.com\/site\/espana\/#organization"},"image":{"@id":"https:\/\/noti-america.com\/site\/espana\/2021\/05\/04\/mas-de-70-cursos-del-sepe-con-inicio-en-mayo-para-los-autonomos-y-autonomas\/#primaryimage"},"thumbnailUrl":"https:\/\/noti-america.com\/site\/espana\/wp-content\/uploads\/sites\/25\/2021\/05\/1620110770_Formacionautonomos-1.png","articleSection":["Actualidad","Recursos Humanos"],"inLanguage":"es","potentialAction":[{"@type":"CommentAction","name":"Comment","target":["https:\/\/noti-america.com\/site\/espana\/2021\/05\/04\/mas-de-70-cursos-del-sepe-con-inicio-en-mayo-para-los-autonomos-y-autonomas\/#respond"]}]},{"@type":"WebPage","@id":"https:\/\/noti-america.com\/site\/espana\/2021\/05\/04\/mas-de-70-cursos-del-sepe-con-inicio-en-mayo-para-los-autonomos-y-autonomas\/","url":"https:\/\/noti-america.com\/site\/espana\/2021\/05\/04\/mas-de-70-cursos-del-sepe-con-inicio-en-mayo-para-los-autonomos-y-autonomas\/","name":"M\u00e1s de 70 cursos del SEPE con inicio en mayo para los aut\u00f3nomos y aut\u00f3nomas - Espa\u00f1a | Noti-America.com","isPartOf":{"@id":"https:\/\/noti-america.com\/site\/espana\/#website"},"primaryImageOfPage":{"@id":"https:\/\/noti-america.com\/site\/espana\/2021\/05\/04\/mas-de-70-cursos-del-sepe-con-inicio-en-mayo-para-los-autonomos-y-autonomas\/#primaryimage"},"image":{"@id":"https:\/\/noti-america.com\/site\/espana\/2021\/05\/04\/mas-de-70-cursos-del-sepe-con-inicio-en-mayo-para-los-autonomos-y-autonomas\/#primaryimage"},"thumbnailUrl":"https:\/\/noti-america.com\/site\/espana\/wp-content\/uploads\/sites\/25\/2021\/05\/1620110770_Formacionautonomos-1.png","datePublished":"2021-05-04T09:00:49+00:00","dateModified":"2021-05-04T13:01:03+00:00","breadcrumb":{"@id":"https:\/\/noti-america.com\/site\/espana\/2021\/05\/04\/mas-de-70-cursos-del-sepe-con-inicio-en-mayo-para-los-autonomos-y-autonomas\/#breadcrumb"},"inLanguage":"es","potentialAction":[{"@type":"ReadAction","target":["https:\/\/noti-america.com\/site\/espana\/2021\/05\/04\/mas-de-70-cursos-del-sepe-con-inicio-en-mayo-para-los-autonomos-y-autonomas\/"]}]},{"@type":"ImageObject","inLanguage":"es","@id":"https:\/\/noti-america.com\/site\/espana\/2021\/05\/04\/mas-de-70-cursos-del-sepe-con-inicio-en-mayo-para-los-autonomos-y-autonomas\/#primaryimage","url":"https:\/\/noti-america.com\/site\/espana\/wp-content\/uploads\/sites\/25\/2021\/05\/1620110770_Formacionautonomos-1.png","contentUrl":"https:\/\/noti-america.com\/site\/espana\/wp-content\/uploads\/sites\/25\/2021\/05\/1620110770_Formacionautonomos-1.png","width":600,"height":400},{"@type":"BreadcrumbList","@id":"https:\/\/noti-america.com\/site\/espana\/2021\/05\/04\/mas-de-70-cursos-del-sepe-con-inicio-en-mayo-para-los-autonomos-y-autonomas\/#breadcrumb","itemListElement":[{"@type":"ListItem","position":1,"name":"Portada","item":"https:\/\/noti-america.com\/site\/espana\/"},{"@type":"ListItem","position":2,"name":"M\u00e1s de 70 cursos del SEPE con inicio en mayo para los aut\u00f3nomos y aut\u00f3nomas"}]},{"@type":"WebSite","@id":"https:\/\/noti-america.com\/site\/espana\/#website","url":"https:\/\/noti-america.com\/site\/espana\/","name":"Espa\u00f1a | Noti-America.com","description":"","publisher":{"@id":"https:\/\/noti-america.com\/site\/espana\/#organization"},"potentialAction":[{"@type":"SearchAction","target":{"@type":"EntryPoint","urlTemplate":"https:\/\/noti-america.com\/site\/espana\/?s={search_term_string}"},"query-input":{"@type":"PropertyValueSpecification","valueRequired":true,"valueName":"search_term_string"}}],"inLanguage":"es"},{"@type":"Organization","@id":"https:\/\/noti-america.com\/site\/espana\/#organization","name":"Noti-America LLC | Espa\u00f1a","url":"https:\/\/noti-america.com\/site\/espana\/","logo":{"@type":"ImageObject","inLanguage":"es","@id":"https:\/\/noti-america.com\/site\/espana\/#\/schema\/logo\/image\/","url":"https:\/\/noti-america.com\/site\/espana\/wp-content\/uploads\/sites\/25\/2020\/07\/LogoNA-4x3-1.jpg","contentUrl":"https:\/\/noti-america.com\/site\/espana\/wp-content\/uploads\/sites\/25\/2020\/07\/LogoNA-4x3-1.jpg","width":1236,"height":1080,"caption":"Noti-America LLC | Espa\u00f1a"},"image":{"@id":"https:\/\/noti-america.com\/site\/espana\/#\/schema\/logo\/image\/"},"sameAs":["https:\/\/x.com\/notiamerica"]},{"@type":"Person","@id":"https:\/\/noti-america.com\/site\/espana\/#\/schema\/person\/fd58dbfb92a257e9dc5761bf69a855ff","name":"Rosmer Herrera","image":{"@type":"ImageObject","inLanguage":"es","@id":"https:\/\/secure.gravatar.com\/avatar\/153e75c261394dbf20ff1a1e70ea2be9494f2b40b7fc4e7704084db13220ae08?s=96&d=mm&r=g","url":"https:\/\/secure.gravatar.com\/avatar\/153e75c261394dbf20ff1a1e70ea2be9494f2b40b7fc4e7704084db13220ae08?s=96&d=mm&r=g","contentUrl":"https:\/\/secure.gravatar.com\/avatar\/153e75c261394dbf20ff1a1e70ea2be9494f2b40b7fc4e7704084db13220ae08?s=96&d=mm&r=g","caption":"Rosmer Herrera"},"url":"https:\/\/noti-america.com\/site\/espana\/author\/rosmer33\/"}]}},"_links":{"self":[{"href":"https:\/\/noti-america.com\/site\/espana\/wp-json\/wp\/v2\/posts\/4788","targetHints":{"allow":["GET"]}}],"collection":[{"href":"https:\/\/noti-america.com\/site\/espana\/wp-json\/wp\/v2\/posts"}],"about":[{"href":"https:\/\/noti-america.com\/site\/espana\/wp-json\/wp\/v2\/types\/post"}],"author":[{"embeddable":true,"href":"https:\/\/noti-america.com\/site\/espana\/wp-json\/wp\/v2\/users\/1"}],"replies":[{"embeddable":true,"href":"https:\/\/noti-america.com\/site\/espana\/wp-json\/wp\/v2\/comments?post=4788"}],"version-history":[{"count":1,"href":"https:\/\/noti-america.com\/site\/espana\/wp-json\/wp\/v2\/posts\/4788\/revisions"}],"predecessor-version":[{"id":4790,"href":"https:\/\/noti-america.com\/site\/espana\/wp-json\/wp\/v2\/posts\/4788\/revisions\/4790"}],"wp:featuredmedia":[{"embeddable":true,"href":"https:\/\/noti-america.com\/site\/espana\/wp-json\/wp\/v2\/media\/4789"}],"wp:attachment":[{"href":"https:\/\/noti-america.com\/site\/espana\/wp-json\/wp\/v2\/media?parent=4788"}],"wp:term":[{"taxonomy":"category","embeddable":true,"href":"https:\/\/noti-america.com\/site\/espana\/wp-json\/wp\/v2\/categories?post=4788"},{"taxonomy":"post_tag","embeddable":true,"href":"https:\/\/noti-america.com\/site\/espana\/wp-json\/wp\/v2\/tags?post=4788"}],"curies":[{"name":"wp","href":"https:\/\/api.w.org\/{rel}","templated":true}]}}