{"id":4750,"date":"2021-04-27T11:48:16","date_gmt":"2021-04-27T11:48:16","guid":{"rendered":"https:\/\/noti-america.com\/site\/espana\/2021\/04\/27\/comienzan-las-primeras-ofertas-en-modalidad-100-teletrabajo-en-toda-espana\/"},"modified":"2021-04-27T15:48:25","modified_gmt":"2021-04-27T15:48:25","slug":"comienzan-las-primeras-ofertas-en-modalidad-100-teletrabajo-en-toda-espana","status":"publish","type":"post","link":"https:\/\/noti-america.com\/site\/espana\/2021\/04\/27\/comienzan-las-primeras-ofertas-en-modalidad-100-teletrabajo-en-toda-espana\/","title":{"rendered":"Comienzan las primeras ofertas en modalidad 100% teletrabajo en toda Espa\u00f1a"},"content":{"rendered":"<p style=\"text-align: justify;\">Nota de Prensa &#8211; Comunicae Media<\/p>\n<p style=\"text-align: justify;\"><strong>Adecco, l\u00edder mundial en la gesti\u00f3n de recursos humanos, seleccionar\u00e1 a 40 gestores\/as comerciales para teletrabajar en toda Espa\u00f1a. La funci\u00f3n de los empleados ser\u00e1 la emisi\u00f3n de llamadas para la comercializaci\u00f3n de productos de energ\u00eda<\/strong><\/p>\n<p style=\"text-align: justify;\">Desde que llego la pandemia y se decret\u00f3 el Estado de Alarma en marzo de 2020, el n\u00famero de ciudadanos que teletrabajan desde su casa se duplic\u00f3 superando los 3,5 millones de personas. As\u00ed lo muestra,\u00a0<a href=\"https:\/\/www.adeccoinstitute.es\/informes\/monitor-adecco-de-oportunidades-y-satisfaccion-en-el-empleo-ii-la-evolucion-del-teletrabajo-y-el-empleo-a-tiempo-parcial-durante-la-pandemia\/\" target=\"_blank\" rel=\"noopener noreferrer\">el Monitor de Oportunidades y Satisfacci\u00f3n en el Empleo elaborado por Adecco<\/a>. Nuestro pa\u00eds cuenta en la actualidad con 2,86 millones de personas que teletrabajan al menos ocasionalmente. Este r\u00e9cord hist\u00f3rico es consecuencia directa de la crisis sanitaria que ha supuesto un incremento de un 74,2% en el n\u00famero de personas que se encuentran trabajando en remoto.<\/p>\n<p style=\"text-align: justify;\">El espectacular avance de la tecnolog\u00eda de los smartphones, las redes 4G (y ahora 5G) y la gran penetraci\u00f3n de Internet en los hogares espa\u00f1oles, facilita enormemente que los trabajadores puedan realizar sus funciones desde casa, y las herramientas como las videollamadas, videoconferencias o reuniones virtuales, o los entornos cloud hacen que con cualquier terminal u ordenador conectado a Internet, dispongamos de un puesto de trabajo m\u00f3vil sin la necesidad de instalaciones o grandes inversiones.<\/p>\n<p style=\"text-align: justify;\">El teletrabajo ha llegado para quedarse, por eso una importante empresa del sector Contact Center busca a 40 gestores\/as comerciales para trabajar en remoto por toda Espa\u00f1a, desde cualquier lugar. La funci\u00f3n de los empleados ser\u00e1 la emisi\u00f3n de llamadas para la comercializaci\u00f3n de productos de energ\u00eda, y la captaci\u00f3n de socios, aprovechando las oportunidades de negocio que ofrece el sector.<\/p>\n<p style=\"text-align: justify;\">El proceso de selecci\u00f3n y contrataci\u00f3n de las 40 incorporaciones previstas estar\u00e1 capitaneado por\u00a0<a href=\"http:\/\/www.adecco.es\/\" target=\"_blank\" rel=\"noopener noreferrer\"><strong>Adecco<\/strong><\/a>, l\u00edder mundial en la gesti\u00f3n de recursos humanos, que se encargar\u00e1 de cubrir las vacantes. Se trata de una gran oportunidad laboral para todas aquellas personas que busquen un nuevo proyecto profesional en la modalidad 100% teletrabajo.<\/p>\n<p style=\"text-align: justify;\">Los perfiles seleccionados recibir\u00e1n una formaci\u00f3n inicial online para facilitar la adaptaci\u00f3n laboral durante seis d\u00edas de lunes a viernes de 15h a 21h. El contrato inicial ser\u00e1 de dos meses con posibilidad de continuidad. La jornada ser\u00e1 de 30 horas semanales, en horario de tarde, de lunes a viernes, con un salario de 7,89 euros brutos\/hora m\u00e1s comisiones.<\/p>\n<p style=\"text-align: justify;\">Los\/as interesados\/as pueden registrarse en la oferta a trav\u00e9s de\u00a0<a href=\"http:\/\/www.adecco.es\/\" target=\"_blank\" rel=\"noopener noreferrer\">www.adecco.es<\/a>\u00a0en el siguiente link:\u00a0<a href=\"https:\/\/eur02.safelinks.protection.outlook.com\/?url=https%3A%2F%2Fwww.adecco.es%2Fofertas-trabajo%2Fk-ref19421&amp;data=04%7C01%7Cpatricia.herencias%40adeccogroup.com%7Cf91c89cc004749939ef408d909518092%7Cf30ac191b8b445f29a9be5466cb90c2f%7C0%7C0%7C637551067913105481%7CUnknown%7CTWFpbGZsb3d8eyJWIjoiMC4wLjAwMDAiLCJQIjoiV2luMzIiLCJBTiI6Ik1haWwiLCJXVCI6Mn0%3D%7C1000&amp;sdata=9%2Bl%2BGj%2Ffwc0YXTTfbk5ZKSuEzra2bcZ0phh840YGxaU%3D&amp;reserved=0\" target=\"_blank\" rel=\"noopener noreferrer\">https:\/\/www.adecco.es\/ofertas-trabajo\/k-ref19421<\/a><\/p>\n","protected":false},"excerpt":{"rendered":"<p>Nota de Prensa &#8211; Comunicae Media Adecco, l\u00edder mundial en la gesti\u00f3n de recursos humanos, seleccionar\u00e1 a 40 gestores\/as comerciales para teletrabajar en toda Espa\u00f1a. La funci\u00f3n de los empleados ser\u00e1 la emisi\u00f3n de&#46;&#46;&#46;<\/p>\n","protected":false},"author":1,"featured_media":3970,"comment_status":"open","ping_status":"open","sticky":false,"template":"","format":"image","meta":{"_acf_changed":false,"om_disable_all_campaigns":false,"rop_custom_images_group":[],"rop_custom_messages_group":[],"rop_publish_now":"initial","rop_publish_now_accounts":[],"rop_publish_now_history":[],"rop_publish_now_status":"pending","_uf_show_specific_survey":0,"_uf_disable_surveys":false,"footnotes":""},"categories":[136,5],"tags":[],"class_list":["post-4750","post","type-post","status-publish","format-image","has-post-thumbnail","hentry","category-actualidad","category-economia","post_format-post-format-image"],"acf":[],"aioseo_notices":[],"yoast_head":"<!-- This site is optimized with the Yoast SEO Premium plugin v24.9 (Yoast SEO v27.2) - https:\/\/yoast.com\/product\/yoast-seo-premium-wordpress\/ -->\n<title>Comienzan las primeras ofertas en modalidad 100% teletrabajo en toda Espa\u00f1a - Espa\u00f1a | Noti-America.com<\/title>\n<meta name=\"robots\" content=\"index, follow, max-snippet:-1, max-image-preview:large, max-video-preview:-1\" \/>\n<link rel=\"canonical\" href=\"https:\/\/noti-america.com\/site\/espana\/2021\/04\/27\/comienzan-las-primeras-ofertas-en-modalidad-100-teletrabajo-en-toda-espana\/\" \/>\n<meta property=\"og:locale\" content=\"es_ES\" \/>\n<meta property=\"og:type\" content=\"article\" \/>\n<meta property=\"og:title\" content=\"Comienzan las primeras ofertas en modalidad 100% teletrabajo en toda Espa\u00f1a\" \/>\n<meta property=\"og:description\" content=\"Nota de Prensa &#8211; Comunicae Media Adecco, l\u00edder mundial en la gesti\u00f3n de recursos humanos, seleccionar\u00e1 a 40 gestores\/as comerciales para teletrabajar en toda Espa\u00f1a. La funci\u00f3n de los empleados ser\u00e1 la emisi\u00f3n de&#046;&#046;&#046;\" \/>\n<meta property=\"og:url\" content=\"https:\/\/noti-america.com\/site\/espana\/2021\/04\/27\/comienzan-las-primeras-ofertas-en-modalidad-100-teletrabajo-en-toda-espana\/\" \/>\n<meta property=\"og:site_name\" content=\"Espa\u00f1a | Noti-America.com\" \/>\n<meta property=\"article:published_time\" content=\"2021-04-27T11:48:16+00:00\" \/>\n<meta property=\"article:modified_time\" content=\"2021-04-27T15:48:25+00:00\" \/>\n<meta property=\"og:image\" content=\"https:\/\/noti-america.com\/site\/espana\/wp-content\/uploads\/sites\/25\/2021\/01\/teletrabajo-696x464-1.jpg\" \/>\n\t<meta property=\"og:image:width\" content=\"1\" \/>\n\t<meta property=\"og:image:height\" content=\"1\" \/>\n\t<meta property=\"og:image:type\" content=\"image\/jpeg\" \/>\n<meta name=\"author\" content=\"Rosmer Herrera\" \/>\n<meta name=\"twitter:card\" content=\"summary_large_image\" \/>\n<meta name=\"twitter:creator\" content=\"@notiamerica\" \/>\n<meta name=\"twitter:site\" content=\"@notiamerica\" \/>\n<meta name=\"twitter:label1\" content=\"Escrito por\" \/>\n\t<meta name=\"twitter:data1\" content=\"Rosmer Herrera\" \/>\n\t<meta name=\"twitter:label2\" content=\"Tiempo estimado de lectura\" \/>\n\t<meta name=\"twitter:data2\" content=\"2 minutos\" \/>\n<script type=\"application\/ld+json\" class=\"yoast-schema-graph\">{\"@context\":\"https:\/\/schema.org\",\"@graph\":[{\"@type\":\"Article\",\"@id\":\"https:\/\/noti-america.com\/site\/espana\/2021\/04\/27\/comienzan-las-primeras-ofertas-en-modalidad-100-teletrabajo-en-toda-espana\/#article\",\"isPartOf\":{\"@id\":\"https:\/\/noti-america.com\/site\/espana\/2021\/04\/27\/comienzan-las-primeras-ofertas-en-modalidad-100-teletrabajo-en-toda-espana\/\"},\"author\":{\"name\":\"Rosmer Herrera\",\"@id\":\"https:\/\/noti-america.com\/site\/espana\/#\/schema\/person\/fd58dbfb92a257e9dc5761bf69a855ff\"},\"headline\":\"Comienzan las primeras ofertas en modalidad 100% teletrabajo en toda Espa\u00f1a\",\"datePublished\":\"2021-04-27T11:48:16+00:00\",\"dateModified\":\"2021-04-27T15:48:25+00:00\",\"mainEntityOfPage\":{\"@id\":\"https:\/\/noti-america.com\/site\/espana\/2021\/04\/27\/comienzan-las-primeras-ofertas-en-modalidad-100-teletrabajo-en-toda-espana\/\"},\"wordCount\":444,\"commentCount\":0,\"publisher\":{\"@id\":\"https:\/\/noti-america.com\/site\/espana\/#organization\"},\"image\":{\"@id\":\"https:\/\/noti-america.com\/site\/espana\/2021\/04\/27\/comienzan-las-primeras-ofertas-en-modalidad-100-teletrabajo-en-toda-espana\/#primaryimage\"},\"thumbnailUrl\":\"https:\/\/noti-america.com\/site\/espana\/wp-content\/uploads\/sites\/25\/2021\/01\/teletrabajo-696x464-1.jpg\",\"articleSection\":[\"Actualidad\",\"Econom\u00eda\"],\"inLanguage\":\"es\",\"potentialAction\":[{\"@type\":\"CommentAction\",\"name\":\"Comment\",\"target\":[\"https:\/\/noti-america.com\/site\/espana\/2021\/04\/27\/comienzan-las-primeras-ofertas-en-modalidad-100-teletrabajo-en-toda-espana\/#respond\"]}]},{\"@type\":\"WebPage\",\"@id\":\"https:\/\/noti-america.com\/site\/espana\/2021\/04\/27\/comienzan-las-primeras-ofertas-en-modalidad-100-teletrabajo-en-toda-espana\/\",\"url\":\"https:\/\/noti-america.com\/site\/espana\/2021\/04\/27\/comienzan-las-primeras-ofertas-en-modalidad-100-teletrabajo-en-toda-espana\/\",\"name\":\"Comienzan las primeras ofertas en modalidad 100% teletrabajo en toda Espa\u00f1a - Espa\u00f1a | Noti-America.com\",\"isPartOf\":{\"@id\":\"https:\/\/noti-america.com\/site\/espana\/#website\"},\"primaryImageOfPage\":{\"@id\":\"https:\/\/noti-america.com\/site\/espana\/2021\/04\/27\/comienzan-las-primeras-ofertas-en-modalidad-100-teletrabajo-en-toda-espana\/#primaryimage\"},\"image\":{\"@id\":\"https:\/\/noti-america.com\/site\/espana\/2021\/04\/27\/comienzan-las-primeras-ofertas-en-modalidad-100-teletrabajo-en-toda-espana\/#primaryimage\"},\"thumbnailUrl\":\"https:\/\/noti-america.com\/site\/espana\/wp-content\/uploads\/sites\/25\/2021\/01\/teletrabajo-696x464-1.jpg\",\"datePublished\":\"2021-04-27T11:48:16+00:00\",\"dateModified\":\"2021-04-27T15:48:25+00:00\",\"breadcrumb\":{\"@id\":\"https:\/\/noti-america.com\/site\/espana\/2021\/04\/27\/comienzan-las-primeras-ofertas-en-modalidad-100-teletrabajo-en-toda-espana\/#breadcrumb\"},\"inLanguage\":\"es\",\"potentialAction\":[{\"@type\":\"ReadAction\",\"target\":[\"https:\/\/noti-america.com\/site\/espana\/2021\/04\/27\/comienzan-las-primeras-ofertas-en-modalidad-100-teletrabajo-en-toda-espana\/\"]}]},{\"@type\":\"ImageObject\",\"inLanguage\":\"es\",\"@id\":\"https:\/\/noti-america.com\/site\/espana\/2021\/04\/27\/comienzan-las-primeras-ofertas-en-modalidad-100-teletrabajo-en-toda-espana\/#primaryimage\",\"url\":\"https:\/\/noti-america.com\/site\/espana\/wp-content\/uploads\/sites\/25\/2021\/01\/teletrabajo-696x464-1.jpg\",\"contentUrl\":\"https:\/\/noti-america.com\/site\/espana\/wp-content\/uploads\/sites\/25\/2021\/01\/teletrabajo-696x464-1.jpg\"},{\"@type\":\"BreadcrumbList\",\"@id\":\"https:\/\/noti-america.com\/site\/espana\/2021\/04\/27\/comienzan-las-primeras-ofertas-en-modalidad-100-teletrabajo-en-toda-espana\/#breadcrumb\",\"itemListElement\":[{\"@type\":\"ListItem\",\"position\":1,\"name\":\"Portada\",\"item\":\"https:\/\/noti-america.com\/site\/espana\/\"},{\"@type\":\"ListItem\",\"position\":2,\"name\":\"Comienzan las primeras ofertas en modalidad 100% teletrabajo en toda Espa\u00f1a\"}]},{\"@type\":\"WebSite\",\"@id\":\"https:\/\/noti-america.com\/site\/espana\/#website\",\"url\":\"https:\/\/noti-america.com\/site\/espana\/\",\"name\":\"Espa\u00f1a | Noti-America.com\",\"description\":\"\",\"publisher\":{\"@id\":\"https:\/\/noti-america.com\/site\/espana\/#organization\"},\"potentialAction\":[{\"@type\":\"SearchAction\",\"target\":{\"@type\":\"EntryPoint\",\"urlTemplate\":\"https:\/\/noti-america.com\/site\/espana\/?s={search_term_string}\"},\"query-input\":{\"@type\":\"PropertyValueSpecification\",\"valueRequired\":true,\"valueName\":\"search_term_string\"}}],\"inLanguage\":\"es\"},{\"@type\":\"Organization\",\"@id\":\"https:\/\/noti-america.com\/site\/espana\/#organization\",\"name\":\"Noti-America LLC | Espa\u00f1a\",\"url\":\"https:\/\/noti-america.com\/site\/espana\/\",\"logo\":{\"@type\":\"ImageObject\",\"inLanguage\":\"es\",\"@id\":\"https:\/\/noti-america.com\/site\/espana\/#\/schema\/logo\/image\/\",\"url\":\"https:\/\/noti-america.com\/site\/espana\/wp-content\/uploads\/sites\/25\/2020\/07\/LogoNA-4x3-1.jpg\",\"contentUrl\":\"https:\/\/noti-america.com\/site\/espana\/wp-content\/uploads\/sites\/25\/2020\/07\/LogoNA-4x3-1.jpg\",\"width\":1236,\"height\":1080,\"caption\":\"Noti-America LLC | Espa\u00f1a\"},\"image\":{\"@id\":\"https:\/\/noti-america.com\/site\/espana\/#\/schema\/logo\/image\/\"},\"sameAs\":[\"https:\/\/x.com\/notiamerica\"]},{\"@type\":\"Person\",\"@id\":\"https:\/\/noti-america.com\/site\/espana\/#\/schema\/person\/fd58dbfb92a257e9dc5761bf69a855ff\",\"name\":\"Rosmer Herrera\",\"image\":{\"@type\":\"ImageObject\",\"inLanguage\":\"es\",\"@id\":\"https:\/\/secure.gravatar.com\/avatar\/153e75c261394dbf20ff1a1e70ea2be9494f2b40b7fc4e7704084db13220ae08?s=96&d=mm&r=g\",\"url\":\"https:\/\/secure.gravatar.com\/avatar\/153e75c261394dbf20ff1a1e70ea2be9494f2b40b7fc4e7704084db13220ae08?s=96&d=mm&r=g\",\"contentUrl\":\"https:\/\/secure.gravatar.com\/avatar\/153e75c261394dbf20ff1a1e70ea2be9494f2b40b7fc4e7704084db13220ae08?s=96&d=mm&r=g\",\"caption\":\"Rosmer Herrera\"},\"url\":\"https:\/\/noti-america.com\/site\/espana\/author\/rosmer33\/\"}]}<\/script>\n<!-- \/ Yoast SEO Premium plugin. -->","yoast_head_json":{"title":"Comienzan las primeras ofertas en modalidad 100% teletrabajo en toda Espa\u00f1a - Espa\u00f1a | Noti-America.com","robots":{"index":"index","follow":"follow","max-snippet":"max-snippet:-1","max-image-preview":"max-image-preview:large","max-video-preview":"max-video-preview:-1"},"canonical":"https:\/\/noti-america.com\/site\/espana\/2021\/04\/27\/comienzan-las-primeras-ofertas-en-modalidad-100-teletrabajo-en-toda-espana\/","og_locale":"es_ES","og_type":"article","og_title":"Comienzan las primeras ofertas en modalidad 100% teletrabajo en toda Espa\u00f1a","og_description":"Nota de Prensa &#8211; Comunicae Media Adecco, l\u00edder mundial en la gesti\u00f3n de recursos humanos, seleccionar\u00e1 a 40 gestores\/as comerciales para teletrabajar en toda Espa\u00f1a. La funci\u00f3n de los empleados ser\u00e1 la emisi\u00f3n de&#46;&#46;&#46;","og_url":"https:\/\/noti-america.com\/site\/espana\/2021\/04\/27\/comienzan-las-primeras-ofertas-en-modalidad-100-teletrabajo-en-toda-espana\/","og_site_name":"Espa\u00f1a | Noti-America.com","article_published_time":"2021-04-27T11:48:16+00:00","article_modified_time":"2021-04-27T15:48:25+00:00","og_image":[{"url":"https:\/\/noti-america.com\/site\/espana\/wp-content\/uploads\/sites\/25\/2021\/01\/teletrabajo-696x464-1.jpg","width":1,"height":1,"type":"image\/jpeg"}],"author":"Rosmer Herrera","twitter_card":"summary_large_image","twitter_creator":"@notiamerica","twitter_site":"@notiamerica","twitter_misc":{"Escrito por":"Rosmer Herrera","Tiempo estimado de lectura":"2 minutos"},"schema":{"@context":"https:\/\/schema.org","@graph":[{"@type":"Article","@id":"https:\/\/noti-america.com\/site\/espana\/2021\/04\/27\/comienzan-las-primeras-ofertas-en-modalidad-100-teletrabajo-en-toda-espana\/#article","isPartOf":{"@id":"https:\/\/noti-america.com\/site\/espana\/2021\/04\/27\/comienzan-las-primeras-ofertas-en-modalidad-100-teletrabajo-en-toda-espana\/"},"author":{"name":"Rosmer Herrera","@id":"https:\/\/noti-america.com\/site\/espana\/#\/schema\/person\/fd58dbfb92a257e9dc5761bf69a855ff"},"headline":"Comienzan las primeras ofertas en modalidad 100% teletrabajo en toda Espa\u00f1a","datePublished":"2021-04-27T11:48:16+00:00","dateModified":"2021-04-27T15:48:25+00:00","mainEntityOfPage":{"@id":"https:\/\/noti-america.com\/site\/espana\/2021\/04\/27\/comienzan-las-primeras-ofertas-en-modalidad-100-teletrabajo-en-toda-espana\/"},"wordCount":444,"commentCount":0,"publisher":{"@id":"https:\/\/noti-america.com\/site\/espana\/#organization"},"image":{"@id":"https:\/\/noti-america.com\/site\/espana\/2021\/04\/27\/comienzan-las-primeras-ofertas-en-modalidad-100-teletrabajo-en-toda-espana\/#primaryimage"},"thumbnailUrl":"https:\/\/noti-america.com\/site\/espana\/wp-content\/uploads\/sites\/25\/2021\/01\/teletrabajo-696x464-1.jpg","articleSection":["Actualidad","Econom\u00eda"],"inLanguage":"es","potentialAction":[{"@type":"CommentAction","name":"Comment","target":["https:\/\/noti-america.com\/site\/espana\/2021\/04\/27\/comienzan-las-primeras-ofertas-en-modalidad-100-teletrabajo-en-toda-espana\/#respond"]}]},{"@type":"WebPage","@id":"https:\/\/noti-america.com\/site\/espana\/2021\/04\/27\/comienzan-las-primeras-ofertas-en-modalidad-100-teletrabajo-en-toda-espana\/","url":"https:\/\/noti-america.com\/site\/espana\/2021\/04\/27\/comienzan-las-primeras-ofertas-en-modalidad-100-teletrabajo-en-toda-espana\/","name":"Comienzan las primeras ofertas en modalidad 100% teletrabajo en toda Espa\u00f1a - Espa\u00f1a | Noti-America.com","isPartOf":{"@id":"https:\/\/noti-america.com\/site\/espana\/#website"},"primaryImageOfPage":{"@id":"https:\/\/noti-america.com\/site\/espana\/2021\/04\/27\/comienzan-las-primeras-ofertas-en-modalidad-100-teletrabajo-en-toda-espana\/#primaryimage"},"image":{"@id":"https:\/\/noti-america.com\/site\/espana\/2021\/04\/27\/comienzan-las-primeras-ofertas-en-modalidad-100-teletrabajo-en-toda-espana\/#primaryimage"},"thumbnailUrl":"https:\/\/noti-america.com\/site\/espana\/wp-content\/uploads\/sites\/25\/2021\/01\/teletrabajo-696x464-1.jpg","datePublished":"2021-04-27T11:48:16+00:00","dateModified":"2021-04-27T15:48:25+00:00","breadcrumb":{"@id":"https:\/\/noti-america.com\/site\/espana\/2021\/04\/27\/comienzan-las-primeras-ofertas-en-modalidad-100-teletrabajo-en-toda-espana\/#breadcrumb"},"inLanguage":"es","potentialAction":[{"@type":"ReadAction","target":["https:\/\/noti-america.com\/site\/espana\/2021\/04\/27\/comienzan-las-primeras-ofertas-en-modalidad-100-teletrabajo-en-toda-espana\/"]}]},{"@type":"ImageObject","inLanguage":"es","@id":"https:\/\/noti-america.com\/site\/espana\/2021\/04\/27\/comienzan-las-primeras-ofertas-en-modalidad-100-teletrabajo-en-toda-espana\/#primaryimage","url":"https:\/\/noti-america.com\/site\/espana\/wp-content\/uploads\/sites\/25\/2021\/01\/teletrabajo-696x464-1.jpg","contentUrl":"https:\/\/noti-america.com\/site\/espana\/wp-content\/uploads\/sites\/25\/2021\/01\/teletrabajo-696x464-1.jpg"},{"@type":"BreadcrumbList","@id":"https:\/\/noti-america.com\/site\/espana\/2021\/04\/27\/comienzan-las-primeras-ofertas-en-modalidad-100-teletrabajo-en-toda-espana\/#breadcrumb","itemListElement":[{"@type":"ListItem","position":1,"name":"Portada","item":"https:\/\/noti-america.com\/site\/espana\/"},{"@type":"ListItem","position":2,"name":"Comienzan las primeras ofertas en modalidad 100% teletrabajo en toda Espa\u00f1a"}]},{"@type":"WebSite","@id":"https:\/\/noti-america.com\/site\/espana\/#website","url":"https:\/\/noti-america.com\/site\/espana\/","name":"Espa\u00f1a | Noti-America.com","description":"","publisher":{"@id":"https:\/\/noti-america.com\/site\/espana\/#organization"},"potentialAction":[{"@type":"SearchAction","target":{"@type":"EntryPoint","urlTemplate":"https:\/\/noti-america.com\/site\/espana\/?s={search_term_string}"},"query-input":{"@type":"PropertyValueSpecification","valueRequired":true,"valueName":"search_term_string"}}],"inLanguage":"es"},{"@type":"Organization","@id":"https:\/\/noti-america.com\/site\/espana\/#organization","name":"Noti-America LLC | Espa\u00f1a","url":"https:\/\/noti-america.com\/site\/espana\/","logo":{"@type":"ImageObject","inLanguage":"es","@id":"https:\/\/noti-america.com\/site\/espana\/#\/schema\/logo\/image\/","url":"https:\/\/noti-america.com\/site\/espana\/wp-content\/uploads\/sites\/25\/2020\/07\/LogoNA-4x3-1.jpg","contentUrl":"https:\/\/noti-america.com\/site\/espana\/wp-content\/uploads\/sites\/25\/2020\/07\/LogoNA-4x3-1.jpg","width":1236,"height":1080,"caption":"Noti-America LLC | Espa\u00f1a"},"image":{"@id":"https:\/\/noti-america.com\/site\/espana\/#\/schema\/logo\/image\/"},"sameAs":["https:\/\/x.com\/notiamerica"]},{"@type":"Person","@id":"https:\/\/noti-america.com\/site\/espana\/#\/schema\/person\/fd58dbfb92a257e9dc5761bf69a855ff","name":"Rosmer Herrera","image":{"@type":"ImageObject","inLanguage":"es","@id":"https:\/\/secure.gravatar.com\/avatar\/153e75c261394dbf20ff1a1e70ea2be9494f2b40b7fc4e7704084db13220ae08?s=96&d=mm&r=g","url":"https:\/\/secure.gravatar.com\/avatar\/153e75c261394dbf20ff1a1e70ea2be9494f2b40b7fc4e7704084db13220ae08?s=96&d=mm&r=g","contentUrl":"https:\/\/secure.gravatar.com\/avatar\/153e75c261394dbf20ff1a1e70ea2be9494f2b40b7fc4e7704084db13220ae08?s=96&d=mm&r=g","caption":"Rosmer Herrera"},"url":"https:\/\/noti-america.com\/site\/espana\/author\/rosmer33\/"}]}},"_links":{"self":[{"href":"https:\/\/noti-america.com\/site\/espana\/wp-json\/wp\/v2\/posts\/4750","targetHints":{"allow":["GET"]}}],"collection":[{"href":"https:\/\/noti-america.com\/site\/espana\/wp-json\/wp\/v2\/posts"}],"about":[{"href":"https:\/\/noti-america.com\/site\/espana\/wp-json\/wp\/v2\/types\/post"}],"author":[{"embeddable":true,"href":"https:\/\/noti-america.com\/site\/espana\/wp-json\/wp\/v2\/users\/1"}],"replies":[{"embeddable":true,"href":"https:\/\/noti-america.com\/site\/espana\/wp-json\/wp\/v2\/comments?post=4750"}],"version-history":[{"count":1,"href":"https:\/\/noti-america.com\/site\/espana\/wp-json\/wp\/v2\/posts\/4750\/revisions"}],"predecessor-version":[{"id":4751,"href":"https:\/\/noti-america.com\/site\/espana\/wp-json\/wp\/v2\/posts\/4750\/revisions\/4751"}],"wp:featuredmedia":[{"embeddable":true,"href":"https:\/\/noti-america.com\/site\/espana\/wp-json\/wp\/v2\/media\/3970"}],"wp:attachment":[{"href":"https:\/\/noti-america.com\/site\/espana\/wp-json\/wp\/v2\/media?parent=4750"}],"wp:term":[{"taxonomy":"category","embeddable":true,"href":"https:\/\/noti-america.com\/site\/espana\/wp-json\/wp\/v2\/categories?post=4750"},{"taxonomy":"post_tag","embeddable":true,"href":"https:\/\/noti-america.com\/site\/espana\/wp-json\/wp\/v2\/tags?post=4750"}],"curies":[{"name":"wp","href":"https:\/\/api.w.org\/{rel}","templated":true}]}}