{"id":4738,"date":"2021-04-26T09:51:08","date_gmt":"2021-04-26T09:51:08","guid":{"rendered":"https:\/\/noti-america.com\/site\/espana\/2021\/04\/26\/las-cabinas-de-cryosense-clave-en-la-preparacion-de-equipos-como-el-real-madrid\/"},"modified":"2021-04-26T13:51:19","modified_gmt":"2021-04-26T13:51:19","slug":"las-cabinas-de-cryosense-clave-en-la-preparacion-de-equipos-como-el-real-madrid","status":"publish","type":"post","link":"https:\/\/noti-america.com\/site\/espana\/2021\/04\/26\/las-cabinas-de-cryosense-clave-en-la-preparacion-de-equipos-como-el-real-madrid\/","title":{"rendered":"Las cabinas de Cryosense, clave en la preparaci\u00f3n de equipos como el Real Madrid"},"content":{"rendered":"<p style=\"text-align: justify;\">Nota de Prensa &#8211; Comunicae Media<\/p>\n<p style=\"text-align: justify;\"><strong>La crioterapia deportiva es una terapia eficaz para la recuperaci\u00f3n f\u00edsica y la mejora del rendimiento. Numerosos deportistas de \u00e9lite y equipos profesionales como el Real Madrid ya incluyen las sesiones de crioterapia en sus rutinas de preparaci\u00f3n<\/strong><\/p>\n<p style=\"text-align: justify;\">Tras el paso del Real Madrid a cuartos de final de la Champions muchos medios deportivos han destacado el exigente calendario que les queda por delante a los de Zidane en este final de temporada, con la Liga y la Champions a\u00fan por decidir y una plantilla al l\u00edmite. Hace unos d\u00edas, El Mundo compart\u00eda una de los recursos con los que cuenta el Madrid para afrontar esta situaci\u00f3n:<a title=\"la Crioterapia\" href=\"https:\/\/www.elmundo.es\/deportes\/futbol\/primera-division\/2021\/04\/15\/607849effdddff631b8b4590.html\" target=\"_blank\" rel=\"noopener noreferrer\">\u00a0la Crioterapia<\/a>.<\/p>\n<p style=\"text-align: justify;\"><strong>Crioterapia deportiva, el nuevo aliado del deportista profesional<\/strong><br \/>\nEn la ciudad deportiva de Valdebebas cuentan con las \u00faltimos adelantos en cuidado de deportistas, donde destaca la sala de crioterapia donde cuentan con la cabina de crioterapia de la marca Cryosense.<\/p>\n<p style=\"text-align: justify;\">Desde<a title=\"Cryosense\" href=\"https:\/\/cryosense.com\/\" target=\"_blank\" rel=\"noopener noreferrer\">\u00a0<strong>Cryosense<\/strong><\/a><strong>\u00a0<\/strong>explican que la crioterapia consiste en la exposici\u00f3n controlada a temperaturas muy bajas (entre -110 \u00baC y -196 \u00baC) durante un tiempo m\u00e1ximo de 3 minutos mediante el uso de nitr\u00f3geno l\u00edquido evaporado. Esta exposici\u00f3n se realiza en una cabina de crioterapia y siempre bajo supervisi\u00f3n.<\/p>\n<p style=\"text-align: justify;\">La exposici\u00f3n al fr\u00edo extremo induce una respuesta corporal a tres niveles: circulatorio, muscular y neuroendocrino. Esta respuesta produce varios efectos positivos en el organismo del deportista, incluyendo los siguientes:<\/p>\n<p style=\"text-align: justify;\">\u00b7 Efecto antiinflamatorio: El fr\u00edo produce una vasoconstricci\u00f3n que reduce la inflamaci\u00f3n de tejidos, lo que acelera la recuperaci\u00f3n de lesiones.<\/p>\n<p style=\"text-align: justify;\">\u00b7 Mejora del rendimiento: La vasoconstricci\u00f3n inicial va seguida de una vasodilataci\u00f3n que incrementa el riego sangu\u00edneo.<\/p>\n<p style=\"text-align: justify;\">\u00b7 Efecto analg\u00e9sico: El fr\u00edo extremo aten\u00faa notablemente los dolores provocados por golpes y cambios de ritmo intensos.<\/p>\n<p style=\"text-align: justify;\">\u00b7 Activaci\u00f3n metab\u00f3lica: La respuesta del organismo al descenso brusco de temperatura es la activaci\u00f3n del metabolismo. Se estima que pueden quemar entre 200 y 800 kilocalor\u00edas por sesi\u00f3n.<\/p>\n<p style=\"text-align: justify;\">\u00b7 Efecto relajante: La crioterapia induce la liberaci\u00f3n de endorfinas y serotonina, conocidas por sus efectos relajantes y antiestr\u00e9s.<\/p>\n<p style=\"text-align: justify;\">Pero el Real Madrid no es el \u00fanico equipo de f\u00fatbol espa\u00f1ol que conf\u00eda en las cabinas Cryosense. Clubes como el Villarreal o la UD Las Palmas. La selecci\u00f3n masculina de baloncesto tambi\u00e9n recurri\u00f3 a esta criosauna para la preparaci\u00f3n de las \u00faltimas olimpiadas. En la esfera internacional, deportistas como Cristiano Ronaldo, LeBron James o Floyd Mayweather usan la crioterapia de forma habitual.<\/p>\n<p style=\"text-align: justify;\">Durante los \u00faltimos a\u00f1os se ha visto como gimnasios y centros deportivos empezaban a ofrecer crioterapia deportiva entre sus servicios y parece que el futuro acentuar\u00e1 esta tendencia.<\/p>\n","protected":false},"excerpt":{"rendered":"<p>Nota de Prensa &#8211; Comunicae Media La crioterapia deportiva es una terapia eficaz para la recuperaci\u00f3n f\u00edsica y la mejora del rendimiento. Numerosos deportistas de \u00e9lite y equipos profesionales como el Real Madrid ya&#46;&#46;&#46;<\/p>\n","protected":false},"author":1,"featured_media":4739,"comment_status":"open","ping_status":"open","sticky":false,"template":"","format":"image","meta":{"_acf_changed":false,"om_disable_all_campaigns":false,"rop_custom_images_group":[],"rop_custom_messages_group":[],"rop_publish_now":"initial","rop_publish_now_accounts":[],"rop_publish_now_history":[],"rop_publish_now_status":"pending","_uf_show_specific_survey":0,"_uf_disable_surveys":false,"footnotes":""},"categories":[136,16],"tags":[],"class_list":["post-4738","post","type-post","status-publish","format-image","has-post-thumbnail","hentry","category-actualidad","category-deportes","post_format-post-format-image"],"acf":[],"aioseo_notices":[],"yoast_head":"<!-- This site is optimized with the Yoast SEO Premium plugin v24.9 (Yoast SEO v27.2) - https:\/\/yoast.com\/product\/yoast-seo-premium-wordpress\/ -->\n<title>Las cabinas de Cryosense, clave en la preparaci\u00f3n de equipos como el Real Madrid - Espa\u00f1a | Noti-America.com<\/title>\n<meta name=\"robots\" content=\"index, follow, max-snippet:-1, max-image-preview:large, max-video-preview:-1\" \/>\n<link rel=\"canonical\" href=\"https:\/\/noti-america.com\/site\/espana\/2021\/04\/26\/las-cabinas-de-cryosense-clave-en-la-preparacion-de-equipos-como-el-real-madrid\/\" \/>\n<meta property=\"og:locale\" content=\"es_ES\" \/>\n<meta property=\"og:type\" content=\"article\" \/>\n<meta property=\"og:title\" content=\"Las cabinas de Cryosense, clave en la preparaci\u00f3n de equipos como el Real Madrid\" \/>\n<meta property=\"og:description\" content=\"Nota de Prensa &#8211; Comunicae Media La crioterapia deportiva es una terapia eficaz para la recuperaci\u00f3n f\u00edsica y la mejora del rendimiento. Numerosos deportistas de \u00e9lite y equipos profesionales como el Real Madrid ya&#046;&#046;&#046;\" \/>\n<meta property=\"og:url\" content=\"https:\/\/noti-america.com\/site\/espana\/2021\/04\/26\/las-cabinas-de-cryosense-clave-en-la-preparacion-de-equipos-como-el-real-madrid\/\" \/>\n<meta property=\"og:site_name\" content=\"Espa\u00f1a | Noti-America.com\" \/>\n<meta property=\"article:published_time\" content=\"2021-04-26T09:51:08+00:00\" \/>\n<meta property=\"article:modified_time\" content=\"2021-04-26T13:51:19+00:00\" \/>\n<meta property=\"og:image\" content=\"https:\/\/noti-america.com\/site\/espana\/wp-content\/uploads\/sites\/25\/2021\/04\/sin-titulo-6_20477534_20200730110645.jpg\" \/>\n\t<meta property=\"og:image:width\" content=\"675\" \/>\n\t<meta property=\"og:image:height\" content=\"400\" \/>\n\t<meta property=\"og:image:type\" content=\"image\/jpeg\" \/>\n<meta name=\"author\" content=\"Rosmer Herrera\" \/>\n<meta name=\"twitter:card\" content=\"summary_large_image\" \/>\n<meta name=\"twitter:creator\" content=\"@notiamerica\" \/>\n<meta name=\"twitter:site\" content=\"@notiamerica\" \/>\n<meta name=\"twitter:label1\" content=\"Escrito por\" \/>\n\t<meta name=\"twitter:data1\" content=\"Rosmer Herrera\" \/>\n\t<meta name=\"twitter:label2\" content=\"Tiempo estimado de lectura\" \/>\n\t<meta name=\"twitter:data2\" content=\"2 minutos\" \/>\n<script type=\"application\/ld+json\" class=\"yoast-schema-graph\">{\"@context\":\"https:\/\/schema.org\",\"@graph\":[{\"@type\":\"Article\",\"@id\":\"https:\/\/noti-america.com\/site\/espana\/2021\/04\/26\/las-cabinas-de-cryosense-clave-en-la-preparacion-de-equipos-como-el-real-madrid\/#article\",\"isPartOf\":{\"@id\":\"https:\/\/noti-america.com\/site\/espana\/2021\/04\/26\/las-cabinas-de-cryosense-clave-en-la-preparacion-de-equipos-como-el-real-madrid\/\"},\"author\":{\"name\":\"Rosmer Herrera\",\"@id\":\"https:\/\/noti-america.com\/site\/espana\/#\/schema\/person\/fd58dbfb92a257e9dc5761bf69a855ff\"},\"headline\":\"Las cabinas de Cryosense, clave en la preparaci\u00f3n de equipos como el Real Madrid\",\"datePublished\":\"2021-04-26T09:51:08+00:00\",\"dateModified\":\"2021-04-26T13:51:19+00:00\",\"mainEntityOfPage\":{\"@id\":\"https:\/\/noti-america.com\/site\/espana\/2021\/04\/26\/las-cabinas-de-cryosense-clave-en-la-preparacion-de-equipos-como-el-real-madrid\/\"},\"wordCount\":475,\"commentCount\":0,\"publisher\":{\"@id\":\"https:\/\/noti-america.com\/site\/espana\/#organization\"},\"image\":{\"@id\":\"https:\/\/noti-america.com\/site\/espana\/2021\/04\/26\/las-cabinas-de-cryosense-clave-en-la-preparacion-de-equipos-como-el-real-madrid\/#primaryimage\"},\"thumbnailUrl\":\"https:\/\/noti-america.com\/site\/espana\/wp-content\/uploads\/sites\/25\/2021\/04\/sin-titulo-6_20477534_20200730110645.jpg\",\"articleSection\":[\"Actualidad\",\"Deportes\"],\"inLanguage\":\"es\",\"potentialAction\":[{\"@type\":\"CommentAction\",\"name\":\"Comment\",\"target\":[\"https:\/\/noti-america.com\/site\/espana\/2021\/04\/26\/las-cabinas-de-cryosense-clave-en-la-preparacion-de-equipos-como-el-real-madrid\/#respond\"]}]},{\"@type\":\"WebPage\",\"@id\":\"https:\/\/noti-america.com\/site\/espana\/2021\/04\/26\/las-cabinas-de-cryosense-clave-en-la-preparacion-de-equipos-como-el-real-madrid\/\",\"url\":\"https:\/\/noti-america.com\/site\/espana\/2021\/04\/26\/las-cabinas-de-cryosense-clave-en-la-preparacion-de-equipos-como-el-real-madrid\/\",\"name\":\"Las cabinas de Cryosense, clave en la preparaci\u00f3n de equipos como el Real Madrid - Espa\u00f1a | Noti-America.com\",\"isPartOf\":{\"@id\":\"https:\/\/noti-america.com\/site\/espana\/#website\"},\"primaryImageOfPage\":{\"@id\":\"https:\/\/noti-america.com\/site\/espana\/2021\/04\/26\/las-cabinas-de-cryosense-clave-en-la-preparacion-de-equipos-como-el-real-madrid\/#primaryimage\"},\"image\":{\"@id\":\"https:\/\/noti-america.com\/site\/espana\/2021\/04\/26\/las-cabinas-de-cryosense-clave-en-la-preparacion-de-equipos-como-el-real-madrid\/#primaryimage\"},\"thumbnailUrl\":\"https:\/\/noti-america.com\/site\/espana\/wp-content\/uploads\/sites\/25\/2021\/04\/sin-titulo-6_20477534_20200730110645.jpg\",\"datePublished\":\"2021-04-26T09:51:08+00:00\",\"dateModified\":\"2021-04-26T13:51:19+00:00\",\"breadcrumb\":{\"@id\":\"https:\/\/noti-america.com\/site\/espana\/2021\/04\/26\/las-cabinas-de-cryosense-clave-en-la-preparacion-de-equipos-como-el-real-madrid\/#breadcrumb\"},\"inLanguage\":\"es\",\"potentialAction\":[{\"@type\":\"ReadAction\",\"target\":[\"https:\/\/noti-america.com\/site\/espana\/2021\/04\/26\/las-cabinas-de-cryosense-clave-en-la-preparacion-de-equipos-como-el-real-madrid\/\"]}]},{\"@type\":\"ImageObject\",\"inLanguage\":\"es\",\"@id\":\"https:\/\/noti-america.com\/site\/espana\/2021\/04\/26\/las-cabinas-de-cryosense-clave-en-la-preparacion-de-equipos-como-el-real-madrid\/#primaryimage\",\"url\":\"https:\/\/noti-america.com\/site\/espana\/wp-content\/uploads\/sites\/25\/2021\/04\/sin-titulo-6_20477534_20200730110645.jpg\",\"contentUrl\":\"https:\/\/noti-america.com\/site\/espana\/wp-content\/uploads\/sites\/25\/2021\/04\/sin-titulo-6_20477534_20200730110645.jpg\",\"width\":675,\"height\":400},{\"@type\":\"BreadcrumbList\",\"@id\":\"https:\/\/noti-america.com\/site\/espana\/2021\/04\/26\/las-cabinas-de-cryosense-clave-en-la-preparacion-de-equipos-como-el-real-madrid\/#breadcrumb\",\"itemListElement\":[{\"@type\":\"ListItem\",\"position\":1,\"name\":\"Portada\",\"item\":\"https:\/\/noti-america.com\/site\/espana\/\"},{\"@type\":\"ListItem\",\"position\":2,\"name\":\"Las cabinas de Cryosense, clave en la preparaci\u00f3n de equipos como el Real Madrid\"}]},{\"@type\":\"WebSite\",\"@id\":\"https:\/\/noti-america.com\/site\/espana\/#website\",\"url\":\"https:\/\/noti-america.com\/site\/espana\/\",\"name\":\"Espa\u00f1a | Noti-America.com\",\"description\":\"\",\"publisher\":{\"@id\":\"https:\/\/noti-america.com\/site\/espana\/#organization\"},\"potentialAction\":[{\"@type\":\"SearchAction\",\"target\":{\"@type\":\"EntryPoint\",\"urlTemplate\":\"https:\/\/noti-america.com\/site\/espana\/?s={search_term_string}\"},\"query-input\":{\"@type\":\"PropertyValueSpecification\",\"valueRequired\":true,\"valueName\":\"search_term_string\"}}],\"inLanguage\":\"es\"},{\"@type\":\"Organization\",\"@id\":\"https:\/\/noti-america.com\/site\/espana\/#organization\",\"name\":\"Noti-America LLC | Espa\u00f1a\",\"url\":\"https:\/\/noti-america.com\/site\/espana\/\",\"logo\":{\"@type\":\"ImageObject\",\"inLanguage\":\"es\",\"@id\":\"https:\/\/noti-america.com\/site\/espana\/#\/schema\/logo\/image\/\",\"url\":\"https:\/\/noti-america.com\/site\/espana\/wp-content\/uploads\/sites\/25\/2020\/07\/LogoNA-4x3-1.jpg\",\"contentUrl\":\"https:\/\/noti-america.com\/site\/espana\/wp-content\/uploads\/sites\/25\/2020\/07\/LogoNA-4x3-1.jpg\",\"width\":1236,\"height\":1080,\"caption\":\"Noti-America LLC | Espa\u00f1a\"},\"image\":{\"@id\":\"https:\/\/noti-america.com\/site\/espana\/#\/schema\/logo\/image\/\"},\"sameAs\":[\"https:\/\/x.com\/notiamerica\"]},{\"@type\":\"Person\",\"@id\":\"https:\/\/noti-america.com\/site\/espana\/#\/schema\/person\/fd58dbfb92a257e9dc5761bf69a855ff\",\"name\":\"Rosmer Herrera\",\"image\":{\"@type\":\"ImageObject\",\"inLanguage\":\"es\",\"@id\":\"https:\/\/secure.gravatar.com\/avatar\/153e75c261394dbf20ff1a1e70ea2be9494f2b40b7fc4e7704084db13220ae08?s=96&d=mm&r=g\",\"url\":\"https:\/\/secure.gravatar.com\/avatar\/153e75c261394dbf20ff1a1e70ea2be9494f2b40b7fc4e7704084db13220ae08?s=96&d=mm&r=g\",\"contentUrl\":\"https:\/\/secure.gravatar.com\/avatar\/153e75c261394dbf20ff1a1e70ea2be9494f2b40b7fc4e7704084db13220ae08?s=96&d=mm&r=g\",\"caption\":\"Rosmer Herrera\"},\"url\":\"https:\/\/noti-america.com\/site\/espana\/author\/rosmer33\/\"}]}<\/script>\n<!-- \/ Yoast SEO Premium plugin. -->","yoast_head_json":{"title":"Las cabinas de Cryosense, clave en la preparaci\u00f3n de equipos como el Real Madrid - Espa\u00f1a | Noti-America.com","robots":{"index":"index","follow":"follow","max-snippet":"max-snippet:-1","max-image-preview":"max-image-preview:large","max-video-preview":"max-video-preview:-1"},"canonical":"https:\/\/noti-america.com\/site\/espana\/2021\/04\/26\/las-cabinas-de-cryosense-clave-en-la-preparacion-de-equipos-como-el-real-madrid\/","og_locale":"es_ES","og_type":"article","og_title":"Las cabinas de Cryosense, clave en la preparaci\u00f3n de equipos como el Real Madrid","og_description":"Nota de Prensa &#8211; Comunicae Media La crioterapia deportiva es una terapia eficaz para la recuperaci\u00f3n f\u00edsica y la mejora del rendimiento. Numerosos deportistas de \u00e9lite y equipos profesionales como el Real Madrid ya&#46;&#46;&#46;","og_url":"https:\/\/noti-america.com\/site\/espana\/2021\/04\/26\/las-cabinas-de-cryosense-clave-en-la-preparacion-de-equipos-como-el-real-madrid\/","og_site_name":"Espa\u00f1a | Noti-America.com","article_published_time":"2021-04-26T09:51:08+00:00","article_modified_time":"2021-04-26T13:51:19+00:00","og_image":[{"width":675,"height":400,"url":"https:\/\/noti-america.com\/site\/espana\/wp-content\/uploads\/sites\/25\/2021\/04\/sin-titulo-6_20477534_20200730110645.jpg","type":"image\/jpeg"}],"author":"Rosmer Herrera","twitter_card":"summary_large_image","twitter_creator":"@notiamerica","twitter_site":"@notiamerica","twitter_misc":{"Escrito por":"Rosmer Herrera","Tiempo estimado de lectura":"2 minutos"},"schema":{"@context":"https:\/\/schema.org","@graph":[{"@type":"Article","@id":"https:\/\/noti-america.com\/site\/espana\/2021\/04\/26\/las-cabinas-de-cryosense-clave-en-la-preparacion-de-equipos-como-el-real-madrid\/#article","isPartOf":{"@id":"https:\/\/noti-america.com\/site\/espana\/2021\/04\/26\/las-cabinas-de-cryosense-clave-en-la-preparacion-de-equipos-como-el-real-madrid\/"},"author":{"name":"Rosmer Herrera","@id":"https:\/\/noti-america.com\/site\/espana\/#\/schema\/person\/fd58dbfb92a257e9dc5761bf69a855ff"},"headline":"Las cabinas de Cryosense, clave en la preparaci\u00f3n de equipos como el Real Madrid","datePublished":"2021-04-26T09:51:08+00:00","dateModified":"2021-04-26T13:51:19+00:00","mainEntityOfPage":{"@id":"https:\/\/noti-america.com\/site\/espana\/2021\/04\/26\/las-cabinas-de-cryosense-clave-en-la-preparacion-de-equipos-como-el-real-madrid\/"},"wordCount":475,"commentCount":0,"publisher":{"@id":"https:\/\/noti-america.com\/site\/espana\/#organization"},"image":{"@id":"https:\/\/noti-america.com\/site\/espana\/2021\/04\/26\/las-cabinas-de-cryosense-clave-en-la-preparacion-de-equipos-como-el-real-madrid\/#primaryimage"},"thumbnailUrl":"https:\/\/noti-america.com\/site\/espana\/wp-content\/uploads\/sites\/25\/2021\/04\/sin-titulo-6_20477534_20200730110645.jpg","articleSection":["Actualidad","Deportes"],"inLanguage":"es","potentialAction":[{"@type":"CommentAction","name":"Comment","target":["https:\/\/noti-america.com\/site\/espana\/2021\/04\/26\/las-cabinas-de-cryosense-clave-en-la-preparacion-de-equipos-como-el-real-madrid\/#respond"]}]},{"@type":"WebPage","@id":"https:\/\/noti-america.com\/site\/espana\/2021\/04\/26\/las-cabinas-de-cryosense-clave-en-la-preparacion-de-equipos-como-el-real-madrid\/","url":"https:\/\/noti-america.com\/site\/espana\/2021\/04\/26\/las-cabinas-de-cryosense-clave-en-la-preparacion-de-equipos-como-el-real-madrid\/","name":"Las cabinas de Cryosense, clave en la preparaci\u00f3n de equipos como el Real Madrid - Espa\u00f1a | Noti-America.com","isPartOf":{"@id":"https:\/\/noti-america.com\/site\/espana\/#website"},"primaryImageOfPage":{"@id":"https:\/\/noti-america.com\/site\/espana\/2021\/04\/26\/las-cabinas-de-cryosense-clave-en-la-preparacion-de-equipos-como-el-real-madrid\/#primaryimage"},"image":{"@id":"https:\/\/noti-america.com\/site\/espana\/2021\/04\/26\/las-cabinas-de-cryosense-clave-en-la-preparacion-de-equipos-como-el-real-madrid\/#primaryimage"},"thumbnailUrl":"https:\/\/noti-america.com\/site\/espana\/wp-content\/uploads\/sites\/25\/2021\/04\/sin-titulo-6_20477534_20200730110645.jpg","datePublished":"2021-04-26T09:51:08+00:00","dateModified":"2021-04-26T13:51:19+00:00","breadcrumb":{"@id":"https:\/\/noti-america.com\/site\/espana\/2021\/04\/26\/las-cabinas-de-cryosense-clave-en-la-preparacion-de-equipos-como-el-real-madrid\/#breadcrumb"},"inLanguage":"es","potentialAction":[{"@type":"ReadAction","target":["https:\/\/noti-america.com\/site\/espana\/2021\/04\/26\/las-cabinas-de-cryosense-clave-en-la-preparacion-de-equipos-como-el-real-madrid\/"]}]},{"@type":"ImageObject","inLanguage":"es","@id":"https:\/\/noti-america.com\/site\/espana\/2021\/04\/26\/las-cabinas-de-cryosense-clave-en-la-preparacion-de-equipos-como-el-real-madrid\/#primaryimage","url":"https:\/\/noti-america.com\/site\/espana\/wp-content\/uploads\/sites\/25\/2021\/04\/sin-titulo-6_20477534_20200730110645.jpg","contentUrl":"https:\/\/noti-america.com\/site\/espana\/wp-content\/uploads\/sites\/25\/2021\/04\/sin-titulo-6_20477534_20200730110645.jpg","width":675,"height":400},{"@type":"BreadcrumbList","@id":"https:\/\/noti-america.com\/site\/espana\/2021\/04\/26\/las-cabinas-de-cryosense-clave-en-la-preparacion-de-equipos-como-el-real-madrid\/#breadcrumb","itemListElement":[{"@type":"ListItem","position":1,"name":"Portada","item":"https:\/\/noti-america.com\/site\/espana\/"},{"@type":"ListItem","position":2,"name":"Las cabinas de Cryosense, clave en la preparaci\u00f3n de equipos como el Real Madrid"}]},{"@type":"WebSite","@id":"https:\/\/noti-america.com\/site\/espana\/#website","url":"https:\/\/noti-america.com\/site\/espana\/","name":"Espa\u00f1a | Noti-America.com","description":"","publisher":{"@id":"https:\/\/noti-america.com\/site\/espana\/#organization"},"potentialAction":[{"@type":"SearchAction","target":{"@type":"EntryPoint","urlTemplate":"https:\/\/noti-america.com\/site\/espana\/?s={search_term_string}"},"query-input":{"@type":"PropertyValueSpecification","valueRequired":true,"valueName":"search_term_string"}}],"inLanguage":"es"},{"@type":"Organization","@id":"https:\/\/noti-america.com\/site\/espana\/#organization","name":"Noti-America LLC | Espa\u00f1a","url":"https:\/\/noti-america.com\/site\/espana\/","logo":{"@type":"ImageObject","inLanguage":"es","@id":"https:\/\/noti-america.com\/site\/espana\/#\/schema\/logo\/image\/","url":"https:\/\/noti-america.com\/site\/espana\/wp-content\/uploads\/sites\/25\/2020\/07\/LogoNA-4x3-1.jpg","contentUrl":"https:\/\/noti-america.com\/site\/espana\/wp-content\/uploads\/sites\/25\/2020\/07\/LogoNA-4x3-1.jpg","width":1236,"height":1080,"caption":"Noti-America LLC | Espa\u00f1a"},"image":{"@id":"https:\/\/noti-america.com\/site\/espana\/#\/schema\/logo\/image\/"},"sameAs":["https:\/\/x.com\/notiamerica"]},{"@type":"Person","@id":"https:\/\/noti-america.com\/site\/espana\/#\/schema\/person\/fd58dbfb92a257e9dc5761bf69a855ff","name":"Rosmer Herrera","image":{"@type":"ImageObject","inLanguage":"es","@id":"https:\/\/secure.gravatar.com\/avatar\/153e75c261394dbf20ff1a1e70ea2be9494f2b40b7fc4e7704084db13220ae08?s=96&d=mm&r=g","url":"https:\/\/secure.gravatar.com\/avatar\/153e75c261394dbf20ff1a1e70ea2be9494f2b40b7fc4e7704084db13220ae08?s=96&d=mm&r=g","contentUrl":"https:\/\/secure.gravatar.com\/avatar\/153e75c261394dbf20ff1a1e70ea2be9494f2b40b7fc4e7704084db13220ae08?s=96&d=mm&r=g","caption":"Rosmer Herrera"},"url":"https:\/\/noti-america.com\/site\/espana\/author\/rosmer33\/"}]}},"_links":{"self":[{"href":"https:\/\/noti-america.com\/site\/espana\/wp-json\/wp\/v2\/posts\/4738","targetHints":{"allow":["GET"]}}],"collection":[{"href":"https:\/\/noti-america.com\/site\/espana\/wp-json\/wp\/v2\/posts"}],"about":[{"href":"https:\/\/noti-america.com\/site\/espana\/wp-json\/wp\/v2\/types\/post"}],"author":[{"embeddable":true,"href":"https:\/\/noti-america.com\/site\/espana\/wp-json\/wp\/v2\/users\/1"}],"replies":[{"embeddable":true,"href":"https:\/\/noti-america.com\/site\/espana\/wp-json\/wp\/v2\/comments?post=4738"}],"version-history":[{"count":1,"href":"https:\/\/noti-america.com\/site\/espana\/wp-json\/wp\/v2\/posts\/4738\/revisions"}],"predecessor-version":[{"id":4740,"href":"https:\/\/noti-america.com\/site\/espana\/wp-json\/wp\/v2\/posts\/4738\/revisions\/4740"}],"wp:featuredmedia":[{"embeddable":true,"href":"https:\/\/noti-america.com\/site\/espana\/wp-json\/wp\/v2\/media\/4739"}],"wp:attachment":[{"href":"https:\/\/noti-america.com\/site\/espana\/wp-json\/wp\/v2\/media?parent=4738"}],"wp:term":[{"taxonomy":"category","embeddable":true,"href":"https:\/\/noti-america.com\/site\/espana\/wp-json\/wp\/v2\/categories?post=4738"},{"taxonomy":"post_tag","embeddable":true,"href":"https:\/\/noti-america.com\/site\/espana\/wp-json\/wp\/v2\/tags?post=4738"}],"curies":[{"name":"wp","href":"https:\/\/api.w.org\/{rel}","templated":true}]}}