{"id":4556,"date":"2021-03-22T16:48:29","date_gmt":"2021-03-22T16:48:29","guid":{"rendered":"https:\/\/noti-america.com\/site\/espana\/?p=4556"},"modified":"2021-03-22T16:48:29","modified_gmt":"2021-03-22T16:48:29","slug":"como-puedo-financiar-mi-pequena-y-mediana-empresa","status":"publish","type":"post","link":"https:\/\/noti-america.com\/site\/espana\/2021\/03\/22\/como-puedo-financiar-mi-pequena-y-mediana-empresa\/","title":{"rendered":"\u00bfC\u00f3mo puedo financiar mi Peque\u00f1a y Mediana Empresa?"},"content":{"rendered":"<p><strong>Noti-Am\u00e9rica (Espa\u00f1a)<\/strong><br \/>\n<strong>Madrid,Espa\u00f1a<\/strong><\/p>\n<p>&nbsp;<\/p>\n<p>\u00bfQu\u00e9 es mejor, una empresa econ\u00f3micamente bien o financieramente bien?<\/p>\n<p>En muchas conferencias e incluso entre mis alumnos que estudian Ciencias Econ\u00f3micas suelo hacer dicha pregunta.<\/p>\n<p>Antes de responderla, te recuerdo mi estimado lector, que lo econ\u00f3mico se ve reflejado en:<\/p>\n<p>INGRESOS POR VENTAS (Menos) COSTOS Y GASTOS,<\/p>\n<p>Independiente si cobraste o pagaste, respectivamente.<\/p>\n<p>En cambio, lo financiero es lo que\u00a0<strong>efectivamente<\/strong>\u00a0te entra y sale de dinero.<\/p>\n<p>Muchos me responden a la pregunta del comienzo, que prima lo financiero; muy pocos me dicen que debe primar lo econ\u00f3mico.<\/p>\n<p>La verdad de la cuesti\u00f3n es que\u00a0<strong>en el corto plazo es mejor una empresa financieramente bien.\u00a0<\/strong><\/p>\n<p style=\"text-align: justify\">Pero si queremos vivir muchos a\u00f1os y crecer con nuestro emprendimiento tenemos que pensar no solo en el corto plazo (lo financiero: el dinero que son como el chasis de un auto de rally), sino tambi\u00e9n en qu\u00e9 es lo que hago, me apasiona, s\u00e9 hacer, va con mi identidad como persona y como equipo de trabajo y es la raz\u00f3n de \u201cser\u201d por la que me despierto todas las ma\u00f1anas a afrontar varias situaciones de mi d\u00eda a d\u00eda y es por lo que agrego valor a mis clientes Clientes que en consecuencia, me pagan por esto. Esta es la visi\u00f3n de m\u00e1s largo plazo. Es decir, estamos pensando en el Modelo de Negocios (el motor del auto de rally) que se ve reflejado en lo econ\u00f3mico (como dijimos arriba, ventas menos costos y gastos).<\/p>\n<p>Ahora te pregunto, \u00bfte animarias a poner dinero en mi peque\u00f1a o mediana empresa (PyME)?<\/p>\n<p>Seguramente, antes de responder, me preguntar\u00e1s cosas para poder analizar mi compa\u00f1\u00eda y ver si te genero confianza.<\/p>\n<p>Entre estas preguntas puede estar el:<\/p>\n<ul>\n<li style=\"text-align: justify\">\u00bfQu\u00e9 es lo que haces? Esto ser\u00eda el modelo de negocio desde el costado cualitativo, es decir la descripci\u00f3n.<\/li>\n<li style=\"text-align: justify\">Luego, \u00bfC\u00f3mo lo haces? Esto ser\u00eda el modelo de negocio desde el costado cuantitativo, es decir ver si se generan suficientes ventas por sobre la estructura de costos y gastos en los que incurres para poner a trabajar tu emprendimiento, esto es lo econ\u00f3mico, m\u00e1s analizar si te ingresa el suficiente caudal de dinero de cobranzas por ventas con el fin de afrontar las salidas del mismo, esto es lo financiero.<\/li>\n<li style=\"text-align: justify\">\u00bfQui\u00e9nes son tus clientes y que proyecciones o tendencias tienes en tu negocio y mercado? (esto ser\u00eda el conocer tu mercado, su potencial, tendencias de crecimiento a futuro)<\/li>\n<li style=\"text-align: justify\">\u00bfCu\u00e1l es tu capacidad y la de tu equipo para gestionar tu empresa o emprendimiento con \u00e9xito? (esto ser\u00eda el conocer las aptitudes del equipo de trabajo ya que, en definitiva, a las empresas las hacemos las personas)<\/li>\n<\/ul>\n<p style=\"text-align: justify\">Pero, \u00bfqu\u00e9 pasar\u00e1 si TU PyME tiene unos meses de vida, un a\u00f1o, dos a\u00f1os o m\u00e1s? \u00bfCu\u00e1l crees que tendr\u00e1 mayores probabilidades de lograr confianza y captar financiamiento de bancos, de inversores, etc?<\/p>\n<p style=\"text-align: justify\">No te desanimes, mi estimado lector, que para cada estadio de vida de tu PyME hay un perfil de financiamiento adecuado. Pero siempre las bases est\u00e1n en el \u00bfQu\u00e9? \u00bfC\u00f3mo? \u00bfPara qui\u00e9n?<\/p>\n<p style=\"text-align: justify\">Y en la capacidad tuya y la de tu equipo. Eso se ve reflejado en los n\u00fameros. Por ello, no muestres balances con p\u00e9rdidas eternas por culpa de no pagar o pagar poco y nada de impuestos. Esto es malo para el crecimiento de tu empresa y te pone en riesgo ante el fisco y los organismos de contralor en general.<\/p>\n<p style=\"text-align: justify\">Para ir concluyendo, te comento que para aquellas PyMEs que logran generar confianza y tienen una vida menor a los dos a\u00f1os, hoy est\u00e1 tomando auge el \u201ccrowdfunding\u201d o financiamiento colectivo. Estas son plataformas que re\u00fanen a inversores que est\u00e1n dispuestos a apostar (en formato de pr\u00e9stamo o de aporte de capital) por tu emprendimiento.<\/p>\n<p style=\"text-align: justify\">Tambi\u00e9n est\u00e1n comenzando a surgir comunidades en donde se busca hacer compensaci\u00f3n entre las facturas que tienes por cobrar a tus clientes contra las que tienes que pagar a tus proveedores.<\/p>\n<p style=\"text-align: justify\">Luego, si superas los dos a\u00f1os de vida, generando confianza y demostrando capacidad de gerenciamiento, comienzan a aparecer figuras como las Sociedades de Garant\u00eda Rec\u00edproca o similares, conforme al pa\u00eds de que se trate, con el fin de lograr el aval o respaldo (como un garante) a favor de TU PyME y esto te abre el juego para financiarte en muy buenas condiciones (menor tasa de inter\u00e9s, mayor plazo e importe del pr\u00e9stamo) tanto por v\u00eda bancaria como por medio del mercado de capitales. Este \u00faltimo no es solo para financiar a las grandes compa\u00f1\u00edas, TU PyME tambi\u00e9n puede entrar y es clave para el desarrollo de una econom\u00eda.<\/p>\n<p style=\"text-align: justify\">Como siempre en la vida, el saber por qu\u00e9 \u00e9xito, a d\u00f3nde ir, con qui\u00e9n ir y el actuar en consecuencia es la base de todo. La proactividad es la clave en materia financiera y en los negocios.<\/p>\n<p style=\"text-align: justify\">\u00bfCu\u00e1nto pagas si sales a pedir dinero a las apuradas y cu\u00e1nto pagas si lo haces con un plan y con el tiempo adecuado?<\/p>\n<p style=\"text-align: justify\">Hazte la fama y \u00e9chate a la cama.<\/p>\n<p>Saludos,<\/p>\n<p>Gast\u00f3n I. Rold\u00e1n<\/p>\n<p>Cdor. Esp en Finanzas de Empresas<\/p>\n<p>Co-fundador\u00a0<a href=\"https:\/\/www.consultoraconecta.com\/\">www.consultoraconecta.com<\/a><\/p>\n","protected":false},"excerpt":{"rendered":"<p>Noti-Am\u00e9rica (Espa\u00f1a) Madrid,Espa\u00f1a &nbsp; \u00bfQu\u00e9 es mejor, una empresa econ\u00f3micamente bien o financieramente bien? En muchas conferencias e incluso entre mis alumnos que estudian Ciencias Econ\u00f3micas suelo hacer dicha pregunta. Antes de responderla, te&#46;&#46;&#46;<\/p>\n","protected":false},"author":87,"featured_media":4557,"comment_status":"open","ping_status":"open","sticky":false,"template":"","format":"image","meta":{"_acf_changed":false,"om_disable_all_campaigns":false,"rop_custom_images_group":[],"rop_custom_messages_group":[],"rop_publish_now":"initial","rop_publish_now_accounts":[],"rop_publish_now_history":[],"rop_publish_now_status":"pending","_uf_show_specific_survey":0,"_uf_disable_surveys":false,"footnotes":""},"categories":[150,163],"tags":[],"class_list":["post-4556","post","type-post","status-publish","format-image","has-post-thumbnail","hentry","category-empresarios","category-empresas","post_format-post-format-image"],"acf":[],"aioseo_notices":[],"yoast_head":"<!-- This site is optimized with the Yoast SEO Premium plugin v24.9 (Yoast SEO v27.2) - https:\/\/yoast.com\/product\/yoast-seo-premium-wordpress\/ -->\n<title>\u00bfC\u00f3mo puedo financiar mi Peque\u00f1a y Mediana Empresa? - Espa\u00f1a | Noti-America.com<\/title>\n<meta name=\"robots\" content=\"index, follow, max-snippet:-1, max-image-preview:large, max-video-preview:-1\" \/>\n<link rel=\"canonical\" href=\"https:\/\/noti-america.com\/site\/espana\/2021\/03\/22\/como-puedo-financiar-mi-pequena-y-mediana-empresa\/\" \/>\n<meta property=\"og:locale\" content=\"es_ES\" \/>\n<meta property=\"og:type\" content=\"article\" \/>\n<meta property=\"og:title\" content=\"\u00bfC\u00f3mo puedo financiar mi Peque\u00f1a y Mediana Empresa?\" \/>\n<meta property=\"og:description\" content=\"Noti-Am\u00e9rica (Espa\u00f1a) Madrid,Espa\u00f1a &nbsp; \u00bfQu\u00e9 es mejor, una empresa econ\u00f3micamente bien o financieramente bien? En muchas conferencias e incluso entre mis alumnos que estudian Ciencias Econ\u00f3micas suelo hacer dicha pregunta. Antes de responderla, te&#046;&#046;&#046;\" \/>\n<meta property=\"og:url\" content=\"https:\/\/noti-america.com\/site\/espana\/2021\/03\/22\/como-puedo-financiar-mi-pequena-y-mediana-empresa\/\" \/>\n<meta property=\"og:site_name\" content=\"Espa\u00f1a | Noti-America.com\" \/>\n<meta property=\"article:published_time\" content=\"2021-03-22T16:48:29+00:00\" \/>\n<meta property=\"og:image\" content=\"https:\/\/noti-america.com\/site\/espana\/wp-content\/uploads\/sites\/25\/2021\/03\/Inversores_Nordelta.jpg\" \/>\n\t<meta property=\"og:image:width\" content=\"1024\" \/>\n\t<meta property=\"og:image:height\" content=\"768\" \/>\n\t<meta property=\"og:image:type\" content=\"image\/jpeg\" \/>\n<meta name=\"author\" content=\"CAMH\" \/>\n<meta name=\"twitter:card\" content=\"summary_large_image\" \/>\n<meta name=\"twitter:creator\" content=\"@notiamerica\" \/>\n<meta name=\"twitter:site\" content=\"@notiamerica\" \/>\n<meta name=\"twitter:label1\" content=\"Escrito por\" \/>\n\t<meta name=\"twitter:data1\" content=\"CAMH\" \/>\n\t<meta name=\"twitter:label2\" content=\"Tiempo estimado de lectura\" \/>\n\t<meta name=\"twitter:data2\" content=\"5 minutos\" \/>\n<script type=\"application\/ld+json\" class=\"yoast-schema-graph\">{\"@context\":\"https:\/\/schema.org\",\"@graph\":[{\"@type\":\"Article\",\"@id\":\"https:\/\/noti-america.com\/site\/espana\/2021\/03\/22\/como-puedo-financiar-mi-pequena-y-mediana-empresa\/#article\",\"isPartOf\":{\"@id\":\"https:\/\/noti-america.com\/site\/espana\/2021\/03\/22\/como-puedo-financiar-mi-pequena-y-mediana-empresa\/\"},\"author\":{\"name\":\"CAMH\",\"@id\":\"https:\/\/noti-america.com\/site\/espana\/#\/schema\/person\/e13880b4308eea6926b271284605ef72\"},\"headline\":\"\u00bfC\u00f3mo puedo financiar mi Peque\u00f1a y Mediana Empresa?\",\"datePublished\":\"2021-03-22T16:48:29+00:00\",\"mainEntityOfPage\":{\"@id\":\"https:\/\/noti-america.com\/site\/espana\/2021\/03\/22\/como-puedo-financiar-mi-pequena-y-mediana-empresa\/\"},\"wordCount\":920,\"commentCount\":0,\"publisher\":{\"@id\":\"https:\/\/noti-america.com\/site\/espana\/#organization\"},\"image\":{\"@id\":\"https:\/\/noti-america.com\/site\/espana\/2021\/03\/22\/como-puedo-financiar-mi-pequena-y-mediana-empresa\/#primaryimage\"},\"thumbnailUrl\":\"https:\/\/noti-america.com\/site\/espana\/wp-content\/uploads\/sites\/25\/2021\/03\/Inversores_Nordelta.jpg\",\"articleSection\":[\"Empresarios\",\"Empresas\"],\"inLanguage\":\"es\",\"potentialAction\":[{\"@type\":\"CommentAction\",\"name\":\"Comment\",\"target\":[\"https:\/\/noti-america.com\/site\/espana\/2021\/03\/22\/como-puedo-financiar-mi-pequena-y-mediana-empresa\/#respond\"]}]},{\"@type\":\"WebPage\",\"@id\":\"https:\/\/noti-america.com\/site\/espana\/2021\/03\/22\/como-puedo-financiar-mi-pequena-y-mediana-empresa\/\",\"url\":\"https:\/\/noti-america.com\/site\/espana\/2021\/03\/22\/como-puedo-financiar-mi-pequena-y-mediana-empresa\/\",\"name\":\"\u00bfC\u00f3mo puedo financiar mi Peque\u00f1a y Mediana Empresa? - Espa\u00f1a | Noti-America.com\",\"isPartOf\":{\"@id\":\"https:\/\/noti-america.com\/site\/espana\/#website\"},\"primaryImageOfPage\":{\"@id\":\"https:\/\/noti-america.com\/site\/espana\/2021\/03\/22\/como-puedo-financiar-mi-pequena-y-mediana-empresa\/#primaryimage\"},\"image\":{\"@id\":\"https:\/\/noti-america.com\/site\/espana\/2021\/03\/22\/como-puedo-financiar-mi-pequena-y-mediana-empresa\/#primaryimage\"},\"thumbnailUrl\":\"https:\/\/noti-america.com\/site\/espana\/wp-content\/uploads\/sites\/25\/2021\/03\/Inversores_Nordelta.jpg\",\"datePublished\":\"2021-03-22T16:48:29+00:00\",\"breadcrumb\":{\"@id\":\"https:\/\/noti-america.com\/site\/espana\/2021\/03\/22\/como-puedo-financiar-mi-pequena-y-mediana-empresa\/#breadcrumb\"},\"inLanguage\":\"es\",\"potentialAction\":[{\"@type\":\"ReadAction\",\"target\":[\"https:\/\/noti-america.com\/site\/espana\/2021\/03\/22\/como-puedo-financiar-mi-pequena-y-mediana-empresa\/\"]}]},{\"@type\":\"ImageObject\",\"inLanguage\":\"es\",\"@id\":\"https:\/\/noti-america.com\/site\/espana\/2021\/03\/22\/como-puedo-financiar-mi-pequena-y-mediana-empresa\/#primaryimage\",\"url\":\"https:\/\/noti-america.com\/site\/espana\/wp-content\/uploads\/sites\/25\/2021\/03\/Inversores_Nordelta.jpg\",\"contentUrl\":\"https:\/\/noti-america.com\/site\/espana\/wp-content\/uploads\/sites\/25\/2021\/03\/Inversores_Nordelta.jpg\",\"width\":1024,\"height\":768},{\"@type\":\"BreadcrumbList\",\"@id\":\"https:\/\/noti-america.com\/site\/espana\/2021\/03\/22\/como-puedo-financiar-mi-pequena-y-mediana-empresa\/#breadcrumb\",\"itemListElement\":[{\"@type\":\"ListItem\",\"position\":1,\"name\":\"Portada\",\"item\":\"https:\/\/noti-america.com\/site\/espana\/\"},{\"@type\":\"ListItem\",\"position\":2,\"name\":\"\u00bfC\u00f3mo puedo financiar mi Peque\u00f1a y Mediana Empresa?\"}]},{\"@type\":\"WebSite\",\"@id\":\"https:\/\/noti-america.com\/site\/espana\/#website\",\"url\":\"https:\/\/noti-america.com\/site\/espana\/\",\"name\":\"Espa\u00f1a | Noti-America.com\",\"description\":\"\",\"publisher\":{\"@id\":\"https:\/\/noti-america.com\/site\/espana\/#organization\"},\"potentialAction\":[{\"@type\":\"SearchAction\",\"target\":{\"@type\":\"EntryPoint\",\"urlTemplate\":\"https:\/\/noti-america.com\/site\/espana\/?s={search_term_string}\"},\"query-input\":{\"@type\":\"PropertyValueSpecification\",\"valueRequired\":true,\"valueName\":\"search_term_string\"}}],\"inLanguage\":\"es\"},{\"@type\":\"Organization\",\"@id\":\"https:\/\/noti-america.com\/site\/espana\/#organization\",\"name\":\"Noti-America LLC | Espa\u00f1a\",\"url\":\"https:\/\/noti-america.com\/site\/espana\/\",\"logo\":{\"@type\":\"ImageObject\",\"inLanguage\":\"es\",\"@id\":\"https:\/\/noti-america.com\/site\/espana\/#\/schema\/logo\/image\/\",\"url\":\"https:\/\/noti-america.com\/site\/espana\/wp-content\/uploads\/sites\/25\/2020\/07\/LogoNA-4x3-1.jpg\",\"contentUrl\":\"https:\/\/noti-america.com\/site\/espana\/wp-content\/uploads\/sites\/25\/2020\/07\/LogoNA-4x3-1.jpg\",\"width\":1236,\"height\":1080,\"caption\":\"Noti-America LLC | Espa\u00f1a\"},\"image\":{\"@id\":\"https:\/\/noti-america.com\/site\/espana\/#\/schema\/logo\/image\/\"},\"sameAs\":[\"https:\/\/x.com\/notiamerica\"]},{\"@type\":\"Person\",\"@id\":\"https:\/\/noti-america.com\/site\/espana\/#\/schema\/person\/e13880b4308eea6926b271284605ef72\",\"name\":\"CAMH\",\"image\":{\"@type\":\"ImageObject\",\"inLanguage\":\"es\",\"@id\":\"https:\/\/secure.gravatar.com\/avatar\/82aa99c723cbed2b304797bc218a5542b5a94d7f5d0ba3b39650aef53c28ecf5?s=96&d=mm&r=g\",\"url\":\"https:\/\/secure.gravatar.com\/avatar\/82aa99c723cbed2b304797bc218a5542b5a94d7f5d0ba3b39650aef53c28ecf5?s=96&d=mm&r=g\",\"contentUrl\":\"https:\/\/secure.gravatar.com\/avatar\/82aa99c723cbed2b304797bc218a5542b5a94d7f5d0ba3b39650aef53c28ecf5?s=96&d=mm&r=g\",\"caption\":\"CAMH\"},\"url\":\"https:\/\/noti-america.com\/site\/espana\/author\/cmitchell\/\"}]}<\/script>\n<!-- \/ Yoast SEO Premium plugin. -->","yoast_head_json":{"title":"\u00bfC\u00f3mo puedo financiar mi Peque\u00f1a y Mediana Empresa? - Espa\u00f1a | Noti-America.com","robots":{"index":"index","follow":"follow","max-snippet":"max-snippet:-1","max-image-preview":"max-image-preview:large","max-video-preview":"max-video-preview:-1"},"canonical":"https:\/\/noti-america.com\/site\/espana\/2021\/03\/22\/como-puedo-financiar-mi-pequena-y-mediana-empresa\/","og_locale":"es_ES","og_type":"article","og_title":"\u00bfC\u00f3mo puedo financiar mi Peque\u00f1a y Mediana Empresa?","og_description":"Noti-Am\u00e9rica (Espa\u00f1a) Madrid,Espa\u00f1a &nbsp; \u00bfQu\u00e9 es mejor, una empresa econ\u00f3micamente bien o financieramente bien? En muchas conferencias e incluso entre mis alumnos que estudian Ciencias Econ\u00f3micas suelo hacer dicha pregunta. Antes de responderla, te&#46;&#46;&#46;","og_url":"https:\/\/noti-america.com\/site\/espana\/2021\/03\/22\/como-puedo-financiar-mi-pequena-y-mediana-empresa\/","og_site_name":"Espa\u00f1a | Noti-America.com","article_published_time":"2021-03-22T16:48:29+00:00","og_image":[{"width":1024,"height":768,"url":"https:\/\/noti-america.com\/site\/espana\/wp-content\/uploads\/sites\/25\/2021\/03\/Inversores_Nordelta.jpg","type":"image\/jpeg"}],"author":"CAMH","twitter_card":"summary_large_image","twitter_creator":"@notiamerica","twitter_site":"@notiamerica","twitter_misc":{"Escrito por":"CAMH","Tiempo estimado de lectura":"5 minutos"},"schema":{"@context":"https:\/\/schema.org","@graph":[{"@type":"Article","@id":"https:\/\/noti-america.com\/site\/espana\/2021\/03\/22\/como-puedo-financiar-mi-pequena-y-mediana-empresa\/#article","isPartOf":{"@id":"https:\/\/noti-america.com\/site\/espana\/2021\/03\/22\/como-puedo-financiar-mi-pequena-y-mediana-empresa\/"},"author":{"name":"CAMH","@id":"https:\/\/noti-america.com\/site\/espana\/#\/schema\/person\/e13880b4308eea6926b271284605ef72"},"headline":"\u00bfC\u00f3mo puedo financiar mi Peque\u00f1a y Mediana Empresa?","datePublished":"2021-03-22T16:48:29+00:00","mainEntityOfPage":{"@id":"https:\/\/noti-america.com\/site\/espana\/2021\/03\/22\/como-puedo-financiar-mi-pequena-y-mediana-empresa\/"},"wordCount":920,"commentCount":0,"publisher":{"@id":"https:\/\/noti-america.com\/site\/espana\/#organization"},"image":{"@id":"https:\/\/noti-america.com\/site\/espana\/2021\/03\/22\/como-puedo-financiar-mi-pequena-y-mediana-empresa\/#primaryimage"},"thumbnailUrl":"https:\/\/noti-america.com\/site\/espana\/wp-content\/uploads\/sites\/25\/2021\/03\/Inversores_Nordelta.jpg","articleSection":["Empresarios","Empresas"],"inLanguage":"es","potentialAction":[{"@type":"CommentAction","name":"Comment","target":["https:\/\/noti-america.com\/site\/espana\/2021\/03\/22\/como-puedo-financiar-mi-pequena-y-mediana-empresa\/#respond"]}]},{"@type":"WebPage","@id":"https:\/\/noti-america.com\/site\/espana\/2021\/03\/22\/como-puedo-financiar-mi-pequena-y-mediana-empresa\/","url":"https:\/\/noti-america.com\/site\/espana\/2021\/03\/22\/como-puedo-financiar-mi-pequena-y-mediana-empresa\/","name":"\u00bfC\u00f3mo puedo financiar mi Peque\u00f1a y Mediana Empresa? - Espa\u00f1a | Noti-America.com","isPartOf":{"@id":"https:\/\/noti-america.com\/site\/espana\/#website"},"primaryImageOfPage":{"@id":"https:\/\/noti-america.com\/site\/espana\/2021\/03\/22\/como-puedo-financiar-mi-pequena-y-mediana-empresa\/#primaryimage"},"image":{"@id":"https:\/\/noti-america.com\/site\/espana\/2021\/03\/22\/como-puedo-financiar-mi-pequena-y-mediana-empresa\/#primaryimage"},"thumbnailUrl":"https:\/\/noti-america.com\/site\/espana\/wp-content\/uploads\/sites\/25\/2021\/03\/Inversores_Nordelta.jpg","datePublished":"2021-03-22T16:48:29+00:00","breadcrumb":{"@id":"https:\/\/noti-america.com\/site\/espana\/2021\/03\/22\/como-puedo-financiar-mi-pequena-y-mediana-empresa\/#breadcrumb"},"inLanguage":"es","potentialAction":[{"@type":"ReadAction","target":["https:\/\/noti-america.com\/site\/espana\/2021\/03\/22\/como-puedo-financiar-mi-pequena-y-mediana-empresa\/"]}]},{"@type":"ImageObject","inLanguage":"es","@id":"https:\/\/noti-america.com\/site\/espana\/2021\/03\/22\/como-puedo-financiar-mi-pequena-y-mediana-empresa\/#primaryimage","url":"https:\/\/noti-america.com\/site\/espana\/wp-content\/uploads\/sites\/25\/2021\/03\/Inversores_Nordelta.jpg","contentUrl":"https:\/\/noti-america.com\/site\/espana\/wp-content\/uploads\/sites\/25\/2021\/03\/Inversores_Nordelta.jpg","width":1024,"height":768},{"@type":"BreadcrumbList","@id":"https:\/\/noti-america.com\/site\/espana\/2021\/03\/22\/como-puedo-financiar-mi-pequena-y-mediana-empresa\/#breadcrumb","itemListElement":[{"@type":"ListItem","position":1,"name":"Portada","item":"https:\/\/noti-america.com\/site\/espana\/"},{"@type":"ListItem","position":2,"name":"\u00bfC\u00f3mo puedo financiar mi Peque\u00f1a y Mediana Empresa?"}]},{"@type":"WebSite","@id":"https:\/\/noti-america.com\/site\/espana\/#website","url":"https:\/\/noti-america.com\/site\/espana\/","name":"Espa\u00f1a | Noti-America.com","description":"","publisher":{"@id":"https:\/\/noti-america.com\/site\/espana\/#organization"},"potentialAction":[{"@type":"SearchAction","target":{"@type":"EntryPoint","urlTemplate":"https:\/\/noti-america.com\/site\/espana\/?s={search_term_string}"},"query-input":{"@type":"PropertyValueSpecification","valueRequired":true,"valueName":"search_term_string"}}],"inLanguage":"es"},{"@type":"Organization","@id":"https:\/\/noti-america.com\/site\/espana\/#organization","name":"Noti-America LLC | Espa\u00f1a","url":"https:\/\/noti-america.com\/site\/espana\/","logo":{"@type":"ImageObject","inLanguage":"es","@id":"https:\/\/noti-america.com\/site\/espana\/#\/schema\/logo\/image\/","url":"https:\/\/noti-america.com\/site\/espana\/wp-content\/uploads\/sites\/25\/2020\/07\/LogoNA-4x3-1.jpg","contentUrl":"https:\/\/noti-america.com\/site\/espana\/wp-content\/uploads\/sites\/25\/2020\/07\/LogoNA-4x3-1.jpg","width":1236,"height":1080,"caption":"Noti-America LLC | Espa\u00f1a"},"image":{"@id":"https:\/\/noti-america.com\/site\/espana\/#\/schema\/logo\/image\/"},"sameAs":["https:\/\/x.com\/notiamerica"]},{"@type":"Person","@id":"https:\/\/noti-america.com\/site\/espana\/#\/schema\/person\/e13880b4308eea6926b271284605ef72","name":"CAMH","image":{"@type":"ImageObject","inLanguage":"es","@id":"https:\/\/secure.gravatar.com\/avatar\/82aa99c723cbed2b304797bc218a5542b5a94d7f5d0ba3b39650aef53c28ecf5?s=96&d=mm&r=g","url":"https:\/\/secure.gravatar.com\/avatar\/82aa99c723cbed2b304797bc218a5542b5a94d7f5d0ba3b39650aef53c28ecf5?s=96&d=mm&r=g","contentUrl":"https:\/\/secure.gravatar.com\/avatar\/82aa99c723cbed2b304797bc218a5542b5a94d7f5d0ba3b39650aef53c28ecf5?s=96&d=mm&r=g","caption":"CAMH"},"url":"https:\/\/noti-america.com\/site\/espana\/author\/cmitchell\/"}]}},"_links":{"self":[{"href":"https:\/\/noti-america.com\/site\/espana\/wp-json\/wp\/v2\/posts\/4556","targetHints":{"allow":["GET"]}}],"collection":[{"href":"https:\/\/noti-america.com\/site\/espana\/wp-json\/wp\/v2\/posts"}],"about":[{"href":"https:\/\/noti-america.com\/site\/espana\/wp-json\/wp\/v2\/types\/post"}],"author":[{"embeddable":true,"href":"https:\/\/noti-america.com\/site\/espana\/wp-json\/wp\/v2\/users\/87"}],"replies":[{"embeddable":true,"href":"https:\/\/noti-america.com\/site\/espana\/wp-json\/wp\/v2\/comments?post=4556"}],"version-history":[{"count":1,"href":"https:\/\/noti-america.com\/site\/espana\/wp-json\/wp\/v2\/posts\/4556\/revisions"}],"predecessor-version":[{"id":4558,"href":"https:\/\/noti-america.com\/site\/espana\/wp-json\/wp\/v2\/posts\/4556\/revisions\/4558"}],"wp:featuredmedia":[{"embeddable":true,"href":"https:\/\/noti-america.com\/site\/espana\/wp-json\/wp\/v2\/media\/4557"}],"wp:attachment":[{"href":"https:\/\/noti-america.com\/site\/espana\/wp-json\/wp\/v2\/media?parent=4556"}],"wp:term":[{"taxonomy":"category","embeddable":true,"href":"https:\/\/noti-america.com\/site\/espana\/wp-json\/wp\/v2\/categories?post=4556"},{"taxonomy":"post_tag","embeddable":true,"href":"https:\/\/noti-america.com\/site\/espana\/wp-json\/wp\/v2\/tags?post=4556"}],"curies":[{"name":"wp","href":"https:\/\/api.w.org\/{rel}","templated":true}]}}