{"id":4300,"date":"2021-02-10T15:14:44","date_gmt":"2021-02-10T15:14:44","guid":{"rendered":"https:\/\/noti-america.com\/site\/espana\/2021\/02\/10\/banco-sabadell-enfoca-en-africa-su-nueva-jornada-de-hub-empresa\/"},"modified":"2021-02-10T15:14:44","modified_gmt":"2021-02-10T15:14:44","slug":"banco-sabadell-enfoca-en-africa-su-nueva-jornada-de-hub-empresa","status":"publish","type":"post","link":"https:\/\/noti-america.com\/site\/espana\/2021\/02\/10\/banco-sabadell-enfoca-en-africa-su-nueva-jornada-de-hub-empresa\/","title":{"rendered":"Banco Sabadell enfoca en \u00c1frica su nueva jornada de Hub Empresa"},"content":{"rendered":"<p>ESPANA | NOTI-AMERICA.COM<\/p>\n<div class=\"post-top\">\n<h1 class=\"post-title\">Banco Sabadell enfoca en \u00c1frica su nueva jornada de Hub Empresa<\/h1>\n<p>www.atalayar.com<\/p>\n<div class=\"field field--name-field-subtitulo field--type-string field--label-hidden field__item\">750 compa\u00f1\u00edas se han conectado al evento organizado para acompa\u00f1ar a empresas espa\u00f1olas en el exterior<\/div>\n<div class=\"field field--name-field-autor field--type-entity-reference field--label-hidden field__item\"><a href=\"https:\/\/atalayar.com\/taxonomy\/term\/1168\" hreflang=\"es\">Alberto Garc\u00eda<\/a><\/div>\n<\/div>\n<div class=\"post-thumbnail\">\n<div class=\"field field--name-field-image field--type-image field--label-hidden field__item\"><img decoding=\"async\" src=\"https:\/\/atalayar.com\/sites\/default\/files\/styles\/foto_\/public\/noticias\/Atalayar_Hub%20Empresa%20Banco%20Sabadell_PORTADA.jpg?itok=Pf2QhbzG\" alt=\"Banco Sabadell\" \/><\/div>\n<div class=\"pie-foto\">\n<p>\u00a0&#8211;<\/p>\n<\/div>\n<\/div>\n<div class=\"post-content\">\n<div class=\"node__content clearfix\">\n<div class=\"field field--name-body field--type-text-with-summary field--label-hidden field__item\">\n<p><strong>El Banco Sabadell ha organizado en esta ocasi\u00f3n un webinar para dar a conocer las posibilidades de inversi\u00f3n en cuatro pa\u00edses africanos: Nigeria, Senegal, Costa de Marfil y Ghana.<\/strong>\u00a0El evento ha sido moderado por\u00a0<strong>Mireia Pont (Hub Empresa)<\/strong>\u00a0y presentado por\u00a0<strong>Carlos Dalmau, director de Soluciones Internacionales de Banco Sabadell.\u00a0<\/strong>Ha constado de tres ponencias a manos de\u00a0<strong>Roberto Barros, director de Internacionalizaci\u00f3n de la C\u00e1mara de Comercio de Tarragona; Alejandro Arola, presidente de Arola Internacional; y Bego\u00f1a Fern\u00e1ndez-Costales, CEO &amp; Export Manager de Bepic Trading Spain.\u00a0<\/strong><\/p>\n<p><strong>La C\u00e1mara de Comercio de Tarragona (Cambra) cuenta con una amplia experiencia en operaciones en \u00c1frica<\/strong>\u00a0que se remonta al a\u00f1o 1994 y a 1998 en el caso de \u00c1frica subsahariana, concretamente Ghana. Barros, que tiene una larga trayectoria, ha explicado las grandes oportunidades de inversi\u00f3n que hay en el continente.<\/p>\n<p><strong>La mayor parte de las tierras no cultivadas del mundo est\u00e1n en \u00c1frica\u00a0<\/strong>por lo que las empresas de agricultura, fertilizantes y maquinaria tienen un enorme potencial en todo el continente. Adem\u00e1s, las que est\u00e1n cultivadas son de forma ineficiente as\u00ed que necesitan modernizarse.<\/p>\n<p>En cuanto a c\u00f3mo ha afectado la COVID-19 al continente, Barros ha explicado que\u00a0<strong>la menor tasa de mortalidad producida por la enfermedad en comparaci\u00f3n con otras regiones posiblemente se deba al gran n\u00famero de poblaci\u00f3n joven\u00a0<\/strong>y reducido de personas mayores.<\/p>\n<p><strong>Uno de los efectos de la pandemia en \u00c1frica es que muchos pa\u00edses se han percatado de la extrema dependencia de las importaciones a determinados pa\u00edses,\u00a0<\/strong>y se han dado cuenta de la necesidad de industrializarse lo que tambi\u00e9n abre la puerta a oportunidades en sectores como industria qu\u00edmica.<\/p>\n<p>Barros tambi\u00e9n ha destacado\u00a0<strong>la importancia del networking que se genera con otras empresas espa\u00f1oles<\/strong>\u00a0ya instaladas en Senegal, Nigeria, Costa de Marfil y Ghana, cada vez m\u00e1s numerosas en la zona.<\/p>\n<p><img decoding=\"async\" src=\"https:\/\/atalayar.com\/sites\/default\/files\/inline-images\/Atalayar_Hub%20Empresa%20Banco%20Sabadell%20%282%29.jpg\" alt=\"Banco Sabadell\" data-entity-type=\"file\" data-entity-uuid=\"52d2da98-73a8-4523-93e4-9812ef996525\" \/><\/p>\n<p>Asimismo,\u00a0<strong>existen unos d\u00e9ficits estructurales comunes a los cuatro pa\u00edses:<\/strong>\u00a0desarrollo agr\u00edcola bajo y deficitario, bajo nivel de industrializaci\u00f3n, alta dependencia de importaciones, deficiencias formativas, d\u00e9ficit de infraestructuras (carreteras, v\u00edas f\u00e9rreas, v\u00edas fluviales), enlaces a\u00e9reos insuficientes y caros, y malas comunicaciones hacia el interior de los pa\u00edses. Barros ha insistido en que estos d\u00e9ficits son un impedimento para el desarrollo, pero tambi\u00e9n son una gran oportunidad para las empresas espa\u00f1olas.<\/p>\n<p><strong>Para aquellas que est\u00e9n interesadas, ha recomendado ir m\u00e1s de una vez porque probablemente no consigan cerrar el negocio a la primera.<\/strong>\u00a0Por otro lado, ha desaconsejado querer ver directamente a un ministro o responsable de un Ministerio si no eres una gran empresa, siendo una mejor opci\u00f3n buscar un socio local que conozca c\u00f3mo participar en el circuito administrativo. Si bien ha dejado claro que contratar con el sector p\u00fablico en \u00c1frica, a no ser que se trate de una empresa grande, puede ser muy problem\u00e1tico, por lo que recomienda negocios en el sector privado.<\/p>\n<p><strong>Otros pa\u00edses de la regi\u00f3n como Ben\u00edn, Togo, Burkina Faso y Mali tambi\u00e9n podr\u00edan ser de inter\u00e9s para las empresas espa\u00f1olas.\u00a0<\/strong>De hecho, la Cambra estuvo en Mali el pasado mes de diciembre.<\/p>\n<p>Alejandro Arola, por su parte, ha puesto el foco en\u00a0<strong>la situaci\u00f3n de la log\u00edstica y las aduanas.<\/strong>\u00a0Ha aconsejado a las empresas guiarse por la ubicaci\u00f3n de los pa\u00edses en el \u00edndice de eficiencia log\u00edstica del Banco Mundial, que realiza un r\u00e1nking en base a distintos elementos gracias a la informaci\u00f3n que obtienen del sector privado. La calidad de la infraestructura relacionada con el comercio y el transporte, la facilidad de organizar env\u00edos a precios competitivos y capacidad de seguimiento, la calidad de los servicios de log\u00edstica, la frecuencia con la cual los env\u00edos llegan al destinatario dentro del tiempo programado, y la eficiencia del proceso de despacho de aduanas, son las variables que tiene en cuenta el Banco Mundial.<\/p>\n<p><strong>Otra herramienta \u00fatil es conocer si un determinado pa\u00eds se ha incorporado al Convenio de Kyoto Revisado elaborado por la Organizaci\u00f3n Mundial de Aduanas (OMA).<\/strong>\u00a0El convenio establece varios par\u00e1metros, aunque no necesariamente un pa\u00eds que haya ratificado el convenio tiene por qu\u00e9 cumplirlos todos. Dichos par\u00e1metros ser\u00edan: transparencia y previsibilidad de las acciones aduaneras, estandarizaci\u00f3n y simplificaci\u00f3n de la declaraci\u00f3n de mercanc\u00edas y documentos justificativos, procedimientos simplificados para personas autorizadas, utilizaci\u00f3n de tecnolog\u00eda de la informaci\u00f3n, control aduanero m\u00ednimo necesario para garantizar el cumplimiento de la normativa, uso de gesti\u00f3n de riesgos y controles basado en auditor\u00edas, intervenciones coordinadas con otras agencias fronterizas y asociaci\u00f3n con el comercio.<\/p>\n<p><img decoding=\"async\" src=\"https:\/\/atalayar.com\/sites\/default\/files\/inline-images\/Atalayar_Hub%20Empresa%20Banco%20Sabadell%20%283%29.jpg\" alt=\"Banco Sabadell\" data-entity-type=\"file\" data-entity-uuid=\"28e27ed5-b678-4ad5-b59b-3a858a7a4f97\" \/><\/p>\n<p>Bego\u00f1a Fern\u00e1ndez-Costales ha querido poner\u00a0<strong>el foco en las licitaciones internacionales.\u00a0<\/strong>Al igual que Barros, ha recomendado la presencia f\u00edsica en el pa\u00eds de destino por razones culturales, ya que una visita en persona es enormemente valorada en estos pa\u00edses, y porque la conexi\u00f3n a internet no siempre es \u00f3ptima.<\/p>\n<p>En caso de no ser posible la presencialidad,\u00a0<strong>ha recomendado tener apoyo de una empresa local en el pa\u00eds de destino<\/strong>\u00a0porque incluso en algunas ocasiones la propia licitaci\u00f3n exige que una empresa local sea la que presente el proyecto.<\/p>\n<p>Fern\u00e1ndez ha destacado\u00a0<strong>la contribuci\u00f3n del Banco Africano de Desarrollo (BAFD) al desarrollo econ\u00f3mico y social de los pa\u00edses africanos.\u00a0<\/strong>Espa\u00f1a forma parte desde 1984 y es el noveno pa\u00eds con m\u00e1s participaci\u00f3n. La entidad financiera ofrece licitaciones que pueden ser de gran inter\u00e9s para las empresas espa\u00f1olas. Adem\u00e1s, las empresas que consigan el estatus de proveedor homologado del BAFD podr\u00e1n acceder a licitaciones r\u00e1pidas.<\/p>\n<div class=\"ladillo\">Nigeria busca diversificar su econom\u00eda<\/div>\n<p><strong>Nigeria con 206 millones de habitantes es el pa\u00eds m\u00e1s poblado de \u00c1frica y el s\u00e9ptimo del mundo.\u00a0<\/strong>Actualmente su econom\u00eda depende extremadamente del petr\u00f3leo y por esta raz\u00f3n las autoridades est\u00e1n tratando de diversificar la econom\u00eda, especialmente a ra\u00edz de la ca\u00edda de los precios del petr\u00f3leo.<\/p>\n<p><strong>La industria y la agricultura son los grandes beneficiados de este proceso de diversificaci\u00f3n,<\/strong>\u00a0surgiendo de esta manera oportunidades para empresas de infraestructuras, maquinaria, agricultura y relacionadas con el desarrollo de las ciudades, como tratamiento de aguas y de residuos.<\/p>\n<p><strong>El pa\u00eds ha pedido la admisi\u00f3n en el convenio de OMA y cuenta con el certificado de origen REX desde enero de 2018,\u00a0<\/strong>un sistema de certificaci\u00f3n del origen de los productos que la Uni\u00f3n Europea est\u00e1 implantando progresivamente a los efectos de sus acuerdos comerciales preferenciales.<\/p>\n<p><img decoding=\"async\" src=\"https:\/\/atalayar.com\/sites\/default\/files\/inline-images\/Atalayar_Hub%20Empresa%20Banco%20Sabadell.jpg\" alt=\"Banco Sabadell\" data-entity-type=\"file\" data-entity-uuid=\"4d16befc-61df-445a-a242-e3c7f83e81ee\" \/><\/p>\n<div class=\"ladillo\">Ghana, una de las democracias m\u00e1s potentes de \u00c1frica<\/div>\n<p><strong>Las dos guerras civiles que han tenido lugar en Costa de Marfil y la consecuente inestabilidad y problemas econ\u00f3micos, llevaron a miles de franceses que viv\u00edan en este pa\u00eds, muchos de ellos empresarios, a trasladarse a Ghana.\u00a0<\/strong>Gracias a esto, Ghana tiene hoy una econom\u00eda cada vez m\u00e1s fuerte, especialmente en el sector agrario y en la miner\u00eda.<\/p>\n<p><strong>Se trata adem\u00e1s de una de las democracias m\u00e1s consolidadas de \u00c1frica\u00a0<\/strong>y est\u00e1 en pleno proceso de industrializaci\u00f3n, siendo frecuentes licitaciones en el sector tecnol\u00f3gico. Aunque actualmente no hay muchas, el portal que las recoge suele estar actualizado.<\/p>\n<p><strong>Forma parte del Convenio de la OMA y tambi\u00e9n cuenta con certificado REX.<\/strong><\/p>\n<div class=\"ladillo\">Costa de Marfil, en la senda de la recuperaci\u00f3n<\/div>\n<p><strong>Hasta finales de la d\u00e9cada de los 90, el pa\u00eds estaba bastante industrializado, pero como han se\u00f1alado los ponentes, la inestabilidad sufrida en la primera d\u00e9cada del siglo XXI produjo un par\u00f3n en el desarrollo industrial.<\/strong>\u00a0Afortunadamente desde 2012 cuentan con un Gobierno estable que ha vuelto a generar confianza entre los inversores.<\/p>\n<p>Aunque la capital es Yamusukro,<strong>\u00a0la actividad econ\u00f3mica se concentra en Abidjan.\u00a0<\/strong>Tambi\u00e9n en la regi\u00f3n norte del pa\u00eds puede haber oportunidades de negocio. En su contra juega que tienen un portal de licitaciones poco actualizado, las m\u00e1s actuales son de 2015. No obstante, han firmado el convenio de la OMA y tienen el certificado REX de la UE.<\/p>\n<p><img decoding=\"async\" src=\"https:\/\/atalayar.com\/sites\/default\/files\/inline-images\/Atalayar_Hub%20Empresa%20Banco%20Sabadell%20%284%29.jpg\" alt=\"Banco Sabadell\" data-entity-type=\"file\" data-entity-uuid=\"7737a878-211a-4932-84c5-4f12145b767f\" \/><\/p>\n<div class=\"ladillo\">Senegal emprende reformas estructurales<\/div>\n<p><strong>El procesamiento de alimentos, la miner\u00eda, el cemento, los fertilizantes artificiales, la industria qu\u00edmica, la refiner\u00eda de productos petrol\u00edferos importados y el turismo son los principales sectores<\/strong>\u00a0econ\u00f3micos del pa\u00eds.<\/p>\n<p><strong>Cada vez son m\u00e1s las empresas senegalesas que se atreven a arriesgar para desarrollarse\u00a0<\/strong>y a su vez abren oportunidades a empresas extranjeras. El Gobierno, por su parte, ha lanzado el Plan Senegal Emergente, para acelerar las reformas estructurales que permitan un crecimiento continuo.<\/p>\n<p><strong>El pa\u00eds ha firmado el Convenio de la OMA y tambi\u00e9n cuenta con el certificado REX desde enero de 2019.\u00a0<\/strong><\/p>\n<div class=\"ladillo\">Espa\u00f1a en \u00c1frica<\/div>\n<p><strong>Las relaciones comerciales entre Espa\u00f1a y \u00c1frica han crecido exponencialmente en los \u00faltimos a\u00f1os.\u00a0<\/strong>En 2019, un 9% de las exportaciones espa\u00f1olas fueron a parar al continente africano.<\/p>\n<p><strong>Espa\u00f1a registr\u00f3 un volumen de casi 300 millones de euros de contratos adjudicados en el per\u00edodo 2013-2018 por el BAFD.<\/strong>\u00a0En total, cada a\u00f1o en \u00c1frica se ofertan m\u00e1s de 20.000 concursos p\u00fablicos por valor de 120.000 millones de euros.<\/p>\n<p>Por esta raz\u00f3n,\u00a0<strong>Fern\u00e1ndez-Costales ha emplazado a las empresas a aumentar su participaci\u00f3n en contratos de licitaciones internacionales,<\/strong>\u00a0con especial atenci\u00f3n al mercado multilateral.<\/p>\n<\/div>\n<\/div>\n<\/div>\n","protected":false},"excerpt":{"rendered":"<p>ESPANA | NOTI-AMERICA.COM Banco Sabadell enfoca en \u00c1frica su nueva jornada de Hub Empresa www.atalayar.com 750 compa\u00f1\u00edas se han conectado al evento organizado para acompa\u00f1ar a empresas espa\u00f1olas en el exterior Alberto Garc\u00eda \u00a0&#8211;&#46;&#46;&#46;<\/p>\n","protected":false},"author":2,"featured_media":4301,"comment_status":"open","ping_status":"open","sticky":false,"template":"","format":"standard","meta":{"_acf_changed":false,"om_disable_all_campaigns":false,"rop_custom_images_group":[],"rop_custom_messages_group":[],"rop_publish_now":"initial","rop_publish_now_accounts":[],"rop_publish_now_history":[],"rop_publish_now_status":"pending","_uf_show_specific_survey":0,"_uf_disable_surveys":false,"footnotes":""},"categories":[5],"tags":[],"class_list":["post-4300","post","type-post","status-publish","format-standard","has-post-thumbnail","hentry","category-economia"],"acf":[],"aioseo_notices":[],"yoast_head":"<!-- This site is optimized with the Yoast SEO Premium plugin v24.9 (Yoast SEO v27.2) - https:\/\/yoast.com\/product\/yoast-seo-premium-wordpress\/ -->\n<title>Banco Sabadell enfoca en \u00c1frica su nueva jornada de Hub Empresa - Espa\u00f1a | Noti-America.com<\/title>\n<meta name=\"robots\" content=\"index, follow, max-snippet:-1, max-image-preview:large, max-video-preview:-1\" \/>\n<link rel=\"canonical\" href=\"https:\/\/noti-america.com\/site\/espana\/2021\/02\/10\/banco-sabadell-enfoca-en-africa-su-nueva-jornada-de-hub-empresa\/\" \/>\n<meta property=\"og:locale\" content=\"es_ES\" \/>\n<meta property=\"og:type\" content=\"article\" \/>\n<meta property=\"og:title\" content=\"Banco Sabadell enfoca en \u00c1frica su nueva jornada de Hub Empresa\" \/>\n<meta property=\"og:description\" content=\"ESPANA | NOTI-AMERICA.COM Banco Sabadell enfoca en \u00c1frica su nueva jornada de Hub Empresa www.atalayar.com 750 compa\u00f1\u00edas se han conectado al evento organizado para acompa\u00f1ar a empresas espa\u00f1olas en el exterior Alberto Garc\u00eda \u00a0&#8211;&#046;&#046;&#046;\" \/>\n<meta property=\"og:url\" content=\"https:\/\/noti-america.com\/site\/espana\/2021\/02\/10\/banco-sabadell-enfoca-en-africa-su-nueva-jornada-de-hub-empresa\/\" \/>\n<meta property=\"og:site_name\" content=\"Espa\u00f1a | Noti-America.com\" \/>\n<meta property=\"article:published_time\" content=\"2021-02-10T15:14:44+00:00\" \/>\n<meta property=\"og:image\" content=\"https:\/\/noti-america.com\/site\/espana\/wp-content\/uploads\/sites\/25\/2021\/02\/Atalayar_Hub-Empresa-Banco-Sabadell_PORTADA.jpg\" \/>\n\t<meta property=\"og:image:width\" content=\"813\" \/>\n\t<meta property=\"og:image:height\" content=\"558\" \/>\n\t<meta property=\"og:image:type\" content=\"image\/jpeg\" \/>\n<meta name=\"author\" content=\"rloaiza\" \/>\n<meta name=\"twitter:card\" content=\"summary_large_image\" \/>\n<meta name=\"twitter:creator\" content=\"@notiamerica\" \/>\n<meta name=\"twitter:site\" content=\"@notiamerica\" \/>\n<meta name=\"twitter:label1\" content=\"Escrito por\" \/>\n\t<meta name=\"twitter:data1\" content=\"rloaiza\" \/>\n\t<meta name=\"twitter:label2\" content=\"Tiempo estimado de lectura\" \/>\n\t<meta name=\"twitter:data2\" content=\"8 minutos\" \/>\n<script type=\"application\/ld+json\" class=\"yoast-schema-graph\">{\"@context\":\"https:\/\/schema.org\",\"@graph\":[{\"@type\":\"Article\",\"@id\":\"https:\/\/noti-america.com\/site\/espana\/2021\/02\/10\/banco-sabadell-enfoca-en-africa-su-nueva-jornada-de-hub-empresa\/#article\",\"isPartOf\":{\"@id\":\"https:\/\/noti-america.com\/site\/espana\/2021\/02\/10\/banco-sabadell-enfoca-en-africa-su-nueva-jornada-de-hub-empresa\/\"},\"author\":{\"name\":\"rloaiza\",\"@id\":\"https:\/\/noti-america.com\/site\/espana\/#\/schema\/person\/a2e478ba496331ce89bcd0c731cd6533\"},\"headline\":\"Banco Sabadell enfoca en \u00c1frica su nueva jornada de Hub Empresa\",\"datePublished\":\"2021-02-10T15:14:44+00:00\",\"mainEntityOfPage\":{\"@id\":\"https:\/\/noti-america.com\/site\/espana\/2021\/02\/10\/banco-sabadell-enfoca-en-africa-su-nueva-jornada-de-hub-empresa\/\"},\"wordCount\":1659,\"commentCount\":0,\"publisher\":{\"@id\":\"https:\/\/noti-america.com\/site\/espana\/#organization\"},\"image\":{\"@id\":\"https:\/\/noti-america.com\/site\/espana\/2021\/02\/10\/banco-sabadell-enfoca-en-africa-su-nueva-jornada-de-hub-empresa\/#primaryimage\"},\"thumbnailUrl\":\"https:\/\/noti-america.com\/site\/espana\/wp-content\/uploads\/sites\/25\/2021\/02\/Atalayar_Hub-Empresa-Banco-Sabadell_PORTADA.jpg\",\"articleSection\":[\"Econom\u00eda\"],\"inLanguage\":\"es\",\"potentialAction\":[{\"@type\":\"CommentAction\",\"name\":\"Comment\",\"target\":[\"https:\/\/noti-america.com\/site\/espana\/2021\/02\/10\/banco-sabadell-enfoca-en-africa-su-nueva-jornada-de-hub-empresa\/#respond\"]}]},{\"@type\":\"WebPage\",\"@id\":\"https:\/\/noti-america.com\/site\/espana\/2021\/02\/10\/banco-sabadell-enfoca-en-africa-su-nueva-jornada-de-hub-empresa\/\",\"url\":\"https:\/\/noti-america.com\/site\/espana\/2021\/02\/10\/banco-sabadell-enfoca-en-africa-su-nueva-jornada-de-hub-empresa\/\",\"name\":\"Banco Sabadell enfoca en \u00c1frica su nueva jornada de Hub Empresa - Espa\u00f1a | Noti-America.com\",\"isPartOf\":{\"@id\":\"https:\/\/noti-america.com\/site\/espana\/#website\"},\"primaryImageOfPage\":{\"@id\":\"https:\/\/noti-america.com\/site\/espana\/2021\/02\/10\/banco-sabadell-enfoca-en-africa-su-nueva-jornada-de-hub-empresa\/#primaryimage\"},\"image\":{\"@id\":\"https:\/\/noti-america.com\/site\/espana\/2021\/02\/10\/banco-sabadell-enfoca-en-africa-su-nueva-jornada-de-hub-empresa\/#primaryimage\"},\"thumbnailUrl\":\"https:\/\/noti-america.com\/site\/espana\/wp-content\/uploads\/sites\/25\/2021\/02\/Atalayar_Hub-Empresa-Banco-Sabadell_PORTADA.jpg\",\"datePublished\":\"2021-02-10T15:14:44+00:00\",\"breadcrumb\":{\"@id\":\"https:\/\/noti-america.com\/site\/espana\/2021\/02\/10\/banco-sabadell-enfoca-en-africa-su-nueva-jornada-de-hub-empresa\/#breadcrumb\"},\"inLanguage\":\"es\",\"potentialAction\":[{\"@type\":\"ReadAction\",\"target\":[\"https:\/\/noti-america.com\/site\/espana\/2021\/02\/10\/banco-sabadell-enfoca-en-africa-su-nueva-jornada-de-hub-empresa\/\"]}]},{\"@type\":\"ImageObject\",\"inLanguage\":\"es\",\"@id\":\"https:\/\/noti-america.com\/site\/espana\/2021\/02\/10\/banco-sabadell-enfoca-en-africa-su-nueva-jornada-de-hub-empresa\/#primaryimage\",\"url\":\"https:\/\/noti-america.com\/site\/espana\/wp-content\/uploads\/sites\/25\/2021\/02\/Atalayar_Hub-Empresa-Banco-Sabadell_PORTADA.jpg\",\"contentUrl\":\"https:\/\/noti-america.com\/site\/espana\/wp-content\/uploads\/sites\/25\/2021\/02\/Atalayar_Hub-Empresa-Banco-Sabadell_PORTADA.jpg\",\"width\":813,\"height\":558},{\"@type\":\"BreadcrumbList\",\"@id\":\"https:\/\/noti-america.com\/site\/espana\/2021\/02\/10\/banco-sabadell-enfoca-en-africa-su-nueva-jornada-de-hub-empresa\/#breadcrumb\",\"itemListElement\":[{\"@type\":\"ListItem\",\"position\":1,\"name\":\"Portada\",\"item\":\"https:\/\/noti-america.com\/site\/espana\/\"},{\"@type\":\"ListItem\",\"position\":2,\"name\":\"Banco Sabadell enfoca en \u00c1frica su nueva jornada de Hub Empresa\"}]},{\"@type\":\"WebSite\",\"@id\":\"https:\/\/noti-america.com\/site\/espana\/#website\",\"url\":\"https:\/\/noti-america.com\/site\/espana\/\",\"name\":\"Espa\u00f1a | Noti-America.com\",\"description\":\"\",\"publisher\":{\"@id\":\"https:\/\/noti-america.com\/site\/espana\/#organization\"},\"potentialAction\":[{\"@type\":\"SearchAction\",\"target\":{\"@type\":\"EntryPoint\",\"urlTemplate\":\"https:\/\/noti-america.com\/site\/espana\/?s={search_term_string}\"},\"query-input\":{\"@type\":\"PropertyValueSpecification\",\"valueRequired\":true,\"valueName\":\"search_term_string\"}}],\"inLanguage\":\"es\"},{\"@type\":\"Organization\",\"@id\":\"https:\/\/noti-america.com\/site\/espana\/#organization\",\"name\":\"Noti-America LLC | Espa\u00f1a\",\"url\":\"https:\/\/noti-america.com\/site\/espana\/\",\"logo\":{\"@type\":\"ImageObject\",\"inLanguage\":\"es\",\"@id\":\"https:\/\/noti-america.com\/site\/espana\/#\/schema\/logo\/image\/\",\"url\":\"https:\/\/noti-america.com\/site\/espana\/wp-content\/uploads\/sites\/25\/2020\/07\/LogoNA-4x3-1.jpg\",\"contentUrl\":\"https:\/\/noti-america.com\/site\/espana\/wp-content\/uploads\/sites\/25\/2020\/07\/LogoNA-4x3-1.jpg\",\"width\":1236,\"height\":1080,\"caption\":\"Noti-America LLC | Espa\u00f1a\"},\"image\":{\"@id\":\"https:\/\/noti-america.com\/site\/espana\/#\/schema\/logo\/image\/\"},\"sameAs\":[\"https:\/\/x.com\/notiamerica\"]},{\"@type\":\"Person\",\"@id\":\"https:\/\/noti-america.com\/site\/espana\/#\/schema\/person\/a2e478ba496331ce89bcd0c731cd6533\",\"name\":\"rloaiza\",\"image\":{\"@type\":\"ImageObject\",\"inLanguage\":\"es\",\"@id\":\"https:\/\/secure.gravatar.com\/avatar\/190058e5d4427934610b99c45aa7a6558806850adedd53ddeddd194b04773e22?s=96&d=mm&r=g\",\"url\":\"https:\/\/secure.gravatar.com\/avatar\/190058e5d4427934610b99c45aa7a6558806850adedd53ddeddd194b04773e22?s=96&d=mm&r=g\",\"contentUrl\":\"https:\/\/secure.gravatar.com\/avatar\/190058e5d4427934610b99c45aa7a6558806850adedd53ddeddd194b04773e22?s=96&d=mm&r=g\",\"caption\":\"rloaiza\"},\"url\":\"https:\/\/noti-america.com\/site\/espana\/author\/rloaiza\/\"}]}<\/script>\n<!-- \/ Yoast SEO Premium plugin. -->","yoast_head_json":{"title":"Banco Sabadell enfoca en \u00c1frica su nueva jornada de Hub Empresa - Espa\u00f1a | Noti-America.com","robots":{"index":"index","follow":"follow","max-snippet":"max-snippet:-1","max-image-preview":"max-image-preview:large","max-video-preview":"max-video-preview:-1"},"canonical":"https:\/\/noti-america.com\/site\/espana\/2021\/02\/10\/banco-sabadell-enfoca-en-africa-su-nueva-jornada-de-hub-empresa\/","og_locale":"es_ES","og_type":"article","og_title":"Banco Sabadell enfoca en \u00c1frica su nueva jornada de Hub Empresa","og_description":"ESPANA | NOTI-AMERICA.COM Banco Sabadell enfoca en \u00c1frica su nueva jornada de Hub Empresa www.atalayar.com 750 compa\u00f1\u00edas se han conectado al evento organizado para acompa\u00f1ar a empresas espa\u00f1olas en el exterior Alberto Garc\u00eda \u00a0&#8211;&#46;&#46;&#46;","og_url":"https:\/\/noti-america.com\/site\/espana\/2021\/02\/10\/banco-sabadell-enfoca-en-africa-su-nueva-jornada-de-hub-empresa\/","og_site_name":"Espa\u00f1a | Noti-America.com","article_published_time":"2021-02-10T15:14:44+00:00","og_image":[{"width":813,"height":558,"url":"https:\/\/noti-america.com\/site\/espana\/wp-content\/uploads\/sites\/25\/2021\/02\/Atalayar_Hub-Empresa-Banco-Sabadell_PORTADA.jpg","type":"image\/jpeg"}],"author":"rloaiza","twitter_card":"summary_large_image","twitter_creator":"@notiamerica","twitter_site":"@notiamerica","twitter_misc":{"Escrito por":"rloaiza","Tiempo estimado de lectura":"8 minutos"},"schema":{"@context":"https:\/\/schema.org","@graph":[{"@type":"Article","@id":"https:\/\/noti-america.com\/site\/espana\/2021\/02\/10\/banco-sabadell-enfoca-en-africa-su-nueva-jornada-de-hub-empresa\/#article","isPartOf":{"@id":"https:\/\/noti-america.com\/site\/espana\/2021\/02\/10\/banco-sabadell-enfoca-en-africa-su-nueva-jornada-de-hub-empresa\/"},"author":{"name":"rloaiza","@id":"https:\/\/noti-america.com\/site\/espana\/#\/schema\/person\/a2e478ba496331ce89bcd0c731cd6533"},"headline":"Banco Sabadell enfoca en \u00c1frica su nueva jornada de Hub Empresa","datePublished":"2021-02-10T15:14:44+00:00","mainEntityOfPage":{"@id":"https:\/\/noti-america.com\/site\/espana\/2021\/02\/10\/banco-sabadell-enfoca-en-africa-su-nueva-jornada-de-hub-empresa\/"},"wordCount":1659,"commentCount":0,"publisher":{"@id":"https:\/\/noti-america.com\/site\/espana\/#organization"},"image":{"@id":"https:\/\/noti-america.com\/site\/espana\/2021\/02\/10\/banco-sabadell-enfoca-en-africa-su-nueva-jornada-de-hub-empresa\/#primaryimage"},"thumbnailUrl":"https:\/\/noti-america.com\/site\/espana\/wp-content\/uploads\/sites\/25\/2021\/02\/Atalayar_Hub-Empresa-Banco-Sabadell_PORTADA.jpg","articleSection":["Econom\u00eda"],"inLanguage":"es","potentialAction":[{"@type":"CommentAction","name":"Comment","target":["https:\/\/noti-america.com\/site\/espana\/2021\/02\/10\/banco-sabadell-enfoca-en-africa-su-nueva-jornada-de-hub-empresa\/#respond"]}]},{"@type":"WebPage","@id":"https:\/\/noti-america.com\/site\/espana\/2021\/02\/10\/banco-sabadell-enfoca-en-africa-su-nueva-jornada-de-hub-empresa\/","url":"https:\/\/noti-america.com\/site\/espana\/2021\/02\/10\/banco-sabadell-enfoca-en-africa-su-nueva-jornada-de-hub-empresa\/","name":"Banco Sabadell enfoca en \u00c1frica su nueva jornada de Hub Empresa - Espa\u00f1a | Noti-America.com","isPartOf":{"@id":"https:\/\/noti-america.com\/site\/espana\/#website"},"primaryImageOfPage":{"@id":"https:\/\/noti-america.com\/site\/espana\/2021\/02\/10\/banco-sabadell-enfoca-en-africa-su-nueva-jornada-de-hub-empresa\/#primaryimage"},"image":{"@id":"https:\/\/noti-america.com\/site\/espana\/2021\/02\/10\/banco-sabadell-enfoca-en-africa-su-nueva-jornada-de-hub-empresa\/#primaryimage"},"thumbnailUrl":"https:\/\/noti-america.com\/site\/espana\/wp-content\/uploads\/sites\/25\/2021\/02\/Atalayar_Hub-Empresa-Banco-Sabadell_PORTADA.jpg","datePublished":"2021-02-10T15:14:44+00:00","breadcrumb":{"@id":"https:\/\/noti-america.com\/site\/espana\/2021\/02\/10\/banco-sabadell-enfoca-en-africa-su-nueva-jornada-de-hub-empresa\/#breadcrumb"},"inLanguage":"es","potentialAction":[{"@type":"ReadAction","target":["https:\/\/noti-america.com\/site\/espana\/2021\/02\/10\/banco-sabadell-enfoca-en-africa-su-nueva-jornada-de-hub-empresa\/"]}]},{"@type":"ImageObject","inLanguage":"es","@id":"https:\/\/noti-america.com\/site\/espana\/2021\/02\/10\/banco-sabadell-enfoca-en-africa-su-nueva-jornada-de-hub-empresa\/#primaryimage","url":"https:\/\/noti-america.com\/site\/espana\/wp-content\/uploads\/sites\/25\/2021\/02\/Atalayar_Hub-Empresa-Banco-Sabadell_PORTADA.jpg","contentUrl":"https:\/\/noti-america.com\/site\/espana\/wp-content\/uploads\/sites\/25\/2021\/02\/Atalayar_Hub-Empresa-Banco-Sabadell_PORTADA.jpg","width":813,"height":558},{"@type":"BreadcrumbList","@id":"https:\/\/noti-america.com\/site\/espana\/2021\/02\/10\/banco-sabadell-enfoca-en-africa-su-nueva-jornada-de-hub-empresa\/#breadcrumb","itemListElement":[{"@type":"ListItem","position":1,"name":"Portada","item":"https:\/\/noti-america.com\/site\/espana\/"},{"@type":"ListItem","position":2,"name":"Banco Sabadell enfoca en \u00c1frica su nueva jornada de Hub Empresa"}]},{"@type":"WebSite","@id":"https:\/\/noti-america.com\/site\/espana\/#website","url":"https:\/\/noti-america.com\/site\/espana\/","name":"Espa\u00f1a | Noti-America.com","description":"","publisher":{"@id":"https:\/\/noti-america.com\/site\/espana\/#organization"},"potentialAction":[{"@type":"SearchAction","target":{"@type":"EntryPoint","urlTemplate":"https:\/\/noti-america.com\/site\/espana\/?s={search_term_string}"},"query-input":{"@type":"PropertyValueSpecification","valueRequired":true,"valueName":"search_term_string"}}],"inLanguage":"es"},{"@type":"Organization","@id":"https:\/\/noti-america.com\/site\/espana\/#organization","name":"Noti-America LLC | Espa\u00f1a","url":"https:\/\/noti-america.com\/site\/espana\/","logo":{"@type":"ImageObject","inLanguage":"es","@id":"https:\/\/noti-america.com\/site\/espana\/#\/schema\/logo\/image\/","url":"https:\/\/noti-america.com\/site\/espana\/wp-content\/uploads\/sites\/25\/2020\/07\/LogoNA-4x3-1.jpg","contentUrl":"https:\/\/noti-america.com\/site\/espana\/wp-content\/uploads\/sites\/25\/2020\/07\/LogoNA-4x3-1.jpg","width":1236,"height":1080,"caption":"Noti-America LLC | Espa\u00f1a"},"image":{"@id":"https:\/\/noti-america.com\/site\/espana\/#\/schema\/logo\/image\/"},"sameAs":["https:\/\/x.com\/notiamerica"]},{"@type":"Person","@id":"https:\/\/noti-america.com\/site\/espana\/#\/schema\/person\/a2e478ba496331ce89bcd0c731cd6533","name":"rloaiza","image":{"@type":"ImageObject","inLanguage":"es","@id":"https:\/\/secure.gravatar.com\/avatar\/190058e5d4427934610b99c45aa7a6558806850adedd53ddeddd194b04773e22?s=96&d=mm&r=g","url":"https:\/\/secure.gravatar.com\/avatar\/190058e5d4427934610b99c45aa7a6558806850adedd53ddeddd194b04773e22?s=96&d=mm&r=g","contentUrl":"https:\/\/secure.gravatar.com\/avatar\/190058e5d4427934610b99c45aa7a6558806850adedd53ddeddd194b04773e22?s=96&d=mm&r=g","caption":"rloaiza"},"url":"https:\/\/noti-america.com\/site\/espana\/author\/rloaiza\/"}]}},"_links":{"self":[{"href":"https:\/\/noti-america.com\/site\/espana\/wp-json\/wp\/v2\/posts\/4300","targetHints":{"allow":["GET"]}}],"collection":[{"href":"https:\/\/noti-america.com\/site\/espana\/wp-json\/wp\/v2\/posts"}],"about":[{"href":"https:\/\/noti-america.com\/site\/espana\/wp-json\/wp\/v2\/types\/post"}],"author":[{"embeddable":true,"href":"https:\/\/noti-america.com\/site\/espana\/wp-json\/wp\/v2\/users\/2"}],"replies":[{"embeddable":true,"href":"https:\/\/noti-america.com\/site\/espana\/wp-json\/wp\/v2\/comments?post=4300"}],"version-history":[{"count":0,"href":"https:\/\/noti-america.com\/site\/espana\/wp-json\/wp\/v2\/posts\/4300\/revisions"}],"wp:featuredmedia":[{"embeddable":true,"href":"https:\/\/noti-america.com\/site\/espana\/wp-json\/wp\/v2\/media\/4301"}],"wp:attachment":[{"href":"https:\/\/noti-america.com\/site\/espana\/wp-json\/wp\/v2\/media?parent=4300"}],"wp:term":[{"taxonomy":"category","embeddable":true,"href":"https:\/\/noti-america.com\/site\/espana\/wp-json\/wp\/v2\/categories?post=4300"},{"taxonomy":"post_tag","embeddable":true,"href":"https:\/\/noti-america.com\/site\/espana\/wp-json\/wp\/v2\/tags?post=4300"}],"curies":[{"name":"wp","href":"https:\/\/api.w.org\/{rel}","templated":true}]}}