{"id":4284,"date":"2021-02-08T13:37:52","date_gmt":"2021-02-08T13:37:52","guid":{"rendered":"https:\/\/noti-america.com\/site\/espana\/2021\/02\/08\/las-primeras-demandas-de-la-hosteleria-ante-el-tribunal-supremo-comienzan-su-tramitacion\/"},"modified":"2021-02-08T17:38:02","modified_gmt":"2021-02-08T17:38:02","slug":"las-primeras-demandas-de-la-hosteleria-ante-el-tribunal-supremo-comienzan-su-tramitacion","status":"publish","type":"post","link":"https:\/\/noti-america.com\/site\/espana\/2021\/02\/08\/las-primeras-demandas-de-la-hosteleria-ante-el-tribunal-supremo-comienzan-su-tramitacion\/","title":{"rendered":"Las primeras demandas de la hosteler\u00eda ante el Tribunal Supremo comienzan su tramitaci\u00f3n"},"content":{"rendered":"<p style=\"text-align: justify;\">Nota de Prensa &#8211; Comunicae Media<\/p>\n<p style=\"text-align: justify;\"><strong>El pr\u00f3ximo jueves d\u00eda 11 de febrero se presentar\u00e1n ante el Ministerio de Industria, Comercio y Turismo las primeras demandas y en grupos semanalmente hasta el 14 de marzo que es el plazo m\u00e1ximo de inscripci\u00f3n. Alemania, Francia, Holanda u otros pa\u00edses de la Uni\u00f3n Europea est\u00e1n ayudando a este sector, que no es tan estrat\u00e9gico para sus econom\u00edas, frente a la pasividad de las autoridades estatales y auton\u00f3micas de nuestro pa\u00eds<\/strong><\/p>\n<p style=\"text-align: justify;\">LaHosteler\u00edaDeTodos.org, que integra restaurantes, cafeter\u00edas, bares, tabernas y otro tipo de establecimientos en los que se den comidas de toda Espa\u00f1a anuncia que, el pr\u00f3ximo jueves 11 de febrero, presentar\u00e1 un primer n\u00famero de 50 demandas ante el Ministerio de Industria. Las demandas est\u00e1n siendo preparadas por el despacho de abogados Cremades &amp; Calvo-Sotelo, especialistas en la gesti\u00f3n de asuntos judiciales de varios miles de afectados y que cuenta en su equipo con exMagistrados del Tribunal Supremo, del Tribunal Constitucional, Letrados del Consejo de Estado y Catedr\u00e1ticos de diferentes Universidades, que han liderado la argumentaci\u00f3n jur\u00eddica de las demandas. Semanalmente y hasta el 14 de marzo, cuando se cumpla un a\u00f1o del estado de alarma, este grupo continuar\u00e1 presentando nuevos grupos de demanda.<\/p>\n<p style=\"text-align: justify;\">Tras meses de trabajo utilizando el punto de encuentro de la web lahosteleriadetodos.org, varias decenas de hosteleros comienzan el procedimiento de reclamaci\u00f3n patrimonial a las Administraciones P\u00fablicas por los da\u00f1os y perjuicios soportados desde el 14 de marzo en el que el Consejo de Ministros acord\u00f3 la declaraci\u00f3n del estado de alarma. La demanda no tiene por objeto cuestionar con car\u00e1cter general las medidas adoptadas por el Gobierno y las Comunidades Aut\u00f3nomas para preservar la salud de los ciudadanos de este pa\u00eds. De hecho, las demandas parten de que el principal esfuerzo de todos debe dirigirse a terminar con esta terrible pandemia, que tantos fallecidos ha causado y que desafortunadamente continuar\u00e1 causando en los meses venideros.<\/p>\n<p style=\"text-align: justify;\">Sin embargo, no es menos cierto que de conformidad con la normativa excepcional que regula el estado de alarma se contempla el derecho a ser indemnizado por los da\u00f1os y perjuicios sufridos. Tras el frente sanitario, en el \u00e1mbito econ\u00f3mico la hosteler\u00eda es el sector m\u00e1s da\u00f1ado y perjudicado y las previsiones estiman que durante este primer trimestre del a\u00f1o cierren, desde marzo de 2020, 100.000 establecimientos que no podr\u00e1n volver a subir la persiana. El paro directo e indirecto de est\u00e1 situaci\u00f3n puede llevar al paro a 1 mill\u00f3n de personas. La hosteler\u00eda es una parte esencial del tejido industrial, cultural y social de nuestro pa\u00eds y un elemento de competitividad internacional que ha permitido que millones de personas vengan cada a\u00f1o a disfrutar de nuestro clima, nuestra cultura, nuestras ciudades, nuestras playas y tambi\u00e9n nuestra hosteler\u00eda. Esta situaci\u00f3n ha permitido que muchas otras industrias hayan podido tambi\u00e9n crecer y generar riqueza para todos los espa\u00f1oles.<\/p>\n<p style=\"text-align: justify;\">Es especialmente doloroso que pa\u00edses como Alemania, Francia, Holanda u otros pa\u00edses de la Uni\u00f3n Europea est\u00e9n ayudando a este sector, que no es tan estrat\u00e9gico para sus econom\u00edas, frente a la pasividad de las autoridades estatales y auton\u00f3micas de nuestro pa\u00eds que est\u00e1n dejando que la hosteler\u00eda fallezca, junto a cientos de miles de familias, a pesar de que respete las normas higi\u00e9nicas, de distancia, de horarios, etc. Alemania el pasado 4 de febrero volvi\u00f3 a garantizar un nuevo paquete de ayudas directas a su hosteler\u00eda y una rebaja del IVA hasta el 7% para bares y restaurantes hasta finales del 2022. Por el contrario, en nuestro pa\u00eds, ante la angustiosa situaci\u00f3n que soporta, a la hosteler\u00eda no le ha quedado m\u00e1s remedio que pedir amparo ante el Tribunal Supremo para no desaparecer durante este a\u00f1o 2021.<\/p>\n","protected":false},"excerpt":{"rendered":"<p>Nota de Prensa &#8211; Comunicae Media El pr\u00f3ximo jueves d\u00eda 11 de febrero se presentar\u00e1n ante el Ministerio de Industria, Comercio y Turismo las primeras demandas y en grupos semanalmente hasta el 14 de&#46;&#46;&#46;<\/p>\n","protected":false},"author":1,"featured_media":4285,"comment_status":"open","ping_status":"open","sticky":false,"template":"","format":"image","meta":{"_acf_changed":false,"om_disable_all_campaigns":false,"rop_custom_images_group":[],"rop_custom_messages_group":[],"rop_publish_now":"initial","rop_publish_now_accounts":[],"rop_publish_now_history":[],"rop_publish_now_status":"pending","_uf_show_specific_survey":0,"_uf_disable_surveys":false,"footnotes":""},"categories":[136,158],"tags":[],"class_list":["post-4284","post","type-post","status-publish","format-image","has-post-thumbnail","hentry","category-actualidad","category-judicial","post_format-post-format-image"],"acf":[],"aioseo_notices":[],"yoast_head":"<!-- This site is optimized with the Yoast SEO Premium plugin v24.9 (Yoast SEO v27.2) - https:\/\/yoast.com\/product\/yoast-seo-premium-wordpress\/ -->\n<title>Las primeras demandas de la hosteler\u00eda ante el Tribunal Supremo comienzan su tramitaci\u00f3n - Espa\u00f1a | Noti-America.com<\/title>\n<meta name=\"robots\" content=\"index, follow, max-snippet:-1, max-image-preview:large, max-video-preview:-1\" \/>\n<link rel=\"canonical\" href=\"https:\/\/noti-america.com\/site\/espana\/2021\/02\/08\/las-primeras-demandas-de-la-hosteleria-ante-el-tribunal-supremo-comienzan-su-tramitacion\/\" \/>\n<meta property=\"og:locale\" content=\"es_ES\" \/>\n<meta property=\"og:type\" content=\"article\" \/>\n<meta property=\"og:title\" content=\"Las primeras demandas de la hosteler\u00eda ante el Tribunal Supremo comienzan su tramitaci\u00f3n\" \/>\n<meta property=\"og:description\" content=\"Nota de Prensa &#8211; Comunicae Media El pr\u00f3ximo jueves d\u00eda 11 de febrero se presentar\u00e1n ante el Ministerio de Industria, Comercio y Turismo las primeras demandas y en grupos semanalmente hasta el 14 de&#046;&#046;&#046;\" \/>\n<meta property=\"og:url\" content=\"https:\/\/noti-america.com\/site\/espana\/2021\/02\/08\/las-primeras-demandas-de-la-hosteleria-ante-el-tribunal-supremo-comienzan-su-tramitacion\/\" \/>\n<meta property=\"og:site_name\" content=\"Espa\u00f1a | Noti-America.com\" \/>\n<meta property=\"article:published_time\" content=\"2021-02-08T13:37:52+00:00\" \/>\n<meta property=\"article:modified_time\" content=\"2021-02-08T17:38:02+00:00\" \/>\n<meta property=\"og:image\" content=\"https:\/\/noti-america.com\/site\/espana\/wp-content\/uploads\/sites\/25\/2021\/02\/1612720200_Diapositiva1.jpg\" \/>\n\t<meta property=\"og:image:width\" content=\"1280\" \/>\n\t<meta property=\"og:image:height\" content=\"720\" \/>\n\t<meta property=\"og:image:type\" content=\"image\/jpeg\" \/>\n<meta name=\"author\" content=\"Rosmer Herrera\" \/>\n<meta name=\"twitter:card\" content=\"summary_large_image\" \/>\n<meta name=\"twitter:creator\" content=\"@notiamerica\" \/>\n<meta name=\"twitter:site\" content=\"@notiamerica\" \/>\n<meta name=\"twitter:label1\" content=\"Escrito por\" \/>\n\t<meta name=\"twitter:data1\" content=\"Rosmer Herrera\" \/>\n\t<meta name=\"twitter:label2\" content=\"Tiempo estimado de lectura\" \/>\n\t<meta name=\"twitter:data2\" content=\"3 minutos\" \/>\n<script type=\"application\/ld+json\" class=\"yoast-schema-graph\">{\"@context\":\"https:\/\/schema.org\",\"@graph\":[{\"@type\":\"Article\",\"@id\":\"https:\/\/noti-america.com\/site\/espana\/2021\/02\/08\/las-primeras-demandas-de-la-hosteleria-ante-el-tribunal-supremo-comienzan-su-tramitacion\/#article\",\"isPartOf\":{\"@id\":\"https:\/\/noti-america.com\/site\/espana\/2021\/02\/08\/las-primeras-demandas-de-la-hosteleria-ante-el-tribunal-supremo-comienzan-su-tramitacion\/\"},\"author\":{\"name\":\"Rosmer Herrera\",\"@id\":\"https:\/\/noti-america.com\/site\/espana\/#\/schema\/person\/fd58dbfb92a257e9dc5761bf69a855ff\"},\"headline\":\"Las primeras demandas de la hosteler\u00eda ante el Tribunal Supremo comienzan su tramitaci\u00f3n\",\"datePublished\":\"2021-02-08T13:37:52+00:00\",\"dateModified\":\"2021-02-08T17:38:02+00:00\",\"mainEntityOfPage\":{\"@id\":\"https:\/\/noti-america.com\/site\/espana\/2021\/02\/08\/las-primeras-demandas-de-la-hosteleria-ante-el-tribunal-supremo-comienzan-su-tramitacion\/\"},\"wordCount\":680,\"commentCount\":0,\"publisher\":{\"@id\":\"https:\/\/noti-america.com\/site\/espana\/#organization\"},\"image\":{\"@id\":\"https:\/\/noti-america.com\/site\/espana\/2021\/02\/08\/las-primeras-demandas-de-la-hosteleria-ante-el-tribunal-supremo-comienzan-su-tramitacion\/#primaryimage\"},\"thumbnailUrl\":\"https:\/\/noti-america.com\/site\/espana\/wp-content\/uploads\/sites\/25\/2021\/02\/1612720200_Diapositiva1.jpg\",\"articleSection\":[\"Actualidad\",\"Judicial\"],\"inLanguage\":\"es\",\"potentialAction\":[{\"@type\":\"CommentAction\",\"name\":\"Comment\",\"target\":[\"https:\/\/noti-america.com\/site\/espana\/2021\/02\/08\/las-primeras-demandas-de-la-hosteleria-ante-el-tribunal-supremo-comienzan-su-tramitacion\/#respond\"]}]},{\"@type\":\"WebPage\",\"@id\":\"https:\/\/noti-america.com\/site\/espana\/2021\/02\/08\/las-primeras-demandas-de-la-hosteleria-ante-el-tribunal-supremo-comienzan-su-tramitacion\/\",\"url\":\"https:\/\/noti-america.com\/site\/espana\/2021\/02\/08\/las-primeras-demandas-de-la-hosteleria-ante-el-tribunal-supremo-comienzan-su-tramitacion\/\",\"name\":\"Las primeras demandas de la hosteler\u00eda ante el Tribunal Supremo comienzan su tramitaci\u00f3n - Espa\u00f1a | Noti-America.com\",\"isPartOf\":{\"@id\":\"https:\/\/noti-america.com\/site\/espana\/#website\"},\"primaryImageOfPage\":{\"@id\":\"https:\/\/noti-america.com\/site\/espana\/2021\/02\/08\/las-primeras-demandas-de-la-hosteleria-ante-el-tribunal-supremo-comienzan-su-tramitacion\/#primaryimage\"},\"image\":{\"@id\":\"https:\/\/noti-america.com\/site\/espana\/2021\/02\/08\/las-primeras-demandas-de-la-hosteleria-ante-el-tribunal-supremo-comienzan-su-tramitacion\/#primaryimage\"},\"thumbnailUrl\":\"https:\/\/noti-america.com\/site\/espana\/wp-content\/uploads\/sites\/25\/2021\/02\/1612720200_Diapositiva1.jpg\",\"datePublished\":\"2021-02-08T13:37:52+00:00\",\"dateModified\":\"2021-02-08T17:38:02+00:00\",\"breadcrumb\":{\"@id\":\"https:\/\/noti-america.com\/site\/espana\/2021\/02\/08\/las-primeras-demandas-de-la-hosteleria-ante-el-tribunal-supremo-comienzan-su-tramitacion\/#breadcrumb\"},\"inLanguage\":\"es\",\"potentialAction\":[{\"@type\":\"ReadAction\",\"target\":[\"https:\/\/noti-america.com\/site\/espana\/2021\/02\/08\/las-primeras-demandas-de-la-hosteleria-ante-el-tribunal-supremo-comienzan-su-tramitacion\/\"]}]},{\"@type\":\"ImageObject\",\"inLanguage\":\"es\",\"@id\":\"https:\/\/noti-america.com\/site\/espana\/2021\/02\/08\/las-primeras-demandas-de-la-hosteleria-ante-el-tribunal-supremo-comienzan-su-tramitacion\/#primaryimage\",\"url\":\"https:\/\/noti-america.com\/site\/espana\/wp-content\/uploads\/sites\/25\/2021\/02\/1612720200_Diapositiva1.jpg\",\"contentUrl\":\"https:\/\/noti-america.com\/site\/espana\/wp-content\/uploads\/sites\/25\/2021\/02\/1612720200_Diapositiva1.jpg\",\"width\":1280,\"height\":720},{\"@type\":\"BreadcrumbList\",\"@id\":\"https:\/\/noti-america.com\/site\/espana\/2021\/02\/08\/las-primeras-demandas-de-la-hosteleria-ante-el-tribunal-supremo-comienzan-su-tramitacion\/#breadcrumb\",\"itemListElement\":[{\"@type\":\"ListItem\",\"position\":1,\"name\":\"Portada\",\"item\":\"https:\/\/noti-america.com\/site\/espana\/\"},{\"@type\":\"ListItem\",\"position\":2,\"name\":\"Las primeras demandas de la hosteler\u00eda ante el Tribunal Supremo comienzan su tramitaci\u00f3n\"}]},{\"@type\":\"WebSite\",\"@id\":\"https:\/\/noti-america.com\/site\/espana\/#website\",\"url\":\"https:\/\/noti-america.com\/site\/espana\/\",\"name\":\"Espa\u00f1a | Noti-America.com\",\"description\":\"\",\"publisher\":{\"@id\":\"https:\/\/noti-america.com\/site\/espana\/#organization\"},\"potentialAction\":[{\"@type\":\"SearchAction\",\"target\":{\"@type\":\"EntryPoint\",\"urlTemplate\":\"https:\/\/noti-america.com\/site\/espana\/?s={search_term_string}\"},\"query-input\":{\"@type\":\"PropertyValueSpecification\",\"valueRequired\":true,\"valueName\":\"search_term_string\"}}],\"inLanguage\":\"es\"},{\"@type\":\"Organization\",\"@id\":\"https:\/\/noti-america.com\/site\/espana\/#organization\",\"name\":\"Noti-America LLC | Espa\u00f1a\",\"url\":\"https:\/\/noti-america.com\/site\/espana\/\",\"logo\":{\"@type\":\"ImageObject\",\"inLanguage\":\"es\",\"@id\":\"https:\/\/noti-america.com\/site\/espana\/#\/schema\/logo\/image\/\",\"url\":\"https:\/\/noti-america.com\/site\/espana\/wp-content\/uploads\/sites\/25\/2020\/07\/LogoNA-4x3-1.jpg\",\"contentUrl\":\"https:\/\/noti-america.com\/site\/espana\/wp-content\/uploads\/sites\/25\/2020\/07\/LogoNA-4x3-1.jpg\",\"width\":1236,\"height\":1080,\"caption\":\"Noti-America LLC | Espa\u00f1a\"},\"image\":{\"@id\":\"https:\/\/noti-america.com\/site\/espana\/#\/schema\/logo\/image\/\"},\"sameAs\":[\"https:\/\/x.com\/notiamerica\"]},{\"@type\":\"Person\",\"@id\":\"https:\/\/noti-america.com\/site\/espana\/#\/schema\/person\/fd58dbfb92a257e9dc5761bf69a855ff\",\"name\":\"Rosmer Herrera\",\"image\":{\"@type\":\"ImageObject\",\"inLanguage\":\"es\",\"@id\":\"https:\/\/secure.gravatar.com\/avatar\/153e75c261394dbf20ff1a1e70ea2be9494f2b40b7fc4e7704084db13220ae08?s=96&d=mm&r=g\",\"url\":\"https:\/\/secure.gravatar.com\/avatar\/153e75c261394dbf20ff1a1e70ea2be9494f2b40b7fc4e7704084db13220ae08?s=96&d=mm&r=g\",\"contentUrl\":\"https:\/\/secure.gravatar.com\/avatar\/153e75c261394dbf20ff1a1e70ea2be9494f2b40b7fc4e7704084db13220ae08?s=96&d=mm&r=g\",\"caption\":\"Rosmer Herrera\"},\"url\":\"https:\/\/noti-america.com\/site\/espana\/author\/rosmer33\/\"}]}<\/script>\n<!-- \/ Yoast SEO Premium plugin. -->","yoast_head_json":{"title":"Las primeras demandas de la hosteler\u00eda ante el Tribunal Supremo comienzan su tramitaci\u00f3n - Espa\u00f1a | Noti-America.com","robots":{"index":"index","follow":"follow","max-snippet":"max-snippet:-1","max-image-preview":"max-image-preview:large","max-video-preview":"max-video-preview:-1"},"canonical":"https:\/\/noti-america.com\/site\/espana\/2021\/02\/08\/las-primeras-demandas-de-la-hosteleria-ante-el-tribunal-supremo-comienzan-su-tramitacion\/","og_locale":"es_ES","og_type":"article","og_title":"Las primeras demandas de la hosteler\u00eda ante el Tribunal Supremo comienzan su tramitaci\u00f3n","og_description":"Nota de Prensa &#8211; Comunicae Media El pr\u00f3ximo jueves d\u00eda 11 de febrero se presentar\u00e1n ante el Ministerio de Industria, Comercio y Turismo las primeras demandas y en grupos semanalmente hasta el 14 de&#46;&#46;&#46;","og_url":"https:\/\/noti-america.com\/site\/espana\/2021\/02\/08\/las-primeras-demandas-de-la-hosteleria-ante-el-tribunal-supremo-comienzan-su-tramitacion\/","og_site_name":"Espa\u00f1a | Noti-America.com","article_published_time":"2021-02-08T13:37:52+00:00","article_modified_time":"2021-02-08T17:38:02+00:00","og_image":[{"width":1280,"height":720,"url":"https:\/\/noti-america.com\/site\/espana\/wp-content\/uploads\/sites\/25\/2021\/02\/1612720200_Diapositiva1.jpg","type":"image\/jpeg"}],"author":"Rosmer Herrera","twitter_card":"summary_large_image","twitter_creator":"@notiamerica","twitter_site":"@notiamerica","twitter_misc":{"Escrito por":"Rosmer Herrera","Tiempo estimado de lectura":"3 minutos"},"schema":{"@context":"https:\/\/schema.org","@graph":[{"@type":"Article","@id":"https:\/\/noti-america.com\/site\/espana\/2021\/02\/08\/las-primeras-demandas-de-la-hosteleria-ante-el-tribunal-supremo-comienzan-su-tramitacion\/#article","isPartOf":{"@id":"https:\/\/noti-america.com\/site\/espana\/2021\/02\/08\/las-primeras-demandas-de-la-hosteleria-ante-el-tribunal-supremo-comienzan-su-tramitacion\/"},"author":{"name":"Rosmer Herrera","@id":"https:\/\/noti-america.com\/site\/espana\/#\/schema\/person\/fd58dbfb92a257e9dc5761bf69a855ff"},"headline":"Las primeras demandas de la hosteler\u00eda ante el Tribunal Supremo comienzan su tramitaci\u00f3n","datePublished":"2021-02-08T13:37:52+00:00","dateModified":"2021-02-08T17:38:02+00:00","mainEntityOfPage":{"@id":"https:\/\/noti-america.com\/site\/espana\/2021\/02\/08\/las-primeras-demandas-de-la-hosteleria-ante-el-tribunal-supremo-comienzan-su-tramitacion\/"},"wordCount":680,"commentCount":0,"publisher":{"@id":"https:\/\/noti-america.com\/site\/espana\/#organization"},"image":{"@id":"https:\/\/noti-america.com\/site\/espana\/2021\/02\/08\/las-primeras-demandas-de-la-hosteleria-ante-el-tribunal-supremo-comienzan-su-tramitacion\/#primaryimage"},"thumbnailUrl":"https:\/\/noti-america.com\/site\/espana\/wp-content\/uploads\/sites\/25\/2021\/02\/1612720200_Diapositiva1.jpg","articleSection":["Actualidad","Judicial"],"inLanguage":"es","potentialAction":[{"@type":"CommentAction","name":"Comment","target":["https:\/\/noti-america.com\/site\/espana\/2021\/02\/08\/las-primeras-demandas-de-la-hosteleria-ante-el-tribunal-supremo-comienzan-su-tramitacion\/#respond"]}]},{"@type":"WebPage","@id":"https:\/\/noti-america.com\/site\/espana\/2021\/02\/08\/las-primeras-demandas-de-la-hosteleria-ante-el-tribunal-supremo-comienzan-su-tramitacion\/","url":"https:\/\/noti-america.com\/site\/espana\/2021\/02\/08\/las-primeras-demandas-de-la-hosteleria-ante-el-tribunal-supremo-comienzan-su-tramitacion\/","name":"Las primeras demandas de la hosteler\u00eda ante el Tribunal Supremo comienzan su tramitaci\u00f3n - Espa\u00f1a | Noti-America.com","isPartOf":{"@id":"https:\/\/noti-america.com\/site\/espana\/#website"},"primaryImageOfPage":{"@id":"https:\/\/noti-america.com\/site\/espana\/2021\/02\/08\/las-primeras-demandas-de-la-hosteleria-ante-el-tribunal-supremo-comienzan-su-tramitacion\/#primaryimage"},"image":{"@id":"https:\/\/noti-america.com\/site\/espana\/2021\/02\/08\/las-primeras-demandas-de-la-hosteleria-ante-el-tribunal-supremo-comienzan-su-tramitacion\/#primaryimage"},"thumbnailUrl":"https:\/\/noti-america.com\/site\/espana\/wp-content\/uploads\/sites\/25\/2021\/02\/1612720200_Diapositiva1.jpg","datePublished":"2021-02-08T13:37:52+00:00","dateModified":"2021-02-08T17:38:02+00:00","breadcrumb":{"@id":"https:\/\/noti-america.com\/site\/espana\/2021\/02\/08\/las-primeras-demandas-de-la-hosteleria-ante-el-tribunal-supremo-comienzan-su-tramitacion\/#breadcrumb"},"inLanguage":"es","potentialAction":[{"@type":"ReadAction","target":["https:\/\/noti-america.com\/site\/espana\/2021\/02\/08\/las-primeras-demandas-de-la-hosteleria-ante-el-tribunal-supremo-comienzan-su-tramitacion\/"]}]},{"@type":"ImageObject","inLanguage":"es","@id":"https:\/\/noti-america.com\/site\/espana\/2021\/02\/08\/las-primeras-demandas-de-la-hosteleria-ante-el-tribunal-supremo-comienzan-su-tramitacion\/#primaryimage","url":"https:\/\/noti-america.com\/site\/espana\/wp-content\/uploads\/sites\/25\/2021\/02\/1612720200_Diapositiva1.jpg","contentUrl":"https:\/\/noti-america.com\/site\/espana\/wp-content\/uploads\/sites\/25\/2021\/02\/1612720200_Diapositiva1.jpg","width":1280,"height":720},{"@type":"BreadcrumbList","@id":"https:\/\/noti-america.com\/site\/espana\/2021\/02\/08\/las-primeras-demandas-de-la-hosteleria-ante-el-tribunal-supremo-comienzan-su-tramitacion\/#breadcrumb","itemListElement":[{"@type":"ListItem","position":1,"name":"Portada","item":"https:\/\/noti-america.com\/site\/espana\/"},{"@type":"ListItem","position":2,"name":"Las primeras demandas de la hosteler\u00eda ante el Tribunal Supremo comienzan su tramitaci\u00f3n"}]},{"@type":"WebSite","@id":"https:\/\/noti-america.com\/site\/espana\/#website","url":"https:\/\/noti-america.com\/site\/espana\/","name":"Espa\u00f1a | Noti-America.com","description":"","publisher":{"@id":"https:\/\/noti-america.com\/site\/espana\/#organization"},"potentialAction":[{"@type":"SearchAction","target":{"@type":"EntryPoint","urlTemplate":"https:\/\/noti-america.com\/site\/espana\/?s={search_term_string}"},"query-input":{"@type":"PropertyValueSpecification","valueRequired":true,"valueName":"search_term_string"}}],"inLanguage":"es"},{"@type":"Organization","@id":"https:\/\/noti-america.com\/site\/espana\/#organization","name":"Noti-America LLC | Espa\u00f1a","url":"https:\/\/noti-america.com\/site\/espana\/","logo":{"@type":"ImageObject","inLanguage":"es","@id":"https:\/\/noti-america.com\/site\/espana\/#\/schema\/logo\/image\/","url":"https:\/\/noti-america.com\/site\/espana\/wp-content\/uploads\/sites\/25\/2020\/07\/LogoNA-4x3-1.jpg","contentUrl":"https:\/\/noti-america.com\/site\/espana\/wp-content\/uploads\/sites\/25\/2020\/07\/LogoNA-4x3-1.jpg","width":1236,"height":1080,"caption":"Noti-America LLC | Espa\u00f1a"},"image":{"@id":"https:\/\/noti-america.com\/site\/espana\/#\/schema\/logo\/image\/"},"sameAs":["https:\/\/x.com\/notiamerica"]},{"@type":"Person","@id":"https:\/\/noti-america.com\/site\/espana\/#\/schema\/person\/fd58dbfb92a257e9dc5761bf69a855ff","name":"Rosmer Herrera","image":{"@type":"ImageObject","inLanguage":"es","@id":"https:\/\/secure.gravatar.com\/avatar\/153e75c261394dbf20ff1a1e70ea2be9494f2b40b7fc4e7704084db13220ae08?s=96&d=mm&r=g","url":"https:\/\/secure.gravatar.com\/avatar\/153e75c261394dbf20ff1a1e70ea2be9494f2b40b7fc4e7704084db13220ae08?s=96&d=mm&r=g","contentUrl":"https:\/\/secure.gravatar.com\/avatar\/153e75c261394dbf20ff1a1e70ea2be9494f2b40b7fc4e7704084db13220ae08?s=96&d=mm&r=g","caption":"Rosmer Herrera"},"url":"https:\/\/noti-america.com\/site\/espana\/author\/rosmer33\/"}]}},"_links":{"self":[{"href":"https:\/\/noti-america.com\/site\/espana\/wp-json\/wp\/v2\/posts\/4284","targetHints":{"allow":["GET"]}}],"collection":[{"href":"https:\/\/noti-america.com\/site\/espana\/wp-json\/wp\/v2\/posts"}],"about":[{"href":"https:\/\/noti-america.com\/site\/espana\/wp-json\/wp\/v2\/types\/post"}],"author":[{"embeddable":true,"href":"https:\/\/noti-america.com\/site\/espana\/wp-json\/wp\/v2\/users\/1"}],"replies":[{"embeddable":true,"href":"https:\/\/noti-america.com\/site\/espana\/wp-json\/wp\/v2\/comments?post=4284"}],"version-history":[{"count":1,"href":"https:\/\/noti-america.com\/site\/espana\/wp-json\/wp\/v2\/posts\/4284\/revisions"}],"predecessor-version":[{"id":4286,"href":"https:\/\/noti-america.com\/site\/espana\/wp-json\/wp\/v2\/posts\/4284\/revisions\/4286"}],"wp:featuredmedia":[{"embeddable":true,"href":"https:\/\/noti-america.com\/site\/espana\/wp-json\/wp\/v2\/media\/4285"}],"wp:attachment":[{"href":"https:\/\/noti-america.com\/site\/espana\/wp-json\/wp\/v2\/media?parent=4284"}],"wp:term":[{"taxonomy":"category","embeddable":true,"href":"https:\/\/noti-america.com\/site\/espana\/wp-json\/wp\/v2\/categories?post=4284"},{"taxonomy":"post_tag","embeddable":true,"href":"https:\/\/noti-america.com\/site\/espana\/wp-json\/wp\/v2\/tags?post=4284"}],"curies":[{"name":"wp","href":"https:\/\/api.w.org\/{rel}","templated":true}]}}