{"id":4026,"date":"2021-01-13T10:51:43","date_gmt":"2021-01-13T10:51:43","guid":{"rendered":"https:\/\/noti-america.com\/site\/espana\/2021\/01\/13\/nueva-subida-record-en-la-luz-segun-ecoluz-consultores\/"},"modified":"2021-01-13T14:51:56","modified_gmt":"2021-01-13T14:51:56","slug":"nueva-subida-record-en-la-luz-segun-ecoluz-consultores","status":"publish","type":"post","link":"https:\/\/noti-america.com\/site\/espana\/2021\/01\/13\/nueva-subida-record-en-la-luz-segun-ecoluz-consultores\/","title":{"rendered":"Nueva subida r\u00e9cord en la luz seg\u00fan Ecoluz Consultores"},"content":{"rendered":"<p>Nota de Prensa &#8211; Comunicae Media<\/p>\n<p><strong>El lunes 11 de enero del 2021 la luz volvi\u00f3 a tener otro d\u00eda r\u00e9cord en el precio pico llegando a 121,14 \u20ac \/MWh en el &#8216;pool&#8217;. Ya el pasado 8 de enero hab\u00eda sido noticia que el precio medio de la energ\u00eda de ese d\u00eda se disparase. Aumenta la preocupaci\u00f3n entre los consumidores sobre el encarecimiento actual de la factura de luz<\/strong><\/p>\n<p><a href=\"http:\/\/www.eco-luz.es\/\" target=\"_blank\" rel=\"noopener noreferrer\">Ecoluz Consultores<\/a>\u00a0quiere ayudar a reducir la preocupaci\u00f3n generada sobre esta noticia, aclarando estas dos cuestiones: \u00bfPor qu\u00e9 est\u00e1 subiendo tanto la luz en enero? y \u00bfVa a bajar el recibo el\u00e9ctrico?<\/p>\n<p><strong>\u00bfPor qu\u00e9 est\u00e1 subiendo tanto la luz en enero?<\/strong><br \/>\nEspa\u00f1a est\u00e1 atravesando un temporal de fr\u00edo y nieve que est\u00e1 produciendo una demanda energ\u00e9tica fuera de lo habitual. La calefacci\u00f3n el\u00e9ctrica tanto dom\u00e9stica como industrial, necesitan para su correcto funcionamiento, una alta cantidad de energ\u00eda el\u00e9ctrica. Esto produce una demanda desorbitada que afecta directamente al mercado el\u00e9ctrico. A mayor demanda, los precios se encarecen.<\/p>\n<p>Las renovables no han podido generar energ\u00eda seg\u00fan lo esperado, debido al temporal actual, el viento y el sol, no est\u00e1n dando el rendimiento \u00f3ptimo necesario. Por este motivo, no se ha podido utilizar la suficiente cantidad de KW provenientes de las renovables y han tenido que entrar otras tecnolog\u00edas m\u00e1s caras, como son los ciclos combinados de gas y di\u00e9sel y centrales t\u00e9rmicas de carb\u00f3n. El mercado el\u00e9ctrico espa\u00f1ol es un mercado marginalista, es decir, que la \u00faltima tecnolog\u00eda de generaci\u00f3n que satisface la demanda energ\u00e9tica, marca el precio.<\/p>\n<p>El precio del Gas ha subido y esto ha causado que muchas centrales que est\u00e1n usando gas para producir energ\u00eda, paguen mayores costes, por tanto, los costes de casaci\u00f3n se elevan. Adem\u00e1s, los derechos de emisi\u00f3n de CO\u2082 est\u00e1n subiendo y eso las el\u00e9ctricas lo incluyen en sus ofertas de precios como un sobrecoste m\u00e1s.<\/p>\n<p>En resumen: Se trata de una tormenta perfecta para la factura de la luz, ya que se unen tres factores determinantes: una mayor demanda energ\u00e9tica para combatir el fr\u00edo, una menor producci\u00f3n de energ\u00edas m\u00e1s econ\u00f3micas por las condiciones meteorol\u00f3gicas y el aumento del precio del gas natural.<\/p>\n<p>\u201cPodemos estar tranquilos, cuando suban las temperaturas y baje la demanda energ\u00e9tica, la luz volver\u00e1 a valores normales de mercado\u201d dijo \u00c1ngel Trevi\u00f1o, CEO y perito judicial en eficiencia en\u00a0<a href=\"http:\/\/www.eco-luz.es\/\" target=\"_blank\" rel=\"noopener noreferrer\">Ecoluz Consultores<\/a>.<\/p>\n<p>Trevi\u00f1o concluy\u00f3: \u201cEl recibo subir\u00e1 para aquellos que tengan contratada tarifa PVPC y precios indexados, a todos los que hayan hecho buenas gestiones de compra en precios fijos en 2020, estar\u00e1n libres de esta volatilidad puntual\u00bb.<\/p>\n<p><strong>\u00bfVa a bajar el recibo el\u00e9ctrico?\u200b<\/strong><br \/>\nA partir del 1 de abril entrar\u00e1 en vigor el nuevo recibo dise\u00f1ado por la CNMC, que incluye la discriminaci\u00f3n horaria en todos los peajes. Se pretende reducir as\u00ed la facturaci\u00f3n el\u00e9ctrica aunque depender\u00e1 mucho de la demanda horaria.<\/p>\n<p>Y no solo eso, ya que la iniciativa del Ejecutivo de que sean las empresas suministradoras de energ\u00eda -petroleras y gasistas- quienes costeen las primas a las renovables se traducir\u00e1 en una rebaja de la factura dom\u00e9stica de al menos un 13 % en cinco a\u00f1os, en la parte fija del recibo.<\/p>\n<p>Angel Trevi\u00f1o explic\u00f3: \u201cEl recibo de la luz consta de dos partes, casi al 50% cada una. La parte fija (impuestos, costes y tasas que a\u00f1ade el Gobierno al recibo) y la parte variable (mercado el\u00e9ctrico).<\/p>\n<p>El Gobierno quiere que parte del coste, de la parte fija del recibo, una cantidad de 7.000 millones de euros, pertenecientes a las partidas de la subvenciones dadas a las renovables, deuda el\u00e9ctrica y costes extra peninsulares las paguen las empresas petroleras, gasistas y energ\u00e9ticas. Pudiendo estas repercutir, esta nueva \u00abtasa\u201d, en el precio final del producto.<\/p>\n<p>Por tanto, esta acci\u00f3n que puede suponer una reducci\u00f3n de un 13% en la parte fija del recibo, deja la puerta abierta a un encarecimiento en la parte variable de un % indeterminado y a una subida general al precio del di\u00e9sel, gasolina y gas\u00bb.<\/p>\n<p>Trevi\u00f1o concluy\u00f3: \u00abDudo que estas medidas vayan a hacer bajar el precio total de la factura de luz a partir del 1 de abril. Para poder conseguir ahorros significativos en empresas y hogares desde ya, hay que comprar cuando la energ\u00eda este baja y revisar mensualmente que los recibos el\u00e9ctricos no contienen errores, hoy por hoy es la \u00fanica manera\u00bb.<\/p>\n","protected":false},"excerpt":{"rendered":"<p>Nota de Prensa &#8211; Comunicae Media El lunes 11 de enero del 2021 la luz volvi\u00f3 a tener otro d\u00eda r\u00e9cord en el precio pico llegando a 121,14 \u20ac \/MWh en el &#8216;pool&#8217;. Ya&#46;&#46;&#46;<\/p>\n","protected":false},"author":1,"featured_media":4027,"comment_status":"open","ping_status":"open","sticky":false,"template":"","format":"image","meta":{"_acf_changed":false,"om_disable_all_campaigns":false,"rop_custom_images_group":[],"rop_custom_messages_group":[],"rop_publish_now":"initial","rop_publish_now_accounts":[],"rop_publish_now_history":[],"rop_publish_now_status":"pending","_uf_show_specific_survey":0,"_uf_disable_surveys":false,"footnotes":""},"categories":[136,5],"tags":[],"class_list":["post-4026","post","type-post","status-publish","format-image","has-post-thumbnail","hentry","category-actualidad","category-economia","post_format-post-format-image"],"acf":[],"aioseo_notices":[],"yoast_head":"<!-- This site is optimized with the Yoast SEO Premium plugin v24.9 (Yoast SEO v27.2) - https:\/\/yoast.com\/product\/yoast-seo-premium-wordpress\/ -->\n<title>Nueva subida r\u00e9cord en la luz seg\u00fan Ecoluz Consultores - Espa\u00f1a | Noti-America.com<\/title>\n<meta name=\"robots\" content=\"index, follow, max-snippet:-1, max-image-preview:large, max-video-preview:-1\" \/>\n<link rel=\"canonical\" href=\"https:\/\/noti-america.com\/site\/espana\/2021\/01\/13\/nueva-subida-record-en-la-luz-segun-ecoluz-consultores\/\" \/>\n<meta property=\"og:locale\" content=\"es_ES\" \/>\n<meta property=\"og:type\" content=\"article\" \/>\n<meta property=\"og:title\" content=\"Nueva subida r\u00e9cord en la luz seg\u00fan Ecoluz Consultores\" \/>\n<meta property=\"og:description\" content=\"Nota de Prensa &#8211; Comunicae Media El lunes 11 de enero del 2021 la luz volvi\u00f3 a tener otro d\u00eda r\u00e9cord en el precio pico llegando a 121,14 \u20ac \/MWh en el &#8216;pool&#8217;. Ya&#046;&#046;&#046;\" \/>\n<meta property=\"og:url\" content=\"https:\/\/noti-america.com\/site\/espana\/2021\/01\/13\/nueva-subida-record-en-la-luz-segun-ecoluz-consultores\/\" \/>\n<meta property=\"og:site_name\" content=\"Espa\u00f1a | Noti-America.com\" \/>\n<meta property=\"article:published_time\" content=\"2021-01-13T10:51:43+00:00\" \/>\n<meta property=\"article:modified_time\" content=\"2021-01-13T14:51:56+00:00\" \/>\n<meta property=\"og:image\" content=\"https:\/\/noti-america.com\/site\/espana\/wp-content\/uploads\/sites\/25\/2021\/01\/1610469706_nevadaysoldefondo.jpg\" \/>\n\t<meta property=\"og:image:width\" content=\"900\" \/>\n\t<meta property=\"og:image:height\" content=\"615\" \/>\n\t<meta property=\"og:image:type\" content=\"image\/jpeg\" \/>\n<meta name=\"author\" content=\"Rosmer Herrera\" \/>\n<meta name=\"twitter:card\" content=\"summary_large_image\" \/>\n<meta name=\"twitter:creator\" content=\"@notiamerica\" \/>\n<meta name=\"twitter:site\" content=\"@notiamerica\" \/>\n<meta name=\"twitter:label1\" content=\"Escrito por\" \/>\n\t<meta name=\"twitter:data1\" content=\"Rosmer Herrera\" \/>\n\t<meta name=\"twitter:label2\" content=\"Tiempo estimado de lectura\" \/>\n\t<meta name=\"twitter:data2\" content=\"4 minutos\" \/>\n<script type=\"application\/ld+json\" class=\"yoast-schema-graph\">{\"@context\":\"https:\/\/schema.org\",\"@graph\":[{\"@type\":\"Article\",\"@id\":\"https:\/\/noti-america.com\/site\/espana\/2021\/01\/13\/nueva-subida-record-en-la-luz-segun-ecoluz-consultores\/#article\",\"isPartOf\":{\"@id\":\"https:\/\/noti-america.com\/site\/espana\/2021\/01\/13\/nueva-subida-record-en-la-luz-segun-ecoluz-consultores\/\"},\"author\":{\"name\":\"Rosmer Herrera\",\"@id\":\"https:\/\/noti-america.com\/site\/espana\/#\/schema\/person\/fd58dbfb92a257e9dc5761bf69a855ff\"},\"headline\":\"Nueva subida r\u00e9cord en la luz seg\u00fan Ecoluz Consultores\",\"datePublished\":\"2021-01-13T10:51:43+00:00\",\"dateModified\":\"2021-01-13T14:51:56+00:00\",\"mainEntityOfPage\":{\"@id\":\"https:\/\/noti-america.com\/site\/espana\/2021\/01\/13\/nueva-subida-record-en-la-luz-segun-ecoluz-consultores\/\"},\"wordCount\":786,\"commentCount\":0,\"publisher\":{\"@id\":\"https:\/\/noti-america.com\/site\/espana\/#organization\"},\"image\":{\"@id\":\"https:\/\/noti-america.com\/site\/espana\/2021\/01\/13\/nueva-subida-record-en-la-luz-segun-ecoluz-consultores\/#primaryimage\"},\"thumbnailUrl\":\"https:\/\/noti-america.com\/site\/espana\/wp-content\/uploads\/sites\/25\/2021\/01\/1610469706_nevadaysoldefondo.jpg\",\"articleSection\":[\"Actualidad\",\"Econom\u00eda\"],\"inLanguage\":\"es\",\"potentialAction\":[{\"@type\":\"CommentAction\",\"name\":\"Comment\",\"target\":[\"https:\/\/noti-america.com\/site\/espana\/2021\/01\/13\/nueva-subida-record-en-la-luz-segun-ecoluz-consultores\/#respond\"]}]},{\"@type\":\"WebPage\",\"@id\":\"https:\/\/noti-america.com\/site\/espana\/2021\/01\/13\/nueva-subida-record-en-la-luz-segun-ecoluz-consultores\/\",\"url\":\"https:\/\/noti-america.com\/site\/espana\/2021\/01\/13\/nueva-subida-record-en-la-luz-segun-ecoluz-consultores\/\",\"name\":\"Nueva subida r\u00e9cord en la luz seg\u00fan Ecoluz Consultores - Espa\u00f1a | Noti-America.com\",\"isPartOf\":{\"@id\":\"https:\/\/noti-america.com\/site\/espana\/#website\"},\"primaryImageOfPage\":{\"@id\":\"https:\/\/noti-america.com\/site\/espana\/2021\/01\/13\/nueva-subida-record-en-la-luz-segun-ecoluz-consultores\/#primaryimage\"},\"image\":{\"@id\":\"https:\/\/noti-america.com\/site\/espana\/2021\/01\/13\/nueva-subida-record-en-la-luz-segun-ecoluz-consultores\/#primaryimage\"},\"thumbnailUrl\":\"https:\/\/noti-america.com\/site\/espana\/wp-content\/uploads\/sites\/25\/2021\/01\/1610469706_nevadaysoldefondo.jpg\",\"datePublished\":\"2021-01-13T10:51:43+00:00\",\"dateModified\":\"2021-01-13T14:51:56+00:00\",\"breadcrumb\":{\"@id\":\"https:\/\/noti-america.com\/site\/espana\/2021\/01\/13\/nueva-subida-record-en-la-luz-segun-ecoluz-consultores\/#breadcrumb\"},\"inLanguage\":\"es\",\"potentialAction\":[{\"@type\":\"ReadAction\",\"target\":[\"https:\/\/noti-america.com\/site\/espana\/2021\/01\/13\/nueva-subida-record-en-la-luz-segun-ecoluz-consultores\/\"]}]},{\"@type\":\"ImageObject\",\"inLanguage\":\"es\",\"@id\":\"https:\/\/noti-america.com\/site\/espana\/2021\/01\/13\/nueva-subida-record-en-la-luz-segun-ecoluz-consultores\/#primaryimage\",\"url\":\"https:\/\/noti-america.com\/site\/espana\/wp-content\/uploads\/sites\/25\/2021\/01\/1610469706_nevadaysoldefondo.jpg\",\"contentUrl\":\"https:\/\/noti-america.com\/site\/espana\/wp-content\/uploads\/sites\/25\/2021\/01\/1610469706_nevadaysoldefondo.jpg\",\"width\":900,\"height\":615},{\"@type\":\"BreadcrumbList\",\"@id\":\"https:\/\/noti-america.com\/site\/espana\/2021\/01\/13\/nueva-subida-record-en-la-luz-segun-ecoluz-consultores\/#breadcrumb\",\"itemListElement\":[{\"@type\":\"ListItem\",\"position\":1,\"name\":\"Portada\",\"item\":\"https:\/\/noti-america.com\/site\/espana\/\"},{\"@type\":\"ListItem\",\"position\":2,\"name\":\"Nueva subida r\u00e9cord en la luz seg\u00fan Ecoluz Consultores\"}]},{\"@type\":\"WebSite\",\"@id\":\"https:\/\/noti-america.com\/site\/espana\/#website\",\"url\":\"https:\/\/noti-america.com\/site\/espana\/\",\"name\":\"Espa\u00f1a | Noti-America.com\",\"description\":\"\",\"publisher\":{\"@id\":\"https:\/\/noti-america.com\/site\/espana\/#organization\"},\"potentialAction\":[{\"@type\":\"SearchAction\",\"target\":{\"@type\":\"EntryPoint\",\"urlTemplate\":\"https:\/\/noti-america.com\/site\/espana\/?s={search_term_string}\"},\"query-input\":{\"@type\":\"PropertyValueSpecification\",\"valueRequired\":true,\"valueName\":\"search_term_string\"}}],\"inLanguage\":\"es\"},{\"@type\":\"Organization\",\"@id\":\"https:\/\/noti-america.com\/site\/espana\/#organization\",\"name\":\"Noti-America LLC | Espa\u00f1a\",\"url\":\"https:\/\/noti-america.com\/site\/espana\/\",\"logo\":{\"@type\":\"ImageObject\",\"inLanguage\":\"es\",\"@id\":\"https:\/\/noti-america.com\/site\/espana\/#\/schema\/logo\/image\/\",\"url\":\"https:\/\/noti-america.com\/site\/espana\/wp-content\/uploads\/sites\/25\/2020\/07\/LogoNA-4x3-1.jpg\",\"contentUrl\":\"https:\/\/noti-america.com\/site\/espana\/wp-content\/uploads\/sites\/25\/2020\/07\/LogoNA-4x3-1.jpg\",\"width\":1236,\"height\":1080,\"caption\":\"Noti-America LLC | Espa\u00f1a\"},\"image\":{\"@id\":\"https:\/\/noti-america.com\/site\/espana\/#\/schema\/logo\/image\/\"},\"sameAs\":[\"https:\/\/x.com\/notiamerica\"]},{\"@type\":\"Person\",\"@id\":\"https:\/\/noti-america.com\/site\/espana\/#\/schema\/person\/fd58dbfb92a257e9dc5761bf69a855ff\",\"name\":\"Rosmer Herrera\",\"image\":{\"@type\":\"ImageObject\",\"inLanguage\":\"es\",\"@id\":\"https:\/\/secure.gravatar.com\/avatar\/153e75c261394dbf20ff1a1e70ea2be9494f2b40b7fc4e7704084db13220ae08?s=96&d=mm&r=g\",\"url\":\"https:\/\/secure.gravatar.com\/avatar\/153e75c261394dbf20ff1a1e70ea2be9494f2b40b7fc4e7704084db13220ae08?s=96&d=mm&r=g\",\"contentUrl\":\"https:\/\/secure.gravatar.com\/avatar\/153e75c261394dbf20ff1a1e70ea2be9494f2b40b7fc4e7704084db13220ae08?s=96&d=mm&r=g\",\"caption\":\"Rosmer Herrera\"},\"url\":\"https:\/\/noti-america.com\/site\/espana\/author\/rosmer33\/\"}]}<\/script>\n<!-- \/ Yoast SEO Premium plugin. -->","yoast_head_json":{"title":"Nueva subida r\u00e9cord en la luz seg\u00fan Ecoluz Consultores - Espa\u00f1a | Noti-America.com","robots":{"index":"index","follow":"follow","max-snippet":"max-snippet:-1","max-image-preview":"max-image-preview:large","max-video-preview":"max-video-preview:-1"},"canonical":"https:\/\/noti-america.com\/site\/espana\/2021\/01\/13\/nueva-subida-record-en-la-luz-segun-ecoluz-consultores\/","og_locale":"es_ES","og_type":"article","og_title":"Nueva subida r\u00e9cord en la luz seg\u00fan Ecoluz Consultores","og_description":"Nota de Prensa &#8211; Comunicae Media El lunes 11 de enero del 2021 la luz volvi\u00f3 a tener otro d\u00eda r\u00e9cord en el precio pico llegando a 121,14 \u20ac \/MWh en el &#8216;pool&#8217;. Ya&#46;&#46;&#46;","og_url":"https:\/\/noti-america.com\/site\/espana\/2021\/01\/13\/nueva-subida-record-en-la-luz-segun-ecoluz-consultores\/","og_site_name":"Espa\u00f1a | Noti-America.com","article_published_time":"2021-01-13T10:51:43+00:00","article_modified_time":"2021-01-13T14:51:56+00:00","og_image":[{"width":900,"height":615,"url":"https:\/\/noti-america.com\/site\/espana\/wp-content\/uploads\/sites\/25\/2021\/01\/1610469706_nevadaysoldefondo.jpg","type":"image\/jpeg"}],"author":"Rosmer Herrera","twitter_card":"summary_large_image","twitter_creator":"@notiamerica","twitter_site":"@notiamerica","twitter_misc":{"Escrito por":"Rosmer Herrera","Tiempo estimado de lectura":"4 minutos"},"schema":{"@context":"https:\/\/schema.org","@graph":[{"@type":"Article","@id":"https:\/\/noti-america.com\/site\/espana\/2021\/01\/13\/nueva-subida-record-en-la-luz-segun-ecoluz-consultores\/#article","isPartOf":{"@id":"https:\/\/noti-america.com\/site\/espana\/2021\/01\/13\/nueva-subida-record-en-la-luz-segun-ecoluz-consultores\/"},"author":{"name":"Rosmer Herrera","@id":"https:\/\/noti-america.com\/site\/espana\/#\/schema\/person\/fd58dbfb92a257e9dc5761bf69a855ff"},"headline":"Nueva subida r\u00e9cord en la luz seg\u00fan Ecoluz Consultores","datePublished":"2021-01-13T10:51:43+00:00","dateModified":"2021-01-13T14:51:56+00:00","mainEntityOfPage":{"@id":"https:\/\/noti-america.com\/site\/espana\/2021\/01\/13\/nueva-subida-record-en-la-luz-segun-ecoluz-consultores\/"},"wordCount":786,"commentCount":0,"publisher":{"@id":"https:\/\/noti-america.com\/site\/espana\/#organization"},"image":{"@id":"https:\/\/noti-america.com\/site\/espana\/2021\/01\/13\/nueva-subida-record-en-la-luz-segun-ecoluz-consultores\/#primaryimage"},"thumbnailUrl":"https:\/\/noti-america.com\/site\/espana\/wp-content\/uploads\/sites\/25\/2021\/01\/1610469706_nevadaysoldefondo.jpg","articleSection":["Actualidad","Econom\u00eda"],"inLanguage":"es","potentialAction":[{"@type":"CommentAction","name":"Comment","target":["https:\/\/noti-america.com\/site\/espana\/2021\/01\/13\/nueva-subida-record-en-la-luz-segun-ecoluz-consultores\/#respond"]}]},{"@type":"WebPage","@id":"https:\/\/noti-america.com\/site\/espana\/2021\/01\/13\/nueva-subida-record-en-la-luz-segun-ecoluz-consultores\/","url":"https:\/\/noti-america.com\/site\/espana\/2021\/01\/13\/nueva-subida-record-en-la-luz-segun-ecoluz-consultores\/","name":"Nueva subida r\u00e9cord en la luz seg\u00fan Ecoluz Consultores - Espa\u00f1a | Noti-America.com","isPartOf":{"@id":"https:\/\/noti-america.com\/site\/espana\/#website"},"primaryImageOfPage":{"@id":"https:\/\/noti-america.com\/site\/espana\/2021\/01\/13\/nueva-subida-record-en-la-luz-segun-ecoluz-consultores\/#primaryimage"},"image":{"@id":"https:\/\/noti-america.com\/site\/espana\/2021\/01\/13\/nueva-subida-record-en-la-luz-segun-ecoluz-consultores\/#primaryimage"},"thumbnailUrl":"https:\/\/noti-america.com\/site\/espana\/wp-content\/uploads\/sites\/25\/2021\/01\/1610469706_nevadaysoldefondo.jpg","datePublished":"2021-01-13T10:51:43+00:00","dateModified":"2021-01-13T14:51:56+00:00","breadcrumb":{"@id":"https:\/\/noti-america.com\/site\/espana\/2021\/01\/13\/nueva-subida-record-en-la-luz-segun-ecoluz-consultores\/#breadcrumb"},"inLanguage":"es","potentialAction":[{"@type":"ReadAction","target":["https:\/\/noti-america.com\/site\/espana\/2021\/01\/13\/nueva-subida-record-en-la-luz-segun-ecoluz-consultores\/"]}]},{"@type":"ImageObject","inLanguage":"es","@id":"https:\/\/noti-america.com\/site\/espana\/2021\/01\/13\/nueva-subida-record-en-la-luz-segun-ecoluz-consultores\/#primaryimage","url":"https:\/\/noti-america.com\/site\/espana\/wp-content\/uploads\/sites\/25\/2021\/01\/1610469706_nevadaysoldefondo.jpg","contentUrl":"https:\/\/noti-america.com\/site\/espana\/wp-content\/uploads\/sites\/25\/2021\/01\/1610469706_nevadaysoldefondo.jpg","width":900,"height":615},{"@type":"BreadcrumbList","@id":"https:\/\/noti-america.com\/site\/espana\/2021\/01\/13\/nueva-subida-record-en-la-luz-segun-ecoluz-consultores\/#breadcrumb","itemListElement":[{"@type":"ListItem","position":1,"name":"Portada","item":"https:\/\/noti-america.com\/site\/espana\/"},{"@type":"ListItem","position":2,"name":"Nueva subida r\u00e9cord en la luz seg\u00fan Ecoluz Consultores"}]},{"@type":"WebSite","@id":"https:\/\/noti-america.com\/site\/espana\/#website","url":"https:\/\/noti-america.com\/site\/espana\/","name":"Espa\u00f1a | Noti-America.com","description":"","publisher":{"@id":"https:\/\/noti-america.com\/site\/espana\/#organization"},"potentialAction":[{"@type":"SearchAction","target":{"@type":"EntryPoint","urlTemplate":"https:\/\/noti-america.com\/site\/espana\/?s={search_term_string}"},"query-input":{"@type":"PropertyValueSpecification","valueRequired":true,"valueName":"search_term_string"}}],"inLanguage":"es"},{"@type":"Organization","@id":"https:\/\/noti-america.com\/site\/espana\/#organization","name":"Noti-America LLC | Espa\u00f1a","url":"https:\/\/noti-america.com\/site\/espana\/","logo":{"@type":"ImageObject","inLanguage":"es","@id":"https:\/\/noti-america.com\/site\/espana\/#\/schema\/logo\/image\/","url":"https:\/\/noti-america.com\/site\/espana\/wp-content\/uploads\/sites\/25\/2020\/07\/LogoNA-4x3-1.jpg","contentUrl":"https:\/\/noti-america.com\/site\/espana\/wp-content\/uploads\/sites\/25\/2020\/07\/LogoNA-4x3-1.jpg","width":1236,"height":1080,"caption":"Noti-America LLC | Espa\u00f1a"},"image":{"@id":"https:\/\/noti-america.com\/site\/espana\/#\/schema\/logo\/image\/"},"sameAs":["https:\/\/x.com\/notiamerica"]},{"@type":"Person","@id":"https:\/\/noti-america.com\/site\/espana\/#\/schema\/person\/fd58dbfb92a257e9dc5761bf69a855ff","name":"Rosmer Herrera","image":{"@type":"ImageObject","inLanguage":"es","@id":"https:\/\/secure.gravatar.com\/avatar\/153e75c261394dbf20ff1a1e70ea2be9494f2b40b7fc4e7704084db13220ae08?s=96&d=mm&r=g","url":"https:\/\/secure.gravatar.com\/avatar\/153e75c261394dbf20ff1a1e70ea2be9494f2b40b7fc4e7704084db13220ae08?s=96&d=mm&r=g","contentUrl":"https:\/\/secure.gravatar.com\/avatar\/153e75c261394dbf20ff1a1e70ea2be9494f2b40b7fc4e7704084db13220ae08?s=96&d=mm&r=g","caption":"Rosmer Herrera"},"url":"https:\/\/noti-america.com\/site\/espana\/author\/rosmer33\/"}]}},"_links":{"self":[{"href":"https:\/\/noti-america.com\/site\/espana\/wp-json\/wp\/v2\/posts\/4026","targetHints":{"allow":["GET"]}}],"collection":[{"href":"https:\/\/noti-america.com\/site\/espana\/wp-json\/wp\/v2\/posts"}],"about":[{"href":"https:\/\/noti-america.com\/site\/espana\/wp-json\/wp\/v2\/types\/post"}],"author":[{"embeddable":true,"href":"https:\/\/noti-america.com\/site\/espana\/wp-json\/wp\/v2\/users\/1"}],"replies":[{"embeddable":true,"href":"https:\/\/noti-america.com\/site\/espana\/wp-json\/wp\/v2\/comments?post=4026"}],"version-history":[{"count":1,"href":"https:\/\/noti-america.com\/site\/espana\/wp-json\/wp\/v2\/posts\/4026\/revisions"}],"predecessor-version":[{"id":4028,"href":"https:\/\/noti-america.com\/site\/espana\/wp-json\/wp\/v2\/posts\/4026\/revisions\/4028"}],"wp:featuredmedia":[{"embeddable":true,"href":"https:\/\/noti-america.com\/site\/espana\/wp-json\/wp\/v2\/media\/4027"}],"wp:attachment":[{"href":"https:\/\/noti-america.com\/site\/espana\/wp-json\/wp\/v2\/media?parent=4026"}],"wp:term":[{"taxonomy":"category","embeddable":true,"href":"https:\/\/noti-america.com\/site\/espana\/wp-json\/wp\/v2\/categories?post=4026"},{"taxonomy":"post_tag","embeddable":true,"href":"https:\/\/noti-america.com\/site\/espana\/wp-json\/wp\/v2\/tags?post=4026"}],"curies":[{"name":"wp","href":"https:\/\/api.w.org\/{rel}","templated":true}]}}