{"id":3994,"date":"2021-01-05T19:55:05","date_gmt":"2021-01-05T19:55:05","guid":{"rendered":"https:\/\/noti-america.com\/site\/espana\/?p=3994"},"modified":"2021-01-05T19:55:05","modified_gmt":"2021-01-05T19:55:05","slug":"ayuso-anuncia-que-madrid-vacunara-todos-los-dias-con-medios-publicos-y-privados-incluso-de-noche","status":"publish","type":"post","link":"https:\/\/noti-america.com\/site\/espana\/2021\/01\/05\/ayuso-anuncia-que-madrid-vacunara-todos-los-dias-con-medios-publicos-y-privados-incluso-de-noche\/","title":{"rendered":"Ayuso anuncia que Madrid vacunar\u00e1 todos los d\u00edas \u00abcon medios p\u00fablicos y privados, incluso de noche\u00bb"},"content":{"rendered":"<p><span style=\"color: #000000\"><strong>Noti-Am\u00e9rica (Espa\u00f1a)<\/strong><\/span><br \/>\n<span style=\"color: #000000\"><strong>Madrid,Espa\u00f1a.<\/strong><\/span><\/p>\n<p style=\"text-align: justify\"><span style=\"color: #000000\">La presidenta de la Comunidad de Madrid,<\/span>\u00a0<a href=\"https:\/\/okdiario.com\/espana\/diaz-ayuso-exige-estrategia-vacunas-gobierno-porque-problema-nacional-6654345\">Isabel D\u00edaz Ayuso<\/a>, <span style=\"color: #000000\">ha anunciado este martes que el Gobierno regional va a aplicar la vacuna contra el Covid-19\u00a0<strong>todos los d\u00edas de la semana, incluso de noche<\/strong>, utilizando todos los medios necesarios, tanto p\u00fablicos como privados.<\/span><\/p>\n<p style=\"text-align: justify\"><span style=\"color: #000000\">Ayuso ha querido as\u00ed salir al paso de los problemas surgidos durante la primera semana de vacunaci\u00f3n, en la que la Comunidad regional tan s\u00f3lo ha podido poner\u00a0<strong>el 6% de las 48.750 dosis recibidas<\/strong>, debido a problemas de log\u00edstica y organizativos. El Servicio de Salud de la Generalitat catalana aplic\u00f3 un porcentaje de vacunas s\u00f3lo ligeramente superior, el 10%.<\/span><\/p>\n<p style=\"text-align: justify\"><span style=\"color: #000000\">Isabel D\u00edaz Ayuso ha publicado este martes un tuit en el que anuncia que \u00abMadrid va a vacunar los lunes, los martes, los mi\u00e9rcoles, los jueves, los viernes, los s\u00e1bados, los domingos y los festivos. Ma\u00f1ana y tarde.\u00a0<strong>Con todos los medios disponibles, p\u00fablicos y privados. Incluso de noche<\/strong>\u00bb.<\/span><\/p>\n<p style=\"text-align: justify\"><span style=\"color: #000000\">El consejero de Sanidad de la Comunidad de Madrid,\u00a0<\/span><a href=\"https:\/\/www.europapress.es\/madrid\/noticia-ayuso-escudero-reunen-sindicatos-sanitarios-abordar-situacion-covid-19-20200922134021.html\">Enrique Ruiz Escudero<\/a>, <span style=\"color: #000000\">ha explicado que los problemas surgidos durante los primeros d\u00edas se deben al\u00a0<strong>retraso en la llegada de la vacuna,\u00a0su proceso de descongelaci\u00f3n<\/strong>\u00a0y al coincidir estas fechas con las Fiestas de Navidad, cuando no est\u00e1 disponible una parte del personal necesario.<\/span><\/p>\n<p style=\"text-align: justify\"><span style=\"color: #000000\">La Comunidad de Madrid ha firmado un convenio mediante el cual voluntarios de la\u00a0<\/span><a href=\"https:\/\/okdiario.com\/andalucia\/alcaldesa-socialista-alcala-guadaira-sevilla-pagara-edil-5-000-euros-mas-hacer-lo-mismo-6256393\">Cruz Roja<\/a>\u00a0<span style=\"color: #000000\">participar\u00e1n en las labores de vacunaci\u00f3n, para agilizar este procedimiento. La organizaci\u00f3n humanitaria percibir\u00e1 por ello\u00a0<strong>133.512 euros al mes<\/strong>\u00a0del Gobierno regional, un total de 800.000 euros durante los pr\u00f3ximos seis meses.<\/span><\/p>\n<p style=\"text-align: justify\"><span style=\"color: #000000\">Podemos se ha apresurado a criticar este acuerdo, que a su juicio supone \u00abprivatizar\u00bb el servicio de vacunaci\u00f3n, a pesar de que el Gobierno central tambi\u00e9n contrata habitualmente los servicios de la Cruz Roja, por ejemplo para atender a los<strong>\u00a0inmigrantes ilegales llegados a las cosas espa\u00f1olas<\/strong>.<\/span><\/p>\n<p style=\"text-align: justify\"><span style=\"color: #000000\">La Cruz Roja ha respondido a estas cr\u00edticas con una serie de mensajes en lo que explica que \u00abnuestra participaci\u00f3n en este operativo de vacunaci\u00f3n es\u00a0<strong>un servicio de apoyo a la administraci\u00f3n, sin \u00e1nimo de lucro<\/strong>, en el que exclusivamente se contempla la cobertura de costes. Nuestra prioridad es dar apoyo a las personas m\u00e1s vulnerables\u00bb.<\/span><\/p>\n<p style=\"text-align: justify\"><span style=\"color: #000000\">\u00abDesde el primer momento de la pandemia\u00bb, a\u00f1ade la ONG, \u00abhemos estado en primera l\u00ednea con nuestro plan Cruz Roja Responde. Poniendo a disposici\u00f3n de las administraciones locales, auton\u00f3micas y estatales todas nuestras capacidades, recursos y experiencia, como ante otras emergencias\u00bb.<\/span><\/p>\n<p style=\"text-align: justify\"><span style=\"color: #000000\">Al respecto, la Cruz Roja explica que\u00a0<strong>ha atendido a 3 millones de personas<\/strong>\u00a0afectadas por el coronavirus, desde el estallido de la pandemia: \u00abNuestra trayectoria, con m\u00e1s de 156 a\u00f1os de historia trabajando en beneficio y atenci\u00f3n a los colectivos m\u00e1s vulnerables, demuestra nuestra capacidad de respuesta: tres millones de personas atendidas frente a la Covid-19 de manera \u00e1gil, eficaz y eficiente\u00bb.<\/span><\/p>\n<p style=\"text-align: justify\"><span style=\"color: #000000\">Por su parte, la ministra de Defensa,<\/span>\u00a0<a href=\"https:\/\/okdiario.com\/espana\/nadie-psoe-sale-respaldar-margarita-robles-frente-campana-ataques-podemos-6468163\">Margarita Robles<\/a>, <span style=\"color: #000000\">ha puesto el Ej\u00e9rcito a disposici\u00f3n de las comunidades aut\u00f3nomas para colaborar en las tareas de vacunaci\u00f3n: \u00abLas Fuerzas Armadas atender\u00e1n cualquier petici\u00f3n que reciban, como ha hecho hasta ahora\u201c, ha declarado Robles este martes.<\/span><\/p>\n<p style=\"text-align: justify\"><span style=\"color: #000000\">Las comunidades aut\u00f3nomas han comunicado este martes al Ministerio de Sanidad, que dirige<\/span>\u00a0<a href=\"https:\/\/okdiario.com\/espana\/espana-cosecha-uno-peores-datos-vacunacion-illa-haciendo-precampana-catalanas-6655822\">Salvador Illa<\/a>, <span style=\"color: #000000\">23.700 nuevos casos de coronavirus, lo que eleva a un total de 1.982.544 las personas infectadas por el Covid-19. De este modo, la incidencia acumulada de los 14 d\u00edas se ha situado en<\/span><\/p>\n<p style=\"text-align: justify\"><span style=\"color: #000000\">El Gobierno de<\/span>\u00a0<a href=\"https:\/\/okdiario.com\/espana\/sanchez-necesitaria-mas-7-anos-ritmo-actual-vacunar-espanoles-6655692\">Pedro S\u00e1nchez<\/a>\u00a0<span style=\"color: #000000\">y Pablo Iglesias s\u00f3lo reconoce\u00a051.430 muertos por coronavirus durante el a\u00f1o pasado, pese a que la cifra real supera ya los 77.000 muertos. Mientras casi todas las comunidades aut\u00f3nomas reconocen dificultades para poner en marcha el plan de vacunaci\u00f3n, el ministro de Sanidad, Salvador Illa, ya est\u00e1 volcado en su labor como\u00a0<strong>candidato del PSC<\/strong>\u00a0a la presidencia de la Generalitat catalana.<\/span><\/p>\n<p style=\"text-align: justify\"><strong><span style=\"color: #000000\">El Gobierno oculta casi 30.000 muertos<\/span><\/strong><\/p>\n<p style=\"text-align: justify\"><span style=\"color: #000000\">En la actualidad, hay\u00a0<strong>13.841 pacientes ingresados por Covid-19 en toda Espa\u00f1a<\/strong>\u00a0y 2.220 en una UCI, informa Europa Press.\u00a0De las 10.877 personas diagnosticas de Covid-19 en el \u00faltimo d\u00eda, 3.577 se han localizado en Madrid, 3.029 en Catalu\u00f1a, 360 en Andaluc\u00eda, 314 en Arag\u00f3n, 135 en Asturias, 249 en Baleares, 197 en Canarias, 123 en Cantabria, 105 en Castilla-La Mancha, 767 en Castilla y Le\u00f3n, 29 en Ceuta, 123 en Comunidad Valenciana, 654 en Extremadura, 437 en Galicia, 35 en Melilla, 160 en Murcia, 147 en Navarra, 361 en Pa\u00eds Vasco y 75 en La Rioja.<\/span><\/p>\n<p style=\"text-align: justify\"><span style=\"color: #000000\">En cuanto al n\u00famero de muertes, el Ministerio de Sanidad de Salvador Illa sigue\u00a0<strong>ocultando cerca de 30.000 fallecidos<\/strong>. La estad\u00edstica oficial s\u00f3lo reconoce 11.888 muertos por coronavirus en Madrid (42 en los \u00faltimos siete d\u00edas), 8.775 personas en Catalu\u00f1a (20 en la \u00faltima semana), 5.187 en Andaluc\u00eda (49 en la \u00faltima semana), 5.107 en Castilla y Le\u00f3n (30 en la \u00faltima semana), 4.108 en Castilla-La Mancha, 3.071 en la Comunidad Valenciana, 3.036 en el Pa\u00eds Vasco, 2.659 en Arag\u00f3n, 1.403 en Galicia, 1.366 en Asturias, 1.089 en Extremadura, 971 en Navarra, 759 en Murcia, 588 en La Rioja,\u00a0 480 en Baleares, 439 en Canarias, 59 en Ceuta y 44 en Melilla.<\/span><\/p>\n<p style=\"text-align: justify\"><span style=\"color: #000000\"><strong>Fuente<\/strong>: www.okdiario.com<\/span><\/p>\n<p>&nbsp;<\/p>\n<p>&nbsp;<\/p>\n","protected":false},"excerpt":{"rendered":"<p>Noti-Am\u00e9rica (Espa\u00f1a) Madrid,Espa\u00f1a. La presidenta de la Comunidad de Madrid,\u00a0Isabel D\u00edaz Ayuso, ha anunciado este martes que el Gobierno regional va a aplicar la vacuna contra el Covid-19\u00a0todos los d\u00edas de la semana, incluso&#46;&#46;&#46;<\/p>\n","protected":false},"author":107,"featured_media":3995,"comment_status":"open","ping_status":"open","sticky":false,"template":"","format":"standard","meta":{"_acf_changed":false,"om_disable_all_campaigns":false,"rop_custom_images_group":[],"rop_custom_messages_group":[],"rop_publish_now":"initial","rop_publish_now_accounts":[],"rop_publish_now_history":[],"rop_publish_now_status":"pending","_uf_show_specific_survey":0,"_uf_disable_surveys":false,"footnotes":""},"categories":[13],"tags":[],"class_list":["post-3994","post","type-post","status-publish","format-standard","has-post-thumbnail","hentry","category-vida-y-salud"],"acf":[],"aioseo_notices":[],"yoast_head":"<!-- This site is optimized with the Yoast SEO Premium plugin v24.9 (Yoast SEO v27.2) - https:\/\/yoast.com\/product\/yoast-seo-premium-wordpress\/ -->\n<title>Ayuso anuncia que Madrid vacunar\u00e1 todos los d\u00edas \u00abcon medios p\u00fablicos y privados, incluso de noche\u00bb - Espa\u00f1a | Noti-America.com<\/title>\n<meta name=\"robots\" content=\"index, follow, max-snippet:-1, max-image-preview:large, max-video-preview:-1\" \/>\n<link rel=\"canonical\" href=\"https:\/\/noti-america.com\/site\/espana\/2021\/01\/05\/ayuso-anuncia-que-madrid-vacunara-todos-los-dias-con-medios-publicos-y-privados-incluso-de-noche\/\" \/>\n<meta property=\"og:locale\" content=\"es_ES\" \/>\n<meta property=\"og:type\" content=\"article\" \/>\n<meta property=\"og:title\" content=\"Ayuso anuncia que Madrid vacunar\u00e1 todos los d\u00edas \u00abcon medios p\u00fablicos y privados, incluso de noche\u00bb\" \/>\n<meta property=\"og:description\" content=\"Noti-Am\u00e9rica (Espa\u00f1a) Madrid,Espa\u00f1a. La presidenta de la Comunidad de Madrid,\u00a0Isabel D\u00edaz Ayuso, ha anunciado este martes que el Gobierno regional va a aplicar la vacuna contra el Covid-19\u00a0todos los d\u00edas de la semana, incluso&#046;&#046;&#046;\" \/>\n<meta property=\"og:url\" content=\"https:\/\/noti-america.com\/site\/espana\/2021\/01\/05\/ayuso-anuncia-que-madrid-vacunara-todos-los-dias-con-medios-publicos-y-privados-incluso-de-noche\/\" \/>\n<meta property=\"og:site_name\" content=\"Espa\u00f1a | Noti-America.com\" \/>\n<meta property=\"article:published_time\" content=\"2021-01-05T19:55:05+00:00\" \/>\n<meta property=\"og:image\" content=\"https:\/\/noti-america.com\/site\/espana\/wp-content\/uploads\/sites\/25\/2021\/01\/ayuso-hospital-madrid-espana-salud-vacuna.jpg\" \/>\n\t<meta property=\"og:image:width\" content=\"655\" \/>\n\t<meta property=\"og:image:height\" content=\"368\" \/>\n\t<meta property=\"og:image:type\" content=\"image\/jpeg\" \/>\n<meta name=\"author\" content=\"Alybeth Guanipa\" \/>\n<meta name=\"twitter:card\" content=\"summary_large_image\" \/>\n<meta name=\"twitter:creator\" content=\"@notiamerica\" \/>\n<meta name=\"twitter:site\" content=\"@notiamerica\" \/>\n<meta name=\"twitter:label1\" content=\"Escrito por\" \/>\n\t<meta name=\"twitter:data1\" content=\"Alybeth Guanipa\" \/>\n\t<meta name=\"twitter:label2\" content=\"Tiempo estimado de lectura\" \/>\n\t<meta name=\"twitter:data2\" content=\"4 minutos\" \/>\n<script type=\"application\/ld+json\" class=\"yoast-schema-graph\">{\"@context\":\"https:\/\/schema.org\",\"@graph\":[{\"@type\":\"Article\",\"@id\":\"https:\/\/noti-america.com\/site\/espana\/2021\/01\/05\/ayuso-anuncia-que-madrid-vacunara-todos-los-dias-con-medios-publicos-y-privados-incluso-de-noche\/#article\",\"isPartOf\":{\"@id\":\"https:\/\/noti-america.com\/site\/espana\/2021\/01\/05\/ayuso-anuncia-que-madrid-vacunara-todos-los-dias-con-medios-publicos-y-privados-incluso-de-noche\/\"},\"author\":{\"name\":\"Alybeth Guanipa\",\"@id\":\"https:\/\/noti-america.com\/site\/espana\/#\/schema\/person\/b34f409082a7c50aa3ed32a7fe9fec12\"},\"headline\":\"Ayuso anuncia que Madrid vacunar\u00e1 todos los d\u00edas \u00abcon medios p\u00fablicos y privados, incluso de noche\u00bb\",\"datePublished\":\"2021-01-05T19:55:05+00:00\",\"mainEntityOfPage\":{\"@id\":\"https:\/\/noti-america.com\/site\/espana\/2021\/01\/05\/ayuso-anuncia-que-madrid-vacunara-todos-los-dias-con-medios-publicos-y-privados-incluso-de-noche\/\"},\"wordCount\":877,\"commentCount\":0,\"publisher\":{\"@id\":\"https:\/\/noti-america.com\/site\/espana\/#organization\"},\"image\":{\"@id\":\"https:\/\/noti-america.com\/site\/espana\/2021\/01\/05\/ayuso-anuncia-que-madrid-vacunara-todos-los-dias-con-medios-publicos-y-privados-incluso-de-noche\/#primaryimage\"},\"thumbnailUrl\":\"https:\/\/noti-america.com\/site\/espana\/wp-content\/uploads\/sites\/25\/2021\/01\/ayuso-hospital-madrid-espana-salud-vacuna.jpg\",\"articleSection\":[\"Vida y Salud\"],\"inLanguage\":\"es\",\"potentialAction\":[{\"@type\":\"CommentAction\",\"name\":\"Comment\",\"target\":[\"https:\/\/noti-america.com\/site\/espana\/2021\/01\/05\/ayuso-anuncia-que-madrid-vacunara-todos-los-dias-con-medios-publicos-y-privados-incluso-de-noche\/#respond\"]}]},{\"@type\":\"WebPage\",\"@id\":\"https:\/\/noti-america.com\/site\/espana\/2021\/01\/05\/ayuso-anuncia-que-madrid-vacunara-todos-los-dias-con-medios-publicos-y-privados-incluso-de-noche\/\",\"url\":\"https:\/\/noti-america.com\/site\/espana\/2021\/01\/05\/ayuso-anuncia-que-madrid-vacunara-todos-los-dias-con-medios-publicos-y-privados-incluso-de-noche\/\",\"name\":\"Ayuso anuncia que Madrid vacunar\u00e1 todos los d\u00edas \u00abcon medios p\u00fablicos y privados, incluso de noche\u00bb - Espa\u00f1a | Noti-America.com\",\"isPartOf\":{\"@id\":\"https:\/\/noti-america.com\/site\/espana\/#website\"},\"primaryImageOfPage\":{\"@id\":\"https:\/\/noti-america.com\/site\/espana\/2021\/01\/05\/ayuso-anuncia-que-madrid-vacunara-todos-los-dias-con-medios-publicos-y-privados-incluso-de-noche\/#primaryimage\"},\"image\":{\"@id\":\"https:\/\/noti-america.com\/site\/espana\/2021\/01\/05\/ayuso-anuncia-que-madrid-vacunara-todos-los-dias-con-medios-publicos-y-privados-incluso-de-noche\/#primaryimage\"},\"thumbnailUrl\":\"https:\/\/noti-america.com\/site\/espana\/wp-content\/uploads\/sites\/25\/2021\/01\/ayuso-hospital-madrid-espana-salud-vacuna.jpg\",\"datePublished\":\"2021-01-05T19:55:05+00:00\",\"breadcrumb\":{\"@id\":\"https:\/\/noti-america.com\/site\/espana\/2021\/01\/05\/ayuso-anuncia-que-madrid-vacunara-todos-los-dias-con-medios-publicos-y-privados-incluso-de-noche\/#breadcrumb\"},\"inLanguage\":\"es\",\"potentialAction\":[{\"@type\":\"ReadAction\",\"target\":[\"https:\/\/noti-america.com\/site\/espana\/2021\/01\/05\/ayuso-anuncia-que-madrid-vacunara-todos-los-dias-con-medios-publicos-y-privados-incluso-de-noche\/\"]}]},{\"@type\":\"ImageObject\",\"inLanguage\":\"es\",\"@id\":\"https:\/\/noti-america.com\/site\/espana\/2021\/01\/05\/ayuso-anuncia-que-madrid-vacunara-todos-los-dias-con-medios-publicos-y-privados-incluso-de-noche\/#primaryimage\",\"url\":\"https:\/\/noti-america.com\/site\/espana\/wp-content\/uploads\/sites\/25\/2021\/01\/ayuso-hospital-madrid-espana-salud-vacuna.jpg\",\"contentUrl\":\"https:\/\/noti-america.com\/site\/espana\/wp-content\/uploads\/sites\/25\/2021\/01\/ayuso-hospital-madrid-espana-salud-vacuna.jpg\",\"width\":655,\"height\":368},{\"@type\":\"BreadcrumbList\",\"@id\":\"https:\/\/noti-america.com\/site\/espana\/2021\/01\/05\/ayuso-anuncia-que-madrid-vacunara-todos-los-dias-con-medios-publicos-y-privados-incluso-de-noche\/#breadcrumb\",\"itemListElement\":[{\"@type\":\"ListItem\",\"position\":1,\"name\":\"Portada\",\"item\":\"https:\/\/noti-america.com\/site\/espana\/\"},{\"@type\":\"ListItem\",\"position\":2,\"name\":\"Ayuso anuncia que Madrid vacunar\u00e1 todos los d\u00edas \u00abcon medios p\u00fablicos y privados, incluso de noche\u00bb\"}]},{\"@type\":\"WebSite\",\"@id\":\"https:\/\/noti-america.com\/site\/espana\/#website\",\"url\":\"https:\/\/noti-america.com\/site\/espana\/\",\"name\":\"Espa\u00f1a | Noti-America.com\",\"description\":\"\",\"publisher\":{\"@id\":\"https:\/\/noti-america.com\/site\/espana\/#organization\"},\"potentialAction\":[{\"@type\":\"SearchAction\",\"target\":{\"@type\":\"EntryPoint\",\"urlTemplate\":\"https:\/\/noti-america.com\/site\/espana\/?s={search_term_string}\"},\"query-input\":{\"@type\":\"PropertyValueSpecification\",\"valueRequired\":true,\"valueName\":\"search_term_string\"}}],\"inLanguage\":\"es\"},{\"@type\":\"Organization\",\"@id\":\"https:\/\/noti-america.com\/site\/espana\/#organization\",\"name\":\"Noti-America LLC | Espa\u00f1a\",\"url\":\"https:\/\/noti-america.com\/site\/espana\/\",\"logo\":{\"@type\":\"ImageObject\",\"inLanguage\":\"es\",\"@id\":\"https:\/\/noti-america.com\/site\/espana\/#\/schema\/logo\/image\/\",\"url\":\"https:\/\/noti-america.com\/site\/espana\/wp-content\/uploads\/sites\/25\/2020\/07\/LogoNA-4x3-1.jpg\",\"contentUrl\":\"https:\/\/noti-america.com\/site\/espana\/wp-content\/uploads\/sites\/25\/2020\/07\/LogoNA-4x3-1.jpg\",\"width\":1236,\"height\":1080,\"caption\":\"Noti-America LLC | Espa\u00f1a\"},\"image\":{\"@id\":\"https:\/\/noti-america.com\/site\/espana\/#\/schema\/logo\/image\/\"},\"sameAs\":[\"https:\/\/x.com\/notiamerica\"]},{\"@type\":\"Person\",\"@id\":\"https:\/\/noti-america.com\/site\/espana\/#\/schema\/person\/b34f409082a7c50aa3ed32a7fe9fec12\",\"name\":\"Alybeth Guanipa\",\"image\":{\"@type\":\"ImageObject\",\"inLanguage\":\"es\",\"@id\":\"https:\/\/secure.gravatar.com\/avatar\/7f22432a00afe9cfa19db41bf9ba3c84e169fb148e54455af8df97c9017a43e1?s=96&d=mm&r=g\",\"url\":\"https:\/\/secure.gravatar.com\/avatar\/7f22432a00afe9cfa19db41bf9ba3c84e169fb148e54455af8df97c9017a43e1?s=96&d=mm&r=g\",\"contentUrl\":\"https:\/\/secure.gravatar.com\/avatar\/7f22432a00afe9cfa19db41bf9ba3c84e169fb148e54455af8df97c9017a43e1?s=96&d=mm&r=g\",\"caption\":\"Alybeth Guanipa\"},\"url\":\"https:\/\/noti-america.com\/site\/espana\/author\/aguanipa\/\"}]}<\/script>\n<!-- \/ Yoast SEO Premium plugin. -->","yoast_head_json":{"title":"Ayuso anuncia que Madrid vacunar\u00e1 todos los d\u00edas \u00abcon medios p\u00fablicos y privados, incluso de noche\u00bb - Espa\u00f1a | Noti-America.com","robots":{"index":"index","follow":"follow","max-snippet":"max-snippet:-1","max-image-preview":"max-image-preview:large","max-video-preview":"max-video-preview:-1"},"canonical":"https:\/\/noti-america.com\/site\/espana\/2021\/01\/05\/ayuso-anuncia-que-madrid-vacunara-todos-los-dias-con-medios-publicos-y-privados-incluso-de-noche\/","og_locale":"es_ES","og_type":"article","og_title":"Ayuso anuncia que Madrid vacunar\u00e1 todos los d\u00edas \u00abcon medios p\u00fablicos y privados, incluso de noche\u00bb","og_description":"Noti-Am\u00e9rica (Espa\u00f1a) Madrid,Espa\u00f1a. La presidenta de la Comunidad de Madrid,\u00a0Isabel D\u00edaz Ayuso, ha anunciado este martes que el Gobierno regional va a aplicar la vacuna contra el Covid-19\u00a0todos los d\u00edas de la semana, incluso&#46;&#46;&#46;","og_url":"https:\/\/noti-america.com\/site\/espana\/2021\/01\/05\/ayuso-anuncia-que-madrid-vacunara-todos-los-dias-con-medios-publicos-y-privados-incluso-de-noche\/","og_site_name":"Espa\u00f1a | Noti-America.com","article_published_time":"2021-01-05T19:55:05+00:00","og_image":[{"width":655,"height":368,"url":"https:\/\/noti-america.com\/site\/espana\/wp-content\/uploads\/sites\/25\/2021\/01\/ayuso-hospital-madrid-espana-salud-vacuna.jpg","type":"image\/jpeg"}],"author":"Alybeth Guanipa","twitter_card":"summary_large_image","twitter_creator":"@notiamerica","twitter_site":"@notiamerica","twitter_misc":{"Escrito por":"Alybeth Guanipa","Tiempo estimado de lectura":"4 minutos"},"schema":{"@context":"https:\/\/schema.org","@graph":[{"@type":"Article","@id":"https:\/\/noti-america.com\/site\/espana\/2021\/01\/05\/ayuso-anuncia-que-madrid-vacunara-todos-los-dias-con-medios-publicos-y-privados-incluso-de-noche\/#article","isPartOf":{"@id":"https:\/\/noti-america.com\/site\/espana\/2021\/01\/05\/ayuso-anuncia-que-madrid-vacunara-todos-los-dias-con-medios-publicos-y-privados-incluso-de-noche\/"},"author":{"name":"Alybeth Guanipa","@id":"https:\/\/noti-america.com\/site\/espana\/#\/schema\/person\/b34f409082a7c50aa3ed32a7fe9fec12"},"headline":"Ayuso anuncia que Madrid vacunar\u00e1 todos los d\u00edas \u00abcon medios p\u00fablicos y privados, incluso de noche\u00bb","datePublished":"2021-01-05T19:55:05+00:00","mainEntityOfPage":{"@id":"https:\/\/noti-america.com\/site\/espana\/2021\/01\/05\/ayuso-anuncia-que-madrid-vacunara-todos-los-dias-con-medios-publicos-y-privados-incluso-de-noche\/"},"wordCount":877,"commentCount":0,"publisher":{"@id":"https:\/\/noti-america.com\/site\/espana\/#organization"},"image":{"@id":"https:\/\/noti-america.com\/site\/espana\/2021\/01\/05\/ayuso-anuncia-que-madrid-vacunara-todos-los-dias-con-medios-publicos-y-privados-incluso-de-noche\/#primaryimage"},"thumbnailUrl":"https:\/\/noti-america.com\/site\/espana\/wp-content\/uploads\/sites\/25\/2021\/01\/ayuso-hospital-madrid-espana-salud-vacuna.jpg","articleSection":["Vida y Salud"],"inLanguage":"es","potentialAction":[{"@type":"CommentAction","name":"Comment","target":["https:\/\/noti-america.com\/site\/espana\/2021\/01\/05\/ayuso-anuncia-que-madrid-vacunara-todos-los-dias-con-medios-publicos-y-privados-incluso-de-noche\/#respond"]}]},{"@type":"WebPage","@id":"https:\/\/noti-america.com\/site\/espana\/2021\/01\/05\/ayuso-anuncia-que-madrid-vacunara-todos-los-dias-con-medios-publicos-y-privados-incluso-de-noche\/","url":"https:\/\/noti-america.com\/site\/espana\/2021\/01\/05\/ayuso-anuncia-que-madrid-vacunara-todos-los-dias-con-medios-publicos-y-privados-incluso-de-noche\/","name":"Ayuso anuncia que Madrid vacunar\u00e1 todos los d\u00edas \u00abcon medios p\u00fablicos y privados, incluso de noche\u00bb - Espa\u00f1a | Noti-America.com","isPartOf":{"@id":"https:\/\/noti-america.com\/site\/espana\/#website"},"primaryImageOfPage":{"@id":"https:\/\/noti-america.com\/site\/espana\/2021\/01\/05\/ayuso-anuncia-que-madrid-vacunara-todos-los-dias-con-medios-publicos-y-privados-incluso-de-noche\/#primaryimage"},"image":{"@id":"https:\/\/noti-america.com\/site\/espana\/2021\/01\/05\/ayuso-anuncia-que-madrid-vacunara-todos-los-dias-con-medios-publicos-y-privados-incluso-de-noche\/#primaryimage"},"thumbnailUrl":"https:\/\/noti-america.com\/site\/espana\/wp-content\/uploads\/sites\/25\/2021\/01\/ayuso-hospital-madrid-espana-salud-vacuna.jpg","datePublished":"2021-01-05T19:55:05+00:00","breadcrumb":{"@id":"https:\/\/noti-america.com\/site\/espana\/2021\/01\/05\/ayuso-anuncia-que-madrid-vacunara-todos-los-dias-con-medios-publicos-y-privados-incluso-de-noche\/#breadcrumb"},"inLanguage":"es","potentialAction":[{"@type":"ReadAction","target":["https:\/\/noti-america.com\/site\/espana\/2021\/01\/05\/ayuso-anuncia-que-madrid-vacunara-todos-los-dias-con-medios-publicos-y-privados-incluso-de-noche\/"]}]},{"@type":"ImageObject","inLanguage":"es","@id":"https:\/\/noti-america.com\/site\/espana\/2021\/01\/05\/ayuso-anuncia-que-madrid-vacunara-todos-los-dias-con-medios-publicos-y-privados-incluso-de-noche\/#primaryimage","url":"https:\/\/noti-america.com\/site\/espana\/wp-content\/uploads\/sites\/25\/2021\/01\/ayuso-hospital-madrid-espana-salud-vacuna.jpg","contentUrl":"https:\/\/noti-america.com\/site\/espana\/wp-content\/uploads\/sites\/25\/2021\/01\/ayuso-hospital-madrid-espana-salud-vacuna.jpg","width":655,"height":368},{"@type":"BreadcrumbList","@id":"https:\/\/noti-america.com\/site\/espana\/2021\/01\/05\/ayuso-anuncia-que-madrid-vacunara-todos-los-dias-con-medios-publicos-y-privados-incluso-de-noche\/#breadcrumb","itemListElement":[{"@type":"ListItem","position":1,"name":"Portada","item":"https:\/\/noti-america.com\/site\/espana\/"},{"@type":"ListItem","position":2,"name":"Ayuso anuncia que Madrid vacunar\u00e1 todos los d\u00edas \u00abcon medios p\u00fablicos y privados, incluso de noche\u00bb"}]},{"@type":"WebSite","@id":"https:\/\/noti-america.com\/site\/espana\/#website","url":"https:\/\/noti-america.com\/site\/espana\/","name":"Espa\u00f1a | Noti-America.com","description":"","publisher":{"@id":"https:\/\/noti-america.com\/site\/espana\/#organization"},"potentialAction":[{"@type":"SearchAction","target":{"@type":"EntryPoint","urlTemplate":"https:\/\/noti-america.com\/site\/espana\/?s={search_term_string}"},"query-input":{"@type":"PropertyValueSpecification","valueRequired":true,"valueName":"search_term_string"}}],"inLanguage":"es"},{"@type":"Organization","@id":"https:\/\/noti-america.com\/site\/espana\/#organization","name":"Noti-America LLC | Espa\u00f1a","url":"https:\/\/noti-america.com\/site\/espana\/","logo":{"@type":"ImageObject","inLanguage":"es","@id":"https:\/\/noti-america.com\/site\/espana\/#\/schema\/logo\/image\/","url":"https:\/\/noti-america.com\/site\/espana\/wp-content\/uploads\/sites\/25\/2020\/07\/LogoNA-4x3-1.jpg","contentUrl":"https:\/\/noti-america.com\/site\/espana\/wp-content\/uploads\/sites\/25\/2020\/07\/LogoNA-4x3-1.jpg","width":1236,"height":1080,"caption":"Noti-America LLC | Espa\u00f1a"},"image":{"@id":"https:\/\/noti-america.com\/site\/espana\/#\/schema\/logo\/image\/"},"sameAs":["https:\/\/x.com\/notiamerica"]},{"@type":"Person","@id":"https:\/\/noti-america.com\/site\/espana\/#\/schema\/person\/b34f409082a7c50aa3ed32a7fe9fec12","name":"Alybeth Guanipa","image":{"@type":"ImageObject","inLanguage":"es","@id":"https:\/\/secure.gravatar.com\/avatar\/7f22432a00afe9cfa19db41bf9ba3c84e169fb148e54455af8df97c9017a43e1?s=96&d=mm&r=g","url":"https:\/\/secure.gravatar.com\/avatar\/7f22432a00afe9cfa19db41bf9ba3c84e169fb148e54455af8df97c9017a43e1?s=96&d=mm&r=g","contentUrl":"https:\/\/secure.gravatar.com\/avatar\/7f22432a00afe9cfa19db41bf9ba3c84e169fb148e54455af8df97c9017a43e1?s=96&d=mm&r=g","caption":"Alybeth Guanipa"},"url":"https:\/\/noti-america.com\/site\/espana\/author\/aguanipa\/"}]}},"_links":{"self":[{"href":"https:\/\/noti-america.com\/site\/espana\/wp-json\/wp\/v2\/posts\/3994","targetHints":{"allow":["GET"]}}],"collection":[{"href":"https:\/\/noti-america.com\/site\/espana\/wp-json\/wp\/v2\/posts"}],"about":[{"href":"https:\/\/noti-america.com\/site\/espana\/wp-json\/wp\/v2\/types\/post"}],"author":[{"embeddable":true,"href":"https:\/\/noti-america.com\/site\/espana\/wp-json\/wp\/v2\/users\/107"}],"replies":[{"embeddable":true,"href":"https:\/\/noti-america.com\/site\/espana\/wp-json\/wp\/v2\/comments?post=3994"}],"version-history":[{"count":1,"href":"https:\/\/noti-america.com\/site\/espana\/wp-json\/wp\/v2\/posts\/3994\/revisions"}],"predecessor-version":[{"id":3996,"href":"https:\/\/noti-america.com\/site\/espana\/wp-json\/wp\/v2\/posts\/3994\/revisions\/3996"}],"wp:featuredmedia":[{"embeddable":true,"href":"https:\/\/noti-america.com\/site\/espana\/wp-json\/wp\/v2\/media\/3995"}],"wp:attachment":[{"href":"https:\/\/noti-america.com\/site\/espana\/wp-json\/wp\/v2\/media?parent=3994"}],"wp:term":[{"taxonomy":"category","embeddable":true,"href":"https:\/\/noti-america.com\/site\/espana\/wp-json\/wp\/v2\/categories?post=3994"},{"taxonomy":"post_tag","embeddable":true,"href":"https:\/\/noti-america.com\/site\/espana\/wp-json\/wp\/v2\/tags?post=3994"}],"curies":[{"name":"wp","href":"https:\/\/api.w.org\/{rel}","templated":true}]}}