{"id":3933,"date":"2020-12-30T03:46:25","date_gmt":"2020-12-30T03:46:25","guid":{"rendered":"https:\/\/noti-america.com\/site\/espana\/?p=3933"},"modified":"2020-12-30T03:47:49","modified_gmt":"2020-12-30T03:47:49","slug":"tradiciones-de-navidad-en-espana","status":"publish","type":"post","link":"https:\/\/noti-america.com\/site\/espana\/2020\/12\/30\/tradiciones-de-navidad-en-espana\/","title":{"rendered":"Tradiciones de Navidad en Espa\u00f1a"},"content":{"rendered":"<p><strong>Noti-Am\u00e9rica (Espa\u00f1a)<\/strong><br \/>\n<strong>Madrid,Espa\u00f1a<\/strong><\/p>\n<p>&nbsp;<\/p>\n<p><strong>Ir a ver las luces de Navidad<\/strong><\/p>\n<p style=\"text-align: justify\">Todas las ciudades adornan sus calles con\u00a0<strong>iluminaci\u00f3n especial<\/strong>\u00a0dise\u00f1ada con motivos navide\u00f1os t\u00edpicos, aunque cada vez m\u00e1s hay\u00a0<strong>luces de Navidad<\/strong>\u00a0muy modernas y dise\u00f1adas por creadores de moda, incluso las hay patrocinadas por determinadas marcas.<\/p>\n<p style=\"text-align: justify\">En Madrid, se pueden <a title=\"Luces de Navidad Madrid 2014: a pie, en coche o en Navib\u00fas\" href=\"https:\/\/planesconhijos.com\/salir-con-ninos\/madrid\/luces-de-navidad-a-pie-en-nuestro-coche-o-en-navibus\/\" target=\"_blank\" rel=\"noopener noreferrer\">ver las luces a pie, en coche, o en el Navib\u00fas<\/a>, a gusto de cada uno, pero es una actividad ya tradicional en la Navidad espa\u00f1ola. Este a\u00f1o, eso s\u00ed,\u00a0<strong>hay que evitar aglomeraciones<\/strong>, pero hay\u00a0<strong>muchas noches y muy largas<\/strong>, as\u00ed es que no tiene por qu\u00e9 haber problema.<\/p>\n<p><strong>\u00c1rbol de Navidad<\/strong><\/p>\n<p>Aunque no es una tradici\u00f3n de origen netamente espa\u00f1ol, en todas las casas ponemos un\u00a0<strong>abeto de Navidad<\/strong>, con el formato que sea (natural, de pl\u00e1stico, de madera, peque\u00f1o, grande\u2026).<\/p>\n<p style=\"text-align: justify\">Es t\u00edpico, al llegar el famoso\u00a0<strong>Puente de Diciembre<\/strong>\u00a0(los d\u00edas festivos en torno a la fiesta de la Inmaculada y de la Constituci\u00f3n), aprovechar para\u00a0<a title=\"Decorar el \u00e1rbol de Navidad con los ni\u00f1os\" href=\"https:\/\/planesconhijos.com\/planes-gratis\/decorar-el-arbol-de-navidad-con-los-ninos\/\" target=\"_blank\" rel=\"noopener noreferrer\">decorar el \u00e1rbol en familia<\/a>, adorn\u00e1ndolo de la forma m\u00e1s abigarrada posible, pero este\u00a0<strong>a\u00f1o del coronavirus<\/strong>, con el tiempo que vamos a estar en casa, quiz\u00e1 podamos\u00a0<strong>montar, desmontar y volver a montar varias veces el \u00e1rbol<\/strong>, \u00bfno te parece?<\/p>\n<p><strong>Cantar villancicos con zambomba y pandereta<\/strong><\/p>\n<p style=\"text-align: justify\">Los\u00a0<strong>c\u00e1nticos de Navidad<\/strong>\u00a0existen en muchos pa\u00edses, pero en Espa\u00f1a, adem\u00e1s de que a esas canciones \u2014casi todas de exaltaci\u00f3n del Ni\u00f1o, de sus padres Mar\u00eda y Jos\u00e9\u2014 se las llama\u00a0<strong>villancicos<\/strong>, el canto vocal se acompa\u00f1a con dos instrumentos espec\u00edficos: la\u00a0<strong>pandereta<\/strong>\u00a0y la\u00a0<strong>zambomba<\/strong>, esta \u00faltima ya con un uso muy limitado, porque hacerla sonar no es del todo f\u00e1cil.<\/p>\n<p style=\"text-align: justify\">Es tradici\u00f3n, adem\u00e1s, en muchas zonas rurales, que los peques tengan que\u00a0<strong>cantar un villancico<\/strong>\u00a0para que los mayores les den los aguinaldos, y existen, incluso,\u00a0<a href=\"https:\/\/planesconhijos.com\/navidad-con-ninos\/villancico-para-pedir-el-aguinaldo\/\">villancicos especiales para pedir el aguinaldo<\/a>, \u00bflo conoces?<\/p>\n<p style=\"text-align: justify\">En los colegios, antes de dar las\u00a0<strong>vacaciones de Navidad<\/strong>, se suelen organizar peque\u00f1os festivales en los que se cantan villancicos mientras se golpea la pandereta (aunque\u00a0<strong>este a\u00f1o las celebraciones ser\u00e1n mucho m\u00e1s limitadas, claro<\/strong>). No olvid\u00e9is estos t\u00edtulos:\u00a0<em>Ay del chiquirrit\u00edn<\/em>,\u00a0<em>Pero mira c\u00f3mo beben los peces en el r\u00edo<\/em>,\u00a0<em>Campana sobre campana<\/em>,\u00a0<em>Ande, ande, ande, la Marimorena<\/em>\u2026<\/p>\n<p>Fuente: www.planesconhijos.com<\/p>\n","protected":false},"excerpt":{"rendered":"<p>Noti-Am\u00e9rica (Espa\u00f1a) Madrid,Espa\u00f1a &nbsp; Ir a ver las luces de Navidad Todas las ciudades adornan sus calles con\u00a0iluminaci\u00f3n especial\u00a0dise\u00f1ada con motivos navide\u00f1os t\u00edpicos, aunque cada vez m\u00e1s hay\u00a0luces de Navidad\u00a0muy modernas y dise\u00f1adas por&#46;&#46;&#46;<\/p>\n","protected":false},"author":87,"featured_media":3934,"comment_status":"open","ping_status":"open","sticky":false,"template":"","format":"gallery","meta":{"_acf_changed":false,"om_disable_all_campaigns":false,"rop_custom_images_group":[],"rop_custom_messages_group":[],"rop_publish_now":"initial","rop_publish_now_accounts":[],"rop_publish_now_history":[],"rop_publish_now_status":"pending","_uf_show_specific_survey":0,"_uf_disable_surveys":false,"footnotes":""},"categories":[136,56],"tags":[],"class_list":["post-3933","post","type-post","status-publish","format-gallery","has-post-thumbnail","hentry","category-actualidad","category-espana","post_format-post-format-gallery"],"acf":[],"aioseo_notices":[],"yoast_head":"<!-- This site is optimized with the Yoast SEO Premium plugin v24.9 (Yoast SEO v27.2) - https:\/\/yoast.com\/product\/yoast-seo-premium-wordpress\/ -->\n<title>Tradiciones de Navidad en Espa\u00f1a - Espa\u00f1a | Noti-America.com<\/title>\n<meta name=\"robots\" content=\"index, follow, max-snippet:-1, max-image-preview:large, max-video-preview:-1\" \/>\n<link rel=\"canonical\" href=\"https:\/\/noti-america.com\/site\/espana\/2020\/12\/30\/tradiciones-de-navidad-en-espana\/\" \/>\n<meta property=\"og:locale\" content=\"es_ES\" \/>\n<meta property=\"og:type\" content=\"article\" \/>\n<meta property=\"og:title\" content=\"Tradiciones de Navidad en Espa\u00f1a\" \/>\n<meta property=\"og:description\" content=\"Noti-Am\u00e9rica (Espa\u00f1a) Madrid,Espa\u00f1a &nbsp; Ir a ver las luces de Navidad Todas las ciudades adornan sus calles con\u00a0iluminaci\u00f3n especial\u00a0dise\u00f1ada con motivos navide\u00f1os t\u00edpicos, aunque cada vez m\u00e1s hay\u00a0luces de Navidad\u00a0muy modernas y dise\u00f1adas por&#046;&#046;&#046;\" \/>\n<meta property=\"og:url\" content=\"https:\/\/noti-america.com\/site\/espana\/2020\/12\/30\/tradiciones-de-navidad-en-espana\/\" \/>\n<meta property=\"og:site_name\" content=\"Espa\u00f1a | Noti-America.com\" \/>\n<meta property=\"article:published_time\" content=\"2020-12-30T03:46:25+00:00\" \/>\n<meta property=\"article:modified_time\" content=\"2020-12-30T03:47:49+00:00\" \/>\n<meta property=\"og:image\" content=\"https:\/\/noti-america.com\/site\/espana\/wp-content\/uploads\/sites\/25\/2020\/12\/luces-navidad-Madrid-2014_Calle-Serrano_detalle.jpg\" \/>\n\t<meta property=\"og:image:width\" content=\"900\" \/>\n\t<meta property=\"og:image:height\" content=\"540\" \/>\n\t<meta property=\"og:image:type\" content=\"image\/jpeg\" \/>\n<meta name=\"author\" content=\"CAMH\" \/>\n<meta name=\"twitter:card\" content=\"summary_large_image\" \/>\n<meta name=\"twitter:creator\" content=\"@notiamerica\" \/>\n<meta name=\"twitter:site\" content=\"@notiamerica\" \/>\n<meta name=\"twitter:label1\" content=\"Escrito por\" \/>\n\t<meta name=\"twitter:data1\" content=\"CAMH\" \/>\n\t<meta name=\"twitter:label2\" content=\"Tiempo estimado de lectura\" \/>\n\t<meta name=\"twitter:data2\" content=\"2 minutos\" \/>\n<script type=\"application\/ld+json\" class=\"yoast-schema-graph\">{\"@context\":\"https:\/\/schema.org\",\"@graph\":[{\"@type\":\"Article\",\"@id\":\"https:\/\/noti-america.com\/site\/espana\/2020\/12\/30\/tradiciones-de-navidad-en-espana\/#article\",\"isPartOf\":{\"@id\":\"https:\/\/noti-america.com\/site\/espana\/2020\/12\/30\/tradiciones-de-navidad-en-espana\/\"},\"author\":{\"name\":\"CAMH\",\"@id\":\"https:\/\/noti-america.com\/site\/espana\/#\/schema\/person\/e13880b4308eea6926b271284605ef72\"},\"headline\":\"Tradiciones de Navidad en Espa\u00f1a\",\"datePublished\":\"2020-12-30T03:46:25+00:00\",\"dateModified\":\"2020-12-30T03:47:49+00:00\",\"mainEntityOfPage\":{\"@id\":\"https:\/\/noti-america.com\/site\/espana\/2020\/12\/30\/tradiciones-de-navidad-en-espana\/\"},\"wordCount\":419,\"commentCount\":0,\"publisher\":{\"@id\":\"https:\/\/noti-america.com\/site\/espana\/#organization\"},\"image\":{\"@id\":\"https:\/\/noti-america.com\/site\/espana\/2020\/12\/30\/tradiciones-de-navidad-en-espana\/#primaryimage\"},\"thumbnailUrl\":\"https:\/\/noti-america.com\/site\/espana\/wp-content\/uploads\/sites\/25\/2020\/12\/luces-navidad-Madrid-2014_Calle-Serrano_detalle.jpg\",\"articleSection\":[\"Actualidad\",\"Espa\u00f1a\"],\"inLanguage\":\"es\",\"potentialAction\":[{\"@type\":\"CommentAction\",\"name\":\"Comment\",\"target\":[\"https:\/\/noti-america.com\/site\/espana\/2020\/12\/30\/tradiciones-de-navidad-en-espana\/#respond\"]}]},{\"@type\":\"WebPage\",\"@id\":\"https:\/\/noti-america.com\/site\/espana\/2020\/12\/30\/tradiciones-de-navidad-en-espana\/\",\"url\":\"https:\/\/noti-america.com\/site\/espana\/2020\/12\/30\/tradiciones-de-navidad-en-espana\/\",\"name\":\"Tradiciones de Navidad en Espa\u00f1a - Espa\u00f1a | Noti-America.com\",\"isPartOf\":{\"@id\":\"https:\/\/noti-america.com\/site\/espana\/#website\"},\"primaryImageOfPage\":{\"@id\":\"https:\/\/noti-america.com\/site\/espana\/2020\/12\/30\/tradiciones-de-navidad-en-espana\/#primaryimage\"},\"image\":{\"@id\":\"https:\/\/noti-america.com\/site\/espana\/2020\/12\/30\/tradiciones-de-navidad-en-espana\/#primaryimage\"},\"thumbnailUrl\":\"https:\/\/noti-america.com\/site\/espana\/wp-content\/uploads\/sites\/25\/2020\/12\/luces-navidad-Madrid-2014_Calle-Serrano_detalle.jpg\",\"datePublished\":\"2020-12-30T03:46:25+00:00\",\"dateModified\":\"2020-12-30T03:47:49+00:00\",\"breadcrumb\":{\"@id\":\"https:\/\/noti-america.com\/site\/espana\/2020\/12\/30\/tradiciones-de-navidad-en-espana\/#breadcrumb\"},\"inLanguage\":\"es\",\"potentialAction\":[{\"@type\":\"ReadAction\",\"target\":[\"https:\/\/noti-america.com\/site\/espana\/2020\/12\/30\/tradiciones-de-navidad-en-espana\/\"]}]},{\"@type\":\"ImageObject\",\"inLanguage\":\"es\",\"@id\":\"https:\/\/noti-america.com\/site\/espana\/2020\/12\/30\/tradiciones-de-navidad-en-espana\/#primaryimage\",\"url\":\"https:\/\/noti-america.com\/site\/espana\/wp-content\/uploads\/sites\/25\/2020\/12\/luces-navidad-Madrid-2014_Calle-Serrano_detalle.jpg\",\"contentUrl\":\"https:\/\/noti-america.com\/site\/espana\/wp-content\/uploads\/sites\/25\/2020\/12\/luces-navidad-Madrid-2014_Calle-Serrano_detalle.jpg\",\"width\":900,\"height\":540},{\"@type\":\"BreadcrumbList\",\"@id\":\"https:\/\/noti-america.com\/site\/espana\/2020\/12\/30\/tradiciones-de-navidad-en-espana\/#breadcrumb\",\"itemListElement\":[{\"@type\":\"ListItem\",\"position\":1,\"name\":\"Portada\",\"item\":\"https:\/\/noti-america.com\/site\/espana\/\"},{\"@type\":\"ListItem\",\"position\":2,\"name\":\"Tradiciones de Navidad en Espa\u00f1a\"}]},{\"@type\":\"WebSite\",\"@id\":\"https:\/\/noti-america.com\/site\/espana\/#website\",\"url\":\"https:\/\/noti-america.com\/site\/espana\/\",\"name\":\"Espa\u00f1a | Noti-America.com\",\"description\":\"\",\"publisher\":{\"@id\":\"https:\/\/noti-america.com\/site\/espana\/#organization\"},\"potentialAction\":[{\"@type\":\"SearchAction\",\"target\":{\"@type\":\"EntryPoint\",\"urlTemplate\":\"https:\/\/noti-america.com\/site\/espana\/?s={search_term_string}\"},\"query-input\":{\"@type\":\"PropertyValueSpecification\",\"valueRequired\":true,\"valueName\":\"search_term_string\"}}],\"inLanguage\":\"es\"},{\"@type\":\"Organization\",\"@id\":\"https:\/\/noti-america.com\/site\/espana\/#organization\",\"name\":\"Noti-America LLC | Espa\u00f1a\",\"url\":\"https:\/\/noti-america.com\/site\/espana\/\",\"logo\":{\"@type\":\"ImageObject\",\"inLanguage\":\"es\",\"@id\":\"https:\/\/noti-america.com\/site\/espana\/#\/schema\/logo\/image\/\",\"url\":\"https:\/\/noti-america.com\/site\/espana\/wp-content\/uploads\/sites\/25\/2020\/07\/LogoNA-4x3-1.jpg\",\"contentUrl\":\"https:\/\/noti-america.com\/site\/espana\/wp-content\/uploads\/sites\/25\/2020\/07\/LogoNA-4x3-1.jpg\",\"width\":1236,\"height\":1080,\"caption\":\"Noti-America LLC | Espa\u00f1a\"},\"image\":{\"@id\":\"https:\/\/noti-america.com\/site\/espana\/#\/schema\/logo\/image\/\"},\"sameAs\":[\"https:\/\/x.com\/notiamerica\"]},{\"@type\":\"Person\",\"@id\":\"https:\/\/noti-america.com\/site\/espana\/#\/schema\/person\/e13880b4308eea6926b271284605ef72\",\"name\":\"CAMH\",\"image\":{\"@type\":\"ImageObject\",\"inLanguage\":\"es\",\"@id\":\"https:\/\/secure.gravatar.com\/avatar\/82aa99c723cbed2b304797bc218a5542b5a94d7f5d0ba3b39650aef53c28ecf5?s=96&d=mm&r=g\",\"url\":\"https:\/\/secure.gravatar.com\/avatar\/82aa99c723cbed2b304797bc218a5542b5a94d7f5d0ba3b39650aef53c28ecf5?s=96&d=mm&r=g\",\"contentUrl\":\"https:\/\/secure.gravatar.com\/avatar\/82aa99c723cbed2b304797bc218a5542b5a94d7f5d0ba3b39650aef53c28ecf5?s=96&d=mm&r=g\",\"caption\":\"CAMH\"},\"url\":\"https:\/\/noti-america.com\/site\/espana\/author\/cmitchell\/\"}]}<\/script>\n<!-- \/ Yoast SEO Premium plugin. -->","yoast_head_json":{"title":"Tradiciones de Navidad en Espa\u00f1a - Espa\u00f1a | Noti-America.com","robots":{"index":"index","follow":"follow","max-snippet":"max-snippet:-1","max-image-preview":"max-image-preview:large","max-video-preview":"max-video-preview:-1"},"canonical":"https:\/\/noti-america.com\/site\/espana\/2020\/12\/30\/tradiciones-de-navidad-en-espana\/","og_locale":"es_ES","og_type":"article","og_title":"Tradiciones de Navidad en Espa\u00f1a","og_description":"Noti-Am\u00e9rica (Espa\u00f1a) Madrid,Espa\u00f1a &nbsp; Ir a ver las luces de Navidad Todas las ciudades adornan sus calles con\u00a0iluminaci\u00f3n especial\u00a0dise\u00f1ada con motivos navide\u00f1os t\u00edpicos, aunque cada vez m\u00e1s hay\u00a0luces de Navidad\u00a0muy modernas y dise\u00f1adas por&#46;&#46;&#46;","og_url":"https:\/\/noti-america.com\/site\/espana\/2020\/12\/30\/tradiciones-de-navidad-en-espana\/","og_site_name":"Espa\u00f1a | Noti-America.com","article_published_time":"2020-12-30T03:46:25+00:00","article_modified_time":"2020-12-30T03:47:49+00:00","og_image":[{"width":900,"height":540,"url":"https:\/\/noti-america.com\/site\/espana\/wp-content\/uploads\/sites\/25\/2020\/12\/luces-navidad-Madrid-2014_Calle-Serrano_detalle.jpg","type":"image\/jpeg"}],"author":"CAMH","twitter_card":"summary_large_image","twitter_creator":"@notiamerica","twitter_site":"@notiamerica","twitter_misc":{"Escrito por":"CAMH","Tiempo estimado de lectura":"2 minutos"},"schema":{"@context":"https:\/\/schema.org","@graph":[{"@type":"Article","@id":"https:\/\/noti-america.com\/site\/espana\/2020\/12\/30\/tradiciones-de-navidad-en-espana\/#article","isPartOf":{"@id":"https:\/\/noti-america.com\/site\/espana\/2020\/12\/30\/tradiciones-de-navidad-en-espana\/"},"author":{"name":"CAMH","@id":"https:\/\/noti-america.com\/site\/espana\/#\/schema\/person\/e13880b4308eea6926b271284605ef72"},"headline":"Tradiciones de Navidad en Espa\u00f1a","datePublished":"2020-12-30T03:46:25+00:00","dateModified":"2020-12-30T03:47:49+00:00","mainEntityOfPage":{"@id":"https:\/\/noti-america.com\/site\/espana\/2020\/12\/30\/tradiciones-de-navidad-en-espana\/"},"wordCount":419,"commentCount":0,"publisher":{"@id":"https:\/\/noti-america.com\/site\/espana\/#organization"},"image":{"@id":"https:\/\/noti-america.com\/site\/espana\/2020\/12\/30\/tradiciones-de-navidad-en-espana\/#primaryimage"},"thumbnailUrl":"https:\/\/noti-america.com\/site\/espana\/wp-content\/uploads\/sites\/25\/2020\/12\/luces-navidad-Madrid-2014_Calle-Serrano_detalle.jpg","articleSection":["Actualidad","Espa\u00f1a"],"inLanguage":"es","potentialAction":[{"@type":"CommentAction","name":"Comment","target":["https:\/\/noti-america.com\/site\/espana\/2020\/12\/30\/tradiciones-de-navidad-en-espana\/#respond"]}]},{"@type":"WebPage","@id":"https:\/\/noti-america.com\/site\/espana\/2020\/12\/30\/tradiciones-de-navidad-en-espana\/","url":"https:\/\/noti-america.com\/site\/espana\/2020\/12\/30\/tradiciones-de-navidad-en-espana\/","name":"Tradiciones de Navidad en Espa\u00f1a - Espa\u00f1a | Noti-America.com","isPartOf":{"@id":"https:\/\/noti-america.com\/site\/espana\/#website"},"primaryImageOfPage":{"@id":"https:\/\/noti-america.com\/site\/espana\/2020\/12\/30\/tradiciones-de-navidad-en-espana\/#primaryimage"},"image":{"@id":"https:\/\/noti-america.com\/site\/espana\/2020\/12\/30\/tradiciones-de-navidad-en-espana\/#primaryimage"},"thumbnailUrl":"https:\/\/noti-america.com\/site\/espana\/wp-content\/uploads\/sites\/25\/2020\/12\/luces-navidad-Madrid-2014_Calle-Serrano_detalle.jpg","datePublished":"2020-12-30T03:46:25+00:00","dateModified":"2020-12-30T03:47:49+00:00","breadcrumb":{"@id":"https:\/\/noti-america.com\/site\/espana\/2020\/12\/30\/tradiciones-de-navidad-en-espana\/#breadcrumb"},"inLanguage":"es","potentialAction":[{"@type":"ReadAction","target":["https:\/\/noti-america.com\/site\/espana\/2020\/12\/30\/tradiciones-de-navidad-en-espana\/"]}]},{"@type":"ImageObject","inLanguage":"es","@id":"https:\/\/noti-america.com\/site\/espana\/2020\/12\/30\/tradiciones-de-navidad-en-espana\/#primaryimage","url":"https:\/\/noti-america.com\/site\/espana\/wp-content\/uploads\/sites\/25\/2020\/12\/luces-navidad-Madrid-2014_Calle-Serrano_detalle.jpg","contentUrl":"https:\/\/noti-america.com\/site\/espana\/wp-content\/uploads\/sites\/25\/2020\/12\/luces-navidad-Madrid-2014_Calle-Serrano_detalle.jpg","width":900,"height":540},{"@type":"BreadcrumbList","@id":"https:\/\/noti-america.com\/site\/espana\/2020\/12\/30\/tradiciones-de-navidad-en-espana\/#breadcrumb","itemListElement":[{"@type":"ListItem","position":1,"name":"Portada","item":"https:\/\/noti-america.com\/site\/espana\/"},{"@type":"ListItem","position":2,"name":"Tradiciones de Navidad en Espa\u00f1a"}]},{"@type":"WebSite","@id":"https:\/\/noti-america.com\/site\/espana\/#website","url":"https:\/\/noti-america.com\/site\/espana\/","name":"Espa\u00f1a | Noti-America.com","description":"","publisher":{"@id":"https:\/\/noti-america.com\/site\/espana\/#organization"},"potentialAction":[{"@type":"SearchAction","target":{"@type":"EntryPoint","urlTemplate":"https:\/\/noti-america.com\/site\/espana\/?s={search_term_string}"},"query-input":{"@type":"PropertyValueSpecification","valueRequired":true,"valueName":"search_term_string"}}],"inLanguage":"es"},{"@type":"Organization","@id":"https:\/\/noti-america.com\/site\/espana\/#organization","name":"Noti-America LLC | Espa\u00f1a","url":"https:\/\/noti-america.com\/site\/espana\/","logo":{"@type":"ImageObject","inLanguage":"es","@id":"https:\/\/noti-america.com\/site\/espana\/#\/schema\/logo\/image\/","url":"https:\/\/noti-america.com\/site\/espana\/wp-content\/uploads\/sites\/25\/2020\/07\/LogoNA-4x3-1.jpg","contentUrl":"https:\/\/noti-america.com\/site\/espana\/wp-content\/uploads\/sites\/25\/2020\/07\/LogoNA-4x3-1.jpg","width":1236,"height":1080,"caption":"Noti-America LLC | Espa\u00f1a"},"image":{"@id":"https:\/\/noti-america.com\/site\/espana\/#\/schema\/logo\/image\/"},"sameAs":["https:\/\/x.com\/notiamerica"]},{"@type":"Person","@id":"https:\/\/noti-america.com\/site\/espana\/#\/schema\/person\/e13880b4308eea6926b271284605ef72","name":"CAMH","image":{"@type":"ImageObject","inLanguage":"es","@id":"https:\/\/secure.gravatar.com\/avatar\/82aa99c723cbed2b304797bc218a5542b5a94d7f5d0ba3b39650aef53c28ecf5?s=96&d=mm&r=g","url":"https:\/\/secure.gravatar.com\/avatar\/82aa99c723cbed2b304797bc218a5542b5a94d7f5d0ba3b39650aef53c28ecf5?s=96&d=mm&r=g","contentUrl":"https:\/\/secure.gravatar.com\/avatar\/82aa99c723cbed2b304797bc218a5542b5a94d7f5d0ba3b39650aef53c28ecf5?s=96&d=mm&r=g","caption":"CAMH"},"url":"https:\/\/noti-america.com\/site\/espana\/author\/cmitchell\/"}]}},"_links":{"self":[{"href":"https:\/\/noti-america.com\/site\/espana\/wp-json\/wp\/v2\/posts\/3933","targetHints":{"allow":["GET"]}}],"collection":[{"href":"https:\/\/noti-america.com\/site\/espana\/wp-json\/wp\/v2\/posts"}],"about":[{"href":"https:\/\/noti-america.com\/site\/espana\/wp-json\/wp\/v2\/types\/post"}],"author":[{"embeddable":true,"href":"https:\/\/noti-america.com\/site\/espana\/wp-json\/wp\/v2\/users\/87"}],"replies":[{"embeddable":true,"href":"https:\/\/noti-america.com\/site\/espana\/wp-json\/wp\/v2\/comments?post=3933"}],"version-history":[{"count":2,"href":"https:\/\/noti-america.com\/site\/espana\/wp-json\/wp\/v2\/posts\/3933\/revisions"}],"predecessor-version":[{"id":3939,"href":"https:\/\/noti-america.com\/site\/espana\/wp-json\/wp\/v2\/posts\/3933\/revisions\/3939"}],"wp:featuredmedia":[{"embeddable":true,"href":"https:\/\/noti-america.com\/site\/espana\/wp-json\/wp\/v2\/media\/3934"}],"wp:attachment":[{"href":"https:\/\/noti-america.com\/site\/espana\/wp-json\/wp\/v2\/media?parent=3933"}],"wp:term":[{"taxonomy":"category","embeddable":true,"href":"https:\/\/noti-america.com\/site\/espana\/wp-json\/wp\/v2\/categories?post=3933"},{"taxonomy":"post_tag","embeddable":true,"href":"https:\/\/noti-america.com\/site\/espana\/wp-json\/wp\/v2\/tags?post=3933"}],"curies":[{"name":"wp","href":"https:\/\/api.w.org\/{rel}","templated":true}]}}