{"id":3697,"date":"2020-12-01T00:25:03","date_gmt":"2020-12-01T00:25:03","guid":{"rendered":"https:\/\/noti-america.com\/site\/espana\/?p=3697"},"modified":"2020-12-01T00:26:23","modified_gmt":"2020-12-01T00:26:23","slug":"el-maquillaje-de-jennifer-lopez-y-cara-delevingne-que-te-inspiraran-para-las-fiestas-navidenas","status":"publish","type":"post","link":"https:\/\/noti-america.com\/site\/espana\/2020\/12\/01\/el-maquillaje-de-jennifer-lopez-y-cara-delevingne-que-te-inspiraran-para-las-fiestas-navidenas\/","title":{"rendered":"El maquillaje de Jennifer L\u00f3pez y Cara Delevingne que te inspirar\u00e1n para las fiestas navide\u00f1as"},"content":{"rendered":"<p><strong>Noti-Am\u00e9rica (Espa\u00f1a)<\/strong><br \/>\n<strong>Madrid,Espa\u00f1a<\/strong><\/p>\n<p>&nbsp;<\/p>\n<h2 class=\"d-subtitle__txt\">La cantante y la modelo deslumbra con unas sombras de ojos con los colores tendencia de la temporada.<\/h2>\n<p style=\"text-align: justify\">La alfombra roja de los\u00a0<b>American Music Awards<\/b>\u00a0ha dejado unos looks que son pura inspiraci\u00f3n para las fiestas navide\u00f1as.\u00a0<b>Jennifer Lopez y Cara Delevingne<\/b>\u00a0fueron dos de las invitadas que deslumbraron en la gala que, como ya hab\u00eda ocurrido con otros eventos, estaba marcada por la crisis sanitaria de la Covid-19.<\/p>\n<p style=\"text-align: justify\">La cantante y la modelo triunfaron tanto por sus\u00a0<a href=\"https:\/\/www.lavanguardia.com\/de-moda\/moda\/20201123\/49639855686\/jennifer-lopez-looks-alfombra-roja-premios-american-music-awards.html\" target=\"_blank\" rel=\"follow noopener noreferrer\" data-gtm-element=\"container-child-link\">estilismos plateados<\/a>\u00a0como por sus \u2018looks beauty\u2019 que\u00a0<b>se pueden copiar<\/b>\u00a0para triunfar en estas fechas tan especial del a\u00f1o. La top brit\u00e1nica confi\u00f3 en su maquilladora de cabecera, Kelsey Deenihan, para conseguir un maquillaje muy festivo.<\/p>\n<p style=\"text-align: justify\">La profesional us\u00f3 sombras en\u00a0<b>diferentes tonos morados<\/b>\u00a0para marcar la mirada de Cara. Unas sombras de Dior que iban de mayor a menor intensidad y que combin\u00f3 con un labial en color anaranjado y toque de colorete rosa para dar color a las mejillas. El peinado tambi\u00e9n fue todo un acierto, con su melena rubia con ondas al agua, al\u00a0<b>m\u00e1s puro estilo a\u00f1os 40<\/b>.<\/p>\n<p><strong>Las sombras en tonos morados son tendencia esta temporada<\/strong><\/p>\n<p style=\"text-align: justify\">Por su parte, Jennifer Lopez brill\u00f3 con un look de belleza con el que adelanta una de las tendencias de 2021. Su maquilladora, Mary Philips, se decant\u00f3 por un\u00a0<b>eyeliner gr\u00e1fico con aires sesenteros<\/b>. Us\u00f3 una sombra de ojos plateada de Pat McGrath y deline\u00f3 con eyeliner el p\u00e1rpado para abrir m\u00e1s la mirada de la cantante. Un maquillaje que complet\u00f3 con un labial nude y una base muy natural. En cuanto a su peinado, el peluquero Chris Appleton apost\u00f3 por un\u00a0<b>bob ondulado efecto mojado<\/b>\u00a0en un nuevo tono rubio ceniza.<\/p>\n<p style=\"text-align: justify\">En la alfombra roja tambi\u00e9n se vieron otros \u2018looks beauty\u2019 con sombras metalizadas como protagonistas. Es el caso de\u00a0<b>Dua Lipa<\/b>, que us\u00f3 una\u00a0<b>sombra de ojos azul cielo<\/b>\u00a0para iluminar su mirada y un eyeliner negro. Su peinado, en\u00a0<b>clave noventera<\/b>, destac\u00f3 por un pasado dorado en el lado derecho, a juego con las lentejuelas de su vestido de Versace.<\/p>\n<p>&nbsp;<\/p>\n<p>&nbsp;<\/p>\n","protected":false},"excerpt":{"rendered":"<p>Noti-Am\u00e9rica (Espa\u00f1a) Madrid,Espa\u00f1a &nbsp; La cantante y la modelo deslumbra con unas sombras de ojos con los colores tendencia de la temporada. La alfombra roja de los\u00a0American Music Awards\u00a0ha dejado unos looks que son&#46;&#46;&#46;<\/p>\n","protected":false},"author":87,"featured_media":3699,"comment_status":"open","ping_status":"open","sticky":false,"template":"","format":"gallery","meta":{"_acf_changed":false,"om_disable_all_campaigns":false,"rop_custom_images_group":[],"rop_custom_messages_group":[],"rop_publish_now":"initial","rop_publish_now_accounts":[],"rop_publish_now_history":[],"rop_publish_now_status":"pending","_uf_show_specific_survey":0,"_uf_disable_surveys":false,"footnotes":""},"categories":[154,153,13],"tags":[],"class_list":["post-3697","post","type-post","status-publish","format-gallery","has-post-thumbnail","hentry","category-belleza","category-moda","category-vida-y-salud","post_format-post-format-gallery"],"acf":[],"aioseo_notices":[],"yoast_head":"<!-- This site is optimized with the Yoast SEO Premium plugin v24.9 (Yoast SEO v27.2) - https:\/\/yoast.com\/product\/yoast-seo-premium-wordpress\/ -->\n<title>El maquillaje de Jennifer L\u00f3pez y Cara Delevingne que te inspirar\u00e1n para las fiestas navide\u00f1as - Espa\u00f1a | Noti-America.com<\/title>\n<meta name=\"robots\" content=\"index, follow, max-snippet:-1, max-image-preview:large, max-video-preview:-1\" \/>\n<link rel=\"canonical\" href=\"https:\/\/noti-america.com\/site\/espana\/2020\/12\/01\/el-maquillaje-de-jennifer-lopez-y-cara-delevingne-que-te-inspiraran-para-las-fiestas-navidenas\/\" \/>\n<meta property=\"og:locale\" content=\"es_ES\" \/>\n<meta property=\"og:type\" content=\"article\" \/>\n<meta property=\"og:title\" content=\"El maquillaje de Jennifer L\u00f3pez y Cara Delevingne que te inspirar\u00e1n para las fiestas navide\u00f1as\" \/>\n<meta property=\"og:description\" content=\"Noti-Am\u00e9rica (Espa\u00f1a) Madrid,Espa\u00f1a &nbsp; La cantante y la modelo deslumbra con unas sombras de ojos con los colores tendencia de la temporada. La alfombra roja de los\u00a0American Music Awards\u00a0ha dejado unos looks que son&#046;&#046;&#046;\" \/>\n<meta property=\"og:url\" content=\"https:\/\/noti-america.com\/site\/espana\/2020\/12\/01\/el-maquillaje-de-jennifer-lopez-y-cara-delevingne-que-te-inspiraran-para-las-fiestas-navidenas\/\" \/>\n<meta property=\"og:site_name\" content=\"Espa\u00f1a | Noti-America.com\" \/>\n<meta property=\"article:published_time\" content=\"2020-12-01T00:25:03+00:00\" \/>\n<meta property=\"article:modified_time\" content=\"2020-12-01T00:26:23+00:00\" \/>\n<meta property=\"og:image\" content=\"https:\/\/noti-america.com\/site\/espana\/wp-content\/uploads\/sites\/25\/2020\/12\/descarga-10.jpg\" \/>\n\t<meta property=\"og:image:width\" content=\"300\" \/>\n\t<meta property=\"og:image:height\" content=\"168\" \/>\n\t<meta property=\"og:image:type\" content=\"image\/jpeg\" \/>\n<meta name=\"author\" content=\"CAMH\" \/>\n<meta name=\"twitter:card\" content=\"summary_large_image\" \/>\n<meta name=\"twitter:creator\" content=\"@notiamerica\" \/>\n<meta name=\"twitter:site\" content=\"@notiamerica\" \/>\n<meta name=\"twitter:label1\" content=\"Escrito por\" \/>\n\t<meta name=\"twitter:data1\" content=\"CAMH\" \/>\n\t<meta name=\"twitter:label2\" content=\"Tiempo estimado de lectura\" \/>\n\t<meta name=\"twitter:data2\" content=\"2 minutos\" \/>\n<script type=\"application\/ld+json\" class=\"yoast-schema-graph\">{\"@context\":\"https:\/\/schema.org\",\"@graph\":[{\"@type\":\"Article\",\"@id\":\"https:\/\/noti-america.com\/site\/espana\/2020\/12\/01\/el-maquillaje-de-jennifer-lopez-y-cara-delevingne-que-te-inspiraran-para-las-fiestas-navidenas\/#article\",\"isPartOf\":{\"@id\":\"https:\/\/noti-america.com\/site\/espana\/2020\/12\/01\/el-maquillaje-de-jennifer-lopez-y-cara-delevingne-que-te-inspiraran-para-las-fiestas-navidenas\/\"},\"author\":{\"name\":\"CAMH\",\"@id\":\"https:\/\/noti-america.com\/site\/espana\/#\/schema\/person\/e13880b4308eea6926b271284605ef72\"},\"headline\":\"El maquillaje de Jennifer L\u00f3pez y Cara Delevingne que te inspirar\u00e1n para las fiestas navide\u00f1as\",\"datePublished\":\"2020-12-01T00:25:03+00:00\",\"dateModified\":\"2020-12-01T00:26:23+00:00\",\"mainEntityOfPage\":{\"@id\":\"https:\/\/noti-america.com\/site\/espana\/2020\/12\/01\/el-maquillaje-de-jennifer-lopez-y-cara-delevingne-que-te-inspiraran-para-las-fiestas-navidenas\/\"},\"wordCount\":382,\"commentCount\":0,\"publisher\":{\"@id\":\"https:\/\/noti-america.com\/site\/espana\/#organization\"},\"image\":{\"@id\":\"https:\/\/noti-america.com\/site\/espana\/2020\/12\/01\/el-maquillaje-de-jennifer-lopez-y-cara-delevingne-que-te-inspiraran-para-las-fiestas-navidenas\/#primaryimage\"},\"thumbnailUrl\":\"https:\/\/noti-america.com\/site\/espana\/wp-content\/uploads\/sites\/25\/2020\/12\/descarga-10.jpg\",\"articleSection\":[\"Belleza\",\"Moda\",\"Vida y Salud\"],\"inLanguage\":\"es\",\"potentialAction\":[{\"@type\":\"CommentAction\",\"name\":\"Comment\",\"target\":[\"https:\/\/noti-america.com\/site\/espana\/2020\/12\/01\/el-maquillaje-de-jennifer-lopez-y-cara-delevingne-que-te-inspiraran-para-las-fiestas-navidenas\/#respond\"]}]},{\"@type\":\"WebPage\",\"@id\":\"https:\/\/noti-america.com\/site\/espana\/2020\/12\/01\/el-maquillaje-de-jennifer-lopez-y-cara-delevingne-que-te-inspiraran-para-las-fiestas-navidenas\/\",\"url\":\"https:\/\/noti-america.com\/site\/espana\/2020\/12\/01\/el-maquillaje-de-jennifer-lopez-y-cara-delevingne-que-te-inspiraran-para-las-fiestas-navidenas\/\",\"name\":\"El maquillaje de Jennifer L\u00f3pez y Cara Delevingne que te inspirar\u00e1n para las fiestas navide\u00f1as - Espa\u00f1a | Noti-America.com\",\"isPartOf\":{\"@id\":\"https:\/\/noti-america.com\/site\/espana\/#website\"},\"primaryImageOfPage\":{\"@id\":\"https:\/\/noti-america.com\/site\/espana\/2020\/12\/01\/el-maquillaje-de-jennifer-lopez-y-cara-delevingne-que-te-inspiraran-para-las-fiestas-navidenas\/#primaryimage\"},\"image\":{\"@id\":\"https:\/\/noti-america.com\/site\/espana\/2020\/12\/01\/el-maquillaje-de-jennifer-lopez-y-cara-delevingne-que-te-inspiraran-para-las-fiestas-navidenas\/#primaryimage\"},\"thumbnailUrl\":\"https:\/\/noti-america.com\/site\/espana\/wp-content\/uploads\/sites\/25\/2020\/12\/descarga-10.jpg\",\"datePublished\":\"2020-12-01T00:25:03+00:00\",\"dateModified\":\"2020-12-01T00:26:23+00:00\",\"breadcrumb\":{\"@id\":\"https:\/\/noti-america.com\/site\/espana\/2020\/12\/01\/el-maquillaje-de-jennifer-lopez-y-cara-delevingne-que-te-inspiraran-para-las-fiestas-navidenas\/#breadcrumb\"},\"inLanguage\":\"es\",\"potentialAction\":[{\"@type\":\"ReadAction\",\"target\":[\"https:\/\/noti-america.com\/site\/espana\/2020\/12\/01\/el-maquillaje-de-jennifer-lopez-y-cara-delevingne-que-te-inspiraran-para-las-fiestas-navidenas\/\"]}]},{\"@type\":\"ImageObject\",\"inLanguage\":\"es\",\"@id\":\"https:\/\/noti-america.com\/site\/espana\/2020\/12\/01\/el-maquillaje-de-jennifer-lopez-y-cara-delevingne-que-te-inspiraran-para-las-fiestas-navidenas\/#primaryimage\",\"url\":\"https:\/\/noti-america.com\/site\/espana\/wp-content\/uploads\/sites\/25\/2020\/12\/descarga-10.jpg\",\"contentUrl\":\"https:\/\/noti-america.com\/site\/espana\/wp-content\/uploads\/sites\/25\/2020\/12\/descarga-10.jpg\",\"width\":300,\"height\":168},{\"@type\":\"BreadcrumbList\",\"@id\":\"https:\/\/noti-america.com\/site\/espana\/2020\/12\/01\/el-maquillaje-de-jennifer-lopez-y-cara-delevingne-que-te-inspiraran-para-las-fiestas-navidenas\/#breadcrumb\",\"itemListElement\":[{\"@type\":\"ListItem\",\"position\":1,\"name\":\"Portada\",\"item\":\"https:\/\/noti-america.com\/site\/espana\/\"},{\"@type\":\"ListItem\",\"position\":2,\"name\":\"El maquillaje de Jennifer L\u00f3pez y Cara Delevingne que te inspirar\u00e1n para las fiestas navide\u00f1as\"}]},{\"@type\":\"WebSite\",\"@id\":\"https:\/\/noti-america.com\/site\/espana\/#website\",\"url\":\"https:\/\/noti-america.com\/site\/espana\/\",\"name\":\"Espa\u00f1a | Noti-America.com\",\"description\":\"\",\"publisher\":{\"@id\":\"https:\/\/noti-america.com\/site\/espana\/#organization\"},\"potentialAction\":[{\"@type\":\"SearchAction\",\"target\":{\"@type\":\"EntryPoint\",\"urlTemplate\":\"https:\/\/noti-america.com\/site\/espana\/?s={search_term_string}\"},\"query-input\":{\"@type\":\"PropertyValueSpecification\",\"valueRequired\":true,\"valueName\":\"search_term_string\"}}],\"inLanguage\":\"es\"},{\"@type\":\"Organization\",\"@id\":\"https:\/\/noti-america.com\/site\/espana\/#organization\",\"name\":\"Noti-America LLC | Espa\u00f1a\",\"url\":\"https:\/\/noti-america.com\/site\/espana\/\",\"logo\":{\"@type\":\"ImageObject\",\"inLanguage\":\"es\",\"@id\":\"https:\/\/noti-america.com\/site\/espana\/#\/schema\/logo\/image\/\",\"url\":\"https:\/\/noti-america.com\/site\/espana\/wp-content\/uploads\/sites\/25\/2020\/07\/LogoNA-4x3-1.jpg\",\"contentUrl\":\"https:\/\/noti-america.com\/site\/espana\/wp-content\/uploads\/sites\/25\/2020\/07\/LogoNA-4x3-1.jpg\",\"width\":1236,\"height\":1080,\"caption\":\"Noti-America LLC | Espa\u00f1a\"},\"image\":{\"@id\":\"https:\/\/noti-america.com\/site\/espana\/#\/schema\/logo\/image\/\"},\"sameAs\":[\"https:\/\/x.com\/notiamerica\"]},{\"@type\":\"Person\",\"@id\":\"https:\/\/noti-america.com\/site\/espana\/#\/schema\/person\/e13880b4308eea6926b271284605ef72\",\"name\":\"CAMH\",\"image\":{\"@type\":\"ImageObject\",\"inLanguage\":\"es\",\"@id\":\"https:\/\/secure.gravatar.com\/avatar\/82aa99c723cbed2b304797bc218a5542b5a94d7f5d0ba3b39650aef53c28ecf5?s=96&d=mm&r=g\",\"url\":\"https:\/\/secure.gravatar.com\/avatar\/82aa99c723cbed2b304797bc218a5542b5a94d7f5d0ba3b39650aef53c28ecf5?s=96&d=mm&r=g\",\"contentUrl\":\"https:\/\/secure.gravatar.com\/avatar\/82aa99c723cbed2b304797bc218a5542b5a94d7f5d0ba3b39650aef53c28ecf5?s=96&d=mm&r=g\",\"caption\":\"CAMH\"},\"url\":\"https:\/\/noti-america.com\/site\/espana\/author\/cmitchell\/\"}]}<\/script>\n<!-- \/ Yoast SEO Premium plugin. -->","yoast_head_json":{"title":"El maquillaje de Jennifer L\u00f3pez y Cara Delevingne que te inspirar\u00e1n para las fiestas navide\u00f1as - Espa\u00f1a | Noti-America.com","robots":{"index":"index","follow":"follow","max-snippet":"max-snippet:-1","max-image-preview":"max-image-preview:large","max-video-preview":"max-video-preview:-1"},"canonical":"https:\/\/noti-america.com\/site\/espana\/2020\/12\/01\/el-maquillaje-de-jennifer-lopez-y-cara-delevingne-que-te-inspiraran-para-las-fiestas-navidenas\/","og_locale":"es_ES","og_type":"article","og_title":"El maquillaje de Jennifer L\u00f3pez y Cara Delevingne que te inspirar\u00e1n para las fiestas navide\u00f1as","og_description":"Noti-Am\u00e9rica (Espa\u00f1a) Madrid,Espa\u00f1a &nbsp; La cantante y la modelo deslumbra con unas sombras de ojos con los colores tendencia de la temporada. La alfombra roja de los\u00a0American Music Awards\u00a0ha dejado unos looks que son&#46;&#46;&#46;","og_url":"https:\/\/noti-america.com\/site\/espana\/2020\/12\/01\/el-maquillaje-de-jennifer-lopez-y-cara-delevingne-que-te-inspiraran-para-las-fiestas-navidenas\/","og_site_name":"Espa\u00f1a | Noti-America.com","article_published_time":"2020-12-01T00:25:03+00:00","article_modified_time":"2020-12-01T00:26:23+00:00","og_image":[{"width":300,"height":168,"url":"https:\/\/noti-america.com\/site\/espana\/wp-content\/uploads\/sites\/25\/2020\/12\/descarga-10.jpg","type":"image\/jpeg"}],"author":"CAMH","twitter_card":"summary_large_image","twitter_creator":"@notiamerica","twitter_site":"@notiamerica","twitter_misc":{"Escrito por":"CAMH","Tiempo estimado de lectura":"2 minutos"},"schema":{"@context":"https:\/\/schema.org","@graph":[{"@type":"Article","@id":"https:\/\/noti-america.com\/site\/espana\/2020\/12\/01\/el-maquillaje-de-jennifer-lopez-y-cara-delevingne-que-te-inspiraran-para-las-fiestas-navidenas\/#article","isPartOf":{"@id":"https:\/\/noti-america.com\/site\/espana\/2020\/12\/01\/el-maquillaje-de-jennifer-lopez-y-cara-delevingne-que-te-inspiraran-para-las-fiestas-navidenas\/"},"author":{"name":"CAMH","@id":"https:\/\/noti-america.com\/site\/espana\/#\/schema\/person\/e13880b4308eea6926b271284605ef72"},"headline":"El maquillaje de Jennifer L\u00f3pez y Cara Delevingne que te inspirar\u00e1n para las fiestas navide\u00f1as","datePublished":"2020-12-01T00:25:03+00:00","dateModified":"2020-12-01T00:26:23+00:00","mainEntityOfPage":{"@id":"https:\/\/noti-america.com\/site\/espana\/2020\/12\/01\/el-maquillaje-de-jennifer-lopez-y-cara-delevingne-que-te-inspiraran-para-las-fiestas-navidenas\/"},"wordCount":382,"commentCount":0,"publisher":{"@id":"https:\/\/noti-america.com\/site\/espana\/#organization"},"image":{"@id":"https:\/\/noti-america.com\/site\/espana\/2020\/12\/01\/el-maquillaje-de-jennifer-lopez-y-cara-delevingne-que-te-inspiraran-para-las-fiestas-navidenas\/#primaryimage"},"thumbnailUrl":"https:\/\/noti-america.com\/site\/espana\/wp-content\/uploads\/sites\/25\/2020\/12\/descarga-10.jpg","articleSection":["Belleza","Moda","Vida y Salud"],"inLanguage":"es","potentialAction":[{"@type":"CommentAction","name":"Comment","target":["https:\/\/noti-america.com\/site\/espana\/2020\/12\/01\/el-maquillaje-de-jennifer-lopez-y-cara-delevingne-que-te-inspiraran-para-las-fiestas-navidenas\/#respond"]}]},{"@type":"WebPage","@id":"https:\/\/noti-america.com\/site\/espana\/2020\/12\/01\/el-maquillaje-de-jennifer-lopez-y-cara-delevingne-que-te-inspiraran-para-las-fiestas-navidenas\/","url":"https:\/\/noti-america.com\/site\/espana\/2020\/12\/01\/el-maquillaje-de-jennifer-lopez-y-cara-delevingne-que-te-inspiraran-para-las-fiestas-navidenas\/","name":"El maquillaje de Jennifer L\u00f3pez y Cara Delevingne que te inspirar\u00e1n para las fiestas navide\u00f1as - Espa\u00f1a | Noti-America.com","isPartOf":{"@id":"https:\/\/noti-america.com\/site\/espana\/#website"},"primaryImageOfPage":{"@id":"https:\/\/noti-america.com\/site\/espana\/2020\/12\/01\/el-maquillaje-de-jennifer-lopez-y-cara-delevingne-que-te-inspiraran-para-las-fiestas-navidenas\/#primaryimage"},"image":{"@id":"https:\/\/noti-america.com\/site\/espana\/2020\/12\/01\/el-maquillaje-de-jennifer-lopez-y-cara-delevingne-que-te-inspiraran-para-las-fiestas-navidenas\/#primaryimage"},"thumbnailUrl":"https:\/\/noti-america.com\/site\/espana\/wp-content\/uploads\/sites\/25\/2020\/12\/descarga-10.jpg","datePublished":"2020-12-01T00:25:03+00:00","dateModified":"2020-12-01T00:26:23+00:00","breadcrumb":{"@id":"https:\/\/noti-america.com\/site\/espana\/2020\/12\/01\/el-maquillaje-de-jennifer-lopez-y-cara-delevingne-que-te-inspiraran-para-las-fiestas-navidenas\/#breadcrumb"},"inLanguage":"es","potentialAction":[{"@type":"ReadAction","target":["https:\/\/noti-america.com\/site\/espana\/2020\/12\/01\/el-maquillaje-de-jennifer-lopez-y-cara-delevingne-que-te-inspiraran-para-las-fiestas-navidenas\/"]}]},{"@type":"ImageObject","inLanguage":"es","@id":"https:\/\/noti-america.com\/site\/espana\/2020\/12\/01\/el-maquillaje-de-jennifer-lopez-y-cara-delevingne-que-te-inspiraran-para-las-fiestas-navidenas\/#primaryimage","url":"https:\/\/noti-america.com\/site\/espana\/wp-content\/uploads\/sites\/25\/2020\/12\/descarga-10.jpg","contentUrl":"https:\/\/noti-america.com\/site\/espana\/wp-content\/uploads\/sites\/25\/2020\/12\/descarga-10.jpg","width":300,"height":168},{"@type":"BreadcrumbList","@id":"https:\/\/noti-america.com\/site\/espana\/2020\/12\/01\/el-maquillaje-de-jennifer-lopez-y-cara-delevingne-que-te-inspiraran-para-las-fiestas-navidenas\/#breadcrumb","itemListElement":[{"@type":"ListItem","position":1,"name":"Portada","item":"https:\/\/noti-america.com\/site\/espana\/"},{"@type":"ListItem","position":2,"name":"El maquillaje de Jennifer L\u00f3pez y Cara Delevingne que te inspirar\u00e1n para las fiestas navide\u00f1as"}]},{"@type":"WebSite","@id":"https:\/\/noti-america.com\/site\/espana\/#website","url":"https:\/\/noti-america.com\/site\/espana\/","name":"Espa\u00f1a | Noti-America.com","description":"","publisher":{"@id":"https:\/\/noti-america.com\/site\/espana\/#organization"},"potentialAction":[{"@type":"SearchAction","target":{"@type":"EntryPoint","urlTemplate":"https:\/\/noti-america.com\/site\/espana\/?s={search_term_string}"},"query-input":{"@type":"PropertyValueSpecification","valueRequired":true,"valueName":"search_term_string"}}],"inLanguage":"es"},{"@type":"Organization","@id":"https:\/\/noti-america.com\/site\/espana\/#organization","name":"Noti-America LLC | Espa\u00f1a","url":"https:\/\/noti-america.com\/site\/espana\/","logo":{"@type":"ImageObject","inLanguage":"es","@id":"https:\/\/noti-america.com\/site\/espana\/#\/schema\/logo\/image\/","url":"https:\/\/noti-america.com\/site\/espana\/wp-content\/uploads\/sites\/25\/2020\/07\/LogoNA-4x3-1.jpg","contentUrl":"https:\/\/noti-america.com\/site\/espana\/wp-content\/uploads\/sites\/25\/2020\/07\/LogoNA-4x3-1.jpg","width":1236,"height":1080,"caption":"Noti-America LLC | Espa\u00f1a"},"image":{"@id":"https:\/\/noti-america.com\/site\/espana\/#\/schema\/logo\/image\/"},"sameAs":["https:\/\/x.com\/notiamerica"]},{"@type":"Person","@id":"https:\/\/noti-america.com\/site\/espana\/#\/schema\/person\/e13880b4308eea6926b271284605ef72","name":"CAMH","image":{"@type":"ImageObject","inLanguage":"es","@id":"https:\/\/secure.gravatar.com\/avatar\/82aa99c723cbed2b304797bc218a5542b5a94d7f5d0ba3b39650aef53c28ecf5?s=96&d=mm&r=g","url":"https:\/\/secure.gravatar.com\/avatar\/82aa99c723cbed2b304797bc218a5542b5a94d7f5d0ba3b39650aef53c28ecf5?s=96&d=mm&r=g","contentUrl":"https:\/\/secure.gravatar.com\/avatar\/82aa99c723cbed2b304797bc218a5542b5a94d7f5d0ba3b39650aef53c28ecf5?s=96&d=mm&r=g","caption":"CAMH"},"url":"https:\/\/noti-america.com\/site\/espana\/author\/cmitchell\/"}]}},"_links":{"self":[{"href":"https:\/\/noti-america.com\/site\/espana\/wp-json\/wp\/v2\/posts\/3697","targetHints":{"allow":["GET"]}}],"collection":[{"href":"https:\/\/noti-america.com\/site\/espana\/wp-json\/wp\/v2\/posts"}],"about":[{"href":"https:\/\/noti-america.com\/site\/espana\/wp-json\/wp\/v2\/types\/post"}],"author":[{"embeddable":true,"href":"https:\/\/noti-america.com\/site\/espana\/wp-json\/wp\/v2\/users\/87"}],"replies":[{"embeddable":true,"href":"https:\/\/noti-america.com\/site\/espana\/wp-json\/wp\/v2\/comments?post=3697"}],"version-history":[{"count":2,"href":"https:\/\/noti-america.com\/site\/espana\/wp-json\/wp\/v2\/posts\/3697\/revisions"}],"predecessor-version":[{"id":3702,"href":"https:\/\/noti-america.com\/site\/espana\/wp-json\/wp\/v2\/posts\/3697\/revisions\/3702"}],"wp:featuredmedia":[{"embeddable":true,"href":"https:\/\/noti-america.com\/site\/espana\/wp-json\/wp\/v2\/media\/3699"}],"wp:attachment":[{"href":"https:\/\/noti-america.com\/site\/espana\/wp-json\/wp\/v2\/media?parent=3697"}],"wp:term":[{"taxonomy":"category","embeddable":true,"href":"https:\/\/noti-america.com\/site\/espana\/wp-json\/wp\/v2\/categories?post=3697"},{"taxonomy":"post_tag","embeddable":true,"href":"https:\/\/noti-america.com\/site\/espana\/wp-json\/wp\/v2\/tags?post=3697"}],"curies":[{"name":"wp","href":"https:\/\/api.w.org\/{rel}","templated":true}]}}