{"id":3537,"date":"2020-11-03T23:16:49","date_gmt":"2020-11-03T23:16:49","guid":{"rendered":"https:\/\/noti-america.com\/site\/espana\/?p=3537"},"modified":"2020-11-03T23:16:49","modified_gmt":"2020-11-03T23:16:49","slug":"es-el-azucar-moreno-mas-saludable-que-el-blanco","status":"publish","type":"post","link":"https:\/\/noti-america.com\/site\/espana\/2020\/11\/03\/es-el-azucar-moreno-mas-saludable-que-el-blanco\/","title":{"rendered":"\u00bfEs el az\u00facar moreno m\u00e1s saludable que el blanco?"},"content":{"rendered":"<p style=\"text-align: justify\"><span style=\"color: #000000\"><strong>NotiAm\u00e9rica\u00a0 (Espa\u00f1a)<\/strong><\/span><\/p>\n<p style=\"text-align: justify\"><span style=\"color: #000000\"><strong>Madrid, Espa\u00f1a<\/strong><\/span><\/p>\n<p style=\"text-align: justify\"><span style=\"color: #000000\">La creencia de que el az\u00facar moreno, por no ser sometido a tantos procesos de refinado como el blanco, es m\u00e1s saludable, lleva en nuestra sociedad varios a\u00f1os y ha hecho que muchas personas cambien sus costumbres cuando van a tomar un caf\u00e9 y deben decidir qu\u00e9 tipo de endulzante prefieren. Pero, \u00bfes el,\u00a0<strong>az\u00facar moreno m\u00e1s saludable<\/strong>\u00a0que el blanco?<\/span><\/p>\n<p style=\"text-align: justify\"><span style=\"color: #000000\">Lo cierto es que nutricionalmente \u00a1son muy parecidos! Desmentimos algunos mitos que nos han hecho demonizar el az\u00facar blanco comparando con el moreno, para que sepamos decidir el m\u00e1s adecuado.<\/span><\/p>\n<p style=\"text-align: justify\"><span style=\"color: #000000\">\u00bfCu\u00e1ntos gramos de az\u00facar consumir?<\/span><\/p>\n<p style=\"text-align: justify\"><span style=\"color: #000000\">En cualquier caso, lo primero que debemos tener en cuenta es que el exceso de az\u00facar nunca es bueno, pues suele provocar el desarrollo o el empeoramiento de patolog\u00edas card\u00edacas o enfermedades como la obesidad o la diabetes; as\u00ed que sea cual sea tu preferencia, debes intentar\u00a0<strong>no consumir m\u00e1s de 25 g de az\u00facar al d\u00eda<\/strong>\u00a0entre el que a\u00f1adimos a depende que comidas y el que ya contienen los alimentos que consumimos.<\/span><\/p>\n<p style=\"text-align: justify\"><strong><span style=\"color: #000000\">Diferencias seg\u00fan la producci\u00f3n<\/span><\/strong><\/p>\n<p style=\"text-align: justify\"><span style=\"color: #000000\">Aunque casi no hay diferencia entre la producci\u00f3n del az\u00facar blanco y del az\u00facar moreno, uno de los primeros puntos diferenciales que encontramos entre ambos es en la \u00faltima etapa de la producci\u00f3n, pues\u00a0<strong>para producir el az\u00facar blanco, la melaza es eliminada por completo<\/strong>\u00a0a trav\u00e9s de diferentes procedimientos industriales y para producir el az\u00facar moreno, esos \u00faltimos procesos no se llevan a cabo y se deja gran parte de la melaza, sustancia responsable del color, el aroma y el sabor caracter\u00edstico del az\u00facar moreno.<\/span><\/p>\n<p style=\"text-align: justify\"><strong><span style=\"color: #000000\">Elementos nutricionales<\/span><\/strong><\/p>\n<p style=\"text-align: justify\"><span style=\"color: #000000\">A nivel nutricional ambos az\u00facares est\u00e1n compuestos en el 85% o m\u00e1s por sacarosa y ambos aportan 4 calor\u00edas por cada gramo, pero el az\u00facar moreno, por estar menos procesado, mantiene mejor sus nutrientes y gracias a su alta composici\u00f3n en melaza,\u00a0<strong>aporta vitaminas del grupo B y minerales como el calcio, el potasio, el magnesio<\/strong>\u00a0y el sodio a diferencia del az\u00facar blanco, aunque este \u00faltimo sigue siendo el m\u00e1s comercializado.<\/span><\/p>\n<p style=\"text-align: justify\"><span style=\"color: #000000\">El \u00faltimo elemento a tener en cuenta es que, aunque ambos tipos de az\u00facar provienen principalmente de la planta de ca\u00f1a y la ra\u00edz de remolacha.<\/span><\/p>\n<p style=\"text-align: justify\"><span style=\"color: #000000\">Pero el\u00a0<strong>az\u00facar moreno es m\u00e1s amargo que el blanco<\/strong>\u00a0y solemos a\u00f1adir m\u00e1s a nuestras comidas para realmente notar ese dulzor que buscamos y que conseguir\u00edamos con una menor cantidad de az\u00facar blanco. As\u00ed que si no nos fijamos en la cantidad, es probable que cometamos un exceso y el consumo de az\u00facar moreno, aunque tenga m\u00e1s propiedades que el blanco, se vuelva contraproducente.<\/span><\/p>\n<p style=\"text-align: justify\"><strong><span style=\"color: #000000\">Edulcorantes sustitutivos del az\u00facar<\/span><\/strong><\/p>\n<p style=\"text-align: justify\"><span style=\"color: #000000\">Para evitar ese conflicto, muchas personas suelen apostar por edulcorantes sustitutos del az\u00facar como la panela, la miel, la estevia o el sirope de \u00e1gave. Hemos establecido si realmente el\u00a0<strong>az\u00facar moreno m\u00e1s saludable<\/strong>\u00a0que el blanco. Ahora que realmente conoces las consecuencias de tu elecci\u00f3n \u00bfya sabes qu\u00e9 apuntar en tu pr\u00f3xima lista de la compra?<\/span><\/p>\n<p style=\"text-align: justify\">\n<p style=\"text-align: justify\"><span style=\"color: #000000\"><strong>Fuente:<\/strong> www.okdiario.com<\/span><\/p>\n<p style=\"text-align: justify\"><span style=\"color: #000000\"><strong>\u00a0<\/strong><\/span><\/p>\n<p><strong>\u00a0<\/strong><\/p>\n<p><strong>\u00a0<\/strong><\/p>\n<p><strong>\u00a0<\/strong><\/p>\n<p><strong>\u00a0<\/strong><\/p>\n<p><strong>\u00a0<\/strong><\/p>\n<p><strong>\u00a0<\/strong><\/p>\n<p><strong>\u00a0<\/strong><\/p>\n<p><strong>\u00a0<\/strong><\/p>\n<p><strong>\u00a0<\/strong><\/p>\n<p><strong>\u00a0<\/strong><\/p>\n<p><strong>\u00a0<\/strong><\/p>\n","protected":false},"excerpt":{"rendered":"<p>NotiAm\u00e9rica\u00a0 (Espa\u00f1a) Madrid, Espa\u00f1a La creencia de que el az\u00facar moreno, por no ser sometido a tantos procesos de refinado como el blanco, es m\u00e1s saludable, lleva en nuestra sociedad varios a\u00f1os y ha&#46;&#46;&#46;<\/p>\n","protected":false},"author":107,"featured_media":3538,"comment_status":"open","ping_status":"open","sticky":false,"template":"","format":"standard","meta":{"_acf_changed":false,"om_disable_all_campaigns":false,"rop_custom_images_group":[],"rop_custom_messages_group":[],"rop_publish_now":"initial","rop_publish_now_accounts":[],"rop_publish_now_history":[],"rop_publish_now_status":"pending","_uf_show_specific_survey":0,"_uf_disable_surveys":false,"footnotes":""},"categories":[13],"tags":[],"class_list":["post-3537","post","type-post","status-publish","format-standard","has-post-thumbnail","hentry","category-vida-y-salud"],"acf":[],"aioseo_notices":[],"yoast_head":"<!-- This site is optimized with the Yoast SEO Premium plugin v24.9 (Yoast SEO v27.2) - https:\/\/yoast.com\/product\/yoast-seo-premium-wordpress\/ -->\n<title>\u00bfEs el az\u00facar moreno m\u00e1s saludable que el blanco? - Espa\u00f1a | Noti-America.com<\/title>\n<meta name=\"robots\" content=\"index, follow, max-snippet:-1, max-image-preview:large, max-video-preview:-1\" \/>\n<link rel=\"canonical\" href=\"https:\/\/noti-america.com\/site\/espana\/2020\/11\/03\/es-el-azucar-moreno-mas-saludable-que-el-blanco\/\" \/>\n<meta property=\"og:locale\" content=\"es_ES\" \/>\n<meta property=\"og:type\" content=\"article\" \/>\n<meta property=\"og:title\" content=\"\u00bfEs el az\u00facar moreno m\u00e1s saludable que el blanco?\" \/>\n<meta property=\"og:description\" content=\"NotiAm\u00e9rica\u00a0 (Espa\u00f1a) Madrid, Espa\u00f1a La creencia de que el az\u00facar moreno, por no ser sometido a tantos procesos de refinado como el blanco, es m\u00e1s saludable, lleva en nuestra sociedad varios a\u00f1os y ha&#046;&#046;&#046;\" \/>\n<meta property=\"og:url\" content=\"https:\/\/noti-america.com\/site\/espana\/2020\/11\/03\/es-el-azucar-moreno-mas-saludable-que-el-blanco\/\" \/>\n<meta property=\"og:site_name\" content=\"Espa\u00f1a | Noti-America.com\" \/>\n<meta property=\"article:published_time\" content=\"2020-11-03T23:16:49+00:00\" \/>\n<meta property=\"og:image\" content=\"https:\/\/noti-america.com\/site\/espana\/wp-content\/uploads\/sites\/25\/2020\/11\/azucar-salud-notiamerica-espana.jpg\" \/>\n\t<meta property=\"og:image:width\" content=\"655\" \/>\n\t<meta property=\"og:image:height\" content=\"368\" \/>\n\t<meta property=\"og:image:type\" content=\"image\/jpeg\" \/>\n<meta name=\"author\" content=\"Alybeth Guanipa\" \/>\n<meta name=\"twitter:card\" content=\"summary_large_image\" \/>\n<meta name=\"twitter:creator\" content=\"@notiamerica\" \/>\n<meta name=\"twitter:site\" content=\"@notiamerica\" \/>\n<meta name=\"twitter:label1\" content=\"Escrito por\" \/>\n\t<meta name=\"twitter:data1\" content=\"Alybeth Guanipa\" \/>\n\t<meta name=\"twitter:label2\" content=\"Tiempo estimado de lectura\" \/>\n\t<meta name=\"twitter:data2\" content=\"3 minutos\" \/>\n<script type=\"application\/ld+json\" class=\"yoast-schema-graph\">{\"@context\":\"https:\/\/schema.org\",\"@graph\":[{\"@type\":\"Article\",\"@id\":\"https:\/\/noti-america.com\/site\/espana\/2020\/11\/03\/es-el-azucar-moreno-mas-saludable-que-el-blanco\/#article\",\"isPartOf\":{\"@id\":\"https:\/\/noti-america.com\/site\/espana\/2020\/11\/03\/es-el-azucar-moreno-mas-saludable-que-el-blanco\/\"},\"author\":{\"name\":\"Alybeth Guanipa\",\"@id\":\"https:\/\/noti-america.com\/site\/espana\/#\/schema\/person\/b34f409082a7c50aa3ed32a7fe9fec12\"},\"headline\":\"\u00bfEs el az\u00facar moreno m\u00e1s saludable que el blanco?\",\"datePublished\":\"2020-11-03T23:16:49+00:00\",\"mainEntityOfPage\":{\"@id\":\"https:\/\/noti-america.com\/site\/espana\/2020\/11\/03\/es-el-azucar-moreno-mas-saludable-que-el-blanco\/\"},\"wordCount\":557,\"commentCount\":0,\"publisher\":{\"@id\":\"https:\/\/noti-america.com\/site\/espana\/#organization\"},\"image\":{\"@id\":\"https:\/\/noti-america.com\/site\/espana\/2020\/11\/03\/es-el-azucar-moreno-mas-saludable-que-el-blanco\/#primaryimage\"},\"thumbnailUrl\":\"https:\/\/noti-america.com\/site\/espana\/wp-content\/uploads\/sites\/25\/2020\/11\/azucar-salud-notiamerica-espana.jpg\",\"articleSection\":[\"Vida y Salud\"],\"inLanguage\":\"es\",\"potentialAction\":[{\"@type\":\"CommentAction\",\"name\":\"Comment\",\"target\":[\"https:\/\/noti-america.com\/site\/espana\/2020\/11\/03\/es-el-azucar-moreno-mas-saludable-que-el-blanco\/#respond\"]}]},{\"@type\":\"WebPage\",\"@id\":\"https:\/\/noti-america.com\/site\/espana\/2020\/11\/03\/es-el-azucar-moreno-mas-saludable-que-el-blanco\/\",\"url\":\"https:\/\/noti-america.com\/site\/espana\/2020\/11\/03\/es-el-azucar-moreno-mas-saludable-que-el-blanco\/\",\"name\":\"\u00bfEs el az\u00facar moreno m\u00e1s saludable que el blanco? - Espa\u00f1a | Noti-America.com\",\"isPartOf\":{\"@id\":\"https:\/\/noti-america.com\/site\/espana\/#website\"},\"primaryImageOfPage\":{\"@id\":\"https:\/\/noti-america.com\/site\/espana\/2020\/11\/03\/es-el-azucar-moreno-mas-saludable-que-el-blanco\/#primaryimage\"},\"image\":{\"@id\":\"https:\/\/noti-america.com\/site\/espana\/2020\/11\/03\/es-el-azucar-moreno-mas-saludable-que-el-blanco\/#primaryimage\"},\"thumbnailUrl\":\"https:\/\/noti-america.com\/site\/espana\/wp-content\/uploads\/sites\/25\/2020\/11\/azucar-salud-notiamerica-espana.jpg\",\"datePublished\":\"2020-11-03T23:16:49+00:00\",\"breadcrumb\":{\"@id\":\"https:\/\/noti-america.com\/site\/espana\/2020\/11\/03\/es-el-azucar-moreno-mas-saludable-que-el-blanco\/#breadcrumb\"},\"inLanguage\":\"es\",\"potentialAction\":[{\"@type\":\"ReadAction\",\"target\":[\"https:\/\/noti-america.com\/site\/espana\/2020\/11\/03\/es-el-azucar-moreno-mas-saludable-que-el-blanco\/\"]}]},{\"@type\":\"ImageObject\",\"inLanguage\":\"es\",\"@id\":\"https:\/\/noti-america.com\/site\/espana\/2020\/11\/03\/es-el-azucar-moreno-mas-saludable-que-el-blanco\/#primaryimage\",\"url\":\"https:\/\/noti-america.com\/site\/espana\/wp-content\/uploads\/sites\/25\/2020\/11\/azucar-salud-notiamerica-espana.jpg\",\"contentUrl\":\"https:\/\/noti-america.com\/site\/espana\/wp-content\/uploads\/sites\/25\/2020\/11\/azucar-salud-notiamerica-espana.jpg\",\"width\":655,\"height\":368},{\"@type\":\"BreadcrumbList\",\"@id\":\"https:\/\/noti-america.com\/site\/espana\/2020\/11\/03\/es-el-azucar-moreno-mas-saludable-que-el-blanco\/#breadcrumb\",\"itemListElement\":[{\"@type\":\"ListItem\",\"position\":1,\"name\":\"Portada\",\"item\":\"https:\/\/noti-america.com\/site\/espana\/\"},{\"@type\":\"ListItem\",\"position\":2,\"name\":\"\u00bfEs el az\u00facar moreno m\u00e1s saludable que el blanco?\"}]},{\"@type\":\"WebSite\",\"@id\":\"https:\/\/noti-america.com\/site\/espana\/#website\",\"url\":\"https:\/\/noti-america.com\/site\/espana\/\",\"name\":\"Espa\u00f1a | Noti-America.com\",\"description\":\"\",\"publisher\":{\"@id\":\"https:\/\/noti-america.com\/site\/espana\/#organization\"},\"potentialAction\":[{\"@type\":\"SearchAction\",\"target\":{\"@type\":\"EntryPoint\",\"urlTemplate\":\"https:\/\/noti-america.com\/site\/espana\/?s={search_term_string}\"},\"query-input\":{\"@type\":\"PropertyValueSpecification\",\"valueRequired\":true,\"valueName\":\"search_term_string\"}}],\"inLanguage\":\"es\"},{\"@type\":\"Organization\",\"@id\":\"https:\/\/noti-america.com\/site\/espana\/#organization\",\"name\":\"Noti-America LLC | Espa\u00f1a\",\"url\":\"https:\/\/noti-america.com\/site\/espana\/\",\"logo\":{\"@type\":\"ImageObject\",\"inLanguage\":\"es\",\"@id\":\"https:\/\/noti-america.com\/site\/espana\/#\/schema\/logo\/image\/\",\"url\":\"https:\/\/noti-america.com\/site\/espana\/wp-content\/uploads\/sites\/25\/2020\/07\/LogoNA-4x3-1.jpg\",\"contentUrl\":\"https:\/\/noti-america.com\/site\/espana\/wp-content\/uploads\/sites\/25\/2020\/07\/LogoNA-4x3-1.jpg\",\"width\":1236,\"height\":1080,\"caption\":\"Noti-America LLC | Espa\u00f1a\"},\"image\":{\"@id\":\"https:\/\/noti-america.com\/site\/espana\/#\/schema\/logo\/image\/\"},\"sameAs\":[\"https:\/\/x.com\/notiamerica\"]},{\"@type\":\"Person\",\"@id\":\"https:\/\/noti-america.com\/site\/espana\/#\/schema\/person\/b34f409082a7c50aa3ed32a7fe9fec12\",\"name\":\"Alybeth Guanipa\",\"image\":{\"@type\":\"ImageObject\",\"inLanguage\":\"es\",\"@id\":\"https:\/\/secure.gravatar.com\/avatar\/7f22432a00afe9cfa19db41bf9ba3c84e169fb148e54455af8df97c9017a43e1?s=96&d=mm&r=g\",\"url\":\"https:\/\/secure.gravatar.com\/avatar\/7f22432a00afe9cfa19db41bf9ba3c84e169fb148e54455af8df97c9017a43e1?s=96&d=mm&r=g\",\"contentUrl\":\"https:\/\/secure.gravatar.com\/avatar\/7f22432a00afe9cfa19db41bf9ba3c84e169fb148e54455af8df97c9017a43e1?s=96&d=mm&r=g\",\"caption\":\"Alybeth Guanipa\"},\"url\":\"https:\/\/noti-america.com\/site\/espana\/author\/aguanipa\/\"}]}<\/script>\n<!-- \/ Yoast SEO Premium plugin. -->","yoast_head_json":{"title":"\u00bfEs el az\u00facar moreno m\u00e1s saludable que el blanco? - Espa\u00f1a | Noti-America.com","robots":{"index":"index","follow":"follow","max-snippet":"max-snippet:-1","max-image-preview":"max-image-preview:large","max-video-preview":"max-video-preview:-1"},"canonical":"https:\/\/noti-america.com\/site\/espana\/2020\/11\/03\/es-el-azucar-moreno-mas-saludable-que-el-blanco\/","og_locale":"es_ES","og_type":"article","og_title":"\u00bfEs el az\u00facar moreno m\u00e1s saludable que el blanco?","og_description":"NotiAm\u00e9rica\u00a0 (Espa\u00f1a) Madrid, Espa\u00f1a La creencia de que el az\u00facar moreno, por no ser sometido a tantos procesos de refinado como el blanco, es m\u00e1s saludable, lleva en nuestra sociedad varios a\u00f1os y ha&#46;&#46;&#46;","og_url":"https:\/\/noti-america.com\/site\/espana\/2020\/11\/03\/es-el-azucar-moreno-mas-saludable-que-el-blanco\/","og_site_name":"Espa\u00f1a | Noti-America.com","article_published_time":"2020-11-03T23:16:49+00:00","og_image":[{"width":655,"height":368,"url":"https:\/\/noti-america.com\/site\/espana\/wp-content\/uploads\/sites\/25\/2020\/11\/azucar-salud-notiamerica-espana.jpg","type":"image\/jpeg"}],"author":"Alybeth Guanipa","twitter_card":"summary_large_image","twitter_creator":"@notiamerica","twitter_site":"@notiamerica","twitter_misc":{"Escrito por":"Alybeth Guanipa","Tiempo estimado de lectura":"3 minutos"},"schema":{"@context":"https:\/\/schema.org","@graph":[{"@type":"Article","@id":"https:\/\/noti-america.com\/site\/espana\/2020\/11\/03\/es-el-azucar-moreno-mas-saludable-que-el-blanco\/#article","isPartOf":{"@id":"https:\/\/noti-america.com\/site\/espana\/2020\/11\/03\/es-el-azucar-moreno-mas-saludable-que-el-blanco\/"},"author":{"name":"Alybeth Guanipa","@id":"https:\/\/noti-america.com\/site\/espana\/#\/schema\/person\/b34f409082a7c50aa3ed32a7fe9fec12"},"headline":"\u00bfEs el az\u00facar moreno m\u00e1s saludable que el blanco?","datePublished":"2020-11-03T23:16:49+00:00","mainEntityOfPage":{"@id":"https:\/\/noti-america.com\/site\/espana\/2020\/11\/03\/es-el-azucar-moreno-mas-saludable-que-el-blanco\/"},"wordCount":557,"commentCount":0,"publisher":{"@id":"https:\/\/noti-america.com\/site\/espana\/#organization"},"image":{"@id":"https:\/\/noti-america.com\/site\/espana\/2020\/11\/03\/es-el-azucar-moreno-mas-saludable-que-el-blanco\/#primaryimage"},"thumbnailUrl":"https:\/\/noti-america.com\/site\/espana\/wp-content\/uploads\/sites\/25\/2020\/11\/azucar-salud-notiamerica-espana.jpg","articleSection":["Vida y Salud"],"inLanguage":"es","potentialAction":[{"@type":"CommentAction","name":"Comment","target":["https:\/\/noti-america.com\/site\/espana\/2020\/11\/03\/es-el-azucar-moreno-mas-saludable-que-el-blanco\/#respond"]}]},{"@type":"WebPage","@id":"https:\/\/noti-america.com\/site\/espana\/2020\/11\/03\/es-el-azucar-moreno-mas-saludable-que-el-blanco\/","url":"https:\/\/noti-america.com\/site\/espana\/2020\/11\/03\/es-el-azucar-moreno-mas-saludable-que-el-blanco\/","name":"\u00bfEs el az\u00facar moreno m\u00e1s saludable que el blanco? - Espa\u00f1a | Noti-America.com","isPartOf":{"@id":"https:\/\/noti-america.com\/site\/espana\/#website"},"primaryImageOfPage":{"@id":"https:\/\/noti-america.com\/site\/espana\/2020\/11\/03\/es-el-azucar-moreno-mas-saludable-que-el-blanco\/#primaryimage"},"image":{"@id":"https:\/\/noti-america.com\/site\/espana\/2020\/11\/03\/es-el-azucar-moreno-mas-saludable-que-el-blanco\/#primaryimage"},"thumbnailUrl":"https:\/\/noti-america.com\/site\/espana\/wp-content\/uploads\/sites\/25\/2020\/11\/azucar-salud-notiamerica-espana.jpg","datePublished":"2020-11-03T23:16:49+00:00","breadcrumb":{"@id":"https:\/\/noti-america.com\/site\/espana\/2020\/11\/03\/es-el-azucar-moreno-mas-saludable-que-el-blanco\/#breadcrumb"},"inLanguage":"es","potentialAction":[{"@type":"ReadAction","target":["https:\/\/noti-america.com\/site\/espana\/2020\/11\/03\/es-el-azucar-moreno-mas-saludable-que-el-blanco\/"]}]},{"@type":"ImageObject","inLanguage":"es","@id":"https:\/\/noti-america.com\/site\/espana\/2020\/11\/03\/es-el-azucar-moreno-mas-saludable-que-el-blanco\/#primaryimage","url":"https:\/\/noti-america.com\/site\/espana\/wp-content\/uploads\/sites\/25\/2020\/11\/azucar-salud-notiamerica-espana.jpg","contentUrl":"https:\/\/noti-america.com\/site\/espana\/wp-content\/uploads\/sites\/25\/2020\/11\/azucar-salud-notiamerica-espana.jpg","width":655,"height":368},{"@type":"BreadcrumbList","@id":"https:\/\/noti-america.com\/site\/espana\/2020\/11\/03\/es-el-azucar-moreno-mas-saludable-que-el-blanco\/#breadcrumb","itemListElement":[{"@type":"ListItem","position":1,"name":"Portada","item":"https:\/\/noti-america.com\/site\/espana\/"},{"@type":"ListItem","position":2,"name":"\u00bfEs el az\u00facar moreno m\u00e1s saludable que el blanco?"}]},{"@type":"WebSite","@id":"https:\/\/noti-america.com\/site\/espana\/#website","url":"https:\/\/noti-america.com\/site\/espana\/","name":"Espa\u00f1a | Noti-America.com","description":"","publisher":{"@id":"https:\/\/noti-america.com\/site\/espana\/#organization"},"potentialAction":[{"@type":"SearchAction","target":{"@type":"EntryPoint","urlTemplate":"https:\/\/noti-america.com\/site\/espana\/?s={search_term_string}"},"query-input":{"@type":"PropertyValueSpecification","valueRequired":true,"valueName":"search_term_string"}}],"inLanguage":"es"},{"@type":"Organization","@id":"https:\/\/noti-america.com\/site\/espana\/#organization","name":"Noti-America LLC | Espa\u00f1a","url":"https:\/\/noti-america.com\/site\/espana\/","logo":{"@type":"ImageObject","inLanguage":"es","@id":"https:\/\/noti-america.com\/site\/espana\/#\/schema\/logo\/image\/","url":"https:\/\/noti-america.com\/site\/espana\/wp-content\/uploads\/sites\/25\/2020\/07\/LogoNA-4x3-1.jpg","contentUrl":"https:\/\/noti-america.com\/site\/espana\/wp-content\/uploads\/sites\/25\/2020\/07\/LogoNA-4x3-1.jpg","width":1236,"height":1080,"caption":"Noti-America LLC | Espa\u00f1a"},"image":{"@id":"https:\/\/noti-america.com\/site\/espana\/#\/schema\/logo\/image\/"},"sameAs":["https:\/\/x.com\/notiamerica"]},{"@type":"Person","@id":"https:\/\/noti-america.com\/site\/espana\/#\/schema\/person\/b34f409082a7c50aa3ed32a7fe9fec12","name":"Alybeth Guanipa","image":{"@type":"ImageObject","inLanguage":"es","@id":"https:\/\/secure.gravatar.com\/avatar\/7f22432a00afe9cfa19db41bf9ba3c84e169fb148e54455af8df97c9017a43e1?s=96&d=mm&r=g","url":"https:\/\/secure.gravatar.com\/avatar\/7f22432a00afe9cfa19db41bf9ba3c84e169fb148e54455af8df97c9017a43e1?s=96&d=mm&r=g","contentUrl":"https:\/\/secure.gravatar.com\/avatar\/7f22432a00afe9cfa19db41bf9ba3c84e169fb148e54455af8df97c9017a43e1?s=96&d=mm&r=g","caption":"Alybeth Guanipa"},"url":"https:\/\/noti-america.com\/site\/espana\/author\/aguanipa\/"}]}},"_links":{"self":[{"href":"https:\/\/noti-america.com\/site\/espana\/wp-json\/wp\/v2\/posts\/3537","targetHints":{"allow":["GET"]}}],"collection":[{"href":"https:\/\/noti-america.com\/site\/espana\/wp-json\/wp\/v2\/posts"}],"about":[{"href":"https:\/\/noti-america.com\/site\/espana\/wp-json\/wp\/v2\/types\/post"}],"author":[{"embeddable":true,"href":"https:\/\/noti-america.com\/site\/espana\/wp-json\/wp\/v2\/users\/107"}],"replies":[{"embeddable":true,"href":"https:\/\/noti-america.com\/site\/espana\/wp-json\/wp\/v2\/comments?post=3537"}],"version-history":[{"count":1,"href":"https:\/\/noti-america.com\/site\/espana\/wp-json\/wp\/v2\/posts\/3537\/revisions"}],"predecessor-version":[{"id":3539,"href":"https:\/\/noti-america.com\/site\/espana\/wp-json\/wp\/v2\/posts\/3537\/revisions\/3539"}],"wp:featuredmedia":[{"embeddable":true,"href":"https:\/\/noti-america.com\/site\/espana\/wp-json\/wp\/v2\/media\/3538"}],"wp:attachment":[{"href":"https:\/\/noti-america.com\/site\/espana\/wp-json\/wp\/v2\/media?parent=3537"}],"wp:term":[{"taxonomy":"category","embeddable":true,"href":"https:\/\/noti-america.com\/site\/espana\/wp-json\/wp\/v2\/categories?post=3537"},{"taxonomy":"post_tag","embeddable":true,"href":"https:\/\/noti-america.com\/site\/espana\/wp-json\/wp\/v2\/tags?post=3537"}],"curies":[{"name":"wp","href":"https:\/\/api.w.org\/{rel}","templated":true}]}}