{"id":3409,"date":"2020-10-15T14:25:01","date_gmt":"2020-10-15T14:25:01","guid":{"rendered":"https:\/\/noti-america.com\/site\/espana\/?p=3409"},"modified":"2020-10-15T14:32:47","modified_gmt":"2020-10-15T14:32:47","slug":"dra-marjori-echenique-pacientes-obesos-tienen-mayor-riesgo-de-complicaciones-por-la-covid-19","status":"publish","type":"post","link":"https:\/\/noti-america.com\/site\/espana\/2020\/10\/15\/dra-marjori-echenique-pacientes-obesos-tienen-mayor-riesgo-de-complicaciones-por-la-covid-19\/","title":{"rendered":"Dra. Marjori Echenique: \u00abpacientes obesos tienen mayor riesgo de complicaciones por la COVID-19\u00bb."},"content":{"rendered":"<p><strong>Noti-Am\u00e9rica (Espa\u00f1a)<\/strong><\/p>\n<p>&nbsp;<\/p>\n<p><strong>Madrid,Espa\u00f1a.<\/strong><\/p>\n<p style=\"text-align: justify\">La doctora Marjori Echenique, quien se desempe\u00f1a desde hace m\u00e1s de 8 a\u00f1os como Cirujano Bari\u00e1trico en la ciudad de Maracay, explica que son las personas obesas quienes suelen presentar mayores problemas respiratorios al contagiarse por COVID-19.<\/p>\n<p style=\"text-align: justify\">\u201cLa obesidad es un estado de inflamaci\u00f3n cr\u00f3nica que est\u00e1 muy asociado a la inmunosupresi\u00f3n por lo que podr\u00eda condicionar a la persona a tener una muy d\u00e9bil respuesta al virus. De hecho, seg\u00fan los reportes durante la pandemia, los obesos generalmente son quienes m\u00e1s requieren de ventilaci\u00f3n respiratoria y son quienes en su mayor\u00eda terminan en cuidados intensivos\u201d.<\/p>\n<p style=\"text-align: justify\">El exceso de peso, sostiene la doctora, implica otras consecuencias, como el desarrollo de enfermedades como la hipertensi\u00f3n, la diabetes, alteraciones digestivas, lesiones articulares, al menos 9 tipos de c\u00e1ncer, por lo que limita la calidad de vida de las personas.<\/p>\n<p style=\"text-align: justify\">Seg\u00fan Echenique, las personas obesas tienen peor respuesta a la infecci\u00f3n por coronavirus. \u00abEn muchas ocasiones tienen disminuida su capacidad respiratoria y el tejido adiposo puede servir como un reservorio de virus con mayor dificultad para eliminarlos. La obesidad propicia un estado inflamatorio que altera la inmunidad, lo que hace que la respuesta a la enfermedad sea mucho peor. Se estima que entre el 50-70% de los pacientes ingresados por coronavirus tienen obesidad\u00bb.<\/p>\n<p>Sobre las cirug\u00edas bari\u00e1tricas en pandemia<\/p>\n<p style=\"text-align: justify\">Mucho se ha hablado sobre si es seguro o no realizarse una cirug\u00eda bari\u00e1trica en medio de la pandemia de covid-19, recientemente la Sociedad Americana de Cirug\u00eda Bari\u00e1trica (ASMBS) y Metab\u00f3lica y, el Director del Instituto de Obesidad, Metabolismo y Nutrici\u00f3n del Hospital general de Massachusetts Boston Lee M. Kaplan, se pronunciaron al respecto, ambos, sostienen que este tipo de procedimientos no son electivos por el riesgo que tiene el paciente al ser obeso.<\/p>\n<p style=\"text-align: justify\">La obesidad es una enfermedad y la cirug\u00eda bari\u00e1trica representa en la actualidad la alternativa quir\u00fargica m\u00e1s segura y eficaz para que las personas obesas puedan recuperar su salud y mejorar su calidad de vida.<\/p>\n<p style=\"text-align: justify\">Como recomendaci\u00f3n, la doctora Echenique sostiene que es importante \u00abcambiar nuestra alimentaci\u00f3n y hacerlo de manera saludable. Eligiendo las opciones m\u00e1s sanas y evitando los alimentos ultraprocesados\u00bb.<\/p>\n<p>Ubicaci\u00f3n<\/p>\n<p>Centro M\u00e9dico Maracay, piso 3, consultorio 2. Maracay, estado Aragua.<\/p>\n<p>Redes sociales<\/p>\n<p>Instagram, Facebook y Twitter: @bariatricaaldia<\/p>\n<p>Link:<\/p>\n<p>Instagram :\u00a0<a href=\"https:\/\/www.instagram.com\/bariatricaaldia\/\">https:\/\/www.instagram.com\/bariatricaaldia\/<\/a><\/p>\n<p>Facebook:\u00a0<a href=\"https:\/\/www.facebook.com\/bariatricaaldia\">https:\/\/www.facebook.com\/bariatricaaldia<\/a><\/p>\n<p>Twitter:\u00a0<a href=\"https:\/\/twitter.com\/bariatricaaldia\">https:\/\/twitter.com\/bariatricaaldia<\/a><\/p>\n","protected":false},"excerpt":{"rendered":"<p>Noti-Am\u00e9rica (Espa\u00f1a) &nbsp; Madrid,Espa\u00f1a. La doctora Marjori Echenique, quien se desempe\u00f1a desde hace m\u00e1s de 8 a\u00f1os como Cirujano Bari\u00e1trico en la ciudad de Maracay, explica que son las personas obesas quienes suelen presentar&#46;&#46;&#46;<\/p>\n","protected":false},"author":87,"featured_media":3401,"comment_status":"open","ping_status":"open","sticky":false,"template":"","format":"image","meta":{"_acf_changed":false,"om_disable_all_campaigns":false,"rop_custom_images_group":[],"rop_custom_messages_group":[],"rop_publish_now":"initial","rop_publish_now_accounts":[],"rop_publish_now_history":[],"rop_publish_now_status":"pending","_uf_show_specific_survey":0,"_uf_disable_surveys":false,"footnotes":""},"categories":[131,13],"tags":[],"class_list":["post-3409","post","type-post","status-publish","format-image","has-post-thumbnail","hentry","category-venezuela","category-vida-y-salud","post_format-post-format-image"],"acf":[],"aioseo_notices":[],"yoast_head":"<!-- This site is optimized with the Yoast SEO Premium plugin v24.9 (Yoast SEO v27.2) - https:\/\/yoast.com\/product\/yoast-seo-premium-wordpress\/ -->\n<title>Dra. Marjori Echenique: &quot;pacientes obesos tienen mayor riesgo de complicaciones por la COVID-19&quot;. - Espa\u00f1a | Noti-America.com<\/title>\n<meta name=\"robots\" content=\"index, follow, max-snippet:-1, max-image-preview:large, max-video-preview:-1\" \/>\n<link rel=\"canonical\" href=\"https:\/\/noti-america.com\/site\/espana\/2020\/10\/15\/dra-marjori-echenique-pacientes-obesos-tienen-mayor-riesgo-de-complicaciones-por-la-covid-19\/\" \/>\n<meta property=\"og:locale\" content=\"es_ES\" \/>\n<meta property=\"og:type\" content=\"article\" \/>\n<meta property=\"og:title\" content=\"Dra. Marjori Echenique: &quot;pacientes obesos tienen mayor riesgo de complicaciones por la COVID-19&quot;.\" \/>\n<meta property=\"og:description\" content=\"Noti-Am\u00e9rica (Espa\u00f1a) &nbsp; Madrid,Espa\u00f1a. La doctora Marjori Echenique, quien se desempe\u00f1a desde hace m\u00e1s de 8 a\u00f1os como Cirujano Bari\u00e1trico en la ciudad de Maracay, explica que son las personas obesas quienes suelen presentar&#046;&#046;&#046;\" \/>\n<meta property=\"og:url\" content=\"https:\/\/noti-america.com\/site\/espana\/2020\/10\/15\/dra-marjori-echenique-pacientes-obesos-tienen-mayor-riesgo-de-complicaciones-por-la-covid-19\/\" \/>\n<meta property=\"og:site_name\" content=\"Espa\u00f1a | Noti-America.com\" \/>\n<meta property=\"article:published_time\" content=\"2020-10-15T14:25:01+00:00\" \/>\n<meta property=\"article:modified_time\" content=\"2020-10-15T14:32:47+00:00\" \/>\n<meta property=\"og:image\" content=\"https:\/\/noti-america.com\/site\/espana\/wp-content\/uploads\/sites\/25\/2020\/10\/Dra-marjori-foto-2.jpg\" \/>\n\t<meta property=\"og:image:width\" content=\"1130\" \/>\n\t<meta property=\"og:image:height\" content=\"786\" \/>\n\t<meta property=\"og:image:type\" content=\"image\/jpeg\" \/>\n<meta name=\"author\" content=\"CAMH\" \/>\n<meta name=\"twitter:card\" content=\"summary_large_image\" \/>\n<meta name=\"twitter:creator\" content=\"@notiamerica\" \/>\n<meta name=\"twitter:site\" content=\"@notiamerica\" \/>\n<meta name=\"twitter:label1\" content=\"Escrito por\" \/>\n\t<meta name=\"twitter:data1\" content=\"CAMH\" \/>\n\t<meta name=\"twitter:label2\" content=\"Tiempo estimado de lectura\" \/>\n\t<meta name=\"twitter:data2\" content=\"2 minutos\" \/>\n<script type=\"application\/ld+json\" class=\"yoast-schema-graph\">{\"@context\":\"https:\/\/schema.org\",\"@graph\":[{\"@type\":\"Article\",\"@id\":\"https:\/\/noti-america.com\/site\/espana\/2020\/10\/15\/dra-marjori-echenique-pacientes-obesos-tienen-mayor-riesgo-de-complicaciones-por-la-covid-19\/#article\",\"isPartOf\":{\"@id\":\"https:\/\/noti-america.com\/site\/espana\/2020\/10\/15\/dra-marjori-echenique-pacientes-obesos-tienen-mayor-riesgo-de-complicaciones-por-la-covid-19\/\"},\"author\":{\"name\":\"CAMH\",\"@id\":\"https:\/\/noti-america.com\/site\/espana\/#\/schema\/person\/e13880b4308eea6926b271284605ef72\"},\"headline\":\"Dra. Marjori Echenique: \u00abpacientes obesos tienen mayor riesgo de complicaciones por la COVID-19\u00bb.\",\"datePublished\":\"2020-10-15T14:25:01+00:00\",\"dateModified\":\"2020-10-15T14:32:47+00:00\",\"mainEntityOfPage\":{\"@id\":\"https:\/\/noti-america.com\/site\/espana\/2020\/10\/15\/dra-marjori-echenique-pacientes-obesos-tienen-mayor-riesgo-de-complicaciones-por-la-covid-19\/\"},\"wordCount\":439,\"commentCount\":0,\"publisher\":{\"@id\":\"https:\/\/noti-america.com\/site\/espana\/#organization\"},\"image\":{\"@id\":\"https:\/\/noti-america.com\/site\/espana\/2020\/10\/15\/dra-marjori-echenique-pacientes-obesos-tienen-mayor-riesgo-de-complicaciones-por-la-covid-19\/#primaryimage\"},\"thumbnailUrl\":\"https:\/\/noti-america.com\/site\/espana\/wp-content\/uploads\/sites\/25\/2020\/10\/Dra-marjori-foto-2.jpg\",\"articleSection\":[\"Venezuela\",\"Vida y Salud\"],\"inLanguage\":\"es\",\"potentialAction\":[{\"@type\":\"CommentAction\",\"name\":\"Comment\",\"target\":[\"https:\/\/noti-america.com\/site\/espana\/2020\/10\/15\/dra-marjori-echenique-pacientes-obesos-tienen-mayor-riesgo-de-complicaciones-por-la-covid-19\/#respond\"]}]},{\"@type\":\"WebPage\",\"@id\":\"https:\/\/noti-america.com\/site\/espana\/2020\/10\/15\/dra-marjori-echenique-pacientes-obesos-tienen-mayor-riesgo-de-complicaciones-por-la-covid-19\/\",\"url\":\"https:\/\/noti-america.com\/site\/espana\/2020\/10\/15\/dra-marjori-echenique-pacientes-obesos-tienen-mayor-riesgo-de-complicaciones-por-la-covid-19\/\",\"name\":\"Dra. Marjori Echenique: \\\"pacientes obesos tienen mayor riesgo de complicaciones por la COVID-19\\\". - Espa\u00f1a | Noti-America.com\",\"isPartOf\":{\"@id\":\"https:\/\/noti-america.com\/site\/espana\/#website\"},\"primaryImageOfPage\":{\"@id\":\"https:\/\/noti-america.com\/site\/espana\/2020\/10\/15\/dra-marjori-echenique-pacientes-obesos-tienen-mayor-riesgo-de-complicaciones-por-la-covid-19\/#primaryimage\"},\"image\":{\"@id\":\"https:\/\/noti-america.com\/site\/espana\/2020\/10\/15\/dra-marjori-echenique-pacientes-obesos-tienen-mayor-riesgo-de-complicaciones-por-la-covid-19\/#primaryimage\"},\"thumbnailUrl\":\"https:\/\/noti-america.com\/site\/espana\/wp-content\/uploads\/sites\/25\/2020\/10\/Dra-marjori-foto-2.jpg\",\"datePublished\":\"2020-10-15T14:25:01+00:00\",\"dateModified\":\"2020-10-15T14:32:47+00:00\",\"breadcrumb\":{\"@id\":\"https:\/\/noti-america.com\/site\/espana\/2020\/10\/15\/dra-marjori-echenique-pacientes-obesos-tienen-mayor-riesgo-de-complicaciones-por-la-covid-19\/#breadcrumb\"},\"inLanguage\":\"es\",\"potentialAction\":[{\"@type\":\"ReadAction\",\"target\":[\"https:\/\/noti-america.com\/site\/espana\/2020\/10\/15\/dra-marjori-echenique-pacientes-obesos-tienen-mayor-riesgo-de-complicaciones-por-la-covid-19\/\"]}]},{\"@type\":\"ImageObject\",\"inLanguage\":\"es\",\"@id\":\"https:\/\/noti-america.com\/site\/espana\/2020\/10\/15\/dra-marjori-echenique-pacientes-obesos-tienen-mayor-riesgo-de-complicaciones-por-la-covid-19\/#primaryimage\",\"url\":\"https:\/\/noti-america.com\/site\/espana\/wp-content\/uploads\/sites\/25\/2020\/10\/Dra-marjori-foto-2.jpg\",\"contentUrl\":\"https:\/\/noti-america.com\/site\/espana\/wp-content\/uploads\/sites\/25\/2020\/10\/Dra-marjori-foto-2.jpg\",\"width\":1130,\"height\":786},{\"@type\":\"BreadcrumbList\",\"@id\":\"https:\/\/noti-america.com\/site\/espana\/2020\/10\/15\/dra-marjori-echenique-pacientes-obesos-tienen-mayor-riesgo-de-complicaciones-por-la-covid-19\/#breadcrumb\",\"itemListElement\":[{\"@type\":\"ListItem\",\"position\":1,\"name\":\"Portada\",\"item\":\"https:\/\/noti-america.com\/site\/espana\/\"},{\"@type\":\"ListItem\",\"position\":2,\"name\":\"Dra. Marjori Echenique: \u00abpacientes obesos tienen mayor riesgo de complicaciones por la COVID-19\u00bb.\"}]},{\"@type\":\"WebSite\",\"@id\":\"https:\/\/noti-america.com\/site\/espana\/#website\",\"url\":\"https:\/\/noti-america.com\/site\/espana\/\",\"name\":\"Espa\u00f1a | Noti-America.com\",\"description\":\"\",\"publisher\":{\"@id\":\"https:\/\/noti-america.com\/site\/espana\/#organization\"},\"potentialAction\":[{\"@type\":\"SearchAction\",\"target\":{\"@type\":\"EntryPoint\",\"urlTemplate\":\"https:\/\/noti-america.com\/site\/espana\/?s={search_term_string}\"},\"query-input\":{\"@type\":\"PropertyValueSpecification\",\"valueRequired\":true,\"valueName\":\"search_term_string\"}}],\"inLanguage\":\"es\"},{\"@type\":\"Organization\",\"@id\":\"https:\/\/noti-america.com\/site\/espana\/#organization\",\"name\":\"Noti-America LLC | Espa\u00f1a\",\"url\":\"https:\/\/noti-america.com\/site\/espana\/\",\"logo\":{\"@type\":\"ImageObject\",\"inLanguage\":\"es\",\"@id\":\"https:\/\/noti-america.com\/site\/espana\/#\/schema\/logo\/image\/\",\"url\":\"https:\/\/noti-america.com\/site\/espana\/wp-content\/uploads\/sites\/25\/2020\/07\/LogoNA-4x3-1.jpg\",\"contentUrl\":\"https:\/\/noti-america.com\/site\/espana\/wp-content\/uploads\/sites\/25\/2020\/07\/LogoNA-4x3-1.jpg\",\"width\":1236,\"height\":1080,\"caption\":\"Noti-America LLC | Espa\u00f1a\"},\"image\":{\"@id\":\"https:\/\/noti-america.com\/site\/espana\/#\/schema\/logo\/image\/\"},\"sameAs\":[\"https:\/\/x.com\/notiamerica\"]},{\"@type\":\"Person\",\"@id\":\"https:\/\/noti-america.com\/site\/espana\/#\/schema\/person\/e13880b4308eea6926b271284605ef72\",\"name\":\"CAMH\",\"image\":{\"@type\":\"ImageObject\",\"inLanguage\":\"es\",\"@id\":\"https:\/\/secure.gravatar.com\/avatar\/82aa99c723cbed2b304797bc218a5542b5a94d7f5d0ba3b39650aef53c28ecf5?s=96&d=mm&r=g\",\"url\":\"https:\/\/secure.gravatar.com\/avatar\/82aa99c723cbed2b304797bc218a5542b5a94d7f5d0ba3b39650aef53c28ecf5?s=96&d=mm&r=g\",\"contentUrl\":\"https:\/\/secure.gravatar.com\/avatar\/82aa99c723cbed2b304797bc218a5542b5a94d7f5d0ba3b39650aef53c28ecf5?s=96&d=mm&r=g\",\"caption\":\"CAMH\"},\"url\":\"https:\/\/noti-america.com\/site\/espana\/author\/cmitchell\/\"}]}<\/script>\n<!-- \/ Yoast SEO Premium plugin. -->","yoast_head_json":{"title":"Dra. Marjori Echenique: \"pacientes obesos tienen mayor riesgo de complicaciones por la COVID-19\". - Espa\u00f1a | Noti-America.com","robots":{"index":"index","follow":"follow","max-snippet":"max-snippet:-1","max-image-preview":"max-image-preview:large","max-video-preview":"max-video-preview:-1"},"canonical":"https:\/\/noti-america.com\/site\/espana\/2020\/10\/15\/dra-marjori-echenique-pacientes-obesos-tienen-mayor-riesgo-de-complicaciones-por-la-covid-19\/","og_locale":"es_ES","og_type":"article","og_title":"Dra. Marjori Echenique: \"pacientes obesos tienen mayor riesgo de complicaciones por la COVID-19\".","og_description":"Noti-Am\u00e9rica (Espa\u00f1a) &nbsp; Madrid,Espa\u00f1a. La doctora Marjori Echenique, quien se desempe\u00f1a desde hace m\u00e1s de 8 a\u00f1os como Cirujano Bari\u00e1trico en la ciudad de Maracay, explica que son las personas obesas quienes suelen presentar&#46;&#46;&#46;","og_url":"https:\/\/noti-america.com\/site\/espana\/2020\/10\/15\/dra-marjori-echenique-pacientes-obesos-tienen-mayor-riesgo-de-complicaciones-por-la-covid-19\/","og_site_name":"Espa\u00f1a | Noti-America.com","article_published_time":"2020-10-15T14:25:01+00:00","article_modified_time":"2020-10-15T14:32:47+00:00","og_image":[{"width":1130,"height":786,"url":"https:\/\/noti-america.com\/site\/espana\/wp-content\/uploads\/sites\/25\/2020\/10\/Dra-marjori-foto-2.jpg","type":"image\/jpeg"}],"author":"CAMH","twitter_card":"summary_large_image","twitter_creator":"@notiamerica","twitter_site":"@notiamerica","twitter_misc":{"Escrito por":"CAMH","Tiempo estimado de lectura":"2 minutos"},"schema":{"@context":"https:\/\/schema.org","@graph":[{"@type":"Article","@id":"https:\/\/noti-america.com\/site\/espana\/2020\/10\/15\/dra-marjori-echenique-pacientes-obesos-tienen-mayor-riesgo-de-complicaciones-por-la-covid-19\/#article","isPartOf":{"@id":"https:\/\/noti-america.com\/site\/espana\/2020\/10\/15\/dra-marjori-echenique-pacientes-obesos-tienen-mayor-riesgo-de-complicaciones-por-la-covid-19\/"},"author":{"name":"CAMH","@id":"https:\/\/noti-america.com\/site\/espana\/#\/schema\/person\/e13880b4308eea6926b271284605ef72"},"headline":"Dra. Marjori Echenique: \u00abpacientes obesos tienen mayor riesgo de complicaciones por la COVID-19\u00bb.","datePublished":"2020-10-15T14:25:01+00:00","dateModified":"2020-10-15T14:32:47+00:00","mainEntityOfPage":{"@id":"https:\/\/noti-america.com\/site\/espana\/2020\/10\/15\/dra-marjori-echenique-pacientes-obesos-tienen-mayor-riesgo-de-complicaciones-por-la-covid-19\/"},"wordCount":439,"commentCount":0,"publisher":{"@id":"https:\/\/noti-america.com\/site\/espana\/#organization"},"image":{"@id":"https:\/\/noti-america.com\/site\/espana\/2020\/10\/15\/dra-marjori-echenique-pacientes-obesos-tienen-mayor-riesgo-de-complicaciones-por-la-covid-19\/#primaryimage"},"thumbnailUrl":"https:\/\/noti-america.com\/site\/espana\/wp-content\/uploads\/sites\/25\/2020\/10\/Dra-marjori-foto-2.jpg","articleSection":["Venezuela","Vida y Salud"],"inLanguage":"es","potentialAction":[{"@type":"CommentAction","name":"Comment","target":["https:\/\/noti-america.com\/site\/espana\/2020\/10\/15\/dra-marjori-echenique-pacientes-obesos-tienen-mayor-riesgo-de-complicaciones-por-la-covid-19\/#respond"]}]},{"@type":"WebPage","@id":"https:\/\/noti-america.com\/site\/espana\/2020\/10\/15\/dra-marjori-echenique-pacientes-obesos-tienen-mayor-riesgo-de-complicaciones-por-la-covid-19\/","url":"https:\/\/noti-america.com\/site\/espana\/2020\/10\/15\/dra-marjori-echenique-pacientes-obesos-tienen-mayor-riesgo-de-complicaciones-por-la-covid-19\/","name":"Dra. Marjori Echenique: \"pacientes obesos tienen mayor riesgo de complicaciones por la COVID-19\". - Espa\u00f1a | Noti-America.com","isPartOf":{"@id":"https:\/\/noti-america.com\/site\/espana\/#website"},"primaryImageOfPage":{"@id":"https:\/\/noti-america.com\/site\/espana\/2020\/10\/15\/dra-marjori-echenique-pacientes-obesos-tienen-mayor-riesgo-de-complicaciones-por-la-covid-19\/#primaryimage"},"image":{"@id":"https:\/\/noti-america.com\/site\/espana\/2020\/10\/15\/dra-marjori-echenique-pacientes-obesos-tienen-mayor-riesgo-de-complicaciones-por-la-covid-19\/#primaryimage"},"thumbnailUrl":"https:\/\/noti-america.com\/site\/espana\/wp-content\/uploads\/sites\/25\/2020\/10\/Dra-marjori-foto-2.jpg","datePublished":"2020-10-15T14:25:01+00:00","dateModified":"2020-10-15T14:32:47+00:00","breadcrumb":{"@id":"https:\/\/noti-america.com\/site\/espana\/2020\/10\/15\/dra-marjori-echenique-pacientes-obesos-tienen-mayor-riesgo-de-complicaciones-por-la-covid-19\/#breadcrumb"},"inLanguage":"es","potentialAction":[{"@type":"ReadAction","target":["https:\/\/noti-america.com\/site\/espana\/2020\/10\/15\/dra-marjori-echenique-pacientes-obesos-tienen-mayor-riesgo-de-complicaciones-por-la-covid-19\/"]}]},{"@type":"ImageObject","inLanguage":"es","@id":"https:\/\/noti-america.com\/site\/espana\/2020\/10\/15\/dra-marjori-echenique-pacientes-obesos-tienen-mayor-riesgo-de-complicaciones-por-la-covid-19\/#primaryimage","url":"https:\/\/noti-america.com\/site\/espana\/wp-content\/uploads\/sites\/25\/2020\/10\/Dra-marjori-foto-2.jpg","contentUrl":"https:\/\/noti-america.com\/site\/espana\/wp-content\/uploads\/sites\/25\/2020\/10\/Dra-marjori-foto-2.jpg","width":1130,"height":786},{"@type":"BreadcrumbList","@id":"https:\/\/noti-america.com\/site\/espana\/2020\/10\/15\/dra-marjori-echenique-pacientes-obesos-tienen-mayor-riesgo-de-complicaciones-por-la-covid-19\/#breadcrumb","itemListElement":[{"@type":"ListItem","position":1,"name":"Portada","item":"https:\/\/noti-america.com\/site\/espana\/"},{"@type":"ListItem","position":2,"name":"Dra. Marjori Echenique: \u00abpacientes obesos tienen mayor riesgo de complicaciones por la COVID-19\u00bb."}]},{"@type":"WebSite","@id":"https:\/\/noti-america.com\/site\/espana\/#website","url":"https:\/\/noti-america.com\/site\/espana\/","name":"Espa\u00f1a | Noti-America.com","description":"","publisher":{"@id":"https:\/\/noti-america.com\/site\/espana\/#organization"},"potentialAction":[{"@type":"SearchAction","target":{"@type":"EntryPoint","urlTemplate":"https:\/\/noti-america.com\/site\/espana\/?s={search_term_string}"},"query-input":{"@type":"PropertyValueSpecification","valueRequired":true,"valueName":"search_term_string"}}],"inLanguage":"es"},{"@type":"Organization","@id":"https:\/\/noti-america.com\/site\/espana\/#organization","name":"Noti-America LLC | Espa\u00f1a","url":"https:\/\/noti-america.com\/site\/espana\/","logo":{"@type":"ImageObject","inLanguage":"es","@id":"https:\/\/noti-america.com\/site\/espana\/#\/schema\/logo\/image\/","url":"https:\/\/noti-america.com\/site\/espana\/wp-content\/uploads\/sites\/25\/2020\/07\/LogoNA-4x3-1.jpg","contentUrl":"https:\/\/noti-america.com\/site\/espana\/wp-content\/uploads\/sites\/25\/2020\/07\/LogoNA-4x3-1.jpg","width":1236,"height":1080,"caption":"Noti-America LLC | Espa\u00f1a"},"image":{"@id":"https:\/\/noti-america.com\/site\/espana\/#\/schema\/logo\/image\/"},"sameAs":["https:\/\/x.com\/notiamerica"]},{"@type":"Person","@id":"https:\/\/noti-america.com\/site\/espana\/#\/schema\/person\/e13880b4308eea6926b271284605ef72","name":"CAMH","image":{"@type":"ImageObject","inLanguage":"es","@id":"https:\/\/secure.gravatar.com\/avatar\/82aa99c723cbed2b304797bc218a5542b5a94d7f5d0ba3b39650aef53c28ecf5?s=96&d=mm&r=g","url":"https:\/\/secure.gravatar.com\/avatar\/82aa99c723cbed2b304797bc218a5542b5a94d7f5d0ba3b39650aef53c28ecf5?s=96&d=mm&r=g","contentUrl":"https:\/\/secure.gravatar.com\/avatar\/82aa99c723cbed2b304797bc218a5542b5a94d7f5d0ba3b39650aef53c28ecf5?s=96&d=mm&r=g","caption":"CAMH"},"url":"https:\/\/noti-america.com\/site\/espana\/author\/cmitchell\/"}]}},"_links":{"self":[{"href":"https:\/\/noti-america.com\/site\/espana\/wp-json\/wp\/v2\/posts\/3409","targetHints":{"allow":["GET"]}}],"collection":[{"href":"https:\/\/noti-america.com\/site\/espana\/wp-json\/wp\/v2\/posts"}],"about":[{"href":"https:\/\/noti-america.com\/site\/espana\/wp-json\/wp\/v2\/types\/post"}],"author":[{"embeddable":true,"href":"https:\/\/noti-america.com\/site\/espana\/wp-json\/wp\/v2\/users\/87"}],"replies":[{"embeddable":true,"href":"https:\/\/noti-america.com\/site\/espana\/wp-json\/wp\/v2\/comments?post=3409"}],"version-history":[{"count":3,"href":"https:\/\/noti-america.com\/site\/espana\/wp-json\/wp\/v2\/posts\/3409\/revisions"}],"predecessor-version":[{"id":3412,"href":"https:\/\/noti-america.com\/site\/espana\/wp-json\/wp\/v2\/posts\/3409\/revisions\/3412"}],"wp:featuredmedia":[{"embeddable":true,"href":"https:\/\/noti-america.com\/site\/espana\/wp-json\/wp\/v2\/media\/3401"}],"wp:attachment":[{"href":"https:\/\/noti-america.com\/site\/espana\/wp-json\/wp\/v2\/media?parent=3409"}],"wp:term":[{"taxonomy":"category","embeddable":true,"href":"https:\/\/noti-america.com\/site\/espana\/wp-json\/wp\/v2\/categories?post=3409"},{"taxonomy":"post_tag","embeddable":true,"href":"https:\/\/noti-america.com\/site\/espana\/wp-json\/wp\/v2\/tags?post=3409"}],"curies":[{"name":"wp","href":"https:\/\/api.w.org\/{rel}","templated":true}]}}