{"id":2903,"date":"2020-08-25T11:06:10","date_gmt":"2020-08-25T11:06:10","guid":{"rendered":"https:\/\/noti-america.com\/site\/espana\/2020\/08\/25\/un-estudio-refleja-que-los-centros-educativos-no-estan-preparados-para-empezar-el-curso-de-manera-online\/"},"modified":"2020-08-25T15:06:19","modified_gmt":"2020-08-25T15:06:19","slug":"un-estudio-refleja-que-los-centros-educativos-no-estan-preparados-para-empezar-el-curso-de-manera-online","status":"publish","type":"post","link":"https:\/\/noti-america.com\/site\/espana\/2020\/08\/25\/un-estudio-refleja-que-los-centros-educativos-no-estan-preparados-para-empezar-el-curso-de-manera-online\/","title":{"rendered":"Un estudio refleja que los centros educativos no est\u00e1n preparados para empezar el curso de manera online"},"content":{"rendered":"<p style=\"text-align: justify;\">Nota de Prensa &#8211; Comunicae Media<\/p>\n<p style=\"text-align: justify;\"><strong>Los centros educativos espa\u00f1oles no estar\u00edan preparados para el inicio de un curso 2020-2021 online. As\u00ed se desprende de un estudio realizado por la plataforma Micole entre 1.000 opiniones de familias, estudiantes y profesionales de la educaci\u00f3n. La encuesta refleja que los espa\u00f1oles suspenden a las autoridades en materia educativa<\/strong><\/p>\n<p style=\"text-align: justify;\"><a href=\"https:\/\/www.micole.net\/blog\/medidas-coronavirus-covid-19-colegios\/\" target=\"_blank\" rel=\"noopener noreferrer\">Una encuesta<\/a>\u00a0realizada por\u00a0<a href=\"https:\/\/www.micole.net\/\" target=\"_blank\" rel=\"noopener noreferrer\">Micole<\/a>, plataforma que conecta familias con colegios, en colaboraci\u00f3n con el Grupo de Investigaci\u00f3n de Fundamentos de la Educaci\u00f3n y Responsabilidad Social Educativa de la\u00a0<a href=\"https:\/\/www.urjc.es\/\" target=\"_blank\" rel=\"noopener noreferrer\">Universidad Rey Juan Carlos<\/a>, concluye que los centros educativos espa\u00f1oles no est\u00e1n preparados para realizar un curso 100% online. El estudio, que recoge 1.000 opiniones de familias, estudiantes y profesionales de la educaci\u00f3n, evidencia de manera clara una mayor preparaci\u00f3n por parte de los colegios privados y concertados sobre los p\u00fablicos.<\/p>\n<p style=\"text-align: justify;\">M\u00e1s de un 60% de los encuestados consideran que los colegios p\u00fablicos no est\u00e1n preparados para una formaci\u00f3n de los alumnos de manera telem\u00e1tica. Por su parte, los colegios privados est\u00e1n considerados por la mayor\u00eda de los encuestados como aptos para realizar clases de manera online, al igual que sucede con los concertados.<\/p>\n<p style=\"text-align: justify;\">Las conclusiones obtenidas reflejan que la diferencia existente entre colegios p\u00fablicos y privados se debe mayoritariamente a que los centros privados \u201crealizan m\u00e1s inversi\u00f3n en infraestructura con proyectos m\u00e1s a largo plazo respecto de los p\u00fablicos, m\u00e1s expuestos a directrices inmediatas y cambiantes\u201c seg\u00fan ha afirmado el socio-fundador de Micole, Ignacio Vallejo-N\u00e1gera.<\/p>\n<p style=\"text-align: justify;\"><strong><a href=\"https:\/\/www.micole.net\/blog\/medidas-coronavirus-covid-19-colegios\/\" target=\"_blank\" rel=\"noopener noreferrer\">Este estudio<\/a><\/strong>\u00a0subraya la importancia que los centros privados han dado a la tecnolog\u00eda, \u201cen la que han invertido mucho durante los \u00faltimos meses\u201d comenta Vallejo-N\u00e1gera, quien piensa que en este periodo estival \u201clas diferencias se han podido incrementar\u201d respecto a los meses de confinamiento. De igual manera, cabe resaltar la importancia que familias, profesores y estudiantes dan a la capacidad de autonom\u00eda que tienen este tipo de centros a la hora de tomar decisiones, \u201cde forma m\u00e1s r\u00e1pida y eficaz\u201d sentencia el socio fundador de la plataforma neutral para escoger colegio en Espa\u00f1a.<\/p>\n<p style=\"text-align: justify;\">En este sentido, y por lo general, los centros educativos de car\u00e1cter p\u00fablico se suelen quedar m\u00e1s rezagados por tener que seguir directrices de los gobernantes, con ausencia de una estrategia com\u00fan y de un proyecto educativo a largo plazo. \u201cLos cambios constantes en las medidas o la improvisaci\u00f3n son algunas de las impresiones que nos trasladan familias, alumnos y profesores respecto a la gesti\u00f3n educativa\u201d comentan desde Micole.<\/p>\n<p style=\"text-align: justify;\">De este mismo estudio se desprende otro de los datos m\u00e1s significativos: los encuestados suspenden con una media de 4,5 a las autoridades, insistiendo en la necesidad de \u201cponer medios para llevar Internet y dispositivos a casa de los alumnos m\u00e1s vulnerables\u201d y que el sistema educativo espa\u00f1ol \u201cse actualice para estar a la altura del resto de Europa\u201d.<\/p>\n<p style=\"text-align: justify;\"><strong>Sobre\u00a0<\/strong><strong>Micole<\/strong><br \/>\nMicole es la plataforma tecnol\u00f3gica neutral para escoger entre m\u00e1s de 30000 colegios de Espa\u00f1a. Fundada en diciembre de 2019, facilita a las familias identificar los colegios m\u00e1s afines a ellas a trav\u00e9s de un sencillo test y gracias a un algoritmo 100% neutral que analiza una trabajada base de datos en la que se incluyen todos los colegios p\u00fablicos, concertados y privados.<\/p>\n<p style=\"text-align: justify;\">Para\u00a0<a href=\"https:\/\/www.micole.net\/\" target=\"_blank\" rel=\"noopener noreferrer\">Micole<\/a>\u00a0no existe el colegio perfecto sino que para cada familia hay uno o varios colegios \u00f3ptimos y su misi\u00f3n es ayudar a las familias a identificarlos.<\/p>\n<p style=\"text-align: justify;\">La idea surge de la necesidad de Ignacio Vallejo-N\u00e1gera, uno de los socios fundadores, a la hora de buscar colegio para su hijo. Le resultaba dif\u00edcil encontrar informaci\u00f3n neutral y completa con la que poder comparar colegios y, preguntando a varios amigos y familiares, se dio cuenta de que era una problem\u00e1tica muy frecuente.<\/p>\n<p style=\"text-align: justify;\">Los socios fundadores son Ignacio Vallejo-N\u00e1gera, Rub\u00e9n Sarmiento y Andoitz Jord\u00e1n; cuentan con una dilatada trayectoria en corporaciones como eBay, Accenture Strategy, Altran e Hitachi Consulting y han fundado startups de estilo de vida como\u00a0<a href=\"https:\/\/urvan.eu\/\" target=\"_blank\" rel=\"noopener noreferrer\">Urvan<\/a>, o de Marketing Analytics como Tractionboard y Jooicer.<\/p>\n","protected":false},"excerpt":{"rendered":"<p>Nota de Prensa &#8211; Comunicae Media Los centros educativos espa\u00f1oles no estar\u00edan preparados para el inicio de un curso 2020-2021 online. As\u00ed se desprende de un estudio realizado por la plataforma Micole entre 1.000&#46;&#46;&#46;<\/p>\n","protected":false},"author":1,"featured_media":2904,"comment_status":"open","ping_status":"open","sticky":false,"template":"","format":"image","meta":{"_acf_changed":false,"om_disable_all_campaigns":false,"rop_custom_images_group":[],"rop_custom_messages_group":[],"rop_publish_now":"initial","rop_publish_now_accounts":[],"rop_publish_now_history":[],"rop_publish_now_status":"pending","_uf_show_specific_survey":0,"_uf_disable_surveys":false,"footnotes":""},"categories":[136,143],"tags":[],"class_list":["post-2903","post","type-post","status-publish","format-image","has-post-thumbnail","hentry","category-actualidad","category-educacion","post_format-post-format-image"],"acf":[],"aioseo_notices":[],"yoast_head":"<!-- This site is optimized with the Yoast SEO Premium plugin v24.9 (Yoast SEO v27.2) - https:\/\/yoast.com\/product\/yoast-seo-premium-wordpress\/ -->\n<title>Un estudio refleja que los centros educativos no est\u00e1n preparados para empezar el curso de manera online - Espa\u00f1a | Noti-America.com<\/title>\n<meta name=\"robots\" content=\"index, follow, max-snippet:-1, max-image-preview:large, max-video-preview:-1\" \/>\n<link rel=\"canonical\" href=\"https:\/\/noti-america.com\/site\/espana\/2020\/08\/25\/un-estudio-refleja-que-los-centros-educativos-no-estan-preparados-para-empezar-el-curso-de-manera-online\/\" \/>\n<meta property=\"og:locale\" content=\"es_ES\" \/>\n<meta property=\"og:type\" content=\"article\" \/>\n<meta property=\"og:title\" content=\"Un estudio refleja que los centros educativos no est\u00e1n preparados para empezar el curso de manera online\" \/>\n<meta property=\"og:description\" content=\"Nota de Prensa &#8211; Comunicae Media Los centros educativos espa\u00f1oles no estar\u00edan preparados para el inicio de un curso 2020-2021 online. As\u00ed se desprende de un estudio realizado por la plataforma Micole entre 1.000&#046;&#046;&#046;\" \/>\n<meta property=\"og:url\" content=\"https:\/\/noti-america.com\/site\/espana\/2020\/08\/25\/un-estudio-refleja-que-los-centros-educativos-no-estan-preparados-para-empezar-el-curso-de-manera-online\/\" \/>\n<meta property=\"og:site_name\" content=\"Espa\u00f1a | Noti-America.com\" \/>\n<meta property=\"article:published_time\" content=\"2020-08-25T11:06:10+00:00\" \/>\n<meta property=\"article:modified_time\" content=\"2020-08-25T15:06:19+00:00\" \/>\n<meta property=\"og:image\" content=\"https:\/\/noti-america.com\/site\/espana\/wp-content\/uploads\/sites\/25\/2020\/08\/1598341798_NPTodos_los_centros_preparaci_n_para_clases_telem_ticas.jpg\" \/>\n\t<meta property=\"og:image:width\" content=\"520\" \/>\n\t<meta property=\"og:image:height\" content=\"444\" \/>\n\t<meta property=\"og:image:type\" content=\"image\/jpeg\" \/>\n<meta name=\"author\" content=\"Rosmer Herrera\" \/>\n<meta name=\"twitter:card\" content=\"summary_large_image\" \/>\n<meta name=\"twitter:creator\" content=\"@notiamerica\" \/>\n<meta name=\"twitter:site\" content=\"@notiamerica\" \/>\n<meta name=\"twitter:label1\" content=\"Escrito por\" \/>\n\t<meta name=\"twitter:data1\" content=\"Rosmer Herrera\" \/>\n\t<meta name=\"twitter:label2\" content=\"Tiempo estimado de lectura\" \/>\n\t<meta name=\"twitter:data2\" content=\"4 minutos\" \/>\n<script type=\"application\/ld+json\" class=\"yoast-schema-graph\">{\"@context\":\"https:\/\/schema.org\",\"@graph\":[{\"@type\":\"Article\",\"@id\":\"https:\/\/noti-america.com\/site\/espana\/2020\/08\/25\/un-estudio-refleja-que-los-centros-educativos-no-estan-preparados-para-empezar-el-curso-de-manera-online\/#article\",\"isPartOf\":{\"@id\":\"https:\/\/noti-america.com\/site\/espana\/2020\/08\/25\/un-estudio-refleja-que-los-centros-educativos-no-estan-preparados-para-empezar-el-curso-de-manera-online\/\"},\"author\":{\"name\":\"Rosmer Herrera\",\"@id\":\"https:\/\/noti-america.com\/site\/espana\/#\/schema\/person\/fd58dbfb92a257e9dc5761bf69a855ff\"},\"headline\":\"Un estudio refleja que los centros educativos no est\u00e1n preparados para empezar el curso de manera online\",\"datePublished\":\"2020-08-25T11:06:10+00:00\",\"dateModified\":\"2020-08-25T15:06:19+00:00\",\"mainEntityOfPage\":{\"@id\":\"https:\/\/noti-america.com\/site\/espana\/2020\/08\/25\/un-estudio-refleja-que-los-centros-educativos-no-estan-preparados-para-empezar-el-curso-de-manera-online\/\"},\"wordCount\":720,\"commentCount\":0,\"publisher\":{\"@id\":\"https:\/\/noti-america.com\/site\/espana\/#organization\"},\"image\":{\"@id\":\"https:\/\/noti-america.com\/site\/espana\/2020\/08\/25\/un-estudio-refleja-que-los-centros-educativos-no-estan-preparados-para-empezar-el-curso-de-manera-online\/#primaryimage\"},\"thumbnailUrl\":\"https:\/\/noti-america.com\/site\/espana\/wp-content\/uploads\/sites\/25\/2020\/08\/1598341798_NPTodos_los_centros_preparaci_n_para_clases_telem_ticas.jpg\",\"articleSection\":[\"Actualidad\",\"Educaci\u00f3n\"],\"inLanguage\":\"es\",\"potentialAction\":[{\"@type\":\"CommentAction\",\"name\":\"Comment\",\"target\":[\"https:\/\/noti-america.com\/site\/espana\/2020\/08\/25\/un-estudio-refleja-que-los-centros-educativos-no-estan-preparados-para-empezar-el-curso-de-manera-online\/#respond\"]}]},{\"@type\":\"WebPage\",\"@id\":\"https:\/\/noti-america.com\/site\/espana\/2020\/08\/25\/un-estudio-refleja-que-los-centros-educativos-no-estan-preparados-para-empezar-el-curso-de-manera-online\/\",\"url\":\"https:\/\/noti-america.com\/site\/espana\/2020\/08\/25\/un-estudio-refleja-que-los-centros-educativos-no-estan-preparados-para-empezar-el-curso-de-manera-online\/\",\"name\":\"Un estudio refleja que los centros educativos no est\u00e1n preparados para empezar el curso de manera online - Espa\u00f1a | Noti-America.com\",\"isPartOf\":{\"@id\":\"https:\/\/noti-america.com\/site\/espana\/#website\"},\"primaryImageOfPage\":{\"@id\":\"https:\/\/noti-america.com\/site\/espana\/2020\/08\/25\/un-estudio-refleja-que-los-centros-educativos-no-estan-preparados-para-empezar-el-curso-de-manera-online\/#primaryimage\"},\"image\":{\"@id\":\"https:\/\/noti-america.com\/site\/espana\/2020\/08\/25\/un-estudio-refleja-que-los-centros-educativos-no-estan-preparados-para-empezar-el-curso-de-manera-online\/#primaryimage\"},\"thumbnailUrl\":\"https:\/\/noti-america.com\/site\/espana\/wp-content\/uploads\/sites\/25\/2020\/08\/1598341798_NPTodos_los_centros_preparaci_n_para_clases_telem_ticas.jpg\",\"datePublished\":\"2020-08-25T11:06:10+00:00\",\"dateModified\":\"2020-08-25T15:06:19+00:00\",\"breadcrumb\":{\"@id\":\"https:\/\/noti-america.com\/site\/espana\/2020\/08\/25\/un-estudio-refleja-que-los-centros-educativos-no-estan-preparados-para-empezar-el-curso-de-manera-online\/#breadcrumb\"},\"inLanguage\":\"es\",\"potentialAction\":[{\"@type\":\"ReadAction\",\"target\":[\"https:\/\/noti-america.com\/site\/espana\/2020\/08\/25\/un-estudio-refleja-que-los-centros-educativos-no-estan-preparados-para-empezar-el-curso-de-manera-online\/\"]}]},{\"@type\":\"ImageObject\",\"inLanguage\":\"es\",\"@id\":\"https:\/\/noti-america.com\/site\/espana\/2020\/08\/25\/un-estudio-refleja-que-los-centros-educativos-no-estan-preparados-para-empezar-el-curso-de-manera-online\/#primaryimage\",\"url\":\"https:\/\/noti-america.com\/site\/espana\/wp-content\/uploads\/sites\/25\/2020\/08\/1598341798_NPTodos_los_centros_preparaci_n_para_clases_telem_ticas.jpg\",\"contentUrl\":\"https:\/\/noti-america.com\/site\/espana\/wp-content\/uploads\/sites\/25\/2020\/08\/1598341798_NPTodos_los_centros_preparaci_n_para_clases_telem_ticas.jpg\",\"width\":520,\"height\":444},{\"@type\":\"BreadcrumbList\",\"@id\":\"https:\/\/noti-america.com\/site\/espana\/2020\/08\/25\/un-estudio-refleja-que-los-centros-educativos-no-estan-preparados-para-empezar-el-curso-de-manera-online\/#breadcrumb\",\"itemListElement\":[{\"@type\":\"ListItem\",\"position\":1,\"name\":\"Portada\",\"item\":\"https:\/\/noti-america.com\/site\/espana\/\"},{\"@type\":\"ListItem\",\"position\":2,\"name\":\"Un estudio refleja que los centros educativos no est\u00e1n preparados para empezar el curso de manera online\"}]},{\"@type\":\"WebSite\",\"@id\":\"https:\/\/noti-america.com\/site\/espana\/#website\",\"url\":\"https:\/\/noti-america.com\/site\/espana\/\",\"name\":\"Espa\u00f1a | Noti-America.com\",\"description\":\"\",\"publisher\":{\"@id\":\"https:\/\/noti-america.com\/site\/espana\/#organization\"},\"potentialAction\":[{\"@type\":\"SearchAction\",\"target\":{\"@type\":\"EntryPoint\",\"urlTemplate\":\"https:\/\/noti-america.com\/site\/espana\/?s={search_term_string}\"},\"query-input\":{\"@type\":\"PropertyValueSpecification\",\"valueRequired\":true,\"valueName\":\"search_term_string\"}}],\"inLanguage\":\"es\"},{\"@type\":\"Organization\",\"@id\":\"https:\/\/noti-america.com\/site\/espana\/#organization\",\"name\":\"Noti-America LLC | Espa\u00f1a\",\"url\":\"https:\/\/noti-america.com\/site\/espana\/\",\"logo\":{\"@type\":\"ImageObject\",\"inLanguage\":\"es\",\"@id\":\"https:\/\/noti-america.com\/site\/espana\/#\/schema\/logo\/image\/\",\"url\":\"https:\/\/noti-america.com\/site\/espana\/wp-content\/uploads\/sites\/25\/2020\/07\/LogoNA-4x3-1.jpg\",\"contentUrl\":\"https:\/\/noti-america.com\/site\/espana\/wp-content\/uploads\/sites\/25\/2020\/07\/LogoNA-4x3-1.jpg\",\"width\":1236,\"height\":1080,\"caption\":\"Noti-America LLC | Espa\u00f1a\"},\"image\":{\"@id\":\"https:\/\/noti-america.com\/site\/espana\/#\/schema\/logo\/image\/\"},\"sameAs\":[\"https:\/\/x.com\/notiamerica\"]},{\"@type\":\"Person\",\"@id\":\"https:\/\/noti-america.com\/site\/espana\/#\/schema\/person\/fd58dbfb92a257e9dc5761bf69a855ff\",\"name\":\"Rosmer Herrera\",\"image\":{\"@type\":\"ImageObject\",\"inLanguage\":\"es\",\"@id\":\"https:\/\/secure.gravatar.com\/avatar\/153e75c261394dbf20ff1a1e70ea2be9494f2b40b7fc4e7704084db13220ae08?s=96&d=mm&r=g\",\"url\":\"https:\/\/secure.gravatar.com\/avatar\/153e75c261394dbf20ff1a1e70ea2be9494f2b40b7fc4e7704084db13220ae08?s=96&d=mm&r=g\",\"contentUrl\":\"https:\/\/secure.gravatar.com\/avatar\/153e75c261394dbf20ff1a1e70ea2be9494f2b40b7fc4e7704084db13220ae08?s=96&d=mm&r=g\",\"caption\":\"Rosmer Herrera\"},\"url\":\"https:\/\/noti-america.com\/site\/espana\/author\/rosmer33\/\"}]}<\/script>\n<!-- \/ Yoast SEO Premium plugin. -->","yoast_head_json":{"title":"Un estudio refleja que los centros educativos no est\u00e1n preparados para empezar el curso de manera online - Espa\u00f1a | Noti-America.com","robots":{"index":"index","follow":"follow","max-snippet":"max-snippet:-1","max-image-preview":"max-image-preview:large","max-video-preview":"max-video-preview:-1"},"canonical":"https:\/\/noti-america.com\/site\/espana\/2020\/08\/25\/un-estudio-refleja-que-los-centros-educativos-no-estan-preparados-para-empezar-el-curso-de-manera-online\/","og_locale":"es_ES","og_type":"article","og_title":"Un estudio refleja que los centros educativos no est\u00e1n preparados para empezar el curso de manera online","og_description":"Nota de Prensa &#8211; Comunicae Media Los centros educativos espa\u00f1oles no estar\u00edan preparados para el inicio de un curso 2020-2021 online. As\u00ed se desprende de un estudio realizado por la plataforma Micole entre 1.000&#46;&#46;&#46;","og_url":"https:\/\/noti-america.com\/site\/espana\/2020\/08\/25\/un-estudio-refleja-que-los-centros-educativos-no-estan-preparados-para-empezar-el-curso-de-manera-online\/","og_site_name":"Espa\u00f1a | Noti-America.com","article_published_time":"2020-08-25T11:06:10+00:00","article_modified_time":"2020-08-25T15:06:19+00:00","og_image":[{"width":520,"height":444,"url":"https:\/\/noti-america.com\/site\/espana\/wp-content\/uploads\/sites\/25\/2020\/08\/1598341798_NPTodos_los_centros_preparaci_n_para_clases_telem_ticas.jpg","type":"image\/jpeg"}],"author":"Rosmer Herrera","twitter_card":"summary_large_image","twitter_creator":"@notiamerica","twitter_site":"@notiamerica","twitter_misc":{"Escrito por":"Rosmer Herrera","Tiempo estimado de lectura":"4 minutos"},"schema":{"@context":"https:\/\/schema.org","@graph":[{"@type":"Article","@id":"https:\/\/noti-america.com\/site\/espana\/2020\/08\/25\/un-estudio-refleja-que-los-centros-educativos-no-estan-preparados-para-empezar-el-curso-de-manera-online\/#article","isPartOf":{"@id":"https:\/\/noti-america.com\/site\/espana\/2020\/08\/25\/un-estudio-refleja-que-los-centros-educativos-no-estan-preparados-para-empezar-el-curso-de-manera-online\/"},"author":{"name":"Rosmer Herrera","@id":"https:\/\/noti-america.com\/site\/espana\/#\/schema\/person\/fd58dbfb92a257e9dc5761bf69a855ff"},"headline":"Un estudio refleja que los centros educativos no est\u00e1n preparados para empezar el curso de manera online","datePublished":"2020-08-25T11:06:10+00:00","dateModified":"2020-08-25T15:06:19+00:00","mainEntityOfPage":{"@id":"https:\/\/noti-america.com\/site\/espana\/2020\/08\/25\/un-estudio-refleja-que-los-centros-educativos-no-estan-preparados-para-empezar-el-curso-de-manera-online\/"},"wordCount":720,"commentCount":0,"publisher":{"@id":"https:\/\/noti-america.com\/site\/espana\/#organization"},"image":{"@id":"https:\/\/noti-america.com\/site\/espana\/2020\/08\/25\/un-estudio-refleja-que-los-centros-educativos-no-estan-preparados-para-empezar-el-curso-de-manera-online\/#primaryimage"},"thumbnailUrl":"https:\/\/noti-america.com\/site\/espana\/wp-content\/uploads\/sites\/25\/2020\/08\/1598341798_NPTodos_los_centros_preparaci_n_para_clases_telem_ticas.jpg","articleSection":["Actualidad","Educaci\u00f3n"],"inLanguage":"es","potentialAction":[{"@type":"CommentAction","name":"Comment","target":["https:\/\/noti-america.com\/site\/espana\/2020\/08\/25\/un-estudio-refleja-que-los-centros-educativos-no-estan-preparados-para-empezar-el-curso-de-manera-online\/#respond"]}]},{"@type":"WebPage","@id":"https:\/\/noti-america.com\/site\/espana\/2020\/08\/25\/un-estudio-refleja-que-los-centros-educativos-no-estan-preparados-para-empezar-el-curso-de-manera-online\/","url":"https:\/\/noti-america.com\/site\/espana\/2020\/08\/25\/un-estudio-refleja-que-los-centros-educativos-no-estan-preparados-para-empezar-el-curso-de-manera-online\/","name":"Un estudio refleja que los centros educativos no est\u00e1n preparados para empezar el curso de manera online - Espa\u00f1a | Noti-America.com","isPartOf":{"@id":"https:\/\/noti-america.com\/site\/espana\/#website"},"primaryImageOfPage":{"@id":"https:\/\/noti-america.com\/site\/espana\/2020\/08\/25\/un-estudio-refleja-que-los-centros-educativos-no-estan-preparados-para-empezar-el-curso-de-manera-online\/#primaryimage"},"image":{"@id":"https:\/\/noti-america.com\/site\/espana\/2020\/08\/25\/un-estudio-refleja-que-los-centros-educativos-no-estan-preparados-para-empezar-el-curso-de-manera-online\/#primaryimage"},"thumbnailUrl":"https:\/\/noti-america.com\/site\/espana\/wp-content\/uploads\/sites\/25\/2020\/08\/1598341798_NPTodos_los_centros_preparaci_n_para_clases_telem_ticas.jpg","datePublished":"2020-08-25T11:06:10+00:00","dateModified":"2020-08-25T15:06:19+00:00","breadcrumb":{"@id":"https:\/\/noti-america.com\/site\/espana\/2020\/08\/25\/un-estudio-refleja-que-los-centros-educativos-no-estan-preparados-para-empezar-el-curso-de-manera-online\/#breadcrumb"},"inLanguage":"es","potentialAction":[{"@type":"ReadAction","target":["https:\/\/noti-america.com\/site\/espana\/2020\/08\/25\/un-estudio-refleja-que-los-centros-educativos-no-estan-preparados-para-empezar-el-curso-de-manera-online\/"]}]},{"@type":"ImageObject","inLanguage":"es","@id":"https:\/\/noti-america.com\/site\/espana\/2020\/08\/25\/un-estudio-refleja-que-los-centros-educativos-no-estan-preparados-para-empezar-el-curso-de-manera-online\/#primaryimage","url":"https:\/\/noti-america.com\/site\/espana\/wp-content\/uploads\/sites\/25\/2020\/08\/1598341798_NPTodos_los_centros_preparaci_n_para_clases_telem_ticas.jpg","contentUrl":"https:\/\/noti-america.com\/site\/espana\/wp-content\/uploads\/sites\/25\/2020\/08\/1598341798_NPTodos_los_centros_preparaci_n_para_clases_telem_ticas.jpg","width":520,"height":444},{"@type":"BreadcrumbList","@id":"https:\/\/noti-america.com\/site\/espana\/2020\/08\/25\/un-estudio-refleja-que-los-centros-educativos-no-estan-preparados-para-empezar-el-curso-de-manera-online\/#breadcrumb","itemListElement":[{"@type":"ListItem","position":1,"name":"Portada","item":"https:\/\/noti-america.com\/site\/espana\/"},{"@type":"ListItem","position":2,"name":"Un estudio refleja que los centros educativos no est\u00e1n preparados para empezar el curso de manera online"}]},{"@type":"WebSite","@id":"https:\/\/noti-america.com\/site\/espana\/#website","url":"https:\/\/noti-america.com\/site\/espana\/","name":"Espa\u00f1a | Noti-America.com","description":"","publisher":{"@id":"https:\/\/noti-america.com\/site\/espana\/#organization"},"potentialAction":[{"@type":"SearchAction","target":{"@type":"EntryPoint","urlTemplate":"https:\/\/noti-america.com\/site\/espana\/?s={search_term_string}"},"query-input":{"@type":"PropertyValueSpecification","valueRequired":true,"valueName":"search_term_string"}}],"inLanguage":"es"},{"@type":"Organization","@id":"https:\/\/noti-america.com\/site\/espana\/#organization","name":"Noti-America LLC | Espa\u00f1a","url":"https:\/\/noti-america.com\/site\/espana\/","logo":{"@type":"ImageObject","inLanguage":"es","@id":"https:\/\/noti-america.com\/site\/espana\/#\/schema\/logo\/image\/","url":"https:\/\/noti-america.com\/site\/espana\/wp-content\/uploads\/sites\/25\/2020\/07\/LogoNA-4x3-1.jpg","contentUrl":"https:\/\/noti-america.com\/site\/espana\/wp-content\/uploads\/sites\/25\/2020\/07\/LogoNA-4x3-1.jpg","width":1236,"height":1080,"caption":"Noti-America LLC | Espa\u00f1a"},"image":{"@id":"https:\/\/noti-america.com\/site\/espana\/#\/schema\/logo\/image\/"},"sameAs":["https:\/\/x.com\/notiamerica"]},{"@type":"Person","@id":"https:\/\/noti-america.com\/site\/espana\/#\/schema\/person\/fd58dbfb92a257e9dc5761bf69a855ff","name":"Rosmer Herrera","image":{"@type":"ImageObject","inLanguage":"es","@id":"https:\/\/secure.gravatar.com\/avatar\/153e75c261394dbf20ff1a1e70ea2be9494f2b40b7fc4e7704084db13220ae08?s=96&d=mm&r=g","url":"https:\/\/secure.gravatar.com\/avatar\/153e75c261394dbf20ff1a1e70ea2be9494f2b40b7fc4e7704084db13220ae08?s=96&d=mm&r=g","contentUrl":"https:\/\/secure.gravatar.com\/avatar\/153e75c261394dbf20ff1a1e70ea2be9494f2b40b7fc4e7704084db13220ae08?s=96&d=mm&r=g","caption":"Rosmer Herrera"},"url":"https:\/\/noti-america.com\/site\/espana\/author\/rosmer33\/"}]}},"_links":{"self":[{"href":"https:\/\/noti-america.com\/site\/espana\/wp-json\/wp\/v2\/posts\/2903","targetHints":{"allow":["GET"]}}],"collection":[{"href":"https:\/\/noti-america.com\/site\/espana\/wp-json\/wp\/v2\/posts"}],"about":[{"href":"https:\/\/noti-america.com\/site\/espana\/wp-json\/wp\/v2\/types\/post"}],"author":[{"embeddable":true,"href":"https:\/\/noti-america.com\/site\/espana\/wp-json\/wp\/v2\/users\/1"}],"replies":[{"embeddable":true,"href":"https:\/\/noti-america.com\/site\/espana\/wp-json\/wp\/v2\/comments?post=2903"}],"version-history":[{"count":1,"href":"https:\/\/noti-america.com\/site\/espana\/wp-json\/wp\/v2\/posts\/2903\/revisions"}],"predecessor-version":[{"id":2905,"href":"https:\/\/noti-america.com\/site\/espana\/wp-json\/wp\/v2\/posts\/2903\/revisions\/2905"}],"wp:featuredmedia":[{"embeddable":true,"href":"https:\/\/noti-america.com\/site\/espana\/wp-json\/wp\/v2\/media\/2904"}],"wp:attachment":[{"href":"https:\/\/noti-america.com\/site\/espana\/wp-json\/wp\/v2\/media?parent=2903"}],"wp:term":[{"taxonomy":"category","embeddable":true,"href":"https:\/\/noti-america.com\/site\/espana\/wp-json\/wp\/v2\/categories?post=2903"},{"taxonomy":"post_tag","embeddable":true,"href":"https:\/\/noti-america.com\/site\/espana\/wp-json\/wp\/v2\/tags?post=2903"}],"curies":[{"name":"wp","href":"https:\/\/api.w.org\/{rel}","templated":true}]}}