{"id":2858,"date":"2020-08-22T07:20:52","date_gmt":"2020-08-22T07:20:52","guid":{"rendered":"https:\/\/noti-america.com\/site\/espana\/2020\/08\/22\/cuidado-la-fiebre-del-nilo-podria-extenderse-por-toda-espana\/"},"modified":"2020-08-22T11:21:06","modified_gmt":"2020-08-22T11:21:06","slug":"cuidado-la-fiebre-del-nilo-podria-extenderse-por-toda-espana","status":"publish","type":"post","link":"https:\/\/noti-america.com\/site\/espana\/2020\/08\/22\/cuidado-la-fiebre-del-nilo-podria-extenderse-por-toda-espana\/","title":{"rendered":"\u00a1Cuidado! La fiebre del Nilo podr\u00eda extenderse por toda Espa\u00f1a"},"content":{"rendered":"<p style=\"text-align: justify;\"><a href=\"https:\/\/www.abc.es\/sociedad\/abci-virus-nilo-202008221033_noticia.html\">Con informaci\u00f3n de ABC.es<\/a><\/p>\n<h4 class=\"subtitulo\" style=\"text-align: justify;\"><em>El virus presenta m\u00e1s riesgos para personas de m\u00e1s edad o con enfermedades cr\u00f3nicas como diabetes, c\u00e1ncer o aquellas que requieren medicaci\u00f3n inmunodepresora<\/em><\/h4>\n<p style=\"text-align: justify;\">Espa\u00f1a se ha visto afectada recientemente por otro virus que tiene preocupados a los expertos: la\u00a0<strong>fiebre del Nilo<\/strong>. A pesar de que est\u00e1 cada vez m\u00e1s presente en el pa\u00eds y que ha incidido de manera\u00a0especialmente dura en Sevilla, no es tan conocido entre la poblaci\u00f3n.<\/p>\n<p style=\"text-align: justify;\">Por ello, el m\u00e9dico, experto en Enfermedades Infecciosas y medicina tropical y Co-director del M\u00e1ster de Bio\u00e9tica online de UNIR,\u00a0<strong>Pablo Barreiro<\/strong>, ha explicado en qu\u00e9 cosiste este s\u00edndrome febril. \u00abEn la mayor\u00eda de los casos los principales s\u00edntomas son de un<strong>\u00a0cuadro gripal, dolores musculares, fiebre, dolor de cabeza<\/strong>&#8230; e incluso se puede ser asintom\u00e1tico\u00bb.<\/p>\n<p style=\"text-align: justify;\">En este sentido,\u00a0<strong>\u00abs\u00f3lo entre el 2 y el 5 por ciento de los casos presenta s\u00edntomas<\/strong>. Es una enfermedad que pasa desapercibida con mucha facilidad\u00bb, ha aclarado el m\u00e9dico. Sin embargo,<strong>\u00a0las complicaciones de esta afecci\u00f3n pueden derivar en situaciones m\u00e1s severas<\/strong>. \u00abDe los casos diagnosticados con s\u00edntomas, la mitad ya podr\u00eda tener como complicaci\u00f3n una inflamaci\u00f3n cerebral o encefalitis\u00bb, seg\u00fan las palabras de Barreiro. \u00c9stos ser\u00edan, de hecho, los casos de ingresos que se han dado en Sevilla.<\/p>\n<p style=\"text-align: justify;\">Esta mayor incidencia en la capital andaluza se explica, seg\u00fan el especialista, porque \u00abprobablemente las aves aut\u00f3ctonas ya est\u00e9n infectadas por el virus y haya un reservorio animal estable. Adem\u00e1s,\u00a0<strong>cuanto m\u00e1s c\u00e1lida y h\u00fameda es la zona, m\u00e1s sobrevive el mosquito\u00bb<\/strong>. A este respecto, el experto ha informado de que los lugares m\u00e1s comunes de proliferaci\u00f3n del insecto son zonas naturales, piscinas rurales o marismas.<\/p>\n<p style=\"text-align: justify;\">Esta fiebre, como ha anunciado el m\u00e9dico, presenta m\u00e1s riesgos para personas de m\u00e1s edad o con enfermedades cr\u00f3nicas como diabetes, c\u00e1ncer o aquellas que requieren medicaci\u00f3n inmunodepresora. En el caso de los m\u00e1s peque\u00f1os,\u00a0<strong>las complicaciones m\u00e1s duras pueden llegar a derivar en una meningitis<\/strong>, seg\u00fan el experto.<\/p>\n<p style=\"text-align: justify;\"><a href=\"https:\/\/www.abc.es\/sociedad\/abci-virus-nilo-202008221033_noticia.html\">Contin\u00fae leyendo en ABC.es<\/a><\/p>\n","protected":false},"excerpt":{"rendered":"<p>Con informaci\u00f3n de ABC.es El virus presenta m\u00e1s riesgos para personas de m\u00e1s edad o con enfermedades cr\u00f3nicas como diabetes, c\u00e1ncer o aquellas que requieren medicaci\u00f3n inmunodepresora Espa\u00f1a se ha visto afectada recientemente por&#46;&#46;&#46;<\/p>\n","protected":false},"author":1,"featured_media":2859,"comment_status":"open","ping_status":"open","sticky":false,"template":"","format":"image","meta":{"_acf_changed":false,"om_disable_all_campaigns":false,"rop_custom_images_group":[],"rop_custom_messages_group":[],"rop_publish_now":"initial","rop_publish_now_accounts":[],"rop_publish_now_history":[],"rop_publish_now_status":"pending","_uf_show_specific_survey":0,"_uf_disable_surveys":false,"footnotes":""},"categories":[136,13],"tags":[],"class_list":["post-2858","post","type-post","status-publish","format-image","has-post-thumbnail","hentry","category-actualidad","category-vida-y-salud","post_format-post-format-image"],"acf":[],"aioseo_notices":[],"yoast_head":"<!-- This site is optimized with the Yoast SEO Premium plugin v24.9 (Yoast SEO v27.2) - https:\/\/yoast.com\/product\/yoast-seo-premium-wordpress\/ -->\n<title>\u00a1Cuidado! La fiebre del Nilo podr\u00eda extenderse por toda Espa\u00f1a - Espa\u00f1a | Noti-America.com<\/title>\n<meta name=\"robots\" content=\"index, follow, max-snippet:-1, max-image-preview:large, max-video-preview:-1\" \/>\n<link rel=\"canonical\" href=\"https:\/\/noti-america.com\/site\/espana\/2020\/08\/22\/cuidado-la-fiebre-del-nilo-podria-extenderse-por-toda-espana\/\" \/>\n<meta property=\"og:locale\" content=\"es_ES\" \/>\n<meta property=\"og:type\" content=\"article\" \/>\n<meta property=\"og:title\" content=\"\u00a1Cuidado! La fiebre del Nilo podr\u00eda extenderse por toda Espa\u00f1a\" \/>\n<meta property=\"og:description\" content=\"Con informaci\u00f3n de ABC.es El virus presenta m\u00e1s riesgos para personas de m\u00e1s edad o con enfermedades cr\u00f3nicas como diabetes, c\u00e1ncer o aquellas que requieren medicaci\u00f3n inmunodepresora Espa\u00f1a se ha visto afectada recientemente por&#046;&#046;&#046;\" \/>\n<meta property=\"og:url\" content=\"https:\/\/noti-america.com\/site\/espana\/2020\/08\/22\/cuidado-la-fiebre-del-nilo-podria-extenderse-por-toda-espana\/\" \/>\n<meta property=\"og:site_name\" content=\"Espa\u00f1a | Noti-America.com\" \/>\n<meta property=\"article:published_time\" content=\"2020-08-22T07:20:52+00:00\" \/>\n<meta property=\"article:modified_time\" content=\"2020-08-22T11:21:06+00:00\" \/>\n<meta property=\"og:image\" content=\"https:\/\/noti-america.com\/site\/espana\/wp-content\/uploads\/sites\/25\/2020\/08\/c950e6bd6909ab5c32b5465d25099d43.jpg\" \/>\n\t<meta property=\"og:image:width\" content=\"700\" \/>\n\t<meta property=\"og:image:height\" content=\"500\" \/>\n\t<meta property=\"og:image:type\" content=\"image\/jpeg\" \/>\n<meta name=\"author\" content=\"Rosmer Herrera\" \/>\n<meta name=\"twitter:card\" content=\"summary_large_image\" \/>\n<meta name=\"twitter:creator\" content=\"@notiamerica\" \/>\n<meta name=\"twitter:site\" content=\"@notiamerica\" \/>\n<meta name=\"twitter:label1\" content=\"Escrito por\" \/>\n\t<meta name=\"twitter:data1\" content=\"Rosmer Herrera\" \/>\n\t<meta name=\"twitter:label2\" content=\"Tiempo estimado de lectura\" \/>\n\t<meta name=\"twitter:data2\" content=\"2 minutos\" \/>\n<script type=\"application\/ld+json\" class=\"yoast-schema-graph\">{\"@context\":\"https:\/\/schema.org\",\"@graph\":[{\"@type\":\"Article\",\"@id\":\"https:\/\/noti-america.com\/site\/espana\/2020\/08\/22\/cuidado-la-fiebre-del-nilo-podria-extenderse-por-toda-espana\/#article\",\"isPartOf\":{\"@id\":\"https:\/\/noti-america.com\/site\/espana\/2020\/08\/22\/cuidado-la-fiebre-del-nilo-podria-extenderse-por-toda-espana\/\"},\"author\":{\"name\":\"Rosmer Herrera\",\"@id\":\"https:\/\/noti-america.com\/site\/espana\/#\/schema\/person\/fd58dbfb92a257e9dc5761bf69a855ff\"},\"headline\":\"\u00a1Cuidado! La fiebre del Nilo podr\u00eda extenderse por toda Espa\u00f1a\",\"datePublished\":\"2020-08-22T07:20:52+00:00\",\"dateModified\":\"2020-08-22T11:21:06+00:00\",\"mainEntityOfPage\":{\"@id\":\"https:\/\/noti-america.com\/site\/espana\/2020\/08\/22\/cuidado-la-fiebre-del-nilo-podria-extenderse-por-toda-espana\/\"},\"wordCount\":391,\"commentCount\":0,\"publisher\":{\"@id\":\"https:\/\/noti-america.com\/site\/espana\/#organization\"},\"image\":{\"@id\":\"https:\/\/noti-america.com\/site\/espana\/2020\/08\/22\/cuidado-la-fiebre-del-nilo-podria-extenderse-por-toda-espana\/#primaryimage\"},\"thumbnailUrl\":\"https:\/\/noti-america.com\/site\/espana\/wp-content\/uploads\/sites\/25\/2020\/08\/c950e6bd6909ab5c32b5465d25099d43.jpg\",\"articleSection\":[\"Actualidad\",\"Vida y Salud\"],\"inLanguage\":\"es\",\"potentialAction\":[{\"@type\":\"CommentAction\",\"name\":\"Comment\",\"target\":[\"https:\/\/noti-america.com\/site\/espana\/2020\/08\/22\/cuidado-la-fiebre-del-nilo-podria-extenderse-por-toda-espana\/#respond\"]}]},{\"@type\":\"WebPage\",\"@id\":\"https:\/\/noti-america.com\/site\/espana\/2020\/08\/22\/cuidado-la-fiebre-del-nilo-podria-extenderse-por-toda-espana\/\",\"url\":\"https:\/\/noti-america.com\/site\/espana\/2020\/08\/22\/cuidado-la-fiebre-del-nilo-podria-extenderse-por-toda-espana\/\",\"name\":\"\u00a1Cuidado! La fiebre del Nilo podr\u00eda extenderse por toda Espa\u00f1a - Espa\u00f1a | Noti-America.com\",\"isPartOf\":{\"@id\":\"https:\/\/noti-america.com\/site\/espana\/#website\"},\"primaryImageOfPage\":{\"@id\":\"https:\/\/noti-america.com\/site\/espana\/2020\/08\/22\/cuidado-la-fiebre-del-nilo-podria-extenderse-por-toda-espana\/#primaryimage\"},\"image\":{\"@id\":\"https:\/\/noti-america.com\/site\/espana\/2020\/08\/22\/cuidado-la-fiebre-del-nilo-podria-extenderse-por-toda-espana\/#primaryimage\"},\"thumbnailUrl\":\"https:\/\/noti-america.com\/site\/espana\/wp-content\/uploads\/sites\/25\/2020\/08\/c950e6bd6909ab5c32b5465d25099d43.jpg\",\"datePublished\":\"2020-08-22T07:20:52+00:00\",\"dateModified\":\"2020-08-22T11:21:06+00:00\",\"breadcrumb\":{\"@id\":\"https:\/\/noti-america.com\/site\/espana\/2020\/08\/22\/cuidado-la-fiebre-del-nilo-podria-extenderse-por-toda-espana\/#breadcrumb\"},\"inLanguage\":\"es\",\"potentialAction\":[{\"@type\":\"ReadAction\",\"target\":[\"https:\/\/noti-america.com\/site\/espana\/2020\/08\/22\/cuidado-la-fiebre-del-nilo-podria-extenderse-por-toda-espana\/\"]}]},{\"@type\":\"ImageObject\",\"inLanguage\":\"es\",\"@id\":\"https:\/\/noti-america.com\/site\/espana\/2020\/08\/22\/cuidado-la-fiebre-del-nilo-podria-extenderse-por-toda-espana\/#primaryimage\",\"url\":\"https:\/\/noti-america.com\/site\/espana\/wp-content\/uploads\/sites\/25\/2020\/08\/c950e6bd6909ab5c32b5465d25099d43.jpg\",\"contentUrl\":\"https:\/\/noti-america.com\/site\/espana\/wp-content\/uploads\/sites\/25\/2020\/08\/c950e6bd6909ab5c32b5465d25099d43.jpg\",\"width\":700,\"height\":500},{\"@type\":\"BreadcrumbList\",\"@id\":\"https:\/\/noti-america.com\/site\/espana\/2020\/08\/22\/cuidado-la-fiebre-del-nilo-podria-extenderse-por-toda-espana\/#breadcrumb\",\"itemListElement\":[{\"@type\":\"ListItem\",\"position\":1,\"name\":\"Portada\",\"item\":\"https:\/\/noti-america.com\/site\/espana\/\"},{\"@type\":\"ListItem\",\"position\":2,\"name\":\"\u00a1Cuidado! La fiebre del Nilo podr\u00eda extenderse por toda Espa\u00f1a\"}]},{\"@type\":\"WebSite\",\"@id\":\"https:\/\/noti-america.com\/site\/espana\/#website\",\"url\":\"https:\/\/noti-america.com\/site\/espana\/\",\"name\":\"Espa\u00f1a | Noti-America.com\",\"description\":\"\",\"publisher\":{\"@id\":\"https:\/\/noti-america.com\/site\/espana\/#organization\"},\"potentialAction\":[{\"@type\":\"SearchAction\",\"target\":{\"@type\":\"EntryPoint\",\"urlTemplate\":\"https:\/\/noti-america.com\/site\/espana\/?s={search_term_string}\"},\"query-input\":{\"@type\":\"PropertyValueSpecification\",\"valueRequired\":true,\"valueName\":\"search_term_string\"}}],\"inLanguage\":\"es\"},{\"@type\":\"Organization\",\"@id\":\"https:\/\/noti-america.com\/site\/espana\/#organization\",\"name\":\"Noti-America LLC | Espa\u00f1a\",\"url\":\"https:\/\/noti-america.com\/site\/espana\/\",\"logo\":{\"@type\":\"ImageObject\",\"inLanguage\":\"es\",\"@id\":\"https:\/\/noti-america.com\/site\/espana\/#\/schema\/logo\/image\/\",\"url\":\"https:\/\/noti-america.com\/site\/espana\/wp-content\/uploads\/sites\/25\/2020\/07\/LogoNA-4x3-1.jpg\",\"contentUrl\":\"https:\/\/noti-america.com\/site\/espana\/wp-content\/uploads\/sites\/25\/2020\/07\/LogoNA-4x3-1.jpg\",\"width\":1236,\"height\":1080,\"caption\":\"Noti-America LLC | Espa\u00f1a\"},\"image\":{\"@id\":\"https:\/\/noti-america.com\/site\/espana\/#\/schema\/logo\/image\/\"},\"sameAs\":[\"https:\/\/x.com\/notiamerica\"]},{\"@type\":\"Person\",\"@id\":\"https:\/\/noti-america.com\/site\/espana\/#\/schema\/person\/fd58dbfb92a257e9dc5761bf69a855ff\",\"name\":\"Rosmer Herrera\",\"image\":{\"@type\":\"ImageObject\",\"inLanguage\":\"es\",\"@id\":\"https:\/\/secure.gravatar.com\/avatar\/153e75c261394dbf20ff1a1e70ea2be9494f2b40b7fc4e7704084db13220ae08?s=96&d=mm&r=g\",\"url\":\"https:\/\/secure.gravatar.com\/avatar\/153e75c261394dbf20ff1a1e70ea2be9494f2b40b7fc4e7704084db13220ae08?s=96&d=mm&r=g\",\"contentUrl\":\"https:\/\/secure.gravatar.com\/avatar\/153e75c261394dbf20ff1a1e70ea2be9494f2b40b7fc4e7704084db13220ae08?s=96&d=mm&r=g\",\"caption\":\"Rosmer Herrera\"},\"url\":\"https:\/\/noti-america.com\/site\/espana\/author\/rosmer33\/\"}]}<\/script>\n<!-- \/ Yoast SEO Premium plugin. -->","yoast_head_json":{"title":"\u00a1Cuidado! La fiebre del Nilo podr\u00eda extenderse por toda Espa\u00f1a - Espa\u00f1a | Noti-America.com","robots":{"index":"index","follow":"follow","max-snippet":"max-snippet:-1","max-image-preview":"max-image-preview:large","max-video-preview":"max-video-preview:-1"},"canonical":"https:\/\/noti-america.com\/site\/espana\/2020\/08\/22\/cuidado-la-fiebre-del-nilo-podria-extenderse-por-toda-espana\/","og_locale":"es_ES","og_type":"article","og_title":"\u00a1Cuidado! La fiebre del Nilo podr\u00eda extenderse por toda Espa\u00f1a","og_description":"Con informaci\u00f3n de ABC.es El virus presenta m\u00e1s riesgos para personas de m\u00e1s edad o con enfermedades cr\u00f3nicas como diabetes, c\u00e1ncer o aquellas que requieren medicaci\u00f3n inmunodepresora Espa\u00f1a se ha visto afectada recientemente por&#46;&#46;&#46;","og_url":"https:\/\/noti-america.com\/site\/espana\/2020\/08\/22\/cuidado-la-fiebre-del-nilo-podria-extenderse-por-toda-espana\/","og_site_name":"Espa\u00f1a | Noti-America.com","article_published_time":"2020-08-22T07:20:52+00:00","article_modified_time":"2020-08-22T11:21:06+00:00","og_image":[{"width":700,"height":500,"url":"https:\/\/noti-america.com\/site\/espana\/wp-content\/uploads\/sites\/25\/2020\/08\/c950e6bd6909ab5c32b5465d25099d43.jpg","type":"image\/jpeg"}],"author":"Rosmer Herrera","twitter_card":"summary_large_image","twitter_creator":"@notiamerica","twitter_site":"@notiamerica","twitter_misc":{"Escrito por":"Rosmer Herrera","Tiempo estimado de lectura":"2 minutos"},"schema":{"@context":"https:\/\/schema.org","@graph":[{"@type":"Article","@id":"https:\/\/noti-america.com\/site\/espana\/2020\/08\/22\/cuidado-la-fiebre-del-nilo-podria-extenderse-por-toda-espana\/#article","isPartOf":{"@id":"https:\/\/noti-america.com\/site\/espana\/2020\/08\/22\/cuidado-la-fiebre-del-nilo-podria-extenderse-por-toda-espana\/"},"author":{"name":"Rosmer Herrera","@id":"https:\/\/noti-america.com\/site\/espana\/#\/schema\/person\/fd58dbfb92a257e9dc5761bf69a855ff"},"headline":"\u00a1Cuidado! La fiebre del Nilo podr\u00eda extenderse por toda Espa\u00f1a","datePublished":"2020-08-22T07:20:52+00:00","dateModified":"2020-08-22T11:21:06+00:00","mainEntityOfPage":{"@id":"https:\/\/noti-america.com\/site\/espana\/2020\/08\/22\/cuidado-la-fiebre-del-nilo-podria-extenderse-por-toda-espana\/"},"wordCount":391,"commentCount":0,"publisher":{"@id":"https:\/\/noti-america.com\/site\/espana\/#organization"},"image":{"@id":"https:\/\/noti-america.com\/site\/espana\/2020\/08\/22\/cuidado-la-fiebre-del-nilo-podria-extenderse-por-toda-espana\/#primaryimage"},"thumbnailUrl":"https:\/\/noti-america.com\/site\/espana\/wp-content\/uploads\/sites\/25\/2020\/08\/c950e6bd6909ab5c32b5465d25099d43.jpg","articleSection":["Actualidad","Vida y Salud"],"inLanguage":"es","potentialAction":[{"@type":"CommentAction","name":"Comment","target":["https:\/\/noti-america.com\/site\/espana\/2020\/08\/22\/cuidado-la-fiebre-del-nilo-podria-extenderse-por-toda-espana\/#respond"]}]},{"@type":"WebPage","@id":"https:\/\/noti-america.com\/site\/espana\/2020\/08\/22\/cuidado-la-fiebre-del-nilo-podria-extenderse-por-toda-espana\/","url":"https:\/\/noti-america.com\/site\/espana\/2020\/08\/22\/cuidado-la-fiebre-del-nilo-podria-extenderse-por-toda-espana\/","name":"\u00a1Cuidado! La fiebre del Nilo podr\u00eda extenderse por toda Espa\u00f1a - Espa\u00f1a | Noti-America.com","isPartOf":{"@id":"https:\/\/noti-america.com\/site\/espana\/#website"},"primaryImageOfPage":{"@id":"https:\/\/noti-america.com\/site\/espana\/2020\/08\/22\/cuidado-la-fiebre-del-nilo-podria-extenderse-por-toda-espana\/#primaryimage"},"image":{"@id":"https:\/\/noti-america.com\/site\/espana\/2020\/08\/22\/cuidado-la-fiebre-del-nilo-podria-extenderse-por-toda-espana\/#primaryimage"},"thumbnailUrl":"https:\/\/noti-america.com\/site\/espana\/wp-content\/uploads\/sites\/25\/2020\/08\/c950e6bd6909ab5c32b5465d25099d43.jpg","datePublished":"2020-08-22T07:20:52+00:00","dateModified":"2020-08-22T11:21:06+00:00","breadcrumb":{"@id":"https:\/\/noti-america.com\/site\/espana\/2020\/08\/22\/cuidado-la-fiebre-del-nilo-podria-extenderse-por-toda-espana\/#breadcrumb"},"inLanguage":"es","potentialAction":[{"@type":"ReadAction","target":["https:\/\/noti-america.com\/site\/espana\/2020\/08\/22\/cuidado-la-fiebre-del-nilo-podria-extenderse-por-toda-espana\/"]}]},{"@type":"ImageObject","inLanguage":"es","@id":"https:\/\/noti-america.com\/site\/espana\/2020\/08\/22\/cuidado-la-fiebre-del-nilo-podria-extenderse-por-toda-espana\/#primaryimage","url":"https:\/\/noti-america.com\/site\/espana\/wp-content\/uploads\/sites\/25\/2020\/08\/c950e6bd6909ab5c32b5465d25099d43.jpg","contentUrl":"https:\/\/noti-america.com\/site\/espana\/wp-content\/uploads\/sites\/25\/2020\/08\/c950e6bd6909ab5c32b5465d25099d43.jpg","width":700,"height":500},{"@type":"BreadcrumbList","@id":"https:\/\/noti-america.com\/site\/espana\/2020\/08\/22\/cuidado-la-fiebre-del-nilo-podria-extenderse-por-toda-espana\/#breadcrumb","itemListElement":[{"@type":"ListItem","position":1,"name":"Portada","item":"https:\/\/noti-america.com\/site\/espana\/"},{"@type":"ListItem","position":2,"name":"\u00a1Cuidado! La fiebre del Nilo podr\u00eda extenderse por toda Espa\u00f1a"}]},{"@type":"WebSite","@id":"https:\/\/noti-america.com\/site\/espana\/#website","url":"https:\/\/noti-america.com\/site\/espana\/","name":"Espa\u00f1a | Noti-America.com","description":"","publisher":{"@id":"https:\/\/noti-america.com\/site\/espana\/#organization"},"potentialAction":[{"@type":"SearchAction","target":{"@type":"EntryPoint","urlTemplate":"https:\/\/noti-america.com\/site\/espana\/?s={search_term_string}"},"query-input":{"@type":"PropertyValueSpecification","valueRequired":true,"valueName":"search_term_string"}}],"inLanguage":"es"},{"@type":"Organization","@id":"https:\/\/noti-america.com\/site\/espana\/#organization","name":"Noti-America LLC | Espa\u00f1a","url":"https:\/\/noti-america.com\/site\/espana\/","logo":{"@type":"ImageObject","inLanguage":"es","@id":"https:\/\/noti-america.com\/site\/espana\/#\/schema\/logo\/image\/","url":"https:\/\/noti-america.com\/site\/espana\/wp-content\/uploads\/sites\/25\/2020\/07\/LogoNA-4x3-1.jpg","contentUrl":"https:\/\/noti-america.com\/site\/espana\/wp-content\/uploads\/sites\/25\/2020\/07\/LogoNA-4x3-1.jpg","width":1236,"height":1080,"caption":"Noti-America LLC | Espa\u00f1a"},"image":{"@id":"https:\/\/noti-america.com\/site\/espana\/#\/schema\/logo\/image\/"},"sameAs":["https:\/\/x.com\/notiamerica"]},{"@type":"Person","@id":"https:\/\/noti-america.com\/site\/espana\/#\/schema\/person\/fd58dbfb92a257e9dc5761bf69a855ff","name":"Rosmer Herrera","image":{"@type":"ImageObject","inLanguage":"es","@id":"https:\/\/secure.gravatar.com\/avatar\/153e75c261394dbf20ff1a1e70ea2be9494f2b40b7fc4e7704084db13220ae08?s=96&d=mm&r=g","url":"https:\/\/secure.gravatar.com\/avatar\/153e75c261394dbf20ff1a1e70ea2be9494f2b40b7fc4e7704084db13220ae08?s=96&d=mm&r=g","contentUrl":"https:\/\/secure.gravatar.com\/avatar\/153e75c261394dbf20ff1a1e70ea2be9494f2b40b7fc4e7704084db13220ae08?s=96&d=mm&r=g","caption":"Rosmer Herrera"},"url":"https:\/\/noti-america.com\/site\/espana\/author\/rosmer33\/"}]}},"_links":{"self":[{"href":"https:\/\/noti-america.com\/site\/espana\/wp-json\/wp\/v2\/posts\/2858","targetHints":{"allow":["GET"]}}],"collection":[{"href":"https:\/\/noti-america.com\/site\/espana\/wp-json\/wp\/v2\/posts"}],"about":[{"href":"https:\/\/noti-america.com\/site\/espana\/wp-json\/wp\/v2\/types\/post"}],"author":[{"embeddable":true,"href":"https:\/\/noti-america.com\/site\/espana\/wp-json\/wp\/v2\/users\/1"}],"replies":[{"embeddable":true,"href":"https:\/\/noti-america.com\/site\/espana\/wp-json\/wp\/v2\/comments?post=2858"}],"version-history":[{"count":1,"href":"https:\/\/noti-america.com\/site\/espana\/wp-json\/wp\/v2\/posts\/2858\/revisions"}],"predecessor-version":[{"id":2860,"href":"https:\/\/noti-america.com\/site\/espana\/wp-json\/wp\/v2\/posts\/2858\/revisions\/2860"}],"wp:featuredmedia":[{"embeddable":true,"href":"https:\/\/noti-america.com\/site\/espana\/wp-json\/wp\/v2\/media\/2859"}],"wp:attachment":[{"href":"https:\/\/noti-america.com\/site\/espana\/wp-json\/wp\/v2\/media?parent=2858"}],"wp:term":[{"taxonomy":"category","embeddable":true,"href":"https:\/\/noti-america.com\/site\/espana\/wp-json\/wp\/v2\/categories?post=2858"},{"taxonomy":"post_tag","embeddable":true,"href":"https:\/\/noti-america.com\/site\/espana\/wp-json\/wp\/v2\/tags?post=2858"}],"curies":[{"name":"wp","href":"https:\/\/api.w.org\/{rel}","templated":true}]}}