{"id":2613,"date":"2020-08-06T05:35:11","date_gmt":"2020-08-06T05:35:11","guid":{"rendered":"https:\/\/noti-america.com\/site\/espana\/?p=2613"},"modified":"2020-08-06T05:35:11","modified_gmt":"2020-08-06T05:35:11","slug":"la-fundacion-ciencias-de-la-documentacion-impulsa-el-liderazgo-femenino-a-traves-de-la-red-mujeres-lideres-de-las-americas","status":"publish","type":"post","link":"https:\/\/noti-america.com\/site\/espana\/2020\/08\/06\/la-fundacion-ciencias-de-la-documentacion-impulsa-el-liderazgo-femenino-a-traves-de-la-red-mujeres-lideres-de-las-americas\/","title":{"rendered":"La  Fundaci\u00f3n Ciencias de la Documentaci\u00f3n impulsa el liderazgo femenino a trav\u00e9s de la Red Mujeres L\u00edderes de las Am\u00e9ricas"},"content":{"rendered":"<p>NOTI-AM\u00c9RICA (ESPA\u00d1A)<\/p>\n<p>&nbsp;<\/p>\n<p style=\"text-align: justify\">Desde la constituci\u00f3n de la <em>Fundaci\u00f3n Ciencias de la Documentaci\u00f3n <\/em>en el 2005, siempre hemos considerado que adem\u00e1s de trabajar con aquellas mujeres que piensan por si mismas, es esencial dar un paso m\u00e1s all\u00e1 y crear espacios de encuentro entre mujeres con diferentes responsabilidades, de distintos \u00e1mbitos y, sobre todo, con diferentes visiones, para trabajar con objetivos comunes que contribuyan a la igualdad real de las mujeres y \u00a0apoyando la consecuci\u00f3n de la igualdad de g\u00e9nero en el marco de derechos humanos.<\/p>\n<p style=\"text-align: justify\">Con esa premisa pusimos en marcha el <em>Proyecto #MujeresLideresAmerica<\/em> que inicialmente se nutri\u00f3 de un Comit\u00e9 compuesto por mujeres de toda hispanoamerica que en su trabajo se desempe\u00f1an en distintos \u00e1mbitos de nuestra sociedad, pero quisimos dar un paso m\u00e1s alla a trav\u00e9s de la <em>Red de Mujeres L\u00edderes<\/em> como un espacio para poder encontrarse, conocerse, compartir proyectos, conocer buenas pr\u00e1cticas, coordinarnos \u2026 en pocas palabras, donde estar informadas y a la vez informar de nuestros proyectos: tejer REDES para el empoderamiento de las mujeres porque la diversidad de las mujeres es positiva y nos enriquece, \u00a0en condiciones de igualdad de todos sus derechos humanos.<\/p>\n<p style=\"text-align: justify\">En definitiva, la Red\u00a0Mujeres L\u00edderes de la Am\u00e9ricas conecta, inspira e impulsa a mujeres de las \u00e1reas pol\u00edtica, empresarial y social de 24 pa\u00edses formando una\u00a0corriente mundial de conexiones\u00a0y networking y est\u00e1 dedicada a las mujeres que quieren trabajar en un espacio motivador e innovador desde donde potenciar su carrera profesional o mejorar su marca personal, tanto en la esfera p\u00fablica como privada. Desde la Red impulsamos distintas acciones sociales innovadoras centradas en la realizaci\u00f3n de eventos, formaci\u00f3n y difusi\u00f3n \/ concienciaci\u00f3n, tanto de forma f\u00edsica como virtual y se puede ser parte desde https:\/\/documentalistas.org\/es\/redml<\/p>\n<p style=\"text-align: justify\">Entre las actividades realizadas destacamos el <em>Congreso\u00a0Liderazgo Femenino: Retos y oportunidades en un mundo globalizado,<\/em> que se celebr\u00f3 en junio pasado y en donde participaron 70 conferencistas y m\u00e1s de 2.600 inscritos de m\u00e1s de 24 pa\u00edses para disfrutar de dos intensas jornadas donde se impuls\u00f3 el empoderamiento y liderazgo femenino, todos los Talleres y Conferencias presentadas est\u00e1n disponibles desde el Canal Youtube https:\/\/www.youtube.com\/user\/fundacioncd<\/p>\n<p style=\"text-align: justify\">Y en estos momentos en donde la incorporaci\u00f3n de las mujeres a mercado laboral se ha realizado de una forma masiva y en el que el valor m\u00e1s importante de una organizaci\u00f3n es el potencial humano, dependiendo en gran medida de las habilidades personales de sus empleados y gracias a las ideas y a la innovaci\u00f3n. Nos hemos puesto en marcha en el Postgrado virtual \u00abHabilidades para el liderazgo\u00bb en donde se abordar\u00e1n las competencias y cualidades que tradicionalmente son reconocidas como parte del talento femenino.<\/p>\n<p style=\"text-align: justify\">Se trata de las habilidades innatas en la mujer que tienen que ver con la capacidad de escucha, la empat\u00eda, la intuici\u00f3n y la preocupaci\u00f3n por el bienestar de los dem\u00e1s y desde ya las invitamos a todas a participar https:\/\/documentalistas.org\/es\/habilidadesliderazgo<\/p>\n<p style=\"text-align: justify\">No queda sino agradecer a Carbery Mitchell su invitaci\u00f3n para esta publicaci\u00f3n y finalizar destacando que aunque en la actualidad se comprenden y defienden mejor los derechos humanos de las mujeres y las ni\u00f1as, todav\u00eda es necesario que estos se vuelvan una realidad para todas las mujeres y todas las ni\u00f1as.<\/p>\n<p style=\"text-align: justify\"><strong><em>Sin discriminaci\u00f3n. Sin exclusi\u00f3n. Sin excepciones.<\/em><\/strong><\/p>\n<p>&nbsp;<\/p>\n<p>Por M\u00aa Auxiliadora Mart\u00edn Gallardo \u2013 TW @auxifcd<\/p>\n<p>Fundadora y Coordinadora de #MujeresLideresAmerica<\/p>\n<p>Secretaria General de la Fundaci\u00f3n Ciencias de la Documentaci\u00f3n<\/p>\n<p><strong>https:\/\/documentalistas.org\/es<\/strong><\/p>\n<p>&nbsp;<\/p>\n<p><strong>Grupo oficial en LinkedIn de #MujeresLideres<\/strong><\/p>\n<p>https:\/\/www.linkedin.com\/groups\/5116572<\/p>\n<p>&nbsp;<\/p>\n<p><img loading=\"lazy\" decoding=\"async\" class=\"alignnone size-medium wp-image-2614\" src=\"https:\/\/noti-america.com\/site\/espana\/wp-content\/uploads\/sites\/25\/2020\/08\/logo_fcd-300x56.png\" alt=\"\" width=\"300\" height=\"56\" srcset=\"https:\/\/noti-america.com\/site\/espana\/wp-content\/uploads\/sites\/25\/2020\/08\/logo_fcd-300x56.png 300w, https:\/\/noti-america.com\/site\/espana\/wp-content\/uploads\/sites\/25\/2020\/08\/logo_fcd.png 647w\" sizes=\"auto, (max-width: 300px) 100vw, 300px\" \/><\/p>\n","protected":false},"excerpt":{"rendered":"<p>NOTI-AM\u00c9RICA (ESPA\u00d1A) &nbsp; Desde la constituci\u00f3n de la Fundaci\u00f3n Ciencias de la Documentaci\u00f3n en el 2005, siempre hemos considerado que adem\u00e1s de trabajar con aquellas mujeres que piensan por si mismas, es esencial dar&#46;&#46;&#46;<\/p>\n","protected":false},"author":87,"featured_media":2615,"comment_status":"open","ping_status":"open","sticky":false,"template":"","format":"image","meta":{"_acf_changed":false,"om_disable_all_campaigns":false,"rop_custom_images_group":[],"rop_custom_messages_group":[],"rop_publish_now":"initial","rop_publish_now_accounts":[],"rop_publish_now_history":[],"rop_publish_now_status":"pending","_uf_show_specific_survey":0,"_uf_disable_surveys":false,"footnotes":""},"categories":[150],"tags":[],"class_list":["post-2613","post","type-post","status-publish","format-image","has-post-thumbnail","hentry","category-empresarios","post_format-post-format-image"],"acf":[],"aioseo_notices":[],"yoast_head":"<!-- This site is optimized with the Yoast SEO Premium plugin v24.9 (Yoast SEO v27.2) - https:\/\/yoast.com\/product\/yoast-seo-premium-wordpress\/ -->\n<title>La Fundaci\u00f3n Ciencias de la Documentaci\u00f3n impulsa el liderazgo femenino a trav\u00e9s de la Red Mujeres L\u00edderes de las Am\u00e9ricas - Espa\u00f1a | Noti-America.com<\/title>\n<meta name=\"robots\" content=\"index, follow, max-snippet:-1, max-image-preview:large, max-video-preview:-1\" \/>\n<link rel=\"canonical\" href=\"https:\/\/noti-america.com\/site\/espana\/2020\/08\/06\/la-fundacion-ciencias-de-la-documentacion-impulsa-el-liderazgo-femenino-a-traves-de-la-red-mujeres-lideres-de-las-americas\/\" \/>\n<meta property=\"og:locale\" content=\"es_ES\" \/>\n<meta property=\"og:type\" content=\"article\" \/>\n<meta property=\"og:title\" content=\"La Fundaci\u00f3n Ciencias de la Documentaci\u00f3n impulsa el liderazgo femenino a trav\u00e9s de la Red Mujeres L\u00edderes de las Am\u00e9ricas\" \/>\n<meta property=\"og:description\" content=\"NOTI-AM\u00c9RICA (ESPA\u00d1A) &nbsp; Desde la constituci\u00f3n de la Fundaci\u00f3n Ciencias de la Documentaci\u00f3n en el 2005, siempre hemos considerado que adem\u00e1s de trabajar con aquellas mujeres que piensan por si mismas, es esencial dar&#046;&#046;&#046;\" \/>\n<meta property=\"og:url\" content=\"https:\/\/noti-america.com\/site\/espana\/2020\/08\/06\/la-fundacion-ciencias-de-la-documentacion-impulsa-el-liderazgo-femenino-a-traves-de-la-red-mujeres-lideres-de-las-americas\/\" \/>\n<meta property=\"og:site_name\" content=\"Espa\u00f1a | Noti-America.com\" \/>\n<meta property=\"article:published_time\" content=\"2020-08-06T05:35:11+00:00\" \/>\n<meta property=\"og:image\" content=\"https:\/\/noti-america.com\/site\/espana\/wp-content\/uploads\/sites\/25\/2020\/08\/AuxiMG.jpg\" \/>\n\t<meta property=\"og:image:width\" content=\"2554\" \/>\n\t<meta property=\"og:image:height\" content=\"1702\" \/>\n\t<meta property=\"og:image:type\" content=\"image\/jpeg\" \/>\n<meta name=\"author\" content=\"CAMH\" \/>\n<meta name=\"twitter:card\" content=\"summary_large_image\" \/>\n<meta name=\"twitter:creator\" content=\"@notiamerica\" \/>\n<meta name=\"twitter:site\" content=\"@notiamerica\" \/>\n<meta name=\"twitter:label1\" content=\"Escrito por\" \/>\n\t<meta name=\"twitter:data1\" content=\"CAMH\" \/>\n\t<meta name=\"twitter:label2\" content=\"Tiempo estimado de lectura\" \/>\n\t<meta name=\"twitter:data2\" content=\"3 minutos\" \/>\n<script type=\"application\/ld+json\" class=\"yoast-schema-graph\">{\"@context\":\"https:\/\/schema.org\",\"@graph\":[{\"@type\":\"Article\",\"@id\":\"https:\/\/noti-america.com\/site\/espana\/2020\/08\/06\/la-fundacion-ciencias-de-la-documentacion-impulsa-el-liderazgo-femenino-a-traves-de-la-red-mujeres-lideres-de-las-americas\/#article\",\"isPartOf\":{\"@id\":\"https:\/\/noti-america.com\/site\/espana\/2020\/08\/06\/la-fundacion-ciencias-de-la-documentacion-impulsa-el-liderazgo-femenino-a-traves-de-la-red-mujeres-lideres-de-las-americas\/\"},\"author\":{\"name\":\"CAMH\",\"@id\":\"https:\/\/noti-america.com\/site\/espana\/#\/schema\/person\/e13880b4308eea6926b271284605ef72\"},\"headline\":\"La Fundaci\u00f3n Ciencias de la Documentaci\u00f3n impulsa el liderazgo femenino a trav\u00e9s de la Red Mujeres L\u00edderes de las Am\u00e9ricas\",\"datePublished\":\"2020-08-06T05:35:11+00:00\",\"mainEntityOfPage\":{\"@id\":\"https:\/\/noti-america.com\/site\/espana\/2020\/08\/06\/la-fundacion-ciencias-de-la-documentacion-impulsa-el-liderazgo-femenino-a-traves-de-la-red-mujeres-lideres-de-las-americas\/\"},\"wordCount\":655,\"commentCount\":0,\"publisher\":{\"@id\":\"https:\/\/noti-america.com\/site\/espana\/#organization\"},\"image\":{\"@id\":\"https:\/\/noti-america.com\/site\/espana\/2020\/08\/06\/la-fundacion-ciencias-de-la-documentacion-impulsa-el-liderazgo-femenino-a-traves-de-la-red-mujeres-lideres-de-las-americas\/#primaryimage\"},\"thumbnailUrl\":\"https:\/\/noti-america.com\/site\/espana\/wp-content\/uploads\/sites\/25\/2020\/08\/AuxiMG.jpg\",\"articleSection\":[\"Empresarios\"],\"inLanguage\":\"es\",\"potentialAction\":[{\"@type\":\"CommentAction\",\"name\":\"Comment\",\"target\":[\"https:\/\/noti-america.com\/site\/espana\/2020\/08\/06\/la-fundacion-ciencias-de-la-documentacion-impulsa-el-liderazgo-femenino-a-traves-de-la-red-mujeres-lideres-de-las-americas\/#respond\"]}]},{\"@type\":\"WebPage\",\"@id\":\"https:\/\/noti-america.com\/site\/espana\/2020\/08\/06\/la-fundacion-ciencias-de-la-documentacion-impulsa-el-liderazgo-femenino-a-traves-de-la-red-mujeres-lideres-de-las-americas\/\",\"url\":\"https:\/\/noti-america.com\/site\/espana\/2020\/08\/06\/la-fundacion-ciencias-de-la-documentacion-impulsa-el-liderazgo-femenino-a-traves-de-la-red-mujeres-lideres-de-las-americas\/\",\"name\":\"La Fundaci\u00f3n Ciencias de la Documentaci\u00f3n impulsa el liderazgo femenino a trav\u00e9s de la Red Mujeres L\u00edderes de las Am\u00e9ricas - Espa\u00f1a | Noti-America.com\",\"isPartOf\":{\"@id\":\"https:\/\/noti-america.com\/site\/espana\/#website\"},\"primaryImageOfPage\":{\"@id\":\"https:\/\/noti-america.com\/site\/espana\/2020\/08\/06\/la-fundacion-ciencias-de-la-documentacion-impulsa-el-liderazgo-femenino-a-traves-de-la-red-mujeres-lideres-de-las-americas\/#primaryimage\"},\"image\":{\"@id\":\"https:\/\/noti-america.com\/site\/espana\/2020\/08\/06\/la-fundacion-ciencias-de-la-documentacion-impulsa-el-liderazgo-femenino-a-traves-de-la-red-mujeres-lideres-de-las-americas\/#primaryimage\"},\"thumbnailUrl\":\"https:\/\/noti-america.com\/site\/espana\/wp-content\/uploads\/sites\/25\/2020\/08\/AuxiMG.jpg\",\"datePublished\":\"2020-08-06T05:35:11+00:00\",\"breadcrumb\":{\"@id\":\"https:\/\/noti-america.com\/site\/espana\/2020\/08\/06\/la-fundacion-ciencias-de-la-documentacion-impulsa-el-liderazgo-femenino-a-traves-de-la-red-mujeres-lideres-de-las-americas\/#breadcrumb\"},\"inLanguage\":\"es\",\"potentialAction\":[{\"@type\":\"ReadAction\",\"target\":[\"https:\/\/noti-america.com\/site\/espana\/2020\/08\/06\/la-fundacion-ciencias-de-la-documentacion-impulsa-el-liderazgo-femenino-a-traves-de-la-red-mujeres-lideres-de-las-americas\/\"]}]},{\"@type\":\"ImageObject\",\"inLanguage\":\"es\",\"@id\":\"https:\/\/noti-america.com\/site\/espana\/2020\/08\/06\/la-fundacion-ciencias-de-la-documentacion-impulsa-el-liderazgo-femenino-a-traves-de-la-red-mujeres-lideres-de-las-americas\/#primaryimage\",\"url\":\"https:\/\/noti-america.com\/site\/espana\/wp-content\/uploads\/sites\/25\/2020\/08\/AuxiMG.jpg\",\"contentUrl\":\"https:\/\/noti-america.com\/site\/espana\/wp-content\/uploads\/sites\/25\/2020\/08\/AuxiMG.jpg\",\"width\":2554,\"height\":1702},{\"@type\":\"BreadcrumbList\",\"@id\":\"https:\/\/noti-america.com\/site\/espana\/2020\/08\/06\/la-fundacion-ciencias-de-la-documentacion-impulsa-el-liderazgo-femenino-a-traves-de-la-red-mujeres-lideres-de-las-americas\/#breadcrumb\",\"itemListElement\":[{\"@type\":\"ListItem\",\"position\":1,\"name\":\"Portada\",\"item\":\"https:\/\/noti-america.com\/site\/espana\/\"},{\"@type\":\"ListItem\",\"position\":2,\"name\":\"La Fundaci\u00f3n Ciencias de la Documentaci\u00f3n impulsa el liderazgo femenino a trav\u00e9s de la Red Mujeres L\u00edderes de las Am\u00e9ricas\"}]},{\"@type\":\"WebSite\",\"@id\":\"https:\/\/noti-america.com\/site\/espana\/#website\",\"url\":\"https:\/\/noti-america.com\/site\/espana\/\",\"name\":\"Espa\u00f1a | Noti-America.com\",\"description\":\"\",\"publisher\":{\"@id\":\"https:\/\/noti-america.com\/site\/espana\/#organization\"},\"potentialAction\":[{\"@type\":\"SearchAction\",\"target\":{\"@type\":\"EntryPoint\",\"urlTemplate\":\"https:\/\/noti-america.com\/site\/espana\/?s={search_term_string}\"},\"query-input\":{\"@type\":\"PropertyValueSpecification\",\"valueRequired\":true,\"valueName\":\"search_term_string\"}}],\"inLanguage\":\"es\"},{\"@type\":\"Organization\",\"@id\":\"https:\/\/noti-america.com\/site\/espana\/#organization\",\"name\":\"Noti-America LLC | Espa\u00f1a\",\"url\":\"https:\/\/noti-america.com\/site\/espana\/\",\"logo\":{\"@type\":\"ImageObject\",\"inLanguage\":\"es\",\"@id\":\"https:\/\/noti-america.com\/site\/espana\/#\/schema\/logo\/image\/\",\"url\":\"https:\/\/noti-america.com\/site\/espana\/wp-content\/uploads\/sites\/25\/2020\/07\/LogoNA-4x3-1.jpg\",\"contentUrl\":\"https:\/\/noti-america.com\/site\/espana\/wp-content\/uploads\/sites\/25\/2020\/07\/LogoNA-4x3-1.jpg\",\"width\":1236,\"height\":1080,\"caption\":\"Noti-America LLC | Espa\u00f1a\"},\"image\":{\"@id\":\"https:\/\/noti-america.com\/site\/espana\/#\/schema\/logo\/image\/\"},\"sameAs\":[\"https:\/\/x.com\/notiamerica\"]},{\"@type\":\"Person\",\"@id\":\"https:\/\/noti-america.com\/site\/espana\/#\/schema\/person\/e13880b4308eea6926b271284605ef72\",\"name\":\"CAMH\",\"image\":{\"@type\":\"ImageObject\",\"inLanguage\":\"es\",\"@id\":\"https:\/\/secure.gravatar.com\/avatar\/82aa99c723cbed2b304797bc218a5542b5a94d7f5d0ba3b39650aef53c28ecf5?s=96&d=mm&r=g\",\"url\":\"https:\/\/secure.gravatar.com\/avatar\/82aa99c723cbed2b304797bc218a5542b5a94d7f5d0ba3b39650aef53c28ecf5?s=96&d=mm&r=g\",\"contentUrl\":\"https:\/\/secure.gravatar.com\/avatar\/82aa99c723cbed2b304797bc218a5542b5a94d7f5d0ba3b39650aef53c28ecf5?s=96&d=mm&r=g\",\"caption\":\"CAMH\"},\"url\":\"https:\/\/noti-america.com\/site\/espana\/author\/cmitchell\/\"}]}<\/script>\n<!-- \/ Yoast SEO Premium plugin. -->","yoast_head_json":{"title":"La Fundaci\u00f3n Ciencias de la Documentaci\u00f3n impulsa el liderazgo femenino a trav\u00e9s de la Red Mujeres L\u00edderes de las Am\u00e9ricas - Espa\u00f1a | Noti-America.com","robots":{"index":"index","follow":"follow","max-snippet":"max-snippet:-1","max-image-preview":"max-image-preview:large","max-video-preview":"max-video-preview:-1"},"canonical":"https:\/\/noti-america.com\/site\/espana\/2020\/08\/06\/la-fundacion-ciencias-de-la-documentacion-impulsa-el-liderazgo-femenino-a-traves-de-la-red-mujeres-lideres-de-las-americas\/","og_locale":"es_ES","og_type":"article","og_title":"La Fundaci\u00f3n Ciencias de la Documentaci\u00f3n impulsa el liderazgo femenino a trav\u00e9s de la Red Mujeres L\u00edderes de las Am\u00e9ricas","og_description":"NOTI-AM\u00c9RICA (ESPA\u00d1A) &nbsp; Desde la constituci\u00f3n de la Fundaci\u00f3n Ciencias de la Documentaci\u00f3n en el 2005, siempre hemos considerado que adem\u00e1s de trabajar con aquellas mujeres que piensan por si mismas, es esencial dar&#46;&#46;&#46;","og_url":"https:\/\/noti-america.com\/site\/espana\/2020\/08\/06\/la-fundacion-ciencias-de-la-documentacion-impulsa-el-liderazgo-femenino-a-traves-de-la-red-mujeres-lideres-de-las-americas\/","og_site_name":"Espa\u00f1a | Noti-America.com","article_published_time":"2020-08-06T05:35:11+00:00","og_image":[{"width":2554,"height":1702,"url":"https:\/\/noti-america.com\/site\/espana\/wp-content\/uploads\/sites\/25\/2020\/08\/AuxiMG.jpg","type":"image\/jpeg"}],"author":"CAMH","twitter_card":"summary_large_image","twitter_creator":"@notiamerica","twitter_site":"@notiamerica","twitter_misc":{"Escrito por":"CAMH","Tiempo estimado de lectura":"3 minutos"},"schema":{"@context":"https:\/\/schema.org","@graph":[{"@type":"Article","@id":"https:\/\/noti-america.com\/site\/espana\/2020\/08\/06\/la-fundacion-ciencias-de-la-documentacion-impulsa-el-liderazgo-femenino-a-traves-de-la-red-mujeres-lideres-de-las-americas\/#article","isPartOf":{"@id":"https:\/\/noti-america.com\/site\/espana\/2020\/08\/06\/la-fundacion-ciencias-de-la-documentacion-impulsa-el-liderazgo-femenino-a-traves-de-la-red-mujeres-lideres-de-las-americas\/"},"author":{"name":"CAMH","@id":"https:\/\/noti-america.com\/site\/espana\/#\/schema\/person\/e13880b4308eea6926b271284605ef72"},"headline":"La Fundaci\u00f3n Ciencias de la Documentaci\u00f3n impulsa el liderazgo femenino a trav\u00e9s de la Red Mujeres L\u00edderes de las Am\u00e9ricas","datePublished":"2020-08-06T05:35:11+00:00","mainEntityOfPage":{"@id":"https:\/\/noti-america.com\/site\/espana\/2020\/08\/06\/la-fundacion-ciencias-de-la-documentacion-impulsa-el-liderazgo-femenino-a-traves-de-la-red-mujeres-lideres-de-las-americas\/"},"wordCount":655,"commentCount":0,"publisher":{"@id":"https:\/\/noti-america.com\/site\/espana\/#organization"},"image":{"@id":"https:\/\/noti-america.com\/site\/espana\/2020\/08\/06\/la-fundacion-ciencias-de-la-documentacion-impulsa-el-liderazgo-femenino-a-traves-de-la-red-mujeres-lideres-de-las-americas\/#primaryimage"},"thumbnailUrl":"https:\/\/noti-america.com\/site\/espana\/wp-content\/uploads\/sites\/25\/2020\/08\/AuxiMG.jpg","articleSection":["Empresarios"],"inLanguage":"es","potentialAction":[{"@type":"CommentAction","name":"Comment","target":["https:\/\/noti-america.com\/site\/espana\/2020\/08\/06\/la-fundacion-ciencias-de-la-documentacion-impulsa-el-liderazgo-femenino-a-traves-de-la-red-mujeres-lideres-de-las-americas\/#respond"]}]},{"@type":"WebPage","@id":"https:\/\/noti-america.com\/site\/espana\/2020\/08\/06\/la-fundacion-ciencias-de-la-documentacion-impulsa-el-liderazgo-femenino-a-traves-de-la-red-mujeres-lideres-de-las-americas\/","url":"https:\/\/noti-america.com\/site\/espana\/2020\/08\/06\/la-fundacion-ciencias-de-la-documentacion-impulsa-el-liderazgo-femenino-a-traves-de-la-red-mujeres-lideres-de-las-americas\/","name":"La Fundaci\u00f3n Ciencias de la Documentaci\u00f3n impulsa el liderazgo femenino a trav\u00e9s de la Red Mujeres L\u00edderes de las Am\u00e9ricas - Espa\u00f1a | Noti-America.com","isPartOf":{"@id":"https:\/\/noti-america.com\/site\/espana\/#website"},"primaryImageOfPage":{"@id":"https:\/\/noti-america.com\/site\/espana\/2020\/08\/06\/la-fundacion-ciencias-de-la-documentacion-impulsa-el-liderazgo-femenino-a-traves-de-la-red-mujeres-lideres-de-las-americas\/#primaryimage"},"image":{"@id":"https:\/\/noti-america.com\/site\/espana\/2020\/08\/06\/la-fundacion-ciencias-de-la-documentacion-impulsa-el-liderazgo-femenino-a-traves-de-la-red-mujeres-lideres-de-las-americas\/#primaryimage"},"thumbnailUrl":"https:\/\/noti-america.com\/site\/espana\/wp-content\/uploads\/sites\/25\/2020\/08\/AuxiMG.jpg","datePublished":"2020-08-06T05:35:11+00:00","breadcrumb":{"@id":"https:\/\/noti-america.com\/site\/espana\/2020\/08\/06\/la-fundacion-ciencias-de-la-documentacion-impulsa-el-liderazgo-femenino-a-traves-de-la-red-mujeres-lideres-de-las-americas\/#breadcrumb"},"inLanguage":"es","potentialAction":[{"@type":"ReadAction","target":["https:\/\/noti-america.com\/site\/espana\/2020\/08\/06\/la-fundacion-ciencias-de-la-documentacion-impulsa-el-liderazgo-femenino-a-traves-de-la-red-mujeres-lideres-de-las-americas\/"]}]},{"@type":"ImageObject","inLanguage":"es","@id":"https:\/\/noti-america.com\/site\/espana\/2020\/08\/06\/la-fundacion-ciencias-de-la-documentacion-impulsa-el-liderazgo-femenino-a-traves-de-la-red-mujeres-lideres-de-las-americas\/#primaryimage","url":"https:\/\/noti-america.com\/site\/espana\/wp-content\/uploads\/sites\/25\/2020\/08\/AuxiMG.jpg","contentUrl":"https:\/\/noti-america.com\/site\/espana\/wp-content\/uploads\/sites\/25\/2020\/08\/AuxiMG.jpg","width":2554,"height":1702},{"@type":"BreadcrumbList","@id":"https:\/\/noti-america.com\/site\/espana\/2020\/08\/06\/la-fundacion-ciencias-de-la-documentacion-impulsa-el-liderazgo-femenino-a-traves-de-la-red-mujeres-lideres-de-las-americas\/#breadcrumb","itemListElement":[{"@type":"ListItem","position":1,"name":"Portada","item":"https:\/\/noti-america.com\/site\/espana\/"},{"@type":"ListItem","position":2,"name":"La Fundaci\u00f3n Ciencias de la Documentaci\u00f3n impulsa el liderazgo femenino a trav\u00e9s de la Red Mujeres L\u00edderes de las Am\u00e9ricas"}]},{"@type":"WebSite","@id":"https:\/\/noti-america.com\/site\/espana\/#website","url":"https:\/\/noti-america.com\/site\/espana\/","name":"Espa\u00f1a | Noti-America.com","description":"","publisher":{"@id":"https:\/\/noti-america.com\/site\/espana\/#organization"},"potentialAction":[{"@type":"SearchAction","target":{"@type":"EntryPoint","urlTemplate":"https:\/\/noti-america.com\/site\/espana\/?s={search_term_string}"},"query-input":{"@type":"PropertyValueSpecification","valueRequired":true,"valueName":"search_term_string"}}],"inLanguage":"es"},{"@type":"Organization","@id":"https:\/\/noti-america.com\/site\/espana\/#organization","name":"Noti-America LLC | Espa\u00f1a","url":"https:\/\/noti-america.com\/site\/espana\/","logo":{"@type":"ImageObject","inLanguage":"es","@id":"https:\/\/noti-america.com\/site\/espana\/#\/schema\/logo\/image\/","url":"https:\/\/noti-america.com\/site\/espana\/wp-content\/uploads\/sites\/25\/2020\/07\/LogoNA-4x3-1.jpg","contentUrl":"https:\/\/noti-america.com\/site\/espana\/wp-content\/uploads\/sites\/25\/2020\/07\/LogoNA-4x3-1.jpg","width":1236,"height":1080,"caption":"Noti-America LLC | Espa\u00f1a"},"image":{"@id":"https:\/\/noti-america.com\/site\/espana\/#\/schema\/logo\/image\/"},"sameAs":["https:\/\/x.com\/notiamerica"]},{"@type":"Person","@id":"https:\/\/noti-america.com\/site\/espana\/#\/schema\/person\/e13880b4308eea6926b271284605ef72","name":"CAMH","image":{"@type":"ImageObject","inLanguage":"es","@id":"https:\/\/secure.gravatar.com\/avatar\/82aa99c723cbed2b304797bc218a5542b5a94d7f5d0ba3b39650aef53c28ecf5?s=96&d=mm&r=g","url":"https:\/\/secure.gravatar.com\/avatar\/82aa99c723cbed2b304797bc218a5542b5a94d7f5d0ba3b39650aef53c28ecf5?s=96&d=mm&r=g","contentUrl":"https:\/\/secure.gravatar.com\/avatar\/82aa99c723cbed2b304797bc218a5542b5a94d7f5d0ba3b39650aef53c28ecf5?s=96&d=mm&r=g","caption":"CAMH"},"url":"https:\/\/noti-america.com\/site\/espana\/author\/cmitchell\/"}]}},"_links":{"self":[{"href":"https:\/\/noti-america.com\/site\/espana\/wp-json\/wp\/v2\/posts\/2613","targetHints":{"allow":["GET"]}}],"collection":[{"href":"https:\/\/noti-america.com\/site\/espana\/wp-json\/wp\/v2\/posts"}],"about":[{"href":"https:\/\/noti-america.com\/site\/espana\/wp-json\/wp\/v2\/types\/post"}],"author":[{"embeddable":true,"href":"https:\/\/noti-america.com\/site\/espana\/wp-json\/wp\/v2\/users\/87"}],"replies":[{"embeddable":true,"href":"https:\/\/noti-america.com\/site\/espana\/wp-json\/wp\/v2\/comments?post=2613"}],"version-history":[{"count":1,"href":"https:\/\/noti-america.com\/site\/espana\/wp-json\/wp\/v2\/posts\/2613\/revisions"}],"predecessor-version":[{"id":2616,"href":"https:\/\/noti-america.com\/site\/espana\/wp-json\/wp\/v2\/posts\/2613\/revisions\/2616"}],"wp:featuredmedia":[{"embeddable":true,"href":"https:\/\/noti-america.com\/site\/espana\/wp-json\/wp\/v2\/media\/2615"}],"wp:attachment":[{"href":"https:\/\/noti-america.com\/site\/espana\/wp-json\/wp\/v2\/media?parent=2613"}],"wp:term":[{"taxonomy":"category","embeddable":true,"href":"https:\/\/noti-america.com\/site\/espana\/wp-json\/wp\/v2\/categories?post=2613"},{"taxonomy":"post_tag","embeddable":true,"href":"https:\/\/noti-america.com\/site\/espana\/wp-json\/wp\/v2\/tags?post=2613"}],"curies":[{"name":"wp","href":"https:\/\/api.w.org\/{rel}","templated":true}]}}