{"id":2254,"date":"2020-07-17T15:02:36","date_gmt":"2020-07-17T15:02:36","guid":{"rendered":"https:\/\/noti-america.com\/site\/espana\/2020\/07\/17\/crean-un-nuevo-accesorio-para-reducir-las-restricciones-de-movilidad-por-el-covid-19\/"},"modified":"2020-07-17T19:02:49","modified_gmt":"2020-07-17T19:02:49","slug":"crean-un-nuevo-accesorio-para-reducir-las-restricciones-de-movilidad-por-el-covid-19","status":"publish","type":"post","link":"https:\/\/noti-america.com\/site\/espana\/2020\/07\/17\/crean-un-nuevo-accesorio-para-reducir-las-restricciones-de-movilidad-por-el-covid-19\/","title":{"rendered":"Crean un nuevo accesorio para reducir las restricciones de movilidad por el COVID-19"},"content":{"rendered":"<p style=\"text-align: justify;\">Nota de Prensa &#8211; Comunicae Media<\/p>\n<p style=\"text-align: justify;\"><strong>La iniciativa -lanzada al mercado por la asociaci\u00f3n ben\u00e9fica SoyCovidFree- permite a los ciudadanos demostrar su grado de inmunidad frente al coronavirus<\/strong><\/p>\n<p style=\"text-align: justify;\">La telemedicina y la implementaci\u00f3n de las nuevas tecnolog\u00edas en la vida cotidiana han fortalecido las estrategias para\u00a0<strong>controlar la propagaci\u00f3n de el COVID-19 y, en consecuencia, disminuir el n\u00famero de contagios<\/strong>. La popularizaci\u00f3n de men\u00fas QR en los restaurantes y el incremento de\u00a0<em>chatbots<\/em>\u00a0en las p\u00e1ginas p\u00fablicas y hospitalarias son tan solo dos ejemplos de ello.<\/p>\n<p style=\"text-align: justify;\">Lo mismo podr\u00eda decirse del seguimiento de contactos que se lleva a cabo en pa\u00edses como Jap\u00f3n y Suecia, o de los m\u00e9todos de pago\u00a0<em>contactless<\/em>. Cada d\u00eda, son m\u00e1s las iniciativas tecnol\u00f3gicas que se crean para proteger a la humanidad y\u00a0<strong>disminuir el impacto de una segunda ola<\/strong>, como la desarrollada por la\u00a0<a href=\"https:\/\/www.soycovidfree.org\/\" target=\"_blank\" rel=\"noopener noreferrer\">asociaci\u00f3n ben\u00e9fica SoyCovidFree<\/a>.<\/p>\n<p style=\"text-align: justify;\"><strong>La importancia de demostrar el estado de salud al instante<\/strong><br \/>\n<a href=\"https:\/\/soycovidfree.org\/\" target=\"_blank\" rel=\"noopener noreferrer\">SoyCovidFree<\/a>\u00a0busca ayudar a los ciudadanos a adaptarse a la nueva normalidad despu\u00e9s de los \u00faltimos meses de estado de alarma. La idea es\u00a0<strong>reducir las restricciones de movilidad con un dispositivo port\u00e1til y f\u00e1cil de usar<\/strong>\u00a0que permitir\u00e1 que cualquiera pueda demostrar al instante su grado de inmunidad frente al virus.<\/p>\n<p style=\"text-align: justify;\">Se trata de una serie de\u00a0<a href=\"https:\/\/soycovidfree.org\/shop\" target=\"_blank\" rel=\"noopener noreferrer\">pulseras, llaveros y tarjetas con un c\u00f3digo QR<\/a>\u00a0que\u00a0<strong>muestra los datos personales del ciudadano y los resultados de su test de anticuerpos<\/strong>\u00a0o, en su defecto, el alta m\u00e9dica emitida por un centro hospitalario. La portabilidad de estos nuevos accesorios les facilitar\u00e1 las labores de protecci\u00f3n y de prevenci\u00f3n a varios sectores, como establecimientos de hosteler\u00eda y restauraci\u00f3n, aeropuertos, tiendas, museos y salas de espect\u00e1culos.<\/p>\n<p style=\"text-align: justify;\">Los centros de trabajo y las instituciones p\u00fablicas tambi\u00e9n podr\u00e1n beneficiarse de su uso, puesto que les permitir\u00eda\u00a0<strong>acreditar la inmunidad de sus empleados ante el COVID-19<\/strong>, cuidar a sus trabajadores y darle mayor seguridad a los clientes y usuarios.<\/p>\n<p style=\"text-align: justify;\"><strong>Una propuesta solidaria que busca apoyar a los m\u00e1s vulnerables<\/strong><br \/>\nLos\u00a0<a href=\"https:\/\/soycovidfree.org\/shop\" target=\"_blank\" rel=\"noopener noreferrer\">accesorios QR<\/a>\u00a0desarrollados por\u00a0<a href=\"https:\/\/soycovidfree.org\/\" target=\"_blank\" rel=\"noopener noreferrer\">SoyCovidFree<\/a>\u00a0se han lanzado al mercado en distintos formatos, incluyendo opciones para ni\u00f1os. Su precio asequible tiene dos objetivos. El primero, que la mayor cantidad de personas pueda acceder a ellos para evitar un nuevo brote, y el segundo, reunir\u00a0<strong>donaciones para las entidades ben\u00e9ficas que est\u00e9n en la primera l\u00ednea de lucha contra la COVID-19 o sus devastadoras consecuencias<\/strong>.<\/p>\n<p style=\"text-align: justify;\">Los proyectos elegibles son de car\u00e1cter social -es decir, aquellos que atienden las necesidades de las familias m\u00e1s vulnerables- de innovaci\u00f3n tecnol\u00f3gica o de prevenci\u00f3n. Cada donante podr\u00e1 escoger el proyecto de su preferencia al momento de pedir el accesorio QR a trav\u00e9s de la tienda en l\u00ednea de la asociaci\u00f3n.<\/p>\n","protected":false},"excerpt":{"rendered":"<p>Nota de Prensa &#8211; Comunicae Media La iniciativa -lanzada al mercado por la asociaci\u00f3n ben\u00e9fica SoyCovidFree- permite a los ciudadanos demostrar su grado de inmunidad frente al coronavirus La telemedicina y la implementaci\u00f3n de&#46;&#46;&#46;<\/p>\n","protected":false},"author":1,"featured_media":2255,"comment_status":"open","ping_status":"open","sticky":false,"template":"","format":"image","meta":{"_acf_changed":false,"om_disable_all_campaigns":false,"rop_custom_images_group":[],"rop_custom_messages_group":[],"rop_publish_now":"initial","rop_publish_now_accounts":[],"rop_publish_now_history":[],"rop_publish_now_status":"pending","_uf_show_specific_survey":0,"_uf_disable_surveys":false,"footnotes":""},"categories":[136,9],"tags":[],"class_list":["post-2254","post","type-post","status-publish","format-image","has-post-thumbnail","hentry","category-actualidad","category-tecnologia","post_format-post-format-image"],"acf":[],"aioseo_notices":[],"yoast_head":"<!-- This site is optimized with the Yoast SEO Premium plugin v24.9 (Yoast SEO v27.2) - https:\/\/yoast.com\/product\/yoast-seo-premium-wordpress\/ -->\n<title>Crean un nuevo accesorio para reducir las restricciones de movilidad por el COVID-19 - Espa\u00f1a | Noti-America.com<\/title>\n<meta name=\"robots\" content=\"index, follow, max-snippet:-1, max-image-preview:large, max-video-preview:-1\" \/>\n<link rel=\"canonical\" href=\"https:\/\/noti-america.com\/site\/espana\/2020\/07\/17\/crean-un-nuevo-accesorio-para-reducir-las-restricciones-de-movilidad-por-el-covid-19\/\" \/>\n<meta property=\"og:locale\" content=\"es_ES\" \/>\n<meta property=\"og:type\" content=\"article\" \/>\n<meta property=\"og:title\" content=\"Crean un nuevo accesorio para reducir las restricciones de movilidad por el COVID-19\" \/>\n<meta property=\"og:description\" content=\"Nota de Prensa &#8211; Comunicae Media La iniciativa -lanzada al mercado por la asociaci\u00f3n ben\u00e9fica SoyCovidFree- permite a los ciudadanos demostrar su grado de inmunidad frente al coronavirus La telemedicina y la implementaci\u00f3n de&#046;&#046;&#046;\" \/>\n<meta property=\"og:url\" content=\"https:\/\/noti-america.com\/site\/espana\/2020\/07\/17\/crean-un-nuevo-accesorio-para-reducir-las-restricciones-de-movilidad-por-el-covid-19\/\" \/>\n<meta property=\"og:site_name\" content=\"Espa\u00f1a | Noti-America.com\" \/>\n<meta property=\"article:published_time\" content=\"2020-07-17T15:02:36+00:00\" \/>\n<meta property=\"article:modified_time\" content=\"2020-07-17T19:02:49+00:00\" \/>\n<meta property=\"og:image\" content=\"https:\/\/noti-america.com\/site\/espana\/wp-content\/uploads\/sites\/25\/2020\/07\/1594895254_BANNER_1920X1080_2.png\" \/>\n\t<meta property=\"og:image:width\" content=\"1920\" \/>\n\t<meta property=\"og:image:height\" content=\"1080\" \/>\n\t<meta property=\"og:image:type\" content=\"image\/png\" \/>\n<meta name=\"author\" content=\"Rosmer Herrera\" \/>\n<meta name=\"twitter:card\" content=\"summary_large_image\" \/>\n<meta name=\"twitter:creator\" content=\"@notiamerica\" \/>\n<meta name=\"twitter:site\" content=\"@notiamerica\" \/>\n<meta name=\"twitter:label1\" content=\"Escrito por\" \/>\n\t<meta name=\"twitter:data1\" content=\"Rosmer Herrera\" \/>\n\t<meta name=\"twitter:label2\" content=\"Tiempo estimado de lectura\" \/>\n\t<meta name=\"twitter:data2\" content=\"2 minutos\" \/>\n<script type=\"application\/ld+json\" class=\"yoast-schema-graph\">{\"@context\":\"https:\/\/schema.org\",\"@graph\":[{\"@type\":\"Article\",\"@id\":\"https:\/\/noti-america.com\/site\/espana\/2020\/07\/17\/crean-un-nuevo-accesorio-para-reducir-las-restricciones-de-movilidad-por-el-covid-19\/#article\",\"isPartOf\":{\"@id\":\"https:\/\/noti-america.com\/site\/espana\/2020\/07\/17\/crean-un-nuevo-accesorio-para-reducir-las-restricciones-de-movilidad-por-el-covid-19\/\"},\"author\":{\"name\":\"Rosmer Herrera\",\"@id\":\"https:\/\/noti-america.com\/site\/espana\/#\/schema\/person\/fd58dbfb92a257e9dc5761bf69a855ff\"},\"headline\":\"Crean un nuevo accesorio para reducir las restricciones de movilidad por el COVID-19\",\"datePublished\":\"2020-07-17T15:02:36+00:00\",\"dateModified\":\"2020-07-17T19:02:49+00:00\",\"mainEntityOfPage\":{\"@id\":\"https:\/\/noti-america.com\/site\/espana\/2020\/07\/17\/crean-un-nuevo-accesorio-para-reducir-las-restricciones-de-movilidad-por-el-covid-19\/\"},\"wordCount\":502,\"commentCount\":0,\"publisher\":{\"@id\":\"https:\/\/noti-america.com\/site\/espana\/#organization\"},\"image\":{\"@id\":\"https:\/\/noti-america.com\/site\/espana\/2020\/07\/17\/crean-un-nuevo-accesorio-para-reducir-las-restricciones-de-movilidad-por-el-covid-19\/#primaryimage\"},\"thumbnailUrl\":\"https:\/\/noti-america.com\/site\/espana\/wp-content\/uploads\/sites\/25\/2020\/07\/1594895254_BANNER_1920X1080_2.png\",\"articleSection\":[\"Actualidad\",\"Tecnolog\u00eda\"],\"inLanguage\":\"es\",\"potentialAction\":[{\"@type\":\"CommentAction\",\"name\":\"Comment\",\"target\":[\"https:\/\/noti-america.com\/site\/espana\/2020\/07\/17\/crean-un-nuevo-accesorio-para-reducir-las-restricciones-de-movilidad-por-el-covid-19\/#respond\"]}]},{\"@type\":\"WebPage\",\"@id\":\"https:\/\/noti-america.com\/site\/espana\/2020\/07\/17\/crean-un-nuevo-accesorio-para-reducir-las-restricciones-de-movilidad-por-el-covid-19\/\",\"url\":\"https:\/\/noti-america.com\/site\/espana\/2020\/07\/17\/crean-un-nuevo-accesorio-para-reducir-las-restricciones-de-movilidad-por-el-covid-19\/\",\"name\":\"Crean un nuevo accesorio para reducir las restricciones de movilidad por el COVID-19 - Espa\u00f1a | Noti-America.com\",\"isPartOf\":{\"@id\":\"https:\/\/noti-america.com\/site\/espana\/#website\"},\"primaryImageOfPage\":{\"@id\":\"https:\/\/noti-america.com\/site\/espana\/2020\/07\/17\/crean-un-nuevo-accesorio-para-reducir-las-restricciones-de-movilidad-por-el-covid-19\/#primaryimage\"},\"image\":{\"@id\":\"https:\/\/noti-america.com\/site\/espana\/2020\/07\/17\/crean-un-nuevo-accesorio-para-reducir-las-restricciones-de-movilidad-por-el-covid-19\/#primaryimage\"},\"thumbnailUrl\":\"https:\/\/noti-america.com\/site\/espana\/wp-content\/uploads\/sites\/25\/2020\/07\/1594895254_BANNER_1920X1080_2.png\",\"datePublished\":\"2020-07-17T15:02:36+00:00\",\"dateModified\":\"2020-07-17T19:02:49+00:00\",\"breadcrumb\":{\"@id\":\"https:\/\/noti-america.com\/site\/espana\/2020\/07\/17\/crean-un-nuevo-accesorio-para-reducir-las-restricciones-de-movilidad-por-el-covid-19\/#breadcrumb\"},\"inLanguage\":\"es\",\"potentialAction\":[{\"@type\":\"ReadAction\",\"target\":[\"https:\/\/noti-america.com\/site\/espana\/2020\/07\/17\/crean-un-nuevo-accesorio-para-reducir-las-restricciones-de-movilidad-por-el-covid-19\/\"]}]},{\"@type\":\"ImageObject\",\"inLanguage\":\"es\",\"@id\":\"https:\/\/noti-america.com\/site\/espana\/2020\/07\/17\/crean-un-nuevo-accesorio-para-reducir-las-restricciones-de-movilidad-por-el-covid-19\/#primaryimage\",\"url\":\"https:\/\/noti-america.com\/site\/espana\/wp-content\/uploads\/sites\/25\/2020\/07\/1594895254_BANNER_1920X1080_2.png\",\"contentUrl\":\"https:\/\/noti-america.com\/site\/espana\/wp-content\/uploads\/sites\/25\/2020\/07\/1594895254_BANNER_1920X1080_2.png\",\"width\":1920,\"height\":1080},{\"@type\":\"BreadcrumbList\",\"@id\":\"https:\/\/noti-america.com\/site\/espana\/2020\/07\/17\/crean-un-nuevo-accesorio-para-reducir-las-restricciones-de-movilidad-por-el-covid-19\/#breadcrumb\",\"itemListElement\":[{\"@type\":\"ListItem\",\"position\":1,\"name\":\"Portada\",\"item\":\"https:\/\/noti-america.com\/site\/espana\/\"},{\"@type\":\"ListItem\",\"position\":2,\"name\":\"Crean un nuevo accesorio para reducir las restricciones de movilidad por el COVID-19\"}]},{\"@type\":\"WebSite\",\"@id\":\"https:\/\/noti-america.com\/site\/espana\/#website\",\"url\":\"https:\/\/noti-america.com\/site\/espana\/\",\"name\":\"Espa\u00f1a | Noti-America.com\",\"description\":\"\",\"publisher\":{\"@id\":\"https:\/\/noti-america.com\/site\/espana\/#organization\"},\"potentialAction\":[{\"@type\":\"SearchAction\",\"target\":{\"@type\":\"EntryPoint\",\"urlTemplate\":\"https:\/\/noti-america.com\/site\/espana\/?s={search_term_string}\"},\"query-input\":{\"@type\":\"PropertyValueSpecification\",\"valueRequired\":true,\"valueName\":\"search_term_string\"}}],\"inLanguage\":\"es\"},{\"@type\":\"Organization\",\"@id\":\"https:\/\/noti-america.com\/site\/espana\/#organization\",\"name\":\"Noti-America LLC | Espa\u00f1a\",\"url\":\"https:\/\/noti-america.com\/site\/espana\/\",\"logo\":{\"@type\":\"ImageObject\",\"inLanguage\":\"es\",\"@id\":\"https:\/\/noti-america.com\/site\/espana\/#\/schema\/logo\/image\/\",\"url\":\"https:\/\/noti-america.com\/site\/espana\/wp-content\/uploads\/sites\/25\/2020\/07\/LogoNA-4x3-1.jpg\",\"contentUrl\":\"https:\/\/noti-america.com\/site\/espana\/wp-content\/uploads\/sites\/25\/2020\/07\/LogoNA-4x3-1.jpg\",\"width\":1236,\"height\":1080,\"caption\":\"Noti-America LLC | Espa\u00f1a\"},\"image\":{\"@id\":\"https:\/\/noti-america.com\/site\/espana\/#\/schema\/logo\/image\/\"},\"sameAs\":[\"https:\/\/x.com\/notiamerica\"]},{\"@type\":\"Person\",\"@id\":\"https:\/\/noti-america.com\/site\/espana\/#\/schema\/person\/fd58dbfb92a257e9dc5761bf69a855ff\",\"name\":\"Rosmer Herrera\",\"image\":{\"@type\":\"ImageObject\",\"inLanguage\":\"es\",\"@id\":\"https:\/\/secure.gravatar.com\/avatar\/153e75c261394dbf20ff1a1e70ea2be9494f2b40b7fc4e7704084db13220ae08?s=96&d=mm&r=g\",\"url\":\"https:\/\/secure.gravatar.com\/avatar\/153e75c261394dbf20ff1a1e70ea2be9494f2b40b7fc4e7704084db13220ae08?s=96&d=mm&r=g\",\"contentUrl\":\"https:\/\/secure.gravatar.com\/avatar\/153e75c261394dbf20ff1a1e70ea2be9494f2b40b7fc4e7704084db13220ae08?s=96&d=mm&r=g\",\"caption\":\"Rosmer Herrera\"},\"url\":\"https:\/\/noti-america.com\/site\/espana\/author\/rosmer33\/\"}]}<\/script>\n<!-- \/ Yoast SEO Premium plugin. -->","yoast_head_json":{"title":"Crean un nuevo accesorio para reducir las restricciones de movilidad por el COVID-19 - Espa\u00f1a | Noti-America.com","robots":{"index":"index","follow":"follow","max-snippet":"max-snippet:-1","max-image-preview":"max-image-preview:large","max-video-preview":"max-video-preview:-1"},"canonical":"https:\/\/noti-america.com\/site\/espana\/2020\/07\/17\/crean-un-nuevo-accesorio-para-reducir-las-restricciones-de-movilidad-por-el-covid-19\/","og_locale":"es_ES","og_type":"article","og_title":"Crean un nuevo accesorio para reducir las restricciones de movilidad por el COVID-19","og_description":"Nota de Prensa &#8211; Comunicae Media La iniciativa -lanzada al mercado por la asociaci\u00f3n ben\u00e9fica SoyCovidFree- permite a los ciudadanos demostrar su grado de inmunidad frente al coronavirus La telemedicina y la implementaci\u00f3n de&#46;&#46;&#46;","og_url":"https:\/\/noti-america.com\/site\/espana\/2020\/07\/17\/crean-un-nuevo-accesorio-para-reducir-las-restricciones-de-movilidad-por-el-covid-19\/","og_site_name":"Espa\u00f1a | Noti-America.com","article_published_time":"2020-07-17T15:02:36+00:00","article_modified_time":"2020-07-17T19:02:49+00:00","og_image":[{"width":1920,"height":1080,"url":"https:\/\/noti-america.com\/site\/espana\/wp-content\/uploads\/sites\/25\/2020\/07\/1594895254_BANNER_1920X1080_2.png","type":"image\/png"}],"author":"Rosmer Herrera","twitter_card":"summary_large_image","twitter_creator":"@notiamerica","twitter_site":"@notiamerica","twitter_misc":{"Escrito por":"Rosmer Herrera","Tiempo estimado de lectura":"2 minutos"},"schema":{"@context":"https:\/\/schema.org","@graph":[{"@type":"Article","@id":"https:\/\/noti-america.com\/site\/espana\/2020\/07\/17\/crean-un-nuevo-accesorio-para-reducir-las-restricciones-de-movilidad-por-el-covid-19\/#article","isPartOf":{"@id":"https:\/\/noti-america.com\/site\/espana\/2020\/07\/17\/crean-un-nuevo-accesorio-para-reducir-las-restricciones-de-movilidad-por-el-covid-19\/"},"author":{"name":"Rosmer Herrera","@id":"https:\/\/noti-america.com\/site\/espana\/#\/schema\/person\/fd58dbfb92a257e9dc5761bf69a855ff"},"headline":"Crean un nuevo accesorio para reducir las restricciones de movilidad por el COVID-19","datePublished":"2020-07-17T15:02:36+00:00","dateModified":"2020-07-17T19:02:49+00:00","mainEntityOfPage":{"@id":"https:\/\/noti-america.com\/site\/espana\/2020\/07\/17\/crean-un-nuevo-accesorio-para-reducir-las-restricciones-de-movilidad-por-el-covid-19\/"},"wordCount":502,"commentCount":0,"publisher":{"@id":"https:\/\/noti-america.com\/site\/espana\/#organization"},"image":{"@id":"https:\/\/noti-america.com\/site\/espana\/2020\/07\/17\/crean-un-nuevo-accesorio-para-reducir-las-restricciones-de-movilidad-por-el-covid-19\/#primaryimage"},"thumbnailUrl":"https:\/\/noti-america.com\/site\/espana\/wp-content\/uploads\/sites\/25\/2020\/07\/1594895254_BANNER_1920X1080_2.png","articleSection":["Actualidad","Tecnolog\u00eda"],"inLanguage":"es","potentialAction":[{"@type":"CommentAction","name":"Comment","target":["https:\/\/noti-america.com\/site\/espana\/2020\/07\/17\/crean-un-nuevo-accesorio-para-reducir-las-restricciones-de-movilidad-por-el-covid-19\/#respond"]}]},{"@type":"WebPage","@id":"https:\/\/noti-america.com\/site\/espana\/2020\/07\/17\/crean-un-nuevo-accesorio-para-reducir-las-restricciones-de-movilidad-por-el-covid-19\/","url":"https:\/\/noti-america.com\/site\/espana\/2020\/07\/17\/crean-un-nuevo-accesorio-para-reducir-las-restricciones-de-movilidad-por-el-covid-19\/","name":"Crean un nuevo accesorio para reducir las restricciones de movilidad por el COVID-19 - Espa\u00f1a | Noti-America.com","isPartOf":{"@id":"https:\/\/noti-america.com\/site\/espana\/#website"},"primaryImageOfPage":{"@id":"https:\/\/noti-america.com\/site\/espana\/2020\/07\/17\/crean-un-nuevo-accesorio-para-reducir-las-restricciones-de-movilidad-por-el-covid-19\/#primaryimage"},"image":{"@id":"https:\/\/noti-america.com\/site\/espana\/2020\/07\/17\/crean-un-nuevo-accesorio-para-reducir-las-restricciones-de-movilidad-por-el-covid-19\/#primaryimage"},"thumbnailUrl":"https:\/\/noti-america.com\/site\/espana\/wp-content\/uploads\/sites\/25\/2020\/07\/1594895254_BANNER_1920X1080_2.png","datePublished":"2020-07-17T15:02:36+00:00","dateModified":"2020-07-17T19:02:49+00:00","breadcrumb":{"@id":"https:\/\/noti-america.com\/site\/espana\/2020\/07\/17\/crean-un-nuevo-accesorio-para-reducir-las-restricciones-de-movilidad-por-el-covid-19\/#breadcrumb"},"inLanguage":"es","potentialAction":[{"@type":"ReadAction","target":["https:\/\/noti-america.com\/site\/espana\/2020\/07\/17\/crean-un-nuevo-accesorio-para-reducir-las-restricciones-de-movilidad-por-el-covid-19\/"]}]},{"@type":"ImageObject","inLanguage":"es","@id":"https:\/\/noti-america.com\/site\/espana\/2020\/07\/17\/crean-un-nuevo-accesorio-para-reducir-las-restricciones-de-movilidad-por-el-covid-19\/#primaryimage","url":"https:\/\/noti-america.com\/site\/espana\/wp-content\/uploads\/sites\/25\/2020\/07\/1594895254_BANNER_1920X1080_2.png","contentUrl":"https:\/\/noti-america.com\/site\/espana\/wp-content\/uploads\/sites\/25\/2020\/07\/1594895254_BANNER_1920X1080_2.png","width":1920,"height":1080},{"@type":"BreadcrumbList","@id":"https:\/\/noti-america.com\/site\/espana\/2020\/07\/17\/crean-un-nuevo-accesorio-para-reducir-las-restricciones-de-movilidad-por-el-covid-19\/#breadcrumb","itemListElement":[{"@type":"ListItem","position":1,"name":"Portada","item":"https:\/\/noti-america.com\/site\/espana\/"},{"@type":"ListItem","position":2,"name":"Crean un nuevo accesorio para reducir las restricciones de movilidad por el COVID-19"}]},{"@type":"WebSite","@id":"https:\/\/noti-america.com\/site\/espana\/#website","url":"https:\/\/noti-america.com\/site\/espana\/","name":"Espa\u00f1a | Noti-America.com","description":"","publisher":{"@id":"https:\/\/noti-america.com\/site\/espana\/#organization"},"potentialAction":[{"@type":"SearchAction","target":{"@type":"EntryPoint","urlTemplate":"https:\/\/noti-america.com\/site\/espana\/?s={search_term_string}"},"query-input":{"@type":"PropertyValueSpecification","valueRequired":true,"valueName":"search_term_string"}}],"inLanguage":"es"},{"@type":"Organization","@id":"https:\/\/noti-america.com\/site\/espana\/#organization","name":"Noti-America LLC | Espa\u00f1a","url":"https:\/\/noti-america.com\/site\/espana\/","logo":{"@type":"ImageObject","inLanguage":"es","@id":"https:\/\/noti-america.com\/site\/espana\/#\/schema\/logo\/image\/","url":"https:\/\/noti-america.com\/site\/espana\/wp-content\/uploads\/sites\/25\/2020\/07\/LogoNA-4x3-1.jpg","contentUrl":"https:\/\/noti-america.com\/site\/espana\/wp-content\/uploads\/sites\/25\/2020\/07\/LogoNA-4x3-1.jpg","width":1236,"height":1080,"caption":"Noti-America LLC | Espa\u00f1a"},"image":{"@id":"https:\/\/noti-america.com\/site\/espana\/#\/schema\/logo\/image\/"},"sameAs":["https:\/\/x.com\/notiamerica"]},{"@type":"Person","@id":"https:\/\/noti-america.com\/site\/espana\/#\/schema\/person\/fd58dbfb92a257e9dc5761bf69a855ff","name":"Rosmer Herrera","image":{"@type":"ImageObject","inLanguage":"es","@id":"https:\/\/secure.gravatar.com\/avatar\/153e75c261394dbf20ff1a1e70ea2be9494f2b40b7fc4e7704084db13220ae08?s=96&d=mm&r=g","url":"https:\/\/secure.gravatar.com\/avatar\/153e75c261394dbf20ff1a1e70ea2be9494f2b40b7fc4e7704084db13220ae08?s=96&d=mm&r=g","contentUrl":"https:\/\/secure.gravatar.com\/avatar\/153e75c261394dbf20ff1a1e70ea2be9494f2b40b7fc4e7704084db13220ae08?s=96&d=mm&r=g","caption":"Rosmer Herrera"},"url":"https:\/\/noti-america.com\/site\/espana\/author\/rosmer33\/"}]}},"_links":{"self":[{"href":"https:\/\/noti-america.com\/site\/espana\/wp-json\/wp\/v2\/posts\/2254","targetHints":{"allow":["GET"]}}],"collection":[{"href":"https:\/\/noti-america.com\/site\/espana\/wp-json\/wp\/v2\/posts"}],"about":[{"href":"https:\/\/noti-america.com\/site\/espana\/wp-json\/wp\/v2\/types\/post"}],"author":[{"embeddable":true,"href":"https:\/\/noti-america.com\/site\/espana\/wp-json\/wp\/v2\/users\/1"}],"replies":[{"embeddable":true,"href":"https:\/\/noti-america.com\/site\/espana\/wp-json\/wp\/v2\/comments?post=2254"}],"version-history":[{"count":1,"href":"https:\/\/noti-america.com\/site\/espana\/wp-json\/wp\/v2\/posts\/2254\/revisions"}],"predecessor-version":[{"id":2256,"href":"https:\/\/noti-america.com\/site\/espana\/wp-json\/wp\/v2\/posts\/2254\/revisions\/2256"}],"wp:featuredmedia":[{"embeddable":true,"href":"https:\/\/noti-america.com\/site\/espana\/wp-json\/wp\/v2\/media\/2255"}],"wp:attachment":[{"href":"https:\/\/noti-america.com\/site\/espana\/wp-json\/wp\/v2\/media?parent=2254"}],"wp:term":[{"taxonomy":"category","embeddable":true,"href":"https:\/\/noti-america.com\/site\/espana\/wp-json\/wp\/v2\/categories?post=2254"},{"taxonomy":"post_tag","embeddable":true,"href":"https:\/\/noti-america.com\/site\/espana\/wp-json\/wp\/v2\/tags?post=2254"}],"curies":[{"name":"wp","href":"https:\/\/api.w.org\/{rel}","templated":true}]}}