{"id":2236,"date":"2020-07-16T14:34:56","date_gmt":"2020-07-16T14:34:56","guid":{"rendered":"https:\/\/noti-america.com\/site\/espana\/2020\/07\/16\/coronavirus-la-comision-europea-insta-a-adoptar-medidas-para-proteger-a-los-trabajadores-de-temporada\/"},"modified":"2020-07-16T18:35:02","modified_gmt":"2020-07-16T18:35:02","slug":"coronavirus-la-comision-europea-insta-a-adoptar-medidas-para-proteger-a-los-trabajadores-de-temporada","status":"publish","type":"post","link":"https:\/\/noti-america.com\/site\/espana\/2020\/07\/16\/coronavirus-la-comision-europea-insta-a-adoptar-medidas-para-proteger-a-los-trabajadores-de-temporada\/","title":{"rendered":"Coronavirus: la Comisi\u00f3n Europea insta a adoptar medidas para proteger a los trabajadores de temporada"},"content":{"rendered":"<p style=\"text-align: justify;\"><strong>Nota de Prensa<\/strong><\/p>\n<p style=\"font-weight: 400; text-align: justify;\">Bruselas, 16 de julio de 2020<\/p>\n<p style=\"font-weight: 400; text-align: justify;\">La Comisi\u00f3n Europea presenta hoy unas directrices destinadas a garantizar la protecci\u00f3n de los trabajadores temporeros en la UE en el contexto de la pandemia por coronavirus. En ellas ofrece pautas a las autoridades nacionales, a las inspecciones de trabajo y a los interlocutores sociales para garantizar los derechos, la salud y la seguridad de los trabajadores de temporada y hacer que estos sean conscientes de sus derechos.<\/p>\n<p style=\"font-weight: 400; text-align: justify;\">Los trabajadores temporeros transfronterizos disfrutan de un amplio abanico de derechos pero, dado el car\u00e1cter temporal de su trabajo, pueden estar m\u00e1s expuestos a condiciones de trabajo y de vida precarias. La pandemia por coronavirus ha dado m\u00e1s visibilidad a estas condiciones y, en algunos casos, las ha exacerbado. En ocasiones, los problemas de esta \u00edndole pueden elevar el riesgo de grupos de brotes de COVID-19.<\/p>\n<p style=\"font-weight: 400; text-align: justify;\">Nicolas\u00a0<strong>Schmit<\/strong>, comisario de Empleo y Derechos Sociales, ha declarado lo siguiente:\u00a0<em>\u00abCada a\u00f1o, cientos de miles de trabajadores de temporada ayudan a mantener sectores vitales de la econom\u00eda de la UE, como el agroalimentario. La pandemia por coronavirus ha puesto de manifiesto las condiciones de vida y de trabajo adversas a las que se enfrentan. Esto hay que solucionarlo. Nuestras Directrices son una llamada de atenci\u00f3n a los Estados miembros y a las empresas para que se aseguren de que est\u00e1n cumpliendo con su obligaci\u00f3n de proteger a estos trabajadores indispensables a la par que vulnerables\u00bb.<\/em><\/p>\n<p style=\"font-weight: 400; text-align: justify;\">Si bien la Comisi\u00f3n supervisa la correcta aplicaci\u00f3n de las normas de la Uni\u00f3n relativas a los trabajadores de temporada, la responsabilidad de su adecuada aplicaci\u00f3n recae en las autoridades nacionales. Por tanto, es necesario adoptar medidas apropiadas urgentemente.<\/p>\n<p style=\"font-weight: 400; text-align: justify;\">Las Directrices abarcan una serie de aspectos, como:<\/p>\n<ul style=\"font-weight: 400; text-align: justify;\">\n<li>el derecho de los trabajadores temporeros a trabajar en cualquier Estado miembro de la UE, independientemente de si son ciudadanos de la UE o vienen de pa\u00edses no pertenecientes a esta<\/li>\n<li>las condiciones de vida y de trabajo adecuadas, con especial atenci\u00f3n al distanciamiento f\u00edsico y a las medidas de higiene apropiadas<\/li>\n<li>la comunicaci\u00f3n clara de sus derechos a los trabajadores<\/li>\n<li>el trabajo no declarado<\/li>\n<li>los aspectos relativos a la seguridad social<\/li>\n<\/ul>\n<h3 style=\"text-align: justify;\">Medidas nacionales<\/h3>\n<p style=\"font-weight: 400; text-align: justify;\">Las Directrices piden a las autoridades nacionales y a los interlocutores sociales que renueven sus esfuerzos para cumplir su funci\u00f3n de garantizar la aplicaci\u00f3n y el cumplimiento correctos de las normas. Incluyen recomendaciones y sugerencias concretas sobre las actividades que deben llevarse a cabo a nivel nacional o de la UE; por ejemplo:<\/p>\n<ul style=\"font-weight: 400; text-align: justify;\">\n<li>piden a los Estados miembros que tomen todas las medidas necesarias para garantizar unas condiciones de trabajo y de vida dignas para los trabajadores de temporada<\/li>\n<li>piden a los Estados miembros que lleven a cabo campa\u00f1as de concienciaci\u00f3n sobre los requisitos de seguridad y salud en el trabajo que afecten a los trabajadores temporeros, ayuden a los empleadores a aplicar los requisitos legales pertinentes y proporcionen informaci\u00f3n clara a los trabajadores en una lengua que entiendan<\/li>\n<li>invitan a los Estados miembros a proporcionar orientaciones pr\u00e1cticas a las peque\u00f1as empresas<\/li>\n<li>piden a los Estados miembros que refuercen las inspecciones sobre el terreno a fin de garantizar la correcta aplicaci\u00f3n de las normas de seguridad y salud en el trabajo en relaci\u00f3n con los trabajadores de temporada<\/li>\n<\/ul>\n<p style=\"font-weight: 400; text-align: justify;\">La Comisi\u00f3n seguir\u00e1 trabajando en este importante asunto con los Estados miembros, los interlocutores sociales, la\u00a0<a href=\"https:\/\/osha.europa.eu\/es\">Agencia Europea para la Seguridad y la Salud en el Trabajo (EU-OSHA)<\/a>\u00a0y la\u00a0<a href=\"https:\/\/www.ela.europa.eu\/\">Autoridad Laboral Europea (ALE)<\/a>.<\/p>\n<h3 style=\"text-align: justify;\">Actuaci\u00f3n de la UE<\/h3>\n<p style=\"font-weight: 400; text-align: justify;\">La Comisi\u00f3n ha previsto una serie de medidas para impulsar la protecci\u00f3n de los derechos de los trabajadores temporeros, entre ellas:<\/p>\n<ul style=\"font-weight: 400; text-align: justify;\">\n<li>un estudio para recoger datos sobre el trabajo de temporada dentro de la UE e indicar los principales desaf\u00edos, incluidos los relacionados con la subcontrataci\u00f3n;<\/li>\n<li>una encuesta sobre los trabajos de alto riesgo, incluidos los trabajos de temporada, llevada a cabo por la EU-OSHA en estrecha colaboraci\u00f3n con el Comit\u00e9 de Altos Responsables de la Inspecci\u00f3n de Trabajo;<\/li>\n<li>una campa\u00f1a de sensibilizaci\u00f3n, coordinada por la ALE, destinada a los sectores m\u00e1s propensos al trabajo de temporada;<\/li>\n<li>una audiencia con los interlocutores sociales europeos sobre los trabajadores temporeros;<\/li>\n<li>un estudio de an\u00e1lisis comparativo realizado en varios Estados miembros por la red de expertos jur\u00eddicos en libre circulaci\u00f3n y coordinaci\u00f3n de la seguridad social (<a href=\"https:\/\/ec.europa.eu\/social\/main.jsp?catId=1098&amp;langId=es\">MoveS<\/a>);<\/li>\n<li>el apoyo a los Estados miembros mediante la\u00a0<a href=\"https:\/\/ec.europa.eu\/social\/main.jsp?catId=1299&amp;langId=es\">Plataforma europea de lucha contra el trabajo no declarado<\/a>\u00a0y la\u00a0<a href=\"https:\/\/ec.europa.eu\/social\/main.jsp?catId=88&amp;eventsId=1605&amp;furtherEvents=yes&amp;langId=es\">campa\u00f1a #EU4FairWork4<\/a>\u00a0para concienciar mejor a los trabajadores y los empleadores acerca de sus derechos y obligaciones.<\/li>\n<\/ul>\n<h3 style=\"text-align: justify;\">Contexto<\/h3>\n<p style=\"font-weight: 400; text-align: justify;\">Las Directrices presentadas hoy recuerdan los derechos de los trabajadores temporeros independientemente de su condici\u00f3n: ya sean ciudadanos de la UE o nacionales de terceros pa\u00edses, incluidos quienes trabajen en el extranjero de manera regular por iniciativa propia o quienes hayan sido desplazados, por ejemplo, por una empresa de trabajo temporal o una agencia de contrataci\u00f3n.<\/p>\n<p style=\"font-weight: 400; text-align: justify;\">Es fundamental que los trabajadores de temporada y sus empleadores dispongan de toda la informaci\u00f3n que necesiten sobre la protecci\u00f3n de la que gozan, as\u00ed como sobre las obligaciones que deben cumplir.<\/p>\n<p style=\"font-weight: 400; text-align: justify;\">M\u00e1s de 17,6 millones de ciudadanos de la EU viven o trabajan en un Estado miembro distinto del de su nacionalidad. Algunos sectores de la econom\u00eda europea, especialmente los sectores agroalimentario y del turismo, dependen del apoyo de los trabajadores temporeros de pa\u00edses de dentro y fuera de la UE durante ciertos per\u00edodos del a\u00f1o. La Comisi\u00f3n estima que la media anual de trabajadores de temporada en activo en la UE es de entre cientos de miles y un mill\u00f3n.<\/p>\n<p style=\"font-weight: 400; text-align: justify;\">Si bien la Comisi\u00f3n supervisa la correcta aplicaci\u00f3n de las normas nacionales y de la Uni\u00f3n relativas a los trabajadores temporeros en la UE, la responsabilidad de su adecuada aplicaci\u00f3n recae en las autoridades nacionales. A fin de proteger a los trabajadores de temporada, se invita a los Estados miembros a intensificar las medidas para hacer cumplir el Derecho vigente de la UE y nacional, as\u00ed como a reforzar las inspecciones sobre el terreno a este respecto, tambi\u00e9n con el apoyo de la ALE.<\/p>\n<p style=\"font-weight: 400; text-align: justify;\">Estas Directrices complementan las\u00a0<a href=\"https:\/\/eur-lex.europa.eu\/legal-content\/ES\/TXT\/?uri=CELEX%3A52020XC0330%2803%29\">Directrices relativas al ejercicio de la libre circulaci\u00f3n de los trabajadores durante el brote de COVID-19<\/a>, publicadas el 30 de marzo de 2020, y responden a la petici\u00f3n del Parlamento Europeo, expresada en su Resoluci\u00f3n, de 19 de junio de 2020, sobre la protecci\u00f3n de los trabajadores transfronterizos y temporeros.<\/p>\n","protected":false},"excerpt":{"rendered":"<p>Nota de Prensa Bruselas, 16 de julio de 2020 La Comisi\u00f3n Europea presenta hoy unas directrices destinadas a garantizar la protecci\u00f3n de los trabajadores temporeros en la UE en el contexto de la pandemia&#46;&#46;&#46;<\/p>\n","protected":false},"author":1,"featured_media":1919,"comment_status":"open","ping_status":"open","sticky":false,"template":"","format":"image","meta":{"_acf_changed":false,"om_disable_all_campaigns":false,"rop_custom_images_group":[],"rop_custom_messages_group":[],"rop_publish_now":"initial","rop_publish_now_accounts":[],"rop_publish_now_history":[],"rop_publish_now_status":"pending","_uf_show_specific_survey":0,"_uf_disable_surveys":false,"footnotes":""},"categories":[136,139],"tags":[],"class_list":["post-2236","post","type-post","status-publish","format-image","has-post-thumbnail","hentry","category-actualidad","category-bruselas","post_format-post-format-image"],"acf":[],"aioseo_notices":[],"yoast_head":"<!-- This site is optimized with the Yoast SEO Premium plugin v24.9 (Yoast SEO v27.2) - https:\/\/yoast.com\/product\/yoast-seo-premium-wordpress\/ -->\n<title>Coronavirus: la Comisi\u00f3n Europea insta a adoptar medidas para proteger a los trabajadores de temporada - Espa\u00f1a | Noti-America.com<\/title>\n<meta name=\"robots\" content=\"index, follow, max-snippet:-1, max-image-preview:large, max-video-preview:-1\" \/>\n<link rel=\"canonical\" href=\"https:\/\/noti-america.com\/site\/espana\/2020\/07\/16\/coronavirus-la-comision-europea-insta-a-adoptar-medidas-para-proteger-a-los-trabajadores-de-temporada\/\" \/>\n<meta property=\"og:locale\" content=\"es_ES\" \/>\n<meta property=\"og:type\" content=\"article\" \/>\n<meta property=\"og:title\" content=\"Coronavirus: la Comisi\u00f3n Europea insta a adoptar medidas para proteger a los trabajadores de temporada\" \/>\n<meta property=\"og:description\" content=\"Nota de Prensa Bruselas, 16 de julio de 2020 La Comisi\u00f3n Europea presenta hoy unas directrices destinadas a garantizar la protecci\u00f3n de los trabajadores temporeros en la UE en el contexto de la pandemia&#046;&#046;&#046;\" \/>\n<meta property=\"og:url\" content=\"https:\/\/noti-america.com\/site\/espana\/2020\/07\/16\/coronavirus-la-comision-europea-insta-a-adoptar-medidas-para-proteger-a-los-trabajadores-de-temporada\/\" \/>\n<meta property=\"og:site_name\" content=\"Espa\u00f1a | Noti-America.com\" \/>\n<meta property=\"article:published_time\" content=\"2020-07-16T14:34:56+00:00\" \/>\n<meta property=\"article:modified_time\" content=\"2020-07-16T18:35:02+00:00\" \/>\n<meta property=\"og:image\" content=\"https:\/\/noti-america.com\/site\/espana\/wp-content\/uploads\/sites\/25\/2020\/03\/Union_Europea-Comision_Europea-Inteligencia_artificial-Margrethe_Vestager-Ursula_von_der_Leyen-Almacenamiento_de_datos-Empresas_468714258_145870136_1024x576.jpg\" \/>\n\t<meta property=\"og:image:width\" content=\"1\" \/>\n\t<meta property=\"og:image:height\" content=\"1\" \/>\n\t<meta property=\"og:image:type\" content=\"image\/jpeg\" \/>\n<meta name=\"author\" content=\"Rosmer Herrera\" \/>\n<meta name=\"twitter:card\" content=\"summary_large_image\" \/>\n<meta name=\"twitter:creator\" content=\"@notiamerica\" \/>\n<meta name=\"twitter:site\" content=\"@notiamerica\" \/>\n<meta name=\"twitter:label1\" content=\"Escrito por\" \/>\n\t<meta name=\"twitter:data1\" content=\"Rosmer Herrera\" \/>\n\t<meta name=\"twitter:label2\" content=\"Tiempo estimado de lectura\" \/>\n\t<meta name=\"twitter:data2\" content=\"6 minutos\" \/>\n<script type=\"application\/ld+json\" class=\"yoast-schema-graph\">{\"@context\":\"https:\/\/schema.org\",\"@graph\":[{\"@type\":\"Article\",\"@id\":\"https:\/\/noti-america.com\/site\/espana\/2020\/07\/16\/coronavirus-la-comision-europea-insta-a-adoptar-medidas-para-proteger-a-los-trabajadores-de-temporada\/#article\",\"isPartOf\":{\"@id\":\"https:\/\/noti-america.com\/site\/espana\/2020\/07\/16\/coronavirus-la-comision-europea-insta-a-adoptar-medidas-para-proteger-a-los-trabajadores-de-temporada\/\"},\"author\":{\"name\":\"Rosmer Herrera\",\"@id\":\"https:\/\/noti-america.com\/site\/espana\/#\/schema\/person\/fd58dbfb92a257e9dc5761bf69a855ff\"},\"headline\":\"Coronavirus: la Comisi\u00f3n Europea insta a adoptar medidas para proteger a los trabajadores de temporada\",\"datePublished\":\"2020-07-16T14:34:56+00:00\",\"dateModified\":\"2020-07-16T18:35:02+00:00\",\"mainEntityOfPage\":{\"@id\":\"https:\/\/noti-america.com\/site\/espana\/2020\/07\/16\/coronavirus-la-comision-europea-insta-a-adoptar-medidas-para-proteger-a-los-trabajadores-de-temporada\/\"},\"wordCount\":1128,\"commentCount\":0,\"publisher\":{\"@id\":\"https:\/\/noti-america.com\/site\/espana\/#organization\"},\"image\":{\"@id\":\"https:\/\/noti-america.com\/site\/espana\/2020\/07\/16\/coronavirus-la-comision-europea-insta-a-adoptar-medidas-para-proteger-a-los-trabajadores-de-temporada\/#primaryimage\"},\"thumbnailUrl\":\"https:\/\/noti-america.com\/site\/espana\/wp-content\/uploads\/sites\/25\/2020\/03\/Union_Europea-Comision_Europea-Inteligencia_artificial-Margrethe_Vestager-Ursula_von_der_Leyen-Almacenamiento_de_datos-Empresas_468714258_145870136_1024x576.jpg\",\"articleSection\":[\"Actualidad\",\"Bruselas\"],\"inLanguage\":\"es\",\"potentialAction\":[{\"@type\":\"CommentAction\",\"name\":\"Comment\",\"target\":[\"https:\/\/noti-america.com\/site\/espana\/2020\/07\/16\/coronavirus-la-comision-europea-insta-a-adoptar-medidas-para-proteger-a-los-trabajadores-de-temporada\/#respond\"]}]},{\"@type\":\"WebPage\",\"@id\":\"https:\/\/noti-america.com\/site\/espana\/2020\/07\/16\/coronavirus-la-comision-europea-insta-a-adoptar-medidas-para-proteger-a-los-trabajadores-de-temporada\/\",\"url\":\"https:\/\/noti-america.com\/site\/espana\/2020\/07\/16\/coronavirus-la-comision-europea-insta-a-adoptar-medidas-para-proteger-a-los-trabajadores-de-temporada\/\",\"name\":\"Coronavirus: la Comisi\u00f3n Europea insta a adoptar medidas para proteger a los trabajadores de temporada - Espa\u00f1a | Noti-America.com\",\"isPartOf\":{\"@id\":\"https:\/\/noti-america.com\/site\/espana\/#website\"},\"primaryImageOfPage\":{\"@id\":\"https:\/\/noti-america.com\/site\/espana\/2020\/07\/16\/coronavirus-la-comision-europea-insta-a-adoptar-medidas-para-proteger-a-los-trabajadores-de-temporada\/#primaryimage\"},\"image\":{\"@id\":\"https:\/\/noti-america.com\/site\/espana\/2020\/07\/16\/coronavirus-la-comision-europea-insta-a-adoptar-medidas-para-proteger-a-los-trabajadores-de-temporada\/#primaryimage\"},\"thumbnailUrl\":\"https:\/\/noti-america.com\/site\/espana\/wp-content\/uploads\/sites\/25\/2020\/03\/Union_Europea-Comision_Europea-Inteligencia_artificial-Margrethe_Vestager-Ursula_von_der_Leyen-Almacenamiento_de_datos-Empresas_468714258_145870136_1024x576.jpg\",\"datePublished\":\"2020-07-16T14:34:56+00:00\",\"dateModified\":\"2020-07-16T18:35:02+00:00\",\"breadcrumb\":{\"@id\":\"https:\/\/noti-america.com\/site\/espana\/2020\/07\/16\/coronavirus-la-comision-europea-insta-a-adoptar-medidas-para-proteger-a-los-trabajadores-de-temporada\/#breadcrumb\"},\"inLanguage\":\"es\",\"potentialAction\":[{\"@type\":\"ReadAction\",\"target\":[\"https:\/\/noti-america.com\/site\/espana\/2020\/07\/16\/coronavirus-la-comision-europea-insta-a-adoptar-medidas-para-proteger-a-los-trabajadores-de-temporada\/\"]}]},{\"@type\":\"ImageObject\",\"inLanguage\":\"es\",\"@id\":\"https:\/\/noti-america.com\/site\/espana\/2020\/07\/16\/coronavirus-la-comision-europea-insta-a-adoptar-medidas-para-proteger-a-los-trabajadores-de-temporada\/#primaryimage\",\"url\":\"https:\/\/noti-america.com\/site\/espana\/wp-content\/uploads\/sites\/25\/2020\/03\/Union_Europea-Comision_Europea-Inteligencia_artificial-Margrethe_Vestager-Ursula_von_der_Leyen-Almacenamiento_de_datos-Empresas_468714258_145870136_1024x576.jpg\",\"contentUrl\":\"https:\/\/noti-america.com\/site\/espana\/wp-content\/uploads\/sites\/25\/2020\/03\/Union_Europea-Comision_Europea-Inteligencia_artificial-Margrethe_Vestager-Ursula_von_der_Leyen-Almacenamiento_de_datos-Empresas_468714258_145870136_1024x576.jpg\"},{\"@type\":\"BreadcrumbList\",\"@id\":\"https:\/\/noti-america.com\/site\/espana\/2020\/07\/16\/coronavirus-la-comision-europea-insta-a-adoptar-medidas-para-proteger-a-los-trabajadores-de-temporada\/#breadcrumb\",\"itemListElement\":[{\"@type\":\"ListItem\",\"position\":1,\"name\":\"Portada\",\"item\":\"https:\/\/noti-america.com\/site\/espana\/\"},{\"@type\":\"ListItem\",\"position\":2,\"name\":\"Coronavirus: la Comisi\u00f3n Europea insta a adoptar medidas para proteger a los trabajadores de temporada\"}]},{\"@type\":\"WebSite\",\"@id\":\"https:\/\/noti-america.com\/site\/espana\/#website\",\"url\":\"https:\/\/noti-america.com\/site\/espana\/\",\"name\":\"Espa\u00f1a | Noti-America.com\",\"description\":\"\",\"publisher\":{\"@id\":\"https:\/\/noti-america.com\/site\/espana\/#organization\"},\"potentialAction\":[{\"@type\":\"SearchAction\",\"target\":{\"@type\":\"EntryPoint\",\"urlTemplate\":\"https:\/\/noti-america.com\/site\/espana\/?s={search_term_string}\"},\"query-input\":{\"@type\":\"PropertyValueSpecification\",\"valueRequired\":true,\"valueName\":\"search_term_string\"}}],\"inLanguage\":\"es\"},{\"@type\":\"Organization\",\"@id\":\"https:\/\/noti-america.com\/site\/espana\/#organization\",\"name\":\"Noti-America LLC | Espa\u00f1a\",\"url\":\"https:\/\/noti-america.com\/site\/espana\/\",\"logo\":{\"@type\":\"ImageObject\",\"inLanguage\":\"es\",\"@id\":\"https:\/\/noti-america.com\/site\/espana\/#\/schema\/logo\/image\/\",\"url\":\"https:\/\/noti-america.com\/site\/espana\/wp-content\/uploads\/sites\/25\/2020\/07\/LogoNA-4x3-1.jpg\",\"contentUrl\":\"https:\/\/noti-america.com\/site\/espana\/wp-content\/uploads\/sites\/25\/2020\/07\/LogoNA-4x3-1.jpg\",\"width\":1236,\"height\":1080,\"caption\":\"Noti-America LLC | Espa\u00f1a\"},\"image\":{\"@id\":\"https:\/\/noti-america.com\/site\/espana\/#\/schema\/logo\/image\/\"},\"sameAs\":[\"https:\/\/x.com\/notiamerica\"]},{\"@type\":\"Person\",\"@id\":\"https:\/\/noti-america.com\/site\/espana\/#\/schema\/person\/fd58dbfb92a257e9dc5761bf69a855ff\",\"name\":\"Rosmer Herrera\",\"image\":{\"@type\":\"ImageObject\",\"inLanguage\":\"es\",\"@id\":\"https:\/\/secure.gravatar.com\/avatar\/153e75c261394dbf20ff1a1e70ea2be9494f2b40b7fc4e7704084db13220ae08?s=96&d=mm&r=g\",\"url\":\"https:\/\/secure.gravatar.com\/avatar\/153e75c261394dbf20ff1a1e70ea2be9494f2b40b7fc4e7704084db13220ae08?s=96&d=mm&r=g\",\"contentUrl\":\"https:\/\/secure.gravatar.com\/avatar\/153e75c261394dbf20ff1a1e70ea2be9494f2b40b7fc4e7704084db13220ae08?s=96&d=mm&r=g\",\"caption\":\"Rosmer Herrera\"},\"url\":\"https:\/\/noti-america.com\/site\/espana\/author\/rosmer33\/\"}]}<\/script>\n<!-- \/ Yoast SEO Premium plugin. -->","yoast_head_json":{"title":"Coronavirus: la Comisi\u00f3n Europea insta a adoptar medidas para proteger a los trabajadores de temporada - Espa\u00f1a | Noti-America.com","robots":{"index":"index","follow":"follow","max-snippet":"max-snippet:-1","max-image-preview":"max-image-preview:large","max-video-preview":"max-video-preview:-1"},"canonical":"https:\/\/noti-america.com\/site\/espana\/2020\/07\/16\/coronavirus-la-comision-europea-insta-a-adoptar-medidas-para-proteger-a-los-trabajadores-de-temporada\/","og_locale":"es_ES","og_type":"article","og_title":"Coronavirus: la Comisi\u00f3n Europea insta a adoptar medidas para proteger a los trabajadores de temporada","og_description":"Nota de Prensa Bruselas, 16 de julio de 2020 La Comisi\u00f3n Europea presenta hoy unas directrices destinadas a garantizar la protecci\u00f3n de los trabajadores temporeros en la UE en el contexto de la pandemia&#46;&#46;&#46;","og_url":"https:\/\/noti-america.com\/site\/espana\/2020\/07\/16\/coronavirus-la-comision-europea-insta-a-adoptar-medidas-para-proteger-a-los-trabajadores-de-temporada\/","og_site_name":"Espa\u00f1a | Noti-America.com","article_published_time":"2020-07-16T14:34:56+00:00","article_modified_time":"2020-07-16T18:35:02+00:00","og_image":[{"url":"https:\/\/noti-america.com\/site\/espana\/wp-content\/uploads\/sites\/25\/2020\/03\/Union_Europea-Comision_Europea-Inteligencia_artificial-Margrethe_Vestager-Ursula_von_der_Leyen-Almacenamiento_de_datos-Empresas_468714258_145870136_1024x576.jpg","width":1,"height":1,"type":"image\/jpeg"}],"author":"Rosmer Herrera","twitter_card":"summary_large_image","twitter_creator":"@notiamerica","twitter_site":"@notiamerica","twitter_misc":{"Escrito por":"Rosmer Herrera","Tiempo estimado de lectura":"6 minutos"},"schema":{"@context":"https:\/\/schema.org","@graph":[{"@type":"Article","@id":"https:\/\/noti-america.com\/site\/espana\/2020\/07\/16\/coronavirus-la-comision-europea-insta-a-adoptar-medidas-para-proteger-a-los-trabajadores-de-temporada\/#article","isPartOf":{"@id":"https:\/\/noti-america.com\/site\/espana\/2020\/07\/16\/coronavirus-la-comision-europea-insta-a-adoptar-medidas-para-proteger-a-los-trabajadores-de-temporada\/"},"author":{"name":"Rosmer Herrera","@id":"https:\/\/noti-america.com\/site\/espana\/#\/schema\/person\/fd58dbfb92a257e9dc5761bf69a855ff"},"headline":"Coronavirus: la Comisi\u00f3n Europea insta a adoptar medidas para proteger a los trabajadores de temporada","datePublished":"2020-07-16T14:34:56+00:00","dateModified":"2020-07-16T18:35:02+00:00","mainEntityOfPage":{"@id":"https:\/\/noti-america.com\/site\/espana\/2020\/07\/16\/coronavirus-la-comision-europea-insta-a-adoptar-medidas-para-proteger-a-los-trabajadores-de-temporada\/"},"wordCount":1128,"commentCount":0,"publisher":{"@id":"https:\/\/noti-america.com\/site\/espana\/#organization"},"image":{"@id":"https:\/\/noti-america.com\/site\/espana\/2020\/07\/16\/coronavirus-la-comision-europea-insta-a-adoptar-medidas-para-proteger-a-los-trabajadores-de-temporada\/#primaryimage"},"thumbnailUrl":"https:\/\/noti-america.com\/site\/espana\/wp-content\/uploads\/sites\/25\/2020\/03\/Union_Europea-Comision_Europea-Inteligencia_artificial-Margrethe_Vestager-Ursula_von_der_Leyen-Almacenamiento_de_datos-Empresas_468714258_145870136_1024x576.jpg","articleSection":["Actualidad","Bruselas"],"inLanguage":"es","potentialAction":[{"@type":"CommentAction","name":"Comment","target":["https:\/\/noti-america.com\/site\/espana\/2020\/07\/16\/coronavirus-la-comision-europea-insta-a-adoptar-medidas-para-proteger-a-los-trabajadores-de-temporada\/#respond"]}]},{"@type":"WebPage","@id":"https:\/\/noti-america.com\/site\/espana\/2020\/07\/16\/coronavirus-la-comision-europea-insta-a-adoptar-medidas-para-proteger-a-los-trabajadores-de-temporada\/","url":"https:\/\/noti-america.com\/site\/espana\/2020\/07\/16\/coronavirus-la-comision-europea-insta-a-adoptar-medidas-para-proteger-a-los-trabajadores-de-temporada\/","name":"Coronavirus: la Comisi\u00f3n Europea insta a adoptar medidas para proteger a los trabajadores de temporada - Espa\u00f1a | Noti-America.com","isPartOf":{"@id":"https:\/\/noti-america.com\/site\/espana\/#website"},"primaryImageOfPage":{"@id":"https:\/\/noti-america.com\/site\/espana\/2020\/07\/16\/coronavirus-la-comision-europea-insta-a-adoptar-medidas-para-proteger-a-los-trabajadores-de-temporada\/#primaryimage"},"image":{"@id":"https:\/\/noti-america.com\/site\/espana\/2020\/07\/16\/coronavirus-la-comision-europea-insta-a-adoptar-medidas-para-proteger-a-los-trabajadores-de-temporada\/#primaryimage"},"thumbnailUrl":"https:\/\/noti-america.com\/site\/espana\/wp-content\/uploads\/sites\/25\/2020\/03\/Union_Europea-Comision_Europea-Inteligencia_artificial-Margrethe_Vestager-Ursula_von_der_Leyen-Almacenamiento_de_datos-Empresas_468714258_145870136_1024x576.jpg","datePublished":"2020-07-16T14:34:56+00:00","dateModified":"2020-07-16T18:35:02+00:00","breadcrumb":{"@id":"https:\/\/noti-america.com\/site\/espana\/2020\/07\/16\/coronavirus-la-comision-europea-insta-a-adoptar-medidas-para-proteger-a-los-trabajadores-de-temporada\/#breadcrumb"},"inLanguage":"es","potentialAction":[{"@type":"ReadAction","target":["https:\/\/noti-america.com\/site\/espana\/2020\/07\/16\/coronavirus-la-comision-europea-insta-a-adoptar-medidas-para-proteger-a-los-trabajadores-de-temporada\/"]}]},{"@type":"ImageObject","inLanguage":"es","@id":"https:\/\/noti-america.com\/site\/espana\/2020\/07\/16\/coronavirus-la-comision-europea-insta-a-adoptar-medidas-para-proteger-a-los-trabajadores-de-temporada\/#primaryimage","url":"https:\/\/noti-america.com\/site\/espana\/wp-content\/uploads\/sites\/25\/2020\/03\/Union_Europea-Comision_Europea-Inteligencia_artificial-Margrethe_Vestager-Ursula_von_der_Leyen-Almacenamiento_de_datos-Empresas_468714258_145870136_1024x576.jpg","contentUrl":"https:\/\/noti-america.com\/site\/espana\/wp-content\/uploads\/sites\/25\/2020\/03\/Union_Europea-Comision_Europea-Inteligencia_artificial-Margrethe_Vestager-Ursula_von_der_Leyen-Almacenamiento_de_datos-Empresas_468714258_145870136_1024x576.jpg"},{"@type":"BreadcrumbList","@id":"https:\/\/noti-america.com\/site\/espana\/2020\/07\/16\/coronavirus-la-comision-europea-insta-a-adoptar-medidas-para-proteger-a-los-trabajadores-de-temporada\/#breadcrumb","itemListElement":[{"@type":"ListItem","position":1,"name":"Portada","item":"https:\/\/noti-america.com\/site\/espana\/"},{"@type":"ListItem","position":2,"name":"Coronavirus: la Comisi\u00f3n Europea insta a adoptar medidas para proteger a los trabajadores de temporada"}]},{"@type":"WebSite","@id":"https:\/\/noti-america.com\/site\/espana\/#website","url":"https:\/\/noti-america.com\/site\/espana\/","name":"Espa\u00f1a | Noti-America.com","description":"","publisher":{"@id":"https:\/\/noti-america.com\/site\/espana\/#organization"},"potentialAction":[{"@type":"SearchAction","target":{"@type":"EntryPoint","urlTemplate":"https:\/\/noti-america.com\/site\/espana\/?s={search_term_string}"},"query-input":{"@type":"PropertyValueSpecification","valueRequired":true,"valueName":"search_term_string"}}],"inLanguage":"es"},{"@type":"Organization","@id":"https:\/\/noti-america.com\/site\/espana\/#organization","name":"Noti-America LLC | Espa\u00f1a","url":"https:\/\/noti-america.com\/site\/espana\/","logo":{"@type":"ImageObject","inLanguage":"es","@id":"https:\/\/noti-america.com\/site\/espana\/#\/schema\/logo\/image\/","url":"https:\/\/noti-america.com\/site\/espana\/wp-content\/uploads\/sites\/25\/2020\/07\/LogoNA-4x3-1.jpg","contentUrl":"https:\/\/noti-america.com\/site\/espana\/wp-content\/uploads\/sites\/25\/2020\/07\/LogoNA-4x3-1.jpg","width":1236,"height":1080,"caption":"Noti-America LLC | Espa\u00f1a"},"image":{"@id":"https:\/\/noti-america.com\/site\/espana\/#\/schema\/logo\/image\/"},"sameAs":["https:\/\/x.com\/notiamerica"]},{"@type":"Person","@id":"https:\/\/noti-america.com\/site\/espana\/#\/schema\/person\/fd58dbfb92a257e9dc5761bf69a855ff","name":"Rosmer Herrera","image":{"@type":"ImageObject","inLanguage":"es","@id":"https:\/\/secure.gravatar.com\/avatar\/153e75c261394dbf20ff1a1e70ea2be9494f2b40b7fc4e7704084db13220ae08?s=96&d=mm&r=g","url":"https:\/\/secure.gravatar.com\/avatar\/153e75c261394dbf20ff1a1e70ea2be9494f2b40b7fc4e7704084db13220ae08?s=96&d=mm&r=g","contentUrl":"https:\/\/secure.gravatar.com\/avatar\/153e75c261394dbf20ff1a1e70ea2be9494f2b40b7fc4e7704084db13220ae08?s=96&d=mm&r=g","caption":"Rosmer Herrera"},"url":"https:\/\/noti-america.com\/site\/espana\/author\/rosmer33\/"}]}},"_links":{"self":[{"href":"https:\/\/noti-america.com\/site\/espana\/wp-json\/wp\/v2\/posts\/2236","targetHints":{"allow":["GET"]}}],"collection":[{"href":"https:\/\/noti-america.com\/site\/espana\/wp-json\/wp\/v2\/posts"}],"about":[{"href":"https:\/\/noti-america.com\/site\/espana\/wp-json\/wp\/v2\/types\/post"}],"author":[{"embeddable":true,"href":"https:\/\/noti-america.com\/site\/espana\/wp-json\/wp\/v2\/users\/1"}],"replies":[{"embeddable":true,"href":"https:\/\/noti-america.com\/site\/espana\/wp-json\/wp\/v2\/comments?post=2236"}],"version-history":[{"count":1,"href":"https:\/\/noti-america.com\/site\/espana\/wp-json\/wp\/v2\/posts\/2236\/revisions"}],"predecessor-version":[{"id":2237,"href":"https:\/\/noti-america.com\/site\/espana\/wp-json\/wp\/v2\/posts\/2236\/revisions\/2237"}],"wp:featuredmedia":[{"embeddable":true,"href":"https:\/\/noti-america.com\/site\/espana\/wp-json\/wp\/v2\/media\/1919"}],"wp:attachment":[{"href":"https:\/\/noti-america.com\/site\/espana\/wp-json\/wp\/v2\/media?parent=2236"}],"wp:term":[{"taxonomy":"category","embeddable":true,"href":"https:\/\/noti-america.com\/site\/espana\/wp-json\/wp\/v2\/categories?post=2236"},{"taxonomy":"post_tag","embeddable":true,"href":"https:\/\/noti-america.com\/site\/espana\/wp-json\/wp\/v2\/tags?post=2236"}],"curies":[{"name":"wp","href":"https:\/\/api.w.org\/{rel}","templated":true}]}}