{"id":2061,"date":"2020-06-05T18:04:44","date_gmt":"2020-06-05T18:04:44","guid":{"rendered":"http:\/\/noti-america.com\/site\/espana\/2020\/06\/05\/incendios-forestales-la-comision-prepara-el-verano-anadiendo-aviones-a-la-flota-de-resceu\/"},"modified":"2020-06-05T22:04:57","modified_gmt":"2020-06-05T22:04:57","slug":"incendios-forestales-la-comision-prepara-el-verano-anadiendo-aviones-a-la-flota-de-resceu","status":"publish","type":"post","link":"https:\/\/noti-america.com\/site\/espana\/2020\/06\/05\/incendios-forestales-la-comision-prepara-el-verano-anadiendo-aviones-a-la-flota-de-resceu\/","title":{"rendered":"Incendios forestales: la Comisi\u00f3n prepara el verano a\u00f1adiendo aviones a la flota de rescEU"},"content":{"rendered":"<p><strong>Nota de Prensa<\/strong><\/p>\n<p><strong>Bruselas, 5 de junio de 2020<\/strong><\/p>\n<p style=\"text-align: justify;\"><img loading=\"lazy\" decoding=\"async\" class=\" wp-image-2062 alignleft\" src=\"http:\/\/noti-america.com\/site\/espana\/wp-content\/uploads\/sites\/25\/2020\/06\/7eeaaada9da72ef1988d2e63bb456220.jpg\" alt=\"\" width=\"566\" height=\"384\" srcset=\"https:\/\/noti-america.com\/site\/espana\/wp-content\/uploads\/sites\/25\/2020\/06\/7eeaaada9da72ef1988d2e63bb456220.jpg 1450w, https:\/\/noti-america.com\/site\/espana\/wp-content\/uploads\/sites\/25\/2020\/06\/7eeaaada9da72ef1988d2e63bb456220-300x203.jpg 300w, https:\/\/noti-america.com\/site\/espana\/wp-content\/uploads\/sites\/25\/2020\/06\/7eeaaada9da72ef1988d2e63bb456220-1024x694.jpg 1024w, https:\/\/noti-america.com\/site\/espana\/wp-content\/uploads\/sites\/25\/2020\/06\/7eeaaada9da72ef1988d2e63bb456220-768x521.jpg 768w\" sizes=\"auto, (max-width: 566px) 100vw, 566px\" \/>Ante el riesgo de incendios forestales durante el pr\u00f3ximo verano, la UE se prepara reforzando la flota a\u00e9rea de lucha contra incendios del nuevo sistema rescEU. La UE financiar\u00e1 la compra por el Gobierno sueco de dos nuevos aviones de extinci\u00f3n de incendios que se a\u00f1adir\u00e1n a la reserva, lo que elevar\u00e1 a 13 el n\u00famero de aviones y a 6 el de helic\u00f3pteros de la flota de rescEU en 2020 financiados por la UE.<\/p>\n<p style=\"text-align: justify;\">En palabras del comisario de Gesti\u00f3n de Crisis, Janez <strong>Lenar\u010di\u010d<\/strong>,<em> \u00ablos incendios forestales pueden producirse en cualquier momento, y el cambio clim\u00e1tico ha ampliado su extensi\u00f3n en Europa. Hemos de estar preparados para este verano. Quisiera dar las gracias a nuestros amigos suecos, que tanto est\u00e1n contribuyendo a la lucha de rescEU contra los incendios. Es para m\u00ed motivo de gran orgullo ver c\u00f3mo nuestra flota europea se prepara del mejor modo posible para la temporada de incendios forestales de este a\u00f1o\u00bb. <\/em><\/p>\n<p style=\"text-align: justify;\"><strong>Capacidades de lucha contra incendios forestales de rescEU<\/strong><\/p>\n<p style=\"text-align: justify;\">&#8211; La UE financiar\u00e1 la puesta en com\u00fan de los aviones y helic\u00f3pteros de siete Estados miembros para la flota antiincendios de rescEU en 2020, de modo que puedan desplegarse en los pa\u00edses que los necesiten.<\/p>\n<p style=\"text-align: justify;\">&#8211; La reserva de lucha contra incendios de rescEU est\u00e1 compuesta por 2 aviones de <strong>Croacia, <\/strong>2 aviones de <strong>Chipre, <\/strong>1 avi\u00f3n de <strong>Francia, <\/strong>2 aviones de <strong>Grecia, <\/strong>2 aviones de <strong>Italia, <\/strong>2 aviones de <strong>Espa\u00f1a<\/strong> y 2 aviones y 6 helic\u00f3pteros de <strong>Suecia.<\/strong><\/p>\n<p style=\"text-align: justify;\"><strong>Medidas preparatorias y de seguimiento ante la temporada de incendios forestales de 2020 <\/strong><\/p>\n<p style=\"text-align: justify;\">La Comisi\u00f3n Europea continuar\u00e1 su labor de seguimiento y coordinaci\u00f3n de cara a la temporada de incendios forestales.<\/p>\n<p style=\"text-align: justify;\">&#8211; El CECRE vigilar\u00e1 la evoluci\u00f3n de los incendios y se mantendr\u00e1 en estrecho contacto con las autoridades del pa\u00eds afectado.<\/p>\n<p style=\"text-align: justify;\">&#8211; Servicios e instrumentos de seguimiento nacionales y europeos tales como el <a href=\"http:\/\/effis.jrc.ec.europa.eu\/\">Sistema Europeo de Informaci\u00f3n sobre Incendios Forestales (EFFIS)<\/a> ofrecen una visi\u00f3n general de los datos europeos obtenidos a partir de los programas nacionales de lucha contra los incendios forestales.<\/p>\n<p style=\"text-align: justify;\">&#8211; Antes y durante la temporada, se mantendr\u00e1n reuniones peri\u00f3dicas con los Estados miembros de la UE y los Estados participantes en el Mecanismo de Protecci\u00f3n Civil de la Uni\u00f3n para intercambiar informaci\u00f3n sobre su grado de preparaci\u00f3n y los riesgos de incendio.<\/p>\n<p style=\"text-align: justify;\">&#8211; El sistema de la UE de cartograf\u00eda v\u00eda sat\u00e9lite <a href=\"https:\/\/emergency.copernicus.eu\/\">Copernicus<\/a> puede utilizarse para detectar incendios forestales.<\/p>\n<p style=\"text-align: justify;\"><strong>Contexto<\/strong><\/p>\n<p style=\"text-align: justify;\"><strong>\u00bfPor qu\u00e9 se cre\u00f3 rescEU? <\/strong><\/p>\n<p style=\"text-align: justify;\">El <a href=\"https:\/\/ec.europa.eu\/echo\/what\/civil-protection\/mechanism_en\">Mecanismo de Protecci\u00f3n Civil<\/a> de la UE se basaba hasta ahora en un sistema mediante el cual la UE coordinaba las contribuciones voluntarias de los Estados miembros de la UE y los Estados participantes a un pa\u00eds que solicitaba ayuda. El Centro Europeo de Coordinaci\u00f3n de la Respuesta a Emergencias (CECRE), con sede en Bruselas, se encarga de coordinar las ofertas de asistencia. En los \u00faltimos a\u00f1os, unas condiciones clim\u00e1ticas extremas y la aparici\u00f3n de nuevas amenazas han puesto al l\u00edmite la capacidad de los Estados miembros de ayudarse rec\u00edprocamente, sobre todo cuando varios pa\u00edses se enfrentan a la vez al mismo tipo de cat\u00e1strofe. All\u00ed donde la disponibilidad de equipos es escasa o nula, rescEU interviene para facilitar capacidades adicionales que permitan afrontar las cat\u00e1strofes en Europa.<\/p>\n","protected":false},"excerpt":{"rendered":"<p>Nota de Prensa Bruselas, 5 de junio de 2020 Ante el riesgo de incendios forestales durante el pr\u00f3ximo verano, la UE se prepara reforzando la flota a\u00e9rea de lucha contra incendios del nuevo sistema&#46;&#46;&#46;<\/p>\n","protected":false},"author":1,"featured_media":2062,"comment_status":"open","ping_status":"open","sticky":false,"template":"","format":"standard","meta":{"_acf_changed":false,"om_disable_all_campaigns":false,"rop_custom_images_group":[],"rop_custom_messages_group":[],"rop_publish_now":"initial","rop_publish_now_accounts":[],"rop_publish_now_history":[],"rop_publish_now_status":"pending","_uf_show_specific_survey":0,"_uf_disable_surveys":false,"footnotes":""},"categories":[136,56,57,140],"tags":[],"class_list":["post-2061","post","type-post","status-publish","format-standard","has-post-thumbnail","hentry","category-actualidad","category-espana","category-europa","category-sostenibilidad-y-cambio-climatico"],"acf":[],"aioseo_notices":[],"yoast_head":"<!-- This site is optimized with the Yoast SEO Premium plugin v24.9 (Yoast SEO v27.2) - https:\/\/yoast.com\/product\/yoast-seo-premium-wordpress\/ -->\n<title>Incendios forestales: la Comisi\u00f3n prepara el verano a\u00f1adiendo aviones a la flota de rescEU - Espa\u00f1a | Noti-America.com<\/title>\n<meta name=\"robots\" content=\"index, follow, max-snippet:-1, max-image-preview:large, max-video-preview:-1\" \/>\n<link rel=\"canonical\" href=\"https:\/\/noti-america.com\/site\/espana\/2020\/06\/05\/incendios-forestales-la-comision-prepara-el-verano-anadiendo-aviones-a-la-flota-de-resceu\/\" \/>\n<meta property=\"og:locale\" content=\"es_ES\" \/>\n<meta property=\"og:type\" content=\"article\" \/>\n<meta property=\"og:title\" content=\"Incendios forestales: la Comisi\u00f3n prepara el verano a\u00f1adiendo aviones a la flota de rescEU\" \/>\n<meta property=\"og:description\" content=\"Nota de Prensa Bruselas, 5 de junio de 2020 Ante el riesgo de incendios forestales durante el pr\u00f3ximo verano, la UE se prepara reforzando la flota a\u00e9rea de lucha contra incendios del nuevo sistema&#046;&#046;&#046;\" \/>\n<meta property=\"og:url\" content=\"https:\/\/noti-america.com\/site\/espana\/2020\/06\/05\/incendios-forestales-la-comision-prepara-el-verano-anadiendo-aviones-a-la-flota-de-resceu\/\" \/>\n<meta property=\"og:site_name\" content=\"Espa\u00f1a | Noti-America.com\" \/>\n<meta property=\"article:published_time\" content=\"2020-06-05T18:04:44+00:00\" \/>\n<meta property=\"article:modified_time\" content=\"2020-06-05T22:04:57+00:00\" \/>\n<meta property=\"og:image\" content=\"https:\/\/noti-america.com\/site\/espana\/wp-content\/uploads\/sites\/25\/2020\/06\/7eeaaada9da72ef1988d2e63bb456220.jpg\" \/>\n\t<meta property=\"og:image:width\" content=\"1450\" \/>\n\t<meta property=\"og:image:height\" content=\"983\" \/>\n\t<meta property=\"og:image:type\" content=\"image\/jpeg\" \/>\n<meta name=\"author\" content=\"Rosmer Herrera\" \/>\n<meta name=\"twitter:card\" content=\"summary_large_image\" \/>\n<meta name=\"twitter:creator\" content=\"@notiamerica\" \/>\n<meta name=\"twitter:site\" content=\"@notiamerica\" \/>\n<meta name=\"twitter:label1\" content=\"Escrito por\" \/>\n\t<meta name=\"twitter:data1\" content=\"Rosmer Herrera\" \/>\n\t<meta name=\"twitter:label2\" content=\"Tiempo estimado de lectura\" \/>\n\t<meta name=\"twitter:data2\" content=\"3 minutos\" \/>\n<script type=\"application\/ld+json\" class=\"yoast-schema-graph\">{\"@context\":\"https:\/\/schema.org\",\"@graph\":[{\"@type\":\"Article\",\"@id\":\"https:\/\/noti-america.com\/site\/espana\/2020\/06\/05\/incendios-forestales-la-comision-prepara-el-verano-anadiendo-aviones-a-la-flota-de-resceu\/#article\",\"isPartOf\":{\"@id\":\"https:\/\/noti-america.com\/site\/espana\/2020\/06\/05\/incendios-forestales-la-comision-prepara-el-verano-anadiendo-aviones-a-la-flota-de-resceu\/\"},\"author\":{\"name\":\"Rosmer Herrera\",\"@id\":\"https:\/\/noti-america.com\/site\/espana\/#\/schema\/person\/fd58dbfb92a257e9dc5761bf69a855ff\"},\"headline\":\"Incendios forestales: la Comisi\u00f3n prepara el verano a\u00f1adiendo aviones a la flota de rescEU\",\"datePublished\":\"2020-06-05T18:04:44+00:00\",\"dateModified\":\"2020-06-05T22:04:57+00:00\",\"mainEntityOfPage\":{\"@id\":\"https:\/\/noti-america.com\/site\/espana\/2020\/06\/05\/incendios-forestales-la-comision-prepara-el-verano-anadiendo-aviones-a-la-flota-de-resceu\/\"},\"wordCount\":589,\"commentCount\":0,\"publisher\":{\"@id\":\"https:\/\/noti-america.com\/site\/espana\/#organization\"},\"image\":{\"@id\":\"https:\/\/noti-america.com\/site\/espana\/2020\/06\/05\/incendios-forestales-la-comision-prepara-el-verano-anadiendo-aviones-a-la-flota-de-resceu\/#primaryimage\"},\"thumbnailUrl\":\"https:\/\/noti-america.com\/site\/espana\/wp-content\/uploads\/sites\/25\/2020\/06\/7eeaaada9da72ef1988d2e63bb456220.jpg\",\"articleSection\":[\"Actualidad\",\"Espa\u00f1a\",\"Europa\",\"Sostenibilidad y Cambio Clim\u00e1tico\"],\"inLanguage\":\"es\",\"potentialAction\":[{\"@type\":\"CommentAction\",\"name\":\"Comment\",\"target\":[\"https:\/\/noti-america.com\/site\/espana\/2020\/06\/05\/incendios-forestales-la-comision-prepara-el-verano-anadiendo-aviones-a-la-flota-de-resceu\/#respond\"]}]},{\"@type\":\"WebPage\",\"@id\":\"https:\/\/noti-america.com\/site\/espana\/2020\/06\/05\/incendios-forestales-la-comision-prepara-el-verano-anadiendo-aviones-a-la-flota-de-resceu\/\",\"url\":\"https:\/\/noti-america.com\/site\/espana\/2020\/06\/05\/incendios-forestales-la-comision-prepara-el-verano-anadiendo-aviones-a-la-flota-de-resceu\/\",\"name\":\"Incendios forestales: la Comisi\u00f3n prepara el verano a\u00f1adiendo aviones a la flota de rescEU - Espa\u00f1a | Noti-America.com\",\"isPartOf\":{\"@id\":\"https:\/\/noti-america.com\/site\/espana\/#website\"},\"primaryImageOfPage\":{\"@id\":\"https:\/\/noti-america.com\/site\/espana\/2020\/06\/05\/incendios-forestales-la-comision-prepara-el-verano-anadiendo-aviones-a-la-flota-de-resceu\/#primaryimage\"},\"image\":{\"@id\":\"https:\/\/noti-america.com\/site\/espana\/2020\/06\/05\/incendios-forestales-la-comision-prepara-el-verano-anadiendo-aviones-a-la-flota-de-resceu\/#primaryimage\"},\"thumbnailUrl\":\"https:\/\/noti-america.com\/site\/espana\/wp-content\/uploads\/sites\/25\/2020\/06\/7eeaaada9da72ef1988d2e63bb456220.jpg\",\"datePublished\":\"2020-06-05T18:04:44+00:00\",\"dateModified\":\"2020-06-05T22:04:57+00:00\",\"breadcrumb\":{\"@id\":\"https:\/\/noti-america.com\/site\/espana\/2020\/06\/05\/incendios-forestales-la-comision-prepara-el-verano-anadiendo-aviones-a-la-flota-de-resceu\/#breadcrumb\"},\"inLanguage\":\"es\",\"potentialAction\":[{\"@type\":\"ReadAction\",\"target\":[\"https:\/\/noti-america.com\/site\/espana\/2020\/06\/05\/incendios-forestales-la-comision-prepara-el-verano-anadiendo-aviones-a-la-flota-de-resceu\/\"]}]},{\"@type\":\"ImageObject\",\"inLanguage\":\"es\",\"@id\":\"https:\/\/noti-america.com\/site\/espana\/2020\/06\/05\/incendios-forestales-la-comision-prepara-el-verano-anadiendo-aviones-a-la-flota-de-resceu\/#primaryimage\",\"url\":\"https:\/\/noti-america.com\/site\/espana\/wp-content\/uploads\/sites\/25\/2020\/06\/7eeaaada9da72ef1988d2e63bb456220.jpg\",\"contentUrl\":\"https:\/\/noti-america.com\/site\/espana\/wp-content\/uploads\/sites\/25\/2020\/06\/7eeaaada9da72ef1988d2e63bb456220.jpg\",\"width\":1450,\"height\":983},{\"@type\":\"BreadcrumbList\",\"@id\":\"https:\/\/noti-america.com\/site\/espana\/2020\/06\/05\/incendios-forestales-la-comision-prepara-el-verano-anadiendo-aviones-a-la-flota-de-resceu\/#breadcrumb\",\"itemListElement\":[{\"@type\":\"ListItem\",\"position\":1,\"name\":\"Portada\",\"item\":\"https:\/\/noti-america.com\/site\/espana\/\"},{\"@type\":\"ListItem\",\"position\":2,\"name\":\"Incendios forestales: la Comisi\u00f3n prepara el verano a\u00f1adiendo aviones a la flota de rescEU\"}]},{\"@type\":\"WebSite\",\"@id\":\"https:\/\/noti-america.com\/site\/espana\/#website\",\"url\":\"https:\/\/noti-america.com\/site\/espana\/\",\"name\":\"Espa\u00f1a | Noti-America.com\",\"description\":\"\",\"publisher\":{\"@id\":\"https:\/\/noti-america.com\/site\/espana\/#organization\"},\"potentialAction\":[{\"@type\":\"SearchAction\",\"target\":{\"@type\":\"EntryPoint\",\"urlTemplate\":\"https:\/\/noti-america.com\/site\/espana\/?s={search_term_string}\"},\"query-input\":{\"@type\":\"PropertyValueSpecification\",\"valueRequired\":true,\"valueName\":\"search_term_string\"}}],\"inLanguage\":\"es\"},{\"@type\":\"Organization\",\"@id\":\"https:\/\/noti-america.com\/site\/espana\/#organization\",\"name\":\"Noti-America LLC | Espa\u00f1a\",\"url\":\"https:\/\/noti-america.com\/site\/espana\/\",\"logo\":{\"@type\":\"ImageObject\",\"inLanguage\":\"es\",\"@id\":\"https:\/\/noti-america.com\/site\/espana\/#\/schema\/logo\/image\/\",\"url\":\"https:\/\/noti-america.com\/site\/espana\/wp-content\/uploads\/sites\/25\/2020\/07\/LogoNA-4x3-1.jpg\",\"contentUrl\":\"https:\/\/noti-america.com\/site\/espana\/wp-content\/uploads\/sites\/25\/2020\/07\/LogoNA-4x3-1.jpg\",\"width\":1236,\"height\":1080,\"caption\":\"Noti-America LLC | Espa\u00f1a\"},\"image\":{\"@id\":\"https:\/\/noti-america.com\/site\/espana\/#\/schema\/logo\/image\/\"},\"sameAs\":[\"https:\/\/x.com\/notiamerica\"]},{\"@type\":\"Person\",\"@id\":\"https:\/\/noti-america.com\/site\/espana\/#\/schema\/person\/fd58dbfb92a257e9dc5761bf69a855ff\",\"name\":\"Rosmer Herrera\",\"image\":{\"@type\":\"ImageObject\",\"inLanguage\":\"es\",\"@id\":\"https:\/\/secure.gravatar.com\/avatar\/153e75c261394dbf20ff1a1e70ea2be9494f2b40b7fc4e7704084db13220ae08?s=96&d=mm&r=g\",\"url\":\"https:\/\/secure.gravatar.com\/avatar\/153e75c261394dbf20ff1a1e70ea2be9494f2b40b7fc4e7704084db13220ae08?s=96&d=mm&r=g\",\"contentUrl\":\"https:\/\/secure.gravatar.com\/avatar\/153e75c261394dbf20ff1a1e70ea2be9494f2b40b7fc4e7704084db13220ae08?s=96&d=mm&r=g\",\"caption\":\"Rosmer Herrera\"},\"url\":\"https:\/\/noti-america.com\/site\/espana\/author\/rosmer33\/\"}]}<\/script>\n<!-- \/ Yoast SEO Premium plugin. -->","yoast_head_json":{"title":"Incendios forestales: la Comisi\u00f3n prepara el verano a\u00f1adiendo aviones a la flota de rescEU - Espa\u00f1a | Noti-America.com","robots":{"index":"index","follow":"follow","max-snippet":"max-snippet:-1","max-image-preview":"max-image-preview:large","max-video-preview":"max-video-preview:-1"},"canonical":"https:\/\/noti-america.com\/site\/espana\/2020\/06\/05\/incendios-forestales-la-comision-prepara-el-verano-anadiendo-aviones-a-la-flota-de-resceu\/","og_locale":"es_ES","og_type":"article","og_title":"Incendios forestales: la Comisi\u00f3n prepara el verano a\u00f1adiendo aviones a la flota de rescEU","og_description":"Nota de Prensa Bruselas, 5 de junio de 2020 Ante el riesgo de incendios forestales durante el pr\u00f3ximo verano, la UE se prepara reforzando la flota a\u00e9rea de lucha contra incendios del nuevo sistema&#46;&#46;&#46;","og_url":"https:\/\/noti-america.com\/site\/espana\/2020\/06\/05\/incendios-forestales-la-comision-prepara-el-verano-anadiendo-aviones-a-la-flota-de-resceu\/","og_site_name":"Espa\u00f1a | Noti-America.com","article_published_time":"2020-06-05T18:04:44+00:00","article_modified_time":"2020-06-05T22:04:57+00:00","og_image":[{"width":1450,"height":983,"url":"https:\/\/noti-america.com\/site\/espana\/wp-content\/uploads\/sites\/25\/2020\/06\/7eeaaada9da72ef1988d2e63bb456220.jpg","type":"image\/jpeg"}],"author":"Rosmer Herrera","twitter_card":"summary_large_image","twitter_creator":"@notiamerica","twitter_site":"@notiamerica","twitter_misc":{"Escrito por":"Rosmer Herrera","Tiempo estimado de lectura":"3 minutos"},"schema":{"@context":"https:\/\/schema.org","@graph":[{"@type":"Article","@id":"https:\/\/noti-america.com\/site\/espana\/2020\/06\/05\/incendios-forestales-la-comision-prepara-el-verano-anadiendo-aviones-a-la-flota-de-resceu\/#article","isPartOf":{"@id":"https:\/\/noti-america.com\/site\/espana\/2020\/06\/05\/incendios-forestales-la-comision-prepara-el-verano-anadiendo-aviones-a-la-flota-de-resceu\/"},"author":{"name":"Rosmer Herrera","@id":"https:\/\/noti-america.com\/site\/espana\/#\/schema\/person\/fd58dbfb92a257e9dc5761bf69a855ff"},"headline":"Incendios forestales: la Comisi\u00f3n prepara el verano a\u00f1adiendo aviones a la flota de rescEU","datePublished":"2020-06-05T18:04:44+00:00","dateModified":"2020-06-05T22:04:57+00:00","mainEntityOfPage":{"@id":"https:\/\/noti-america.com\/site\/espana\/2020\/06\/05\/incendios-forestales-la-comision-prepara-el-verano-anadiendo-aviones-a-la-flota-de-resceu\/"},"wordCount":589,"commentCount":0,"publisher":{"@id":"https:\/\/noti-america.com\/site\/espana\/#organization"},"image":{"@id":"https:\/\/noti-america.com\/site\/espana\/2020\/06\/05\/incendios-forestales-la-comision-prepara-el-verano-anadiendo-aviones-a-la-flota-de-resceu\/#primaryimage"},"thumbnailUrl":"https:\/\/noti-america.com\/site\/espana\/wp-content\/uploads\/sites\/25\/2020\/06\/7eeaaada9da72ef1988d2e63bb456220.jpg","articleSection":["Actualidad","Espa\u00f1a","Europa","Sostenibilidad y Cambio Clim\u00e1tico"],"inLanguage":"es","potentialAction":[{"@type":"CommentAction","name":"Comment","target":["https:\/\/noti-america.com\/site\/espana\/2020\/06\/05\/incendios-forestales-la-comision-prepara-el-verano-anadiendo-aviones-a-la-flota-de-resceu\/#respond"]}]},{"@type":"WebPage","@id":"https:\/\/noti-america.com\/site\/espana\/2020\/06\/05\/incendios-forestales-la-comision-prepara-el-verano-anadiendo-aviones-a-la-flota-de-resceu\/","url":"https:\/\/noti-america.com\/site\/espana\/2020\/06\/05\/incendios-forestales-la-comision-prepara-el-verano-anadiendo-aviones-a-la-flota-de-resceu\/","name":"Incendios forestales: la Comisi\u00f3n prepara el verano a\u00f1adiendo aviones a la flota de rescEU - Espa\u00f1a | Noti-America.com","isPartOf":{"@id":"https:\/\/noti-america.com\/site\/espana\/#website"},"primaryImageOfPage":{"@id":"https:\/\/noti-america.com\/site\/espana\/2020\/06\/05\/incendios-forestales-la-comision-prepara-el-verano-anadiendo-aviones-a-la-flota-de-resceu\/#primaryimage"},"image":{"@id":"https:\/\/noti-america.com\/site\/espana\/2020\/06\/05\/incendios-forestales-la-comision-prepara-el-verano-anadiendo-aviones-a-la-flota-de-resceu\/#primaryimage"},"thumbnailUrl":"https:\/\/noti-america.com\/site\/espana\/wp-content\/uploads\/sites\/25\/2020\/06\/7eeaaada9da72ef1988d2e63bb456220.jpg","datePublished":"2020-06-05T18:04:44+00:00","dateModified":"2020-06-05T22:04:57+00:00","breadcrumb":{"@id":"https:\/\/noti-america.com\/site\/espana\/2020\/06\/05\/incendios-forestales-la-comision-prepara-el-verano-anadiendo-aviones-a-la-flota-de-resceu\/#breadcrumb"},"inLanguage":"es","potentialAction":[{"@type":"ReadAction","target":["https:\/\/noti-america.com\/site\/espana\/2020\/06\/05\/incendios-forestales-la-comision-prepara-el-verano-anadiendo-aviones-a-la-flota-de-resceu\/"]}]},{"@type":"ImageObject","inLanguage":"es","@id":"https:\/\/noti-america.com\/site\/espana\/2020\/06\/05\/incendios-forestales-la-comision-prepara-el-verano-anadiendo-aviones-a-la-flota-de-resceu\/#primaryimage","url":"https:\/\/noti-america.com\/site\/espana\/wp-content\/uploads\/sites\/25\/2020\/06\/7eeaaada9da72ef1988d2e63bb456220.jpg","contentUrl":"https:\/\/noti-america.com\/site\/espana\/wp-content\/uploads\/sites\/25\/2020\/06\/7eeaaada9da72ef1988d2e63bb456220.jpg","width":1450,"height":983},{"@type":"BreadcrumbList","@id":"https:\/\/noti-america.com\/site\/espana\/2020\/06\/05\/incendios-forestales-la-comision-prepara-el-verano-anadiendo-aviones-a-la-flota-de-resceu\/#breadcrumb","itemListElement":[{"@type":"ListItem","position":1,"name":"Portada","item":"https:\/\/noti-america.com\/site\/espana\/"},{"@type":"ListItem","position":2,"name":"Incendios forestales: la Comisi\u00f3n prepara el verano a\u00f1adiendo aviones a la flota de rescEU"}]},{"@type":"WebSite","@id":"https:\/\/noti-america.com\/site\/espana\/#website","url":"https:\/\/noti-america.com\/site\/espana\/","name":"Espa\u00f1a | Noti-America.com","description":"","publisher":{"@id":"https:\/\/noti-america.com\/site\/espana\/#organization"},"potentialAction":[{"@type":"SearchAction","target":{"@type":"EntryPoint","urlTemplate":"https:\/\/noti-america.com\/site\/espana\/?s={search_term_string}"},"query-input":{"@type":"PropertyValueSpecification","valueRequired":true,"valueName":"search_term_string"}}],"inLanguage":"es"},{"@type":"Organization","@id":"https:\/\/noti-america.com\/site\/espana\/#organization","name":"Noti-America LLC | Espa\u00f1a","url":"https:\/\/noti-america.com\/site\/espana\/","logo":{"@type":"ImageObject","inLanguage":"es","@id":"https:\/\/noti-america.com\/site\/espana\/#\/schema\/logo\/image\/","url":"https:\/\/noti-america.com\/site\/espana\/wp-content\/uploads\/sites\/25\/2020\/07\/LogoNA-4x3-1.jpg","contentUrl":"https:\/\/noti-america.com\/site\/espana\/wp-content\/uploads\/sites\/25\/2020\/07\/LogoNA-4x3-1.jpg","width":1236,"height":1080,"caption":"Noti-America LLC | Espa\u00f1a"},"image":{"@id":"https:\/\/noti-america.com\/site\/espana\/#\/schema\/logo\/image\/"},"sameAs":["https:\/\/x.com\/notiamerica"]},{"@type":"Person","@id":"https:\/\/noti-america.com\/site\/espana\/#\/schema\/person\/fd58dbfb92a257e9dc5761bf69a855ff","name":"Rosmer Herrera","image":{"@type":"ImageObject","inLanguage":"es","@id":"https:\/\/secure.gravatar.com\/avatar\/153e75c261394dbf20ff1a1e70ea2be9494f2b40b7fc4e7704084db13220ae08?s=96&d=mm&r=g","url":"https:\/\/secure.gravatar.com\/avatar\/153e75c261394dbf20ff1a1e70ea2be9494f2b40b7fc4e7704084db13220ae08?s=96&d=mm&r=g","contentUrl":"https:\/\/secure.gravatar.com\/avatar\/153e75c261394dbf20ff1a1e70ea2be9494f2b40b7fc4e7704084db13220ae08?s=96&d=mm&r=g","caption":"Rosmer Herrera"},"url":"https:\/\/noti-america.com\/site\/espana\/author\/rosmer33\/"}]}},"_links":{"self":[{"href":"https:\/\/noti-america.com\/site\/espana\/wp-json\/wp\/v2\/posts\/2061","targetHints":{"allow":["GET"]}}],"collection":[{"href":"https:\/\/noti-america.com\/site\/espana\/wp-json\/wp\/v2\/posts"}],"about":[{"href":"https:\/\/noti-america.com\/site\/espana\/wp-json\/wp\/v2\/types\/post"}],"author":[{"embeddable":true,"href":"https:\/\/noti-america.com\/site\/espana\/wp-json\/wp\/v2\/users\/1"}],"replies":[{"embeddable":true,"href":"https:\/\/noti-america.com\/site\/espana\/wp-json\/wp\/v2\/comments?post=2061"}],"version-history":[{"count":3,"href":"https:\/\/noti-america.com\/site\/espana\/wp-json\/wp\/v2\/posts\/2061\/revisions"}],"predecessor-version":[{"id":2065,"href":"https:\/\/noti-america.com\/site\/espana\/wp-json\/wp\/v2\/posts\/2061\/revisions\/2065"}],"wp:featuredmedia":[{"embeddable":true,"href":"https:\/\/noti-america.com\/site\/espana\/wp-json\/wp\/v2\/media\/2062"}],"wp:attachment":[{"href":"https:\/\/noti-america.com\/site\/espana\/wp-json\/wp\/v2\/media?parent=2061"}],"wp:term":[{"taxonomy":"category","embeddable":true,"href":"https:\/\/noti-america.com\/site\/espana\/wp-json\/wp\/v2\/categories?post=2061"},{"taxonomy":"post_tag","embeddable":true,"href":"https:\/\/noti-america.com\/site\/espana\/wp-json\/wp\/v2\/tags?post=2061"}],"curies":[{"name":"wp","href":"https:\/\/api.w.org\/{rel}","templated":true}]}}