{"id":1693,"date":"2019-11-17T15:22:58","date_gmt":"2019-11-17T15:22:58","guid":{"rendered":"http:\/\/noti-america.com\/site\/espana\/2019\/11\/17\/agricultura-la-comision-dara-ayudas-para-el-almacenamiento-privado-de-aceite-de-oliva\/"},"modified":"2019-11-17T19:23:09","modified_gmt":"2019-11-17T19:23:09","slug":"agricultura-la-comision-dara-ayudas-para-el-almacenamiento-privado-de-aceite-de-oliva","status":"publish","type":"post","link":"https:\/\/noti-america.com\/site\/espana\/2019\/11\/17\/agricultura-la-comision-dara-ayudas-para-el-almacenamiento-privado-de-aceite-de-oliva\/","title":{"rendered":"Agricultura: La Comisi\u00f3n dar\u00e1 ayudas para el almacenamiento privado de aceite de oliva"},"content":{"rendered":"<h3>Nota de Prensa<\/h3>\n<p style=\"text-align: justify;\">Tras el anuncio hecho el 14 de octubre por el comisario Phil <strong>Hogan<\/strong> a los ministros de Agricultura de los Estados miembros el, la Comisi\u00f3n Europea ha publicado hoy oficialmente <a href=\"https:\/\/eur-lex.europa.eu\/legal-content\/ES\/TXT\/PDF\/?uri=CELEX:32019R1882&amp;from=ES\">el Reglamento por el que se inician procedimientos de licitaci\u00f3n sobre el importe de la ayuda al almacenamiento privado de aceite de oliva<\/a>. El sector del aceite de oliva ha estado sometido a presi\u00f3n durante un tiempo con un aumento de la producci\u00f3n y una situaci\u00f3n de mercado dif\u00edcil, y la ayuda al almacenamiento privado debe suponer un apoyo significativo. El Comisario de Agricultura, Phil <strong>Hogan<\/strong>, ha declarado: \u00ab<em>En\u00a0los \u00faltimos meses, el mercado del aceite de oliva ha sufrido un grave desequilibrio, y hoy podemos decir, una vez m\u00e1s, que la Pol\u00edtica Agr\u00edcola Com\u00fan apoya a nuestros agricultores y productores. Gracias a nuestras medidas de mercado, la ayuda al almacenamiento privado puesta en marcha hoy contribuir\u00e1 a estabilizar el mercado y a evitar nuevos da\u00f1os al sector.\u00bb <\/em>El primer per\u00edodo de licitaci\u00f3n para el almacenamiento de aceite de oliva comenzar\u00e1 el 21 de noviembre. Los productores de los pa\u00edses afectados podr\u00e1n proponer una cantidad m\u00ednima de 50 toneladas para un per\u00edodo de almacenamiento de 180 d\u00edas. Puede consultarse toda la informaci\u00f3n <a href=\"https:\/\/ec.europa.eu\/info\/news\/european-commission-approves-private-storage-aid-olive-oil-sector-2019-nov-11_en\">en l\u00ednea<\/a>.<\/p>\n","protected":false},"excerpt":{"rendered":"<p>Nota de Prensa Tras el anuncio hecho el 14 de octubre por el comisario Phil Hogan a los ministros de Agricultura de los Estados miembros el, la Comisi\u00f3n Europea ha publicado hoy oficialmente el&#46;&#46;&#46;<\/p>\n","protected":false},"author":1,"featured_media":1694,"comment_status":"open","ping_status":"open","sticky":false,"template":"","format":"standard","meta":{"_acf_changed":false,"om_disable_all_campaigns":false,"rop_custom_images_group":[],"rop_custom_messages_group":[],"rop_publish_now":"initial","rop_publish_now_accounts":[],"rop_publish_now_history":[],"rop_publish_now_status":"pending","_uf_show_specific_survey":0,"_uf_disable_surveys":false,"footnotes":""},"categories":[137],"tags":[],"class_list":["post-1693","post","type-post","status-publish","format-standard","has-post-thumbnail","hentry","category-agricultura"],"acf":[],"aioseo_notices":[],"yoast_head":"<!-- This site is optimized with the Yoast SEO Premium plugin v24.9 (Yoast SEO v27.2) - https:\/\/yoast.com\/product\/yoast-seo-premium-wordpress\/ -->\n<title>Agricultura: La Comisi\u00f3n dar\u00e1 ayudas para el almacenamiento privado de aceite de oliva - Espa\u00f1a | Noti-America.com<\/title>\n<meta name=\"robots\" content=\"index, follow, max-snippet:-1, max-image-preview:large, max-video-preview:-1\" \/>\n<link rel=\"canonical\" href=\"https:\/\/noti-america.com\/site\/espana\/2019\/11\/17\/agricultura-la-comision-dara-ayudas-para-el-almacenamiento-privado-de-aceite-de-oliva\/\" \/>\n<meta property=\"og:locale\" content=\"es_ES\" \/>\n<meta property=\"og:type\" content=\"article\" \/>\n<meta property=\"og:title\" content=\"Agricultura: La Comisi\u00f3n dar\u00e1 ayudas para el almacenamiento privado de aceite de oliva\" \/>\n<meta property=\"og:description\" content=\"Nota de Prensa Tras el anuncio hecho el 14 de octubre por el comisario Phil Hogan a los ministros de Agricultura de los Estados miembros el, la Comisi\u00f3n Europea ha publicado hoy oficialmente el&#046;&#046;&#046;\" \/>\n<meta property=\"og:url\" content=\"https:\/\/noti-america.com\/site\/espana\/2019\/11\/17\/agricultura-la-comision-dara-ayudas-para-el-almacenamiento-privado-de-aceite-de-oliva\/\" \/>\n<meta property=\"og:site_name\" content=\"Espa\u00f1a | Noti-America.com\" \/>\n<meta property=\"article:published_time\" content=\"2019-11-17T15:22:58+00:00\" \/>\n<meta property=\"article:modified_time\" content=\"2019-11-17T19:23:09+00:00\" \/>\n<meta property=\"og:image\" content=\"https:\/\/noti-america.com\/site\/espana\/wp-content\/uploads\/sites\/25\/2019\/11\/aceite.jpg\" \/>\n\t<meta property=\"og:image:width\" content=\"992\" \/>\n\t<meta property=\"og:image:height\" content=\"558\" \/>\n\t<meta property=\"og:image:type\" content=\"image\/jpeg\" \/>\n<meta name=\"author\" content=\"Rosmer Herrera\" \/>\n<meta name=\"twitter:card\" content=\"summary_large_image\" \/>\n<meta name=\"twitter:creator\" content=\"@notiamerica\" \/>\n<meta name=\"twitter:site\" content=\"@notiamerica\" \/>\n<meta name=\"twitter:label1\" content=\"Escrito por\" \/>\n\t<meta name=\"twitter:data1\" content=\"Rosmer Herrera\" \/>\n\t<meta name=\"twitter:label2\" content=\"Tiempo estimado de lectura\" \/>\n\t<meta name=\"twitter:data2\" content=\"1 minuto\" \/>\n<script type=\"application\/ld+json\" class=\"yoast-schema-graph\">{\"@context\":\"https:\/\/schema.org\",\"@graph\":[{\"@type\":\"Article\",\"@id\":\"https:\/\/noti-america.com\/site\/espana\/2019\/11\/17\/agricultura-la-comision-dara-ayudas-para-el-almacenamiento-privado-de-aceite-de-oliva\/#article\",\"isPartOf\":{\"@id\":\"https:\/\/noti-america.com\/site\/espana\/2019\/11\/17\/agricultura-la-comision-dara-ayudas-para-el-almacenamiento-privado-de-aceite-de-oliva\/\"},\"author\":{\"name\":\"Rosmer Herrera\",\"@id\":\"https:\/\/noti-america.com\/site\/espana\/#\/schema\/person\/fd58dbfb92a257e9dc5761bf69a855ff\"},\"headline\":\"Agricultura: La Comisi\u00f3n dar\u00e1 ayudas para el almacenamiento privado de aceite de oliva\",\"datePublished\":\"2019-11-17T15:22:58+00:00\",\"dateModified\":\"2019-11-17T19:23:09+00:00\",\"mainEntityOfPage\":{\"@id\":\"https:\/\/noti-america.com\/site\/espana\/2019\/11\/17\/agricultura-la-comision-dara-ayudas-para-el-almacenamiento-privado-de-aceite-de-oliva\/\"},\"wordCount\":237,\"commentCount\":0,\"publisher\":{\"@id\":\"https:\/\/noti-america.com\/site\/espana\/#organization\"},\"image\":{\"@id\":\"https:\/\/noti-america.com\/site\/espana\/2019\/11\/17\/agricultura-la-comision-dara-ayudas-para-el-almacenamiento-privado-de-aceite-de-oliva\/#primaryimage\"},\"thumbnailUrl\":\"https:\/\/noti-america.com\/site\/espana\/wp-content\/uploads\/sites\/25\/2019\/11\/aceite.jpg\",\"articleSection\":[\"Agricultura\"],\"inLanguage\":\"es\",\"potentialAction\":[{\"@type\":\"CommentAction\",\"name\":\"Comment\",\"target\":[\"https:\/\/noti-america.com\/site\/espana\/2019\/11\/17\/agricultura-la-comision-dara-ayudas-para-el-almacenamiento-privado-de-aceite-de-oliva\/#respond\"]}]},{\"@type\":\"WebPage\",\"@id\":\"https:\/\/noti-america.com\/site\/espana\/2019\/11\/17\/agricultura-la-comision-dara-ayudas-para-el-almacenamiento-privado-de-aceite-de-oliva\/\",\"url\":\"https:\/\/noti-america.com\/site\/espana\/2019\/11\/17\/agricultura-la-comision-dara-ayudas-para-el-almacenamiento-privado-de-aceite-de-oliva\/\",\"name\":\"Agricultura: La Comisi\u00f3n dar\u00e1 ayudas para el almacenamiento privado de aceite de oliva - Espa\u00f1a | Noti-America.com\",\"isPartOf\":{\"@id\":\"https:\/\/noti-america.com\/site\/espana\/#website\"},\"primaryImageOfPage\":{\"@id\":\"https:\/\/noti-america.com\/site\/espana\/2019\/11\/17\/agricultura-la-comision-dara-ayudas-para-el-almacenamiento-privado-de-aceite-de-oliva\/#primaryimage\"},\"image\":{\"@id\":\"https:\/\/noti-america.com\/site\/espana\/2019\/11\/17\/agricultura-la-comision-dara-ayudas-para-el-almacenamiento-privado-de-aceite-de-oliva\/#primaryimage\"},\"thumbnailUrl\":\"https:\/\/noti-america.com\/site\/espana\/wp-content\/uploads\/sites\/25\/2019\/11\/aceite.jpg\",\"datePublished\":\"2019-11-17T15:22:58+00:00\",\"dateModified\":\"2019-11-17T19:23:09+00:00\",\"breadcrumb\":{\"@id\":\"https:\/\/noti-america.com\/site\/espana\/2019\/11\/17\/agricultura-la-comision-dara-ayudas-para-el-almacenamiento-privado-de-aceite-de-oliva\/#breadcrumb\"},\"inLanguage\":\"es\",\"potentialAction\":[{\"@type\":\"ReadAction\",\"target\":[\"https:\/\/noti-america.com\/site\/espana\/2019\/11\/17\/agricultura-la-comision-dara-ayudas-para-el-almacenamiento-privado-de-aceite-de-oliva\/\"]}]},{\"@type\":\"ImageObject\",\"inLanguage\":\"es\",\"@id\":\"https:\/\/noti-america.com\/site\/espana\/2019\/11\/17\/agricultura-la-comision-dara-ayudas-para-el-almacenamiento-privado-de-aceite-de-oliva\/#primaryimage\",\"url\":\"https:\/\/noti-america.com\/site\/espana\/wp-content\/uploads\/sites\/25\/2019\/11\/aceite.jpg\",\"contentUrl\":\"https:\/\/noti-america.com\/site\/espana\/wp-content\/uploads\/sites\/25\/2019\/11\/aceite.jpg\",\"width\":992,\"height\":558},{\"@type\":\"BreadcrumbList\",\"@id\":\"https:\/\/noti-america.com\/site\/espana\/2019\/11\/17\/agricultura-la-comision-dara-ayudas-para-el-almacenamiento-privado-de-aceite-de-oliva\/#breadcrumb\",\"itemListElement\":[{\"@type\":\"ListItem\",\"position\":1,\"name\":\"Portada\",\"item\":\"https:\/\/noti-america.com\/site\/espana\/\"},{\"@type\":\"ListItem\",\"position\":2,\"name\":\"Agricultura: La Comisi\u00f3n dar\u00e1 ayudas para el almacenamiento privado de aceite de oliva\"}]},{\"@type\":\"WebSite\",\"@id\":\"https:\/\/noti-america.com\/site\/espana\/#website\",\"url\":\"https:\/\/noti-america.com\/site\/espana\/\",\"name\":\"Espa\u00f1a | Noti-America.com\",\"description\":\"\",\"publisher\":{\"@id\":\"https:\/\/noti-america.com\/site\/espana\/#organization\"},\"potentialAction\":[{\"@type\":\"SearchAction\",\"target\":{\"@type\":\"EntryPoint\",\"urlTemplate\":\"https:\/\/noti-america.com\/site\/espana\/?s={search_term_string}\"},\"query-input\":{\"@type\":\"PropertyValueSpecification\",\"valueRequired\":true,\"valueName\":\"search_term_string\"}}],\"inLanguage\":\"es\"},{\"@type\":\"Organization\",\"@id\":\"https:\/\/noti-america.com\/site\/espana\/#organization\",\"name\":\"Noti-America LLC | Espa\u00f1a\",\"url\":\"https:\/\/noti-america.com\/site\/espana\/\",\"logo\":{\"@type\":\"ImageObject\",\"inLanguage\":\"es\",\"@id\":\"https:\/\/noti-america.com\/site\/espana\/#\/schema\/logo\/image\/\",\"url\":\"https:\/\/noti-america.com\/site\/espana\/wp-content\/uploads\/sites\/25\/2020\/07\/LogoNA-4x3-1.jpg\",\"contentUrl\":\"https:\/\/noti-america.com\/site\/espana\/wp-content\/uploads\/sites\/25\/2020\/07\/LogoNA-4x3-1.jpg\",\"width\":1236,\"height\":1080,\"caption\":\"Noti-America LLC | Espa\u00f1a\"},\"image\":{\"@id\":\"https:\/\/noti-america.com\/site\/espana\/#\/schema\/logo\/image\/\"},\"sameAs\":[\"https:\/\/x.com\/notiamerica\"]},{\"@type\":\"Person\",\"@id\":\"https:\/\/noti-america.com\/site\/espana\/#\/schema\/person\/fd58dbfb92a257e9dc5761bf69a855ff\",\"name\":\"Rosmer Herrera\",\"image\":{\"@type\":\"ImageObject\",\"inLanguage\":\"es\",\"@id\":\"https:\/\/secure.gravatar.com\/avatar\/153e75c261394dbf20ff1a1e70ea2be9494f2b40b7fc4e7704084db13220ae08?s=96&d=mm&r=g\",\"url\":\"https:\/\/secure.gravatar.com\/avatar\/153e75c261394dbf20ff1a1e70ea2be9494f2b40b7fc4e7704084db13220ae08?s=96&d=mm&r=g\",\"contentUrl\":\"https:\/\/secure.gravatar.com\/avatar\/153e75c261394dbf20ff1a1e70ea2be9494f2b40b7fc4e7704084db13220ae08?s=96&d=mm&r=g\",\"caption\":\"Rosmer Herrera\"},\"url\":\"https:\/\/noti-america.com\/site\/espana\/author\/rosmer33\/\"}]}<\/script>\n<!-- \/ Yoast SEO Premium plugin. -->","yoast_head_json":{"title":"Agricultura: La Comisi\u00f3n dar\u00e1 ayudas para el almacenamiento privado de aceite de oliva - Espa\u00f1a | Noti-America.com","robots":{"index":"index","follow":"follow","max-snippet":"max-snippet:-1","max-image-preview":"max-image-preview:large","max-video-preview":"max-video-preview:-1"},"canonical":"https:\/\/noti-america.com\/site\/espana\/2019\/11\/17\/agricultura-la-comision-dara-ayudas-para-el-almacenamiento-privado-de-aceite-de-oliva\/","og_locale":"es_ES","og_type":"article","og_title":"Agricultura: La Comisi\u00f3n dar\u00e1 ayudas para el almacenamiento privado de aceite de oliva","og_description":"Nota de Prensa Tras el anuncio hecho el 14 de octubre por el comisario Phil Hogan a los ministros de Agricultura de los Estados miembros el, la Comisi\u00f3n Europea ha publicado hoy oficialmente el&#46;&#46;&#46;","og_url":"https:\/\/noti-america.com\/site\/espana\/2019\/11\/17\/agricultura-la-comision-dara-ayudas-para-el-almacenamiento-privado-de-aceite-de-oliva\/","og_site_name":"Espa\u00f1a | Noti-America.com","article_published_time":"2019-11-17T15:22:58+00:00","article_modified_time":"2019-11-17T19:23:09+00:00","og_image":[{"width":992,"height":558,"url":"https:\/\/noti-america.com\/site\/espana\/wp-content\/uploads\/sites\/25\/2019\/11\/aceite.jpg","type":"image\/jpeg"}],"author":"Rosmer Herrera","twitter_card":"summary_large_image","twitter_creator":"@notiamerica","twitter_site":"@notiamerica","twitter_misc":{"Escrito por":"Rosmer Herrera","Tiempo estimado de lectura":"1 minuto"},"schema":{"@context":"https:\/\/schema.org","@graph":[{"@type":"Article","@id":"https:\/\/noti-america.com\/site\/espana\/2019\/11\/17\/agricultura-la-comision-dara-ayudas-para-el-almacenamiento-privado-de-aceite-de-oliva\/#article","isPartOf":{"@id":"https:\/\/noti-america.com\/site\/espana\/2019\/11\/17\/agricultura-la-comision-dara-ayudas-para-el-almacenamiento-privado-de-aceite-de-oliva\/"},"author":{"name":"Rosmer Herrera","@id":"https:\/\/noti-america.com\/site\/espana\/#\/schema\/person\/fd58dbfb92a257e9dc5761bf69a855ff"},"headline":"Agricultura: La Comisi\u00f3n dar\u00e1 ayudas para el almacenamiento privado de aceite de oliva","datePublished":"2019-11-17T15:22:58+00:00","dateModified":"2019-11-17T19:23:09+00:00","mainEntityOfPage":{"@id":"https:\/\/noti-america.com\/site\/espana\/2019\/11\/17\/agricultura-la-comision-dara-ayudas-para-el-almacenamiento-privado-de-aceite-de-oliva\/"},"wordCount":237,"commentCount":0,"publisher":{"@id":"https:\/\/noti-america.com\/site\/espana\/#organization"},"image":{"@id":"https:\/\/noti-america.com\/site\/espana\/2019\/11\/17\/agricultura-la-comision-dara-ayudas-para-el-almacenamiento-privado-de-aceite-de-oliva\/#primaryimage"},"thumbnailUrl":"https:\/\/noti-america.com\/site\/espana\/wp-content\/uploads\/sites\/25\/2019\/11\/aceite.jpg","articleSection":["Agricultura"],"inLanguage":"es","potentialAction":[{"@type":"CommentAction","name":"Comment","target":["https:\/\/noti-america.com\/site\/espana\/2019\/11\/17\/agricultura-la-comision-dara-ayudas-para-el-almacenamiento-privado-de-aceite-de-oliva\/#respond"]}]},{"@type":"WebPage","@id":"https:\/\/noti-america.com\/site\/espana\/2019\/11\/17\/agricultura-la-comision-dara-ayudas-para-el-almacenamiento-privado-de-aceite-de-oliva\/","url":"https:\/\/noti-america.com\/site\/espana\/2019\/11\/17\/agricultura-la-comision-dara-ayudas-para-el-almacenamiento-privado-de-aceite-de-oliva\/","name":"Agricultura: La Comisi\u00f3n dar\u00e1 ayudas para el almacenamiento privado de aceite de oliva - Espa\u00f1a | Noti-America.com","isPartOf":{"@id":"https:\/\/noti-america.com\/site\/espana\/#website"},"primaryImageOfPage":{"@id":"https:\/\/noti-america.com\/site\/espana\/2019\/11\/17\/agricultura-la-comision-dara-ayudas-para-el-almacenamiento-privado-de-aceite-de-oliva\/#primaryimage"},"image":{"@id":"https:\/\/noti-america.com\/site\/espana\/2019\/11\/17\/agricultura-la-comision-dara-ayudas-para-el-almacenamiento-privado-de-aceite-de-oliva\/#primaryimage"},"thumbnailUrl":"https:\/\/noti-america.com\/site\/espana\/wp-content\/uploads\/sites\/25\/2019\/11\/aceite.jpg","datePublished":"2019-11-17T15:22:58+00:00","dateModified":"2019-11-17T19:23:09+00:00","breadcrumb":{"@id":"https:\/\/noti-america.com\/site\/espana\/2019\/11\/17\/agricultura-la-comision-dara-ayudas-para-el-almacenamiento-privado-de-aceite-de-oliva\/#breadcrumb"},"inLanguage":"es","potentialAction":[{"@type":"ReadAction","target":["https:\/\/noti-america.com\/site\/espana\/2019\/11\/17\/agricultura-la-comision-dara-ayudas-para-el-almacenamiento-privado-de-aceite-de-oliva\/"]}]},{"@type":"ImageObject","inLanguage":"es","@id":"https:\/\/noti-america.com\/site\/espana\/2019\/11\/17\/agricultura-la-comision-dara-ayudas-para-el-almacenamiento-privado-de-aceite-de-oliva\/#primaryimage","url":"https:\/\/noti-america.com\/site\/espana\/wp-content\/uploads\/sites\/25\/2019\/11\/aceite.jpg","contentUrl":"https:\/\/noti-america.com\/site\/espana\/wp-content\/uploads\/sites\/25\/2019\/11\/aceite.jpg","width":992,"height":558},{"@type":"BreadcrumbList","@id":"https:\/\/noti-america.com\/site\/espana\/2019\/11\/17\/agricultura-la-comision-dara-ayudas-para-el-almacenamiento-privado-de-aceite-de-oliva\/#breadcrumb","itemListElement":[{"@type":"ListItem","position":1,"name":"Portada","item":"https:\/\/noti-america.com\/site\/espana\/"},{"@type":"ListItem","position":2,"name":"Agricultura: La Comisi\u00f3n dar\u00e1 ayudas para el almacenamiento privado de aceite de oliva"}]},{"@type":"WebSite","@id":"https:\/\/noti-america.com\/site\/espana\/#website","url":"https:\/\/noti-america.com\/site\/espana\/","name":"Espa\u00f1a | Noti-America.com","description":"","publisher":{"@id":"https:\/\/noti-america.com\/site\/espana\/#organization"},"potentialAction":[{"@type":"SearchAction","target":{"@type":"EntryPoint","urlTemplate":"https:\/\/noti-america.com\/site\/espana\/?s={search_term_string}"},"query-input":{"@type":"PropertyValueSpecification","valueRequired":true,"valueName":"search_term_string"}}],"inLanguage":"es"},{"@type":"Organization","@id":"https:\/\/noti-america.com\/site\/espana\/#organization","name":"Noti-America LLC | Espa\u00f1a","url":"https:\/\/noti-america.com\/site\/espana\/","logo":{"@type":"ImageObject","inLanguage":"es","@id":"https:\/\/noti-america.com\/site\/espana\/#\/schema\/logo\/image\/","url":"https:\/\/noti-america.com\/site\/espana\/wp-content\/uploads\/sites\/25\/2020\/07\/LogoNA-4x3-1.jpg","contentUrl":"https:\/\/noti-america.com\/site\/espana\/wp-content\/uploads\/sites\/25\/2020\/07\/LogoNA-4x3-1.jpg","width":1236,"height":1080,"caption":"Noti-America LLC | Espa\u00f1a"},"image":{"@id":"https:\/\/noti-america.com\/site\/espana\/#\/schema\/logo\/image\/"},"sameAs":["https:\/\/x.com\/notiamerica"]},{"@type":"Person","@id":"https:\/\/noti-america.com\/site\/espana\/#\/schema\/person\/fd58dbfb92a257e9dc5761bf69a855ff","name":"Rosmer Herrera","image":{"@type":"ImageObject","inLanguage":"es","@id":"https:\/\/secure.gravatar.com\/avatar\/153e75c261394dbf20ff1a1e70ea2be9494f2b40b7fc4e7704084db13220ae08?s=96&d=mm&r=g","url":"https:\/\/secure.gravatar.com\/avatar\/153e75c261394dbf20ff1a1e70ea2be9494f2b40b7fc4e7704084db13220ae08?s=96&d=mm&r=g","contentUrl":"https:\/\/secure.gravatar.com\/avatar\/153e75c261394dbf20ff1a1e70ea2be9494f2b40b7fc4e7704084db13220ae08?s=96&d=mm&r=g","caption":"Rosmer Herrera"},"url":"https:\/\/noti-america.com\/site\/espana\/author\/rosmer33\/"}]}},"_links":{"self":[{"href":"https:\/\/noti-america.com\/site\/espana\/wp-json\/wp\/v2\/posts\/1693","targetHints":{"allow":["GET"]}}],"collection":[{"href":"https:\/\/noti-america.com\/site\/espana\/wp-json\/wp\/v2\/posts"}],"about":[{"href":"https:\/\/noti-america.com\/site\/espana\/wp-json\/wp\/v2\/types\/post"}],"author":[{"embeddable":true,"href":"https:\/\/noti-america.com\/site\/espana\/wp-json\/wp\/v2\/users\/1"}],"replies":[{"embeddable":true,"href":"https:\/\/noti-america.com\/site\/espana\/wp-json\/wp\/v2\/comments?post=1693"}],"version-history":[{"count":1,"href":"https:\/\/noti-america.com\/site\/espana\/wp-json\/wp\/v2\/posts\/1693\/revisions"}],"predecessor-version":[{"id":1695,"href":"https:\/\/noti-america.com\/site\/espana\/wp-json\/wp\/v2\/posts\/1693\/revisions\/1695"}],"wp:featuredmedia":[{"embeddable":true,"href":"https:\/\/noti-america.com\/site\/espana\/wp-json\/wp\/v2\/media\/1694"}],"wp:attachment":[{"href":"https:\/\/noti-america.com\/site\/espana\/wp-json\/wp\/v2\/media?parent=1693"}],"wp:term":[{"taxonomy":"category","embeddable":true,"href":"https:\/\/noti-america.com\/site\/espana\/wp-json\/wp\/v2\/categories?post=1693"},{"taxonomy":"post_tag","embeddable":true,"href":"https:\/\/noti-america.com\/site\/espana\/wp-json\/wp\/v2\/tags?post=1693"}],"curies":[{"name":"wp","href":"https:\/\/api.w.org\/{rel}","templated":true}]}}